{"id":173081,"date":"2011-01-29T13:49:00","date_gmt":"2011-01-29T13:49:00","guid":{"rendered":"https:\/\/www.webdo.tn\/fr\/actualite\/blog\/les-mouvances-politique-de-lapres-ben-ali\/173081\/"},"modified":"2011-01-29T13:49:00","modified_gmt":"2011-01-29T13:49:00","slug":"les-mouvances-politique-de-lapres-ben-ali","status":"publish","type":"post","link":"https:\/\/www.webdo.tn\/fr\/actualite\/national\/les-mouvances-politique-de-lapres-ben-ali\/173081\/","title":{"rendered":"Les mouvances politiques de l\u2019apr\u00e8s Ben Ali"},"content":{"rendered":"<p>Les grandes tendances de la vie politique de l\u2019apr\u00e8s Ben Ali, disent certains politiciens, se concentrent autour de trois grandes familles, la mouvance travailliste, les destouriens et la mouvance islamique.<\/p>\n<p>La mouvance travailliste regroupant les divers partis dits de gauche ou proches du syndicat. Elle est la plus importante tendance. Si elle s\u2019organise d\u2019ici quelques mois, cette mouvance progressiste, proche des jeunes, des intellectuels et des opposants de longue date peut s\u2019imposer sur la sc\u00e8ne politique.<\/p>\n<p>Les destouriens et anciens RCDistes constituent la deuxi\u00e8me grande famille politique dans le pays. Deux sous-tendances forment cette famille, les anciens destouriens bourguibistes et les RCDistes. S\u2019ils se regroupent en un seul parti, ces deux tendances peuvent marquer la sc\u00e8ne politique malgr\u00e9 l\u2019image n\u00e9gative de cette mouvance aupr\u00e8s des jeunes et des citoyens.<\/p>\n<p>La troisi\u00e8me tendance est celle de la mouvance islamique. Malgr\u00e9 ses divisions internes, une tendance sort du lot, la gauche islamique. Elle est consid\u00e9r\u00e9e par certains, comme l\u2019avenir de la mouvance islamiste. Les anciennes t\u00eates, chass\u00e9es par le r\u00e9gime Ben Ali, n\u2019auront pas de place sur la sc\u00e8ne avec les m\u00eames id\u00e9ologies et id\u00e9es. D\u00e9j\u00e0, la machine a commenc\u00e9 \u00e0 tourner, on parle de rajeunissement au sein de cette sous-famille.<\/p>\n<p>USA, France et les autres<br \/>\nCette pr\u00e9sentation sommaire de la sc\u00e8ne politique tunisienne ne restera pas indiff\u00e9rente aux interf\u00e9rences de l\u2019USA, de la France et des autres pays \u00ab fr\u00e8res \u00bb et \u00ab amis \u00bb. Sur quelle mouvance vont miser les pays \u00ab amis \u00bb ? Les contacts des ambassadeurs \u00e9trangers en Tunisie avec les partis et les personnalit\u00e9s politiques tunisiennes diront long sur le sch\u00e9ma politique de l\u2019apr\u00e8s Ben Ali.<\/p>\n<p>\u00ab La Tunisie, comme pays libre \u00bb, n\u2019a pas de sens, au regard des puissances r\u00e9gionales et internationales. On assistera \u00e0 une querelle d\u2019int\u00e9r\u00eats. Les hommes politiques Tunisiens, ind\u00e9pendants ou non, seront \u00e0 leur insu les pions de la prochaine \u00e9tape. Si les USA et la France, de concert, misent sur une mouvance, le futur gouvernement de l\u2019apr\u00e8s Ben Ali sera \u00ab travailliste \u00bb, \u00ab gauche islamique \u00bb ou \u00ab destourien \u00bb. Elle ne sera pas autre chose que cela.<\/p>\n<p>Mais certains politiciens parlent d\u00e9j\u00e0 d\u2019autres chose, les strat\u00e8ges de l\u2019outre-mer pourraient vouloir exp\u00e9rimenter l\u2019islam mod\u00e9r\u00e9 dans un pays arabe comme la Tunisie, loin de leurs int\u00e9r\u00eats au Proche Orient et en Palestine. Beaucoup ne sont pas de cet avis. Certains tablent d\u00e9j\u00e0 sur la cr\u00e9ation d\u2019un parti travailliste fort dans le pays et d\u2019autres sur la r\u00e9g\u00e9n\u00e9ration du parti destourien. Le \u00ab Wait and See \u00bb ne sera pas de mise ou peut-\u00eatre qu\u2019il le sera. Wait and See.<\/p>\n","protected":false},"excerpt":{"rendered":"<p>Les mouvances politiques de l\u2019apr\u00e8s Ben Ali <\/p>\n","protected":false},"author":3222,"featured_media":365794,"comment_status":"open","ping_status":"closed","sticky":false,"template":"","format":"standard","meta":{"footnotes":""},"categories":[44],"tags":[],"class_list":["post-173081","post","type-post","status-publish","format-standard","has-post-thumbnail","hentry","category-national"],"yoast_head":"<!-- This site is optimized with the Yoast SEO Premium plugin v27.4 (Yoast SEO v27.4) - https:\/\/yoast.com\/product\/yoast-seo-premium-wordpress\/ -->\n<title>Les mouvances politiques de l\u2019apr\u00e8s Ben Ali<\/title>\n<meta name=\"description\" content=\"Les mouvances politiques de l\u2019apr\u00e8s Ben Ali\" \/>\n<link rel=\"canonical\" href=\"https:\/\/www.webdo.tn\/fr\/actualite\/national\/les-mouvances-politique-de-lapres-ben-ali\/173081\/\" \/>\n<meta property=\"og:locale\" content=\"fr_FR\" \/>\n<meta property=\"og:type\" content=\"article\" \/>\n<meta property=\"og:title\" content=\"Les mouvances politiques de l\u2019apr\u00e8s Ben Ali\" \/>\n<meta property=\"og:description\" content=\"Les mouvances politiques de l\u2019apr\u00e8s Ben Ali\" \/>\n<meta property=\"og:url\" content=\"https:\/\/www.webdo.tn\/fr\/actualite\/national\/les-mouvances-politique-de-lapres-ben-ali\/173081\/\" \/>\n<meta property=\"og:site_name\" content=\"webdo\" \/>\n<meta property=\"article:publisher\" content=\"https:\/\/www.facebook.com\/webdotn\" \/>\n<meta property=\"article:published_time\" content=\"2011-01-29T13:49:00+00:00\" \/>\n<meta property=\"og:image\" content=\"https:\/\/www.webdo.tn\/fr\/wp-content\/uploads\/2011\/01\/Flag-Tunisia.jpg\" \/>\n\t<meta property=\"og:image:width\" content=\"252\" \/>\n\t<meta property=\"og:image:height\" content=\"169\" \/>\n\t<meta property=\"og:image:type\" content=\"image\/jpeg\" \/>\n<meta name=\"author\" content=\"webdo.tn\" \/>\n<meta name=\"twitter:card\" content=\"summary_large_image\" \/>\n<meta name=\"twitter:creator\" content=\"@webdo_tn\" \/>\n<meta name=\"twitter:site\" content=\"@webdo_tn\" \/>\n<meta name=\"twitter:label1\" content=\"\u00c9crit par\" \/>\n\t<meta name=\"twitter:data1\" content=\"webdo.tn\" \/>\n\t<meta name=\"twitter:label2\" content=\"Dur\u00e9e de lecture estim\u00e9e\" \/>\n\t<meta name=\"twitter:data2\" content=\"2 minutes\" \/>\n<script type=\"application\/ld+json\" class=\"yoast-schema-graph\">{\"@context\":\"https:\\\/\\\/schema.org\",\"@graph\":[{\"@type\":\"NewsArticle\",\"@id\":\"https:\\\/\\\/www.webdo.tn\\\/fr\\\/actualite\\\/national\\\/les-mouvances-politique-de-lapres-ben-ali\\\/173081\\\/#article\",\"isPartOf\":{\"@id\":\"https:\\\/\\\/www.webdo.tn\\\/fr\\\/actualite\\\/national\\\/les-mouvances-politique-de-lapres-ben-ali\\\/173081\\\/\"},\"author\":{\"name\":\"webdo.tn\",\"@id\":\"https:\\\/\\\/www.webdo.tn\\\/fr\\\/#\\\/schema\\\/person\\\/9a9c6118d687c117df8ef3cc36a4d175\"},\"headline\":\"Les mouvances politiques de l\u2019apr\u00e8s Ben Ali\",\"datePublished\":\"2011-01-29T13:49:00+00:00\",\"mainEntityOfPage\":{\"@id\":\"https:\\\/\\\/www.webdo.tn\\\/fr\\\/actualite\\\/national\\\/les-mouvances-politique-de-lapres-ben-ali\\\/173081\\\/\"},\"wordCount\":480,\"commentCount\":0,\"publisher\":{\"@id\":\"https:\\\/\\\/www.webdo.tn\\\/fr\\\/#organization\"},\"image\":{\"@id\":\"https:\\\/\\\/www.webdo.tn\\\/fr\\\/actualite\\\/national\\\/les-mouvances-politique-de-lapres-ben-ali\\\/173081\\\/#primaryimage\"},\"thumbnailUrl\":\"https:\\\/\\\/www.webdo.tn\\\/fr\\\/wp-content\\\/uploads\\\/2011\\\/01\\\/Flag-Tunisia.jpg\",\"articleSection\":[\"National\"],\"inLanguage\":\"fr-FR\"},{\"@type\":\"WebPage\",\"@id\":\"https:\\\/\\\/www.webdo.tn\\\/fr\\\/actualite\\\/national\\\/les-mouvances-politique-de-lapres-ben-ali\\\/173081\\\/\",\"url\":\"https:\\\/\\\/www.webdo.tn\\\/fr\\\/actualite\\\/national\\\/les-mouvances-politique-de-lapres-ben-ali\\\/173081\\\/\",\"name\":\"Les mouvances politiques de l\u2019apr\u00e8s Ben Ali\",\"isPartOf\":{\"@id\":\"https:\\\/\\\/www.webdo.tn\\\/fr\\\/#website\"},\"primaryImageOfPage\":{\"@id\":\"https:\\\/\\\/www.webdo.tn\\\/fr\\\/actualite\\\/national\\\/les-mouvances-politique-de-lapres-ben-ali\\\/173081\\\/#primaryimage\"},\"image\":{\"@id\":\"https:\\\/\\\/www.webdo.tn\\\/fr\\\/actualite\\\/national\\\/les-mouvances-politique-de-lapres-ben-ali\\\/173081\\\/#primaryimage\"},\"thumbnailUrl\":\"https:\\\/\\\/www.webdo.tn\\\/fr\\\/wp-content\\\/uploads\\\/2011\\\/01\\\/Flag-Tunisia.jpg\",\"datePublished\":\"2011-01-29T13:49:00+00:00\",\"description\":\"Les mouvances politiques de l\u2019apr\u00e8s Ben Ali\",\"breadcrumb\":{\"@id\":\"https:\\\/\\\/www.webdo.tn\\\/fr\\\/actualite\\\/national\\\/les-mouvances-politique-de-lapres-ben-ali\\\/173081\\\/#breadcrumb\"},\"inLanguage\":\"fr-FR\",\"potentialAction\":[{\"@type\":\"ReadAction\",\"target\":[\"https:\\\/\\\/www.webdo.tn\\\/fr\\\/actualite\\\/national\\\/les-mouvances-politique-de-lapres-ben-ali\\\/173081\\\/\"]}]},{\"@type\":\"ImageObject\",\"inLanguage\":\"fr-FR\",\"@id\":\"https:\\\/\\\/www.webdo.tn\\\/fr\\\/actualite\\\/national\\\/les-mouvances-politique-de-lapres-ben-ali\\\/173081\\\/#primaryimage\",\"url\":\"https:\\\/\\\/www.webdo.tn\\\/fr\\\/wp-content\\\/uploads\\\/2011\\\/01\\\/Flag-Tunisia.jpg\",\"contentUrl\":\"https:\\\/\\\/www.webdo.tn\\\/fr\\\/wp-content\\\/uploads\\\/2011\\\/01\\\/Flag-Tunisia.jpg\",\"width\":252,\"height\":169,\"caption\":\"Les mouvances politiques de l\u2019apr\u00e8s Ben Ali\"},{\"@type\":\"BreadcrumbList\",\"@id\":\"https:\\\/\\\/www.webdo.tn\\\/fr\\\/actualite\\\/national\\\/les-mouvances-politique-de-lapres-ben-ali\\\/173081\\\/#breadcrumb\",\"itemListElement\":[{\"@type\":\"ListItem\",\"position\":1,\"name\":\"Accueil\",\"item\":\"https:\\\/\\\/www.webdo.tn\\\/fr\\\/\"},{\"@type\":\"ListItem\",\"position\":2,\"name\":\"Les mouvances politiques de l\u2019apr\u00e8s Ben Ali\"}]},{\"@type\":\"WebSite\",\"@id\":\"https:\\\/\\\/www.webdo.tn\\\/fr\\\/#website\",\"url\":\"https:\\\/\\\/www.webdo.tn\\\/fr\\\/\",\"name\":\"webdo\",\"description\":\"Tunisie - News en Tunisie et \u00e0 l&#039;international sur Webdo.tn\",\"publisher\":{\"@id\":\"https:\\\/\\\/www.webdo.tn\\\/fr\\\/#organization\"},\"potentialAction\":[{\"@type\":\"SearchAction\",\"target\":{\"@type\":\"EntryPoint\",\"urlTemplate\":\"https:\\\/\\\/www.webdo.tn\\\/fr\\\/?s={search_term_string}\"},\"query-input\":{\"@type\":\"PropertyValueSpecification\",\"valueRequired\":true,\"valueName\":\"search_term_string\"}}],\"inLanguage\":\"fr-FR\"},{\"@type\":\"Organization\",\"@id\":\"https:\\\/\\\/www.webdo.tn\\\/fr\\\/#organization\",\"name\":\"Webdo\",\"alternateName\":\"Webdo.tn\",\"url\":\"https:\\\/\\\/www.webdo.tn\\\/fr\\\/\",\"logo\":{\"@type\":\"ImageObject\",\"inLanguage\":\"fr-FR\",\"@id\":\"https:\\\/\\\/www.webdo.tn\\\/fr\\\/#\\\/schema\\\/logo\\\/image\\\/\",\"url\":\"https:\\\/\\\/www.webdo.tn\\\/fr\\\/wp-content\\\/uploads\\\/2025\\\/06\\\/Webdo-Tunisie_168377.jpg\",\"contentUrl\":\"https:\\\/\\\/www.webdo.tn\\\/fr\\\/wp-content\\\/uploads\\\/2025\\\/06\\\/Webdo-Tunisie_168377.jpg\",\"width\":301,\"height\":301,\"caption\":\"Webdo\"},\"image\":{\"@id\":\"https:\\\/\\\/www.webdo.tn\\\/fr\\\/#\\\/schema\\\/logo\\\/image\\\/\"},\"sameAs\":[\"https:\\\/\\\/www.facebook.com\\\/webdotn\",\"https:\\\/\\\/x.com\\\/webdo_tn\"],\"description\":\"Webdo est un m\u00e9dia num\u00e9rique tunisien fond\u00e9 en 2010, sp\u00e9cialis\u00e9 dans l\u2019actualit\u00e9 nationale et internationale, l\u2019\u00e9conomie, la soci\u00e9t\u00e9 et les analyses politiques. Le site s\u2019adresse \u00e0 un large public francophone et couvre l\u2019information tunisienne en temps r\u00e9el.\",\"email\":\"redac@webdo.tn\",\"legalName\":\"YNJ SARL\",\"foundingDate\":\"2010-09-06\",\"numberOfEmployees\":{\"@type\":\"QuantitativeValue\",\"minValue\":\"11\",\"maxValue\":\"50\"}},{\"@type\":\"Person\",\"@id\":\"https:\\\/\\\/www.webdo.tn\\\/fr\\\/#\\\/schema\\\/person\\\/9a9c6118d687c117df8ef3cc36a4d175\",\"name\":\"webdo.tn\",\"image\":{\"@type\":\"ImageObject\",\"inLanguage\":\"fr-FR\",\"@id\":\"https:\\\/\\\/secure.gravatar.com\\\/avatar\\\/7ce1f28c0c3bbac99ff550b85ef8e44a6950c6ee24514fb6a5489e51d06f0298?s=96&d=mm&r=g\",\"url\":\"https:\\\/\\\/secure.gravatar.com\\\/avatar\\\/7ce1f28c0c3bbac99ff550b85ef8e44a6950c6ee24514fb6a5489e51d06f0298?s=96&d=mm&r=g\",\"contentUrl\":\"https:\\\/\\\/secure.gravatar.com\\\/avatar\\\/7ce1f28c0c3bbac99ff550b85ef8e44a6950c6ee24514fb6a5489e51d06f0298?s=96&d=mm&r=g\",\"caption\":\"webdo.tn\"},\"url\":\"https:\\\/\\\/www.webdo.tn\\\/fr\\\/actualite\\\/author\\\/webdotn\\\/\"}]}<\/script>\n<!-- \/ Yoast SEO Premium plugin. -->","yoast_head_json":{"title":"Les mouvances politiques de l\u2019apr\u00e8s Ben Ali","description":"Les mouvances politiques de l\u2019apr\u00e8s Ben Ali","canonical":"https:\/\/www.webdo.tn\/fr\/actualite\/national\/les-mouvances-politique-de-lapres-ben-ali\/173081\/","og_locale":"fr_FR","og_type":"article","og_title":"Les mouvances politiques de l\u2019apr\u00e8s Ben Ali","og_description":"Les mouvances politiques de l\u2019apr\u00e8s Ben Ali","og_url":"https:\/\/www.webdo.tn\/fr\/actualite\/national\/les-mouvances-politique-de-lapres-ben-ali\/173081\/","og_site_name":"webdo","article_publisher":"https:\/\/www.facebook.com\/webdotn","article_published_time":"2011-01-29T13:49:00+00:00","og_image":[{"width":252,"height":169,"url":"https:\/\/www.webdo.tn\/fr\/wp-content\/uploads\/2011\/01\/Flag-Tunisia.jpg","type":"image\/jpeg"}],"author":"webdo.tn","twitter_card":"summary_large_image","twitter_creator":"@webdo_tn","twitter_site":"@webdo_tn","twitter_misc":{"\u00c9crit par":"webdo.tn","Dur\u00e9e de lecture estim\u00e9e":"2 minutes"},"schema":{"@context":"https:\/\/schema.org","@graph":[{"@type":"NewsArticle","@id":"https:\/\/www.webdo.tn\/fr\/actualite\/national\/les-mouvances-politique-de-lapres-ben-ali\/173081\/#article","isPartOf":{"@id":"https:\/\/www.webdo.tn\/fr\/actualite\/national\/les-mouvances-politique-de-lapres-ben-ali\/173081\/"},"author":{"name":"webdo.tn","@id":"https:\/\/www.webdo.tn\/fr\/#\/schema\/person\/9a9c6118d687c117df8ef3cc36a4d175"},"headline":"Les mouvances politiques de l\u2019apr\u00e8s Ben Ali","datePublished":"2011-01-29T13:49:00+00:00","mainEntityOfPage":{"@id":"https:\/\/www.webdo.tn\/fr\/actualite\/national\/les-mouvances-politique-de-lapres-ben-ali\/173081\/"},"wordCount":480,"commentCount":0,"publisher":{"@id":"https:\/\/www.webdo.tn\/fr\/#organization"},"image":{"@id":"https:\/\/www.webdo.tn\/fr\/actualite\/national\/les-mouvances-politique-de-lapres-ben-ali\/173081\/#primaryimage"},"thumbnailUrl":"https:\/\/www.webdo.tn\/fr\/wp-content\/uploads\/2011\/01\/Flag-Tunisia.jpg","articleSection":["National"],"inLanguage":"fr-FR"},{"@type":"WebPage","@id":"https:\/\/www.webdo.tn\/fr\/actualite\/national\/les-mouvances-politique-de-lapres-ben-ali\/173081\/","url":"https:\/\/www.webdo.tn\/fr\/actualite\/national\/les-mouvances-politique-de-lapres-ben-ali\/173081\/","name":"Les mouvances politiques de l\u2019apr\u00e8s Ben Ali","isPartOf":{"@id":"https:\/\/www.webdo.tn\/fr\/#website"},"primaryImageOfPage":{"@id":"https:\/\/www.webdo.tn\/fr\/actualite\/national\/les-mouvances-politique-de-lapres-ben-ali\/173081\/#primaryimage"},"image":{"@id":"https:\/\/www.webdo.tn\/fr\/actualite\/national\/les-mouvances-politique-de-lapres-ben-ali\/173081\/#primaryimage"},"thumbnailUrl":"https:\/\/www.webdo.tn\/fr\/wp-content\/uploads\/2011\/01\/Flag-Tunisia.jpg","datePublished":"2011-01-29T13:49:00+00:00","description":"Les mouvances politiques de l\u2019apr\u00e8s Ben Ali","breadcrumb":{"@id":"https:\/\/www.webdo.tn\/fr\/actualite\/national\/les-mouvances-politique-de-lapres-ben-ali\/173081\/#breadcrumb"},"inLanguage":"fr-FR","potentialAction":[{"@type":"ReadAction","target":["https:\/\/www.webdo.tn\/fr\/actualite\/national\/les-mouvances-politique-de-lapres-ben-ali\/173081\/"]}]},{"@type":"ImageObject","inLanguage":"fr-FR","@id":"https:\/\/www.webdo.tn\/fr\/actualite\/national\/les-mouvances-politique-de-lapres-ben-ali\/173081\/#primaryimage","url":"https:\/\/www.webdo.tn\/fr\/wp-content\/uploads\/2011\/01\/Flag-Tunisia.jpg","contentUrl":"https:\/\/www.webdo.tn\/fr\/wp-content\/uploads\/2011\/01\/Flag-Tunisia.jpg","width":252,"height":169,"caption":"Les mouvances politiques de l\u2019apr\u00e8s Ben Ali"},{"@type":"BreadcrumbList","@id":"https:\/\/www.webdo.tn\/fr\/actualite\/national\/les-mouvances-politique-de-lapres-ben-ali\/173081\/#breadcrumb","itemListElement":[{"@type":"ListItem","position":1,"name":"Accueil","item":"https:\/\/www.webdo.tn\/fr\/"},{"@type":"ListItem","position":2,"name":"Les mouvances politiques de l\u2019apr\u00e8s Ben Ali"}]},{"@type":"WebSite","@id":"https:\/\/www.webdo.tn\/fr\/#website","url":"https:\/\/www.webdo.tn\/fr\/","name":"webdo","description":"Tunisie - News en Tunisie et \u00e0 l&#039;international sur Webdo.tn","publisher":{"@id":"https:\/\/www.webdo.tn\/fr\/#organization"},"potentialAction":[{"@type":"SearchAction","target":{"@type":"EntryPoint","urlTemplate":"https:\/\/www.webdo.tn\/fr\/?s={search_term_string}"},"query-input":{"@type":"PropertyValueSpecification","valueRequired":true,"valueName":"search_term_string"}}],"inLanguage":"fr-FR"},{"@type":"Organization","@id":"https:\/\/www.webdo.tn\/fr\/#organization","name":"Webdo","alternateName":"Webdo.tn","url":"https:\/\/www.webdo.tn\/fr\/","logo":{"@type":"ImageObject","inLanguage":"fr-FR","@id":"https:\/\/www.webdo.tn\/fr\/#\/schema\/logo\/image\/","url":"https:\/\/www.webdo.tn\/fr\/wp-content\/uploads\/2025\/06\/Webdo-Tunisie_168377.jpg","contentUrl":"https:\/\/www.webdo.tn\/fr\/wp-content\/uploads\/2025\/06\/Webdo-Tunisie_168377.jpg","width":301,"height":301,"caption":"Webdo"},"image":{"@id":"https:\/\/www.webdo.tn\/fr\/#\/schema\/logo\/image\/"},"sameAs":["https:\/\/www.facebook.com\/webdotn","https:\/\/x.com\/webdo_tn"],"description":"Webdo est un m\u00e9dia num\u00e9rique tunisien fond\u00e9 en 2010, sp\u00e9cialis\u00e9 dans l\u2019actualit\u00e9 nationale et internationale, l\u2019\u00e9conomie, la soci\u00e9t\u00e9 et les analyses politiques. Le site s\u2019adresse \u00e0 un large public francophone et couvre l\u2019information tunisienne en temps r\u00e9el.","email":"redac@webdo.tn","legalName":"YNJ SARL","foundingDate":"2010-09-06","numberOfEmployees":{"@type":"QuantitativeValue","minValue":"11","maxValue":"50"}},{"@type":"Person","@id":"https:\/\/www.webdo.tn\/fr\/#\/schema\/person\/9a9c6118d687c117df8ef3cc36a4d175","name":"webdo.tn","image":{"@type":"ImageObject","inLanguage":"fr-FR","@id":"https:\/\/secure.gravatar.com\/avatar\/7ce1f28c0c3bbac99ff550b85ef8e44a6950c6ee24514fb6a5489e51d06f0298?s=96&d=mm&r=g","url":"https:\/\/secure.gravatar.com\/avatar\/7ce1f28c0c3bbac99ff550b85ef8e44a6950c6ee24514fb6a5489e51d06f0298?s=96&d=mm&r=g","contentUrl":"https:\/\/secure.gravatar.com\/avatar\/7ce1f28c0c3bbac99ff550b85ef8e44a6950c6ee24514fb6a5489e51d06f0298?s=96&d=mm&r=g","caption":"webdo.tn"},"url":"https:\/\/www.webdo.tn\/fr\/actualite\/author\/webdotn\/"}]}},"_links":{"self":[{"href":"https:\/\/www.webdo.tn\/fr\/wp-json\/wp\/v2\/posts\/173081","targetHints":{"allow":["GET"]}}],"collection":[{"href":"https:\/\/www.webdo.tn\/fr\/wp-json\/wp\/v2\/posts"}],"about":[{"href":"https:\/\/www.webdo.tn\/fr\/wp-json\/wp\/v2\/types\/post"}],"author":[{"embeddable":true,"href":"https:\/\/www.webdo.tn\/fr\/wp-json\/wp\/v2\/users\/3222"}],"replies":[{"embeddable":true,"href":"https:\/\/www.webdo.tn\/fr\/wp-json\/wp\/v2\/comments?post=173081"}],"version-history":[{"count":0,"href":"https:\/\/www.webdo.tn\/fr\/wp-json\/wp\/v2\/posts\/173081\/revisions"}],"wp:featuredmedia":[{"embeddable":true,"href":"https:\/\/www.webdo.tn\/fr\/wp-json\/wp\/v2\/media\/365794"}],"wp:attachment":[{"href":"https:\/\/www.webdo.tn\/fr\/wp-json\/wp\/v2\/media?parent=173081"}],"wp:term":[{"taxonomy":"category","embeddable":true,"href":"https:\/\/www.webdo.tn\/fr\/wp-json\/wp\/v2\/categories?post=173081"},{"taxonomy":"post_tag","embeddable":true,"href":"https:\/\/www.webdo.tn\/fr\/wp-json\/wp\/v2\/tags?post=173081"}],"curies":[{"name":"wp","href":"https:\/\/api.w.org\/{rel}","templated":true}]}}