{"id":173080,"date":"2011-01-30T11:27:00","date_gmt":"2011-01-30T11:27:00","guid":{"rendered":"https:\/\/www.webdo.tn\/fr\/actualite\/blog\/souvenirs-tunisiens-dun-journaliste-algerien\/173080\/"},"modified":"2011-01-30T11:27:00","modified_gmt":"2011-01-30T11:27:00","slug":"souvenirs-tunisiens-dun-journaliste-algerien","status":"publish","type":"post","link":"https:\/\/www.webdo.tn\/fr\/actualite\/national\/souvenirs-tunisiens-dun-journaliste-algerien\/173080\/","title":{"rendered":"Souvenirs tunisiens d\u2019un journaliste alg\u00e9rien"},"content":{"rendered":"<p>Jeudi 26 janvier 1978. Gr\u00e8ve g\u00e9n\u00e9rale d\u00e9cid\u00e9e par l&rsquo;Union g\u00e9n\u00e9rale des travailleurs tunisiens (UGTT). Megrine et les autres banlieues populaires de Tunis s&#8217;embrasent. L&rsquo;arm\u00e9e tire sur la foule \u00e0 l&rsquo;arme lourde. Le bilan est terrible. Plus de deux cent morts. Le double, affirment les militants de la Ligue des droits de l&rsquo;homme tunisienne. <\/p>\n<p>C&rsquo;est le \u00ab Jeudi noir \u00bb, jour fatal et t\u00e2che honteuse sur la pr\u00e9sidence de Bourguiba. \u00c9tat d&rsquo;urgence et couvre-feu. Des milliers d&rsquo;arrestations, la torture, les nervis du parti unique (\u00e0 l&rsquo;\u00e9poque le PSD, ex-N\u00e9o Destour, futur RCD) qui jouent les gros bras. La gauche est lamin\u00e9e, le syndicat aussi. Boulevard ouvert pour les islamistes. <\/p>\n<p>L&rsquo;image de la Tunisie en prend un coup mais le pr\u00e9sident gagne un r\u00e9pit de neuf ans. Megrine Echouhada ! <\/p>\n<p>Et\u00e9 1978. Route de Tabarka, quelques kilom\u00e8tres apr\u00e8s la fronti\u00e8re alg\u00e9rienne. \u00c7a y est, nous sommes en Tunisie. Dans quelques heures, Tunis puis un petit village, quelque part dans le Cap Bon, pas loin de Nabeul et de sa tchektchouka piment\u00e9e. Sur les ondes de la radio tunisienne, une chansonnette tourne en boucle. Ch\u0153urs d&rsquo;enfants et voix f\u00e9minines. \u00ab Bon anniversaire, monsieur le pr\u00e9sident ! \u00bb. Ce soir, Habib Bourguiba, pr\u00e9sident \u00e0 vie depuis trois ans va souffler des dizaines de bougies. La ritournelle nous amuse. Nous rions. Ah, ces cousins tunisiens et leur culte de la personnalit\u00e9. Ce n&rsquo;est pas chez nous que cela va arriver, hein ? <\/p>\n<p>Et\u00e9 1981. Le Cap Bon, toujours.. L&rsquo;heure du d\u00eener. A la t\u00e9l\u00e9vision, c&rsquo;est le moment de la parole du pr\u00e9sident. Chaque jour, un extrait d&rsquo;un ancien discours est diffus\u00e9. \u00ab Oukhti ! Oukhti ! \u00bb sanglote l&rsquo;Illustre Combattant, poing crisp\u00e9 et m\u00e2choires serr\u00e9es. Sa s\u0153ur C&rsquo;est pour elle qu&rsquo;il aurait pens\u00e9 et voulu le Code du Statut Personnel (CSP). C&rsquo;est pour elle, faut-il comprendre, que la polygamie est interdite sur la base d&rsquo;un verset coranique. Mais cette ex\u00e9g\u00e8se volontariste n&rsquo;a rien pu faire contre les lois sur l&rsquo;h\u00e9ritage. La Tunisienne est comme ses s\u0153urs arabes, elle n&rsquo;a droit qu&rsquo;\u00e0 une demi-part. Des limites de l&rsquo;ijtihad <\/p>\n<p>Janvier 1988. L&rsquo;\u00e8re du changement a commenc\u00e9 depuis peu. Un air de printemps flotte sur la Tunisie. On parle de nouvelles libert\u00e9s, de fin du culte de la personnalit\u00e9. Enthousiasme malgr\u00e9 les portraits de Zine qui commencent \u00e0 fleurir un peu partout. Paroles pr\u00e9monitoires d&rsquo;un parent : \u00ab Attention, rien n&rsquo;est jou\u00e9. Il y a un journaliste qui a \u00e9crit que les Tunisiens jugeront Ben Ali sur ses actes. Avant m\u00eame la publication de son article, la police est venue l&#8217;embarquer. C&rsquo;est un signal inqui\u00e9tant \u00bb. Tr\u00e8s inqui\u00e9tant. <\/p>\n<p>D\u00e9but mars 1991. Un ciel de cendre \u00e9crase Tunis. La police est partout. Contr\u00f4les et barrages \u00e0 tous les carrefours. La chasse aux islamistes a commenc\u00e9 depuis plusieurs jours apr\u00e8s l&rsquo;attaque d&rsquo;un local du RCD. Le gardien a \u00e9t\u00e9 br\u00fbl\u00e9 vif par ses assaillants. \u00c9trange \u00e9cho avec ce qui se passera pr\u00e8s de vingt plus tard \u00e0 Sidi Bouzid. Les militants d&rsquo;Ennahda sont traqu\u00e9s, d\u00e9nonc\u00e9s, arr\u00eat\u00e9s. Tortures, emprisonnements abusifs, condamnations \u00e0 mort. L&rsquo;Occident d\u00e9tourne la t\u00eate. Pendant ce temps-l\u00e0, en Alg\u00e9rie, on pense \u00e0 autre chose. On sent la temp\u00eate venir. L&#8217;embrasement n&rsquo;y est plus qu&rsquo;une question de temps. <\/p>\n<p>Et\u00e9 1997. Zarzis la fi\u00e8re. Dans une gargote, un serveur se penche. Il y a eu des choses horribles dans votre pays, murmure-t-il en tremblant. Des massacres, des gens \u00e9gorg\u00e9s. Mais comment pouvez-vous vous entretuer ainsi ? Comment les Alg\u00e9riens, si fiers, peuvent-ils accepter \u00e7a ? Il ne comprend pas. Tous ces morts de l&rsquo;autre c\u00f4t\u00e9 de la fronti\u00e8re le r\u00e9vulsent. Il dit ensuite que la d\u00e9mocratie n&rsquo;a pas \u00e0 \u00eatre si cela doit aboutir \u00e0 ce genre de folies. Il dit qu&rsquo;il pr\u00e9f\u00e8re Ben Ali, sa police et les m\u00e9faits de ses gendres et cousins. Et les Alg\u00e9riens qui l&rsquo;\u00e9coutent, se taisent, honteux, comme p\u00e9trifi\u00e9s par la nouvelle. <\/p>\n<p>Automne 1999. Reportage sur l&rsquo;\u00e9conomie. Belle excuse pour avoir plus ou moins la paix m\u00eame si les ombres des anges gardiens sont omnipr\u00e9sentes. Rencontre inopin\u00e9e avec un candidat \u00e0 la pr\u00e9sidentielle, futur \u00ab z\u00e9ro-virgule \u00bb. Interview irr\u00e9elle. Question : quel est votre programme ? R\u00e9ponse : Mon programme, en tant que membre de l&rsquo;opposition l\u00e9gale, est de faire \u00e9lire le pr\u00e9sident Ben Ali. Ahurissement. Question pos\u00e9e de nouveau. R\u00e9ponse identique avec compl\u00e9ment : Vous comprenez, nous sommes des aiguillons raisonnables. Nous ouvrons de nouvelles perspectives pour le pr\u00e9sident. Fou rire du journaliste et de la photographe qui l&rsquo;accompagne. Vex\u00e9, l&rsquo;opposant raisonnable met fin \u00e0 l&rsquo;entretien. Dans la rue, deux brutes en civil tentent en vain de confisquer pellicule et carnet de note. <\/p>\n<p>Printemps 2005. Conf\u00e9rence \u00e0 Gammarth. Ennui. Propos ronflants sur la r\u00e9ussite \u00e9conomique. En coulisse, petites confidences. \u00c7a va mal, assure un patron espagnol. Trop de corruption. La belle-famille est pire que la famille. Ils sont partout. De vrais vampires. Un autre patron chuchote : il para\u00eet qu&rsquo;elle veut lui succ\u00e9der. Elle fait la pluie et le beau temps. Un ami, homme d&rsquo;affaires originaires de Sfax veut bien parler en off. Il faut trouver un endroit sans oreilles indiscr\u00e8tes. Va pour la plage. Avant de raconter les turpitudes de la \u00ab familiya \u00bb, il a une derni\u00e8re exigence. Il faut couper le t\u00e9l\u00e9phone portable et le laisser dans la voiture. Il en est persuad\u00e9 : \u00ab ils \u00bb ont la technologie pour \u00e9couter les conversations m\u00eame si le portable est \u00e9teint <\/p>\n<p>Septembre 2008. Lu dans le quotidien La Presse, rubrique Vie des partis. Conf\u00e9rence du Secr\u00e9taire g\u00e9n\u00e9ral du Parti de l&rsquo;Unit\u00e9 populaire (PUP) Mohamed Bouchiha. Extrait : \u00ab durant cette rencontre, il (le Bouchiha en question) s&rsquo;est f\u00e9licit\u00e9 des r\u00e9alisations accomplies en Tunisie au cours des deux derni\u00e8res d\u00e9cennies et qui ont permis de consolider les fondements de la d\u00e9mocratie et du pluralisme \u00e0 la faveur de l&rsquo;approche r\u00e9formatrice du pr\u00e9sident Zine el Abidine Ben Ali. \u00bb De son c\u00f4t\u00e9, Mondher Thabet, Secr\u00e9taire g\u00e9n\u00e9ral du Parti social lib\u00e9ral (PSL), a \u00ab pass\u00e9 en revue les nombreux acquis accomplis en Tunisie dans les domaines de l&rsquo;\u00e9ducation et de l&rsquo;enseignement. Ces acquis ont \u00e9t\u00e9 consolid\u00e9s depuis le changement du 7 novembre, op\u00e9rant une mutation quantitative et qualitative sur le secteur qui a valu au pays une consid\u00e9ration internationale \u00bb. Comme tout cela para\u00eet irr\u00e9el aujourd&rsquo;hui. Mais qui peut-\u00eatre s\u00fbr que ces souvenirs appartiennent \u00e0 une r\u00e9alit\u00e9 d\u00e9finitivement r\u00e9volue ? <\/p>\n<p>Extrait de \u00ab\u00a0Souvenirs tunisiens d\u2019un journaliste alg\u00e9rien\u00a0\u00bb\u00a0de l&rsquo;\u00e9crivain\u00a0et\u00a0journaliste alg\u00e9rien Akram Belka\u00efd<\/p>\n","protected":false},"excerpt":{"rendered":"<p>Souvenirs tunisiens d\u2019un journaliste alg\u00e9rien<\/p>\n","protected":false},"author":3222,"featured_media":365796,"comment_status":"open","ping_status":"closed","sticky":false,"template":"","format":"standard","meta":{"footnotes":""},"categories":[44],"tags":[],"class_list":["post-173080","post","type-post","status-publish","format-standard","has-post-thumbnail","hentry","category-national"],"yoast_head":"<!-- This site is optimized with the Yoast SEO Premium plugin v27.4 (Yoast SEO v27.4) - https:\/\/yoast.com\/product\/yoast-seo-premium-wordpress\/ -->\n<title>Souvenirs tunisiens d\u2019un journaliste alg\u00e9rien<\/title>\n<meta name=\"description\" content=\"Souvenirs tunisiens d\u2019un journaliste alg\u00e9rien\" \/>\n<link rel=\"canonical\" href=\"https:\/\/www.webdo.tn\/fr\/actualite\/national\/souvenirs-tunisiens-dun-journaliste-algerien\/173080\/\" \/>\n<meta property=\"og:locale\" content=\"fr_FR\" \/>\n<meta property=\"og:type\" content=\"article\" \/>\n<meta property=\"og:title\" content=\"Souvenirs tunisiens d\u2019un journaliste alg\u00e9rien\" \/>\n<meta property=\"og:description\" content=\"Souvenirs tunisiens d\u2019un journaliste alg\u00e9rien\" \/>\n<meta property=\"og:url\" content=\"https:\/\/www.webdo.tn\/fr\/actualite\/national\/souvenirs-tunisiens-dun-journaliste-algerien\/173080\/\" \/>\n<meta property=\"og:site_name\" content=\"webdo\" \/>\n<meta property=\"article:publisher\" content=\"https:\/\/www.facebook.com\/webdotn\" \/>\n<meta property=\"article:published_time\" content=\"2011-01-30T11:27:00+00:00\" \/>\n<meta property=\"og:image\" content=\"https:\/\/www.webdo.tn\/fr\/wp-content\/uploads\/2011\/01\/Tunisie-av-Bourguiba.jpg\" \/>\n\t<meta property=\"og:image:width\" content=\"270\" \/>\n\t<meta property=\"og:image:height\" content=\"232\" \/>\n\t<meta property=\"og:image:type\" content=\"image\/jpeg\" \/>\n<meta name=\"author\" content=\"webdo.tn\" \/>\n<meta name=\"twitter:card\" content=\"summary_large_image\" \/>\n<meta name=\"twitter:creator\" content=\"@webdo_tn\" \/>\n<meta name=\"twitter:site\" content=\"@webdo_tn\" \/>\n<meta name=\"twitter:label1\" content=\"\u00c9crit par\" \/>\n\t<meta name=\"twitter:data1\" content=\"webdo.tn\" \/>\n\t<meta name=\"twitter:label2\" content=\"Dur\u00e9e de lecture estim\u00e9e\" \/>\n\t<meta name=\"twitter:data2\" content=\"6 minutes\" \/>\n<script type=\"application\/ld+json\" class=\"yoast-schema-graph\">{\"@context\":\"https:\\\/\\\/schema.org\",\"@graph\":[{\"@type\":\"NewsArticle\",\"@id\":\"https:\\\/\\\/www.webdo.tn\\\/fr\\\/actualite\\\/national\\\/souvenirs-tunisiens-dun-journaliste-algerien\\\/173080\\\/#article\",\"isPartOf\":{\"@id\":\"https:\\\/\\\/www.webdo.tn\\\/fr\\\/actualite\\\/national\\\/souvenirs-tunisiens-dun-journaliste-algerien\\\/173080\\\/\"},\"author\":{\"name\":\"webdo.tn\",\"@id\":\"https:\\\/\\\/www.webdo.tn\\\/fr\\\/#\\\/schema\\\/person\\\/9a9c6118d687c117df8ef3cc36a4d175\"},\"headline\":\"Souvenirs tunisiens d\u2019un journaliste alg\u00e9rien\",\"datePublished\":\"2011-01-30T11:27:00+00:00\",\"mainEntityOfPage\":{\"@id\":\"https:\\\/\\\/www.webdo.tn\\\/fr\\\/actualite\\\/national\\\/souvenirs-tunisiens-dun-journaliste-algerien\\\/173080\\\/\"},\"wordCount\":1180,\"commentCount\":0,\"publisher\":{\"@id\":\"https:\\\/\\\/www.webdo.tn\\\/fr\\\/#organization\"},\"image\":{\"@id\":\"https:\\\/\\\/www.webdo.tn\\\/fr\\\/actualite\\\/national\\\/souvenirs-tunisiens-dun-journaliste-algerien\\\/173080\\\/#primaryimage\"},\"thumbnailUrl\":\"https:\\\/\\\/www.webdo.tn\\\/fr\\\/wp-content\\\/uploads\\\/2011\\\/01\\\/Tunisie-av-Bourguiba.jpg\",\"articleSection\":[\"National\"],\"inLanguage\":\"fr-FR\"},{\"@type\":\"WebPage\",\"@id\":\"https:\\\/\\\/www.webdo.tn\\\/fr\\\/actualite\\\/national\\\/souvenirs-tunisiens-dun-journaliste-algerien\\\/173080\\\/\",\"url\":\"https:\\\/\\\/www.webdo.tn\\\/fr\\\/actualite\\\/national\\\/souvenirs-tunisiens-dun-journaliste-algerien\\\/173080\\\/\",\"name\":\"Souvenirs tunisiens d\u2019un journaliste alg\u00e9rien\",\"isPartOf\":{\"@id\":\"https:\\\/\\\/www.webdo.tn\\\/fr\\\/#website\"},\"primaryImageOfPage\":{\"@id\":\"https:\\\/\\\/www.webdo.tn\\\/fr\\\/actualite\\\/national\\\/souvenirs-tunisiens-dun-journaliste-algerien\\\/173080\\\/#primaryimage\"},\"image\":{\"@id\":\"https:\\\/\\\/www.webdo.tn\\\/fr\\\/actualite\\\/national\\\/souvenirs-tunisiens-dun-journaliste-algerien\\\/173080\\\/#primaryimage\"},\"thumbnailUrl\":\"https:\\\/\\\/www.webdo.tn\\\/fr\\\/wp-content\\\/uploads\\\/2011\\\/01\\\/Tunisie-av-Bourguiba.jpg\",\"datePublished\":\"2011-01-30T11:27:00+00:00\",\"description\":\"Souvenirs tunisiens d\u2019un journaliste alg\u00e9rien\",\"breadcrumb\":{\"@id\":\"https:\\\/\\\/www.webdo.tn\\\/fr\\\/actualite\\\/national\\\/souvenirs-tunisiens-dun-journaliste-algerien\\\/173080\\\/#breadcrumb\"},\"inLanguage\":\"fr-FR\",\"potentialAction\":[{\"@type\":\"ReadAction\",\"target\":[\"https:\\\/\\\/www.webdo.tn\\\/fr\\\/actualite\\\/national\\\/souvenirs-tunisiens-dun-journaliste-algerien\\\/173080\\\/\"]}]},{\"@type\":\"ImageObject\",\"inLanguage\":\"fr-FR\",\"@id\":\"https:\\\/\\\/www.webdo.tn\\\/fr\\\/actualite\\\/national\\\/souvenirs-tunisiens-dun-journaliste-algerien\\\/173080\\\/#primaryimage\",\"url\":\"https:\\\/\\\/www.webdo.tn\\\/fr\\\/wp-content\\\/uploads\\\/2011\\\/01\\\/Tunisie-av-Bourguiba.jpg\",\"contentUrl\":\"https:\\\/\\\/www.webdo.tn\\\/fr\\\/wp-content\\\/uploads\\\/2011\\\/01\\\/Tunisie-av-Bourguiba.jpg\",\"width\":270,\"height\":232,\"caption\":\"Souvenirs tunisiens d\u2019un journaliste alg\u00e9rien\"},{\"@type\":\"BreadcrumbList\",\"@id\":\"https:\\\/\\\/www.webdo.tn\\\/fr\\\/actualite\\\/national\\\/souvenirs-tunisiens-dun-journaliste-algerien\\\/173080\\\/#breadcrumb\",\"itemListElement\":[{\"@type\":\"ListItem\",\"position\":1,\"name\":\"Accueil\",\"item\":\"https:\\\/\\\/www.webdo.tn\\\/fr\\\/\"},{\"@type\":\"ListItem\",\"position\":2,\"name\":\"Souvenirs tunisiens d\u2019un journaliste alg\u00e9rien\"}]},{\"@type\":\"WebSite\",\"@id\":\"https:\\\/\\\/www.webdo.tn\\\/fr\\\/#website\",\"url\":\"https:\\\/\\\/www.webdo.tn\\\/fr\\\/\",\"name\":\"webdo\",\"description\":\"Tunisie - News en Tunisie et \u00e0 l&#039;international sur Webdo.tn\",\"publisher\":{\"@id\":\"https:\\\/\\\/www.webdo.tn\\\/fr\\\/#organization\"},\"potentialAction\":[{\"@type\":\"SearchAction\",\"target\":{\"@type\":\"EntryPoint\",\"urlTemplate\":\"https:\\\/\\\/www.webdo.tn\\\/fr\\\/?s={search_term_string}\"},\"query-input\":{\"@type\":\"PropertyValueSpecification\",\"valueRequired\":true,\"valueName\":\"search_term_string\"}}],\"inLanguage\":\"fr-FR\"},{\"@type\":\"Organization\",\"@id\":\"https:\\\/\\\/www.webdo.tn\\\/fr\\\/#organization\",\"name\":\"Webdo\",\"alternateName\":\"Webdo.tn\",\"url\":\"https:\\\/\\\/www.webdo.tn\\\/fr\\\/\",\"logo\":{\"@type\":\"ImageObject\",\"inLanguage\":\"fr-FR\",\"@id\":\"https:\\\/\\\/www.webdo.tn\\\/fr\\\/#\\\/schema\\\/logo\\\/image\\\/\",\"url\":\"https:\\\/\\\/www.webdo.tn\\\/fr\\\/wp-content\\\/uploads\\\/2025\\\/06\\\/Webdo-Tunisie_168377.jpg\",\"contentUrl\":\"https:\\\/\\\/www.webdo.tn\\\/fr\\\/wp-content\\\/uploads\\\/2025\\\/06\\\/Webdo-Tunisie_168377.jpg\",\"width\":301,\"height\":301,\"caption\":\"Webdo\"},\"image\":{\"@id\":\"https:\\\/\\\/www.webdo.tn\\\/fr\\\/#\\\/schema\\\/logo\\\/image\\\/\"},\"sameAs\":[\"https:\\\/\\\/www.facebook.com\\\/webdotn\",\"https:\\\/\\\/x.com\\\/webdo_tn\"],\"description\":\"Webdo est un m\u00e9dia num\u00e9rique tunisien fond\u00e9 en 2010, sp\u00e9cialis\u00e9 dans l\u2019actualit\u00e9 nationale et internationale, l\u2019\u00e9conomie, la soci\u00e9t\u00e9 et les analyses politiques. Le site s\u2019adresse \u00e0 un large public francophone et couvre l\u2019information tunisienne en temps r\u00e9el.\",\"email\":\"redac@webdo.tn\",\"legalName\":\"YNJ SARL\",\"foundingDate\":\"2010-09-06\",\"numberOfEmployees\":{\"@type\":\"QuantitativeValue\",\"minValue\":\"11\",\"maxValue\":\"50\"}},{\"@type\":\"Person\",\"@id\":\"https:\\\/\\\/www.webdo.tn\\\/fr\\\/#\\\/schema\\\/person\\\/9a9c6118d687c117df8ef3cc36a4d175\",\"name\":\"webdo.tn\",\"image\":{\"@type\":\"ImageObject\",\"inLanguage\":\"fr-FR\",\"@id\":\"https:\\\/\\\/secure.gravatar.com\\\/avatar\\\/7ce1f28c0c3bbac99ff550b85ef8e44a6950c6ee24514fb6a5489e51d06f0298?s=96&d=mm&r=g\",\"url\":\"https:\\\/\\\/secure.gravatar.com\\\/avatar\\\/7ce1f28c0c3bbac99ff550b85ef8e44a6950c6ee24514fb6a5489e51d06f0298?s=96&d=mm&r=g\",\"contentUrl\":\"https:\\\/\\\/secure.gravatar.com\\\/avatar\\\/7ce1f28c0c3bbac99ff550b85ef8e44a6950c6ee24514fb6a5489e51d06f0298?s=96&d=mm&r=g\",\"caption\":\"webdo.tn\"},\"url\":\"https:\\\/\\\/www.webdo.tn\\\/fr\\\/actualite\\\/author\\\/webdotn\\\/\"}]}<\/script>\n<!-- \/ Yoast SEO Premium plugin. -->","yoast_head_json":{"title":"Souvenirs tunisiens d\u2019un journaliste alg\u00e9rien","description":"Souvenirs tunisiens d\u2019un journaliste alg\u00e9rien","canonical":"https:\/\/www.webdo.tn\/fr\/actualite\/national\/souvenirs-tunisiens-dun-journaliste-algerien\/173080\/","og_locale":"fr_FR","og_type":"article","og_title":"Souvenirs tunisiens d\u2019un journaliste alg\u00e9rien","og_description":"Souvenirs tunisiens d\u2019un journaliste alg\u00e9rien","og_url":"https:\/\/www.webdo.tn\/fr\/actualite\/national\/souvenirs-tunisiens-dun-journaliste-algerien\/173080\/","og_site_name":"webdo","article_publisher":"https:\/\/www.facebook.com\/webdotn","article_published_time":"2011-01-30T11:27:00+00:00","og_image":[{"width":270,"height":232,"url":"https:\/\/www.webdo.tn\/fr\/wp-content\/uploads\/2011\/01\/Tunisie-av-Bourguiba.jpg","type":"image\/jpeg"}],"author":"webdo.tn","twitter_card":"summary_large_image","twitter_creator":"@webdo_tn","twitter_site":"@webdo_tn","twitter_misc":{"\u00c9crit par":"webdo.tn","Dur\u00e9e de lecture estim\u00e9e":"6 minutes"},"schema":{"@context":"https:\/\/schema.org","@graph":[{"@type":"NewsArticle","@id":"https:\/\/www.webdo.tn\/fr\/actualite\/national\/souvenirs-tunisiens-dun-journaliste-algerien\/173080\/#article","isPartOf":{"@id":"https:\/\/www.webdo.tn\/fr\/actualite\/national\/souvenirs-tunisiens-dun-journaliste-algerien\/173080\/"},"author":{"name":"webdo.tn","@id":"https:\/\/www.webdo.tn\/fr\/#\/schema\/person\/9a9c6118d687c117df8ef3cc36a4d175"},"headline":"Souvenirs tunisiens d\u2019un journaliste alg\u00e9rien","datePublished":"2011-01-30T11:27:00+00:00","mainEntityOfPage":{"@id":"https:\/\/www.webdo.tn\/fr\/actualite\/national\/souvenirs-tunisiens-dun-journaliste-algerien\/173080\/"},"wordCount":1180,"commentCount":0,"publisher":{"@id":"https:\/\/www.webdo.tn\/fr\/#organization"},"image":{"@id":"https:\/\/www.webdo.tn\/fr\/actualite\/national\/souvenirs-tunisiens-dun-journaliste-algerien\/173080\/#primaryimage"},"thumbnailUrl":"https:\/\/www.webdo.tn\/fr\/wp-content\/uploads\/2011\/01\/Tunisie-av-Bourguiba.jpg","articleSection":["National"],"inLanguage":"fr-FR"},{"@type":"WebPage","@id":"https:\/\/www.webdo.tn\/fr\/actualite\/national\/souvenirs-tunisiens-dun-journaliste-algerien\/173080\/","url":"https:\/\/www.webdo.tn\/fr\/actualite\/national\/souvenirs-tunisiens-dun-journaliste-algerien\/173080\/","name":"Souvenirs tunisiens d\u2019un journaliste alg\u00e9rien","isPartOf":{"@id":"https:\/\/www.webdo.tn\/fr\/#website"},"primaryImageOfPage":{"@id":"https:\/\/www.webdo.tn\/fr\/actualite\/national\/souvenirs-tunisiens-dun-journaliste-algerien\/173080\/#primaryimage"},"image":{"@id":"https:\/\/www.webdo.tn\/fr\/actualite\/national\/souvenirs-tunisiens-dun-journaliste-algerien\/173080\/#primaryimage"},"thumbnailUrl":"https:\/\/www.webdo.tn\/fr\/wp-content\/uploads\/2011\/01\/Tunisie-av-Bourguiba.jpg","datePublished":"2011-01-30T11:27:00+00:00","description":"Souvenirs tunisiens d\u2019un journaliste alg\u00e9rien","breadcrumb":{"@id":"https:\/\/www.webdo.tn\/fr\/actualite\/national\/souvenirs-tunisiens-dun-journaliste-algerien\/173080\/#breadcrumb"},"inLanguage":"fr-FR","potentialAction":[{"@type":"ReadAction","target":["https:\/\/www.webdo.tn\/fr\/actualite\/national\/souvenirs-tunisiens-dun-journaliste-algerien\/173080\/"]}]},{"@type":"ImageObject","inLanguage":"fr-FR","@id":"https:\/\/www.webdo.tn\/fr\/actualite\/national\/souvenirs-tunisiens-dun-journaliste-algerien\/173080\/#primaryimage","url":"https:\/\/www.webdo.tn\/fr\/wp-content\/uploads\/2011\/01\/Tunisie-av-Bourguiba.jpg","contentUrl":"https:\/\/www.webdo.tn\/fr\/wp-content\/uploads\/2011\/01\/Tunisie-av-Bourguiba.jpg","width":270,"height":232,"caption":"Souvenirs tunisiens d\u2019un journaliste alg\u00e9rien"},{"@type":"BreadcrumbList","@id":"https:\/\/www.webdo.tn\/fr\/actualite\/national\/souvenirs-tunisiens-dun-journaliste-algerien\/173080\/#breadcrumb","itemListElement":[{"@type":"ListItem","position":1,"name":"Accueil","item":"https:\/\/www.webdo.tn\/fr\/"},{"@type":"ListItem","position":2,"name":"Souvenirs tunisiens d\u2019un journaliste alg\u00e9rien"}]},{"@type":"WebSite","@id":"https:\/\/www.webdo.tn\/fr\/#website","url":"https:\/\/www.webdo.tn\/fr\/","name":"webdo","description":"Tunisie - News en Tunisie et \u00e0 l&#039;international sur Webdo.tn","publisher":{"@id":"https:\/\/www.webdo.tn\/fr\/#organization"},"potentialAction":[{"@type":"SearchAction","target":{"@type":"EntryPoint","urlTemplate":"https:\/\/www.webdo.tn\/fr\/?s={search_term_string}"},"query-input":{"@type":"PropertyValueSpecification","valueRequired":true,"valueName":"search_term_string"}}],"inLanguage":"fr-FR"},{"@type":"Organization","@id":"https:\/\/www.webdo.tn\/fr\/#organization","name":"Webdo","alternateName":"Webdo.tn","url":"https:\/\/www.webdo.tn\/fr\/","logo":{"@type":"ImageObject","inLanguage":"fr-FR","@id":"https:\/\/www.webdo.tn\/fr\/#\/schema\/logo\/image\/","url":"https:\/\/www.webdo.tn\/fr\/wp-content\/uploads\/2025\/06\/Webdo-Tunisie_168377.jpg","contentUrl":"https:\/\/www.webdo.tn\/fr\/wp-content\/uploads\/2025\/06\/Webdo-Tunisie_168377.jpg","width":301,"height":301,"caption":"Webdo"},"image":{"@id":"https:\/\/www.webdo.tn\/fr\/#\/schema\/logo\/image\/"},"sameAs":["https:\/\/www.facebook.com\/webdotn","https:\/\/x.com\/webdo_tn"],"description":"Webdo est un m\u00e9dia num\u00e9rique tunisien fond\u00e9 en 2010, sp\u00e9cialis\u00e9 dans l\u2019actualit\u00e9 nationale et internationale, l\u2019\u00e9conomie, la soci\u00e9t\u00e9 et les analyses politiques. Le site s\u2019adresse \u00e0 un large public francophone et couvre l\u2019information tunisienne en temps r\u00e9el.","email":"redac@webdo.tn","legalName":"YNJ SARL","foundingDate":"2010-09-06","numberOfEmployees":{"@type":"QuantitativeValue","minValue":"11","maxValue":"50"}},{"@type":"Person","@id":"https:\/\/www.webdo.tn\/fr\/#\/schema\/person\/9a9c6118d687c117df8ef3cc36a4d175","name":"webdo.tn","image":{"@type":"ImageObject","inLanguage":"fr-FR","@id":"https:\/\/secure.gravatar.com\/avatar\/7ce1f28c0c3bbac99ff550b85ef8e44a6950c6ee24514fb6a5489e51d06f0298?s=96&d=mm&r=g","url":"https:\/\/secure.gravatar.com\/avatar\/7ce1f28c0c3bbac99ff550b85ef8e44a6950c6ee24514fb6a5489e51d06f0298?s=96&d=mm&r=g","contentUrl":"https:\/\/secure.gravatar.com\/avatar\/7ce1f28c0c3bbac99ff550b85ef8e44a6950c6ee24514fb6a5489e51d06f0298?s=96&d=mm&r=g","caption":"webdo.tn"},"url":"https:\/\/www.webdo.tn\/fr\/actualite\/author\/webdotn\/"}]}},"_links":{"self":[{"href":"https:\/\/www.webdo.tn\/fr\/wp-json\/wp\/v2\/posts\/173080","targetHints":{"allow":["GET"]}}],"collection":[{"href":"https:\/\/www.webdo.tn\/fr\/wp-json\/wp\/v2\/posts"}],"about":[{"href":"https:\/\/www.webdo.tn\/fr\/wp-json\/wp\/v2\/types\/post"}],"author":[{"embeddable":true,"href":"https:\/\/www.webdo.tn\/fr\/wp-json\/wp\/v2\/users\/3222"}],"replies":[{"embeddable":true,"href":"https:\/\/www.webdo.tn\/fr\/wp-json\/wp\/v2\/comments?post=173080"}],"version-history":[{"count":0,"href":"https:\/\/www.webdo.tn\/fr\/wp-json\/wp\/v2\/posts\/173080\/revisions"}],"wp:featuredmedia":[{"embeddable":true,"href":"https:\/\/www.webdo.tn\/fr\/wp-json\/wp\/v2\/media\/365796"}],"wp:attachment":[{"href":"https:\/\/www.webdo.tn\/fr\/wp-json\/wp\/v2\/media?parent=173080"}],"wp:term":[{"taxonomy":"category","embeddable":true,"href":"https:\/\/www.webdo.tn\/fr\/wp-json\/wp\/v2\/categories?post=173080"},{"taxonomy":"post_tag","embeddable":true,"href":"https:\/\/www.webdo.tn\/fr\/wp-json\/wp\/v2\/tags?post=173080"}],"curies":[{"name":"wp","href":"https:\/\/api.w.org\/{rel}","templated":true}]}}