{"id":173079,"date":"2011-01-30T15:12:00","date_gmt":"2011-01-30T15:12:00","guid":{"rendered":"https:\/\/www.webdo.tn\/fr\/actualite\/blog\/accueil-massif-de-rached-ghannouchi-a-laeroport-tunis-carthage\/173079\/"},"modified":"2011-01-30T15:12:00","modified_gmt":"2011-01-30T15:12:00","slug":"accueil-massif-de-rached-ghannouchi-a-laeroport-tunis-carthage","status":"publish","type":"post","link":"https:\/\/www.webdo.tn\/fr\/actualite\/national\/accueil-massif-de-rached-ghannouchi-a-laeroport-tunis-carthage\/173079\/","title":{"rendered":"Accueil massif de Rached Ghannouchi \u00e0 l&rsquo;a\u00e9roport Tunis-Carthage"},"content":{"rendered":"<p>Ils \u00e9taient des centaines aujourd\u2019hui \u00e0 l\u2019a\u00e9roport \u00e0 attendre leur mentor. Rached Ghannouchi, apr\u00e8s 20 ans d\u2019exil retourne en Tunisie.<\/p>\n<p>Condamn\u00e9, apr\u00e8s le d\u00e9mant\u00e8lement du mouvement islamiste, \u00e0 la prison \u00e0 perp\u00e9tuit\u00e9 en 1991 pour conspiration contre le pouvoir en place, il avait pr\u00e9f\u00e9r\u00e9 quitter la Tunisie pour s\u2019installer finalement en\u00a0Grande Bretagne.<\/p>\n<p>Longtemps consid\u00e9r\u00e9 comme un radical proche des Fr\u00e8res musulmans \u00e9gyptiens dont il s&rsquo;est inspir\u00e9, Rached Ghannouchi fonde le parti islamiste tunisien Ennahda. Il dit aujourd&rsquo;hui repr\u00e9senter un islam mod\u00e9r\u00e9 proche de l&rsquo;AKP turc.<\/p>\n<p>A la question de savoir si il pense que les tunisiens savent qui il est, Ghannouchi r\u00e9pond \u00e0 l\u2019Express : \u00ab\u00a0Ennahda a \u00e9t\u00e9 la cible d&rsquo;une r\u00e9pression syst\u00e9matique en Tunisie. Nous avons fait l&rsquo;objet d&rsquo;une campagne de d\u00e9nigrement et le pouvoir a tout fait pour nous \u00e9radiquer. Mais maintenant, dans la nouvelle Tunisie, les jeunes vont pouvoir apprendre \u00e0 nous conna\u00eetre.\u00a0\u00bb<\/p>\n<p>A l\u2019a\u00e9roport, la foule \u00e9tait compos\u00e9e d\u2019une majorit\u00e9 de partisans mais aussi d\u2019anti-islamistes. Ces derniers, venus en petit nombre, bouscul\u00e9s par une majorit\u00e9 \u00e9crasante d\u2019islamistes, ont rapidement \u00e9t\u00e9 mis \u00e0 l\u2019\u00e9cart. R\u00e9unis entre autres gr\u00e2ce \u00e0 des pages facebook comme \u00ab\u00a0non \u00e0 Rached Ghannouchi\u00a0\u00bb qui compte 22000 fans, ils \u00e9taient venus manifester leur hostilit\u00e9 \u00e0 Rached Ghannouchi.<\/p>\n<p>Et pour cause, l\u2019inqui\u00e9tude face aux pro-Ghannouchi est encore plus forte apr\u00e8s la manifestation du 29 Janvier \u00e0\u00a0Tunis, ou des femmes ont \u00e9t\u00e9 agress\u00e9es verbalement et physiquement par un groupe d\u2019islamistes. Les t\u00e9moignages se bousculent sur la toile. Ils d\u00e9crivent l\u2019animosit\u00e9 que les extr\u00e9mistes ont montr\u00e9e vis \u00e0 vis des femmes et leur refus de les voir progresser dans leur statut personnel et professionnel.<\/p>\n<p>Comment donc aspirer \u00e0 une d\u00e9mocratie lorsque toutes les opinions ne sont pas respect\u00e9es\u00a0? Les pro-Ghannouchi sauront-ils accepter les libert\u00e9s des autres\u00a0? Rached Ghannouchi doit canaliser les \u00e9motions de ses partisans et les encourager \u00e0 la tol\u00e9rance.<\/p>\n","protected":false},"excerpt":{"rendered":"<p>Accueil massif de Rached Ghannouchi \u00e0 l&rsquo;a\u00e9roport Tunis-Carthage<\/p>\n","protected":false},"author":3222,"featured_media":365795,"comment_status":"open","ping_status":"closed","sticky":false,"template":"","format":"standard","meta":{"footnotes":""},"categories":[44],"tags":[],"class_list":["post-173079","post","type-post","status-publish","format-standard","has-post-thumbnail","hentry","category-national"],"yoast_head":"<!-- This site is optimized with the Yoast SEO Premium plugin v27.4 (Yoast SEO v27.4) - https:\/\/yoast.com\/product\/yoast-seo-premium-wordpress\/ -->\n<title>Accueil massif de Rached Ghannouchi \u00e0 l&#039;a\u00e9roport Tunis-Carthage<\/title>\n<meta name=\"description\" content=\"Accueil massif de Rached Ghannouchi \u00e0 l&#039;a\u00e9roport Tunis-Carthage\" \/>\n<link rel=\"canonical\" href=\"https:\/\/www.webdo.tn\/fr\/actualite\/national\/accueil-massif-de-rached-ghannouchi-a-laeroport-tunis-carthage\/173079\/\" \/>\n<meta property=\"og:locale\" content=\"fr_FR\" \/>\n<meta property=\"og:type\" content=\"article\" \/>\n<meta property=\"og:title\" content=\"Accueil massif de Rached Ghannouchi \u00e0 l&#039;a\u00e9roport Tunis-Carthage\" \/>\n<meta property=\"og:description\" content=\"Accueil massif de Rached Ghannouchi \u00e0 l&#039;a\u00e9roport Tunis-Carthage\" \/>\n<meta property=\"og:url\" content=\"https:\/\/www.webdo.tn\/fr\/actualite\/national\/accueil-massif-de-rached-ghannouchi-a-laeroport-tunis-carthage\/173079\/\" \/>\n<meta property=\"og:site_name\" content=\"webdo\" \/>\n<meta property=\"article:publisher\" content=\"https:\/\/www.facebook.com\/webdotn\" \/>\n<meta property=\"article:published_time\" content=\"2011-01-30T15:12:00+00:00\" \/>\n<meta property=\"og:image\" content=\"https:\/\/www.webdo.tn\/fr\/wp-content\/uploads\/2011\/01\/Rached-Ghannouchi-300x277-1.jpg\" \/>\n\t<meta property=\"og:image:width\" content=\"300\" \/>\n\t<meta property=\"og:image:height\" content=\"277\" \/>\n\t<meta property=\"og:image:type\" content=\"image\/jpeg\" \/>\n<meta name=\"author\" content=\"webdo.tn\" \/>\n<meta name=\"twitter:card\" content=\"summary_large_image\" \/>\n<meta name=\"twitter:creator\" content=\"@webdo_tn\" \/>\n<meta name=\"twitter:site\" content=\"@webdo_tn\" \/>\n<meta name=\"twitter:label1\" content=\"\u00c9crit par\" \/>\n\t<meta name=\"twitter:data1\" content=\"webdo.tn\" \/>\n\t<meta name=\"twitter:label2\" content=\"Dur\u00e9e de lecture estim\u00e9e\" \/>\n\t<meta name=\"twitter:data2\" content=\"2 minutes\" \/>\n<script type=\"application\/ld+json\" class=\"yoast-schema-graph\">{\"@context\":\"https:\\\/\\\/schema.org\",\"@graph\":[{\"@type\":\"NewsArticle\",\"@id\":\"https:\\\/\\\/www.webdo.tn\\\/fr\\\/actualite\\\/national\\\/accueil-massif-de-rached-ghannouchi-a-laeroport-tunis-carthage\\\/173079\\\/#article\",\"isPartOf\":{\"@id\":\"https:\\\/\\\/www.webdo.tn\\\/fr\\\/actualite\\\/national\\\/accueil-massif-de-rached-ghannouchi-a-laeroport-tunis-carthage\\\/173079\\\/\"},\"author\":{\"name\":\"webdo.tn\",\"@id\":\"https:\\\/\\\/www.webdo.tn\\\/fr\\\/#\\\/schema\\\/person\\\/9a9c6118d687c117df8ef3cc36a4d175\"},\"headline\":\"Accueil massif de Rached Ghannouchi \u00e0 l&rsquo;a\u00e9roport Tunis-Carthage\",\"datePublished\":\"2011-01-30T15:12:00+00:00\",\"mainEntityOfPage\":{\"@id\":\"https:\\\/\\\/www.webdo.tn\\\/fr\\\/actualite\\\/national\\\/accueil-massif-de-rached-ghannouchi-a-laeroport-tunis-carthage\\\/173079\\\/\"},\"wordCount\":348,\"commentCount\":0,\"publisher\":{\"@id\":\"https:\\\/\\\/www.webdo.tn\\\/fr\\\/#organization\"},\"image\":{\"@id\":\"https:\\\/\\\/www.webdo.tn\\\/fr\\\/actualite\\\/national\\\/accueil-massif-de-rached-ghannouchi-a-laeroport-tunis-carthage\\\/173079\\\/#primaryimage\"},\"thumbnailUrl\":\"https:\\\/\\\/www.webdo.tn\\\/fr\\\/wp-content\\\/uploads\\\/2011\\\/01\\\/Rached-Ghannouchi-300x277-1.jpg\",\"articleSection\":[\"National\"],\"inLanguage\":\"fr-FR\"},{\"@type\":\"WebPage\",\"@id\":\"https:\\\/\\\/www.webdo.tn\\\/fr\\\/actualite\\\/national\\\/accueil-massif-de-rached-ghannouchi-a-laeroport-tunis-carthage\\\/173079\\\/\",\"url\":\"https:\\\/\\\/www.webdo.tn\\\/fr\\\/actualite\\\/national\\\/accueil-massif-de-rached-ghannouchi-a-laeroport-tunis-carthage\\\/173079\\\/\",\"name\":\"Accueil massif de Rached Ghannouchi \u00e0 l'a\u00e9roport Tunis-Carthage\",\"isPartOf\":{\"@id\":\"https:\\\/\\\/www.webdo.tn\\\/fr\\\/#website\"},\"primaryImageOfPage\":{\"@id\":\"https:\\\/\\\/www.webdo.tn\\\/fr\\\/actualite\\\/national\\\/accueil-massif-de-rached-ghannouchi-a-laeroport-tunis-carthage\\\/173079\\\/#primaryimage\"},\"image\":{\"@id\":\"https:\\\/\\\/www.webdo.tn\\\/fr\\\/actualite\\\/national\\\/accueil-massif-de-rached-ghannouchi-a-laeroport-tunis-carthage\\\/173079\\\/#primaryimage\"},\"thumbnailUrl\":\"https:\\\/\\\/www.webdo.tn\\\/fr\\\/wp-content\\\/uploads\\\/2011\\\/01\\\/Rached-Ghannouchi-300x277-1.jpg\",\"datePublished\":\"2011-01-30T15:12:00+00:00\",\"description\":\"Accueil massif de Rached Ghannouchi \u00e0 l'a\u00e9roport Tunis-Carthage\",\"breadcrumb\":{\"@id\":\"https:\\\/\\\/www.webdo.tn\\\/fr\\\/actualite\\\/national\\\/accueil-massif-de-rached-ghannouchi-a-laeroport-tunis-carthage\\\/173079\\\/#breadcrumb\"},\"inLanguage\":\"fr-FR\",\"potentialAction\":[{\"@type\":\"ReadAction\",\"target\":[\"https:\\\/\\\/www.webdo.tn\\\/fr\\\/actualite\\\/national\\\/accueil-massif-de-rached-ghannouchi-a-laeroport-tunis-carthage\\\/173079\\\/\"]}]},{\"@type\":\"ImageObject\",\"inLanguage\":\"fr-FR\",\"@id\":\"https:\\\/\\\/www.webdo.tn\\\/fr\\\/actualite\\\/national\\\/accueil-massif-de-rached-ghannouchi-a-laeroport-tunis-carthage\\\/173079\\\/#primaryimage\",\"url\":\"https:\\\/\\\/www.webdo.tn\\\/fr\\\/wp-content\\\/uploads\\\/2011\\\/01\\\/Rached-Ghannouchi-300x277-1.jpg\",\"contentUrl\":\"https:\\\/\\\/www.webdo.tn\\\/fr\\\/wp-content\\\/uploads\\\/2011\\\/01\\\/Rached-Ghannouchi-300x277-1.jpg\",\"width\":300,\"height\":277,\"caption\":\"Accueil massif de Rached Ghannouchi \u00e0 l'a\u00e9roport Tunis-Carthage\"},{\"@type\":\"BreadcrumbList\",\"@id\":\"https:\\\/\\\/www.webdo.tn\\\/fr\\\/actualite\\\/national\\\/accueil-massif-de-rached-ghannouchi-a-laeroport-tunis-carthage\\\/173079\\\/#breadcrumb\",\"itemListElement\":[{\"@type\":\"ListItem\",\"position\":1,\"name\":\"Accueil\",\"item\":\"https:\\\/\\\/www.webdo.tn\\\/fr\\\/\"},{\"@type\":\"ListItem\",\"position\":2,\"name\":\"Accueil massif de Rached Ghannouchi \u00e0 l&rsquo;a\u00e9roport Tunis-Carthage\"}]},{\"@type\":\"WebSite\",\"@id\":\"https:\\\/\\\/www.webdo.tn\\\/fr\\\/#website\",\"url\":\"https:\\\/\\\/www.webdo.tn\\\/fr\\\/\",\"name\":\"webdo\",\"description\":\"Tunisie - News en Tunisie et \u00e0 l&#039;international sur Webdo.tn\",\"publisher\":{\"@id\":\"https:\\\/\\\/www.webdo.tn\\\/fr\\\/#organization\"},\"potentialAction\":[{\"@type\":\"SearchAction\",\"target\":{\"@type\":\"EntryPoint\",\"urlTemplate\":\"https:\\\/\\\/www.webdo.tn\\\/fr\\\/?s={search_term_string}\"},\"query-input\":{\"@type\":\"PropertyValueSpecification\",\"valueRequired\":true,\"valueName\":\"search_term_string\"}}],\"inLanguage\":\"fr-FR\"},{\"@type\":\"Organization\",\"@id\":\"https:\\\/\\\/www.webdo.tn\\\/fr\\\/#organization\",\"name\":\"Webdo\",\"alternateName\":\"Webdo.tn\",\"url\":\"https:\\\/\\\/www.webdo.tn\\\/fr\\\/\",\"logo\":{\"@type\":\"ImageObject\",\"inLanguage\":\"fr-FR\",\"@id\":\"https:\\\/\\\/www.webdo.tn\\\/fr\\\/#\\\/schema\\\/logo\\\/image\\\/\",\"url\":\"https:\\\/\\\/www.webdo.tn\\\/fr\\\/wp-content\\\/uploads\\\/2025\\\/06\\\/Webdo-Tunisie_168377.jpg\",\"contentUrl\":\"https:\\\/\\\/www.webdo.tn\\\/fr\\\/wp-content\\\/uploads\\\/2025\\\/06\\\/Webdo-Tunisie_168377.jpg\",\"width\":301,\"height\":301,\"caption\":\"Webdo\"},\"image\":{\"@id\":\"https:\\\/\\\/www.webdo.tn\\\/fr\\\/#\\\/schema\\\/logo\\\/image\\\/\"},\"sameAs\":[\"https:\\\/\\\/www.facebook.com\\\/webdotn\",\"https:\\\/\\\/x.com\\\/webdo_tn\"],\"description\":\"Webdo est un m\u00e9dia num\u00e9rique tunisien fond\u00e9 en 2010, sp\u00e9cialis\u00e9 dans l\u2019actualit\u00e9 nationale et internationale, l\u2019\u00e9conomie, la soci\u00e9t\u00e9 et les analyses politiques. Le site s\u2019adresse \u00e0 un large public francophone et couvre l\u2019information tunisienne en temps r\u00e9el.\",\"email\":\"redac@webdo.tn\",\"legalName\":\"YNJ SARL\",\"foundingDate\":\"2010-09-06\",\"numberOfEmployees\":{\"@type\":\"QuantitativeValue\",\"minValue\":\"11\",\"maxValue\":\"50\"}},{\"@type\":\"Person\",\"@id\":\"https:\\\/\\\/www.webdo.tn\\\/fr\\\/#\\\/schema\\\/person\\\/9a9c6118d687c117df8ef3cc36a4d175\",\"name\":\"webdo.tn\",\"image\":{\"@type\":\"ImageObject\",\"inLanguage\":\"fr-FR\",\"@id\":\"https:\\\/\\\/secure.gravatar.com\\\/avatar\\\/7ce1f28c0c3bbac99ff550b85ef8e44a6950c6ee24514fb6a5489e51d06f0298?s=96&d=mm&r=g\",\"url\":\"https:\\\/\\\/secure.gravatar.com\\\/avatar\\\/7ce1f28c0c3bbac99ff550b85ef8e44a6950c6ee24514fb6a5489e51d06f0298?s=96&d=mm&r=g\",\"contentUrl\":\"https:\\\/\\\/secure.gravatar.com\\\/avatar\\\/7ce1f28c0c3bbac99ff550b85ef8e44a6950c6ee24514fb6a5489e51d06f0298?s=96&d=mm&r=g\",\"caption\":\"webdo.tn\"},\"url\":\"https:\\\/\\\/www.webdo.tn\\\/fr\\\/actualite\\\/author\\\/webdotn\\\/\"}]}<\/script>\n<!-- \/ Yoast SEO Premium plugin. -->","yoast_head_json":{"title":"Accueil massif de Rached Ghannouchi \u00e0 l'a\u00e9roport Tunis-Carthage","description":"Accueil massif de Rached Ghannouchi \u00e0 l'a\u00e9roport Tunis-Carthage","canonical":"https:\/\/www.webdo.tn\/fr\/actualite\/national\/accueil-massif-de-rached-ghannouchi-a-laeroport-tunis-carthage\/173079\/","og_locale":"fr_FR","og_type":"article","og_title":"Accueil massif de Rached Ghannouchi \u00e0 l'a\u00e9roport Tunis-Carthage","og_description":"Accueil massif de Rached Ghannouchi \u00e0 l'a\u00e9roport Tunis-Carthage","og_url":"https:\/\/www.webdo.tn\/fr\/actualite\/national\/accueil-massif-de-rached-ghannouchi-a-laeroport-tunis-carthage\/173079\/","og_site_name":"webdo","article_publisher":"https:\/\/www.facebook.com\/webdotn","article_published_time":"2011-01-30T15:12:00+00:00","og_image":[{"width":300,"height":277,"url":"https:\/\/www.webdo.tn\/fr\/wp-content\/uploads\/2011\/01\/Rached-Ghannouchi-300x277-1.jpg","type":"image\/jpeg"}],"author":"webdo.tn","twitter_card":"summary_large_image","twitter_creator":"@webdo_tn","twitter_site":"@webdo_tn","twitter_misc":{"\u00c9crit par":"webdo.tn","Dur\u00e9e de lecture estim\u00e9e":"2 minutes"},"schema":{"@context":"https:\/\/schema.org","@graph":[{"@type":"NewsArticle","@id":"https:\/\/www.webdo.tn\/fr\/actualite\/national\/accueil-massif-de-rached-ghannouchi-a-laeroport-tunis-carthage\/173079\/#article","isPartOf":{"@id":"https:\/\/www.webdo.tn\/fr\/actualite\/national\/accueil-massif-de-rached-ghannouchi-a-laeroport-tunis-carthage\/173079\/"},"author":{"name":"webdo.tn","@id":"https:\/\/www.webdo.tn\/fr\/#\/schema\/person\/9a9c6118d687c117df8ef3cc36a4d175"},"headline":"Accueil massif de Rached Ghannouchi \u00e0 l&rsquo;a\u00e9roport Tunis-Carthage","datePublished":"2011-01-30T15:12:00+00:00","mainEntityOfPage":{"@id":"https:\/\/www.webdo.tn\/fr\/actualite\/national\/accueil-massif-de-rached-ghannouchi-a-laeroport-tunis-carthage\/173079\/"},"wordCount":348,"commentCount":0,"publisher":{"@id":"https:\/\/www.webdo.tn\/fr\/#organization"},"image":{"@id":"https:\/\/www.webdo.tn\/fr\/actualite\/national\/accueil-massif-de-rached-ghannouchi-a-laeroport-tunis-carthage\/173079\/#primaryimage"},"thumbnailUrl":"https:\/\/www.webdo.tn\/fr\/wp-content\/uploads\/2011\/01\/Rached-Ghannouchi-300x277-1.jpg","articleSection":["National"],"inLanguage":"fr-FR"},{"@type":"WebPage","@id":"https:\/\/www.webdo.tn\/fr\/actualite\/national\/accueil-massif-de-rached-ghannouchi-a-laeroport-tunis-carthage\/173079\/","url":"https:\/\/www.webdo.tn\/fr\/actualite\/national\/accueil-massif-de-rached-ghannouchi-a-laeroport-tunis-carthage\/173079\/","name":"Accueil massif de Rached Ghannouchi \u00e0 l'a\u00e9roport Tunis-Carthage","isPartOf":{"@id":"https:\/\/www.webdo.tn\/fr\/#website"},"primaryImageOfPage":{"@id":"https:\/\/www.webdo.tn\/fr\/actualite\/national\/accueil-massif-de-rached-ghannouchi-a-laeroport-tunis-carthage\/173079\/#primaryimage"},"image":{"@id":"https:\/\/www.webdo.tn\/fr\/actualite\/national\/accueil-massif-de-rached-ghannouchi-a-laeroport-tunis-carthage\/173079\/#primaryimage"},"thumbnailUrl":"https:\/\/www.webdo.tn\/fr\/wp-content\/uploads\/2011\/01\/Rached-Ghannouchi-300x277-1.jpg","datePublished":"2011-01-30T15:12:00+00:00","description":"Accueil massif de Rached Ghannouchi \u00e0 l'a\u00e9roport Tunis-Carthage","breadcrumb":{"@id":"https:\/\/www.webdo.tn\/fr\/actualite\/national\/accueil-massif-de-rached-ghannouchi-a-laeroport-tunis-carthage\/173079\/#breadcrumb"},"inLanguage":"fr-FR","potentialAction":[{"@type":"ReadAction","target":["https:\/\/www.webdo.tn\/fr\/actualite\/national\/accueil-massif-de-rached-ghannouchi-a-laeroport-tunis-carthage\/173079\/"]}]},{"@type":"ImageObject","inLanguage":"fr-FR","@id":"https:\/\/www.webdo.tn\/fr\/actualite\/national\/accueil-massif-de-rached-ghannouchi-a-laeroport-tunis-carthage\/173079\/#primaryimage","url":"https:\/\/www.webdo.tn\/fr\/wp-content\/uploads\/2011\/01\/Rached-Ghannouchi-300x277-1.jpg","contentUrl":"https:\/\/www.webdo.tn\/fr\/wp-content\/uploads\/2011\/01\/Rached-Ghannouchi-300x277-1.jpg","width":300,"height":277,"caption":"Accueil massif de Rached Ghannouchi \u00e0 l'a\u00e9roport Tunis-Carthage"},{"@type":"BreadcrumbList","@id":"https:\/\/www.webdo.tn\/fr\/actualite\/national\/accueil-massif-de-rached-ghannouchi-a-laeroport-tunis-carthage\/173079\/#breadcrumb","itemListElement":[{"@type":"ListItem","position":1,"name":"Accueil","item":"https:\/\/www.webdo.tn\/fr\/"},{"@type":"ListItem","position":2,"name":"Accueil massif de Rached Ghannouchi \u00e0 l&rsquo;a\u00e9roport Tunis-Carthage"}]},{"@type":"WebSite","@id":"https:\/\/www.webdo.tn\/fr\/#website","url":"https:\/\/www.webdo.tn\/fr\/","name":"webdo","description":"Tunisie - News en Tunisie et \u00e0 l&#039;international sur Webdo.tn","publisher":{"@id":"https:\/\/www.webdo.tn\/fr\/#organization"},"potentialAction":[{"@type":"SearchAction","target":{"@type":"EntryPoint","urlTemplate":"https:\/\/www.webdo.tn\/fr\/?s={search_term_string}"},"query-input":{"@type":"PropertyValueSpecification","valueRequired":true,"valueName":"search_term_string"}}],"inLanguage":"fr-FR"},{"@type":"Organization","@id":"https:\/\/www.webdo.tn\/fr\/#organization","name":"Webdo","alternateName":"Webdo.tn","url":"https:\/\/www.webdo.tn\/fr\/","logo":{"@type":"ImageObject","inLanguage":"fr-FR","@id":"https:\/\/www.webdo.tn\/fr\/#\/schema\/logo\/image\/","url":"https:\/\/www.webdo.tn\/fr\/wp-content\/uploads\/2025\/06\/Webdo-Tunisie_168377.jpg","contentUrl":"https:\/\/www.webdo.tn\/fr\/wp-content\/uploads\/2025\/06\/Webdo-Tunisie_168377.jpg","width":301,"height":301,"caption":"Webdo"},"image":{"@id":"https:\/\/www.webdo.tn\/fr\/#\/schema\/logo\/image\/"},"sameAs":["https:\/\/www.facebook.com\/webdotn","https:\/\/x.com\/webdo_tn"],"description":"Webdo est un m\u00e9dia num\u00e9rique tunisien fond\u00e9 en 2010, sp\u00e9cialis\u00e9 dans l\u2019actualit\u00e9 nationale et internationale, l\u2019\u00e9conomie, la soci\u00e9t\u00e9 et les analyses politiques. Le site s\u2019adresse \u00e0 un large public francophone et couvre l\u2019information tunisienne en temps r\u00e9el.","email":"redac@webdo.tn","legalName":"YNJ SARL","foundingDate":"2010-09-06","numberOfEmployees":{"@type":"QuantitativeValue","minValue":"11","maxValue":"50"}},{"@type":"Person","@id":"https:\/\/www.webdo.tn\/fr\/#\/schema\/person\/9a9c6118d687c117df8ef3cc36a4d175","name":"webdo.tn","image":{"@type":"ImageObject","inLanguage":"fr-FR","@id":"https:\/\/secure.gravatar.com\/avatar\/7ce1f28c0c3bbac99ff550b85ef8e44a6950c6ee24514fb6a5489e51d06f0298?s=96&d=mm&r=g","url":"https:\/\/secure.gravatar.com\/avatar\/7ce1f28c0c3bbac99ff550b85ef8e44a6950c6ee24514fb6a5489e51d06f0298?s=96&d=mm&r=g","contentUrl":"https:\/\/secure.gravatar.com\/avatar\/7ce1f28c0c3bbac99ff550b85ef8e44a6950c6ee24514fb6a5489e51d06f0298?s=96&d=mm&r=g","caption":"webdo.tn"},"url":"https:\/\/www.webdo.tn\/fr\/actualite\/author\/webdotn\/"}]}},"_links":{"self":[{"href":"https:\/\/www.webdo.tn\/fr\/wp-json\/wp\/v2\/posts\/173079","targetHints":{"allow":["GET"]}}],"collection":[{"href":"https:\/\/www.webdo.tn\/fr\/wp-json\/wp\/v2\/posts"}],"about":[{"href":"https:\/\/www.webdo.tn\/fr\/wp-json\/wp\/v2\/types\/post"}],"author":[{"embeddable":true,"href":"https:\/\/www.webdo.tn\/fr\/wp-json\/wp\/v2\/users\/3222"}],"replies":[{"embeddable":true,"href":"https:\/\/www.webdo.tn\/fr\/wp-json\/wp\/v2\/comments?post=173079"}],"version-history":[{"count":0,"href":"https:\/\/www.webdo.tn\/fr\/wp-json\/wp\/v2\/posts\/173079\/revisions"}],"wp:featuredmedia":[{"embeddable":true,"href":"https:\/\/www.webdo.tn\/fr\/wp-json\/wp\/v2\/media\/365795"}],"wp:attachment":[{"href":"https:\/\/www.webdo.tn\/fr\/wp-json\/wp\/v2\/media?parent=173079"}],"wp:term":[{"taxonomy":"category","embeddable":true,"href":"https:\/\/www.webdo.tn\/fr\/wp-json\/wp\/v2\/categories?post=173079"},{"taxonomy":"post_tag","embeddable":true,"href":"https:\/\/www.webdo.tn\/fr\/wp-json\/wp\/v2\/tags?post=173079"}],"curies":[{"name":"wp","href":"https:\/\/api.w.org\/{rel}","templated":true}]}}