{"id":173077,"date":"2011-01-31T11:04:00","date_gmt":"2011-01-31T11:04:00","guid":{"rendered":"https:\/\/www.webdo.tn\/fr\/actualite\/blog\/qui-se-cachait-derriere-ammar-404\/173718\/"},"modified":"2025-06-04T21:03:11","modified_gmt":"2025-06-04T21:03:11","slug":"qui-se-cachait-derriere-ammar-404","status":"publish","type":"post","link":"https:\/\/www.webdo.tn\/fr\/actualite\/national\/qui-se-cachait-derriere-ammar-404\/173077\/","title":{"rendered":"Tunisie: Qui se cachait derri\u00e8re Ammar 404 ?"},"content":{"rendered":"<p>Ammar 404, ce nom de code est devenu une c\u00e9l\u00e9brit\u00e9 nationale sous l&rsquo;ancien r\u00e9gime de Ben Ali. Mais peu de gens connaissaient vraiment son fonctionnement opaque. Longtemps associ\u00e9 \u00e0 l&rsquo;Agence Tunisienne de l&rsquo;Internet (ATI), Ammar 404 censurait les sites web jug\u00e9s contraires aux bonnes m\u0153urs, mais surtout les blogs et m\u00e9dias en ligne critiques envers le pouvoir.<\/p>\n<p> Pour percer ce myst\u00e8re, nous avons interrog\u00e9 Kamel Saadaoui, l&rsquo;ancien PDG de l&rsquo;ATI. \u00ab\u00a0Il y avait trois entit\u00e9s distinctes, nous explique-t-il. Un op\u00e9rateur g\u00e9rant le mat\u00e9riel de censure, une unit\u00e9 contr\u00f4lant ce mat\u00e9riel \u00e0 distance pour bloquer les sites, et un troisi\u00e8me groupe qui donnait les ordres. Laquelle \u00e9tait Ammar 404 ?\u00a0\u00bb<\/p>\n<p>Les employ\u00e9s de l&rsquo;ATI n&rsquo;avaient aucun acc\u00e8s \u00e0 la liste noire des sites censur\u00e9s. \u00ab\u00a0Notre r\u00f4le \u00e9tait purement technique\u00a0\u00bb, insiste M. Saadaoui. Selon lui, le contr\u00f4le des serveurs de censure \u00e9tait assur\u00e9 par une \u00ab\u00a0cyberpolice\u00a0\u00bb d\u00e9pendante du minist\u00e8re de l&rsquo;Int\u00e9rieur. Mais celle-ci n&rsquo;avait qu&rsquo;un r\u00f4le d&rsquo;ex\u00e9cutant.<\/p>\n<p>La v\u00e9ritable entit\u00e9 d\u00e9cisionnelle serait une \u00e9quipe secr\u00e8te \u00ab\u00a0impl\u00e9ment\u00e9e\u00a0\u00bb au palais pr\u00e9sidentiel de Carthage. C&rsquo;est elle qui traquait sur le web les contenus \u00ab\u00a0politiquement incorrects\u00a0\u00bb \u00e0 censurer. Un syst\u00e8me opaque et informel o\u00f9 n&rsquo;importe quel proche du r\u00e9gime pouvait faire bloquer un site \u00e0 sa guise. \u00a0<\/p>\n<p>Avec la transition d\u00e9mocratique, ce dispositif devrait dispara\u00eetre. A l&rsquo;avenir, un juge statuera sur d&rsquo;\u00e9ventuels blocages en ligne, dans un cadre l\u00e9gal strict. L&rsquo;ATI elle-m\u00eame pourrait ne plus \u00eatre impliqu\u00e9e, les FAI assurant eux-m\u00eames le filtrage.<\/p>\n<p>Si le myst\u00e8re Ammar 404 reste entier, cette p\u00e9rilleuse exp\u00e9rience devrait inciter les anciens responsables \u00e0 assumer leurs actes pass\u00e9s, m\u00eame sous la contrainte, esp\u00e8re M. Saadaoui.<\/p>\n","protected":false},"excerpt":{"rendered":"<p>Qui se cachait derri\u00e8re Ammar 404 ?Ammar 404, myst\u00e9rieuse entit\u00e9 de censure sur internet sous Ben Ali en Tunisie. Fonctionnement opaque entre ATI, cyberpolice e&#8230;<\/p>\n","protected":false},"author":3222,"featured_media":365634,"comment_status":"open","ping_status":"closed","sticky":false,"template":"","format":"standard","meta":{"footnotes":""},"categories":[44],"tags":[11613,7340,11614,2608],"class_list":["post-173077","post","type-post","status-publish","format-standard","has-post-thumbnail","hentry","category-national","tag-ammar404","tag-censure","tag-cyberpolicier","tag-tunisie"],"yoast_head":"<!-- This site is optimized with the Yoast SEO Premium plugin v27.5 (Yoast SEO v27.5) - https:\/\/yoast.com\/product\/yoast-seo-premium-wordpress\/ -->\n<title>Tunisie: Qui se cachait derri\u00e8re Ammar 404 ?<\/title>\n<meta name=\"description\" content=\"Qui se cachait derri\u00e8re Ammar 404 ?Ammar 404, myst\u00e9rieuse entit\u00e9 de censure sur internet sous Ben Ali en Tunisie. Fonctionnement opaque entre ATI, cyberpolice e...\" \/>\n<link rel=\"canonical\" href=\"https:\/\/www.webdo.tn\/fr\/actualite\/national\/qui-se-cachait-derriere-ammar-404\/173077\/\" \/>\n<meta property=\"og:locale\" content=\"fr_FR\" \/>\n<meta property=\"og:type\" content=\"article\" \/>\n<meta property=\"og:title\" content=\"Tunisie: Qui se cachait derri\u00e8re Ammar 404 ?\" \/>\n<meta property=\"og:description\" content=\"Qui se cachait derri\u00e8re Ammar 404 ?Ammar 404, myst\u00e9rieuse entit\u00e9 de censure sur internet sous Ben Ali en Tunisie. Fonctionnement opaque entre ATI, cyberpolice e...\" \/>\n<meta property=\"og:url\" content=\"https:\/\/www.webdo.tn\/fr\/actualite\/national\/qui-se-cachait-derriere-ammar-404\/173077\/\" \/>\n<meta property=\"og:site_name\" content=\"webdo\" \/>\n<meta property=\"article:publisher\" content=\"https:\/\/www.facebook.com\/webdotn\" \/>\n<meta property=\"article:published_time\" content=\"2011-01-31T11:04:00+00:00\" \/>\n<meta property=\"article:modified_time\" content=\"2025-06-04T21:03:11+00:00\" \/>\n<meta property=\"og:image\" content=\"https:\/\/www.webdo.tn\/fr\/wp-content\/uploads\/2011\/01\/Error-404-page-not-found.png\" \/>\n\t<meta property=\"og:image:width\" content=\"219\" \/>\n\t<meta property=\"og:image:height\" content=\"169\" \/>\n\t<meta property=\"og:image:type\" content=\"image\/png\" \/>\n<meta name=\"author\" content=\"webdo.tn\" \/>\n<meta name=\"twitter:card\" content=\"summary_large_image\" \/>\n<meta name=\"twitter:creator\" content=\"@webdo_tn\" \/>\n<meta name=\"twitter:site\" content=\"@webdo_tn\" \/>\n<meta name=\"twitter:label1\" content=\"\u00c9crit par\" \/>\n\t<meta name=\"twitter:data1\" content=\"webdo.tn\" \/>\n\t<meta name=\"twitter:label2\" content=\"Dur\u00e9e de lecture estim\u00e9e\" \/>\n\t<meta name=\"twitter:data2\" content=\"1 minute\" \/>\n<script type=\"application\/ld+json\" class=\"yoast-schema-graph\">{\"@context\":\"https:\\\/\\\/schema.org\",\"@graph\":[{\"@type\":\"NewsArticle\",\"@id\":\"https:\\\/\\\/www.webdo.tn\\\/fr\\\/actualite\\\/national\\\/qui-se-cachait-derriere-ammar-404\\\/173077\\\/#article\",\"isPartOf\":{\"@id\":\"https:\\\/\\\/www.webdo.tn\\\/fr\\\/actualite\\\/national\\\/qui-se-cachait-derriere-ammar-404\\\/173077\\\/\"},\"author\":{\"name\":\"webdo.tn\",\"@id\":\"https:\\\/\\\/www.webdo.tn\\\/fr\\\/#\\\/schema\\\/person\\\/9a9c6118d687c117df8ef3cc36a4d175\"},\"headline\":\"Tunisie: Qui se cachait derri\u00e8re Ammar 404 ?\",\"datePublished\":\"2011-01-31T11:04:00+00:00\",\"dateModified\":\"2025-06-04T21:03:11+00:00\",\"mainEntityOfPage\":{\"@id\":\"https:\\\/\\\/www.webdo.tn\\\/fr\\\/actualite\\\/national\\\/qui-se-cachait-derriere-ammar-404\\\/173077\\\/\"},\"wordCount\":320,\"commentCount\":0,\"publisher\":{\"@id\":\"https:\\\/\\\/www.webdo.tn\\\/fr\\\/#organization\"},\"image\":{\"@id\":\"https:\\\/\\\/www.webdo.tn\\\/fr\\\/actualite\\\/national\\\/qui-se-cachait-derriere-ammar-404\\\/173077\\\/#primaryimage\"},\"thumbnailUrl\":\"https:\\\/\\\/www.webdo.tn\\\/fr\\\/wp-content\\\/uploads\\\/2011\\\/01\\\/Error-404-page-not-found.png\",\"keywords\":[\"Ammar404\",\"censure\",\"Cyberpolicier\",\"Tunisie\"],\"articleSection\":[\"National\"],\"inLanguage\":\"fr-FR\"},{\"@type\":\"WebPage\",\"@id\":\"https:\\\/\\\/www.webdo.tn\\\/fr\\\/actualite\\\/national\\\/qui-se-cachait-derriere-ammar-404\\\/173077\\\/\",\"url\":\"https:\\\/\\\/www.webdo.tn\\\/fr\\\/actualite\\\/national\\\/qui-se-cachait-derriere-ammar-404\\\/173077\\\/\",\"name\":\"Tunisie: Qui se cachait derri\u00e8re Ammar 404 ?\",\"isPartOf\":{\"@id\":\"https:\\\/\\\/www.webdo.tn\\\/fr\\\/#website\"},\"primaryImageOfPage\":{\"@id\":\"https:\\\/\\\/www.webdo.tn\\\/fr\\\/actualite\\\/national\\\/qui-se-cachait-derriere-ammar-404\\\/173077\\\/#primaryimage\"},\"image\":{\"@id\":\"https:\\\/\\\/www.webdo.tn\\\/fr\\\/actualite\\\/national\\\/qui-se-cachait-derriere-ammar-404\\\/173077\\\/#primaryimage\"},\"thumbnailUrl\":\"https:\\\/\\\/www.webdo.tn\\\/fr\\\/wp-content\\\/uploads\\\/2011\\\/01\\\/Error-404-page-not-found.png\",\"datePublished\":\"2011-01-31T11:04:00+00:00\",\"dateModified\":\"2025-06-04T21:03:11+00:00\",\"description\":\"Qui se cachait derri\u00e8re Ammar 404 ?Ammar 404, myst\u00e9rieuse entit\u00e9 de censure sur internet sous Ben Ali en Tunisie. Fonctionnement opaque entre ATI, cyberpolice e...\",\"breadcrumb\":{\"@id\":\"https:\\\/\\\/www.webdo.tn\\\/fr\\\/actualite\\\/national\\\/qui-se-cachait-derriere-ammar-404\\\/173077\\\/#breadcrumb\"},\"inLanguage\":\"fr-FR\",\"potentialAction\":[{\"@type\":\"ReadAction\",\"target\":[\"https:\\\/\\\/www.webdo.tn\\\/fr\\\/actualite\\\/national\\\/qui-se-cachait-derriere-ammar-404\\\/173077\\\/\"]}]},{\"@type\":\"ImageObject\",\"inLanguage\":\"fr-FR\",\"@id\":\"https:\\\/\\\/www.webdo.tn\\\/fr\\\/actualite\\\/national\\\/qui-se-cachait-derriere-ammar-404\\\/173077\\\/#primaryimage\",\"url\":\"https:\\\/\\\/www.webdo.tn\\\/fr\\\/wp-content\\\/uploads\\\/2011\\\/01\\\/Error-404-page-not-found.png\",\"contentUrl\":\"https:\\\/\\\/www.webdo.tn\\\/fr\\\/wp-content\\\/uploads\\\/2011\\\/01\\\/Error-404-page-not-found.png\",\"width\":219,\"height\":169,\"caption\":\"Qui se cachait derri\u00e8re Ammar 404 ?\"},{\"@type\":\"BreadcrumbList\",\"@id\":\"https:\\\/\\\/www.webdo.tn\\\/fr\\\/actualite\\\/national\\\/qui-se-cachait-derriere-ammar-404\\\/173077\\\/#breadcrumb\",\"itemListElement\":[{\"@type\":\"ListItem\",\"position\":1,\"name\":\"Accueil\",\"item\":\"https:\\\/\\\/www.webdo.tn\\\/fr\\\/\"},{\"@type\":\"ListItem\",\"position\":2,\"name\":\"Tunisie: Qui se cachait derri\u00e8re Ammar 404 ?\"}]},{\"@type\":\"WebSite\",\"@id\":\"https:\\\/\\\/www.webdo.tn\\\/fr\\\/#website\",\"url\":\"https:\\\/\\\/www.webdo.tn\\\/fr\\\/\",\"name\":\"webdo\",\"description\":\"Tunisie - News en Tunisie et \u00e0 l&#039;international sur Webdo.tn\",\"publisher\":{\"@id\":\"https:\\\/\\\/www.webdo.tn\\\/fr\\\/#organization\"},\"potentialAction\":[{\"@type\":\"SearchAction\",\"target\":{\"@type\":\"EntryPoint\",\"urlTemplate\":\"https:\\\/\\\/www.webdo.tn\\\/fr\\\/?s={search_term_string}\"},\"query-input\":{\"@type\":\"PropertyValueSpecification\",\"valueRequired\":true,\"valueName\":\"search_term_string\"}}],\"inLanguage\":\"fr-FR\"},{\"@type\":\"Organization\",\"@id\":\"https:\\\/\\\/www.webdo.tn\\\/fr\\\/#organization\",\"name\":\"Webdo\",\"alternateName\":\"Webdo.tn\",\"url\":\"https:\\\/\\\/www.webdo.tn\\\/fr\\\/\",\"logo\":{\"@type\":\"ImageObject\",\"inLanguage\":\"fr-FR\",\"@id\":\"https:\\\/\\\/www.webdo.tn\\\/fr\\\/#\\\/schema\\\/logo\\\/image\\\/\",\"url\":\"https:\\\/\\\/www.webdo.tn\\\/fr\\\/wp-content\\\/uploads\\\/2025\\\/06\\\/Webdo-Tunisie_168377.jpg\",\"contentUrl\":\"https:\\\/\\\/www.webdo.tn\\\/fr\\\/wp-content\\\/uploads\\\/2025\\\/06\\\/Webdo-Tunisie_168377.jpg\",\"width\":301,\"height\":301,\"caption\":\"Webdo\"},\"image\":{\"@id\":\"https:\\\/\\\/www.webdo.tn\\\/fr\\\/#\\\/schema\\\/logo\\\/image\\\/\"},\"sameAs\":[\"https:\\\/\\\/www.facebook.com\\\/webdotn\",\"https:\\\/\\\/x.com\\\/webdo_tn\"],\"description\":\"Webdo est un m\u00e9dia num\u00e9rique tunisien fond\u00e9 en 2010, sp\u00e9cialis\u00e9 dans l\u2019actualit\u00e9 nationale et internationale, l\u2019\u00e9conomie, la soci\u00e9t\u00e9 et les analyses politiques. Le site s\u2019adresse \u00e0 un large public francophone et couvre l\u2019information tunisienne en temps r\u00e9el.\",\"email\":\"redac@webdo.tn\",\"legalName\":\"YNJ SARL\",\"foundingDate\":\"2010-09-06\",\"numberOfEmployees\":{\"@type\":\"QuantitativeValue\",\"minValue\":\"11\",\"maxValue\":\"50\"}},{\"@type\":\"Person\",\"@id\":\"https:\\\/\\\/www.webdo.tn\\\/fr\\\/#\\\/schema\\\/person\\\/9a9c6118d687c117df8ef3cc36a4d175\",\"name\":\"webdo.tn\",\"image\":{\"@type\":\"ImageObject\",\"inLanguage\":\"fr-FR\",\"@id\":\"https:\\\/\\\/secure.gravatar.com\\\/avatar\\\/7ce1f28c0c3bbac99ff550b85ef8e44a6950c6ee24514fb6a5489e51d06f0298?s=96&d=mm&r=g\",\"url\":\"https:\\\/\\\/secure.gravatar.com\\\/avatar\\\/7ce1f28c0c3bbac99ff550b85ef8e44a6950c6ee24514fb6a5489e51d06f0298?s=96&d=mm&r=g\",\"contentUrl\":\"https:\\\/\\\/secure.gravatar.com\\\/avatar\\\/7ce1f28c0c3bbac99ff550b85ef8e44a6950c6ee24514fb6a5489e51d06f0298?s=96&d=mm&r=g\",\"caption\":\"webdo.tn\"},\"url\":\"https:\\\/\\\/www.webdo.tn\\\/fr\\\/actualite\\\/author\\\/webdotn\\\/\"}]}<\/script>\n<!-- \/ Yoast SEO Premium plugin. -->","yoast_head_json":{"title":"Tunisie: Qui se cachait derri\u00e8re Ammar 404 ?","description":"Qui se cachait derri\u00e8re Ammar 404 ?Ammar 404, myst\u00e9rieuse entit\u00e9 de censure sur internet sous Ben Ali en Tunisie. Fonctionnement opaque entre ATI, cyberpolice e...","canonical":"https:\/\/www.webdo.tn\/fr\/actualite\/national\/qui-se-cachait-derriere-ammar-404\/173077\/","og_locale":"fr_FR","og_type":"article","og_title":"Tunisie: Qui se cachait derri\u00e8re Ammar 404 ?","og_description":"Qui se cachait derri\u00e8re Ammar 404 ?Ammar 404, myst\u00e9rieuse entit\u00e9 de censure sur internet sous Ben Ali en Tunisie. Fonctionnement opaque entre ATI, cyberpolice e...","og_url":"https:\/\/www.webdo.tn\/fr\/actualite\/national\/qui-se-cachait-derriere-ammar-404\/173077\/","og_site_name":"webdo","article_publisher":"https:\/\/www.facebook.com\/webdotn","article_published_time":"2011-01-31T11:04:00+00:00","article_modified_time":"2025-06-04T21:03:11+00:00","og_image":[{"width":219,"height":169,"url":"https:\/\/www.webdo.tn\/fr\/wp-content\/uploads\/2011\/01\/Error-404-page-not-found.png","type":"image\/png"}],"author":"webdo.tn","twitter_card":"summary_large_image","twitter_creator":"@webdo_tn","twitter_site":"@webdo_tn","twitter_misc":{"\u00c9crit par":"webdo.tn","Dur\u00e9e de lecture estim\u00e9e":"1 minute"},"schema":{"@context":"https:\/\/schema.org","@graph":[{"@type":"NewsArticle","@id":"https:\/\/www.webdo.tn\/fr\/actualite\/national\/qui-se-cachait-derriere-ammar-404\/173077\/#article","isPartOf":{"@id":"https:\/\/www.webdo.tn\/fr\/actualite\/national\/qui-se-cachait-derriere-ammar-404\/173077\/"},"author":{"name":"webdo.tn","@id":"https:\/\/www.webdo.tn\/fr\/#\/schema\/person\/9a9c6118d687c117df8ef3cc36a4d175"},"headline":"Tunisie: Qui se cachait derri\u00e8re Ammar 404 ?","datePublished":"2011-01-31T11:04:00+00:00","dateModified":"2025-06-04T21:03:11+00:00","mainEntityOfPage":{"@id":"https:\/\/www.webdo.tn\/fr\/actualite\/national\/qui-se-cachait-derriere-ammar-404\/173077\/"},"wordCount":320,"commentCount":0,"publisher":{"@id":"https:\/\/www.webdo.tn\/fr\/#organization"},"image":{"@id":"https:\/\/www.webdo.tn\/fr\/actualite\/national\/qui-se-cachait-derriere-ammar-404\/173077\/#primaryimage"},"thumbnailUrl":"https:\/\/www.webdo.tn\/fr\/wp-content\/uploads\/2011\/01\/Error-404-page-not-found.png","keywords":["Ammar404","censure","Cyberpolicier","Tunisie"],"articleSection":["National"],"inLanguage":"fr-FR"},{"@type":"WebPage","@id":"https:\/\/www.webdo.tn\/fr\/actualite\/national\/qui-se-cachait-derriere-ammar-404\/173077\/","url":"https:\/\/www.webdo.tn\/fr\/actualite\/national\/qui-se-cachait-derriere-ammar-404\/173077\/","name":"Tunisie: Qui se cachait derri\u00e8re Ammar 404 ?","isPartOf":{"@id":"https:\/\/www.webdo.tn\/fr\/#website"},"primaryImageOfPage":{"@id":"https:\/\/www.webdo.tn\/fr\/actualite\/national\/qui-se-cachait-derriere-ammar-404\/173077\/#primaryimage"},"image":{"@id":"https:\/\/www.webdo.tn\/fr\/actualite\/national\/qui-se-cachait-derriere-ammar-404\/173077\/#primaryimage"},"thumbnailUrl":"https:\/\/www.webdo.tn\/fr\/wp-content\/uploads\/2011\/01\/Error-404-page-not-found.png","datePublished":"2011-01-31T11:04:00+00:00","dateModified":"2025-06-04T21:03:11+00:00","description":"Qui se cachait derri\u00e8re Ammar 404 ?Ammar 404, myst\u00e9rieuse entit\u00e9 de censure sur internet sous Ben Ali en Tunisie. Fonctionnement opaque entre ATI, cyberpolice e...","breadcrumb":{"@id":"https:\/\/www.webdo.tn\/fr\/actualite\/national\/qui-se-cachait-derriere-ammar-404\/173077\/#breadcrumb"},"inLanguage":"fr-FR","potentialAction":[{"@type":"ReadAction","target":["https:\/\/www.webdo.tn\/fr\/actualite\/national\/qui-se-cachait-derriere-ammar-404\/173077\/"]}]},{"@type":"ImageObject","inLanguage":"fr-FR","@id":"https:\/\/www.webdo.tn\/fr\/actualite\/national\/qui-se-cachait-derriere-ammar-404\/173077\/#primaryimage","url":"https:\/\/www.webdo.tn\/fr\/wp-content\/uploads\/2011\/01\/Error-404-page-not-found.png","contentUrl":"https:\/\/www.webdo.tn\/fr\/wp-content\/uploads\/2011\/01\/Error-404-page-not-found.png","width":219,"height":169,"caption":"Qui se cachait derri\u00e8re Ammar 404 ?"},{"@type":"BreadcrumbList","@id":"https:\/\/www.webdo.tn\/fr\/actualite\/national\/qui-se-cachait-derriere-ammar-404\/173077\/#breadcrumb","itemListElement":[{"@type":"ListItem","position":1,"name":"Accueil","item":"https:\/\/www.webdo.tn\/fr\/"},{"@type":"ListItem","position":2,"name":"Tunisie: Qui se cachait derri\u00e8re Ammar 404 ?"}]},{"@type":"WebSite","@id":"https:\/\/www.webdo.tn\/fr\/#website","url":"https:\/\/www.webdo.tn\/fr\/","name":"webdo","description":"Tunisie - News en Tunisie et \u00e0 l&#039;international sur Webdo.tn","publisher":{"@id":"https:\/\/www.webdo.tn\/fr\/#organization"},"potentialAction":[{"@type":"SearchAction","target":{"@type":"EntryPoint","urlTemplate":"https:\/\/www.webdo.tn\/fr\/?s={search_term_string}"},"query-input":{"@type":"PropertyValueSpecification","valueRequired":true,"valueName":"search_term_string"}}],"inLanguage":"fr-FR"},{"@type":"Organization","@id":"https:\/\/www.webdo.tn\/fr\/#organization","name":"Webdo","alternateName":"Webdo.tn","url":"https:\/\/www.webdo.tn\/fr\/","logo":{"@type":"ImageObject","inLanguage":"fr-FR","@id":"https:\/\/www.webdo.tn\/fr\/#\/schema\/logo\/image\/","url":"https:\/\/www.webdo.tn\/fr\/wp-content\/uploads\/2025\/06\/Webdo-Tunisie_168377.jpg","contentUrl":"https:\/\/www.webdo.tn\/fr\/wp-content\/uploads\/2025\/06\/Webdo-Tunisie_168377.jpg","width":301,"height":301,"caption":"Webdo"},"image":{"@id":"https:\/\/www.webdo.tn\/fr\/#\/schema\/logo\/image\/"},"sameAs":["https:\/\/www.facebook.com\/webdotn","https:\/\/x.com\/webdo_tn"],"description":"Webdo est un m\u00e9dia num\u00e9rique tunisien fond\u00e9 en 2010, sp\u00e9cialis\u00e9 dans l\u2019actualit\u00e9 nationale et internationale, l\u2019\u00e9conomie, la soci\u00e9t\u00e9 et les analyses politiques. Le site s\u2019adresse \u00e0 un large public francophone et couvre l\u2019information tunisienne en temps r\u00e9el.","email":"redac@webdo.tn","legalName":"YNJ SARL","foundingDate":"2010-09-06","numberOfEmployees":{"@type":"QuantitativeValue","minValue":"11","maxValue":"50"}},{"@type":"Person","@id":"https:\/\/www.webdo.tn\/fr\/#\/schema\/person\/9a9c6118d687c117df8ef3cc36a4d175","name":"webdo.tn","image":{"@type":"ImageObject","inLanguage":"fr-FR","@id":"https:\/\/secure.gravatar.com\/avatar\/7ce1f28c0c3bbac99ff550b85ef8e44a6950c6ee24514fb6a5489e51d06f0298?s=96&d=mm&r=g","url":"https:\/\/secure.gravatar.com\/avatar\/7ce1f28c0c3bbac99ff550b85ef8e44a6950c6ee24514fb6a5489e51d06f0298?s=96&d=mm&r=g","contentUrl":"https:\/\/secure.gravatar.com\/avatar\/7ce1f28c0c3bbac99ff550b85ef8e44a6950c6ee24514fb6a5489e51d06f0298?s=96&d=mm&r=g","caption":"webdo.tn"},"url":"https:\/\/www.webdo.tn\/fr\/actualite\/author\/webdotn\/"}]}},"_links":{"self":[{"href":"https:\/\/www.webdo.tn\/fr\/wp-json\/wp\/v2\/posts\/173077","targetHints":{"allow":["GET"]}}],"collection":[{"href":"https:\/\/www.webdo.tn\/fr\/wp-json\/wp\/v2\/posts"}],"about":[{"href":"https:\/\/www.webdo.tn\/fr\/wp-json\/wp\/v2\/types\/post"}],"author":[{"embeddable":true,"href":"https:\/\/www.webdo.tn\/fr\/wp-json\/wp\/v2\/users\/3222"}],"replies":[{"embeddable":true,"href":"https:\/\/www.webdo.tn\/fr\/wp-json\/wp\/v2\/comments?post=173077"}],"version-history":[{"count":0,"href":"https:\/\/www.webdo.tn\/fr\/wp-json\/wp\/v2\/posts\/173077\/revisions"}],"wp:featuredmedia":[{"embeddable":true,"href":"https:\/\/www.webdo.tn\/fr\/wp-json\/wp\/v2\/media\/365634"}],"wp:attachment":[{"href":"https:\/\/www.webdo.tn\/fr\/wp-json\/wp\/v2\/media?parent=173077"}],"wp:term":[{"taxonomy":"category","embeddable":true,"href":"https:\/\/www.webdo.tn\/fr\/wp-json\/wp\/v2\/categories?post=173077"},{"taxonomy":"post_tag","embeddable":true,"href":"https:\/\/www.webdo.tn\/fr\/wp-json\/wp\/v2\/tags?post=173077"}],"curies":[{"name":"wp","href":"https:\/\/api.w.org\/{rel}","templated":true}]}}