{"id":173074,"date":"2011-01-31T14:40:00","date_gmt":"2011-01-31T14:40:00","guid":{"rendered":"https:\/\/www.webdo.tn\/fr\/actualite\/blog\/montassar-ouali-le-pdg-de-tunisie-telecom-demissionne\/173956\/"},"modified":"2025-06-04T21:03:23","modified_gmt":"2025-06-04T21:03:23","slug":"montassar-ouali-le-pdg-de-tunisie-telecom-demissionne","status":"publish","type":"post","link":"https:\/\/www.webdo.tn\/fr\/actualite\/national\/montassar-ouali-le-pdg-de-tunisie-telecom-demissionne\/173074\/","title":{"rendered":"Montassar Ouali le PDG de Tunisie T\u00e9l\u00e9com, d\u00e9missionne"},"content":{"rendered":"<p>Apr\u00e8s plusieurs manifestations organis\u00e9es depuis le 20 janvier par les employ\u00e9s de Tunisie T\u00e9l\u00e9com demandant la d\u00e9mission de leur PDG Montassar Ouali, ce dernier a pr\u00e9sent\u00e9 ce matin sa lettre de d\u00e9mission au ministre de l\u2019Industrie et de la Technologie.<\/p>\n<p>PDG depuis juillet 2008, Montassar Ouali c\u00e8de sa place \u00e0 un nouveau PDG dont le nom sera annonc\u00e9 tr\u00e8s prochainement.<\/p>\n<p>Selon nos sources, dans la liste des prochains candidats au poste, \u00a0de transition, de pr\u00e9sident directeur g\u00e9n\u00e9ral du groupe Tunisie T\u00e9l\u00e9com, il y a M. Mousser JERBI (Directeur Central des march\u00e9s d&rsquo;entreprises au sein de Tunisie T\u00e9l\u00e9com),  M. Fadhel KRAIEM (Directeur g\u00e9n\u00e9ral adjoint de Tunisie Telecom) et M. Fay\u00e7al HOUAS (Directeur G\u00e9n\u00e9ral de Systel, soci\u00e9t\u00e9 de t\u00e9l\u00e9communication).<\/p>\n<p>En attendant la nomination du nouveau PDG de Tunisie T\u00e9l\u00e9com, qui sera connue d&rsquo;ici demain, voici la lettre de d\u00e9mission de l\u2019ex PDG Montassar Ouali<\/p>\n","protected":false},"excerpt":{"rendered":"<p>Montassar Ouali le PDG de Tunisie T\u00e9l\u00e9com, d\u00e9missionne <\/p>\n","protected":false},"author":3222,"featured_media":365639,"comment_status":"open","ping_status":"closed","sticky":false,"template":"","format":"standard","meta":{"footnotes":""},"categories":[44],"tags":[],"class_list":["post-173074","post","type-post","status-publish","format-standard","has-post-thumbnail","hentry","category-national"],"yoast_head":"<!-- This site is optimized with the Yoast SEO Premium plugin v27.4 (Yoast SEO v27.4) - https:\/\/yoast.com\/product\/yoast-seo-premium-wordpress\/ -->\n<title>Montassar Ouali le PDG de Tunisie T\u00e9l\u00e9com, d\u00e9missionne<\/title>\n<meta name=\"description\" content=\"Montassar Ouali le PDG de Tunisie T\u00e9l\u00e9com, d\u00e9missionne\" \/>\n<link rel=\"canonical\" href=\"https:\/\/www.webdo.tn\/fr\/actualite\/mobile\/montassar-ouali-le-pdg-de-tunisie-telecom-demissionne\/173074\/\" \/>\n<meta property=\"og:locale\" content=\"fr_FR\" \/>\n<meta property=\"og:type\" content=\"article\" \/>\n<meta property=\"og:title\" content=\"Montassar Ouali le PDG de Tunisie T\u00e9l\u00e9com, d\u00e9missionne\" \/>\n<meta property=\"og:description\" content=\"Montassar Ouali le PDG de Tunisie T\u00e9l\u00e9com, d\u00e9missionne\" \/>\n<meta property=\"og:url\" content=\"https:\/\/www.webdo.tn\/fr\/actualite\/mobile\/montassar-ouali-le-pdg-de-tunisie-telecom-demissionne\/173074\/\" \/>\n<meta property=\"og:site_name\" content=\"webdo\" \/>\n<meta property=\"article:publisher\" content=\"https:\/\/www.facebook.com\/webdotn\" \/>\n<meta property=\"article:published_time\" content=\"2011-01-31T14:40:00+00:00\" \/>\n<meta property=\"article:modified_time\" content=\"2025-06-04T21:03:23+00:00\" \/>\n<meta property=\"og:image\" content=\"https:\/\/www.webdo.tn\/fr\/wp-content\/uploads\/2011\/01\/Montassar-Ouaili.jpg\" \/>\n\t<meta property=\"og:image:width\" content=\"209\" \/>\n\t<meta property=\"og:image:height\" content=\"230\" \/>\n\t<meta property=\"og:image:type\" content=\"image\/jpeg\" \/>\n<meta name=\"author\" content=\"webdo.tn\" \/>\n<meta name=\"twitter:card\" content=\"summary_large_image\" \/>\n<meta name=\"twitter:creator\" content=\"@webdo_tn\" \/>\n<meta name=\"twitter:site\" content=\"@webdo_tn\" \/>\n<meta name=\"twitter:label1\" content=\"\u00c9crit par\" \/>\n\t<meta name=\"twitter:data1\" content=\"webdo.tn\" \/>\n\t<meta name=\"twitter:label2\" content=\"Dur\u00e9e de lecture estim\u00e9e\" \/>\n\t<meta name=\"twitter:data2\" content=\"1 minute\" \/>\n<script type=\"application\/ld+json\" class=\"yoast-schema-graph\">{\"@context\":\"https:\\\/\\\/schema.org\",\"@graph\":[{\"@type\":\"NewsArticle\",\"@id\":\"https:\\\/\\\/www.webdo.tn\\\/fr\\\/actualite\\\/mobile\\\/montassar-ouali-le-pdg-de-tunisie-telecom-demissionne\\\/173074\\\/#article\",\"isPartOf\":{\"@id\":\"https:\\\/\\\/www.webdo.tn\\\/fr\\\/actualite\\\/mobile\\\/montassar-ouali-le-pdg-de-tunisie-telecom-demissionne\\\/173074\\\/\"},\"author\":{\"name\":\"webdo.tn\",\"@id\":\"https:\\\/\\\/www.webdo.tn\\\/fr\\\/#\\\/schema\\\/person\\\/9a9c6118d687c117df8ef3cc36a4d175\"},\"headline\":\"Montassar Ouali le PDG de Tunisie T\u00e9l\u00e9com, d\u00e9missionne\",\"datePublished\":\"2011-01-31T14:40:00+00:00\",\"dateModified\":\"2025-06-04T21:03:23+00:00\",\"mainEntityOfPage\":{\"@id\":\"https:\\\/\\\/www.webdo.tn\\\/fr\\\/actualite\\\/mobile\\\/montassar-ouali-le-pdg-de-tunisie-telecom-demissionne\\\/173074\\\/\"},\"wordCount\":183,\"commentCount\":0,\"publisher\":{\"@id\":\"https:\\\/\\\/www.webdo.tn\\\/fr\\\/#organization\"},\"image\":{\"@id\":\"https:\\\/\\\/www.webdo.tn\\\/fr\\\/actualite\\\/mobile\\\/montassar-ouali-le-pdg-de-tunisie-telecom-demissionne\\\/173074\\\/#primaryimage\"},\"thumbnailUrl\":\"https:\\\/\\\/www.webdo.tn\\\/fr\\\/wp-content\\\/uploads\\\/2011\\\/01\\\/Montassar-Ouaili.jpg\",\"articleSection\":[\"National\"],\"inLanguage\":\"fr-FR\"},{\"@type\":\"WebPage\",\"@id\":\"https:\\\/\\\/www.webdo.tn\\\/fr\\\/actualite\\\/mobile\\\/montassar-ouali-le-pdg-de-tunisie-telecom-demissionne\\\/173074\\\/\",\"url\":\"https:\\\/\\\/www.webdo.tn\\\/fr\\\/actualite\\\/mobile\\\/montassar-ouali-le-pdg-de-tunisie-telecom-demissionne\\\/173074\\\/\",\"name\":\"Montassar Ouali le PDG de Tunisie T\u00e9l\u00e9com, d\u00e9missionne\",\"isPartOf\":{\"@id\":\"https:\\\/\\\/www.webdo.tn\\\/fr\\\/#website\"},\"primaryImageOfPage\":{\"@id\":\"https:\\\/\\\/www.webdo.tn\\\/fr\\\/actualite\\\/mobile\\\/montassar-ouali-le-pdg-de-tunisie-telecom-demissionne\\\/173074\\\/#primaryimage\"},\"image\":{\"@id\":\"https:\\\/\\\/www.webdo.tn\\\/fr\\\/actualite\\\/mobile\\\/montassar-ouali-le-pdg-de-tunisie-telecom-demissionne\\\/173074\\\/#primaryimage\"},\"thumbnailUrl\":\"https:\\\/\\\/www.webdo.tn\\\/fr\\\/wp-content\\\/uploads\\\/2011\\\/01\\\/Montassar-Ouaili.jpg\",\"datePublished\":\"2011-01-31T14:40:00+00:00\",\"dateModified\":\"2025-06-04T21:03:23+00:00\",\"description\":\"Montassar Ouali le PDG de Tunisie T\u00e9l\u00e9com, d\u00e9missionne\",\"breadcrumb\":{\"@id\":\"https:\\\/\\\/www.webdo.tn\\\/fr\\\/actualite\\\/mobile\\\/montassar-ouali-le-pdg-de-tunisie-telecom-demissionne\\\/173074\\\/#breadcrumb\"},\"inLanguage\":\"fr-FR\",\"potentialAction\":[{\"@type\":\"ReadAction\",\"target\":[\"https:\\\/\\\/www.webdo.tn\\\/fr\\\/actualite\\\/mobile\\\/montassar-ouali-le-pdg-de-tunisie-telecom-demissionne\\\/173074\\\/\"]}]},{\"@type\":\"ImageObject\",\"inLanguage\":\"fr-FR\",\"@id\":\"https:\\\/\\\/www.webdo.tn\\\/fr\\\/actualite\\\/mobile\\\/montassar-ouali-le-pdg-de-tunisie-telecom-demissionne\\\/173074\\\/#primaryimage\",\"url\":\"https:\\\/\\\/www.webdo.tn\\\/fr\\\/wp-content\\\/uploads\\\/2011\\\/01\\\/Montassar-Ouaili.jpg\",\"contentUrl\":\"https:\\\/\\\/www.webdo.tn\\\/fr\\\/wp-content\\\/uploads\\\/2011\\\/01\\\/Montassar-Ouaili.jpg\",\"width\":209,\"height\":230,\"caption\":\"Montassar Ouali le PDG de Tunisie T\u00e9l\u00e9com, d\u00e9missionne\"},{\"@type\":\"BreadcrumbList\",\"@id\":\"https:\\\/\\\/www.webdo.tn\\\/fr\\\/actualite\\\/mobile\\\/montassar-ouali-le-pdg-de-tunisie-telecom-demissionne\\\/173074\\\/#breadcrumb\",\"itemListElement\":[{\"@type\":\"ListItem\",\"position\":1,\"name\":\"Accueil\",\"item\":\"https:\\\/\\\/www.webdo.tn\\\/fr\\\/\"},{\"@type\":\"ListItem\",\"position\":2,\"name\":\"Montassar Ouali le PDG de Tunisie T\u00e9l\u00e9com, d\u00e9missionne\"}]},{\"@type\":\"WebSite\",\"@id\":\"https:\\\/\\\/www.webdo.tn\\\/fr\\\/#website\",\"url\":\"https:\\\/\\\/www.webdo.tn\\\/fr\\\/\",\"name\":\"webdo\",\"description\":\"Tunisie - News en Tunisie et \u00e0 l&#039;international sur Webdo.tn\",\"publisher\":{\"@id\":\"https:\\\/\\\/www.webdo.tn\\\/fr\\\/#organization\"},\"potentialAction\":[{\"@type\":\"SearchAction\",\"target\":{\"@type\":\"EntryPoint\",\"urlTemplate\":\"https:\\\/\\\/www.webdo.tn\\\/fr\\\/?s={search_term_string}\"},\"query-input\":{\"@type\":\"PropertyValueSpecification\",\"valueRequired\":true,\"valueName\":\"search_term_string\"}}],\"inLanguage\":\"fr-FR\"},{\"@type\":\"Organization\",\"@id\":\"https:\\\/\\\/www.webdo.tn\\\/fr\\\/#organization\",\"name\":\"Webdo\",\"alternateName\":\"Webdo.tn\",\"url\":\"https:\\\/\\\/www.webdo.tn\\\/fr\\\/\",\"logo\":{\"@type\":\"ImageObject\",\"inLanguage\":\"fr-FR\",\"@id\":\"https:\\\/\\\/www.webdo.tn\\\/fr\\\/#\\\/schema\\\/logo\\\/image\\\/\",\"url\":\"https:\\\/\\\/www.webdo.tn\\\/fr\\\/wp-content\\\/uploads\\\/2025\\\/06\\\/Webdo-Tunisie_168377.jpg\",\"contentUrl\":\"https:\\\/\\\/www.webdo.tn\\\/fr\\\/wp-content\\\/uploads\\\/2025\\\/06\\\/Webdo-Tunisie_168377.jpg\",\"width\":301,\"height\":301,\"caption\":\"Webdo\"},\"image\":{\"@id\":\"https:\\\/\\\/www.webdo.tn\\\/fr\\\/#\\\/schema\\\/logo\\\/image\\\/\"},\"sameAs\":[\"https:\\\/\\\/www.facebook.com\\\/webdotn\",\"https:\\\/\\\/x.com\\\/webdo_tn\"],\"description\":\"Webdo est un m\u00e9dia num\u00e9rique tunisien fond\u00e9 en 2010, sp\u00e9cialis\u00e9 dans l\u2019actualit\u00e9 nationale et internationale, l\u2019\u00e9conomie, la soci\u00e9t\u00e9 et les analyses politiques. Le site s\u2019adresse \u00e0 un large public francophone et couvre l\u2019information tunisienne en temps r\u00e9el.\",\"email\":\"redac@webdo.tn\",\"legalName\":\"YNJ SARL\",\"foundingDate\":\"2010-09-06\",\"numberOfEmployees\":{\"@type\":\"QuantitativeValue\",\"minValue\":\"11\",\"maxValue\":\"50\"}},{\"@type\":\"Person\",\"@id\":\"https:\\\/\\\/www.webdo.tn\\\/fr\\\/#\\\/schema\\\/person\\\/9a9c6118d687c117df8ef3cc36a4d175\",\"name\":\"webdo.tn\",\"image\":{\"@type\":\"ImageObject\",\"inLanguage\":\"fr-FR\",\"@id\":\"https:\\\/\\\/secure.gravatar.com\\\/avatar\\\/7ce1f28c0c3bbac99ff550b85ef8e44a6950c6ee24514fb6a5489e51d06f0298?s=96&d=mm&r=g\",\"url\":\"https:\\\/\\\/secure.gravatar.com\\\/avatar\\\/7ce1f28c0c3bbac99ff550b85ef8e44a6950c6ee24514fb6a5489e51d06f0298?s=96&d=mm&r=g\",\"contentUrl\":\"https:\\\/\\\/secure.gravatar.com\\\/avatar\\\/7ce1f28c0c3bbac99ff550b85ef8e44a6950c6ee24514fb6a5489e51d06f0298?s=96&d=mm&r=g\",\"caption\":\"webdo.tn\"},\"url\":\"https:\\\/\\\/www.webdo.tn\\\/fr\\\/actualite\\\/author\\\/webdotn\\\/\"}]}<\/script>\n<!-- \/ Yoast SEO Premium plugin. -->","yoast_head_json":{"title":"Montassar Ouali le PDG de Tunisie T\u00e9l\u00e9com, d\u00e9missionne","description":"Montassar Ouali le PDG de Tunisie T\u00e9l\u00e9com, d\u00e9missionne","canonical":"https:\/\/www.webdo.tn\/fr\/actualite\/mobile\/montassar-ouali-le-pdg-de-tunisie-telecom-demissionne\/173074\/","og_locale":"fr_FR","og_type":"article","og_title":"Montassar Ouali le PDG de Tunisie T\u00e9l\u00e9com, d\u00e9missionne","og_description":"Montassar Ouali le PDG de Tunisie T\u00e9l\u00e9com, d\u00e9missionne","og_url":"https:\/\/www.webdo.tn\/fr\/actualite\/mobile\/montassar-ouali-le-pdg-de-tunisie-telecom-demissionne\/173074\/","og_site_name":"webdo","article_publisher":"https:\/\/www.facebook.com\/webdotn","article_published_time":"2011-01-31T14:40:00+00:00","article_modified_time":"2025-06-04T21:03:23+00:00","og_image":[{"width":209,"height":230,"url":"https:\/\/www.webdo.tn\/fr\/wp-content\/uploads\/2011\/01\/Montassar-Ouaili.jpg","type":"image\/jpeg"}],"author":"webdo.tn","twitter_card":"summary_large_image","twitter_creator":"@webdo_tn","twitter_site":"@webdo_tn","twitter_misc":{"\u00c9crit par":"webdo.tn","Dur\u00e9e de lecture estim\u00e9e":"1 minute"},"schema":{"@context":"https:\/\/schema.org","@graph":[{"@type":"NewsArticle","@id":"https:\/\/www.webdo.tn\/fr\/actualite\/mobile\/montassar-ouali-le-pdg-de-tunisie-telecom-demissionne\/173074\/#article","isPartOf":{"@id":"https:\/\/www.webdo.tn\/fr\/actualite\/mobile\/montassar-ouali-le-pdg-de-tunisie-telecom-demissionne\/173074\/"},"author":{"name":"webdo.tn","@id":"https:\/\/www.webdo.tn\/fr\/#\/schema\/person\/9a9c6118d687c117df8ef3cc36a4d175"},"headline":"Montassar Ouali le PDG de Tunisie T\u00e9l\u00e9com, d\u00e9missionne","datePublished":"2011-01-31T14:40:00+00:00","dateModified":"2025-06-04T21:03:23+00:00","mainEntityOfPage":{"@id":"https:\/\/www.webdo.tn\/fr\/actualite\/mobile\/montassar-ouali-le-pdg-de-tunisie-telecom-demissionne\/173074\/"},"wordCount":183,"commentCount":0,"publisher":{"@id":"https:\/\/www.webdo.tn\/fr\/#organization"},"image":{"@id":"https:\/\/www.webdo.tn\/fr\/actualite\/mobile\/montassar-ouali-le-pdg-de-tunisie-telecom-demissionne\/173074\/#primaryimage"},"thumbnailUrl":"https:\/\/www.webdo.tn\/fr\/wp-content\/uploads\/2011\/01\/Montassar-Ouaili.jpg","articleSection":["National"],"inLanguage":"fr-FR"},{"@type":"WebPage","@id":"https:\/\/www.webdo.tn\/fr\/actualite\/mobile\/montassar-ouali-le-pdg-de-tunisie-telecom-demissionne\/173074\/","url":"https:\/\/www.webdo.tn\/fr\/actualite\/mobile\/montassar-ouali-le-pdg-de-tunisie-telecom-demissionne\/173074\/","name":"Montassar Ouali le PDG de Tunisie T\u00e9l\u00e9com, d\u00e9missionne","isPartOf":{"@id":"https:\/\/www.webdo.tn\/fr\/#website"},"primaryImageOfPage":{"@id":"https:\/\/www.webdo.tn\/fr\/actualite\/mobile\/montassar-ouali-le-pdg-de-tunisie-telecom-demissionne\/173074\/#primaryimage"},"image":{"@id":"https:\/\/www.webdo.tn\/fr\/actualite\/mobile\/montassar-ouali-le-pdg-de-tunisie-telecom-demissionne\/173074\/#primaryimage"},"thumbnailUrl":"https:\/\/www.webdo.tn\/fr\/wp-content\/uploads\/2011\/01\/Montassar-Ouaili.jpg","datePublished":"2011-01-31T14:40:00+00:00","dateModified":"2025-06-04T21:03:23+00:00","description":"Montassar Ouali le PDG de Tunisie T\u00e9l\u00e9com, d\u00e9missionne","breadcrumb":{"@id":"https:\/\/www.webdo.tn\/fr\/actualite\/mobile\/montassar-ouali-le-pdg-de-tunisie-telecom-demissionne\/173074\/#breadcrumb"},"inLanguage":"fr-FR","potentialAction":[{"@type":"ReadAction","target":["https:\/\/www.webdo.tn\/fr\/actualite\/mobile\/montassar-ouali-le-pdg-de-tunisie-telecom-demissionne\/173074\/"]}]},{"@type":"ImageObject","inLanguage":"fr-FR","@id":"https:\/\/www.webdo.tn\/fr\/actualite\/mobile\/montassar-ouali-le-pdg-de-tunisie-telecom-demissionne\/173074\/#primaryimage","url":"https:\/\/www.webdo.tn\/fr\/wp-content\/uploads\/2011\/01\/Montassar-Ouaili.jpg","contentUrl":"https:\/\/www.webdo.tn\/fr\/wp-content\/uploads\/2011\/01\/Montassar-Ouaili.jpg","width":209,"height":230,"caption":"Montassar Ouali le PDG de Tunisie T\u00e9l\u00e9com, d\u00e9missionne"},{"@type":"BreadcrumbList","@id":"https:\/\/www.webdo.tn\/fr\/actualite\/mobile\/montassar-ouali-le-pdg-de-tunisie-telecom-demissionne\/173074\/#breadcrumb","itemListElement":[{"@type":"ListItem","position":1,"name":"Accueil","item":"https:\/\/www.webdo.tn\/fr\/"},{"@type":"ListItem","position":2,"name":"Montassar Ouali le PDG de Tunisie T\u00e9l\u00e9com, d\u00e9missionne"}]},{"@type":"WebSite","@id":"https:\/\/www.webdo.tn\/fr\/#website","url":"https:\/\/www.webdo.tn\/fr\/","name":"webdo","description":"Tunisie - News en Tunisie et \u00e0 l&#039;international sur Webdo.tn","publisher":{"@id":"https:\/\/www.webdo.tn\/fr\/#organization"},"potentialAction":[{"@type":"SearchAction","target":{"@type":"EntryPoint","urlTemplate":"https:\/\/www.webdo.tn\/fr\/?s={search_term_string}"},"query-input":{"@type":"PropertyValueSpecification","valueRequired":true,"valueName":"search_term_string"}}],"inLanguage":"fr-FR"},{"@type":"Organization","@id":"https:\/\/www.webdo.tn\/fr\/#organization","name":"Webdo","alternateName":"Webdo.tn","url":"https:\/\/www.webdo.tn\/fr\/","logo":{"@type":"ImageObject","inLanguage":"fr-FR","@id":"https:\/\/www.webdo.tn\/fr\/#\/schema\/logo\/image\/","url":"https:\/\/www.webdo.tn\/fr\/wp-content\/uploads\/2025\/06\/Webdo-Tunisie_168377.jpg","contentUrl":"https:\/\/www.webdo.tn\/fr\/wp-content\/uploads\/2025\/06\/Webdo-Tunisie_168377.jpg","width":301,"height":301,"caption":"Webdo"},"image":{"@id":"https:\/\/www.webdo.tn\/fr\/#\/schema\/logo\/image\/"},"sameAs":["https:\/\/www.facebook.com\/webdotn","https:\/\/x.com\/webdo_tn"],"description":"Webdo est un m\u00e9dia num\u00e9rique tunisien fond\u00e9 en 2010, sp\u00e9cialis\u00e9 dans l\u2019actualit\u00e9 nationale et internationale, l\u2019\u00e9conomie, la soci\u00e9t\u00e9 et les analyses politiques. Le site s\u2019adresse \u00e0 un large public francophone et couvre l\u2019information tunisienne en temps r\u00e9el.","email":"redac@webdo.tn","legalName":"YNJ SARL","foundingDate":"2010-09-06","numberOfEmployees":{"@type":"QuantitativeValue","minValue":"11","maxValue":"50"}},{"@type":"Person","@id":"https:\/\/www.webdo.tn\/fr\/#\/schema\/person\/9a9c6118d687c117df8ef3cc36a4d175","name":"webdo.tn","image":{"@type":"ImageObject","inLanguage":"fr-FR","@id":"https:\/\/secure.gravatar.com\/avatar\/7ce1f28c0c3bbac99ff550b85ef8e44a6950c6ee24514fb6a5489e51d06f0298?s=96&d=mm&r=g","url":"https:\/\/secure.gravatar.com\/avatar\/7ce1f28c0c3bbac99ff550b85ef8e44a6950c6ee24514fb6a5489e51d06f0298?s=96&d=mm&r=g","contentUrl":"https:\/\/secure.gravatar.com\/avatar\/7ce1f28c0c3bbac99ff550b85ef8e44a6950c6ee24514fb6a5489e51d06f0298?s=96&d=mm&r=g","caption":"webdo.tn"},"url":"https:\/\/www.webdo.tn\/fr\/actualite\/author\/webdotn\/"}]}},"_links":{"self":[{"href":"https:\/\/www.webdo.tn\/fr\/wp-json\/wp\/v2\/posts\/173074","targetHints":{"allow":["GET"]}}],"collection":[{"href":"https:\/\/www.webdo.tn\/fr\/wp-json\/wp\/v2\/posts"}],"about":[{"href":"https:\/\/www.webdo.tn\/fr\/wp-json\/wp\/v2\/types\/post"}],"author":[{"embeddable":true,"href":"https:\/\/www.webdo.tn\/fr\/wp-json\/wp\/v2\/users\/3222"}],"replies":[{"embeddable":true,"href":"https:\/\/www.webdo.tn\/fr\/wp-json\/wp\/v2\/comments?post=173074"}],"version-history":[{"count":0,"href":"https:\/\/www.webdo.tn\/fr\/wp-json\/wp\/v2\/posts\/173074\/revisions"}],"wp:featuredmedia":[{"embeddable":true,"href":"https:\/\/www.webdo.tn\/fr\/wp-json\/wp\/v2\/media\/365639"}],"wp:attachment":[{"href":"https:\/\/www.webdo.tn\/fr\/wp-json\/wp\/v2\/media?parent=173074"}],"wp:term":[{"taxonomy":"category","embeddable":true,"href":"https:\/\/www.webdo.tn\/fr\/wp-json\/wp\/v2\/categories?post=173074"},{"taxonomy":"post_tag","embeddable":true,"href":"https:\/\/www.webdo.tn\/fr\/wp-json\/wp\/v2\/tags?post=173074"}],"curies":[{"name":"wp","href":"https:\/\/api.w.org\/{rel}","templated":true}]}}