{"id":173071,"date":"2011-02-01T11:05:00","date_gmt":"2011-02-01T11:05:00","guid":{"rendered":"https:\/\/www.webdo.tn\/fr\/actualite\/blog\/raouf-chkir-le-nouveau-pdg-de-tunisie-telecom\/173955\/"},"modified":"2025-06-04T21:03:37","modified_gmt":"2025-06-04T21:03:37","slug":"raouf-chkir-le-nouveau-pdg-de-tunisie-telecom","status":"publish","type":"post","link":"https:\/\/www.webdo.tn\/fr\/actualite\/national\/raouf-chkir-le-nouveau-pdg-de-tunisie-telecom\/173071\/","title":{"rendered":"Raouf Chkir, le nouveau PDG de Tunisie T\u00e9l\u00e9com"},"content":{"rendered":"<p>Apr\u00e8s la\u00a0d\u00e9mission de Montassar Ouali, l\u2019ex PDG de Tunisie T\u00e9l\u00e9com, le ministre de l\u2019Industrie et de la Technologie vient de nommer\u00a0Raouf Chekir\u00a0au poste de Pr\u00e9sident Directeur G\u00e9n\u00e9ral du groupe Tunisie T\u00e9l\u00e9com.<br \/>\nHier, nous avons annonc\u00e9 que  Mousser JERBI (Directeur Central des march\u00e9s d&rsquo;entreprises au sein de Tunisie T\u00e9l\u00e9com), Fadhel KRAIEM (Directeur g\u00e9n\u00e9ral adjoint de Tunisie Telecom) ou Fay\u00e7al HOUAS, sont les candidats au poste de PDG de TT.<br \/>\nLe rempla\u00e7ant de Montassar Ouali a \u00e9t\u00e9 nomm\u00e9  PDG pour une dur\u00e9e de 6 mois, le temps donn\u00e9 au gouvernement de transition pour mettre de l&rsquo;ordre dans le pays. Cela explique, entre autres, le choix de Raouf Chekir.<br \/>\nLe nouveau PDG est un sp\u00e9cialiste dans le domaine des t\u00e9l\u00e9communications. Il a occup\u00e9 le poste de Pr\u00e9sident Directeur G\u00e9n\u00e9ral de l\u2019Office National de T\u00e9l\u00e9diffusion \u00e0 Tunis. Il a \u00e9t\u00e9, aussi, conseiller du Minist\u00e8re des Technologies et de la Communication.<br \/>\nRaouf Chekir repr\u00e9sentait l\u2019\u00e9tat Tunisien au conseil d\u2019administration de Tunisie T\u00e9l\u00e9com avant sa nomination, aujourd&rsquo;hui, \u00e0 la t\u00eate du groupe Tunisie T\u00e9l\u00e9com.<br \/>\nEsp\u00e9rons que cette nomination soit approuv\u00e9e par le staff de Tunisie telecom, qui a r\u00e9clamm\u00e9 une am\u00e9lioration de leur conditions de travail.<\/p>\n","protected":false},"excerpt":{"rendered":"<p>Raouf Chkir, le nouveau PDG de Tunisie T\u00e9l\u00e9com<\/p>\n","protected":false},"author":3222,"featured_media":365641,"comment_status":"open","ping_status":"closed","sticky":false,"template":"","format":"standard","meta":{"footnotes":""},"categories":[44],"tags":[],"class_list":["post-173071","post","type-post","status-publish","format-standard","has-post-thumbnail","hentry","category-national"],"yoast_head":"<!-- This site is optimized with the Yoast SEO Premium plugin v27.4 (Yoast SEO v27.4) - https:\/\/yoast.com\/product\/yoast-seo-premium-wordpress\/ -->\n<title>Raouf Chkir, le nouveau PDG de Tunisie T\u00e9l\u00e9com<\/title>\n<meta name=\"description\" content=\"Raouf Chkir, le nouveau PDG de Tunisie T\u00e9l\u00e9com\" \/>\n<link rel=\"canonical\" href=\"https:\/\/www.webdo.tn\/fr\/actualite\/mobile\/raouf-chkir-le-nouveau-pdg-de-tunisie-telecom\/173071\/\" \/>\n<meta property=\"og:locale\" content=\"fr_FR\" \/>\n<meta property=\"og:type\" content=\"article\" \/>\n<meta property=\"og:title\" content=\"Raouf Chkir, le nouveau PDG de Tunisie T\u00e9l\u00e9com\" \/>\n<meta property=\"og:description\" content=\"Raouf Chkir, le nouveau PDG de Tunisie T\u00e9l\u00e9com\" \/>\n<meta property=\"og:url\" content=\"https:\/\/www.webdo.tn\/fr\/actualite\/mobile\/raouf-chkir-le-nouveau-pdg-de-tunisie-telecom\/173071\/\" \/>\n<meta property=\"og:site_name\" content=\"webdo\" \/>\n<meta property=\"article:publisher\" content=\"https:\/\/www.facebook.com\/webdotn\" \/>\n<meta property=\"article:published_time\" content=\"2011-02-01T11:05:00+00:00\" \/>\n<meta property=\"article:modified_time\" content=\"2025-06-04T21:03:37+00:00\" \/>\n<meta property=\"og:image\" content=\"https:\/\/www.webdo.tn\/fr\/wp-content\/uploads\/2011\/02\/Tunisie-Telecom-150x150-1.jpg\" \/>\n\t<meta property=\"og:image:width\" content=\"150\" \/>\n\t<meta property=\"og:image:height\" content=\"150\" \/>\n\t<meta property=\"og:image:type\" content=\"image\/jpeg\" \/>\n<meta name=\"author\" content=\"webdo.tn\" \/>\n<meta name=\"twitter:card\" content=\"summary_large_image\" \/>\n<meta name=\"twitter:creator\" content=\"@webdo_tn\" \/>\n<meta name=\"twitter:site\" content=\"@webdo_tn\" \/>\n<meta name=\"twitter:label1\" content=\"\u00c9crit par\" \/>\n\t<meta name=\"twitter:data1\" content=\"webdo.tn\" \/>\n\t<meta name=\"twitter:label2\" content=\"Dur\u00e9e de lecture estim\u00e9e\" \/>\n\t<meta name=\"twitter:data2\" content=\"1 minute\" \/>\n<script type=\"application\/ld+json\" class=\"yoast-schema-graph\">{\"@context\":\"https:\\\/\\\/schema.org\",\"@graph\":[{\"@type\":\"NewsArticle\",\"@id\":\"https:\\\/\\\/www.webdo.tn\\\/fr\\\/actualite\\\/mobile\\\/raouf-chkir-le-nouveau-pdg-de-tunisie-telecom\\\/173071\\\/#article\",\"isPartOf\":{\"@id\":\"https:\\\/\\\/www.webdo.tn\\\/fr\\\/actualite\\\/mobile\\\/raouf-chkir-le-nouveau-pdg-de-tunisie-telecom\\\/173071\\\/\"},\"author\":{\"name\":\"webdo.tn\",\"@id\":\"https:\\\/\\\/www.webdo.tn\\\/fr\\\/#\\\/schema\\\/person\\\/9a9c6118d687c117df8ef3cc36a4d175\"},\"headline\":\"Raouf Chkir, le nouveau PDG de Tunisie T\u00e9l\u00e9com\",\"datePublished\":\"2011-02-01T11:05:00+00:00\",\"dateModified\":\"2025-06-04T21:03:37+00:00\",\"mainEntityOfPage\":{\"@id\":\"https:\\\/\\\/www.webdo.tn\\\/fr\\\/actualite\\\/mobile\\\/raouf-chkir-le-nouveau-pdg-de-tunisie-telecom\\\/173071\\\/\"},\"wordCount\":244,\"commentCount\":0,\"publisher\":{\"@id\":\"https:\\\/\\\/www.webdo.tn\\\/fr\\\/#organization\"},\"image\":{\"@id\":\"https:\\\/\\\/www.webdo.tn\\\/fr\\\/actualite\\\/mobile\\\/raouf-chkir-le-nouveau-pdg-de-tunisie-telecom\\\/173071\\\/#primaryimage\"},\"thumbnailUrl\":\"https:\\\/\\\/www.webdo.tn\\\/fr\\\/wp-content\\\/uploads\\\/2011\\\/02\\\/Tunisie-Telecom-150x150-1.jpg\",\"articleSection\":[\"National\"],\"inLanguage\":\"fr-FR\"},{\"@type\":\"WebPage\",\"@id\":\"https:\\\/\\\/www.webdo.tn\\\/fr\\\/actualite\\\/mobile\\\/raouf-chkir-le-nouveau-pdg-de-tunisie-telecom\\\/173071\\\/\",\"url\":\"https:\\\/\\\/www.webdo.tn\\\/fr\\\/actualite\\\/mobile\\\/raouf-chkir-le-nouveau-pdg-de-tunisie-telecom\\\/173071\\\/\",\"name\":\"Raouf Chkir, le nouveau PDG de Tunisie T\u00e9l\u00e9com\",\"isPartOf\":{\"@id\":\"https:\\\/\\\/www.webdo.tn\\\/fr\\\/#website\"},\"primaryImageOfPage\":{\"@id\":\"https:\\\/\\\/www.webdo.tn\\\/fr\\\/actualite\\\/mobile\\\/raouf-chkir-le-nouveau-pdg-de-tunisie-telecom\\\/173071\\\/#primaryimage\"},\"image\":{\"@id\":\"https:\\\/\\\/www.webdo.tn\\\/fr\\\/actualite\\\/mobile\\\/raouf-chkir-le-nouveau-pdg-de-tunisie-telecom\\\/173071\\\/#primaryimage\"},\"thumbnailUrl\":\"https:\\\/\\\/www.webdo.tn\\\/fr\\\/wp-content\\\/uploads\\\/2011\\\/02\\\/Tunisie-Telecom-150x150-1.jpg\",\"datePublished\":\"2011-02-01T11:05:00+00:00\",\"dateModified\":\"2025-06-04T21:03:37+00:00\",\"description\":\"Raouf Chkir, le nouveau PDG de Tunisie T\u00e9l\u00e9com\",\"breadcrumb\":{\"@id\":\"https:\\\/\\\/www.webdo.tn\\\/fr\\\/actualite\\\/mobile\\\/raouf-chkir-le-nouveau-pdg-de-tunisie-telecom\\\/173071\\\/#breadcrumb\"},\"inLanguage\":\"fr-FR\",\"potentialAction\":[{\"@type\":\"ReadAction\",\"target\":[\"https:\\\/\\\/www.webdo.tn\\\/fr\\\/actualite\\\/mobile\\\/raouf-chkir-le-nouveau-pdg-de-tunisie-telecom\\\/173071\\\/\"]}]},{\"@type\":\"ImageObject\",\"inLanguage\":\"fr-FR\",\"@id\":\"https:\\\/\\\/www.webdo.tn\\\/fr\\\/actualite\\\/mobile\\\/raouf-chkir-le-nouveau-pdg-de-tunisie-telecom\\\/173071\\\/#primaryimage\",\"url\":\"https:\\\/\\\/www.webdo.tn\\\/fr\\\/wp-content\\\/uploads\\\/2011\\\/02\\\/Tunisie-Telecom-150x150-1.jpg\",\"contentUrl\":\"https:\\\/\\\/www.webdo.tn\\\/fr\\\/wp-content\\\/uploads\\\/2011\\\/02\\\/Tunisie-Telecom-150x150-1.jpg\",\"width\":150,\"height\":150,\"caption\":\"Raouf Chkir, le nouveau PDG de Tunisie T\u00e9l\u00e9com\"},{\"@type\":\"BreadcrumbList\",\"@id\":\"https:\\\/\\\/www.webdo.tn\\\/fr\\\/actualite\\\/mobile\\\/raouf-chkir-le-nouveau-pdg-de-tunisie-telecom\\\/173071\\\/#breadcrumb\",\"itemListElement\":[{\"@type\":\"ListItem\",\"position\":1,\"name\":\"Accueil\",\"item\":\"https:\\\/\\\/www.webdo.tn\\\/fr\\\/\"},{\"@type\":\"ListItem\",\"position\":2,\"name\":\"Raouf Chkir, le nouveau PDG de Tunisie T\u00e9l\u00e9com\"}]},{\"@type\":\"WebSite\",\"@id\":\"https:\\\/\\\/www.webdo.tn\\\/fr\\\/#website\",\"url\":\"https:\\\/\\\/www.webdo.tn\\\/fr\\\/\",\"name\":\"webdo\",\"description\":\"Tunisie - News en Tunisie et \u00e0 l&#039;international sur Webdo.tn\",\"publisher\":{\"@id\":\"https:\\\/\\\/www.webdo.tn\\\/fr\\\/#organization\"},\"potentialAction\":[{\"@type\":\"SearchAction\",\"target\":{\"@type\":\"EntryPoint\",\"urlTemplate\":\"https:\\\/\\\/www.webdo.tn\\\/fr\\\/?s={search_term_string}\"},\"query-input\":{\"@type\":\"PropertyValueSpecification\",\"valueRequired\":true,\"valueName\":\"search_term_string\"}}],\"inLanguage\":\"fr-FR\"},{\"@type\":\"Organization\",\"@id\":\"https:\\\/\\\/www.webdo.tn\\\/fr\\\/#organization\",\"name\":\"Webdo\",\"alternateName\":\"Webdo.tn\",\"url\":\"https:\\\/\\\/www.webdo.tn\\\/fr\\\/\",\"logo\":{\"@type\":\"ImageObject\",\"inLanguage\":\"fr-FR\",\"@id\":\"https:\\\/\\\/www.webdo.tn\\\/fr\\\/#\\\/schema\\\/logo\\\/image\\\/\",\"url\":\"https:\\\/\\\/www.webdo.tn\\\/fr\\\/wp-content\\\/uploads\\\/2025\\\/06\\\/Webdo-Tunisie_168377.jpg\",\"contentUrl\":\"https:\\\/\\\/www.webdo.tn\\\/fr\\\/wp-content\\\/uploads\\\/2025\\\/06\\\/Webdo-Tunisie_168377.jpg\",\"width\":301,\"height\":301,\"caption\":\"Webdo\"},\"image\":{\"@id\":\"https:\\\/\\\/www.webdo.tn\\\/fr\\\/#\\\/schema\\\/logo\\\/image\\\/\"},\"sameAs\":[\"https:\\\/\\\/www.facebook.com\\\/webdotn\",\"https:\\\/\\\/x.com\\\/webdo_tn\"],\"description\":\"Webdo est un m\u00e9dia num\u00e9rique tunisien fond\u00e9 en 2010, sp\u00e9cialis\u00e9 dans l\u2019actualit\u00e9 nationale et internationale, l\u2019\u00e9conomie, la soci\u00e9t\u00e9 et les analyses politiques. Le site s\u2019adresse \u00e0 un large public francophone et couvre l\u2019information tunisienne en temps r\u00e9el.\",\"email\":\"redac@webdo.tn\",\"legalName\":\"YNJ SARL\",\"foundingDate\":\"2010-09-06\",\"numberOfEmployees\":{\"@type\":\"QuantitativeValue\",\"minValue\":\"11\",\"maxValue\":\"50\"}},{\"@type\":\"Person\",\"@id\":\"https:\\\/\\\/www.webdo.tn\\\/fr\\\/#\\\/schema\\\/person\\\/9a9c6118d687c117df8ef3cc36a4d175\",\"name\":\"webdo.tn\",\"image\":{\"@type\":\"ImageObject\",\"inLanguage\":\"fr-FR\",\"@id\":\"https:\\\/\\\/secure.gravatar.com\\\/avatar\\\/7ce1f28c0c3bbac99ff550b85ef8e44a6950c6ee24514fb6a5489e51d06f0298?s=96&d=mm&r=g\",\"url\":\"https:\\\/\\\/secure.gravatar.com\\\/avatar\\\/7ce1f28c0c3bbac99ff550b85ef8e44a6950c6ee24514fb6a5489e51d06f0298?s=96&d=mm&r=g\",\"contentUrl\":\"https:\\\/\\\/secure.gravatar.com\\\/avatar\\\/7ce1f28c0c3bbac99ff550b85ef8e44a6950c6ee24514fb6a5489e51d06f0298?s=96&d=mm&r=g\",\"caption\":\"webdo.tn\"},\"url\":\"https:\\\/\\\/www.webdo.tn\\\/fr\\\/actualite\\\/author\\\/webdotn\\\/\"}]}<\/script>\n<!-- \/ Yoast SEO Premium plugin. -->","yoast_head_json":{"title":"Raouf Chkir, le nouveau PDG de Tunisie T\u00e9l\u00e9com","description":"Raouf Chkir, le nouveau PDG de Tunisie T\u00e9l\u00e9com","canonical":"https:\/\/www.webdo.tn\/fr\/actualite\/mobile\/raouf-chkir-le-nouveau-pdg-de-tunisie-telecom\/173071\/","og_locale":"fr_FR","og_type":"article","og_title":"Raouf Chkir, le nouveau PDG de Tunisie T\u00e9l\u00e9com","og_description":"Raouf Chkir, le nouveau PDG de Tunisie T\u00e9l\u00e9com","og_url":"https:\/\/www.webdo.tn\/fr\/actualite\/mobile\/raouf-chkir-le-nouveau-pdg-de-tunisie-telecom\/173071\/","og_site_name":"webdo","article_publisher":"https:\/\/www.facebook.com\/webdotn","article_published_time":"2011-02-01T11:05:00+00:00","article_modified_time":"2025-06-04T21:03:37+00:00","og_image":[{"width":150,"height":150,"url":"https:\/\/www.webdo.tn\/fr\/wp-content\/uploads\/2011\/02\/Tunisie-Telecom-150x150-1.jpg","type":"image\/jpeg"}],"author":"webdo.tn","twitter_card":"summary_large_image","twitter_creator":"@webdo_tn","twitter_site":"@webdo_tn","twitter_misc":{"\u00c9crit par":"webdo.tn","Dur\u00e9e de lecture estim\u00e9e":"1 minute"},"schema":{"@context":"https:\/\/schema.org","@graph":[{"@type":"NewsArticle","@id":"https:\/\/www.webdo.tn\/fr\/actualite\/mobile\/raouf-chkir-le-nouveau-pdg-de-tunisie-telecom\/173071\/#article","isPartOf":{"@id":"https:\/\/www.webdo.tn\/fr\/actualite\/mobile\/raouf-chkir-le-nouveau-pdg-de-tunisie-telecom\/173071\/"},"author":{"name":"webdo.tn","@id":"https:\/\/www.webdo.tn\/fr\/#\/schema\/person\/9a9c6118d687c117df8ef3cc36a4d175"},"headline":"Raouf Chkir, le nouveau PDG de Tunisie T\u00e9l\u00e9com","datePublished":"2011-02-01T11:05:00+00:00","dateModified":"2025-06-04T21:03:37+00:00","mainEntityOfPage":{"@id":"https:\/\/www.webdo.tn\/fr\/actualite\/mobile\/raouf-chkir-le-nouveau-pdg-de-tunisie-telecom\/173071\/"},"wordCount":244,"commentCount":0,"publisher":{"@id":"https:\/\/www.webdo.tn\/fr\/#organization"},"image":{"@id":"https:\/\/www.webdo.tn\/fr\/actualite\/mobile\/raouf-chkir-le-nouveau-pdg-de-tunisie-telecom\/173071\/#primaryimage"},"thumbnailUrl":"https:\/\/www.webdo.tn\/fr\/wp-content\/uploads\/2011\/02\/Tunisie-Telecom-150x150-1.jpg","articleSection":["National"],"inLanguage":"fr-FR"},{"@type":"WebPage","@id":"https:\/\/www.webdo.tn\/fr\/actualite\/mobile\/raouf-chkir-le-nouveau-pdg-de-tunisie-telecom\/173071\/","url":"https:\/\/www.webdo.tn\/fr\/actualite\/mobile\/raouf-chkir-le-nouveau-pdg-de-tunisie-telecom\/173071\/","name":"Raouf Chkir, le nouveau PDG de Tunisie T\u00e9l\u00e9com","isPartOf":{"@id":"https:\/\/www.webdo.tn\/fr\/#website"},"primaryImageOfPage":{"@id":"https:\/\/www.webdo.tn\/fr\/actualite\/mobile\/raouf-chkir-le-nouveau-pdg-de-tunisie-telecom\/173071\/#primaryimage"},"image":{"@id":"https:\/\/www.webdo.tn\/fr\/actualite\/mobile\/raouf-chkir-le-nouveau-pdg-de-tunisie-telecom\/173071\/#primaryimage"},"thumbnailUrl":"https:\/\/www.webdo.tn\/fr\/wp-content\/uploads\/2011\/02\/Tunisie-Telecom-150x150-1.jpg","datePublished":"2011-02-01T11:05:00+00:00","dateModified":"2025-06-04T21:03:37+00:00","description":"Raouf Chkir, le nouveau PDG de Tunisie T\u00e9l\u00e9com","breadcrumb":{"@id":"https:\/\/www.webdo.tn\/fr\/actualite\/mobile\/raouf-chkir-le-nouveau-pdg-de-tunisie-telecom\/173071\/#breadcrumb"},"inLanguage":"fr-FR","potentialAction":[{"@type":"ReadAction","target":["https:\/\/www.webdo.tn\/fr\/actualite\/mobile\/raouf-chkir-le-nouveau-pdg-de-tunisie-telecom\/173071\/"]}]},{"@type":"ImageObject","inLanguage":"fr-FR","@id":"https:\/\/www.webdo.tn\/fr\/actualite\/mobile\/raouf-chkir-le-nouveau-pdg-de-tunisie-telecom\/173071\/#primaryimage","url":"https:\/\/www.webdo.tn\/fr\/wp-content\/uploads\/2011\/02\/Tunisie-Telecom-150x150-1.jpg","contentUrl":"https:\/\/www.webdo.tn\/fr\/wp-content\/uploads\/2011\/02\/Tunisie-Telecom-150x150-1.jpg","width":150,"height":150,"caption":"Raouf Chkir, le nouveau PDG de Tunisie T\u00e9l\u00e9com"},{"@type":"BreadcrumbList","@id":"https:\/\/www.webdo.tn\/fr\/actualite\/mobile\/raouf-chkir-le-nouveau-pdg-de-tunisie-telecom\/173071\/#breadcrumb","itemListElement":[{"@type":"ListItem","position":1,"name":"Accueil","item":"https:\/\/www.webdo.tn\/fr\/"},{"@type":"ListItem","position":2,"name":"Raouf Chkir, le nouveau PDG de Tunisie T\u00e9l\u00e9com"}]},{"@type":"WebSite","@id":"https:\/\/www.webdo.tn\/fr\/#website","url":"https:\/\/www.webdo.tn\/fr\/","name":"webdo","description":"Tunisie - News en Tunisie et \u00e0 l&#039;international sur Webdo.tn","publisher":{"@id":"https:\/\/www.webdo.tn\/fr\/#organization"},"potentialAction":[{"@type":"SearchAction","target":{"@type":"EntryPoint","urlTemplate":"https:\/\/www.webdo.tn\/fr\/?s={search_term_string}"},"query-input":{"@type":"PropertyValueSpecification","valueRequired":true,"valueName":"search_term_string"}}],"inLanguage":"fr-FR"},{"@type":"Organization","@id":"https:\/\/www.webdo.tn\/fr\/#organization","name":"Webdo","alternateName":"Webdo.tn","url":"https:\/\/www.webdo.tn\/fr\/","logo":{"@type":"ImageObject","inLanguage":"fr-FR","@id":"https:\/\/www.webdo.tn\/fr\/#\/schema\/logo\/image\/","url":"https:\/\/www.webdo.tn\/fr\/wp-content\/uploads\/2025\/06\/Webdo-Tunisie_168377.jpg","contentUrl":"https:\/\/www.webdo.tn\/fr\/wp-content\/uploads\/2025\/06\/Webdo-Tunisie_168377.jpg","width":301,"height":301,"caption":"Webdo"},"image":{"@id":"https:\/\/www.webdo.tn\/fr\/#\/schema\/logo\/image\/"},"sameAs":["https:\/\/www.facebook.com\/webdotn","https:\/\/x.com\/webdo_tn"],"description":"Webdo est un m\u00e9dia num\u00e9rique tunisien fond\u00e9 en 2010, sp\u00e9cialis\u00e9 dans l\u2019actualit\u00e9 nationale et internationale, l\u2019\u00e9conomie, la soci\u00e9t\u00e9 et les analyses politiques. Le site s\u2019adresse \u00e0 un large public francophone et couvre l\u2019information tunisienne en temps r\u00e9el.","email":"redac@webdo.tn","legalName":"YNJ SARL","foundingDate":"2010-09-06","numberOfEmployees":{"@type":"QuantitativeValue","minValue":"11","maxValue":"50"}},{"@type":"Person","@id":"https:\/\/www.webdo.tn\/fr\/#\/schema\/person\/9a9c6118d687c117df8ef3cc36a4d175","name":"webdo.tn","image":{"@type":"ImageObject","inLanguage":"fr-FR","@id":"https:\/\/secure.gravatar.com\/avatar\/7ce1f28c0c3bbac99ff550b85ef8e44a6950c6ee24514fb6a5489e51d06f0298?s=96&d=mm&r=g","url":"https:\/\/secure.gravatar.com\/avatar\/7ce1f28c0c3bbac99ff550b85ef8e44a6950c6ee24514fb6a5489e51d06f0298?s=96&d=mm&r=g","contentUrl":"https:\/\/secure.gravatar.com\/avatar\/7ce1f28c0c3bbac99ff550b85ef8e44a6950c6ee24514fb6a5489e51d06f0298?s=96&d=mm&r=g","caption":"webdo.tn"},"url":"https:\/\/www.webdo.tn\/fr\/actualite\/author\/webdotn\/"}]}},"_links":{"self":[{"href":"https:\/\/www.webdo.tn\/fr\/wp-json\/wp\/v2\/posts\/173071","targetHints":{"allow":["GET"]}}],"collection":[{"href":"https:\/\/www.webdo.tn\/fr\/wp-json\/wp\/v2\/posts"}],"about":[{"href":"https:\/\/www.webdo.tn\/fr\/wp-json\/wp\/v2\/types\/post"}],"author":[{"embeddable":true,"href":"https:\/\/www.webdo.tn\/fr\/wp-json\/wp\/v2\/users\/3222"}],"replies":[{"embeddable":true,"href":"https:\/\/www.webdo.tn\/fr\/wp-json\/wp\/v2\/comments?post=173071"}],"version-history":[{"count":0,"href":"https:\/\/www.webdo.tn\/fr\/wp-json\/wp\/v2\/posts\/173071\/revisions"}],"wp:featuredmedia":[{"embeddable":true,"href":"https:\/\/www.webdo.tn\/fr\/wp-json\/wp\/v2\/media\/365641"}],"wp:attachment":[{"href":"https:\/\/www.webdo.tn\/fr\/wp-json\/wp\/v2\/media?parent=173071"}],"wp:term":[{"taxonomy":"category","embeddable":true,"href":"https:\/\/www.webdo.tn\/fr\/wp-json\/wp\/v2\/categories?post=173071"},{"taxonomy":"post_tag","embeddable":true,"href":"https:\/\/www.webdo.tn\/fr\/wp-json\/wp\/v2\/tags?post=173071"}],"curies":[{"name":"wp","href":"https:\/\/api.w.org\/{rel}","templated":true}]}}