{"id":173068,"date":"2011-02-01T15:04:00","date_gmt":"2011-02-01T15:04:00","guid":{"rendered":"https:\/\/www.webdo.tn\/fr\/actualite\/blog\/saisi-dun-avion-appartenant-a-marouane-mabrouk\/173068\/"},"modified":"2011-02-01T15:04:00","modified_gmt":"2011-02-01T15:04:00","slug":"saisi-dun-avion-appartenant-a-marouane-mabrouk","status":"publish","type":"post","link":"https:\/\/www.webdo.tn\/fr\/actualite\/national\/saisi-dun-avion-appartenant-a-marouane-mabrouk\/173068\/","title":{"rendered":"Saisie d&rsquo;un avion appartenant \u00e0 Marouane Mabrouk?"},"content":{"rendered":"<p>Selon challenges.fr, \u00ab\u00a0la justice fran\u00e7aise a saisi mardi 1er f\u00e9vrier au matin un avion appartenant \u00e0 la famille du pr\u00e9sident tunisien d\u00e9chu Zine El Abidine Ben Ali \u00e0 l&rsquo;a\u00e9roport du Bourget pr\u00e8s de Paris\u00a0\u00ab\u00a0. Or selon la m\u00eame source cet avion \u00a0\u00bb\u00a0appartiendrait \u00e0 Marouane Mabrouk, gendre de Zine El Abidine Ben Ali\u00a0\u00bb.<\/p>\n<p>Une information qui ne fera qu&rsquo;aggraver la tension politico-\u00e9conomique en Tunisie, vue que le nom de Marouane Mabrouk, qui ne s&rsquo;est pas enfuit, n&rsquo;appartient pas \u00e0 la fameuse liste des personnes accus\u00e9es de complot contre la s\u00fbret\u00e9 nationale, d&rsquo;acquisition ill\u00e9gale de biens mobiliers et immobiliers et placements financiers illicites \u00e0 l&rsquo;\u00e9tranger, et transfert de devises sans pr\u00e9avis de la Banque Centrale.<\/p>\n<p>D&rsquo;ailleurs,  dans ce m\u00eame hebdomadaire, challenges.fr, M. Mabrouk a accord\u00e9 une interview, le 21 janvier 2011, o\u00f9 il affirme qu\u2019il n\u2019a \u00ab\u00a0rien \u00e0 se reprocher\u00a0\u00bb.<\/p>\n<p>En effet \u00e0 la question \u00a0\u00bb\u00a0pourquoi ne faites-vous pas partie des personnes recherch\u00e9es par les autorit\u00e9s int\u00e9rimaires, alors que vous \u00eates le gendre du pr\u00e9sident d\u00e9chu Ben Ali ?\u00a0\u00ab\u00a0, M. Mabrouk r\u00e9pond :<\/p>\n<p>\u00ab\u00a0Parce que je n&rsquo;ai rien \u00e0 me reprocher. Je poss\u00e8de un groupe industriel ancien et je n&rsquo;ai aucun lien &#8211; ma femme non plus &#8211; avec les malversations de la famille Trabelsi. Sur le plan priv\u00e9, ma femme (Cyrine, ndlr) est certes la fille de l&rsquo;ex pr\u00e9sident, mais elle est issue du premier mariage. \u00c7a n&rsquo;a rien \u00e0 voir avec la deuxi\u00e8me famille. Et je suis s\u00e9par\u00e9 de ma femme depuis un an.\u00a0\u00a0\u00bb<\/p>\n<p>Ceci dit, on se demande si l&rsquo;avion est saisi juste parce que tout les biens de la famille de Ben Ali doivent \u00eatre gel\u00e9s en attendant la suite de l&rsquo;enqu\u00eate et le tri qui en d\u00e9coulera? Ou bien parce que comme pour tous les proches de Ben Ali, il est difficile de ne pas abuser de la \u00ab\u00a0g\u00e9n\u00e9rosit\u00e9\u00a0\u00bb de la Tunisie ?<\/p>\n","protected":false},"excerpt":{"rendered":"<p>Saisie d&rsquo;un avion appartenant \u00e0 Marouane Mabrouk? <\/p>\n","protected":false},"author":3222,"featured_media":365800,"comment_status":"open","ping_status":"closed","sticky":false,"template":"","format":"standard","meta":{"footnotes":""},"categories":[44],"tags":[],"class_list":["post-173068","post","type-post","status-publish","format-standard","has-post-thumbnail","hentry","category-national"],"yoast_head":"<!-- This site is optimized with the Yoast SEO Premium plugin v27.4 (Yoast SEO v27.4) - https:\/\/yoast.com\/product\/yoast-seo-premium-wordpress\/ -->\n<title>Saisie d&#039;un avion appartenant \u00e0 Marouane Mabrouk?<\/title>\n<meta name=\"description\" content=\"Saisie d&#039;un avion appartenant \u00e0 Marouane Mabrouk?\" \/>\n<link rel=\"canonical\" href=\"https:\/\/www.webdo.tn\/fr\/actualite\/national\/saisi-dun-avion-appartenant-a-marouane-mabrouk\/173068\/\" \/>\n<meta property=\"og:locale\" content=\"fr_FR\" \/>\n<meta property=\"og:type\" content=\"article\" \/>\n<meta property=\"og:title\" content=\"Saisie d&#039;un avion appartenant \u00e0 Marouane Mabrouk?\" \/>\n<meta property=\"og:description\" content=\"Saisie d&#039;un avion appartenant \u00e0 Marouane Mabrouk?\" \/>\n<meta property=\"og:url\" content=\"https:\/\/www.webdo.tn\/fr\/actualite\/national\/saisi-dun-avion-appartenant-a-marouane-mabrouk\/173068\/\" \/>\n<meta property=\"og:site_name\" content=\"webdo\" \/>\n<meta property=\"article:publisher\" content=\"https:\/\/www.facebook.com\/webdotn\" \/>\n<meta property=\"article:published_time\" content=\"2011-02-01T15:04:00+00:00\" \/>\n<meta property=\"og:image\" content=\"https:\/\/www.webdo.tn\/fr\/wp-content\/uploads\/2011\/02\/Marouane-Mabrouk-300x182-1.jpg\" \/>\n\t<meta property=\"og:image:width\" content=\"300\" \/>\n\t<meta property=\"og:image:height\" content=\"182\" \/>\n\t<meta property=\"og:image:type\" content=\"image\/jpeg\" \/>\n<meta name=\"author\" content=\"webdo.tn\" \/>\n<meta name=\"twitter:card\" content=\"summary_large_image\" \/>\n<meta name=\"twitter:creator\" content=\"@webdo_tn\" \/>\n<meta name=\"twitter:site\" content=\"@webdo_tn\" \/>\n<meta name=\"twitter:label1\" content=\"\u00c9crit par\" \/>\n\t<meta name=\"twitter:data1\" content=\"webdo.tn\" \/>\n\t<meta name=\"twitter:label2\" content=\"Dur\u00e9e de lecture estim\u00e9e\" \/>\n\t<meta name=\"twitter:data2\" content=\"2 minutes\" \/>\n<script type=\"application\/ld+json\" class=\"yoast-schema-graph\">{\"@context\":\"https:\\\/\\\/schema.org\",\"@graph\":[{\"@type\":\"NewsArticle\",\"@id\":\"https:\\\/\\\/www.webdo.tn\\\/fr\\\/actualite\\\/national\\\/saisi-dun-avion-appartenant-a-marouane-mabrouk\\\/173068\\\/#article\",\"isPartOf\":{\"@id\":\"https:\\\/\\\/www.webdo.tn\\\/fr\\\/actualite\\\/national\\\/saisi-dun-avion-appartenant-a-marouane-mabrouk\\\/173068\\\/\"},\"author\":{\"name\":\"webdo.tn\",\"@id\":\"https:\\\/\\\/www.webdo.tn\\\/fr\\\/#\\\/schema\\\/person\\\/9a9c6118d687c117df8ef3cc36a4d175\"},\"headline\":\"Saisie d&rsquo;un avion appartenant \u00e0 Marouane Mabrouk?\",\"datePublished\":\"2011-02-01T15:04:00+00:00\",\"mainEntityOfPage\":{\"@id\":\"https:\\\/\\\/www.webdo.tn\\\/fr\\\/actualite\\\/national\\\/saisi-dun-avion-appartenant-a-marouane-mabrouk\\\/173068\\\/\"},\"wordCount\":344,\"commentCount\":0,\"publisher\":{\"@id\":\"https:\\\/\\\/www.webdo.tn\\\/fr\\\/#organization\"},\"image\":{\"@id\":\"https:\\\/\\\/www.webdo.tn\\\/fr\\\/actualite\\\/national\\\/saisi-dun-avion-appartenant-a-marouane-mabrouk\\\/173068\\\/#primaryimage\"},\"thumbnailUrl\":\"https:\\\/\\\/www.webdo.tn\\\/fr\\\/wp-content\\\/uploads\\\/2011\\\/02\\\/Marouane-Mabrouk-300x182-1.jpg\",\"articleSection\":[\"National\"],\"inLanguage\":\"fr-FR\"},{\"@type\":\"WebPage\",\"@id\":\"https:\\\/\\\/www.webdo.tn\\\/fr\\\/actualite\\\/national\\\/saisi-dun-avion-appartenant-a-marouane-mabrouk\\\/173068\\\/\",\"url\":\"https:\\\/\\\/www.webdo.tn\\\/fr\\\/actualite\\\/national\\\/saisi-dun-avion-appartenant-a-marouane-mabrouk\\\/173068\\\/\",\"name\":\"Saisie d'un avion appartenant \u00e0 Marouane Mabrouk?\",\"isPartOf\":{\"@id\":\"https:\\\/\\\/www.webdo.tn\\\/fr\\\/#website\"},\"primaryImageOfPage\":{\"@id\":\"https:\\\/\\\/www.webdo.tn\\\/fr\\\/actualite\\\/national\\\/saisi-dun-avion-appartenant-a-marouane-mabrouk\\\/173068\\\/#primaryimage\"},\"image\":{\"@id\":\"https:\\\/\\\/www.webdo.tn\\\/fr\\\/actualite\\\/national\\\/saisi-dun-avion-appartenant-a-marouane-mabrouk\\\/173068\\\/#primaryimage\"},\"thumbnailUrl\":\"https:\\\/\\\/www.webdo.tn\\\/fr\\\/wp-content\\\/uploads\\\/2011\\\/02\\\/Marouane-Mabrouk-300x182-1.jpg\",\"datePublished\":\"2011-02-01T15:04:00+00:00\",\"description\":\"Saisie d'un avion appartenant \u00e0 Marouane Mabrouk?\",\"breadcrumb\":{\"@id\":\"https:\\\/\\\/www.webdo.tn\\\/fr\\\/actualite\\\/national\\\/saisi-dun-avion-appartenant-a-marouane-mabrouk\\\/173068\\\/#breadcrumb\"},\"inLanguage\":\"fr-FR\",\"potentialAction\":[{\"@type\":\"ReadAction\",\"target\":[\"https:\\\/\\\/www.webdo.tn\\\/fr\\\/actualite\\\/national\\\/saisi-dun-avion-appartenant-a-marouane-mabrouk\\\/173068\\\/\"]}]},{\"@type\":\"ImageObject\",\"inLanguage\":\"fr-FR\",\"@id\":\"https:\\\/\\\/www.webdo.tn\\\/fr\\\/actualite\\\/national\\\/saisi-dun-avion-appartenant-a-marouane-mabrouk\\\/173068\\\/#primaryimage\",\"url\":\"https:\\\/\\\/www.webdo.tn\\\/fr\\\/wp-content\\\/uploads\\\/2011\\\/02\\\/Marouane-Mabrouk-300x182-1.jpg\",\"contentUrl\":\"https:\\\/\\\/www.webdo.tn\\\/fr\\\/wp-content\\\/uploads\\\/2011\\\/02\\\/Marouane-Mabrouk-300x182-1.jpg\",\"width\":300,\"height\":182,\"caption\":\"Saisie d'un avion appartenant \u00e0 Marouane Mabrouk?\"},{\"@type\":\"BreadcrumbList\",\"@id\":\"https:\\\/\\\/www.webdo.tn\\\/fr\\\/actualite\\\/national\\\/saisi-dun-avion-appartenant-a-marouane-mabrouk\\\/173068\\\/#breadcrumb\",\"itemListElement\":[{\"@type\":\"ListItem\",\"position\":1,\"name\":\"Accueil\",\"item\":\"https:\\\/\\\/www.webdo.tn\\\/fr\\\/\"},{\"@type\":\"ListItem\",\"position\":2,\"name\":\"Saisie d&rsquo;un avion appartenant \u00e0 Marouane Mabrouk?\"}]},{\"@type\":\"WebSite\",\"@id\":\"https:\\\/\\\/www.webdo.tn\\\/fr\\\/#website\",\"url\":\"https:\\\/\\\/www.webdo.tn\\\/fr\\\/\",\"name\":\"webdo\",\"description\":\"Tunisie - News en Tunisie et \u00e0 l&#039;international sur Webdo.tn\",\"publisher\":{\"@id\":\"https:\\\/\\\/www.webdo.tn\\\/fr\\\/#organization\"},\"potentialAction\":[{\"@type\":\"SearchAction\",\"target\":{\"@type\":\"EntryPoint\",\"urlTemplate\":\"https:\\\/\\\/www.webdo.tn\\\/fr\\\/?s={search_term_string}\"},\"query-input\":{\"@type\":\"PropertyValueSpecification\",\"valueRequired\":true,\"valueName\":\"search_term_string\"}}],\"inLanguage\":\"fr-FR\"},{\"@type\":\"Organization\",\"@id\":\"https:\\\/\\\/www.webdo.tn\\\/fr\\\/#organization\",\"name\":\"Webdo\",\"alternateName\":\"Webdo.tn\",\"url\":\"https:\\\/\\\/www.webdo.tn\\\/fr\\\/\",\"logo\":{\"@type\":\"ImageObject\",\"inLanguage\":\"fr-FR\",\"@id\":\"https:\\\/\\\/www.webdo.tn\\\/fr\\\/#\\\/schema\\\/logo\\\/image\\\/\",\"url\":\"https:\\\/\\\/www.webdo.tn\\\/fr\\\/wp-content\\\/uploads\\\/2025\\\/06\\\/Webdo-Tunisie_168377.jpg\",\"contentUrl\":\"https:\\\/\\\/www.webdo.tn\\\/fr\\\/wp-content\\\/uploads\\\/2025\\\/06\\\/Webdo-Tunisie_168377.jpg\",\"width\":301,\"height\":301,\"caption\":\"Webdo\"},\"image\":{\"@id\":\"https:\\\/\\\/www.webdo.tn\\\/fr\\\/#\\\/schema\\\/logo\\\/image\\\/\"},\"sameAs\":[\"https:\\\/\\\/www.facebook.com\\\/webdotn\",\"https:\\\/\\\/x.com\\\/webdo_tn\"],\"description\":\"Webdo est un m\u00e9dia num\u00e9rique tunisien fond\u00e9 en 2010, sp\u00e9cialis\u00e9 dans l\u2019actualit\u00e9 nationale et internationale, l\u2019\u00e9conomie, la soci\u00e9t\u00e9 et les analyses politiques. Le site s\u2019adresse \u00e0 un large public francophone et couvre l\u2019information tunisienne en temps r\u00e9el.\",\"email\":\"redac@webdo.tn\",\"legalName\":\"YNJ SARL\",\"foundingDate\":\"2010-09-06\",\"numberOfEmployees\":{\"@type\":\"QuantitativeValue\",\"minValue\":\"11\",\"maxValue\":\"50\"}},{\"@type\":\"Person\",\"@id\":\"https:\\\/\\\/www.webdo.tn\\\/fr\\\/#\\\/schema\\\/person\\\/9a9c6118d687c117df8ef3cc36a4d175\",\"name\":\"webdo.tn\",\"image\":{\"@type\":\"ImageObject\",\"inLanguage\":\"fr-FR\",\"@id\":\"https:\\\/\\\/secure.gravatar.com\\\/avatar\\\/7ce1f28c0c3bbac99ff550b85ef8e44a6950c6ee24514fb6a5489e51d06f0298?s=96&d=mm&r=g\",\"url\":\"https:\\\/\\\/secure.gravatar.com\\\/avatar\\\/7ce1f28c0c3bbac99ff550b85ef8e44a6950c6ee24514fb6a5489e51d06f0298?s=96&d=mm&r=g\",\"contentUrl\":\"https:\\\/\\\/secure.gravatar.com\\\/avatar\\\/7ce1f28c0c3bbac99ff550b85ef8e44a6950c6ee24514fb6a5489e51d06f0298?s=96&d=mm&r=g\",\"caption\":\"webdo.tn\"},\"url\":\"https:\\\/\\\/www.webdo.tn\\\/fr\\\/actualite\\\/author\\\/webdotn\\\/\"}]}<\/script>\n<!-- \/ Yoast SEO Premium plugin. -->","yoast_head_json":{"title":"Saisie d'un avion appartenant \u00e0 Marouane Mabrouk?","description":"Saisie d'un avion appartenant \u00e0 Marouane Mabrouk?","canonical":"https:\/\/www.webdo.tn\/fr\/actualite\/national\/saisi-dun-avion-appartenant-a-marouane-mabrouk\/173068\/","og_locale":"fr_FR","og_type":"article","og_title":"Saisie d'un avion appartenant \u00e0 Marouane Mabrouk?","og_description":"Saisie d'un avion appartenant \u00e0 Marouane Mabrouk?","og_url":"https:\/\/www.webdo.tn\/fr\/actualite\/national\/saisi-dun-avion-appartenant-a-marouane-mabrouk\/173068\/","og_site_name":"webdo","article_publisher":"https:\/\/www.facebook.com\/webdotn","article_published_time":"2011-02-01T15:04:00+00:00","og_image":[{"width":300,"height":182,"url":"https:\/\/www.webdo.tn\/fr\/wp-content\/uploads\/2011\/02\/Marouane-Mabrouk-300x182-1.jpg","type":"image\/jpeg"}],"author":"webdo.tn","twitter_card":"summary_large_image","twitter_creator":"@webdo_tn","twitter_site":"@webdo_tn","twitter_misc":{"\u00c9crit par":"webdo.tn","Dur\u00e9e de lecture estim\u00e9e":"2 minutes"},"schema":{"@context":"https:\/\/schema.org","@graph":[{"@type":"NewsArticle","@id":"https:\/\/www.webdo.tn\/fr\/actualite\/national\/saisi-dun-avion-appartenant-a-marouane-mabrouk\/173068\/#article","isPartOf":{"@id":"https:\/\/www.webdo.tn\/fr\/actualite\/national\/saisi-dun-avion-appartenant-a-marouane-mabrouk\/173068\/"},"author":{"name":"webdo.tn","@id":"https:\/\/www.webdo.tn\/fr\/#\/schema\/person\/9a9c6118d687c117df8ef3cc36a4d175"},"headline":"Saisie d&rsquo;un avion appartenant \u00e0 Marouane Mabrouk?","datePublished":"2011-02-01T15:04:00+00:00","mainEntityOfPage":{"@id":"https:\/\/www.webdo.tn\/fr\/actualite\/national\/saisi-dun-avion-appartenant-a-marouane-mabrouk\/173068\/"},"wordCount":344,"commentCount":0,"publisher":{"@id":"https:\/\/www.webdo.tn\/fr\/#organization"},"image":{"@id":"https:\/\/www.webdo.tn\/fr\/actualite\/national\/saisi-dun-avion-appartenant-a-marouane-mabrouk\/173068\/#primaryimage"},"thumbnailUrl":"https:\/\/www.webdo.tn\/fr\/wp-content\/uploads\/2011\/02\/Marouane-Mabrouk-300x182-1.jpg","articleSection":["National"],"inLanguage":"fr-FR"},{"@type":"WebPage","@id":"https:\/\/www.webdo.tn\/fr\/actualite\/national\/saisi-dun-avion-appartenant-a-marouane-mabrouk\/173068\/","url":"https:\/\/www.webdo.tn\/fr\/actualite\/national\/saisi-dun-avion-appartenant-a-marouane-mabrouk\/173068\/","name":"Saisie d'un avion appartenant \u00e0 Marouane Mabrouk?","isPartOf":{"@id":"https:\/\/www.webdo.tn\/fr\/#website"},"primaryImageOfPage":{"@id":"https:\/\/www.webdo.tn\/fr\/actualite\/national\/saisi-dun-avion-appartenant-a-marouane-mabrouk\/173068\/#primaryimage"},"image":{"@id":"https:\/\/www.webdo.tn\/fr\/actualite\/national\/saisi-dun-avion-appartenant-a-marouane-mabrouk\/173068\/#primaryimage"},"thumbnailUrl":"https:\/\/www.webdo.tn\/fr\/wp-content\/uploads\/2011\/02\/Marouane-Mabrouk-300x182-1.jpg","datePublished":"2011-02-01T15:04:00+00:00","description":"Saisie d'un avion appartenant \u00e0 Marouane Mabrouk?","breadcrumb":{"@id":"https:\/\/www.webdo.tn\/fr\/actualite\/national\/saisi-dun-avion-appartenant-a-marouane-mabrouk\/173068\/#breadcrumb"},"inLanguage":"fr-FR","potentialAction":[{"@type":"ReadAction","target":["https:\/\/www.webdo.tn\/fr\/actualite\/national\/saisi-dun-avion-appartenant-a-marouane-mabrouk\/173068\/"]}]},{"@type":"ImageObject","inLanguage":"fr-FR","@id":"https:\/\/www.webdo.tn\/fr\/actualite\/national\/saisi-dun-avion-appartenant-a-marouane-mabrouk\/173068\/#primaryimage","url":"https:\/\/www.webdo.tn\/fr\/wp-content\/uploads\/2011\/02\/Marouane-Mabrouk-300x182-1.jpg","contentUrl":"https:\/\/www.webdo.tn\/fr\/wp-content\/uploads\/2011\/02\/Marouane-Mabrouk-300x182-1.jpg","width":300,"height":182,"caption":"Saisie d'un avion appartenant \u00e0 Marouane Mabrouk?"},{"@type":"BreadcrumbList","@id":"https:\/\/www.webdo.tn\/fr\/actualite\/national\/saisi-dun-avion-appartenant-a-marouane-mabrouk\/173068\/#breadcrumb","itemListElement":[{"@type":"ListItem","position":1,"name":"Accueil","item":"https:\/\/www.webdo.tn\/fr\/"},{"@type":"ListItem","position":2,"name":"Saisie d&rsquo;un avion appartenant \u00e0 Marouane Mabrouk?"}]},{"@type":"WebSite","@id":"https:\/\/www.webdo.tn\/fr\/#website","url":"https:\/\/www.webdo.tn\/fr\/","name":"webdo","description":"Tunisie - News en Tunisie et \u00e0 l&#039;international sur Webdo.tn","publisher":{"@id":"https:\/\/www.webdo.tn\/fr\/#organization"},"potentialAction":[{"@type":"SearchAction","target":{"@type":"EntryPoint","urlTemplate":"https:\/\/www.webdo.tn\/fr\/?s={search_term_string}"},"query-input":{"@type":"PropertyValueSpecification","valueRequired":true,"valueName":"search_term_string"}}],"inLanguage":"fr-FR"},{"@type":"Organization","@id":"https:\/\/www.webdo.tn\/fr\/#organization","name":"Webdo","alternateName":"Webdo.tn","url":"https:\/\/www.webdo.tn\/fr\/","logo":{"@type":"ImageObject","inLanguage":"fr-FR","@id":"https:\/\/www.webdo.tn\/fr\/#\/schema\/logo\/image\/","url":"https:\/\/www.webdo.tn\/fr\/wp-content\/uploads\/2025\/06\/Webdo-Tunisie_168377.jpg","contentUrl":"https:\/\/www.webdo.tn\/fr\/wp-content\/uploads\/2025\/06\/Webdo-Tunisie_168377.jpg","width":301,"height":301,"caption":"Webdo"},"image":{"@id":"https:\/\/www.webdo.tn\/fr\/#\/schema\/logo\/image\/"},"sameAs":["https:\/\/www.facebook.com\/webdotn","https:\/\/x.com\/webdo_tn"],"description":"Webdo est un m\u00e9dia num\u00e9rique tunisien fond\u00e9 en 2010, sp\u00e9cialis\u00e9 dans l\u2019actualit\u00e9 nationale et internationale, l\u2019\u00e9conomie, la soci\u00e9t\u00e9 et les analyses politiques. Le site s\u2019adresse \u00e0 un large public francophone et couvre l\u2019information tunisienne en temps r\u00e9el.","email":"redac@webdo.tn","legalName":"YNJ SARL","foundingDate":"2010-09-06","numberOfEmployees":{"@type":"QuantitativeValue","minValue":"11","maxValue":"50"}},{"@type":"Person","@id":"https:\/\/www.webdo.tn\/fr\/#\/schema\/person\/9a9c6118d687c117df8ef3cc36a4d175","name":"webdo.tn","image":{"@type":"ImageObject","inLanguage":"fr-FR","@id":"https:\/\/secure.gravatar.com\/avatar\/7ce1f28c0c3bbac99ff550b85ef8e44a6950c6ee24514fb6a5489e51d06f0298?s=96&d=mm&r=g","url":"https:\/\/secure.gravatar.com\/avatar\/7ce1f28c0c3bbac99ff550b85ef8e44a6950c6ee24514fb6a5489e51d06f0298?s=96&d=mm&r=g","contentUrl":"https:\/\/secure.gravatar.com\/avatar\/7ce1f28c0c3bbac99ff550b85ef8e44a6950c6ee24514fb6a5489e51d06f0298?s=96&d=mm&r=g","caption":"webdo.tn"},"url":"https:\/\/www.webdo.tn\/fr\/actualite\/author\/webdotn\/"}]}},"_links":{"self":[{"href":"https:\/\/www.webdo.tn\/fr\/wp-json\/wp\/v2\/posts\/173068","targetHints":{"allow":["GET"]}}],"collection":[{"href":"https:\/\/www.webdo.tn\/fr\/wp-json\/wp\/v2\/posts"}],"about":[{"href":"https:\/\/www.webdo.tn\/fr\/wp-json\/wp\/v2\/types\/post"}],"author":[{"embeddable":true,"href":"https:\/\/www.webdo.tn\/fr\/wp-json\/wp\/v2\/users\/3222"}],"replies":[{"embeddable":true,"href":"https:\/\/www.webdo.tn\/fr\/wp-json\/wp\/v2\/comments?post=173068"}],"version-history":[{"count":0,"href":"https:\/\/www.webdo.tn\/fr\/wp-json\/wp\/v2\/posts\/173068\/revisions"}],"wp:featuredmedia":[{"embeddable":true,"href":"https:\/\/www.webdo.tn\/fr\/wp-json\/wp\/v2\/media\/365800"}],"wp:attachment":[{"href":"https:\/\/www.webdo.tn\/fr\/wp-json\/wp\/v2\/media?parent=173068"}],"wp:term":[{"taxonomy":"category","embeddable":true,"href":"https:\/\/www.webdo.tn\/fr\/wp-json\/wp\/v2\/categories?post=173068"},{"taxonomy":"post_tag","embeddable":true,"href":"https:\/\/www.webdo.tn\/fr\/wp-json\/wp\/v2\/tags?post=173068"}],"curies":[{"name":"wp","href":"https:\/\/api.w.org\/{rel}","templated":true}]}}