{"id":173065,"date":"2011-02-02T14:34:00","date_gmt":"2011-02-02T14:34:00","guid":{"rendered":"https:\/\/www.webdo.tn\/fr\/actualite\/blog\/de-nouveaux-pdg-pour-lati-lint-et-lansi\/173065\/"},"modified":"2011-02-02T14:34:00","modified_gmt":"2011-02-02T14:34:00","slug":"de-nouveaux-pdg-pour-lati-lint-et-lansi","status":"publish","type":"post","link":"https:\/\/www.webdo.tn\/fr\/actualite\/national\/de-nouveaux-pdg-pour-lati-lint-et-lansi\/173065\/","title":{"rendered":"De nouveaux PDG pour l\u2019ATI, l\u2019INT et l\u2019ANSI"},"content":{"rendered":"<p>Des nouveaux PDG ont \u00e9t\u00e9 nomm\u00e9s dans le secteur des Technologies de la communication.<\/p>\n<p>Kamel Saadaoui, ing\u00e9nieur et ancien PDG de l\u2019ATI vient d\u2019\u00eatre nomm\u00e9 \u00e0 l\u2019instance nationale des t\u00e9l\u00e9communications. Ce technocrate originaire de Kasserine a la t\u00e2che d&rsquo;am\u00e9liorer le climat de la concurrence dans le secteur des t\u00e9l\u00e9communications.<\/p>\n<p>Moez Chakchouk, le nouveau PDG de l&rsquo;Agence Tunisienne d&rsquo;Internet est un ancien du CERT et de l\u2019INT. Le nouveau venu \u00e0 la t\u00eate de l\u2019ATI aura la mission d\u2019am\u00e9liorer l\u2019image de l\u2019ATI aupr\u00e8s du grand public. Consid\u00e9r\u00e9e comme la main forte du syst\u00e8me de Ben Ali dans la censure Internet, l\u2019ATI affiche aujourd\u2019hui son vrai r\u00f4le de fournisseur d\u2019Internet. Le r\u00f4le de censeur est jou\u00e9 par le minist\u00e8re de l\u2019Int\u00e9rieur affirme le personnel de l\u2019ATI. Personne n\u2019osait le dire auparavant. Chakchouk aura la mission de mettre l\u2019ATI dans la nouvelle orbite de transparence et de clart\u00e9.<\/p>\n<p>Samir Sidhom, le nouveau directeur g\u00e9n\u00e9ral de l\u2019ANSI est un ing\u00e9nieur t\u00e9l\u00e9com qui s\u2019occupait depuis des ann\u00e9es de l\u2019investissement dans le secteur des TIC. Honn\u00eate et int\u00e8gre, le nouveau directeur g\u00e9n\u00e9ral de l\u2019ANSI aura la mission facile aupr\u00e8s d\u2019une \u00e9quipe de jeunes ing\u00e9nieurs et techniciens.<\/p>\n<p>Raouf Chkir, le nouveau PDG de Tunisie T\u00e9l\u00e9com est un ancien PDG de l\u2019ONT. A la retraite, cet ing\u00e9nieur respect\u00e9 par tout le monde dans le secteur des t\u00e9l\u00e9communications aura la t\u00e2che durant 6 mois d\u2019achever les grands chantiers de Tunisie T\u00e9l\u00e9com dans le domaine de la Voip et de la 3G.<\/p>\n","protected":false},"excerpt":{"rendered":"<p>De nouveaux PDG pour l\u2019ATI, l\u2019INT et l\u2019ANSI <\/p>\n","protected":false},"author":3222,"featured_media":365802,"comment_status":"open","ping_status":"closed","sticky":false,"template":"","format":"standard","meta":{"footnotes":""},"categories":[44],"tags":[],"class_list":["post-173065","post","type-post","status-publish","format-standard","has-post-thumbnail","hentry","category-national"],"yoast_head":"<!-- This site is optimized with the Yoast SEO Premium plugin v27.4 (Yoast SEO v27.4) - https:\/\/yoast.com\/product\/yoast-seo-premium-wordpress\/ -->\n<title>De nouveaux PDG pour l\u2019ATI, l\u2019INT et l\u2019ANSI<\/title>\n<meta name=\"description\" content=\"De nouveaux PDG pour l\u2019ATI, l\u2019INT et l\u2019ANSI\" \/>\n<link rel=\"canonical\" href=\"https:\/\/www.webdo.tn\/fr\/actualite\/national\/de-nouveaux-pdg-pour-lati-lint-et-lansi\/173065\/\" \/>\n<meta property=\"og:locale\" content=\"fr_FR\" \/>\n<meta property=\"og:type\" content=\"article\" \/>\n<meta property=\"og:title\" content=\"De nouveaux PDG pour l\u2019ATI, l\u2019INT et l\u2019ANSI\" \/>\n<meta property=\"og:description\" content=\"De nouveaux PDG pour l\u2019ATI, l\u2019INT et l\u2019ANSI\" \/>\n<meta property=\"og:url\" content=\"https:\/\/www.webdo.tn\/fr\/actualite\/national\/de-nouveaux-pdg-pour-lati-lint-et-lansi\/173065\/\" \/>\n<meta property=\"og:site_name\" content=\"webdo\" \/>\n<meta property=\"article:publisher\" content=\"https:\/\/www.facebook.com\/webdotn\" \/>\n<meta property=\"article:published_time\" content=\"2011-02-02T14:34:00+00:00\" \/>\n<meta property=\"og:image\" content=\"https:\/\/www.webdo.tn\/fr\/wp-content\/uploads\/2011\/02\/ATI-INT-ANSI-et-TT1.jpg\" \/>\n\t<meta property=\"og:image:width\" content=\"342\" \/>\n\t<meta property=\"og:image:height\" content=\"265\" \/>\n\t<meta property=\"og:image:type\" content=\"image\/jpeg\" \/>\n<meta name=\"author\" content=\"webdo.tn\" \/>\n<meta name=\"twitter:card\" content=\"summary_large_image\" \/>\n<meta name=\"twitter:creator\" content=\"@webdo_tn\" \/>\n<meta name=\"twitter:site\" content=\"@webdo_tn\" \/>\n<meta name=\"twitter:label1\" content=\"\u00c9crit par\" \/>\n\t<meta name=\"twitter:data1\" content=\"webdo.tn\" \/>\n\t<meta name=\"twitter:label2\" content=\"Dur\u00e9e de lecture estim\u00e9e\" \/>\n\t<meta name=\"twitter:data2\" content=\"1 minute\" \/>\n<script type=\"application\/ld+json\" class=\"yoast-schema-graph\">{\"@context\":\"https:\\\/\\\/schema.org\",\"@graph\":[{\"@type\":\"NewsArticle\",\"@id\":\"https:\\\/\\\/www.webdo.tn\\\/fr\\\/actualite\\\/national\\\/de-nouveaux-pdg-pour-lati-lint-et-lansi\\\/173065\\\/#article\",\"isPartOf\":{\"@id\":\"https:\\\/\\\/www.webdo.tn\\\/fr\\\/actualite\\\/national\\\/de-nouveaux-pdg-pour-lati-lint-et-lansi\\\/173065\\\/\"},\"author\":{\"name\":\"webdo.tn\",\"@id\":\"https:\\\/\\\/www.webdo.tn\\\/fr\\\/#\\\/schema\\\/person\\\/9a9c6118d687c117df8ef3cc36a4d175\"},\"headline\":\"De nouveaux PDG pour l\u2019ATI, l\u2019INT et l\u2019ANSI\",\"datePublished\":\"2011-02-02T14:34:00+00:00\",\"mainEntityOfPage\":{\"@id\":\"https:\\\/\\\/www.webdo.tn\\\/fr\\\/actualite\\\/national\\\/de-nouveaux-pdg-pour-lati-lint-et-lansi\\\/173065\\\/\"},\"wordCount\":313,\"commentCount\":0,\"publisher\":{\"@id\":\"https:\\\/\\\/www.webdo.tn\\\/fr\\\/#organization\"},\"image\":{\"@id\":\"https:\\\/\\\/www.webdo.tn\\\/fr\\\/actualite\\\/national\\\/de-nouveaux-pdg-pour-lati-lint-et-lansi\\\/173065\\\/#primaryimage\"},\"thumbnailUrl\":\"https:\\\/\\\/www.webdo.tn\\\/fr\\\/wp-content\\\/uploads\\\/2011\\\/02\\\/ATI-INT-ANSI-et-TT1.jpg\",\"articleSection\":[\"National\"],\"inLanguage\":\"fr-FR\"},{\"@type\":\"WebPage\",\"@id\":\"https:\\\/\\\/www.webdo.tn\\\/fr\\\/actualite\\\/national\\\/de-nouveaux-pdg-pour-lati-lint-et-lansi\\\/173065\\\/\",\"url\":\"https:\\\/\\\/www.webdo.tn\\\/fr\\\/actualite\\\/national\\\/de-nouveaux-pdg-pour-lati-lint-et-lansi\\\/173065\\\/\",\"name\":\"De nouveaux PDG pour l\u2019ATI, l\u2019INT et l\u2019ANSI\",\"isPartOf\":{\"@id\":\"https:\\\/\\\/www.webdo.tn\\\/fr\\\/#website\"},\"primaryImageOfPage\":{\"@id\":\"https:\\\/\\\/www.webdo.tn\\\/fr\\\/actualite\\\/national\\\/de-nouveaux-pdg-pour-lati-lint-et-lansi\\\/173065\\\/#primaryimage\"},\"image\":{\"@id\":\"https:\\\/\\\/www.webdo.tn\\\/fr\\\/actualite\\\/national\\\/de-nouveaux-pdg-pour-lati-lint-et-lansi\\\/173065\\\/#primaryimage\"},\"thumbnailUrl\":\"https:\\\/\\\/www.webdo.tn\\\/fr\\\/wp-content\\\/uploads\\\/2011\\\/02\\\/ATI-INT-ANSI-et-TT1.jpg\",\"datePublished\":\"2011-02-02T14:34:00+00:00\",\"description\":\"De nouveaux PDG pour l\u2019ATI, l\u2019INT et l\u2019ANSI\",\"breadcrumb\":{\"@id\":\"https:\\\/\\\/www.webdo.tn\\\/fr\\\/actualite\\\/national\\\/de-nouveaux-pdg-pour-lati-lint-et-lansi\\\/173065\\\/#breadcrumb\"},\"inLanguage\":\"fr-FR\",\"potentialAction\":[{\"@type\":\"ReadAction\",\"target\":[\"https:\\\/\\\/www.webdo.tn\\\/fr\\\/actualite\\\/national\\\/de-nouveaux-pdg-pour-lati-lint-et-lansi\\\/173065\\\/\"]}]},{\"@type\":\"ImageObject\",\"inLanguage\":\"fr-FR\",\"@id\":\"https:\\\/\\\/www.webdo.tn\\\/fr\\\/actualite\\\/national\\\/de-nouveaux-pdg-pour-lati-lint-et-lansi\\\/173065\\\/#primaryimage\",\"url\":\"https:\\\/\\\/www.webdo.tn\\\/fr\\\/wp-content\\\/uploads\\\/2011\\\/02\\\/ATI-INT-ANSI-et-TT1.jpg\",\"contentUrl\":\"https:\\\/\\\/www.webdo.tn\\\/fr\\\/wp-content\\\/uploads\\\/2011\\\/02\\\/ATI-INT-ANSI-et-TT1.jpg\",\"width\":342,\"height\":265,\"caption\":\"De nouveaux PDG pour l\u2019ATI, l\u2019INT et l\u2019ANSI\"},{\"@type\":\"BreadcrumbList\",\"@id\":\"https:\\\/\\\/www.webdo.tn\\\/fr\\\/actualite\\\/national\\\/de-nouveaux-pdg-pour-lati-lint-et-lansi\\\/173065\\\/#breadcrumb\",\"itemListElement\":[{\"@type\":\"ListItem\",\"position\":1,\"name\":\"Accueil\",\"item\":\"https:\\\/\\\/www.webdo.tn\\\/fr\\\/\"},{\"@type\":\"ListItem\",\"position\":2,\"name\":\"De nouveaux PDG pour l\u2019ATI, l\u2019INT et l\u2019ANSI\"}]},{\"@type\":\"WebSite\",\"@id\":\"https:\\\/\\\/www.webdo.tn\\\/fr\\\/#website\",\"url\":\"https:\\\/\\\/www.webdo.tn\\\/fr\\\/\",\"name\":\"webdo\",\"description\":\"Tunisie - News en Tunisie et \u00e0 l&#039;international sur Webdo.tn\",\"publisher\":{\"@id\":\"https:\\\/\\\/www.webdo.tn\\\/fr\\\/#organization\"},\"potentialAction\":[{\"@type\":\"SearchAction\",\"target\":{\"@type\":\"EntryPoint\",\"urlTemplate\":\"https:\\\/\\\/www.webdo.tn\\\/fr\\\/?s={search_term_string}\"},\"query-input\":{\"@type\":\"PropertyValueSpecification\",\"valueRequired\":true,\"valueName\":\"search_term_string\"}}],\"inLanguage\":\"fr-FR\"},{\"@type\":\"Organization\",\"@id\":\"https:\\\/\\\/www.webdo.tn\\\/fr\\\/#organization\",\"name\":\"Webdo\",\"alternateName\":\"Webdo.tn\",\"url\":\"https:\\\/\\\/www.webdo.tn\\\/fr\\\/\",\"logo\":{\"@type\":\"ImageObject\",\"inLanguage\":\"fr-FR\",\"@id\":\"https:\\\/\\\/www.webdo.tn\\\/fr\\\/#\\\/schema\\\/logo\\\/image\\\/\",\"url\":\"https:\\\/\\\/www.webdo.tn\\\/fr\\\/wp-content\\\/uploads\\\/2025\\\/06\\\/Webdo-Tunisie_168377.jpg\",\"contentUrl\":\"https:\\\/\\\/www.webdo.tn\\\/fr\\\/wp-content\\\/uploads\\\/2025\\\/06\\\/Webdo-Tunisie_168377.jpg\",\"width\":301,\"height\":301,\"caption\":\"Webdo\"},\"image\":{\"@id\":\"https:\\\/\\\/www.webdo.tn\\\/fr\\\/#\\\/schema\\\/logo\\\/image\\\/\"},\"sameAs\":[\"https:\\\/\\\/www.facebook.com\\\/webdotn\",\"https:\\\/\\\/x.com\\\/webdo_tn\"],\"description\":\"Webdo est un m\u00e9dia num\u00e9rique tunisien fond\u00e9 en 2010, sp\u00e9cialis\u00e9 dans l\u2019actualit\u00e9 nationale et internationale, l\u2019\u00e9conomie, la soci\u00e9t\u00e9 et les analyses politiques. Le site s\u2019adresse \u00e0 un large public francophone et couvre l\u2019information tunisienne en temps r\u00e9el.\",\"email\":\"redac@webdo.tn\",\"legalName\":\"YNJ SARL\",\"foundingDate\":\"2010-09-06\",\"numberOfEmployees\":{\"@type\":\"QuantitativeValue\",\"minValue\":\"11\",\"maxValue\":\"50\"}},{\"@type\":\"Person\",\"@id\":\"https:\\\/\\\/www.webdo.tn\\\/fr\\\/#\\\/schema\\\/person\\\/9a9c6118d687c117df8ef3cc36a4d175\",\"name\":\"webdo.tn\",\"image\":{\"@type\":\"ImageObject\",\"inLanguage\":\"fr-FR\",\"@id\":\"https:\\\/\\\/secure.gravatar.com\\\/avatar\\\/7ce1f28c0c3bbac99ff550b85ef8e44a6950c6ee24514fb6a5489e51d06f0298?s=96&d=mm&r=g\",\"url\":\"https:\\\/\\\/secure.gravatar.com\\\/avatar\\\/7ce1f28c0c3bbac99ff550b85ef8e44a6950c6ee24514fb6a5489e51d06f0298?s=96&d=mm&r=g\",\"contentUrl\":\"https:\\\/\\\/secure.gravatar.com\\\/avatar\\\/7ce1f28c0c3bbac99ff550b85ef8e44a6950c6ee24514fb6a5489e51d06f0298?s=96&d=mm&r=g\",\"caption\":\"webdo.tn\"},\"url\":\"https:\\\/\\\/www.webdo.tn\\\/fr\\\/actualite\\\/author\\\/webdotn\\\/\"}]}<\/script>\n<!-- \/ Yoast SEO Premium plugin. -->","yoast_head_json":{"title":"De nouveaux PDG pour l\u2019ATI, l\u2019INT et l\u2019ANSI","description":"De nouveaux PDG pour l\u2019ATI, l\u2019INT et l\u2019ANSI","canonical":"https:\/\/www.webdo.tn\/fr\/actualite\/national\/de-nouveaux-pdg-pour-lati-lint-et-lansi\/173065\/","og_locale":"fr_FR","og_type":"article","og_title":"De nouveaux PDG pour l\u2019ATI, l\u2019INT et l\u2019ANSI","og_description":"De nouveaux PDG pour l\u2019ATI, l\u2019INT et l\u2019ANSI","og_url":"https:\/\/www.webdo.tn\/fr\/actualite\/national\/de-nouveaux-pdg-pour-lati-lint-et-lansi\/173065\/","og_site_name":"webdo","article_publisher":"https:\/\/www.facebook.com\/webdotn","article_published_time":"2011-02-02T14:34:00+00:00","og_image":[{"width":342,"height":265,"url":"https:\/\/www.webdo.tn\/fr\/wp-content\/uploads\/2011\/02\/ATI-INT-ANSI-et-TT1.jpg","type":"image\/jpeg"}],"author":"webdo.tn","twitter_card":"summary_large_image","twitter_creator":"@webdo_tn","twitter_site":"@webdo_tn","twitter_misc":{"\u00c9crit par":"webdo.tn","Dur\u00e9e de lecture estim\u00e9e":"1 minute"},"schema":{"@context":"https:\/\/schema.org","@graph":[{"@type":"NewsArticle","@id":"https:\/\/www.webdo.tn\/fr\/actualite\/national\/de-nouveaux-pdg-pour-lati-lint-et-lansi\/173065\/#article","isPartOf":{"@id":"https:\/\/www.webdo.tn\/fr\/actualite\/national\/de-nouveaux-pdg-pour-lati-lint-et-lansi\/173065\/"},"author":{"name":"webdo.tn","@id":"https:\/\/www.webdo.tn\/fr\/#\/schema\/person\/9a9c6118d687c117df8ef3cc36a4d175"},"headline":"De nouveaux PDG pour l\u2019ATI, l\u2019INT et l\u2019ANSI","datePublished":"2011-02-02T14:34:00+00:00","mainEntityOfPage":{"@id":"https:\/\/www.webdo.tn\/fr\/actualite\/national\/de-nouveaux-pdg-pour-lati-lint-et-lansi\/173065\/"},"wordCount":313,"commentCount":0,"publisher":{"@id":"https:\/\/www.webdo.tn\/fr\/#organization"},"image":{"@id":"https:\/\/www.webdo.tn\/fr\/actualite\/national\/de-nouveaux-pdg-pour-lati-lint-et-lansi\/173065\/#primaryimage"},"thumbnailUrl":"https:\/\/www.webdo.tn\/fr\/wp-content\/uploads\/2011\/02\/ATI-INT-ANSI-et-TT1.jpg","articleSection":["National"],"inLanguage":"fr-FR"},{"@type":"WebPage","@id":"https:\/\/www.webdo.tn\/fr\/actualite\/national\/de-nouveaux-pdg-pour-lati-lint-et-lansi\/173065\/","url":"https:\/\/www.webdo.tn\/fr\/actualite\/national\/de-nouveaux-pdg-pour-lati-lint-et-lansi\/173065\/","name":"De nouveaux PDG pour l\u2019ATI, l\u2019INT et l\u2019ANSI","isPartOf":{"@id":"https:\/\/www.webdo.tn\/fr\/#website"},"primaryImageOfPage":{"@id":"https:\/\/www.webdo.tn\/fr\/actualite\/national\/de-nouveaux-pdg-pour-lati-lint-et-lansi\/173065\/#primaryimage"},"image":{"@id":"https:\/\/www.webdo.tn\/fr\/actualite\/national\/de-nouveaux-pdg-pour-lati-lint-et-lansi\/173065\/#primaryimage"},"thumbnailUrl":"https:\/\/www.webdo.tn\/fr\/wp-content\/uploads\/2011\/02\/ATI-INT-ANSI-et-TT1.jpg","datePublished":"2011-02-02T14:34:00+00:00","description":"De nouveaux PDG pour l\u2019ATI, l\u2019INT et l\u2019ANSI","breadcrumb":{"@id":"https:\/\/www.webdo.tn\/fr\/actualite\/national\/de-nouveaux-pdg-pour-lati-lint-et-lansi\/173065\/#breadcrumb"},"inLanguage":"fr-FR","potentialAction":[{"@type":"ReadAction","target":["https:\/\/www.webdo.tn\/fr\/actualite\/national\/de-nouveaux-pdg-pour-lati-lint-et-lansi\/173065\/"]}]},{"@type":"ImageObject","inLanguage":"fr-FR","@id":"https:\/\/www.webdo.tn\/fr\/actualite\/national\/de-nouveaux-pdg-pour-lati-lint-et-lansi\/173065\/#primaryimage","url":"https:\/\/www.webdo.tn\/fr\/wp-content\/uploads\/2011\/02\/ATI-INT-ANSI-et-TT1.jpg","contentUrl":"https:\/\/www.webdo.tn\/fr\/wp-content\/uploads\/2011\/02\/ATI-INT-ANSI-et-TT1.jpg","width":342,"height":265,"caption":"De nouveaux PDG pour l\u2019ATI, l\u2019INT et l\u2019ANSI"},{"@type":"BreadcrumbList","@id":"https:\/\/www.webdo.tn\/fr\/actualite\/national\/de-nouveaux-pdg-pour-lati-lint-et-lansi\/173065\/#breadcrumb","itemListElement":[{"@type":"ListItem","position":1,"name":"Accueil","item":"https:\/\/www.webdo.tn\/fr\/"},{"@type":"ListItem","position":2,"name":"De nouveaux PDG pour l\u2019ATI, l\u2019INT et l\u2019ANSI"}]},{"@type":"WebSite","@id":"https:\/\/www.webdo.tn\/fr\/#website","url":"https:\/\/www.webdo.tn\/fr\/","name":"webdo","description":"Tunisie - News en Tunisie et \u00e0 l&#039;international sur Webdo.tn","publisher":{"@id":"https:\/\/www.webdo.tn\/fr\/#organization"},"potentialAction":[{"@type":"SearchAction","target":{"@type":"EntryPoint","urlTemplate":"https:\/\/www.webdo.tn\/fr\/?s={search_term_string}"},"query-input":{"@type":"PropertyValueSpecification","valueRequired":true,"valueName":"search_term_string"}}],"inLanguage":"fr-FR"},{"@type":"Organization","@id":"https:\/\/www.webdo.tn\/fr\/#organization","name":"Webdo","alternateName":"Webdo.tn","url":"https:\/\/www.webdo.tn\/fr\/","logo":{"@type":"ImageObject","inLanguage":"fr-FR","@id":"https:\/\/www.webdo.tn\/fr\/#\/schema\/logo\/image\/","url":"https:\/\/www.webdo.tn\/fr\/wp-content\/uploads\/2025\/06\/Webdo-Tunisie_168377.jpg","contentUrl":"https:\/\/www.webdo.tn\/fr\/wp-content\/uploads\/2025\/06\/Webdo-Tunisie_168377.jpg","width":301,"height":301,"caption":"Webdo"},"image":{"@id":"https:\/\/www.webdo.tn\/fr\/#\/schema\/logo\/image\/"},"sameAs":["https:\/\/www.facebook.com\/webdotn","https:\/\/x.com\/webdo_tn"],"description":"Webdo est un m\u00e9dia num\u00e9rique tunisien fond\u00e9 en 2010, sp\u00e9cialis\u00e9 dans l\u2019actualit\u00e9 nationale et internationale, l\u2019\u00e9conomie, la soci\u00e9t\u00e9 et les analyses politiques. Le site s\u2019adresse \u00e0 un large public francophone et couvre l\u2019information tunisienne en temps r\u00e9el.","email":"redac@webdo.tn","legalName":"YNJ SARL","foundingDate":"2010-09-06","numberOfEmployees":{"@type":"QuantitativeValue","minValue":"11","maxValue":"50"}},{"@type":"Person","@id":"https:\/\/www.webdo.tn\/fr\/#\/schema\/person\/9a9c6118d687c117df8ef3cc36a4d175","name":"webdo.tn","image":{"@type":"ImageObject","inLanguage":"fr-FR","@id":"https:\/\/secure.gravatar.com\/avatar\/7ce1f28c0c3bbac99ff550b85ef8e44a6950c6ee24514fb6a5489e51d06f0298?s=96&d=mm&r=g","url":"https:\/\/secure.gravatar.com\/avatar\/7ce1f28c0c3bbac99ff550b85ef8e44a6950c6ee24514fb6a5489e51d06f0298?s=96&d=mm&r=g","contentUrl":"https:\/\/secure.gravatar.com\/avatar\/7ce1f28c0c3bbac99ff550b85ef8e44a6950c6ee24514fb6a5489e51d06f0298?s=96&d=mm&r=g","caption":"webdo.tn"},"url":"https:\/\/www.webdo.tn\/fr\/actualite\/author\/webdotn\/"}]}},"_links":{"self":[{"href":"https:\/\/www.webdo.tn\/fr\/wp-json\/wp\/v2\/posts\/173065","targetHints":{"allow":["GET"]}}],"collection":[{"href":"https:\/\/www.webdo.tn\/fr\/wp-json\/wp\/v2\/posts"}],"about":[{"href":"https:\/\/www.webdo.tn\/fr\/wp-json\/wp\/v2\/types\/post"}],"author":[{"embeddable":true,"href":"https:\/\/www.webdo.tn\/fr\/wp-json\/wp\/v2\/users\/3222"}],"replies":[{"embeddable":true,"href":"https:\/\/www.webdo.tn\/fr\/wp-json\/wp\/v2\/comments?post=173065"}],"version-history":[{"count":0,"href":"https:\/\/www.webdo.tn\/fr\/wp-json\/wp\/v2\/posts\/173065\/revisions"}],"wp:featuredmedia":[{"embeddable":true,"href":"https:\/\/www.webdo.tn\/fr\/wp-json\/wp\/v2\/media\/365802"}],"wp:attachment":[{"href":"https:\/\/www.webdo.tn\/fr\/wp-json\/wp\/v2\/media?parent=173065"}],"wp:term":[{"taxonomy":"category","embeddable":true,"href":"https:\/\/www.webdo.tn\/fr\/wp-json\/wp\/v2\/categories?post=173065"},{"taxonomy":"post_tag","embeddable":true,"href":"https:\/\/www.webdo.tn\/fr\/wp-json\/wp\/v2\/tags?post=173065"}],"curies":[{"name":"wp","href":"https:\/\/api.w.org\/{rel}","templated":true}]}}