{"id":173064,"date":"2011-02-03T10:17:00","date_gmt":"2011-02-03T10:17:00","guid":{"rendered":"https:\/\/www.webdo.tn\/fr\/actualite\/blog\/sommes-nous-entrain-de-vivre-le-fameux-arabic-dream\/173064\/"},"modified":"2011-02-03T10:17:00","modified_gmt":"2011-02-03T10:17:00","slug":"sommes-nous-entrain-de-vivre-le-fameux-arabic-dream","status":"publish","type":"post","link":"https:\/\/www.webdo.tn\/fr\/actualite\/national\/sommes-nous-entrain-de-vivre-le-fameux-arabic-dream\/173064\/","title":{"rendered":"Sommes-nous entrain de vivre le fameux \u00ab\u00a0Arabic Dream\u00a0\u00bb?"},"content":{"rendered":"<p>Partie de la Tunisie une vague r\u00e9volutionnaire sans pr\u00e9c\u00e9dent est entrain de secouer le monde arabe. L&rsquo;\u00e9tincelle tunisienne a \u00e9t\u00e9 l&rsquo;\u00e9picentre de ce s\u00e9isme Arabe. L&rsquo;immolation de Mohamed Bouazizi, devenu symbole de Libert\u00e9, a \u00e9t\u00e9 l&rsquo;\u00e9l\u00e9ment d\u00e9clencheur. Et c&rsquo;est ainsi que le peuple tunisien s&rsquo;est pris en main et s&rsquo;est finalement vu offrir le d\u00e9part de son ancien Pr\u00e9sident Ben Ali ainsi que les membres corrompus de sa famille. Bilan : 219 morts, 510 bless\u00e9s, une transition vers un r\u00e9gime d\u00e9mocratique, mais surtout une nation libre et solidaire pour reconstruire le pays.<\/p>\n<p>L&rsquo;onde de choc s&rsquo;est  propag\u00e9e dans tous les coins du monde Arabe. Les manifestations n&rsquo;ont pas tard\u00e9 \u00e0 arriver de partout r\u00e9clamant le d\u00e9part des pr\u00e9sidents et des conditions de vie plus dignes. Les tr\u00f4nes tremblent et les dictateurs ne cessent de faire des concessions afin de tenter de maitriser la col\u00e8re de leur peuple.<\/p>\n<p>Le pr\u00e9sident Egyptien Hosni Moubarak a \u00e9t\u00e9 le second \u00e0 subir la r\u00e9volte de son peuple. Des \u00e9gyptiens sortis par millions r\u00e9clamer son d\u00e9part et la chute du r\u00e9gime. Malgr\u00e9 son discours \u00ab patriotique \u00bb avant hier et sa d\u00e9cision de ne pas briguer un septi\u00e8me mandat, les manifestants ne d\u00e9col\u00e8rent pas. Bilan : 300 morts, plus de 3000 bless\u00e9s et un bras de fer meurtrier encore en cours entre Moubarek et son peuple.<\/p>\n<p>Le pr\u00e9sident du Yemen Ali Abdallah Saleh est le suivant sur la liste. Suite \u00e0 la journ\u00e9e de mobilisation nationale contre le gouvernement au Yemen annonc\u00e9e pour Jeudi, le pr\u00e9sident a d\u00e9cid\u00e9 de prendre les devants. Il a annonc\u00e9 hier qu&rsquo;il renon\u00e7ait lui aussi \u00e0 briguer un nouveau mandat et appel\u00e9 l&rsquo;opposition \u00e0 arr\u00eater les manifestations et reprendre le dialogue.<\/p>\n<p>Les alg\u00e9riens pr\u00e9voient des marches \u00e0 partir du 6 F\u00e9vrier appelant entre autre \u00e0 une transition politique d\u00e9mocratique et l&rsquo;augmentation des salaires des travailleurs. La Jordanie et la Syrie retiennent aussi leur souffle avec les manifestations multiples devant les minist\u00e8res depuis le d\u00e9but Janvier.<\/p>\n<p>Les internautes en rigolent sur le web en disant que le prochain sommet arabe sera un sommet \u00ab prise de contact \u00bb entre les nouveaux pr\u00e9sidents. Le processus est en cours. Il ne fait pas que des heureux. Les \u00c9tats Unis ainsi que Isra\u00ebl se voient perdre des alli\u00e9s de marque en Orient, une assurance de stabilit\u00e9 et une paroi herm\u00e9tique aux islamistes. Mais certains voient plus grand : la Palestine revenant \u00e0 son peuple sur un plateau en or.<\/p>\n","protected":false},"excerpt":{"rendered":"<p>Sommes-nous entrain de vivre le fameux  Arabic Dream ?<\/p>\n","protected":false},"author":3222,"featured_media":365621,"comment_status":"open","ping_status":"closed","sticky":false,"template":"","format":"standard","meta":{"footnotes":""},"categories":[44],"tags":[],"class_list":["post-173064","post","type-post","status-publish","format-standard","has-post-thumbnail","hentry","category-national"],"yoast_head":"<!-- This site is optimized with the Yoast SEO Premium plugin v27.4 (Yoast SEO v27.4) - https:\/\/yoast.com\/product\/yoast-seo-premium-wordpress\/ -->\n<title>Sommes-nous entrain de vivre le fameux Arabic Dream ?<\/title>\n<meta name=\"description\" content=\"Sommes-nous entrain de vivre le fameux Arabic Dream ?\" \/>\n<link rel=\"canonical\" href=\"https:\/\/www.webdo.tn\/fr\/actualite\/national\/sommes-nous-entrain-de-vivre-le-fameux-arabic-dream\/173064\/\" \/>\n<meta property=\"og:locale\" content=\"fr_FR\" \/>\n<meta property=\"og:type\" content=\"article\" \/>\n<meta property=\"og:title\" content=\"Sommes-nous entrain de vivre le fameux &quot;Arabic Dream&quot;?\" \/>\n<meta property=\"og:description\" content=\"Sommes-nous entrain de vivre le fameux Arabic Dream ?\" \/>\n<meta property=\"og:url\" content=\"https:\/\/www.webdo.tn\/fr\/actualite\/national\/sommes-nous-entrain-de-vivre-le-fameux-arabic-dream\/173064\/\" \/>\n<meta property=\"og:site_name\" content=\"webdo\" \/>\n<meta property=\"article:publisher\" content=\"https:\/\/www.facebook.com\/webdotn\" \/>\n<meta property=\"article:published_time\" content=\"2011-02-03T10:17:00+00:00\" \/>\n<meta property=\"og:image\" content=\"https:\/\/www.webdo.tn\/fr\/wp-content\/uploads\/2011\/02\/photo-300x225-1.jpg\" \/>\n\t<meta property=\"og:image:width\" content=\"300\" \/>\n\t<meta property=\"og:image:height\" content=\"225\" \/>\n\t<meta property=\"og:image:type\" content=\"image\/jpeg\" \/>\n<meta name=\"author\" content=\"webdo.tn\" \/>\n<meta name=\"twitter:card\" content=\"summary_large_image\" \/>\n<meta name=\"twitter:creator\" content=\"@webdo_tn\" \/>\n<meta name=\"twitter:site\" content=\"@webdo_tn\" \/>\n<meta name=\"twitter:label1\" content=\"\u00c9crit par\" \/>\n\t<meta name=\"twitter:data1\" content=\"webdo.tn\" \/>\n\t<meta name=\"twitter:label2\" content=\"Dur\u00e9e de lecture estim\u00e9e\" \/>\n\t<meta name=\"twitter:data2\" content=\"2 minutes\" \/>\n<script type=\"application\/ld+json\" class=\"yoast-schema-graph\">{\"@context\":\"https:\\\/\\\/schema.org\",\"@graph\":[{\"@type\":\"NewsArticle\",\"@id\":\"https:\\\/\\\/www.webdo.tn\\\/fr\\\/actualite\\\/national\\\/sommes-nous-entrain-de-vivre-le-fameux-arabic-dream\\\/173064\\\/#article\",\"isPartOf\":{\"@id\":\"https:\\\/\\\/www.webdo.tn\\\/fr\\\/actualite\\\/national\\\/sommes-nous-entrain-de-vivre-le-fameux-arabic-dream\\\/173064\\\/\"},\"author\":{\"name\":\"webdo.tn\",\"@id\":\"https:\\\/\\\/www.webdo.tn\\\/fr\\\/#\\\/schema\\\/person\\\/9a9c6118d687c117df8ef3cc36a4d175\"},\"headline\":\"Sommes-nous entrain de vivre le fameux \u00ab\u00a0Arabic Dream\u00a0\u00bb?\",\"datePublished\":\"2011-02-03T10:17:00+00:00\",\"mainEntityOfPage\":{\"@id\":\"https:\\\/\\\/www.webdo.tn\\\/fr\\\/actualite\\\/national\\\/sommes-nous-entrain-de-vivre-le-fameux-arabic-dream\\\/173064\\\/\"},\"wordCount\":450,\"commentCount\":0,\"publisher\":{\"@id\":\"https:\\\/\\\/www.webdo.tn\\\/fr\\\/#organization\"},\"image\":{\"@id\":\"https:\\\/\\\/www.webdo.tn\\\/fr\\\/actualite\\\/national\\\/sommes-nous-entrain-de-vivre-le-fameux-arabic-dream\\\/173064\\\/#primaryimage\"},\"thumbnailUrl\":\"https:\\\/\\\/www.webdo.tn\\\/fr\\\/wp-content\\\/uploads\\\/2011\\\/02\\\/photo-300x225-1.jpg\",\"articleSection\":[\"National\"],\"inLanguage\":\"fr-FR\"},{\"@type\":\"WebPage\",\"@id\":\"https:\\\/\\\/www.webdo.tn\\\/fr\\\/actualite\\\/national\\\/sommes-nous-entrain-de-vivre-le-fameux-arabic-dream\\\/173064\\\/\",\"url\":\"https:\\\/\\\/www.webdo.tn\\\/fr\\\/actualite\\\/national\\\/sommes-nous-entrain-de-vivre-le-fameux-arabic-dream\\\/173064\\\/\",\"name\":\"Sommes-nous entrain de vivre le fameux Arabic Dream ?\",\"isPartOf\":{\"@id\":\"https:\\\/\\\/www.webdo.tn\\\/fr\\\/#website\"},\"primaryImageOfPage\":{\"@id\":\"https:\\\/\\\/www.webdo.tn\\\/fr\\\/actualite\\\/national\\\/sommes-nous-entrain-de-vivre-le-fameux-arabic-dream\\\/173064\\\/#primaryimage\"},\"image\":{\"@id\":\"https:\\\/\\\/www.webdo.tn\\\/fr\\\/actualite\\\/national\\\/sommes-nous-entrain-de-vivre-le-fameux-arabic-dream\\\/173064\\\/#primaryimage\"},\"thumbnailUrl\":\"https:\\\/\\\/www.webdo.tn\\\/fr\\\/wp-content\\\/uploads\\\/2011\\\/02\\\/photo-300x225-1.jpg\",\"datePublished\":\"2011-02-03T10:17:00+00:00\",\"description\":\"Sommes-nous entrain de vivre le fameux Arabic Dream ?\",\"breadcrumb\":{\"@id\":\"https:\\\/\\\/www.webdo.tn\\\/fr\\\/actualite\\\/national\\\/sommes-nous-entrain-de-vivre-le-fameux-arabic-dream\\\/173064\\\/#breadcrumb\"},\"inLanguage\":\"fr-FR\",\"potentialAction\":[{\"@type\":\"ReadAction\",\"target\":[\"https:\\\/\\\/www.webdo.tn\\\/fr\\\/actualite\\\/national\\\/sommes-nous-entrain-de-vivre-le-fameux-arabic-dream\\\/173064\\\/\"]}]},{\"@type\":\"ImageObject\",\"inLanguage\":\"fr-FR\",\"@id\":\"https:\\\/\\\/www.webdo.tn\\\/fr\\\/actualite\\\/national\\\/sommes-nous-entrain-de-vivre-le-fameux-arabic-dream\\\/173064\\\/#primaryimage\",\"url\":\"https:\\\/\\\/www.webdo.tn\\\/fr\\\/wp-content\\\/uploads\\\/2011\\\/02\\\/photo-300x225-1.jpg\",\"contentUrl\":\"https:\\\/\\\/www.webdo.tn\\\/fr\\\/wp-content\\\/uploads\\\/2011\\\/02\\\/photo-300x225-1.jpg\",\"width\":300,\"height\":225,\"caption\":\"Sommes-nous entrain de vivre le fameux \\\"Arabic Dream\\\"?\"},{\"@type\":\"BreadcrumbList\",\"@id\":\"https:\\\/\\\/www.webdo.tn\\\/fr\\\/actualite\\\/national\\\/sommes-nous-entrain-de-vivre-le-fameux-arabic-dream\\\/173064\\\/#breadcrumb\",\"itemListElement\":[{\"@type\":\"ListItem\",\"position\":1,\"name\":\"Accueil\",\"item\":\"https:\\\/\\\/www.webdo.tn\\\/fr\\\/\"},{\"@type\":\"ListItem\",\"position\":2,\"name\":\"Sommes-nous entrain de vivre le fameux \u00ab\u00a0Arabic Dream\u00a0\u00bb?\"}]},{\"@type\":\"WebSite\",\"@id\":\"https:\\\/\\\/www.webdo.tn\\\/fr\\\/#website\",\"url\":\"https:\\\/\\\/www.webdo.tn\\\/fr\\\/\",\"name\":\"webdo\",\"description\":\"Tunisie - News en Tunisie et \u00e0 l&#039;international sur Webdo.tn\",\"publisher\":{\"@id\":\"https:\\\/\\\/www.webdo.tn\\\/fr\\\/#organization\"},\"potentialAction\":[{\"@type\":\"SearchAction\",\"target\":{\"@type\":\"EntryPoint\",\"urlTemplate\":\"https:\\\/\\\/www.webdo.tn\\\/fr\\\/?s={search_term_string}\"},\"query-input\":{\"@type\":\"PropertyValueSpecification\",\"valueRequired\":true,\"valueName\":\"search_term_string\"}}],\"inLanguage\":\"fr-FR\"},{\"@type\":\"Organization\",\"@id\":\"https:\\\/\\\/www.webdo.tn\\\/fr\\\/#organization\",\"name\":\"Webdo\",\"alternateName\":\"Webdo.tn\",\"url\":\"https:\\\/\\\/www.webdo.tn\\\/fr\\\/\",\"logo\":{\"@type\":\"ImageObject\",\"inLanguage\":\"fr-FR\",\"@id\":\"https:\\\/\\\/www.webdo.tn\\\/fr\\\/#\\\/schema\\\/logo\\\/image\\\/\",\"url\":\"https:\\\/\\\/www.webdo.tn\\\/fr\\\/wp-content\\\/uploads\\\/2025\\\/06\\\/Webdo-Tunisie_168377.jpg\",\"contentUrl\":\"https:\\\/\\\/www.webdo.tn\\\/fr\\\/wp-content\\\/uploads\\\/2025\\\/06\\\/Webdo-Tunisie_168377.jpg\",\"width\":301,\"height\":301,\"caption\":\"Webdo\"},\"image\":{\"@id\":\"https:\\\/\\\/www.webdo.tn\\\/fr\\\/#\\\/schema\\\/logo\\\/image\\\/\"},\"sameAs\":[\"https:\\\/\\\/www.facebook.com\\\/webdotn\",\"https:\\\/\\\/x.com\\\/webdo_tn\"],\"description\":\"Webdo est un m\u00e9dia num\u00e9rique tunisien fond\u00e9 en 2010, sp\u00e9cialis\u00e9 dans l\u2019actualit\u00e9 nationale et internationale, l\u2019\u00e9conomie, la soci\u00e9t\u00e9 et les analyses politiques. Le site s\u2019adresse \u00e0 un large public francophone et couvre l\u2019information tunisienne en temps r\u00e9el.\",\"email\":\"redac@webdo.tn\",\"legalName\":\"YNJ SARL\",\"foundingDate\":\"2010-09-06\",\"numberOfEmployees\":{\"@type\":\"QuantitativeValue\",\"minValue\":\"11\",\"maxValue\":\"50\"}},{\"@type\":\"Person\",\"@id\":\"https:\\\/\\\/www.webdo.tn\\\/fr\\\/#\\\/schema\\\/person\\\/9a9c6118d687c117df8ef3cc36a4d175\",\"name\":\"webdo.tn\",\"image\":{\"@type\":\"ImageObject\",\"inLanguage\":\"fr-FR\",\"@id\":\"https:\\\/\\\/secure.gravatar.com\\\/avatar\\\/7ce1f28c0c3bbac99ff550b85ef8e44a6950c6ee24514fb6a5489e51d06f0298?s=96&d=mm&r=g\",\"url\":\"https:\\\/\\\/secure.gravatar.com\\\/avatar\\\/7ce1f28c0c3bbac99ff550b85ef8e44a6950c6ee24514fb6a5489e51d06f0298?s=96&d=mm&r=g\",\"contentUrl\":\"https:\\\/\\\/secure.gravatar.com\\\/avatar\\\/7ce1f28c0c3bbac99ff550b85ef8e44a6950c6ee24514fb6a5489e51d06f0298?s=96&d=mm&r=g\",\"caption\":\"webdo.tn\"},\"url\":\"https:\\\/\\\/www.webdo.tn\\\/fr\\\/actualite\\\/author\\\/webdotn\\\/\"}]}<\/script>\n<!-- \/ Yoast SEO Premium plugin. -->","yoast_head_json":{"title":"Sommes-nous entrain de vivre le fameux Arabic Dream ?","description":"Sommes-nous entrain de vivre le fameux Arabic Dream ?","canonical":"https:\/\/www.webdo.tn\/fr\/actualite\/national\/sommes-nous-entrain-de-vivre-le-fameux-arabic-dream\/173064\/","og_locale":"fr_FR","og_type":"article","og_title":"Sommes-nous entrain de vivre le fameux \"Arabic Dream\"?","og_description":"Sommes-nous entrain de vivre le fameux Arabic Dream ?","og_url":"https:\/\/www.webdo.tn\/fr\/actualite\/national\/sommes-nous-entrain-de-vivre-le-fameux-arabic-dream\/173064\/","og_site_name":"webdo","article_publisher":"https:\/\/www.facebook.com\/webdotn","article_published_time":"2011-02-03T10:17:00+00:00","og_image":[{"width":300,"height":225,"url":"https:\/\/www.webdo.tn\/fr\/wp-content\/uploads\/2011\/02\/photo-300x225-1.jpg","type":"image\/jpeg"}],"author":"webdo.tn","twitter_card":"summary_large_image","twitter_creator":"@webdo_tn","twitter_site":"@webdo_tn","twitter_misc":{"\u00c9crit par":"webdo.tn","Dur\u00e9e de lecture estim\u00e9e":"2 minutes"},"schema":{"@context":"https:\/\/schema.org","@graph":[{"@type":"NewsArticle","@id":"https:\/\/www.webdo.tn\/fr\/actualite\/national\/sommes-nous-entrain-de-vivre-le-fameux-arabic-dream\/173064\/#article","isPartOf":{"@id":"https:\/\/www.webdo.tn\/fr\/actualite\/national\/sommes-nous-entrain-de-vivre-le-fameux-arabic-dream\/173064\/"},"author":{"name":"webdo.tn","@id":"https:\/\/www.webdo.tn\/fr\/#\/schema\/person\/9a9c6118d687c117df8ef3cc36a4d175"},"headline":"Sommes-nous entrain de vivre le fameux \u00ab\u00a0Arabic Dream\u00a0\u00bb?","datePublished":"2011-02-03T10:17:00+00:00","mainEntityOfPage":{"@id":"https:\/\/www.webdo.tn\/fr\/actualite\/national\/sommes-nous-entrain-de-vivre-le-fameux-arabic-dream\/173064\/"},"wordCount":450,"commentCount":0,"publisher":{"@id":"https:\/\/www.webdo.tn\/fr\/#organization"},"image":{"@id":"https:\/\/www.webdo.tn\/fr\/actualite\/national\/sommes-nous-entrain-de-vivre-le-fameux-arabic-dream\/173064\/#primaryimage"},"thumbnailUrl":"https:\/\/www.webdo.tn\/fr\/wp-content\/uploads\/2011\/02\/photo-300x225-1.jpg","articleSection":["National"],"inLanguage":"fr-FR"},{"@type":"WebPage","@id":"https:\/\/www.webdo.tn\/fr\/actualite\/national\/sommes-nous-entrain-de-vivre-le-fameux-arabic-dream\/173064\/","url":"https:\/\/www.webdo.tn\/fr\/actualite\/national\/sommes-nous-entrain-de-vivre-le-fameux-arabic-dream\/173064\/","name":"Sommes-nous entrain de vivre le fameux Arabic Dream ?","isPartOf":{"@id":"https:\/\/www.webdo.tn\/fr\/#website"},"primaryImageOfPage":{"@id":"https:\/\/www.webdo.tn\/fr\/actualite\/national\/sommes-nous-entrain-de-vivre-le-fameux-arabic-dream\/173064\/#primaryimage"},"image":{"@id":"https:\/\/www.webdo.tn\/fr\/actualite\/national\/sommes-nous-entrain-de-vivre-le-fameux-arabic-dream\/173064\/#primaryimage"},"thumbnailUrl":"https:\/\/www.webdo.tn\/fr\/wp-content\/uploads\/2011\/02\/photo-300x225-1.jpg","datePublished":"2011-02-03T10:17:00+00:00","description":"Sommes-nous entrain de vivre le fameux Arabic Dream ?","breadcrumb":{"@id":"https:\/\/www.webdo.tn\/fr\/actualite\/national\/sommes-nous-entrain-de-vivre-le-fameux-arabic-dream\/173064\/#breadcrumb"},"inLanguage":"fr-FR","potentialAction":[{"@type":"ReadAction","target":["https:\/\/www.webdo.tn\/fr\/actualite\/national\/sommes-nous-entrain-de-vivre-le-fameux-arabic-dream\/173064\/"]}]},{"@type":"ImageObject","inLanguage":"fr-FR","@id":"https:\/\/www.webdo.tn\/fr\/actualite\/national\/sommes-nous-entrain-de-vivre-le-fameux-arabic-dream\/173064\/#primaryimage","url":"https:\/\/www.webdo.tn\/fr\/wp-content\/uploads\/2011\/02\/photo-300x225-1.jpg","contentUrl":"https:\/\/www.webdo.tn\/fr\/wp-content\/uploads\/2011\/02\/photo-300x225-1.jpg","width":300,"height":225,"caption":"Sommes-nous entrain de vivre le fameux \"Arabic Dream\"?"},{"@type":"BreadcrumbList","@id":"https:\/\/www.webdo.tn\/fr\/actualite\/national\/sommes-nous-entrain-de-vivre-le-fameux-arabic-dream\/173064\/#breadcrumb","itemListElement":[{"@type":"ListItem","position":1,"name":"Accueil","item":"https:\/\/www.webdo.tn\/fr\/"},{"@type":"ListItem","position":2,"name":"Sommes-nous entrain de vivre le fameux \u00ab\u00a0Arabic Dream\u00a0\u00bb?"}]},{"@type":"WebSite","@id":"https:\/\/www.webdo.tn\/fr\/#website","url":"https:\/\/www.webdo.tn\/fr\/","name":"webdo","description":"Tunisie - News en Tunisie et \u00e0 l&#039;international sur Webdo.tn","publisher":{"@id":"https:\/\/www.webdo.tn\/fr\/#organization"},"potentialAction":[{"@type":"SearchAction","target":{"@type":"EntryPoint","urlTemplate":"https:\/\/www.webdo.tn\/fr\/?s={search_term_string}"},"query-input":{"@type":"PropertyValueSpecification","valueRequired":true,"valueName":"search_term_string"}}],"inLanguage":"fr-FR"},{"@type":"Organization","@id":"https:\/\/www.webdo.tn\/fr\/#organization","name":"Webdo","alternateName":"Webdo.tn","url":"https:\/\/www.webdo.tn\/fr\/","logo":{"@type":"ImageObject","inLanguage":"fr-FR","@id":"https:\/\/www.webdo.tn\/fr\/#\/schema\/logo\/image\/","url":"https:\/\/www.webdo.tn\/fr\/wp-content\/uploads\/2025\/06\/Webdo-Tunisie_168377.jpg","contentUrl":"https:\/\/www.webdo.tn\/fr\/wp-content\/uploads\/2025\/06\/Webdo-Tunisie_168377.jpg","width":301,"height":301,"caption":"Webdo"},"image":{"@id":"https:\/\/www.webdo.tn\/fr\/#\/schema\/logo\/image\/"},"sameAs":["https:\/\/www.facebook.com\/webdotn","https:\/\/x.com\/webdo_tn"],"description":"Webdo est un m\u00e9dia num\u00e9rique tunisien fond\u00e9 en 2010, sp\u00e9cialis\u00e9 dans l\u2019actualit\u00e9 nationale et internationale, l\u2019\u00e9conomie, la soci\u00e9t\u00e9 et les analyses politiques. Le site s\u2019adresse \u00e0 un large public francophone et couvre l\u2019information tunisienne en temps r\u00e9el.","email":"redac@webdo.tn","legalName":"YNJ SARL","foundingDate":"2010-09-06","numberOfEmployees":{"@type":"QuantitativeValue","minValue":"11","maxValue":"50"}},{"@type":"Person","@id":"https:\/\/www.webdo.tn\/fr\/#\/schema\/person\/9a9c6118d687c117df8ef3cc36a4d175","name":"webdo.tn","image":{"@type":"ImageObject","inLanguage":"fr-FR","@id":"https:\/\/secure.gravatar.com\/avatar\/7ce1f28c0c3bbac99ff550b85ef8e44a6950c6ee24514fb6a5489e51d06f0298?s=96&d=mm&r=g","url":"https:\/\/secure.gravatar.com\/avatar\/7ce1f28c0c3bbac99ff550b85ef8e44a6950c6ee24514fb6a5489e51d06f0298?s=96&d=mm&r=g","contentUrl":"https:\/\/secure.gravatar.com\/avatar\/7ce1f28c0c3bbac99ff550b85ef8e44a6950c6ee24514fb6a5489e51d06f0298?s=96&d=mm&r=g","caption":"webdo.tn"},"url":"https:\/\/www.webdo.tn\/fr\/actualite\/author\/webdotn\/"}]}},"_links":{"self":[{"href":"https:\/\/www.webdo.tn\/fr\/wp-json\/wp\/v2\/posts\/173064","targetHints":{"allow":["GET"]}}],"collection":[{"href":"https:\/\/www.webdo.tn\/fr\/wp-json\/wp\/v2\/posts"}],"about":[{"href":"https:\/\/www.webdo.tn\/fr\/wp-json\/wp\/v2\/types\/post"}],"author":[{"embeddable":true,"href":"https:\/\/www.webdo.tn\/fr\/wp-json\/wp\/v2\/users\/3222"}],"replies":[{"embeddable":true,"href":"https:\/\/www.webdo.tn\/fr\/wp-json\/wp\/v2\/comments?post=173064"}],"version-history":[{"count":0,"href":"https:\/\/www.webdo.tn\/fr\/wp-json\/wp\/v2\/posts\/173064\/revisions"}],"wp:featuredmedia":[{"embeddable":true,"href":"https:\/\/www.webdo.tn\/fr\/wp-json\/wp\/v2\/media\/365621"}],"wp:attachment":[{"href":"https:\/\/www.webdo.tn\/fr\/wp-json\/wp\/v2\/media?parent=173064"}],"wp:term":[{"taxonomy":"category","embeddable":true,"href":"https:\/\/www.webdo.tn\/fr\/wp-json\/wp\/v2\/categories?post=173064"},{"taxonomy":"post_tag","embeddable":true,"href":"https:\/\/www.webdo.tn\/fr\/wp-json\/wp\/v2\/tags?post=173064"}],"curies":[{"name":"wp","href":"https:\/\/api.w.org\/{rel}","templated":true}]}}