{"id":173054,"date":"2011-02-04T22:09:00","date_gmt":"2011-02-04T22:09:00","guid":{"rendered":"https:\/\/www.webdo.tn\/fr\/actualite\/blog\/19-gouverneurs-sur-24-rcdistes-et-un-ministre-de-linterieur-agace\/173054\/"},"modified":"2011-02-04T22:09:00","modified_gmt":"2011-02-04T22:09:00","slug":"19-gouverneurs-sur-24-rcdistes-et-un-ministre-de-linterieur-agace","status":"publish","type":"post","link":"https:\/\/www.webdo.tn\/fr\/actualite\/national\/19-gouverneurs-sur-24-rcdistes-et-un-ministre-de-linterieur-agace\/173054\/","title":{"rendered":"19 gouverneurs sur 24 RCDistes et un ministre de l&rsquo;Int\u00e9rieur agac\u00e9!"},"content":{"rendered":"<p>Ce soir lors d&rsquo;un d\u00e9bat en direct \u00e0 la chaine t\u00e9l\u00e9 Nessma TV, le premier ministre a \u00e9t\u00e9 questionn\u00e9 sur le taux important d&rsquo;appartenance au RCD des gouverneurs fraichement nomm\u00e9s.<\/p>\n<p>En effet, sur les 24 gouverneurs, 19 sont RCDistes. Cet \u00e9tat des lieux a \u00e9t\u00e9 r\u00e9vis\u00e9 maintes fois, jusqu&rsquo;\u00e0 recomposer la liste des gouverneurs 4 fois justifie le ministre.<\/p>\n<p>Il explique entre autres que ce choix a \u00e9t\u00e9 \u00e9tabli ainsi vue la situation d\u00e9licate de plusieurs gouvernorats sans personne \u00e0 leur t\u00eate. Il a indiqu\u00e9 que cette situation \u00e9tait provisoire et qu&rsquo;elle ne repr\u00e9sentait qu&rsquo;une p\u00e9riode transitoire. Mais si ce n&rsquo;\u00e9tait pas suffisant, un changement pourrait encore avoir lieu si toutefois un probl\u00e8me survenait, ajoute Farhat Rajhi. <\/p>\n<p>Au sujet de savoir quel sera le prochain r\u00f4le des gouverneurs lors des \u00e9lections, le ministre se veut rassurant en indiquant qu&rsquo;ils n&rsquo;auront aucun r\u00f4le et que des organismes \u00e9trangers assisteront et veilleront \u00e0 la transparence et au bon d\u00e9roulement du passage aux urnes. <\/p>\n<p>La vigilance est tout de m\u00eame de mise m\u00eame si Farhat Rajhi assure qu&rsquo;une remise en question du choix des gouverneurs peut se faire \u00e0 tout moment comme ce fut le cas pour le gouvernement de transition.<\/p>\n<p>Questionn\u00e9 sur la raison pour laquelle aucune femme n&rsquo;avait \u00e9t\u00e9 nomm\u00e9e \u00e0 ces postes, il a r\u00e9pondu que la situation \u00e9tait d\u00e9licate et encore dangereuse.<\/p>\n<p>Tous ces sujets l&rsquo;ont mis mal \u00e0 l&rsquo;aise et pour cette deuxi\u00e8me participation \u00e0 la t\u00e9l\u00e9vision, nous sommes loin du ministre charismatique qu&rsquo;il laissait deviner au d\u00e9part. <\/p>\n<p>Par ailleurs, deux cas d&rsquo;immolations par le feu ont eu lieu aujourd&rsquo;hui \u00e0 Sidi Bouzid. Les raisons ne sont pas encore tr\u00e8s claires, l&rsquo;un aurait fait un peu de grabuges dans son voisinage et l&rsquo;autre aurait agress\u00e9 ses parents. Le ministre de l&rsquo;int\u00e9rieur indique que l&rsquo;enqu\u00eate est en cours.<\/p>\n","protected":false},"excerpt":{"rendered":"<p>19 gouverneurs sur 24 RCDistes et un ministre de l&rsquo;Int\u00e9rieur agac\u00e9! <\/p>\n","protected":false},"author":3222,"featured_media":365630,"comment_status":"open","ping_status":"closed","sticky":false,"template":"","format":"standard","meta":{"footnotes":""},"categories":[44],"tags":[],"class_list":["post-173054","post","type-post","status-publish","format-standard","has-post-thumbnail","hentry","category-national"],"yoast_head":"<!-- This site is optimized with the Yoast SEO Premium plugin v27.4 (Yoast SEO v27.4) - https:\/\/yoast.com\/product\/yoast-seo-premium-wordpress\/ -->\n<title>19 gouverneurs sur 24 RCDistes et un ministre de l&#039;Int\u00e9rieur agac\u00e9!<\/title>\n<meta name=\"description\" content=\"19 gouverneurs sur 24 RCDistes et un ministre de l&#039;Int\u00e9rieur agac\u00e9!\" \/>\n<link rel=\"canonical\" href=\"https:\/\/www.webdo.tn\/fr\/actualite\/national\/19-gouverneurs-sur-24-rcdistes-et-un-ministre-de-linterieur-agace\/173054\/\" \/>\n<meta property=\"og:locale\" content=\"fr_FR\" \/>\n<meta property=\"og:type\" content=\"article\" \/>\n<meta property=\"og:title\" content=\"19 gouverneurs sur 24 RCDistes et un ministre de l&#039;Int\u00e9rieur agac\u00e9!\" \/>\n<meta property=\"og:description\" content=\"19 gouverneurs sur 24 RCDistes et un ministre de l&#039;Int\u00e9rieur agac\u00e9!\" \/>\n<meta property=\"og:url\" content=\"https:\/\/www.webdo.tn\/fr\/actualite\/national\/19-gouverneurs-sur-24-rcdistes-et-un-ministre-de-linterieur-agace\/173054\/\" \/>\n<meta property=\"og:site_name\" content=\"webdo\" \/>\n<meta property=\"article:publisher\" content=\"https:\/\/www.facebook.com\/webdotn\" \/>\n<meta property=\"article:published_time\" content=\"2011-02-04T22:09:00+00:00\" \/>\n<meta property=\"og:image\" content=\"https:\/\/www.webdo.tn\/fr\/wp-content\/uploads\/2011\/02\/Farhat-Rajhi1-271x300-1.jpg\" \/>\n\t<meta property=\"og:image:width\" content=\"271\" \/>\n\t<meta property=\"og:image:height\" content=\"300\" \/>\n\t<meta property=\"og:image:type\" content=\"image\/jpeg\" \/>\n<meta name=\"author\" content=\"webdo.tn\" \/>\n<meta name=\"twitter:card\" content=\"summary_large_image\" \/>\n<meta name=\"twitter:creator\" content=\"@webdo_tn\" \/>\n<meta name=\"twitter:site\" content=\"@webdo_tn\" \/>\n<meta name=\"twitter:label1\" content=\"\u00c9crit par\" \/>\n\t<meta name=\"twitter:data1\" content=\"webdo.tn\" \/>\n\t<meta name=\"twitter:label2\" content=\"Dur\u00e9e de lecture estim\u00e9e\" \/>\n\t<meta name=\"twitter:data2\" content=\"2 minutes\" \/>\n<script type=\"application\/ld+json\" class=\"yoast-schema-graph\">{\"@context\":\"https:\\\/\\\/schema.org\",\"@graph\":[{\"@type\":\"NewsArticle\",\"@id\":\"https:\\\/\\\/www.webdo.tn\\\/fr\\\/actualite\\\/national\\\/19-gouverneurs-sur-24-rcdistes-et-un-ministre-de-linterieur-agace\\\/173054\\\/#article\",\"isPartOf\":{\"@id\":\"https:\\\/\\\/www.webdo.tn\\\/fr\\\/actualite\\\/national\\\/19-gouverneurs-sur-24-rcdistes-et-un-ministre-de-linterieur-agace\\\/173054\\\/\"},\"author\":{\"name\":\"webdo.tn\",\"@id\":\"https:\\\/\\\/www.webdo.tn\\\/fr\\\/#\\\/schema\\\/person\\\/9a9c6118d687c117df8ef3cc36a4d175\"},\"headline\":\"19 gouverneurs sur 24 RCDistes et un ministre de l&rsquo;Int\u00e9rieur agac\u00e9!\",\"datePublished\":\"2011-02-04T22:09:00+00:00\",\"mainEntityOfPage\":{\"@id\":\"https:\\\/\\\/www.webdo.tn\\\/fr\\\/actualite\\\/national\\\/19-gouverneurs-sur-24-rcdistes-et-un-ministre-de-linterieur-agace\\\/173054\\\/\"},\"wordCount\":341,\"commentCount\":0,\"publisher\":{\"@id\":\"https:\\\/\\\/www.webdo.tn\\\/fr\\\/#organization\"},\"image\":{\"@id\":\"https:\\\/\\\/www.webdo.tn\\\/fr\\\/actualite\\\/national\\\/19-gouverneurs-sur-24-rcdistes-et-un-ministre-de-linterieur-agace\\\/173054\\\/#primaryimage\"},\"thumbnailUrl\":\"https:\\\/\\\/www.webdo.tn\\\/fr\\\/wp-content\\\/uploads\\\/2011\\\/02\\\/Farhat-Rajhi1-271x300-1.jpg\",\"articleSection\":[\"National\"],\"inLanguage\":\"fr-FR\"},{\"@type\":\"WebPage\",\"@id\":\"https:\\\/\\\/www.webdo.tn\\\/fr\\\/actualite\\\/national\\\/19-gouverneurs-sur-24-rcdistes-et-un-ministre-de-linterieur-agace\\\/173054\\\/\",\"url\":\"https:\\\/\\\/www.webdo.tn\\\/fr\\\/actualite\\\/national\\\/19-gouverneurs-sur-24-rcdistes-et-un-ministre-de-linterieur-agace\\\/173054\\\/\",\"name\":\"19 gouverneurs sur 24 RCDistes et un ministre de l'Int\u00e9rieur agac\u00e9!\",\"isPartOf\":{\"@id\":\"https:\\\/\\\/www.webdo.tn\\\/fr\\\/#website\"},\"primaryImageOfPage\":{\"@id\":\"https:\\\/\\\/www.webdo.tn\\\/fr\\\/actualite\\\/national\\\/19-gouverneurs-sur-24-rcdistes-et-un-ministre-de-linterieur-agace\\\/173054\\\/#primaryimage\"},\"image\":{\"@id\":\"https:\\\/\\\/www.webdo.tn\\\/fr\\\/actualite\\\/national\\\/19-gouverneurs-sur-24-rcdistes-et-un-ministre-de-linterieur-agace\\\/173054\\\/#primaryimage\"},\"thumbnailUrl\":\"https:\\\/\\\/www.webdo.tn\\\/fr\\\/wp-content\\\/uploads\\\/2011\\\/02\\\/Farhat-Rajhi1-271x300-1.jpg\",\"datePublished\":\"2011-02-04T22:09:00+00:00\",\"description\":\"19 gouverneurs sur 24 RCDistes et un ministre de l'Int\u00e9rieur agac\u00e9!\",\"breadcrumb\":{\"@id\":\"https:\\\/\\\/www.webdo.tn\\\/fr\\\/actualite\\\/national\\\/19-gouverneurs-sur-24-rcdistes-et-un-ministre-de-linterieur-agace\\\/173054\\\/#breadcrumb\"},\"inLanguage\":\"fr-FR\",\"potentialAction\":[{\"@type\":\"ReadAction\",\"target\":[\"https:\\\/\\\/www.webdo.tn\\\/fr\\\/actualite\\\/national\\\/19-gouverneurs-sur-24-rcdistes-et-un-ministre-de-linterieur-agace\\\/173054\\\/\"]}]},{\"@type\":\"ImageObject\",\"inLanguage\":\"fr-FR\",\"@id\":\"https:\\\/\\\/www.webdo.tn\\\/fr\\\/actualite\\\/national\\\/19-gouverneurs-sur-24-rcdistes-et-un-ministre-de-linterieur-agace\\\/173054\\\/#primaryimage\",\"url\":\"https:\\\/\\\/www.webdo.tn\\\/fr\\\/wp-content\\\/uploads\\\/2011\\\/02\\\/Farhat-Rajhi1-271x300-1.jpg\",\"contentUrl\":\"https:\\\/\\\/www.webdo.tn\\\/fr\\\/wp-content\\\/uploads\\\/2011\\\/02\\\/Farhat-Rajhi1-271x300-1.jpg\",\"width\":271,\"height\":300,\"caption\":\"19 gouverneurs sur 24 RCDistes et un ministre de l'Int\u00e9rieur agac\u00e9!\"},{\"@type\":\"BreadcrumbList\",\"@id\":\"https:\\\/\\\/www.webdo.tn\\\/fr\\\/actualite\\\/national\\\/19-gouverneurs-sur-24-rcdistes-et-un-ministre-de-linterieur-agace\\\/173054\\\/#breadcrumb\",\"itemListElement\":[{\"@type\":\"ListItem\",\"position\":1,\"name\":\"Accueil\",\"item\":\"https:\\\/\\\/www.webdo.tn\\\/fr\\\/\"},{\"@type\":\"ListItem\",\"position\":2,\"name\":\"19 gouverneurs sur 24 RCDistes et un ministre de l&rsquo;Int\u00e9rieur agac\u00e9!\"}]},{\"@type\":\"WebSite\",\"@id\":\"https:\\\/\\\/www.webdo.tn\\\/fr\\\/#website\",\"url\":\"https:\\\/\\\/www.webdo.tn\\\/fr\\\/\",\"name\":\"webdo\",\"description\":\"Tunisie - News en Tunisie et \u00e0 l&#039;international sur Webdo.tn\",\"publisher\":{\"@id\":\"https:\\\/\\\/www.webdo.tn\\\/fr\\\/#organization\"},\"potentialAction\":[{\"@type\":\"SearchAction\",\"target\":{\"@type\":\"EntryPoint\",\"urlTemplate\":\"https:\\\/\\\/www.webdo.tn\\\/fr\\\/?s={search_term_string}\"},\"query-input\":{\"@type\":\"PropertyValueSpecification\",\"valueRequired\":true,\"valueName\":\"search_term_string\"}}],\"inLanguage\":\"fr-FR\"},{\"@type\":\"Organization\",\"@id\":\"https:\\\/\\\/www.webdo.tn\\\/fr\\\/#organization\",\"name\":\"Webdo\",\"alternateName\":\"Webdo.tn\",\"url\":\"https:\\\/\\\/www.webdo.tn\\\/fr\\\/\",\"logo\":{\"@type\":\"ImageObject\",\"inLanguage\":\"fr-FR\",\"@id\":\"https:\\\/\\\/www.webdo.tn\\\/fr\\\/#\\\/schema\\\/logo\\\/image\\\/\",\"url\":\"https:\\\/\\\/www.webdo.tn\\\/fr\\\/wp-content\\\/uploads\\\/2025\\\/06\\\/Webdo-Tunisie_168377.jpg\",\"contentUrl\":\"https:\\\/\\\/www.webdo.tn\\\/fr\\\/wp-content\\\/uploads\\\/2025\\\/06\\\/Webdo-Tunisie_168377.jpg\",\"width\":301,\"height\":301,\"caption\":\"Webdo\"},\"image\":{\"@id\":\"https:\\\/\\\/www.webdo.tn\\\/fr\\\/#\\\/schema\\\/logo\\\/image\\\/\"},\"sameAs\":[\"https:\\\/\\\/www.facebook.com\\\/webdotn\",\"https:\\\/\\\/x.com\\\/webdo_tn\"],\"description\":\"Webdo est un m\u00e9dia num\u00e9rique tunisien fond\u00e9 en 2010, sp\u00e9cialis\u00e9 dans l\u2019actualit\u00e9 nationale et internationale, l\u2019\u00e9conomie, la soci\u00e9t\u00e9 et les analyses politiques. Le site s\u2019adresse \u00e0 un large public francophone et couvre l\u2019information tunisienne en temps r\u00e9el.\",\"email\":\"redac@webdo.tn\",\"legalName\":\"YNJ SARL\",\"foundingDate\":\"2010-09-06\",\"numberOfEmployees\":{\"@type\":\"QuantitativeValue\",\"minValue\":\"11\",\"maxValue\":\"50\"}},{\"@type\":\"Person\",\"@id\":\"https:\\\/\\\/www.webdo.tn\\\/fr\\\/#\\\/schema\\\/person\\\/9a9c6118d687c117df8ef3cc36a4d175\",\"name\":\"webdo.tn\",\"image\":{\"@type\":\"ImageObject\",\"inLanguage\":\"fr-FR\",\"@id\":\"https:\\\/\\\/secure.gravatar.com\\\/avatar\\\/7ce1f28c0c3bbac99ff550b85ef8e44a6950c6ee24514fb6a5489e51d06f0298?s=96&d=mm&r=g\",\"url\":\"https:\\\/\\\/secure.gravatar.com\\\/avatar\\\/7ce1f28c0c3bbac99ff550b85ef8e44a6950c6ee24514fb6a5489e51d06f0298?s=96&d=mm&r=g\",\"contentUrl\":\"https:\\\/\\\/secure.gravatar.com\\\/avatar\\\/7ce1f28c0c3bbac99ff550b85ef8e44a6950c6ee24514fb6a5489e51d06f0298?s=96&d=mm&r=g\",\"caption\":\"webdo.tn\"},\"url\":\"https:\\\/\\\/www.webdo.tn\\\/fr\\\/actualite\\\/author\\\/webdotn\\\/\"}]}<\/script>\n<!-- \/ Yoast SEO Premium plugin. -->","yoast_head_json":{"title":"19 gouverneurs sur 24 RCDistes et un ministre de l'Int\u00e9rieur agac\u00e9!","description":"19 gouverneurs sur 24 RCDistes et un ministre de l'Int\u00e9rieur agac\u00e9!","canonical":"https:\/\/www.webdo.tn\/fr\/actualite\/national\/19-gouverneurs-sur-24-rcdistes-et-un-ministre-de-linterieur-agace\/173054\/","og_locale":"fr_FR","og_type":"article","og_title":"19 gouverneurs sur 24 RCDistes et un ministre de l'Int\u00e9rieur agac\u00e9!","og_description":"19 gouverneurs sur 24 RCDistes et un ministre de l'Int\u00e9rieur agac\u00e9!","og_url":"https:\/\/www.webdo.tn\/fr\/actualite\/national\/19-gouverneurs-sur-24-rcdistes-et-un-ministre-de-linterieur-agace\/173054\/","og_site_name":"webdo","article_publisher":"https:\/\/www.facebook.com\/webdotn","article_published_time":"2011-02-04T22:09:00+00:00","og_image":[{"width":271,"height":300,"url":"https:\/\/www.webdo.tn\/fr\/wp-content\/uploads\/2011\/02\/Farhat-Rajhi1-271x300-1.jpg","type":"image\/jpeg"}],"author":"webdo.tn","twitter_card":"summary_large_image","twitter_creator":"@webdo_tn","twitter_site":"@webdo_tn","twitter_misc":{"\u00c9crit par":"webdo.tn","Dur\u00e9e de lecture estim\u00e9e":"2 minutes"},"schema":{"@context":"https:\/\/schema.org","@graph":[{"@type":"NewsArticle","@id":"https:\/\/www.webdo.tn\/fr\/actualite\/national\/19-gouverneurs-sur-24-rcdistes-et-un-ministre-de-linterieur-agace\/173054\/#article","isPartOf":{"@id":"https:\/\/www.webdo.tn\/fr\/actualite\/national\/19-gouverneurs-sur-24-rcdistes-et-un-ministre-de-linterieur-agace\/173054\/"},"author":{"name":"webdo.tn","@id":"https:\/\/www.webdo.tn\/fr\/#\/schema\/person\/9a9c6118d687c117df8ef3cc36a4d175"},"headline":"19 gouverneurs sur 24 RCDistes et un ministre de l&rsquo;Int\u00e9rieur agac\u00e9!","datePublished":"2011-02-04T22:09:00+00:00","mainEntityOfPage":{"@id":"https:\/\/www.webdo.tn\/fr\/actualite\/national\/19-gouverneurs-sur-24-rcdistes-et-un-ministre-de-linterieur-agace\/173054\/"},"wordCount":341,"commentCount":0,"publisher":{"@id":"https:\/\/www.webdo.tn\/fr\/#organization"},"image":{"@id":"https:\/\/www.webdo.tn\/fr\/actualite\/national\/19-gouverneurs-sur-24-rcdistes-et-un-ministre-de-linterieur-agace\/173054\/#primaryimage"},"thumbnailUrl":"https:\/\/www.webdo.tn\/fr\/wp-content\/uploads\/2011\/02\/Farhat-Rajhi1-271x300-1.jpg","articleSection":["National"],"inLanguage":"fr-FR"},{"@type":"WebPage","@id":"https:\/\/www.webdo.tn\/fr\/actualite\/national\/19-gouverneurs-sur-24-rcdistes-et-un-ministre-de-linterieur-agace\/173054\/","url":"https:\/\/www.webdo.tn\/fr\/actualite\/national\/19-gouverneurs-sur-24-rcdistes-et-un-ministre-de-linterieur-agace\/173054\/","name":"19 gouverneurs sur 24 RCDistes et un ministre de l'Int\u00e9rieur agac\u00e9!","isPartOf":{"@id":"https:\/\/www.webdo.tn\/fr\/#website"},"primaryImageOfPage":{"@id":"https:\/\/www.webdo.tn\/fr\/actualite\/national\/19-gouverneurs-sur-24-rcdistes-et-un-ministre-de-linterieur-agace\/173054\/#primaryimage"},"image":{"@id":"https:\/\/www.webdo.tn\/fr\/actualite\/national\/19-gouverneurs-sur-24-rcdistes-et-un-ministre-de-linterieur-agace\/173054\/#primaryimage"},"thumbnailUrl":"https:\/\/www.webdo.tn\/fr\/wp-content\/uploads\/2011\/02\/Farhat-Rajhi1-271x300-1.jpg","datePublished":"2011-02-04T22:09:00+00:00","description":"19 gouverneurs sur 24 RCDistes et un ministre de l'Int\u00e9rieur agac\u00e9!","breadcrumb":{"@id":"https:\/\/www.webdo.tn\/fr\/actualite\/national\/19-gouverneurs-sur-24-rcdistes-et-un-ministre-de-linterieur-agace\/173054\/#breadcrumb"},"inLanguage":"fr-FR","potentialAction":[{"@type":"ReadAction","target":["https:\/\/www.webdo.tn\/fr\/actualite\/national\/19-gouverneurs-sur-24-rcdistes-et-un-ministre-de-linterieur-agace\/173054\/"]}]},{"@type":"ImageObject","inLanguage":"fr-FR","@id":"https:\/\/www.webdo.tn\/fr\/actualite\/national\/19-gouverneurs-sur-24-rcdistes-et-un-ministre-de-linterieur-agace\/173054\/#primaryimage","url":"https:\/\/www.webdo.tn\/fr\/wp-content\/uploads\/2011\/02\/Farhat-Rajhi1-271x300-1.jpg","contentUrl":"https:\/\/www.webdo.tn\/fr\/wp-content\/uploads\/2011\/02\/Farhat-Rajhi1-271x300-1.jpg","width":271,"height":300,"caption":"19 gouverneurs sur 24 RCDistes et un ministre de l'Int\u00e9rieur agac\u00e9!"},{"@type":"BreadcrumbList","@id":"https:\/\/www.webdo.tn\/fr\/actualite\/national\/19-gouverneurs-sur-24-rcdistes-et-un-ministre-de-linterieur-agace\/173054\/#breadcrumb","itemListElement":[{"@type":"ListItem","position":1,"name":"Accueil","item":"https:\/\/www.webdo.tn\/fr\/"},{"@type":"ListItem","position":2,"name":"19 gouverneurs sur 24 RCDistes et un ministre de l&rsquo;Int\u00e9rieur agac\u00e9!"}]},{"@type":"WebSite","@id":"https:\/\/www.webdo.tn\/fr\/#website","url":"https:\/\/www.webdo.tn\/fr\/","name":"webdo","description":"Tunisie - News en Tunisie et \u00e0 l&#039;international sur Webdo.tn","publisher":{"@id":"https:\/\/www.webdo.tn\/fr\/#organization"},"potentialAction":[{"@type":"SearchAction","target":{"@type":"EntryPoint","urlTemplate":"https:\/\/www.webdo.tn\/fr\/?s={search_term_string}"},"query-input":{"@type":"PropertyValueSpecification","valueRequired":true,"valueName":"search_term_string"}}],"inLanguage":"fr-FR"},{"@type":"Organization","@id":"https:\/\/www.webdo.tn\/fr\/#organization","name":"Webdo","alternateName":"Webdo.tn","url":"https:\/\/www.webdo.tn\/fr\/","logo":{"@type":"ImageObject","inLanguage":"fr-FR","@id":"https:\/\/www.webdo.tn\/fr\/#\/schema\/logo\/image\/","url":"https:\/\/www.webdo.tn\/fr\/wp-content\/uploads\/2025\/06\/Webdo-Tunisie_168377.jpg","contentUrl":"https:\/\/www.webdo.tn\/fr\/wp-content\/uploads\/2025\/06\/Webdo-Tunisie_168377.jpg","width":301,"height":301,"caption":"Webdo"},"image":{"@id":"https:\/\/www.webdo.tn\/fr\/#\/schema\/logo\/image\/"},"sameAs":["https:\/\/www.facebook.com\/webdotn","https:\/\/x.com\/webdo_tn"],"description":"Webdo est un m\u00e9dia num\u00e9rique tunisien fond\u00e9 en 2010, sp\u00e9cialis\u00e9 dans l\u2019actualit\u00e9 nationale et internationale, l\u2019\u00e9conomie, la soci\u00e9t\u00e9 et les analyses politiques. Le site s\u2019adresse \u00e0 un large public francophone et couvre l\u2019information tunisienne en temps r\u00e9el.","email":"redac@webdo.tn","legalName":"YNJ SARL","foundingDate":"2010-09-06","numberOfEmployees":{"@type":"QuantitativeValue","minValue":"11","maxValue":"50"}},{"@type":"Person","@id":"https:\/\/www.webdo.tn\/fr\/#\/schema\/person\/9a9c6118d687c117df8ef3cc36a4d175","name":"webdo.tn","image":{"@type":"ImageObject","inLanguage":"fr-FR","@id":"https:\/\/secure.gravatar.com\/avatar\/7ce1f28c0c3bbac99ff550b85ef8e44a6950c6ee24514fb6a5489e51d06f0298?s=96&d=mm&r=g","url":"https:\/\/secure.gravatar.com\/avatar\/7ce1f28c0c3bbac99ff550b85ef8e44a6950c6ee24514fb6a5489e51d06f0298?s=96&d=mm&r=g","contentUrl":"https:\/\/secure.gravatar.com\/avatar\/7ce1f28c0c3bbac99ff550b85ef8e44a6950c6ee24514fb6a5489e51d06f0298?s=96&d=mm&r=g","caption":"webdo.tn"},"url":"https:\/\/www.webdo.tn\/fr\/actualite\/author\/webdotn\/"}]}},"_links":{"self":[{"href":"https:\/\/www.webdo.tn\/fr\/wp-json\/wp\/v2\/posts\/173054","targetHints":{"allow":["GET"]}}],"collection":[{"href":"https:\/\/www.webdo.tn\/fr\/wp-json\/wp\/v2\/posts"}],"about":[{"href":"https:\/\/www.webdo.tn\/fr\/wp-json\/wp\/v2\/types\/post"}],"author":[{"embeddable":true,"href":"https:\/\/www.webdo.tn\/fr\/wp-json\/wp\/v2\/users\/3222"}],"replies":[{"embeddable":true,"href":"https:\/\/www.webdo.tn\/fr\/wp-json\/wp\/v2\/comments?post=173054"}],"version-history":[{"count":0,"href":"https:\/\/www.webdo.tn\/fr\/wp-json\/wp\/v2\/posts\/173054\/revisions"}],"wp:featuredmedia":[{"embeddable":true,"href":"https:\/\/www.webdo.tn\/fr\/wp-json\/wp\/v2\/media\/365630"}],"wp:attachment":[{"href":"https:\/\/www.webdo.tn\/fr\/wp-json\/wp\/v2\/media?parent=173054"}],"wp:term":[{"taxonomy":"category","embeddable":true,"href":"https:\/\/www.webdo.tn\/fr\/wp-json\/wp\/v2\/categories?post=173054"},{"taxonomy":"post_tag","embeddable":true,"href":"https:\/\/www.webdo.tn\/fr\/wp-json\/wp\/v2\/tags?post=173054"}],"curies":[{"name":"wp","href":"https:\/\/api.w.org\/{rel}","templated":true}]}}