{"id":173047,"date":"2011-02-08T09:59:00","date_gmt":"2011-02-08T09:59:00","guid":{"rendered":"https:\/\/www.webdo.tn\/fr\/actualite\/blog\/elyes-gharbi-la-nouvelle-star-de-nesma-tv\/173047\/"},"modified":"2011-02-08T09:59:00","modified_gmt":"2011-02-08T09:59:00","slug":"elyes-gharbi-la-nouvelle-star-de-nesma-tv","status":"publish","type":"post","link":"https:\/\/www.webdo.tn\/fr\/actualite\/national\/elyes-gharbi-la-nouvelle-star-de-nesma-tv\/173047\/","title":{"rendered":"Elyes Gharbi, la nouvelle star de Nesma TV"},"content":{"rendered":"<p>Le paysage m\u00e9diatique tunisien a chang\u00e9 apr\u00e8s le 14 janvier. Les chaines de TV tentent de s\u2019imposer. Le professionnalisme et l\u2019amateurisme se joignent pour pr\u00e9senter aux Tunisiens des \u00e9missions tant\u00f4t de haut niveau, tant\u00f4t d\u2019une m\u00e9diocrit\u00e9 \u00e9norme.  TV nationale, Hannibal et Nessma.. A-t-il vraiment le choix ?<\/p>\n<p>Si Nesma sort du lot par un professionnalisme et une qualit\u00e9 face \u00e0 ses concurrents, c\u2019est gr\u00e2ce \u00e0 une \u00e9quipe de journalistes chevronn\u00e9s, ajout\u00e9e \u00e0 une libert\u00e9 dans le traitement des sujets. Les concepts de ses programmes et \u00e9missions sont clairs. Ses invit\u00e9s et ses pr\u00e9sentateurs \u2026 sont tri\u00e9s \u2026<\/p>\n<p>Le pr\u00e9sentateur Elyes Gharbi, intelligent, verbe tr\u00e8s facile, questions bien pr\u00e9par\u00e9es\u2026 et une pr\u00e9sence d\u2019une aisance sublime est la star incontestable du paysage m\u00e9diatique \u00e0 l\u2019heure actuelle. Mais plusieurs ne sont pas de cet avis. \u00ab FAN CLUB ELYES GHARBI \u00bb, une page facebook donne la voix aux spectateurs. Plusieurs le f\u00e9licitent pour son professionnalisme, mais certains ne lui ont pas pardonn\u00e9 le d\u00e9part de Sofien Ben Farhat de l\u2019\u00e9mission.<\/p>\n<p>Sur la page Facebook d\u2019Elyes, on peut lire des messages de courage. \u00ab On t&rsquo;aime, on te respecte et je te f\u00e9licite pour ton travail, je suis pas fan de t\u00e9l\u00e9 ni des m\u00e9dias tunisiennes mais je suit les discussions que tu m\u00e8nes avec bcp de professionnalisme malgr\u00e9 le niveau de certain participants! \u00bb, disait une spectatrice.<\/p>\n<p>Par contre, ses co-\u00e9quipiers, Sofien Ben Hmida et Jamel Arfaoui, manquent de pr\u00e9sence sur le petit \u00e9cran. Tout le monde s\u2019accorde sur le fait que le verbe manque souvent \u00e0 Ben Hmida. Des internautes sont all\u00e9s plus loin et ont cr\u00e9\u00e9 une page facebook pour que Sofien pr\u00e9pare ses questions afin de gagner du temps\u2026 ou \u00ab Nous demandons \u00e0 Red-bull de sponsoriser le journaliste Sofiane Ben Hmida \u00bb<\/p>\n<p>Jamel Arafoui, le correspondant du portail Magharebia, sponsoris\u00e9 par le \u00ab United States Africa Command \u00bb, le commandement militaire responsable du soutien et du renforcement des efforts am\u00e9ricains pour promouvoir la stabilit\u00e9, la coop\u00e9ration et la prosp\u00e9rit\u00e9 dans cette r\u00e9gion du globe, manque parfois d\u2019arguments.. Sur sa page facebook, ont peut \u00e9galement lire les commentaires de ses spectateurs. \u00abJ\u2019aurais aim\u00e9 que votre intervention serait plus argument\u00e9 et bien maitris\u00e9 lors de votre d\u00e9bat avec le ministre de l&rsquo;int\u00e9rieur. C\u2019est lui qui a domin\u00e9 le d\u00e9bat et tu as prouv\u00e9 une imparfaite maitrise de quelques notions de base. De plus, il y &lsquo;a eu une dislocation d&rsquo;enchainement des questions pos\u00e9es. En tout cas, j&rsquo;esp\u00e8re que vous rattraper et que vous rapporter mieux les esp\u00e9rances du \u00ab\u00a0trottoire\u00a0\u00bb tunisien \u00bb, disait l\u2019un d\u2019eux.<\/p>\n<p>A Hannibal TV, le sch\u00e9ma est autre. Une figure s\u2019impose : Walid Zarraa. Ce dernier a ses fans mais aussi ses d\u00e9tracteurs. La page sur facebook, \u00ab Walid Zarraa Degage \u00bb, a plus de 4400 membres. Arbia, Hela Dhaouadi\u2026 ont l\u2019antenne et les fans \u00e0 gagner.<\/p>\n<p>A Hannibal, le concept des \u00e9missions n\u2019est pas du tout clair. Le spectateur a l\u2019impression qu\u2019il regarde la m\u00eame \u00e9mission tout le temps. Les invit\u00e9s changent mais pas les sujets, ni les questions\u2026 On a l\u2019impression de regarder la m\u00eame \u00e9mission d\u2019Hannibal depuis le 16 janvier.<\/p>\n<p>Les interviews et rencontres avec les figures de la sc\u00e8ne politique oscillent entre qualit\u00e9 et m\u00e9diocrit\u00e9. L\u2019interview avec Jrad et surtout l\u2019\u00e9mission consacr\u00e9e au Ministre de l\u2019int\u00e9rieur se sont impos\u00e9es. Sur le plan journalistique, on reproche au pr\u00e9sentateur de ne pas laisser le ministre parler sur quelques questions\u2026 Des reproches mais rien d\u2019autre\u2026<\/p>\n<p>A la TV nationale, l\u2019amalgame est de taille. L\u2019exemple le plus frappant est l\u2019\u00e9mission consacr\u00e9e \u00e0 la r\u00e9gion de Sidi Bouzid avec un sentiment d\u2019amertume.<\/p>\n<p>L\u2019\u00e9mission nous a fait rire de l\u2019amateurisme de la TV nationale. Le pourquoi s\u2019impose. La r\u00e9ponse est simple, tous les professionnels s\u2019accordent sur le fait que l\u2019\u00e9mission n\u2019a pas de th\u00e8me central, n\u2019a pas de sujet, n\u2019a pas choisi son angle de traitement de l\u2019information. Plus encore, les invit\u00e9s sont mal choisis, les questions pos\u00e9es n\u2019ont pas touch\u00e9 les vraies attentes des invit\u00e9s, le passage d\u2019un \u00e9l\u00e9ment \u00e0 un autre se faisait \u00e0 la h\u00e2te\u2026<\/p>\n<p>Pr\u00e9senter les familles des martyrs, les probl\u00e8mes de d\u00e9veloppement dans ces contr\u00e9es lointaines, les demandes personnelles de quelques individus parachut\u00e9s sur la sc\u00e8ne, des opinions politiques,\u2026l\u2019amalgame en a fait une \u00e9mission rat\u00e9e.<\/p>\n<p>Pire encore, les reportages ne pr\u00e9sentaient pas la r\u00e9alit\u00e9. A Menzel Bouzaine, Regueb ou a Sidi Bouzid, les reportages ont cherch\u00e9 a nous pr\u00e9senter des \u00ab charrettes \u00bb, des huttes\u2026. Comme si les villes \u00e9taient un ensemble de huttes.<\/p>\n<p>Constat de cette \u00e9mission : la TV nationale peut encore essayer de nous donner des \u00e9missions de qualit\u00e9, des sujets bien d\u00e9finis, une ligne r\u00e9dactionnelle claire, des invit\u00e9s bien choisis sans exclusion, des reportages bien ficel\u00e9s et audacieux\u2026<\/p>\n<p>Fateh Felhi, Hamadi Ghidaoui\u2026les jeunes pr\u00e9sentateurs de la TV ont largement le temps pour travailler. Une pr\u00e9paration est n\u00e9cessaire pour chaque \u00e9mission. Les r\u00e9dactions ont beaucoup de travail \u00e0 faire..<\/p>\n<p>Nous allons attendre. Nous avons de l\u2019espoir, apr\u00e8s 23 ans d\u2019amalgame sur nos chaines de t\u00e9l\u00e9vision, on peut toujours attendre, encore quelques mois, mais pas plus. Nous avons nos commandes, on peut toujours zapper.<\/p>\n","protected":false},"excerpt":{"rendered":"<p>Elyes Gharbi, la nouvelle star de Nesma TV <\/p>\n","protected":false},"author":3222,"featured_media":365607,"comment_status":"open","ping_status":"closed","sticky":false,"template":"","format":"standard","meta":{"footnotes":""},"categories":[44],"tags":[],"class_list":["post-173047","post","type-post","status-publish","format-standard","has-post-thumbnail","hentry","category-national"],"yoast_head":"<!-- This site is optimized with the Yoast SEO Premium plugin v27.4 (Yoast SEO v27.4) - https:\/\/yoast.com\/product\/yoast-seo-premium-wordpress\/ -->\n<title>Elyes Gharbi, la nouvelle star de Nesma TV<\/title>\n<meta name=\"description\" content=\"Elyes Gharbi, la nouvelle star de Nesma TV\" \/>\n<link rel=\"canonical\" href=\"https:\/\/www.webdo.tn\/fr\/actualite\/national\/elyes-gharbi-la-nouvelle-star-de-nesma-tv\/173047\/\" \/>\n<meta property=\"og:locale\" content=\"fr_FR\" \/>\n<meta property=\"og:type\" content=\"article\" \/>\n<meta property=\"og:title\" content=\"Elyes Gharbi, la nouvelle star de Nesma TV\" \/>\n<meta property=\"og:description\" content=\"Elyes Gharbi, la nouvelle star de Nesma TV\" \/>\n<meta property=\"og:url\" content=\"https:\/\/www.webdo.tn\/fr\/actualite\/national\/elyes-gharbi-la-nouvelle-star-de-nesma-tv\/173047\/\" \/>\n<meta property=\"og:site_name\" content=\"webdo\" \/>\n<meta property=\"article:publisher\" content=\"https:\/\/www.facebook.com\/webdotn\" \/>\n<meta property=\"article:published_time\" content=\"2011-02-08T09:59:00+00:00\" \/>\n<meta property=\"og:image\" content=\"https:\/\/www.webdo.tn\/fr\/wp-content\/uploads\/2011\/02\/Elyes-Gharbi.jpg\" \/>\n\t<meta property=\"og:image:width\" content=\"254\" \/>\n\t<meta property=\"og:image:height\" content=\"294\" \/>\n\t<meta property=\"og:image:type\" content=\"image\/jpeg\" \/>\n<meta name=\"author\" content=\"webdo.tn\" \/>\n<meta name=\"twitter:card\" content=\"summary_large_image\" \/>\n<meta name=\"twitter:creator\" content=\"@webdo_tn\" \/>\n<meta name=\"twitter:site\" content=\"@webdo_tn\" \/>\n<meta name=\"twitter:label1\" content=\"\u00c9crit par\" \/>\n\t<meta name=\"twitter:data1\" content=\"webdo.tn\" \/>\n\t<meta name=\"twitter:label2\" content=\"Dur\u00e9e de lecture estim\u00e9e\" \/>\n\t<meta name=\"twitter:data2\" content=\"5 minutes\" \/>\n<script type=\"application\/ld+json\" class=\"yoast-schema-graph\">{\"@context\":\"https:\\\/\\\/schema.org\",\"@graph\":[{\"@type\":\"NewsArticle\",\"@id\":\"https:\\\/\\\/www.webdo.tn\\\/fr\\\/actualite\\\/national\\\/elyes-gharbi-la-nouvelle-star-de-nesma-tv\\\/173047\\\/#article\",\"isPartOf\":{\"@id\":\"https:\\\/\\\/www.webdo.tn\\\/fr\\\/actualite\\\/national\\\/elyes-gharbi-la-nouvelle-star-de-nesma-tv\\\/173047\\\/\"},\"author\":{\"name\":\"webdo.tn\",\"@id\":\"https:\\\/\\\/www.webdo.tn\\\/fr\\\/#\\\/schema\\\/person\\\/9a9c6118d687c117df8ef3cc36a4d175\"},\"headline\":\"Elyes Gharbi, la nouvelle star de Nesma TV\",\"datePublished\":\"2011-02-08T09:59:00+00:00\",\"mainEntityOfPage\":{\"@id\":\"https:\\\/\\\/www.webdo.tn\\\/fr\\\/actualite\\\/national\\\/elyes-gharbi-la-nouvelle-star-de-nesma-tv\\\/173047\\\/\"},\"wordCount\":944,\"commentCount\":0,\"publisher\":{\"@id\":\"https:\\\/\\\/www.webdo.tn\\\/fr\\\/#organization\"},\"image\":{\"@id\":\"https:\\\/\\\/www.webdo.tn\\\/fr\\\/actualite\\\/national\\\/elyes-gharbi-la-nouvelle-star-de-nesma-tv\\\/173047\\\/#primaryimage\"},\"thumbnailUrl\":\"https:\\\/\\\/www.webdo.tn\\\/fr\\\/wp-content\\\/uploads\\\/2011\\\/02\\\/Elyes-Gharbi.jpg\",\"articleSection\":[\"National\"],\"inLanguage\":\"fr-FR\"},{\"@type\":\"WebPage\",\"@id\":\"https:\\\/\\\/www.webdo.tn\\\/fr\\\/actualite\\\/national\\\/elyes-gharbi-la-nouvelle-star-de-nesma-tv\\\/173047\\\/\",\"url\":\"https:\\\/\\\/www.webdo.tn\\\/fr\\\/actualite\\\/national\\\/elyes-gharbi-la-nouvelle-star-de-nesma-tv\\\/173047\\\/\",\"name\":\"Elyes Gharbi, la nouvelle star de Nesma TV\",\"isPartOf\":{\"@id\":\"https:\\\/\\\/www.webdo.tn\\\/fr\\\/#website\"},\"primaryImageOfPage\":{\"@id\":\"https:\\\/\\\/www.webdo.tn\\\/fr\\\/actualite\\\/national\\\/elyes-gharbi-la-nouvelle-star-de-nesma-tv\\\/173047\\\/#primaryimage\"},\"image\":{\"@id\":\"https:\\\/\\\/www.webdo.tn\\\/fr\\\/actualite\\\/national\\\/elyes-gharbi-la-nouvelle-star-de-nesma-tv\\\/173047\\\/#primaryimage\"},\"thumbnailUrl\":\"https:\\\/\\\/www.webdo.tn\\\/fr\\\/wp-content\\\/uploads\\\/2011\\\/02\\\/Elyes-Gharbi.jpg\",\"datePublished\":\"2011-02-08T09:59:00+00:00\",\"description\":\"Elyes Gharbi, la nouvelle star de Nesma TV\",\"breadcrumb\":{\"@id\":\"https:\\\/\\\/www.webdo.tn\\\/fr\\\/actualite\\\/national\\\/elyes-gharbi-la-nouvelle-star-de-nesma-tv\\\/173047\\\/#breadcrumb\"},\"inLanguage\":\"fr-FR\",\"potentialAction\":[{\"@type\":\"ReadAction\",\"target\":[\"https:\\\/\\\/www.webdo.tn\\\/fr\\\/actualite\\\/national\\\/elyes-gharbi-la-nouvelle-star-de-nesma-tv\\\/173047\\\/\"]}]},{\"@type\":\"ImageObject\",\"inLanguage\":\"fr-FR\",\"@id\":\"https:\\\/\\\/www.webdo.tn\\\/fr\\\/actualite\\\/national\\\/elyes-gharbi-la-nouvelle-star-de-nesma-tv\\\/173047\\\/#primaryimage\",\"url\":\"https:\\\/\\\/www.webdo.tn\\\/fr\\\/wp-content\\\/uploads\\\/2011\\\/02\\\/Elyes-Gharbi.jpg\",\"contentUrl\":\"https:\\\/\\\/www.webdo.tn\\\/fr\\\/wp-content\\\/uploads\\\/2011\\\/02\\\/Elyes-Gharbi.jpg\",\"width\":254,\"height\":294,\"caption\":\"Elyes Gharbi, la nouvelle star de Nesma TV\"},{\"@type\":\"BreadcrumbList\",\"@id\":\"https:\\\/\\\/www.webdo.tn\\\/fr\\\/actualite\\\/national\\\/elyes-gharbi-la-nouvelle-star-de-nesma-tv\\\/173047\\\/#breadcrumb\",\"itemListElement\":[{\"@type\":\"ListItem\",\"position\":1,\"name\":\"Accueil\",\"item\":\"https:\\\/\\\/www.webdo.tn\\\/fr\\\/\"},{\"@type\":\"ListItem\",\"position\":2,\"name\":\"Elyes Gharbi, la nouvelle star de Nesma TV\"}]},{\"@type\":\"WebSite\",\"@id\":\"https:\\\/\\\/www.webdo.tn\\\/fr\\\/#website\",\"url\":\"https:\\\/\\\/www.webdo.tn\\\/fr\\\/\",\"name\":\"webdo\",\"description\":\"Tunisie - News en Tunisie et \u00e0 l&#039;international sur Webdo.tn\",\"publisher\":{\"@id\":\"https:\\\/\\\/www.webdo.tn\\\/fr\\\/#organization\"},\"potentialAction\":[{\"@type\":\"SearchAction\",\"target\":{\"@type\":\"EntryPoint\",\"urlTemplate\":\"https:\\\/\\\/www.webdo.tn\\\/fr\\\/?s={search_term_string}\"},\"query-input\":{\"@type\":\"PropertyValueSpecification\",\"valueRequired\":true,\"valueName\":\"search_term_string\"}}],\"inLanguage\":\"fr-FR\"},{\"@type\":\"Organization\",\"@id\":\"https:\\\/\\\/www.webdo.tn\\\/fr\\\/#organization\",\"name\":\"Webdo\",\"alternateName\":\"Webdo.tn\",\"url\":\"https:\\\/\\\/www.webdo.tn\\\/fr\\\/\",\"logo\":{\"@type\":\"ImageObject\",\"inLanguage\":\"fr-FR\",\"@id\":\"https:\\\/\\\/www.webdo.tn\\\/fr\\\/#\\\/schema\\\/logo\\\/image\\\/\",\"url\":\"https:\\\/\\\/www.webdo.tn\\\/fr\\\/wp-content\\\/uploads\\\/2025\\\/06\\\/Webdo-Tunisie_168377.jpg\",\"contentUrl\":\"https:\\\/\\\/www.webdo.tn\\\/fr\\\/wp-content\\\/uploads\\\/2025\\\/06\\\/Webdo-Tunisie_168377.jpg\",\"width\":301,\"height\":301,\"caption\":\"Webdo\"},\"image\":{\"@id\":\"https:\\\/\\\/www.webdo.tn\\\/fr\\\/#\\\/schema\\\/logo\\\/image\\\/\"},\"sameAs\":[\"https:\\\/\\\/www.facebook.com\\\/webdotn\",\"https:\\\/\\\/x.com\\\/webdo_tn\"],\"description\":\"Webdo est un m\u00e9dia num\u00e9rique tunisien fond\u00e9 en 2010, sp\u00e9cialis\u00e9 dans l\u2019actualit\u00e9 nationale et internationale, l\u2019\u00e9conomie, la soci\u00e9t\u00e9 et les analyses politiques. Le site s\u2019adresse \u00e0 un large public francophone et couvre l\u2019information tunisienne en temps r\u00e9el.\",\"email\":\"redac@webdo.tn\",\"legalName\":\"YNJ SARL\",\"foundingDate\":\"2010-09-06\",\"numberOfEmployees\":{\"@type\":\"QuantitativeValue\",\"minValue\":\"11\",\"maxValue\":\"50\"}},{\"@type\":\"Person\",\"@id\":\"https:\\\/\\\/www.webdo.tn\\\/fr\\\/#\\\/schema\\\/person\\\/9a9c6118d687c117df8ef3cc36a4d175\",\"name\":\"webdo.tn\",\"image\":{\"@type\":\"ImageObject\",\"inLanguage\":\"fr-FR\",\"@id\":\"https:\\\/\\\/secure.gravatar.com\\\/avatar\\\/7ce1f28c0c3bbac99ff550b85ef8e44a6950c6ee24514fb6a5489e51d06f0298?s=96&d=mm&r=g\",\"url\":\"https:\\\/\\\/secure.gravatar.com\\\/avatar\\\/7ce1f28c0c3bbac99ff550b85ef8e44a6950c6ee24514fb6a5489e51d06f0298?s=96&d=mm&r=g\",\"contentUrl\":\"https:\\\/\\\/secure.gravatar.com\\\/avatar\\\/7ce1f28c0c3bbac99ff550b85ef8e44a6950c6ee24514fb6a5489e51d06f0298?s=96&d=mm&r=g\",\"caption\":\"webdo.tn\"},\"url\":\"https:\\\/\\\/www.webdo.tn\\\/fr\\\/actualite\\\/author\\\/webdotn\\\/\"}]}<\/script>\n<!-- \/ Yoast SEO Premium plugin. -->","yoast_head_json":{"title":"Elyes Gharbi, la nouvelle star de Nesma TV","description":"Elyes Gharbi, la nouvelle star de Nesma TV","canonical":"https:\/\/www.webdo.tn\/fr\/actualite\/national\/elyes-gharbi-la-nouvelle-star-de-nesma-tv\/173047\/","og_locale":"fr_FR","og_type":"article","og_title":"Elyes Gharbi, la nouvelle star de Nesma TV","og_description":"Elyes Gharbi, la nouvelle star de Nesma TV","og_url":"https:\/\/www.webdo.tn\/fr\/actualite\/national\/elyes-gharbi-la-nouvelle-star-de-nesma-tv\/173047\/","og_site_name":"webdo","article_publisher":"https:\/\/www.facebook.com\/webdotn","article_published_time":"2011-02-08T09:59:00+00:00","og_image":[{"width":254,"height":294,"url":"https:\/\/www.webdo.tn\/fr\/wp-content\/uploads\/2011\/02\/Elyes-Gharbi.jpg","type":"image\/jpeg"}],"author":"webdo.tn","twitter_card":"summary_large_image","twitter_creator":"@webdo_tn","twitter_site":"@webdo_tn","twitter_misc":{"\u00c9crit par":"webdo.tn","Dur\u00e9e de lecture estim\u00e9e":"5 minutes"},"schema":{"@context":"https:\/\/schema.org","@graph":[{"@type":"NewsArticle","@id":"https:\/\/www.webdo.tn\/fr\/actualite\/national\/elyes-gharbi-la-nouvelle-star-de-nesma-tv\/173047\/#article","isPartOf":{"@id":"https:\/\/www.webdo.tn\/fr\/actualite\/national\/elyes-gharbi-la-nouvelle-star-de-nesma-tv\/173047\/"},"author":{"name":"webdo.tn","@id":"https:\/\/www.webdo.tn\/fr\/#\/schema\/person\/9a9c6118d687c117df8ef3cc36a4d175"},"headline":"Elyes Gharbi, la nouvelle star de Nesma TV","datePublished":"2011-02-08T09:59:00+00:00","mainEntityOfPage":{"@id":"https:\/\/www.webdo.tn\/fr\/actualite\/national\/elyes-gharbi-la-nouvelle-star-de-nesma-tv\/173047\/"},"wordCount":944,"commentCount":0,"publisher":{"@id":"https:\/\/www.webdo.tn\/fr\/#organization"},"image":{"@id":"https:\/\/www.webdo.tn\/fr\/actualite\/national\/elyes-gharbi-la-nouvelle-star-de-nesma-tv\/173047\/#primaryimage"},"thumbnailUrl":"https:\/\/www.webdo.tn\/fr\/wp-content\/uploads\/2011\/02\/Elyes-Gharbi.jpg","articleSection":["National"],"inLanguage":"fr-FR"},{"@type":"WebPage","@id":"https:\/\/www.webdo.tn\/fr\/actualite\/national\/elyes-gharbi-la-nouvelle-star-de-nesma-tv\/173047\/","url":"https:\/\/www.webdo.tn\/fr\/actualite\/national\/elyes-gharbi-la-nouvelle-star-de-nesma-tv\/173047\/","name":"Elyes Gharbi, la nouvelle star de Nesma TV","isPartOf":{"@id":"https:\/\/www.webdo.tn\/fr\/#website"},"primaryImageOfPage":{"@id":"https:\/\/www.webdo.tn\/fr\/actualite\/national\/elyes-gharbi-la-nouvelle-star-de-nesma-tv\/173047\/#primaryimage"},"image":{"@id":"https:\/\/www.webdo.tn\/fr\/actualite\/national\/elyes-gharbi-la-nouvelle-star-de-nesma-tv\/173047\/#primaryimage"},"thumbnailUrl":"https:\/\/www.webdo.tn\/fr\/wp-content\/uploads\/2011\/02\/Elyes-Gharbi.jpg","datePublished":"2011-02-08T09:59:00+00:00","description":"Elyes Gharbi, la nouvelle star de Nesma TV","breadcrumb":{"@id":"https:\/\/www.webdo.tn\/fr\/actualite\/national\/elyes-gharbi-la-nouvelle-star-de-nesma-tv\/173047\/#breadcrumb"},"inLanguage":"fr-FR","potentialAction":[{"@type":"ReadAction","target":["https:\/\/www.webdo.tn\/fr\/actualite\/national\/elyes-gharbi-la-nouvelle-star-de-nesma-tv\/173047\/"]}]},{"@type":"ImageObject","inLanguage":"fr-FR","@id":"https:\/\/www.webdo.tn\/fr\/actualite\/national\/elyes-gharbi-la-nouvelle-star-de-nesma-tv\/173047\/#primaryimage","url":"https:\/\/www.webdo.tn\/fr\/wp-content\/uploads\/2011\/02\/Elyes-Gharbi.jpg","contentUrl":"https:\/\/www.webdo.tn\/fr\/wp-content\/uploads\/2011\/02\/Elyes-Gharbi.jpg","width":254,"height":294,"caption":"Elyes Gharbi, la nouvelle star de Nesma TV"},{"@type":"BreadcrumbList","@id":"https:\/\/www.webdo.tn\/fr\/actualite\/national\/elyes-gharbi-la-nouvelle-star-de-nesma-tv\/173047\/#breadcrumb","itemListElement":[{"@type":"ListItem","position":1,"name":"Accueil","item":"https:\/\/www.webdo.tn\/fr\/"},{"@type":"ListItem","position":2,"name":"Elyes Gharbi, la nouvelle star de Nesma TV"}]},{"@type":"WebSite","@id":"https:\/\/www.webdo.tn\/fr\/#website","url":"https:\/\/www.webdo.tn\/fr\/","name":"webdo","description":"Tunisie - News en Tunisie et \u00e0 l&#039;international sur Webdo.tn","publisher":{"@id":"https:\/\/www.webdo.tn\/fr\/#organization"},"potentialAction":[{"@type":"SearchAction","target":{"@type":"EntryPoint","urlTemplate":"https:\/\/www.webdo.tn\/fr\/?s={search_term_string}"},"query-input":{"@type":"PropertyValueSpecification","valueRequired":true,"valueName":"search_term_string"}}],"inLanguage":"fr-FR"},{"@type":"Organization","@id":"https:\/\/www.webdo.tn\/fr\/#organization","name":"Webdo","alternateName":"Webdo.tn","url":"https:\/\/www.webdo.tn\/fr\/","logo":{"@type":"ImageObject","inLanguage":"fr-FR","@id":"https:\/\/www.webdo.tn\/fr\/#\/schema\/logo\/image\/","url":"https:\/\/www.webdo.tn\/fr\/wp-content\/uploads\/2025\/06\/Webdo-Tunisie_168377.jpg","contentUrl":"https:\/\/www.webdo.tn\/fr\/wp-content\/uploads\/2025\/06\/Webdo-Tunisie_168377.jpg","width":301,"height":301,"caption":"Webdo"},"image":{"@id":"https:\/\/www.webdo.tn\/fr\/#\/schema\/logo\/image\/"},"sameAs":["https:\/\/www.facebook.com\/webdotn","https:\/\/x.com\/webdo_tn"],"description":"Webdo est un m\u00e9dia num\u00e9rique tunisien fond\u00e9 en 2010, sp\u00e9cialis\u00e9 dans l\u2019actualit\u00e9 nationale et internationale, l\u2019\u00e9conomie, la soci\u00e9t\u00e9 et les analyses politiques. Le site s\u2019adresse \u00e0 un large public francophone et couvre l\u2019information tunisienne en temps r\u00e9el.","email":"redac@webdo.tn","legalName":"YNJ SARL","foundingDate":"2010-09-06","numberOfEmployees":{"@type":"QuantitativeValue","minValue":"11","maxValue":"50"}},{"@type":"Person","@id":"https:\/\/www.webdo.tn\/fr\/#\/schema\/person\/9a9c6118d687c117df8ef3cc36a4d175","name":"webdo.tn","image":{"@type":"ImageObject","inLanguage":"fr-FR","@id":"https:\/\/secure.gravatar.com\/avatar\/7ce1f28c0c3bbac99ff550b85ef8e44a6950c6ee24514fb6a5489e51d06f0298?s=96&d=mm&r=g","url":"https:\/\/secure.gravatar.com\/avatar\/7ce1f28c0c3bbac99ff550b85ef8e44a6950c6ee24514fb6a5489e51d06f0298?s=96&d=mm&r=g","contentUrl":"https:\/\/secure.gravatar.com\/avatar\/7ce1f28c0c3bbac99ff550b85ef8e44a6950c6ee24514fb6a5489e51d06f0298?s=96&d=mm&r=g","caption":"webdo.tn"},"url":"https:\/\/www.webdo.tn\/fr\/actualite\/author\/webdotn\/"}]}},"_links":{"self":[{"href":"https:\/\/www.webdo.tn\/fr\/wp-json\/wp\/v2\/posts\/173047","targetHints":{"allow":["GET"]}}],"collection":[{"href":"https:\/\/www.webdo.tn\/fr\/wp-json\/wp\/v2\/posts"}],"about":[{"href":"https:\/\/www.webdo.tn\/fr\/wp-json\/wp\/v2\/types\/post"}],"author":[{"embeddable":true,"href":"https:\/\/www.webdo.tn\/fr\/wp-json\/wp\/v2\/users\/3222"}],"replies":[{"embeddable":true,"href":"https:\/\/www.webdo.tn\/fr\/wp-json\/wp\/v2\/comments?post=173047"}],"version-history":[{"count":0,"href":"https:\/\/www.webdo.tn\/fr\/wp-json\/wp\/v2\/posts\/173047\/revisions"}],"wp:featuredmedia":[{"embeddable":true,"href":"https:\/\/www.webdo.tn\/fr\/wp-json\/wp\/v2\/media\/365607"}],"wp:attachment":[{"href":"https:\/\/www.webdo.tn\/fr\/wp-json\/wp\/v2\/media?parent=173047"}],"wp:term":[{"taxonomy":"category","embeddable":true,"href":"https:\/\/www.webdo.tn\/fr\/wp-json\/wp\/v2\/categories?post=173047"},{"taxonomy":"post_tag","embeddable":true,"href":"https:\/\/www.webdo.tn\/fr\/wp-json\/wp\/v2\/tags?post=173047"}],"curies":[{"name":"wp","href":"https:\/\/api.w.org\/{rel}","templated":true}]}}