{"id":173045,"date":"2011-02-08T11:37:00","date_gmt":"2011-02-08T11:37:00","guid":{"rendered":"https:\/\/www.webdo.tn\/fr\/actualite\/blog\/entre-emotion-joie-et-espoir-les-droits-de-lhomme-sont-de-retour-en-tunisie\/173045\/"},"modified":"2011-02-08T11:37:00","modified_gmt":"2011-02-08T11:37:00","slug":"entre-emotion-joie-et-espoir-les-droits-de-lhomme-sont-de-retour-en-tunisie","status":"publish","type":"post","link":"https:\/\/www.webdo.tn\/fr\/actualite\/national\/entre-emotion-joie-et-espoir-les-droits-de-lhomme-sont-de-retour-en-tunisie\/173045\/","title":{"rendered":"Entre \u00e9motion, joie et espoir: \u00ab\u00a0les droits de l&rsquo;homme sont de retour en Tunisie\u00a0\u00bb"},"content":{"rendered":"<p>Hier apr\u00e8s midi s&rsquo;est tenu un point de presse aux locaux de la ligue tunisienne des droits de l&rsquo;homme. Un rendez-vous donn\u00e9 aux journalistes afin de faire suite \u00e0 la mission de solidarit\u00e9, d\u2019\u00e9valuation des  besoins et d\u2019accompagnement de la transition d\u00e9mocratique men\u00e9e par une d\u00e9l\u00e9gation de la F\u00e9d\u00e9ration Internationale des Droits de l&rsquo;Homme. Une mission qui s&rsquo;est tenue du 5 au 7 f\u00e9vrier 2011 \u00e0 Tunis. Cette d\u00e9l\u00e9gation compte, dans ses rangs, de grands calibres: Mme Souhayr Belhassen, Pr\u00e9sidente de la FIDH, Mr Patrick BAUDOUIN  et Mr Sidiki KABA, Pr\u00e9sidents d\u2019Honneur de la FIDH et Mme Khadija CHERIF,  Secr\u00e9taire g\u00e9n\u00e9rale de la FIDH.<\/p>\n<p>Ce fut un grand moment pour tous les pr\u00e9sents. Les locaux de la ligue tunisienne n&rsquo;avaient pas \u00e9t\u00e9 aussi pleins depuis plusieurs ann\u00e9es avec les menaces et \u00e0 la censure auxquelles ils faisaient face pendant l&rsquo;ancien r\u00e9gime. Un point de presse qu&rsquo;on a senti essentiellement tenu pour annoncer \u00e0 la Tunisie et au reste du monde que la ligue tunisienne des droits de l&rsquo;homme est de retour. Une ligue longtemps opprim\u00e9e pour cacher les horreurs de cet ancien r\u00e9gime. Des exc\u00e8s en terme de torture, de bouches musel\u00e9es, de droits de la femme r\u00e9prim\u00e9s et la liste est encore longue.<\/p>\n<p>Il a principalement \u00e9t\u00e9 question des rencontres et de leurs \u00e9valuations de cette ligue avec les membres de la soci\u00e9t\u00e9 civile, des repr\u00e9sentants de partis politiques ainsi que M. Gannouchi, premier ministre du gouvernement de transition. Beaucoup de contestations et un avis cat\u00e9gorique de la part de la d\u00e9l\u00e9gation sur le fait que, malgr\u00e9 le communiqu\u00e9 du gouvernement qui sp\u00e9cifiait l&rsquo;abolition de la peine de mort, la r\u00e9alit\u00e9 est totalement autre. La peine de mort n&rsquo;a toujours pas \u00e9t\u00e9 abolie et la ligue ne compte pas en rester la. <\/p>\n<p>La d\u00e9l\u00e9gation a aussi insist\u00e9 sur le fait que le travail des trois commissions doit \u00eatre fait en coop\u00e9ration avec la justice Tunisienne. Ils ont insist\u00e9 sur le fait que la justice \u00e0 le pouvoir d&rsquo;aider et d&rsquo;apporter les r\u00e9parations n\u00e9cessaires.  Cependant, dans l\u2019impossibilit\u00e9 de rencontrer le ministre de la justice, la loi d&rsquo;amnistie  n&rsquo;a pas pu \u00eatre discut\u00e9e. Des inqui\u00e9tudes ont \u00e9t\u00e9 \u00e9mises sur la perte des archives et leur destruction par des personnes malveillantes. Ceci sera tr\u00e8s p\u00e9nalisant pour le travail des commissions et puis sur l&rsquo;\u00e9tat s\u00e9curitaire du pays encore fragile et menac\u00e9 par les milices de l&rsquo;ancien pouvoir.<\/p>\n<p>Le chemin est encore long. Cependant plusieurs autres organismes seront de la partie, notamment l&rsquo;Association Tunisie des Femmes D\u00e9mocrates (ATFD) et le Conseil National pour les Libert\u00e9s en Tunisie (CNLT), afin d\u2019assurer un passage d\u00e9mocratique qui garantisse les droits des tunisiennes et des tunisiens.<\/p>\n","protected":false},"excerpt":{"rendered":"<p>Entre \u00e9motion, joie et espoir:  les droits de l&rsquo;homme sont de retour en Tunisie  <\/p>\n","protected":false},"author":3222,"featured_media":365612,"comment_status":"open","ping_status":"closed","sticky":false,"template":"","format":"standard","meta":{"footnotes":""},"categories":[44],"tags":[],"class_list":["post-173045","post","type-post","status-publish","format-standard","has-post-thumbnail","hentry","category-national"],"yoast_head":"<!-- This site is optimized with the Yoast SEO Premium plugin v27.4 (Yoast SEO v27.4) - https:\/\/yoast.com\/product\/yoast-seo-premium-wordpress\/ -->\n<title>Entre \u00e9motion, joie et espoir: les droits de l&#039;homme sont de retour en Tunisie<\/title>\n<meta name=\"description\" content=\"Entre \u00e9motion, joie et espoir: les droits de l&#039;homme sont de retour en Tunisie\" \/>\n<link rel=\"canonical\" href=\"https:\/\/www.webdo.tn\/fr\/actualite\/national\/entre-emotion-joie-et-espoir-les-droits-de-lhomme-sont-de-retour-en-tunisie\/173045\/\" \/>\n<meta property=\"og:locale\" content=\"fr_FR\" \/>\n<meta property=\"og:type\" content=\"article\" \/>\n<meta property=\"og:title\" content=\"Entre \u00e9motion, joie et espoir: &quot;les droits de l&#039;homme sont de retour en Tunisie&quot;\" \/>\n<meta property=\"og:description\" content=\"Entre \u00e9motion, joie et espoir: les droits de l&#039;homme sont de retour en Tunisie\" \/>\n<meta property=\"og:url\" content=\"https:\/\/www.webdo.tn\/fr\/actualite\/national\/entre-emotion-joie-et-espoir-les-droits-de-lhomme-sont-de-retour-en-tunisie\/173045\/\" \/>\n<meta property=\"og:site_name\" content=\"webdo\" \/>\n<meta property=\"article:publisher\" content=\"https:\/\/www.facebook.com\/webdotn\" \/>\n<meta property=\"article:published_time\" content=\"2011-02-08T11:37:00+00:00\" \/>\n<meta property=\"og:image\" content=\"https:\/\/www.webdo.tn\/fr\/wp-content\/uploads\/2011\/02\/Droits-de-lhomme-300x300-1.jpg\" \/>\n\t<meta property=\"og:image:width\" content=\"300\" \/>\n\t<meta property=\"og:image:height\" content=\"300\" \/>\n\t<meta property=\"og:image:type\" content=\"image\/jpeg\" \/>\n<meta name=\"author\" content=\"webdo.tn\" \/>\n<meta name=\"twitter:card\" content=\"summary_large_image\" \/>\n<meta name=\"twitter:creator\" content=\"@webdo_tn\" \/>\n<meta name=\"twitter:site\" content=\"@webdo_tn\" \/>\n<meta name=\"twitter:label1\" content=\"\u00c9crit par\" \/>\n\t<meta name=\"twitter:data1\" content=\"webdo.tn\" \/>\n\t<meta name=\"twitter:label2\" content=\"Dur\u00e9e de lecture estim\u00e9e\" \/>\n\t<meta name=\"twitter:data2\" content=\"2 minutes\" \/>\n<script type=\"application\/ld+json\" class=\"yoast-schema-graph\">{\"@context\":\"https:\\\/\\\/schema.org\",\"@graph\":[{\"@type\":\"NewsArticle\",\"@id\":\"https:\\\/\\\/www.webdo.tn\\\/fr\\\/actualite\\\/national\\\/entre-emotion-joie-et-espoir-les-droits-de-lhomme-sont-de-retour-en-tunisie\\\/173045\\\/#article\",\"isPartOf\":{\"@id\":\"https:\\\/\\\/www.webdo.tn\\\/fr\\\/actualite\\\/national\\\/entre-emotion-joie-et-espoir-les-droits-de-lhomme-sont-de-retour-en-tunisie\\\/173045\\\/\"},\"author\":{\"name\":\"webdo.tn\",\"@id\":\"https:\\\/\\\/www.webdo.tn\\\/fr\\\/#\\\/schema\\\/person\\\/9a9c6118d687c117df8ef3cc36a4d175\"},\"headline\":\"Entre \u00e9motion, joie et espoir: \u00ab\u00a0les droits de l&rsquo;homme sont de retour en Tunisie\u00a0\u00bb\",\"datePublished\":\"2011-02-08T11:37:00+00:00\",\"mainEntityOfPage\":{\"@id\":\"https:\\\/\\\/www.webdo.tn\\\/fr\\\/actualite\\\/national\\\/entre-emotion-joie-et-espoir-les-droits-de-lhomme-sont-de-retour-en-tunisie\\\/173045\\\/\"},\"wordCount\":512,\"commentCount\":0,\"publisher\":{\"@id\":\"https:\\\/\\\/www.webdo.tn\\\/fr\\\/#organization\"},\"image\":{\"@id\":\"https:\\\/\\\/www.webdo.tn\\\/fr\\\/actualite\\\/national\\\/entre-emotion-joie-et-espoir-les-droits-de-lhomme-sont-de-retour-en-tunisie\\\/173045\\\/#primaryimage\"},\"thumbnailUrl\":\"https:\\\/\\\/www.webdo.tn\\\/fr\\\/wp-content\\\/uploads\\\/2011\\\/02\\\/Droits-de-lhomme-300x300-1.jpg\",\"articleSection\":[\"National\"],\"inLanguage\":\"fr-FR\"},{\"@type\":\"WebPage\",\"@id\":\"https:\\\/\\\/www.webdo.tn\\\/fr\\\/actualite\\\/national\\\/entre-emotion-joie-et-espoir-les-droits-de-lhomme-sont-de-retour-en-tunisie\\\/173045\\\/\",\"url\":\"https:\\\/\\\/www.webdo.tn\\\/fr\\\/actualite\\\/national\\\/entre-emotion-joie-et-espoir-les-droits-de-lhomme-sont-de-retour-en-tunisie\\\/173045\\\/\",\"name\":\"Entre \u00e9motion, joie et espoir: les droits de l'homme sont de retour en Tunisie\",\"isPartOf\":{\"@id\":\"https:\\\/\\\/www.webdo.tn\\\/fr\\\/#website\"},\"primaryImageOfPage\":{\"@id\":\"https:\\\/\\\/www.webdo.tn\\\/fr\\\/actualite\\\/national\\\/entre-emotion-joie-et-espoir-les-droits-de-lhomme-sont-de-retour-en-tunisie\\\/173045\\\/#primaryimage\"},\"image\":{\"@id\":\"https:\\\/\\\/www.webdo.tn\\\/fr\\\/actualite\\\/national\\\/entre-emotion-joie-et-espoir-les-droits-de-lhomme-sont-de-retour-en-tunisie\\\/173045\\\/#primaryimage\"},\"thumbnailUrl\":\"https:\\\/\\\/www.webdo.tn\\\/fr\\\/wp-content\\\/uploads\\\/2011\\\/02\\\/Droits-de-lhomme-300x300-1.jpg\",\"datePublished\":\"2011-02-08T11:37:00+00:00\",\"description\":\"Entre \u00e9motion, joie et espoir: les droits de l'homme sont de retour en Tunisie\",\"breadcrumb\":{\"@id\":\"https:\\\/\\\/www.webdo.tn\\\/fr\\\/actualite\\\/national\\\/entre-emotion-joie-et-espoir-les-droits-de-lhomme-sont-de-retour-en-tunisie\\\/173045\\\/#breadcrumb\"},\"inLanguage\":\"fr-FR\",\"potentialAction\":[{\"@type\":\"ReadAction\",\"target\":[\"https:\\\/\\\/www.webdo.tn\\\/fr\\\/actualite\\\/national\\\/entre-emotion-joie-et-espoir-les-droits-de-lhomme-sont-de-retour-en-tunisie\\\/173045\\\/\"]}]},{\"@type\":\"ImageObject\",\"inLanguage\":\"fr-FR\",\"@id\":\"https:\\\/\\\/www.webdo.tn\\\/fr\\\/actualite\\\/national\\\/entre-emotion-joie-et-espoir-les-droits-de-lhomme-sont-de-retour-en-tunisie\\\/173045\\\/#primaryimage\",\"url\":\"https:\\\/\\\/www.webdo.tn\\\/fr\\\/wp-content\\\/uploads\\\/2011\\\/02\\\/Droits-de-lhomme-300x300-1.jpg\",\"contentUrl\":\"https:\\\/\\\/www.webdo.tn\\\/fr\\\/wp-content\\\/uploads\\\/2011\\\/02\\\/Droits-de-lhomme-300x300-1.jpg\",\"width\":300,\"height\":300,\"caption\":\"Entre \u00e9motion, joie et espoir: \\\"les droits de l'homme sont de retour en Tunisie\\\"\"},{\"@type\":\"BreadcrumbList\",\"@id\":\"https:\\\/\\\/www.webdo.tn\\\/fr\\\/actualite\\\/national\\\/entre-emotion-joie-et-espoir-les-droits-de-lhomme-sont-de-retour-en-tunisie\\\/173045\\\/#breadcrumb\",\"itemListElement\":[{\"@type\":\"ListItem\",\"position\":1,\"name\":\"Accueil\",\"item\":\"https:\\\/\\\/www.webdo.tn\\\/fr\\\/\"},{\"@type\":\"ListItem\",\"position\":2,\"name\":\"Entre \u00e9motion, joie et espoir: \u00ab\u00a0les droits de l&rsquo;homme sont de retour en Tunisie\u00a0\u00bb\"}]},{\"@type\":\"WebSite\",\"@id\":\"https:\\\/\\\/www.webdo.tn\\\/fr\\\/#website\",\"url\":\"https:\\\/\\\/www.webdo.tn\\\/fr\\\/\",\"name\":\"webdo\",\"description\":\"Tunisie - News en Tunisie et \u00e0 l&#039;international sur Webdo.tn\",\"publisher\":{\"@id\":\"https:\\\/\\\/www.webdo.tn\\\/fr\\\/#organization\"},\"potentialAction\":[{\"@type\":\"SearchAction\",\"target\":{\"@type\":\"EntryPoint\",\"urlTemplate\":\"https:\\\/\\\/www.webdo.tn\\\/fr\\\/?s={search_term_string}\"},\"query-input\":{\"@type\":\"PropertyValueSpecification\",\"valueRequired\":true,\"valueName\":\"search_term_string\"}}],\"inLanguage\":\"fr-FR\"},{\"@type\":\"Organization\",\"@id\":\"https:\\\/\\\/www.webdo.tn\\\/fr\\\/#organization\",\"name\":\"Webdo\",\"alternateName\":\"Webdo.tn\",\"url\":\"https:\\\/\\\/www.webdo.tn\\\/fr\\\/\",\"logo\":{\"@type\":\"ImageObject\",\"inLanguage\":\"fr-FR\",\"@id\":\"https:\\\/\\\/www.webdo.tn\\\/fr\\\/#\\\/schema\\\/logo\\\/image\\\/\",\"url\":\"https:\\\/\\\/www.webdo.tn\\\/fr\\\/wp-content\\\/uploads\\\/2025\\\/06\\\/Webdo-Tunisie_168377.jpg\",\"contentUrl\":\"https:\\\/\\\/www.webdo.tn\\\/fr\\\/wp-content\\\/uploads\\\/2025\\\/06\\\/Webdo-Tunisie_168377.jpg\",\"width\":301,\"height\":301,\"caption\":\"Webdo\"},\"image\":{\"@id\":\"https:\\\/\\\/www.webdo.tn\\\/fr\\\/#\\\/schema\\\/logo\\\/image\\\/\"},\"sameAs\":[\"https:\\\/\\\/www.facebook.com\\\/webdotn\",\"https:\\\/\\\/x.com\\\/webdo_tn\"],\"description\":\"Webdo est un m\u00e9dia num\u00e9rique tunisien fond\u00e9 en 2010, sp\u00e9cialis\u00e9 dans l\u2019actualit\u00e9 nationale et internationale, l\u2019\u00e9conomie, la soci\u00e9t\u00e9 et les analyses politiques. Le site s\u2019adresse \u00e0 un large public francophone et couvre l\u2019information tunisienne en temps r\u00e9el.\",\"email\":\"redac@webdo.tn\",\"legalName\":\"YNJ SARL\",\"foundingDate\":\"2010-09-06\",\"numberOfEmployees\":{\"@type\":\"QuantitativeValue\",\"minValue\":\"11\",\"maxValue\":\"50\"}},{\"@type\":\"Person\",\"@id\":\"https:\\\/\\\/www.webdo.tn\\\/fr\\\/#\\\/schema\\\/person\\\/9a9c6118d687c117df8ef3cc36a4d175\",\"name\":\"webdo.tn\",\"image\":{\"@type\":\"ImageObject\",\"inLanguage\":\"fr-FR\",\"@id\":\"https:\\\/\\\/secure.gravatar.com\\\/avatar\\\/7ce1f28c0c3bbac99ff550b85ef8e44a6950c6ee24514fb6a5489e51d06f0298?s=96&d=mm&r=g\",\"url\":\"https:\\\/\\\/secure.gravatar.com\\\/avatar\\\/7ce1f28c0c3bbac99ff550b85ef8e44a6950c6ee24514fb6a5489e51d06f0298?s=96&d=mm&r=g\",\"contentUrl\":\"https:\\\/\\\/secure.gravatar.com\\\/avatar\\\/7ce1f28c0c3bbac99ff550b85ef8e44a6950c6ee24514fb6a5489e51d06f0298?s=96&d=mm&r=g\",\"caption\":\"webdo.tn\"},\"url\":\"https:\\\/\\\/www.webdo.tn\\\/fr\\\/actualite\\\/author\\\/webdotn\\\/\"}]}<\/script>\n<!-- \/ Yoast SEO Premium plugin. -->","yoast_head_json":{"title":"Entre \u00e9motion, joie et espoir: les droits de l'homme sont de retour en Tunisie","description":"Entre \u00e9motion, joie et espoir: les droits de l'homme sont de retour en Tunisie","canonical":"https:\/\/www.webdo.tn\/fr\/actualite\/national\/entre-emotion-joie-et-espoir-les-droits-de-lhomme-sont-de-retour-en-tunisie\/173045\/","og_locale":"fr_FR","og_type":"article","og_title":"Entre \u00e9motion, joie et espoir: \"les droits de l'homme sont de retour en Tunisie\"","og_description":"Entre \u00e9motion, joie et espoir: les droits de l'homme sont de retour en Tunisie","og_url":"https:\/\/www.webdo.tn\/fr\/actualite\/national\/entre-emotion-joie-et-espoir-les-droits-de-lhomme-sont-de-retour-en-tunisie\/173045\/","og_site_name":"webdo","article_publisher":"https:\/\/www.facebook.com\/webdotn","article_published_time":"2011-02-08T11:37:00+00:00","og_image":[{"width":300,"height":300,"url":"https:\/\/www.webdo.tn\/fr\/wp-content\/uploads\/2011\/02\/Droits-de-lhomme-300x300-1.jpg","type":"image\/jpeg"}],"author":"webdo.tn","twitter_card":"summary_large_image","twitter_creator":"@webdo_tn","twitter_site":"@webdo_tn","twitter_misc":{"\u00c9crit par":"webdo.tn","Dur\u00e9e de lecture estim\u00e9e":"2 minutes"},"schema":{"@context":"https:\/\/schema.org","@graph":[{"@type":"NewsArticle","@id":"https:\/\/www.webdo.tn\/fr\/actualite\/national\/entre-emotion-joie-et-espoir-les-droits-de-lhomme-sont-de-retour-en-tunisie\/173045\/#article","isPartOf":{"@id":"https:\/\/www.webdo.tn\/fr\/actualite\/national\/entre-emotion-joie-et-espoir-les-droits-de-lhomme-sont-de-retour-en-tunisie\/173045\/"},"author":{"name":"webdo.tn","@id":"https:\/\/www.webdo.tn\/fr\/#\/schema\/person\/9a9c6118d687c117df8ef3cc36a4d175"},"headline":"Entre \u00e9motion, joie et espoir: \u00ab\u00a0les droits de l&rsquo;homme sont de retour en Tunisie\u00a0\u00bb","datePublished":"2011-02-08T11:37:00+00:00","mainEntityOfPage":{"@id":"https:\/\/www.webdo.tn\/fr\/actualite\/national\/entre-emotion-joie-et-espoir-les-droits-de-lhomme-sont-de-retour-en-tunisie\/173045\/"},"wordCount":512,"commentCount":0,"publisher":{"@id":"https:\/\/www.webdo.tn\/fr\/#organization"},"image":{"@id":"https:\/\/www.webdo.tn\/fr\/actualite\/national\/entre-emotion-joie-et-espoir-les-droits-de-lhomme-sont-de-retour-en-tunisie\/173045\/#primaryimage"},"thumbnailUrl":"https:\/\/www.webdo.tn\/fr\/wp-content\/uploads\/2011\/02\/Droits-de-lhomme-300x300-1.jpg","articleSection":["National"],"inLanguage":"fr-FR"},{"@type":"WebPage","@id":"https:\/\/www.webdo.tn\/fr\/actualite\/national\/entre-emotion-joie-et-espoir-les-droits-de-lhomme-sont-de-retour-en-tunisie\/173045\/","url":"https:\/\/www.webdo.tn\/fr\/actualite\/national\/entre-emotion-joie-et-espoir-les-droits-de-lhomme-sont-de-retour-en-tunisie\/173045\/","name":"Entre \u00e9motion, joie et espoir: les droits de l'homme sont de retour en Tunisie","isPartOf":{"@id":"https:\/\/www.webdo.tn\/fr\/#website"},"primaryImageOfPage":{"@id":"https:\/\/www.webdo.tn\/fr\/actualite\/national\/entre-emotion-joie-et-espoir-les-droits-de-lhomme-sont-de-retour-en-tunisie\/173045\/#primaryimage"},"image":{"@id":"https:\/\/www.webdo.tn\/fr\/actualite\/national\/entre-emotion-joie-et-espoir-les-droits-de-lhomme-sont-de-retour-en-tunisie\/173045\/#primaryimage"},"thumbnailUrl":"https:\/\/www.webdo.tn\/fr\/wp-content\/uploads\/2011\/02\/Droits-de-lhomme-300x300-1.jpg","datePublished":"2011-02-08T11:37:00+00:00","description":"Entre \u00e9motion, joie et espoir: les droits de l'homme sont de retour en Tunisie","breadcrumb":{"@id":"https:\/\/www.webdo.tn\/fr\/actualite\/national\/entre-emotion-joie-et-espoir-les-droits-de-lhomme-sont-de-retour-en-tunisie\/173045\/#breadcrumb"},"inLanguage":"fr-FR","potentialAction":[{"@type":"ReadAction","target":["https:\/\/www.webdo.tn\/fr\/actualite\/national\/entre-emotion-joie-et-espoir-les-droits-de-lhomme-sont-de-retour-en-tunisie\/173045\/"]}]},{"@type":"ImageObject","inLanguage":"fr-FR","@id":"https:\/\/www.webdo.tn\/fr\/actualite\/national\/entre-emotion-joie-et-espoir-les-droits-de-lhomme-sont-de-retour-en-tunisie\/173045\/#primaryimage","url":"https:\/\/www.webdo.tn\/fr\/wp-content\/uploads\/2011\/02\/Droits-de-lhomme-300x300-1.jpg","contentUrl":"https:\/\/www.webdo.tn\/fr\/wp-content\/uploads\/2011\/02\/Droits-de-lhomme-300x300-1.jpg","width":300,"height":300,"caption":"Entre \u00e9motion, joie et espoir: \"les droits de l'homme sont de retour en Tunisie\""},{"@type":"BreadcrumbList","@id":"https:\/\/www.webdo.tn\/fr\/actualite\/national\/entre-emotion-joie-et-espoir-les-droits-de-lhomme-sont-de-retour-en-tunisie\/173045\/#breadcrumb","itemListElement":[{"@type":"ListItem","position":1,"name":"Accueil","item":"https:\/\/www.webdo.tn\/fr\/"},{"@type":"ListItem","position":2,"name":"Entre \u00e9motion, joie et espoir: \u00ab\u00a0les droits de l&rsquo;homme sont de retour en Tunisie\u00a0\u00bb"}]},{"@type":"WebSite","@id":"https:\/\/www.webdo.tn\/fr\/#website","url":"https:\/\/www.webdo.tn\/fr\/","name":"webdo","description":"Tunisie - News en Tunisie et \u00e0 l&#039;international sur Webdo.tn","publisher":{"@id":"https:\/\/www.webdo.tn\/fr\/#organization"},"potentialAction":[{"@type":"SearchAction","target":{"@type":"EntryPoint","urlTemplate":"https:\/\/www.webdo.tn\/fr\/?s={search_term_string}"},"query-input":{"@type":"PropertyValueSpecification","valueRequired":true,"valueName":"search_term_string"}}],"inLanguage":"fr-FR"},{"@type":"Organization","@id":"https:\/\/www.webdo.tn\/fr\/#organization","name":"Webdo","alternateName":"Webdo.tn","url":"https:\/\/www.webdo.tn\/fr\/","logo":{"@type":"ImageObject","inLanguage":"fr-FR","@id":"https:\/\/www.webdo.tn\/fr\/#\/schema\/logo\/image\/","url":"https:\/\/www.webdo.tn\/fr\/wp-content\/uploads\/2025\/06\/Webdo-Tunisie_168377.jpg","contentUrl":"https:\/\/www.webdo.tn\/fr\/wp-content\/uploads\/2025\/06\/Webdo-Tunisie_168377.jpg","width":301,"height":301,"caption":"Webdo"},"image":{"@id":"https:\/\/www.webdo.tn\/fr\/#\/schema\/logo\/image\/"},"sameAs":["https:\/\/www.facebook.com\/webdotn","https:\/\/x.com\/webdo_tn"],"description":"Webdo est un m\u00e9dia num\u00e9rique tunisien fond\u00e9 en 2010, sp\u00e9cialis\u00e9 dans l\u2019actualit\u00e9 nationale et internationale, l\u2019\u00e9conomie, la soci\u00e9t\u00e9 et les analyses politiques. Le site s\u2019adresse \u00e0 un large public francophone et couvre l\u2019information tunisienne en temps r\u00e9el.","email":"redac@webdo.tn","legalName":"YNJ SARL","foundingDate":"2010-09-06","numberOfEmployees":{"@type":"QuantitativeValue","minValue":"11","maxValue":"50"}},{"@type":"Person","@id":"https:\/\/www.webdo.tn\/fr\/#\/schema\/person\/9a9c6118d687c117df8ef3cc36a4d175","name":"webdo.tn","image":{"@type":"ImageObject","inLanguage":"fr-FR","@id":"https:\/\/secure.gravatar.com\/avatar\/7ce1f28c0c3bbac99ff550b85ef8e44a6950c6ee24514fb6a5489e51d06f0298?s=96&d=mm&r=g","url":"https:\/\/secure.gravatar.com\/avatar\/7ce1f28c0c3bbac99ff550b85ef8e44a6950c6ee24514fb6a5489e51d06f0298?s=96&d=mm&r=g","contentUrl":"https:\/\/secure.gravatar.com\/avatar\/7ce1f28c0c3bbac99ff550b85ef8e44a6950c6ee24514fb6a5489e51d06f0298?s=96&d=mm&r=g","caption":"webdo.tn"},"url":"https:\/\/www.webdo.tn\/fr\/actualite\/author\/webdotn\/"}]}},"_links":{"self":[{"href":"https:\/\/www.webdo.tn\/fr\/wp-json\/wp\/v2\/posts\/173045","targetHints":{"allow":["GET"]}}],"collection":[{"href":"https:\/\/www.webdo.tn\/fr\/wp-json\/wp\/v2\/posts"}],"about":[{"href":"https:\/\/www.webdo.tn\/fr\/wp-json\/wp\/v2\/types\/post"}],"author":[{"embeddable":true,"href":"https:\/\/www.webdo.tn\/fr\/wp-json\/wp\/v2\/users\/3222"}],"replies":[{"embeddable":true,"href":"https:\/\/www.webdo.tn\/fr\/wp-json\/wp\/v2\/comments?post=173045"}],"version-history":[{"count":0,"href":"https:\/\/www.webdo.tn\/fr\/wp-json\/wp\/v2\/posts\/173045\/revisions"}],"wp:featuredmedia":[{"embeddable":true,"href":"https:\/\/www.webdo.tn\/fr\/wp-json\/wp\/v2\/media\/365612"}],"wp:attachment":[{"href":"https:\/\/www.webdo.tn\/fr\/wp-json\/wp\/v2\/media?parent=173045"}],"wp:term":[{"taxonomy":"category","embeddable":true,"href":"https:\/\/www.webdo.tn\/fr\/wp-json\/wp\/v2\/categories?post=173045"},{"taxonomy":"post_tag","embeddable":true,"href":"https:\/\/www.webdo.tn\/fr\/wp-json\/wp\/v2\/tags?post=173045"}],"curies":[{"name":"wp","href":"https:\/\/api.w.org\/{rel}","templated":true}]}}