{"id":173042,"date":"2011-02-08T22:24:00","date_gmt":"2011-02-08T22:24:00","guid":{"rendered":"https:\/\/www.webdo.tn\/fr\/actualite\/blog\/h-el-karoui-lhomme-qui-soufflait-aux-oreilles-de-ben-ali-aujourdhui-au-service-de-ghannouchi\/173042\/"},"modified":"2011-02-08T22:24:00","modified_gmt":"2011-02-08T22:24:00","slug":"h-el-karoui-lhomme-qui-soufflait-aux-oreilles-de-ben-ali-aujourdhui-au-service-de-ghannouchi","status":"publish","type":"post","link":"https:\/\/www.webdo.tn\/fr\/actualite\/national\/h-el-karoui-lhomme-qui-soufflait-aux-oreilles-de-ben-ali-aujourdhui-au-service-de-ghannouchi\/173042\/","title":{"rendered":"H. El Karoui, \u00ab\u00a0l&rsquo;homme qui murmurait \u00e0 l&rsquo;oreille\u00a0\u00bb de Ben Ali, aujourd&rsquo;hui au service de Ghannouchi"},"content":{"rendered":"<p>Hakim El Karoui est normalien , banquier chez Rothschild, pr\u00e9sident d\u2019un forum de jeunes \u00e9lites\u00a0Young Mediterranean Leaders, fondateur du tr\u00e8s s\u00e9lect\u00a0Club du XXIe\u00a0Si\u00e8cle\u00a0 et ancienne plume de l\u2019ancien Premier ministre fran\u00e7ais Jean-Pierre Raffarin. Un vrai mod\u00e8le de r\u00e9ussite.<\/p>\n<p>En Tunisie, il joue aussi un r\u00f4le important. Il est administrateur d\u2019Orange Tunisie, conseiller du premier ministre Mohamed Ghannouchi pour le choix du gouvernement de transition\u2026 et a \u00e9t\u00e9 la source d&rsquo;inspiration de Ben Ali !<\/p>\n<p>Selon Mediapart, Hakim El Karoui a r\u00e9dig\u00e9 deux notes, le 12 et 14 janvier, sorte de conseil pour sortir de la crise. Ces notes r\u00e9v\u00e9l\u00e9es par Mediapart ont \u00e9t\u00e9 utilis\u00e9es dans les discours du pr\u00e9sident d\u00e9chu.<\/p>\n<p>Au dernier jour de Ben Ali en tant que pr\u00e9sident, le 14 janvier, une nouvelle note a \u00e9t\u00e9 pr\u00e9par\u00e9e incitant \u00e0 une nouvelle forme de communication. Ainsi, on peut d\u00e9duire de la note, le d\u00e9but du discours :<\/p>\n<p>\u00ab Internet, c\u2019est fait&#8230; c\u2019est la victoire de la Tunisie. Maintenant il faut construire. Ce n\u2019est qu\u2019un d\u00e9but : nous serons jug\u00e9s sur les actes \u00bb. Un autre mensonge. Heureusement, Ben Ali, le fuyard, nous a \u00e9pargn\u00e9 de le subir.<\/p>\n<p>Hakim El Karoui ne nie pas avoir \u00e9t\u00e9 un conseiller en communication de Ben Ali. Selon Mediapart, il pr\u00e9cise, toutefois, qu&rsquo;il n&rsquo;a jamais rencontr\u00e9 Ben Ali, mais qu&rsquo;il l&rsquo;a aid\u00e9 en r\u00e9ponse \u00e0 la demande de son ami Marouane Mabrouk, le gendre de Ben Ali.<\/p>\n<p>Voici les notes en question publi\u00e9es par Mediapart:<br \/>\nhttp:\/\/www.mediapart.fr\/files\/NOTE_12_janvier.pdf<br \/>\nhttp:\/\/www.mediapart.fr\/files\/NOTE_14janvier_0.pdf<\/p>\n","protected":false},"excerpt":{"rendered":"<p>H. El Karoui,  l&rsquo;homme qui murmurait \u00e0 l&rsquo;oreille  de Ben Ali, aujourd&rsquo;hui au service de Ghannouchi <\/p>\n","protected":false},"author":3222,"featured_media":365614,"comment_status":"open","ping_status":"closed","sticky":false,"template":"","format":"standard","meta":{"footnotes":""},"categories":[44],"tags":[],"class_list":["post-173042","post","type-post","status-publish","format-standard","has-post-thumbnail","hentry","category-national"],"yoast_head":"<!-- This site is optimized with the Yoast SEO Premium plugin v27.4 (Yoast SEO v27.4) - https:\/\/yoast.com\/product\/yoast-seo-premium-wordpress\/ -->\n<title>H. El Karoui, l&#039;homme qui murmurait \u00e0 l&#039;oreille de Ben Ali, aujourd&#039;hui au service de Ghannouchi<\/title>\n<meta name=\"description\" content=\"H. El Karoui, l&#039;homme qui murmurait \u00e0 l&#039;oreille de Ben Ali, aujourd&#039;hui au service de Ghannouchi\" \/>\n<link rel=\"canonical\" href=\"https:\/\/www.webdo.tn\/fr\/actualite\/national\/h-el-karoui-lhomme-qui-soufflait-aux-oreilles-de-ben-ali-aujourdhui-au-service-de-ghannouchi\/173042\/\" \/>\n<meta property=\"og:locale\" content=\"fr_FR\" \/>\n<meta property=\"og:type\" content=\"article\" \/>\n<meta property=\"og:title\" content=\"H. El Karoui, &quot;l&#039;homme qui murmurait \u00e0 l&#039;oreille&quot; de Ben Ali, aujourd&#039;hui au service de Ghannouchi\" \/>\n<meta property=\"og:description\" content=\"H. El Karoui, l&#039;homme qui murmurait \u00e0 l&#039;oreille de Ben Ali, aujourd&#039;hui au service de Ghannouchi\" \/>\n<meta property=\"og:url\" content=\"https:\/\/www.webdo.tn\/fr\/actualite\/national\/h-el-karoui-lhomme-qui-soufflait-aux-oreilles-de-ben-ali-aujourdhui-au-service-de-ghannouchi\/173042\/\" \/>\n<meta property=\"og:site_name\" content=\"webdo\" \/>\n<meta property=\"article:publisher\" content=\"https:\/\/www.facebook.com\/webdotn\" \/>\n<meta property=\"article:published_time\" content=\"2011-02-08T22:24:00+00:00\" \/>\n<meta property=\"og:image\" content=\"https:\/\/www.webdo.tn\/fr\/wp-content\/uploads\/2011\/02\/Hakim-El-Karoui.jpg\" \/>\n\t<meta property=\"og:image:width\" content=\"243\" \/>\n\t<meta property=\"og:image:height\" content=\"240\" \/>\n\t<meta property=\"og:image:type\" content=\"image\/jpeg\" \/>\n<meta name=\"author\" content=\"webdo.tn\" \/>\n<meta name=\"twitter:card\" content=\"summary_large_image\" \/>\n<meta name=\"twitter:creator\" content=\"@webdo_tn\" \/>\n<meta name=\"twitter:site\" content=\"@webdo_tn\" \/>\n<meta name=\"twitter:label1\" content=\"\u00c9crit par\" \/>\n\t<meta name=\"twitter:data1\" content=\"webdo.tn\" \/>\n\t<meta name=\"twitter:label2\" content=\"Dur\u00e9e de lecture estim\u00e9e\" \/>\n\t<meta name=\"twitter:data2\" content=\"1 minute\" \/>\n<script type=\"application\/ld+json\" class=\"yoast-schema-graph\">{\"@context\":\"https:\\\/\\\/schema.org\",\"@graph\":[{\"@type\":\"NewsArticle\",\"@id\":\"https:\\\/\\\/www.webdo.tn\\\/fr\\\/actualite\\\/national\\\/h-el-karoui-lhomme-qui-soufflait-aux-oreilles-de-ben-ali-aujourdhui-au-service-de-ghannouchi\\\/173042\\\/#article\",\"isPartOf\":{\"@id\":\"https:\\\/\\\/www.webdo.tn\\\/fr\\\/actualite\\\/national\\\/h-el-karoui-lhomme-qui-soufflait-aux-oreilles-de-ben-ali-aujourdhui-au-service-de-ghannouchi\\\/173042\\\/\"},\"author\":{\"name\":\"webdo.tn\",\"@id\":\"https:\\\/\\\/www.webdo.tn\\\/fr\\\/#\\\/schema\\\/person\\\/9a9c6118d687c117df8ef3cc36a4d175\"},\"headline\":\"H. El Karoui, \u00ab\u00a0l&rsquo;homme qui murmurait \u00e0 l&rsquo;oreille\u00a0\u00bb de Ben Ali, aujourd&rsquo;hui au service de Ghannouchi\",\"datePublished\":\"2011-02-08T22:24:00+00:00\",\"mainEntityOfPage\":{\"@id\":\"https:\\\/\\\/www.webdo.tn\\\/fr\\\/actualite\\\/national\\\/h-el-karoui-lhomme-qui-soufflait-aux-oreilles-de-ben-ali-aujourdhui-au-service-de-ghannouchi\\\/173042\\\/\"},\"wordCount\":304,\"commentCount\":0,\"publisher\":{\"@id\":\"https:\\\/\\\/www.webdo.tn\\\/fr\\\/#organization\"},\"image\":{\"@id\":\"https:\\\/\\\/www.webdo.tn\\\/fr\\\/actualite\\\/national\\\/h-el-karoui-lhomme-qui-soufflait-aux-oreilles-de-ben-ali-aujourdhui-au-service-de-ghannouchi\\\/173042\\\/#primaryimage\"},\"thumbnailUrl\":\"https:\\\/\\\/www.webdo.tn\\\/fr\\\/wp-content\\\/uploads\\\/2011\\\/02\\\/Hakim-El-Karoui.jpg\",\"articleSection\":[\"National\"],\"inLanguage\":\"fr-FR\"},{\"@type\":\"WebPage\",\"@id\":\"https:\\\/\\\/www.webdo.tn\\\/fr\\\/actualite\\\/national\\\/h-el-karoui-lhomme-qui-soufflait-aux-oreilles-de-ben-ali-aujourdhui-au-service-de-ghannouchi\\\/173042\\\/\",\"url\":\"https:\\\/\\\/www.webdo.tn\\\/fr\\\/actualite\\\/national\\\/h-el-karoui-lhomme-qui-soufflait-aux-oreilles-de-ben-ali-aujourdhui-au-service-de-ghannouchi\\\/173042\\\/\",\"name\":\"H. El Karoui, l'homme qui murmurait \u00e0 l'oreille de Ben Ali, aujourd'hui au service de Ghannouchi\",\"isPartOf\":{\"@id\":\"https:\\\/\\\/www.webdo.tn\\\/fr\\\/#website\"},\"primaryImageOfPage\":{\"@id\":\"https:\\\/\\\/www.webdo.tn\\\/fr\\\/actualite\\\/national\\\/h-el-karoui-lhomme-qui-soufflait-aux-oreilles-de-ben-ali-aujourdhui-au-service-de-ghannouchi\\\/173042\\\/#primaryimage\"},\"image\":{\"@id\":\"https:\\\/\\\/www.webdo.tn\\\/fr\\\/actualite\\\/national\\\/h-el-karoui-lhomme-qui-soufflait-aux-oreilles-de-ben-ali-aujourdhui-au-service-de-ghannouchi\\\/173042\\\/#primaryimage\"},\"thumbnailUrl\":\"https:\\\/\\\/www.webdo.tn\\\/fr\\\/wp-content\\\/uploads\\\/2011\\\/02\\\/Hakim-El-Karoui.jpg\",\"datePublished\":\"2011-02-08T22:24:00+00:00\",\"description\":\"H. El Karoui, l'homme qui murmurait \u00e0 l'oreille de Ben Ali, aujourd'hui au service de Ghannouchi\",\"breadcrumb\":{\"@id\":\"https:\\\/\\\/www.webdo.tn\\\/fr\\\/actualite\\\/national\\\/h-el-karoui-lhomme-qui-soufflait-aux-oreilles-de-ben-ali-aujourdhui-au-service-de-ghannouchi\\\/173042\\\/#breadcrumb\"},\"inLanguage\":\"fr-FR\",\"potentialAction\":[{\"@type\":\"ReadAction\",\"target\":[\"https:\\\/\\\/www.webdo.tn\\\/fr\\\/actualite\\\/national\\\/h-el-karoui-lhomme-qui-soufflait-aux-oreilles-de-ben-ali-aujourdhui-au-service-de-ghannouchi\\\/173042\\\/\"]}]},{\"@type\":\"ImageObject\",\"inLanguage\":\"fr-FR\",\"@id\":\"https:\\\/\\\/www.webdo.tn\\\/fr\\\/actualite\\\/national\\\/h-el-karoui-lhomme-qui-soufflait-aux-oreilles-de-ben-ali-aujourdhui-au-service-de-ghannouchi\\\/173042\\\/#primaryimage\",\"url\":\"https:\\\/\\\/www.webdo.tn\\\/fr\\\/wp-content\\\/uploads\\\/2011\\\/02\\\/Hakim-El-Karoui.jpg\",\"contentUrl\":\"https:\\\/\\\/www.webdo.tn\\\/fr\\\/wp-content\\\/uploads\\\/2011\\\/02\\\/Hakim-El-Karoui.jpg\",\"width\":243,\"height\":240,\"caption\":\"H. El Karoui, \\\"l'homme qui murmurait \u00e0 l'oreille\\\" de Ben Ali, aujourd'hui au service de Ghannouchi\"},{\"@type\":\"BreadcrumbList\",\"@id\":\"https:\\\/\\\/www.webdo.tn\\\/fr\\\/actualite\\\/national\\\/h-el-karoui-lhomme-qui-soufflait-aux-oreilles-de-ben-ali-aujourdhui-au-service-de-ghannouchi\\\/173042\\\/#breadcrumb\",\"itemListElement\":[{\"@type\":\"ListItem\",\"position\":1,\"name\":\"Accueil\",\"item\":\"https:\\\/\\\/www.webdo.tn\\\/fr\\\/\"},{\"@type\":\"ListItem\",\"position\":2,\"name\":\"H. El Karoui, \u00ab\u00a0l&rsquo;homme qui murmurait \u00e0 l&rsquo;oreille\u00a0\u00bb de Ben Ali, aujourd&rsquo;hui au service de Ghannouchi\"}]},{\"@type\":\"WebSite\",\"@id\":\"https:\\\/\\\/www.webdo.tn\\\/fr\\\/#website\",\"url\":\"https:\\\/\\\/www.webdo.tn\\\/fr\\\/\",\"name\":\"webdo\",\"description\":\"Tunisie - News en Tunisie et \u00e0 l&#039;international sur Webdo.tn\",\"publisher\":{\"@id\":\"https:\\\/\\\/www.webdo.tn\\\/fr\\\/#organization\"},\"potentialAction\":[{\"@type\":\"SearchAction\",\"target\":{\"@type\":\"EntryPoint\",\"urlTemplate\":\"https:\\\/\\\/www.webdo.tn\\\/fr\\\/?s={search_term_string}\"},\"query-input\":{\"@type\":\"PropertyValueSpecification\",\"valueRequired\":true,\"valueName\":\"search_term_string\"}}],\"inLanguage\":\"fr-FR\"},{\"@type\":\"Organization\",\"@id\":\"https:\\\/\\\/www.webdo.tn\\\/fr\\\/#organization\",\"name\":\"Webdo\",\"alternateName\":\"Webdo.tn\",\"url\":\"https:\\\/\\\/www.webdo.tn\\\/fr\\\/\",\"logo\":{\"@type\":\"ImageObject\",\"inLanguage\":\"fr-FR\",\"@id\":\"https:\\\/\\\/www.webdo.tn\\\/fr\\\/#\\\/schema\\\/logo\\\/image\\\/\",\"url\":\"https:\\\/\\\/www.webdo.tn\\\/fr\\\/wp-content\\\/uploads\\\/2025\\\/06\\\/Webdo-Tunisie_168377.jpg\",\"contentUrl\":\"https:\\\/\\\/www.webdo.tn\\\/fr\\\/wp-content\\\/uploads\\\/2025\\\/06\\\/Webdo-Tunisie_168377.jpg\",\"width\":301,\"height\":301,\"caption\":\"Webdo\"},\"image\":{\"@id\":\"https:\\\/\\\/www.webdo.tn\\\/fr\\\/#\\\/schema\\\/logo\\\/image\\\/\"},\"sameAs\":[\"https:\\\/\\\/www.facebook.com\\\/webdotn\",\"https:\\\/\\\/x.com\\\/webdo_tn\"],\"description\":\"Webdo est un m\u00e9dia num\u00e9rique tunisien fond\u00e9 en 2010, sp\u00e9cialis\u00e9 dans l\u2019actualit\u00e9 nationale et internationale, l\u2019\u00e9conomie, la soci\u00e9t\u00e9 et les analyses politiques. Le site s\u2019adresse \u00e0 un large public francophone et couvre l\u2019information tunisienne en temps r\u00e9el.\",\"email\":\"redac@webdo.tn\",\"legalName\":\"YNJ SARL\",\"foundingDate\":\"2010-09-06\",\"numberOfEmployees\":{\"@type\":\"QuantitativeValue\",\"minValue\":\"11\",\"maxValue\":\"50\"}},{\"@type\":\"Person\",\"@id\":\"https:\\\/\\\/www.webdo.tn\\\/fr\\\/#\\\/schema\\\/person\\\/9a9c6118d687c117df8ef3cc36a4d175\",\"name\":\"webdo.tn\",\"image\":{\"@type\":\"ImageObject\",\"inLanguage\":\"fr-FR\",\"@id\":\"https:\\\/\\\/secure.gravatar.com\\\/avatar\\\/7ce1f28c0c3bbac99ff550b85ef8e44a6950c6ee24514fb6a5489e51d06f0298?s=96&d=mm&r=g\",\"url\":\"https:\\\/\\\/secure.gravatar.com\\\/avatar\\\/7ce1f28c0c3bbac99ff550b85ef8e44a6950c6ee24514fb6a5489e51d06f0298?s=96&d=mm&r=g\",\"contentUrl\":\"https:\\\/\\\/secure.gravatar.com\\\/avatar\\\/7ce1f28c0c3bbac99ff550b85ef8e44a6950c6ee24514fb6a5489e51d06f0298?s=96&d=mm&r=g\",\"caption\":\"webdo.tn\"},\"url\":\"https:\\\/\\\/www.webdo.tn\\\/fr\\\/actualite\\\/author\\\/webdotn\\\/\"}]}<\/script>\n<!-- \/ Yoast SEO Premium plugin. -->","yoast_head_json":{"title":"H. El Karoui, l'homme qui murmurait \u00e0 l'oreille de Ben Ali, aujourd'hui au service de Ghannouchi","description":"H. El Karoui, l'homme qui murmurait \u00e0 l'oreille de Ben Ali, aujourd'hui au service de Ghannouchi","canonical":"https:\/\/www.webdo.tn\/fr\/actualite\/national\/h-el-karoui-lhomme-qui-soufflait-aux-oreilles-de-ben-ali-aujourdhui-au-service-de-ghannouchi\/173042\/","og_locale":"fr_FR","og_type":"article","og_title":"H. El Karoui, \"l'homme qui murmurait \u00e0 l'oreille\" de Ben Ali, aujourd'hui au service de Ghannouchi","og_description":"H. El Karoui, l'homme qui murmurait \u00e0 l'oreille de Ben Ali, aujourd'hui au service de Ghannouchi","og_url":"https:\/\/www.webdo.tn\/fr\/actualite\/national\/h-el-karoui-lhomme-qui-soufflait-aux-oreilles-de-ben-ali-aujourdhui-au-service-de-ghannouchi\/173042\/","og_site_name":"webdo","article_publisher":"https:\/\/www.facebook.com\/webdotn","article_published_time":"2011-02-08T22:24:00+00:00","og_image":[{"width":243,"height":240,"url":"https:\/\/www.webdo.tn\/fr\/wp-content\/uploads\/2011\/02\/Hakim-El-Karoui.jpg","type":"image\/jpeg"}],"author":"webdo.tn","twitter_card":"summary_large_image","twitter_creator":"@webdo_tn","twitter_site":"@webdo_tn","twitter_misc":{"\u00c9crit par":"webdo.tn","Dur\u00e9e de lecture estim\u00e9e":"1 minute"},"schema":{"@context":"https:\/\/schema.org","@graph":[{"@type":"NewsArticle","@id":"https:\/\/www.webdo.tn\/fr\/actualite\/national\/h-el-karoui-lhomme-qui-soufflait-aux-oreilles-de-ben-ali-aujourdhui-au-service-de-ghannouchi\/173042\/#article","isPartOf":{"@id":"https:\/\/www.webdo.tn\/fr\/actualite\/national\/h-el-karoui-lhomme-qui-soufflait-aux-oreilles-de-ben-ali-aujourdhui-au-service-de-ghannouchi\/173042\/"},"author":{"name":"webdo.tn","@id":"https:\/\/www.webdo.tn\/fr\/#\/schema\/person\/9a9c6118d687c117df8ef3cc36a4d175"},"headline":"H. El Karoui, \u00ab\u00a0l&rsquo;homme qui murmurait \u00e0 l&rsquo;oreille\u00a0\u00bb de Ben Ali, aujourd&rsquo;hui au service de Ghannouchi","datePublished":"2011-02-08T22:24:00+00:00","mainEntityOfPage":{"@id":"https:\/\/www.webdo.tn\/fr\/actualite\/national\/h-el-karoui-lhomme-qui-soufflait-aux-oreilles-de-ben-ali-aujourdhui-au-service-de-ghannouchi\/173042\/"},"wordCount":304,"commentCount":0,"publisher":{"@id":"https:\/\/www.webdo.tn\/fr\/#organization"},"image":{"@id":"https:\/\/www.webdo.tn\/fr\/actualite\/national\/h-el-karoui-lhomme-qui-soufflait-aux-oreilles-de-ben-ali-aujourdhui-au-service-de-ghannouchi\/173042\/#primaryimage"},"thumbnailUrl":"https:\/\/www.webdo.tn\/fr\/wp-content\/uploads\/2011\/02\/Hakim-El-Karoui.jpg","articleSection":["National"],"inLanguage":"fr-FR"},{"@type":"WebPage","@id":"https:\/\/www.webdo.tn\/fr\/actualite\/national\/h-el-karoui-lhomme-qui-soufflait-aux-oreilles-de-ben-ali-aujourdhui-au-service-de-ghannouchi\/173042\/","url":"https:\/\/www.webdo.tn\/fr\/actualite\/national\/h-el-karoui-lhomme-qui-soufflait-aux-oreilles-de-ben-ali-aujourdhui-au-service-de-ghannouchi\/173042\/","name":"H. El Karoui, l'homme qui murmurait \u00e0 l'oreille de Ben Ali, aujourd'hui au service de Ghannouchi","isPartOf":{"@id":"https:\/\/www.webdo.tn\/fr\/#website"},"primaryImageOfPage":{"@id":"https:\/\/www.webdo.tn\/fr\/actualite\/national\/h-el-karoui-lhomme-qui-soufflait-aux-oreilles-de-ben-ali-aujourdhui-au-service-de-ghannouchi\/173042\/#primaryimage"},"image":{"@id":"https:\/\/www.webdo.tn\/fr\/actualite\/national\/h-el-karoui-lhomme-qui-soufflait-aux-oreilles-de-ben-ali-aujourdhui-au-service-de-ghannouchi\/173042\/#primaryimage"},"thumbnailUrl":"https:\/\/www.webdo.tn\/fr\/wp-content\/uploads\/2011\/02\/Hakim-El-Karoui.jpg","datePublished":"2011-02-08T22:24:00+00:00","description":"H. El Karoui, l'homme qui murmurait \u00e0 l'oreille de Ben Ali, aujourd'hui au service de Ghannouchi","breadcrumb":{"@id":"https:\/\/www.webdo.tn\/fr\/actualite\/national\/h-el-karoui-lhomme-qui-soufflait-aux-oreilles-de-ben-ali-aujourdhui-au-service-de-ghannouchi\/173042\/#breadcrumb"},"inLanguage":"fr-FR","potentialAction":[{"@type":"ReadAction","target":["https:\/\/www.webdo.tn\/fr\/actualite\/national\/h-el-karoui-lhomme-qui-soufflait-aux-oreilles-de-ben-ali-aujourdhui-au-service-de-ghannouchi\/173042\/"]}]},{"@type":"ImageObject","inLanguage":"fr-FR","@id":"https:\/\/www.webdo.tn\/fr\/actualite\/national\/h-el-karoui-lhomme-qui-soufflait-aux-oreilles-de-ben-ali-aujourdhui-au-service-de-ghannouchi\/173042\/#primaryimage","url":"https:\/\/www.webdo.tn\/fr\/wp-content\/uploads\/2011\/02\/Hakim-El-Karoui.jpg","contentUrl":"https:\/\/www.webdo.tn\/fr\/wp-content\/uploads\/2011\/02\/Hakim-El-Karoui.jpg","width":243,"height":240,"caption":"H. El Karoui, \"l'homme qui murmurait \u00e0 l'oreille\" de Ben Ali, aujourd'hui au service de Ghannouchi"},{"@type":"BreadcrumbList","@id":"https:\/\/www.webdo.tn\/fr\/actualite\/national\/h-el-karoui-lhomme-qui-soufflait-aux-oreilles-de-ben-ali-aujourdhui-au-service-de-ghannouchi\/173042\/#breadcrumb","itemListElement":[{"@type":"ListItem","position":1,"name":"Accueil","item":"https:\/\/www.webdo.tn\/fr\/"},{"@type":"ListItem","position":2,"name":"H. El Karoui, \u00ab\u00a0l&rsquo;homme qui murmurait \u00e0 l&rsquo;oreille\u00a0\u00bb de Ben Ali, aujourd&rsquo;hui au service de Ghannouchi"}]},{"@type":"WebSite","@id":"https:\/\/www.webdo.tn\/fr\/#website","url":"https:\/\/www.webdo.tn\/fr\/","name":"webdo","description":"Tunisie - News en Tunisie et \u00e0 l&#039;international sur Webdo.tn","publisher":{"@id":"https:\/\/www.webdo.tn\/fr\/#organization"},"potentialAction":[{"@type":"SearchAction","target":{"@type":"EntryPoint","urlTemplate":"https:\/\/www.webdo.tn\/fr\/?s={search_term_string}"},"query-input":{"@type":"PropertyValueSpecification","valueRequired":true,"valueName":"search_term_string"}}],"inLanguage":"fr-FR"},{"@type":"Organization","@id":"https:\/\/www.webdo.tn\/fr\/#organization","name":"Webdo","alternateName":"Webdo.tn","url":"https:\/\/www.webdo.tn\/fr\/","logo":{"@type":"ImageObject","inLanguage":"fr-FR","@id":"https:\/\/www.webdo.tn\/fr\/#\/schema\/logo\/image\/","url":"https:\/\/www.webdo.tn\/fr\/wp-content\/uploads\/2025\/06\/Webdo-Tunisie_168377.jpg","contentUrl":"https:\/\/www.webdo.tn\/fr\/wp-content\/uploads\/2025\/06\/Webdo-Tunisie_168377.jpg","width":301,"height":301,"caption":"Webdo"},"image":{"@id":"https:\/\/www.webdo.tn\/fr\/#\/schema\/logo\/image\/"},"sameAs":["https:\/\/www.facebook.com\/webdotn","https:\/\/x.com\/webdo_tn"],"description":"Webdo est un m\u00e9dia num\u00e9rique tunisien fond\u00e9 en 2010, sp\u00e9cialis\u00e9 dans l\u2019actualit\u00e9 nationale et internationale, l\u2019\u00e9conomie, la soci\u00e9t\u00e9 et les analyses politiques. Le site s\u2019adresse \u00e0 un large public francophone et couvre l\u2019information tunisienne en temps r\u00e9el.","email":"redac@webdo.tn","legalName":"YNJ SARL","foundingDate":"2010-09-06","numberOfEmployees":{"@type":"QuantitativeValue","minValue":"11","maxValue":"50"}},{"@type":"Person","@id":"https:\/\/www.webdo.tn\/fr\/#\/schema\/person\/9a9c6118d687c117df8ef3cc36a4d175","name":"webdo.tn","image":{"@type":"ImageObject","inLanguage":"fr-FR","@id":"https:\/\/secure.gravatar.com\/avatar\/7ce1f28c0c3bbac99ff550b85ef8e44a6950c6ee24514fb6a5489e51d06f0298?s=96&d=mm&r=g","url":"https:\/\/secure.gravatar.com\/avatar\/7ce1f28c0c3bbac99ff550b85ef8e44a6950c6ee24514fb6a5489e51d06f0298?s=96&d=mm&r=g","contentUrl":"https:\/\/secure.gravatar.com\/avatar\/7ce1f28c0c3bbac99ff550b85ef8e44a6950c6ee24514fb6a5489e51d06f0298?s=96&d=mm&r=g","caption":"webdo.tn"},"url":"https:\/\/www.webdo.tn\/fr\/actualite\/author\/webdotn\/"}]}},"_links":{"self":[{"href":"https:\/\/www.webdo.tn\/fr\/wp-json\/wp\/v2\/posts\/173042","targetHints":{"allow":["GET"]}}],"collection":[{"href":"https:\/\/www.webdo.tn\/fr\/wp-json\/wp\/v2\/posts"}],"about":[{"href":"https:\/\/www.webdo.tn\/fr\/wp-json\/wp\/v2\/types\/post"}],"author":[{"embeddable":true,"href":"https:\/\/www.webdo.tn\/fr\/wp-json\/wp\/v2\/users\/3222"}],"replies":[{"embeddable":true,"href":"https:\/\/www.webdo.tn\/fr\/wp-json\/wp\/v2\/comments?post=173042"}],"version-history":[{"count":0,"href":"https:\/\/www.webdo.tn\/fr\/wp-json\/wp\/v2\/posts\/173042\/revisions"}],"wp:featuredmedia":[{"embeddable":true,"href":"https:\/\/www.webdo.tn\/fr\/wp-json\/wp\/v2\/media\/365614"}],"wp:attachment":[{"href":"https:\/\/www.webdo.tn\/fr\/wp-json\/wp\/v2\/media?parent=173042"}],"wp:term":[{"taxonomy":"category","embeddable":true,"href":"https:\/\/www.webdo.tn\/fr\/wp-json\/wp\/v2\/categories?post=173042"},{"taxonomy":"post_tag","embeddable":true,"href":"https:\/\/www.webdo.tn\/fr\/wp-json\/wp\/v2\/tags?post=173042"}],"curies":[{"name":"wp","href":"https:\/\/api.w.org\/{rel}","templated":true}]}}