{"id":173038,"date":"2011-02-10T14:13:00","date_gmt":"2011-02-10T14:13:00","guid":{"rendered":"https:\/\/www.webdo.tn\/fr\/actualite\/blog\/au-temps-ou-lon-faisait-la-cour-chez-saida-agrebi\/173038\/"},"modified":"2011-02-10T14:13:00","modified_gmt":"2011-02-10T14:13:00","slug":"au-temps-ou-lon-faisait-la-cour-chez-saida-agrebi","status":"publish","type":"post","link":"https:\/\/www.webdo.tn\/fr\/actualite\/national\/au-temps-ou-lon-faisait-la-cour-chez-saida-agrebi\/173038\/","title":{"rendered":"Au temps o\u00f9 l&rsquo;on faisait la cour chez Saida Agrebi"},"content":{"rendered":"<p>Les r\u00e9alit\u00e9s, longtemps enfouies sous le chape de plomb du syst\u00e8me oligarchique de Ben Ali, font aujourd&rsquo;hui la une des journaux de la place.<\/p>\n<p>Une de ces r\u00e9alit\u00e9s r\u00e9v\u00e9l\u00e9es par un ancien cadre retrait\u00e9 du minist\u00e8re de l&rsquo;Int\u00e9rieur porte sur les fr\u00e9quentations et le r\u00f4le de Saida Agrebi autant \u00e0 l&rsquo;\u00e9poque o\u00f9 Ben Ali assurait la fonction de directeur de la S\u00fbret\u00e9 nationale que pendant qu&rsquo;il \u00e9tait pr\u00e9sident de la R\u00e9publique.<\/p>\n<p>Pendant la premi\u00e8re p\u00e9riode, notre courtisane entretenait des soir\u00e9es priv\u00e9es pour des invit\u00e9s de luxe parmi lesquels des \u00e9mirs du Golfe arabe. Elle b\u00e9n\u00e9ficiait du silence complice de la police impos\u00e9 par Ben Ali qui, de son c\u00f4t\u00e9, avait peur d&rsquo;\u00eatre grond\u00e9 par Wassila Bourguiba, deuxi\u00e8me figure influente du palais et qui entretenait une relation \u00e9troite avec Saida Agrebi. <\/p>\n<p>Durant la deuxi\u00e8me p\u00e9riode, cette derni\u00e8re s&rsquo;activait au sein de l&rsquo;organisation des m\u00e8res de Tunisie. Sa t\u00e2che consistait \u00e0 recruter de jeunes filles (futures m\u00e8res) qu&rsquo;elle collectait dans les foyers universitaires, les universit\u00e9s, les centres de formation etc. Ces derni\u00e8res faisaient le d\u00e9cor de la sc\u00e8ne, de la cour pr\u00e9sidentielle et durant les harangues ennuyeuses du pr\u00e9sident. Saida Agrebi transformait cette foule f\u00e9minine en un orchestre fanfare. Elle leur apprenait \u00e0 applaudir, \u00e0 faire les tremolos (you you) en temps pr\u00e9cis.<\/p>\n<p>Saida Agrebi vient d&rsquo;\u00eatre arr\u00eat\u00e9e par la police, mardi dernier, \u00e0 l&rsquo;a\u00e9roport de Tunis-Carthage, d\u00e9guis\u00e9e en femme handicap\u00e9e sur une chaise roulante. Elle portait un voile (quelle chastet\u00e9 !) et en possession d&rsquo;un passeport falsifi\u00e9. Elle \u00e9tait sur le point de quitter le pays.<\/p>\n","protected":false},"excerpt":{"rendered":"<p>Au temps o\u00f9 l&rsquo;on faisait la cour chez Saida Agrebi<\/p>\n","protected":false},"author":3222,"featured_media":365805,"comment_status":"open","ping_status":"closed","sticky":false,"template":"","format":"standard","meta":{"footnotes":""},"categories":[44],"tags":[],"class_list":["post-173038","post","type-post","status-publish","format-standard","has-post-thumbnail","hentry","category-national"],"yoast_head":"<!-- This site is optimized with the Yoast SEO Premium plugin v27.4 (Yoast SEO v27.4) - https:\/\/yoast.com\/product\/yoast-seo-premium-wordpress\/ -->\n<title>Au temps o\u00f9 l&#039;on faisait la cour chez Saida Agrebi<\/title>\n<meta name=\"description\" content=\"Au temps o\u00f9 l&#039;on faisait la cour chez Saida Agrebi\" \/>\n<link rel=\"canonical\" href=\"https:\/\/www.webdo.tn\/fr\/actualite\/national\/au-temps-ou-lon-faisait-la-cour-chez-saida-agrebi\/173038\/\" \/>\n<meta property=\"og:locale\" content=\"fr_FR\" \/>\n<meta property=\"og:type\" content=\"article\" \/>\n<meta property=\"og:title\" content=\"Au temps o\u00f9 l&#039;on faisait la cour chez Saida Agrebi\" \/>\n<meta property=\"og:description\" content=\"Au temps o\u00f9 l&#039;on faisait la cour chez Saida Agrebi\" \/>\n<meta property=\"og:url\" content=\"https:\/\/www.webdo.tn\/fr\/actualite\/national\/au-temps-ou-lon-faisait-la-cour-chez-saida-agrebi\/173038\/\" \/>\n<meta property=\"og:site_name\" content=\"webdo\" \/>\n<meta property=\"article:publisher\" content=\"https:\/\/www.facebook.com\/webdotn\" \/>\n<meta property=\"article:published_time\" content=\"2011-02-10T14:13:00+00:00\" \/>\n<meta property=\"og:image\" content=\"https:\/\/www.webdo.tn\/fr\/wp-content\/uploads\/2011\/02\/Saida-Agrebi.jpg\" \/>\n\t<meta property=\"og:image:width\" content=\"274\" \/>\n\t<meta property=\"og:image:height\" content=\"231\" \/>\n\t<meta property=\"og:image:type\" content=\"image\/jpeg\" \/>\n<meta name=\"author\" content=\"webdo.tn\" \/>\n<meta name=\"twitter:card\" content=\"summary_large_image\" \/>\n<meta name=\"twitter:creator\" content=\"@webdo_tn\" \/>\n<meta name=\"twitter:site\" content=\"@webdo_tn\" \/>\n<meta name=\"twitter:label1\" content=\"\u00c9crit par\" \/>\n\t<meta name=\"twitter:data1\" content=\"webdo.tn\" \/>\n\t<meta name=\"twitter:label2\" content=\"Dur\u00e9e de lecture estim\u00e9e\" \/>\n\t<meta name=\"twitter:data2\" content=\"1 minute\" \/>\n<script type=\"application\/ld+json\" class=\"yoast-schema-graph\">{\"@context\":\"https:\\\/\\\/schema.org\",\"@graph\":[{\"@type\":\"NewsArticle\",\"@id\":\"https:\\\/\\\/www.webdo.tn\\\/fr\\\/actualite\\\/national\\\/au-temps-ou-lon-faisait-la-cour-chez-saida-agrebi\\\/173038\\\/#article\",\"isPartOf\":{\"@id\":\"https:\\\/\\\/www.webdo.tn\\\/fr\\\/actualite\\\/national\\\/au-temps-ou-lon-faisait-la-cour-chez-saida-agrebi\\\/173038\\\/\"},\"author\":{\"name\":\"webdo.tn\",\"@id\":\"https:\\\/\\\/www.webdo.tn\\\/fr\\\/#\\\/schema\\\/person\\\/9a9c6118d687c117df8ef3cc36a4d175\"},\"headline\":\"Au temps o\u00f9 l&rsquo;on faisait la cour chez Saida Agrebi\",\"datePublished\":\"2011-02-10T14:13:00+00:00\",\"mainEntityOfPage\":{\"@id\":\"https:\\\/\\\/www.webdo.tn\\\/fr\\\/actualite\\\/national\\\/au-temps-ou-lon-faisait-la-cour-chez-saida-agrebi\\\/173038\\\/\"},\"wordCount\":315,\"commentCount\":0,\"publisher\":{\"@id\":\"https:\\\/\\\/www.webdo.tn\\\/fr\\\/#organization\"},\"image\":{\"@id\":\"https:\\\/\\\/www.webdo.tn\\\/fr\\\/actualite\\\/national\\\/au-temps-ou-lon-faisait-la-cour-chez-saida-agrebi\\\/173038\\\/#primaryimage\"},\"thumbnailUrl\":\"https:\\\/\\\/www.webdo.tn\\\/fr\\\/wp-content\\\/uploads\\\/2011\\\/02\\\/Saida-Agrebi.jpg\",\"articleSection\":[\"National\"],\"inLanguage\":\"fr-FR\"},{\"@type\":\"WebPage\",\"@id\":\"https:\\\/\\\/www.webdo.tn\\\/fr\\\/actualite\\\/national\\\/au-temps-ou-lon-faisait-la-cour-chez-saida-agrebi\\\/173038\\\/\",\"url\":\"https:\\\/\\\/www.webdo.tn\\\/fr\\\/actualite\\\/national\\\/au-temps-ou-lon-faisait-la-cour-chez-saida-agrebi\\\/173038\\\/\",\"name\":\"Au temps o\u00f9 l'on faisait la cour chez Saida Agrebi\",\"isPartOf\":{\"@id\":\"https:\\\/\\\/www.webdo.tn\\\/fr\\\/#website\"},\"primaryImageOfPage\":{\"@id\":\"https:\\\/\\\/www.webdo.tn\\\/fr\\\/actualite\\\/national\\\/au-temps-ou-lon-faisait-la-cour-chez-saida-agrebi\\\/173038\\\/#primaryimage\"},\"image\":{\"@id\":\"https:\\\/\\\/www.webdo.tn\\\/fr\\\/actualite\\\/national\\\/au-temps-ou-lon-faisait-la-cour-chez-saida-agrebi\\\/173038\\\/#primaryimage\"},\"thumbnailUrl\":\"https:\\\/\\\/www.webdo.tn\\\/fr\\\/wp-content\\\/uploads\\\/2011\\\/02\\\/Saida-Agrebi.jpg\",\"datePublished\":\"2011-02-10T14:13:00+00:00\",\"description\":\"Au temps o\u00f9 l'on faisait la cour chez Saida Agrebi\",\"breadcrumb\":{\"@id\":\"https:\\\/\\\/www.webdo.tn\\\/fr\\\/actualite\\\/national\\\/au-temps-ou-lon-faisait-la-cour-chez-saida-agrebi\\\/173038\\\/#breadcrumb\"},\"inLanguage\":\"fr-FR\",\"potentialAction\":[{\"@type\":\"ReadAction\",\"target\":[\"https:\\\/\\\/www.webdo.tn\\\/fr\\\/actualite\\\/national\\\/au-temps-ou-lon-faisait-la-cour-chez-saida-agrebi\\\/173038\\\/\"]}]},{\"@type\":\"ImageObject\",\"inLanguage\":\"fr-FR\",\"@id\":\"https:\\\/\\\/www.webdo.tn\\\/fr\\\/actualite\\\/national\\\/au-temps-ou-lon-faisait-la-cour-chez-saida-agrebi\\\/173038\\\/#primaryimage\",\"url\":\"https:\\\/\\\/www.webdo.tn\\\/fr\\\/wp-content\\\/uploads\\\/2011\\\/02\\\/Saida-Agrebi.jpg\",\"contentUrl\":\"https:\\\/\\\/www.webdo.tn\\\/fr\\\/wp-content\\\/uploads\\\/2011\\\/02\\\/Saida-Agrebi.jpg\",\"width\":274,\"height\":231,\"caption\":\"Au temps o\u00f9 l'on faisait la cour chez Saida Agrebi\"},{\"@type\":\"BreadcrumbList\",\"@id\":\"https:\\\/\\\/www.webdo.tn\\\/fr\\\/actualite\\\/national\\\/au-temps-ou-lon-faisait-la-cour-chez-saida-agrebi\\\/173038\\\/#breadcrumb\",\"itemListElement\":[{\"@type\":\"ListItem\",\"position\":1,\"name\":\"Accueil\",\"item\":\"https:\\\/\\\/www.webdo.tn\\\/fr\\\/\"},{\"@type\":\"ListItem\",\"position\":2,\"name\":\"Au temps o\u00f9 l&rsquo;on faisait la cour chez Saida Agrebi\"}]},{\"@type\":\"WebSite\",\"@id\":\"https:\\\/\\\/www.webdo.tn\\\/fr\\\/#website\",\"url\":\"https:\\\/\\\/www.webdo.tn\\\/fr\\\/\",\"name\":\"webdo\",\"description\":\"Tunisie - News en Tunisie et \u00e0 l&#039;international sur Webdo.tn\",\"publisher\":{\"@id\":\"https:\\\/\\\/www.webdo.tn\\\/fr\\\/#organization\"},\"potentialAction\":[{\"@type\":\"SearchAction\",\"target\":{\"@type\":\"EntryPoint\",\"urlTemplate\":\"https:\\\/\\\/www.webdo.tn\\\/fr\\\/?s={search_term_string}\"},\"query-input\":{\"@type\":\"PropertyValueSpecification\",\"valueRequired\":true,\"valueName\":\"search_term_string\"}}],\"inLanguage\":\"fr-FR\"},{\"@type\":\"Organization\",\"@id\":\"https:\\\/\\\/www.webdo.tn\\\/fr\\\/#organization\",\"name\":\"Webdo\",\"alternateName\":\"Webdo.tn\",\"url\":\"https:\\\/\\\/www.webdo.tn\\\/fr\\\/\",\"logo\":{\"@type\":\"ImageObject\",\"inLanguage\":\"fr-FR\",\"@id\":\"https:\\\/\\\/www.webdo.tn\\\/fr\\\/#\\\/schema\\\/logo\\\/image\\\/\",\"url\":\"https:\\\/\\\/www.webdo.tn\\\/fr\\\/wp-content\\\/uploads\\\/2025\\\/06\\\/Webdo-Tunisie_168377.jpg\",\"contentUrl\":\"https:\\\/\\\/www.webdo.tn\\\/fr\\\/wp-content\\\/uploads\\\/2025\\\/06\\\/Webdo-Tunisie_168377.jpg\",\"width\":301,\"height\":301,\"caption\":\"Webdo\"},\"image\":{\"@id\":\"https:\\\/\\\/www.webdo.tn\\\/fr\\\/#\\\/schema\\\/logo\\\/image\\\/\"},\"sameAs\":[\"https:\\\/\\\/www.facebook.com\\\/webdotn\",\"https:\\\/\\\/x.com\\\/webdo_tn\"],\"description\":\"Webdo est un m\u00e9dia num\u00e9rique tunisien fond\u00e9 en 2010, sp\u00e9cialis\u00e9 dans l\u2019actualit\u00e9 nationale et internationale, l\u2019\u00e9conomie, la soci\u00e9t\u00e9 et les analyses politiques. Le site s\u2019adresse \u00e0 un large public francophone et couvre l\u2019information tunisienne en temps r\u00e9el.\",\"email\":\"redac@webdo.tn\",\"legalName\":\"YNJ SARL\",\"foundingDate\":\"2010-09-06\",\"numberOfEmployees\":{\"@type\":\"QuantitativeValue\",\"minValue\":\"11\",\"maxValue\":\"50\"}},{\"@type\":\"Person\",\"@id\":\"https:\\\/\\\/www.webdo.tn\\\/fr\\\/#\\\/schema\\\/person\\\/9a9c6118d687c117df8ef3cc36a4d175\",\"name\":\"webdo.tn\",\"image\":{\"@type\":\"ImageObject\",\"inLanguage\":\"fr-FR\",\"@id\":\"https:\\\/\\\/secure.gravatar.com\\\/avatar\\\/7ce1f28c0c3bbac99ff550b85ef8e44a6950c6ee24514fb6a5489e51d06f0298?s=96&d=mm&r=g\",\"url\":\"https:\\\/\\\/secure.gravatar.com\\\/avatar\\\/7ce1f28c0c3bbac99ff550b85ef8e44a6950c6ee24514fb6a5489e51d06f0298?s=96&d=mm&r=g\",\"contentUrl\":\"https:\\\/\\\/secure.gravatar.com\\\/avatar\\\/7ce1f28c0c3bbac99ff550b85ef8e44a6950c6ee24514fb6a5489e51d06f0298?s=96&d=mm&r=g\",\"caption\":\"webdo.tn\"},\"url\":\"https:\\\/\\\/www.webdo.tn\\\/fr\\\/actualite\\\/author\\\/webdotn\\\/\"}]}<\/script>\n<!-- \/ Yoast SEO Premium plugin. -->","yoast_head_json":{"title":"Au temps o\u00f9 l'on faisait la cour chez Saida Agrebi","description":"Au temps o\u00f9 l'on faisait la cour chez Saida Agrebi","canonical":"https:\/\/www.webdo.tn\/fr\/actualite\/national\/au-temps-ou-lon-faisait-la-cour-chez-saida-agrebi\/173038\/","og_locale":"fr_FR","og_type":"article","og_title":"Au temps o\u00f9 l'on faisait la cour chez Saida Agrebi","og_description":"Au temps o\u00f9 l'on faisait la cour chez Saida Agrebi","og_url":"https:\/\/www.webdo.tn\/fr\/actualite\/national\/au-temps-ou-lon-faisait-la-cour-chez-saida-agrebi\/173038\/","og_site_name":"webdo","article_publisher":"https:\/\/www.facebook.com\/webdotn","article_published_time":"2011-02-10T14:13:00+00:00","og_image":[{"width":274,"height":231,"url":"https:\/\/www.webdo.tn\/fr\/wp-content\/uploads\/2011\/02\/Saida-Agrebi.jpg","type":"image\/jpeg"}],"author":"webdo.tn","twitter_card":"summary_large_image","twitter_creator":"@webdo_tn","twitter_site":"@webdo_tn","twitter_misc":{"\u00c9crit par":"webdo.tn","Dur\u00e9e de lecture estim\u00e9e":"1 minute"},"schema":{"@context":"https:\/\/schema.org","@graph":[{"@type":"NewsArticle","@id":"https:\/\/www.webdo.tn\/fr\/actualite\/national\/au-temps-ou-lon-faisait-la-cour-chez-saida-agrebi\/173038\/#article","isPartOf":{"@id":"https:\/\/www.webdo.tn\/fr\/actualite\/national\/au-temps-ou-lon-faisait-la-cour-chez-saida-agrebi\/173038\/"},"author":{"name":"webdo.tn","@id":"https:\/\/www.webdo.tn\/fr\/#\/schema\/person\/9a9c6118d687c117df8ef3cc36a4d175"},"headline":"Au temps o\u00f9 l&rsquo;on faisait la cour chez Saida Agrebi","datePublished":"2011-02-10T14:13:00+00:00","mainEntityOfPage":{"@id":"https:\/\/www.webdo.tn\/fr\/actualite\/national\/au-temps-ou-lon-faisait-la-cour-chez-saida-agrebi\/173038\/"},"wordCount":315,"commentCount":0,"publisher":{"@id":"https:\/\/www.webdo.tn\/fr\/#organization"},"image":{"@id":"https:\/\/www.webdo.tn\/fr\/actualite\/national\/au-temps-ou-lon-faisait-la-cour-chez-saida-agrebi\/173038\/#primaryimage"},"thumbnailUrl":"https:\/\/www.webdo.tn\/fr\/wp-content\/uploads\/2011\/02\/Saida-Agrebi.jpg","articleSection":["National"],"inLanguage":"fr-FR"},{"@type":"WebPage","@id":"https:\/\/www.webdo.tn\/fr\/actualite\/national\/au-temps-ou-lon-faisait-la-cour-chez-saida-agrebi\/173038\/","url":"https:\/\/www.webdo.tn\/fr\/actualite\/national\/au-temps-ou-lon-faisait-la-cour-chez-saida-agrebi\/173038\/","name":"Au temps o\u00f9 l'on faisait la cour chez Saida Agrebi","isPartOf":{"@id":"https:\/\/www.webdo.tn\/fr\/#website"},"primaryImageOfPage":{"@id":"https:\/\/www.webdo.tn\/fr\/actualite\/national\/au-temps-ou-lon-faisait-la-cour-chez-saida-agrebi\/173038\/#primaryimage"},"image":{"@id":"https:\/\/www.webdo.tn\/fr\/actualite\/national\/au-temps-ou-lon-faisait-la-cour-chez-saida-agrebi\/173038\/#primaryimage"},"thumbnailUrl":"https:\/\/www.webdo.tn\/fr\/wp-content\/uploads\/2011\/02\/Saida-Agrebi.jpg","datePublished":"2011-02-10T14:13:00+00:00","description":"Au temps o\u00f9 l'on faisait la cour chez Saida Agrebi","breadcrumb":{"@id":"https:\/\/www.webdo.tn\/fr\/actualite\/national\/au-temps-ou-lon-faisait-la-cour-chez-saida-agrebi\/173038\/#breadcrumb"},"inLanguage":"fr-FR","potentialAction":[{"@type":"ReadAction","target":["https:\/\/www.webdo.tn\/fr\/actualite\/national\/au-temps-ou-lon-faisait-la-cour-chez-saida-agrebi\/173038\/"]}]},{"@type":"ImageObject","inLanguage":"fr-FR","@id":"https:\/\/www.webdo.tn\/fr\/actualite\/national\/au-temps-ou-lon-faisait-la-cour-chez-saida-agrebi\/173038\/#primaryimage","url":"https:\/\/www.webdo.tn\/fr\/wp-content\/uploads\/2011\/02\/Saida-Agrebi.jpg","contentUrl":"https:\/\/www.webdo.tn\/fr\/wp-content\/uploads\/2011\/02\/Saida-Agrebi.jpg","width":274,"height":231,"caption":"Au temps o\u00f9 l'on faisait la cour chez Saida Agrebi"},{"@type":"BreadcrumbList","@id":"https:\/\/www.webdo.tn\/fr\/actualite\/national\/au-temps-ou-lon-faisait-la-cour-chez-saida-agrebi\/173038\/#breadcrumb","itemListElement":[{"@type":"ListItem","position":1,"name":"Accueil","item":"https:\/\/www.webdo.tn\/fr\/"},{"@type":"ListItem","position":2,"name":"Au temps o\u00f9 l&rsquo;on faisait la cour chez Saida Agrebi"}]},{"@type":"WebSite","@id":"https:\/\/www.webdo.tn\/fr\/#website","url":"https:\/\/www.webdo.tn\/fr\/","name":"webdo","description":"Tunisie - News en Tunisie et \u00e0 l&#039;international sur Webdo.tn","publisher":{"@id":"https:\/\/www.webdo.tn\/fr\/#organization"},"potentialAction":[{"@type":"SearchAction","target":{"@type":"EntryPoint","urlTemplate":"https:\/\/www.webdo.tn\/fr\/?s={search_term_string}"},"query-input":{"@type":"PropertyValueSpecification","valueRequired":true,"valueName":"search_term_string"}}],"inLanguage":"fr-FR"},{"@type":"Organization","@id":"https:\/\/www.webdo.tn\/fr\/#organization","name":"Webdo","alternateName":"Webdo.tn","url":"https:\/\/www.webdo.tn\/fr\/","logo":{"@type":"ImageObject","inLanguage":"fr-FR","@id":"https:\/\/www.webdo.tn\/fr\/#\/schema\/logo\/image\/","url":"https:\/\/www.webdo.tn\/fr\/wp-content\/uploads\/2025\/06\/Webdo-Tunisie_168377.jpg","contentUrl":"https:\/\/www.webdo.tn\/fr\/wp-content\/uploads\/2025\/06\/Webdo-Tunisie_168377.jpg","width":301,"height":301,"caption":"Webdo"},"image":{"@id":"https:\/\/www.webdo.tn\/fr\/#\/schema\/logo\/image\/"},"sameAs":["https:\/\/www.facebook.com\/webdotn","https:\/\/x.com\/webdo_tn"],"description":"Webdo est un m\u00e9dia num\u00e9rique tunisien fond\u00e9 en 2010, sp\u00e9cialis\u00e9 dans l\u2019actualit\u00e9 nationale et internationale, l\u2019\u00e9conomie, la soci\u00e9t\u00e9 et les analyses politiques. Le site s\u2019adresse \u00e0 un large public francophone et couvre l\u2019information tunisienne en temps r\u00e9el.","email":"redac@webdo.tn","legalName":"YNJ SARL","foundingDate":"2010-09-06","numberOfEmployees":{"@type":"QuantitativeValue","minValue":"11","maxValue":"50"}},{"@type":"Person","@id":"https:\/\/www.webdo.tn\/fr\/#\/schema\/person\/9a9c6118d687c117df8ef3cc36a4d175","name":"webdo.tn","image":{"@type":"ImageObject","inLanguage":"fr-FR","@id":"https:\/\/secure.gravatar.com\/avatar\/7ce1f28c0c3bbac99ff550b85ef8e44a6950c6ee24514fb6a5489e51d06f0298?s=96&d=mm&r=g","url":"https:\/\/secure.gravatar.com\/avatar\/7ce1f28c0c3bbac99ff550b85ef8e44a6950c6ee24514fb6a5489e51d06f0298?s=96&d=mm&r=g","contentUrl":"https:\/\/secure.gravatar.com\/avatar\/7ce1f28c0c3bbac99ff550b85ef8e44a6950c6ee24514fb6a5489e51d06f0298?s=96&d=mm&r=g","caption":"webdo.tn"},"url":"https:\/\/www.webdo.tn\/fr\/actualite\/author\/webdotn\/"}]}},"_links":{"self":[{"href":"https:\/\/www.webdo.tn\/fr\/wp-json\/wp\/v2\/posts\/173038","targetHints":{"allow":["GET"]}}],"collection":[{"href":"https:\/\/www.webdo.tn\/fr\/wp-json\/wp\/v2\/posts"}],"about":[{"href":"https:\/\/www.webdo.tn\/fr\/wp-json\/wp\/v2\/types\/post"}],"author":[{"embeddable":true,"href":"https:\/\/www.webdo.tn\/fr\/wp-json\/wp\/v2\/users\/3222"}],"replies":[{"embeddable":true,"href":"https:\/\/www.webdo.tn\/fr\/wp-json\/wp\/v2\/comments?post=173038"}],"version-history":[{"count":0,"href":"https:\/\/www.webdo.tn\/fr\/wp-json\/wp\/v2\/posts\/173038\/revisions"}],"wp:featuredmedia":[{"embeddable":true,"href":"https:\/\/www.webdo.tn\/fr\/wp-json\/wp\/v2\/media\/365805"}],"wp:attachment":[{"href":"https:\/\/www.webdo.tn\/fr\/wp-json\/wp\/v2\/media?parent=173038"}],"wp:term":[{"taxonomy":"category","embeddable":true,"href":"https:\/\/www.webdo.tn\/fr\/wp-json\/wp\/v2\/categories?post=173038"},{"taxonomy":"post_tag","embeddable":true,"href":"https:\/\/www.webdo.tn\/fr\/wp-json\/wp\/v2\/tags?post=173038"}],"curies":[{"name":"wp","href":"https:\/\/api.w.org\/{rel}","templated":true}]}}