{"id":173037,"date":"2011-02-11T10:22:00","date_gmt":"2011-02-11T10:22:00","guid":{"rendered":"https:\/\/www.webdo.tn\/fr\/actualite\/blog\/la-greve-de-sotrapil-est-elle-une-menace\/173037\/"},"modified":"2025-06-04T21:22:00","modified_gmt":"2025-06-04T21:22:00","slug":"la-greve-de-sotrapil-est-elle-une-menace","status":"publish","type":"post","link":"https:\/\/www.webdo.tn\/fr\/actualite\/national\/la-greve-de-sotrapil-est-elle-une-menace\/173037\/","title":{"rendered":"La gr\u00e8ve de Sotrapil est-elle une menace ?"},"content":{"rendered":"<p>Trois jours apr\u00e8s la rumeur de gr\u00e8ve des pompistes, qui s&rsquo;est av\u00e9r\u00e9e \u00eatre une gr\u00e8ve des transporteurs de soci\u00e9t\u00e9s p\u00e9troli\u00e8res priv\u00e9es, voil\u00e0 que les employ\u00e9s et les cadres de la soci\u00e9t\u00e9 de Transport des Hydrocarbures Par Pipelines (SOTRAPIL) sont entr\u00e9s en gr\u00e8ve, et ce depuis le 8 F\u00e9vrier 2011.<\/p>\n<p>Soci\u00e9t\u00e9 tr\u00e8s influente en Tunisie, elle assure le transport des hydrocarbures par pipeline de Bizerte \u00e0 Tunis. <\/p>\n<p>Elle alimente les r\u00e9servoirs du nord du pays et mais aussi du Sahel en carburant. Elle permet aussi le transport du k\u00e9ros\u00e8ne vers l&rsquo;A\u00e9roport de Tunis-Carthage.<\/p>\n<p>Les employ\u00e9s assurent que le pompage du produit raffin\u00e9 et du k\u00e9ros\u00e8ne qui se fait normalement le samedi n&rsquo;aura pas lieu si leurs demandes n\u2019\u00e9taient pas prises en compte. Ces employ\u00e9s d\u00e9noncent les abus de leurs cadres, par des d\u00e9tournements d\u2019argent et de grands projets au profit de l&rsquo;ancienne famille au pouvoir et pour leurs propres int\u00e9r\u00eats. Ils d\u00e9plorent \u00e9galement leurs conditions de travail dont les risques ne sont pas correctement \u00e9valu\u00e9s.<\/p>\n<p>La situation risque-t-elle de plonger la Tunisie dans le chaos ? Selon notre source, Abdelaziz Allouch, haut cadre de la soci\u00e9t\u00e9 Agil, ce n\u2019est pas le cas.<\/p>\n<p>\u00a0\u00bb La Tunisie dispose d\u2019assez de r\u00e9serves pour acheminer tout produit d&rsquo;hydrocarbure et ces d\u00e9riv\u00e9s pendant 30 jours&#8230; et dans le cas o\u00f9 la gr\u00e8ve de Sotrapil continue, on fera appel \u00e0 des entreprises \u00e9trang\u00e8res pour cabotage maritime, pour acheminer par mer entre des ports \u00ab\u00a0, explique A. Allouch.<\/p>\n<p>On annonce, chaque jour, une nouvelle gr\u00e8ve. Certains disent que ce ras le bol est tout \u00e0 fait normal, que les tunisiens revendiquent leurs besoins et leurs droits apr\u00e8s des ann\u00e9es de b\u00e2illonnement de leur libert\u00e9 d\u2019expression. D&rsquo;autres, en revanche, pensent que ce n&rsquo;est pas le moment et que cette situation va porter pr\u00e9judice au pays.<\/p>\n<p>N.B: Ci-jointes les revendications des employ\u00e9s et des cadres de SOTRAPIL (pour agrandir la photo: d\u00e8s que la photo est ouverte dans une autre fen\u00eatre, veuillez cliquer une autre fois !)<\/p>\n","protected":false},"excerpt":{"rendered":"<p>La gr\u00e8ve de Sotrapil est-elle une menace ? <\/p>\n","protected":false},"author":3222,"featured_media":365806,"comment_status":"open","ping_status":"closed","sticky":false,"template":"","format":"standard","meta":{"footnotes":""},"categories":[44],"tags":[],"class_list":["post-173037","post","type-post","status-publish","format-standard","has-post-thumbnail","hentry","category-national"],"yoast_head":"<!-- This site is optimized with the Yoast SEO Premium plugin v27.4 (Yoast SEO v27.4) - https:\/\/yoast.com\/product\/yoast-seo-premium-wordpress\/ -->\n<title>La gr\u00e8ve de Sotrapil est-elle une menace ?<\/title>\n<meta name=\"description\" content=\"La gr\u00e8ve de Sotrapil est-elle une menace ?\" \/>\n<link rel=\"canonical\" href=\"https:\/\/www.webdo.tn\/fr\/actualite\/national\/la-greve-de-sotrapil-est-elle-une-menace\/173037\/\" \/>\n<meta property=\"og:locale\" content=\"fr_FR\" \/>\n<meta property=\"og:type\" content=\"article\" \/>\n<meta property=\"og:title\" content=\"La gr\u00e8ve de Sotrapil est-elle une menace ?\" \/>\n<meta property=\"og:description\" content=\"La gr\u00e8ve de Sotrapil est-elle une menace ?\" \/>\n<meta property=\"og:url\" content=\"https:\/\/www.webdo.tn\/fr\/actualite\/national\/la-greve-de-sotrapil-est-elle-une-menace\/173037\/\" \/>\n<meta property=\"og:site_name\" content=\"webdo\" \/>\n<meta property=\"article:publisher\" content=\"https:\/\/www.facebook.com\/webdotn\" \/>\n<meta property=\"article:published_time\" content=\"2011-02-11T10:22:00+00:00\" \/>\n<meta property=\"article:modified_time\" content=\"2025-06-04T21:22:00+00:00\" \/>\n<meta property=\"og:image\" content=\"https:\/\/www.webdo.tn\/fr\/wp-content\/uploads\/2011\/02\/10022011709-300x178-1.jpg\" \/>\n\t<meta property=\"og:image:width\" content=\"300\" \/>\n\t<meta property=\"og:image:height\" content=\"178\" \/>\n\t<meta property=\"og:image:type\" content=\"image\/jpeg\" \/>\n<meta name=\"author\" content=\"webdo.tn\" \/>\n<meta name=\"twitter:card\" content=\"summary_large_image\" \/>\n<meta name=\"twitter:creator\" content=\"@webdo_tn\" \/>\n<meta name=\"twitter:site\" content=\"@webdo_tn\" \/>\n<meta name=\"twitter:label1\" content=\"\u00c9crit par\" \/>\n\t<meta name=\"twitter:data1\" content=\"webdo.tn\" \/>\n\t<meta name=\"twitter:label2\" content=\"Dur\u00e9e de lecture estim\u00e9e\" \/>\n\t<meta name=\"twitter:data2\" content=\"2 minutes\" \/>\n<script type=\"application\/ld+json\" class=\"yoast-schema-graph\">{\"@context\":\"https:\\\/\\\/schema.org\",\"@graph\":[{\"@type\":\"NewsArticle\",\"@id\":\"https:\\\/\\\/www.webdo.tn\\\/fr\\\/actualite\\\/national\\\/la-greve-de-sotrapil-est-elle-une-menace\\\/173037\\\/#article\",\"isPartOf\":{\"@id\":\"https:\\\/\\\/www.webdo.tn\\\/fr\\\/actualite\\\/national\\\/la-greve-de-sotrapil-est-elle-une-menace\\\/173037\\\/\"},\"author\":{\"name\":\"webdo.tn\",\"@id\":\"https:\\\/\\\/www.webdo.tn\\\/fr\\\/#\\\/schema\\\/person\\\/9a9c6118d687c117df8ef3cc36a4d175\"},\"headline\":\"La gr\u00e8ve de Sotrapil est-elle une menace ?\",\"datePublished\":\"2011-02-11T10:22:00+00:00\",\"dateModified\":\"2025-06-04T21:22:00+00:00\",\"mainEntityOfPage\":{\"@id\":\"https:\\\/\\\/www.webdo.tn\\\/fr\\\/actualite\\\/national\\\/la-greve-de-sotrapil-est-elle-une-menace\\\/173037\\\/\"},\"wordCount\":383,\"commentCount\":0,\"publisher\":{\"@id\":\"https:\\\/\\\/www.webdo.tn\\\/fr\\\/#organization\"},\"image\":{\"@id\":\"https:\\\/\\\/www.webdo.tn\\\/fr\\\/actualite\\\/national\\\/la-greve-de-sotrapil-est-elle-une-menace\\\/173037\\\/#primaryimage\"},\"thumbnailUrl\":\"https:\\\/\\\/www.webdo.tn\\\/fr\\\/wp-content\\\/uploads\\\/2011\\\/02\\\/10022011709-300x178-1.jpg\",\"articleSection\":[\"National\"],\"inLanguage\":\"fr-FR\"},{\"@type\":\"WebPage\",\"@id\":\"https:\\\/\\\/www.webdo.tn\\\/fr\\\/actualite\\\/national\\\/la-greve-de-sotrapil-est-elle-une-menace\\\/173037\\\/\",\"url\":\"https:\\\/\\\/www.webdo.tn\\\/fr\\\/actualite\\\/national\\\/la-greve-de-sotrapil-est-elle-une-menace\\\/173037\\\/\",\"name\":\"La gr\u00e8ve de Sotrapil est-elle une menace ?\",\"isPartOf\":{\"@id\":\"https:\\\/\\\/www.webdo.tn\\\/fr\\\/#website\"},\"primaryImageOfPage\":{\"@id\":\"https:\\\/\\\/www.webdo.tn\\\/fr\\\/actualite\\\/national\\\/la-greve-de-sotrapil-est-elle-une-menace\\\/173037\\\/#primaryimage\"},\"image\":{\"@id\":\"https:\\\/\\\/www.webdo.tn\\\/fr\\\/actualite\\\/national\\\/la-greve-de-sotrapil-est-elle-une-menace\\\/173037\\\/#primaryimage\"},\"thumbnailUrl\":\"https:\\\/\\\/www.webdo.tn\\\/fr\\\/wp-content\\\/uploads\\\/2011\\\/02\\\/10022011709-300x178-1.jpg\",\"datePublished\":\"2011-02-11T10:22:00+00:00\",\"dateModified\":\"2025-06-04T21:22:00+00:00\",\"description\":\"La gr\u00e8ve de Sotrapil est-elle une menace ?\",\"breadcrumb\":{\"@id\":\"https:\\\/\\\/www.webdo.tn\\\/fr\\\/actualite\\\/national\\\/la-greve-de-sotrapil-est-elle-une-menace\\\/173037\\\/#breadcrumb\"},\"inLanguage\":\"fr-FR\",\"potentialAction\":[{\"@type\":\"ReadAction\",\"target\":[\"https:\\\/\\\/www.webdo.tn\\\/fr\\\/actualite\\\/national\\\/la-greve-de-sotrapil-est-elle-une-menace\\\/173037\\\/\"]}]},{\"@type\":\"ImageObject\",\"inLanguage\":\"fr-FR\",\"@id\":\"https:\\\/\\\/www.webdo.tn\\\/fr\\\/actualite\\\/national\\\/la-greve-de-sotrapil-est-elle-une-menace\\\/173037\\\/#primaryimage\",\"url\":\"https:\\\/\\\/www.webdo.tn\\\/fr\\\/wp-content\\\/uploads\\\/2011\\\/02\\\/10022011709-300x178-1.jpg\",\"contentUrl\":\"https:\\\/\\\/www.webdo.tn\\\/fr\\\/wp-content\\\/uploads\\\/2011\\\/02\\\/10022011709-300x178-1.jpg\",\"width\":300,\"height\":178,\"caption\":\"La gr\u00e8ve de Sotrapil est-elle une menace ?\"},{\"@type\":\"BreadcrumbList\",\"@id\":\"https:\\\/\\\/www.webdo.tn\\\/fr\\\/actualite\\\/national\\\/la-greve-de-sotrapil-est-elle-une-menace\\\/173037\\\/#breadcrumb\",\"itemListElement\":[{\"@type\":\"ListItem\",\"position\":1,\"name\":\"Accueil\",\"item\":\"https:\\\/\\\/www.webdo.tn\\\/fr\\\/\"},{\"@type\":\"ListItem\",\"position\":2,\"name\":\"La gr\u00e8ve de Sotrapil est-elle une menace ?\"}]},{\"@type\":\"WebSite\",\"@id\":\"https:\\\/\\\/www.webdo.tn\\\/fr\\\/#website\",\"url\":\"https:\\\/\\\/www.webdo.tn\\\/fr\\\/\",\"name\":\"webdo\",\"description\":\"Tunisie - News en Tunisie et \u00e0 l&#039;international sur Webdo.tn\",\"publisher\":{\"@id\":\"https:\\\/\\\/www.webdo.tn\\\/fr\\\/#organization\"},\"potentialAction\":[{\"@type\":\"SearchAction\",\"target\":{\"@type\":\"EntryPoint\",\"urlTemplate\":\"https:\\\/\\\/www.webdo.tn\\\/fr\\\/?s={search_term_string}\"},\"query-input\":{\"@type\":\"PropertyValueSpecification\",\"valueRequired\":true,\"valueName\":\"search_term_string\"}}],\"inLanguage\":\"fr-FR\"},{\"@type\":\"Organization\",\"@id\":\"https:\\\/\\\/www.webdo.tn\\\/fr\\\/#organization\",\"name\":\"Webdo\",\"alternateName\":\"Webdo.tn\",\"url\":\"https:\\\/\\\/www.webdo.tn\\\/fr\\\/\",\"logo\":{\"@type\":\"ImageObject\",\"inLanguage\":\"fr-FR\",\"@id\":\"https:\\\/\\\/www.webdo.tn\\\/fr\\\/#\\\/schema\\\/logo\\\/image\\\/\",\"url\":\"https:\\\/\\\/www.webdo.tn\\\/fr\\\/wp-content\\\/uploads\\\/2025\\\/06\\\/Webdo-Tunisie_168377.jpg\",\"contentUrl\":\"https:\\\/\\\/www.webdo.tn\\\/fr\\\/wp-content\\\/uploads\\\/2025\\\/06\\\/Webdo-Tunisie_168377.jpg\",\"width\":301,\"height\":301,\"caption\":\"Webdo\"},\"image\":{\"@id\":\"https:\\\/\\\/www.webdo.tn\\\/fr\\\/#\\\/schema\\\/logo\\\/image\\\/\"},\"sameAs\":[\"https:\\\/\\\/www.facebook.com\\\/webdotn\",\"https:\\\/\\\/x.com\\\/webdo_tn\"],\"description\":\"Webdo est un m\u00e9dia num\u00e9rique tunisien fond\u00e9 en 2010, sp\u00e9cialis\u00e9 dans l\u2019actualit\u00e9 nationale et internationale, l\u2019\u00e9conomie, la soci\u00e9t\u00e9 et les analyses politiques. Le site s\u2019adresse \u00e0 un large public francophone et couvre l\u2019information tunisienne en temps r\u00e9el.\",\"email\":\"redac@webdo.tn\",\"legalName\":\"YNJ SARL\",\"foundingDate\":\"2010-09-06\",\"numberOfEmployees\":{\"@type\":\"QuantitativeValue\",\"minValue\":\"11\",\"maxValue\":\"50\"}},{\"@type\":\"Person\",\"@id\":\"https:\\\/\\\/www.webdo.tn\\\/fr\\\/#\\\/schema\\\/person\\\/9a9c6118d687c117df8ef3cc36a4d175\",\"name\":\"webdo.tn\",\"image\":{\"@type\":\"ImageObject\",\"inLanguage\":\"fr-FR\",\"@id\":\"https:\\\/\\\/secure.gravatar.com\\\/avatar\\\/7ce1f28c0c3bbac99ff550b85ef8e44a6950c6ee24514fb6a5489e51d06f0298?s=96&d=mm&r=g\",\"url\":\"https:\\\/\\\/secure.gravatar.com\\\/avatar\\\/7ce1f28c0c3bbac99ff550b85ef8e44a6950c6ee24514fb6a5489e51d06f0298?s=96&d=mm&r=g\",\"contentUrl\":\"https:\\\/\\\/secure.gravatar.com\\\/avatar\\\/7ce1f28c0c3bbac99ff550b85ef8e44a6950c6ee24514fb6a5489e51d06f0298?s=96&d=mm&r=g\",\"caption\":\"webdo.tn\"},\"url\":\"https:\\\/\\\/www.webdo.tn\\\/fr\\\/actualite\\\/author\\\/webdotn\\\/\"}]}<\/script>\n<!-- \/ Yoast SEO Premium plugin. -->","yoast_head_json":{"title":"La gr\u00e8ve de Sotrapil est-elle une menace ?","description":"La gr\u00e8ve de Sotrapil est-elle une menace ?","canonical":"https:\/\/www.webdo.tn\/fr\/actualite\/national\/la-greve-de-sotrapil-est-elle-une-menace\/173037\/","og_locale":"fr_FR","og_type":"article","og_title":"La gr\u00e8ve de Sotrapil est-elle une menace ?","og_description":"La gr\u00e8ve de Sotrapil est-elle une menace ?","og_url":"https:\/\/www.webdo.tn\/fr\/actualite\/national\/la-greve-de-sotrapil-est-elle-une-menace\/173037\/","og_site_name":"webdo","article_publisher":"https:\/\/www.facebook.com\/webdotn","article_published_time":"2011-02-11T10:22:00+00:00","article_modified_time":"2025-06-04T21:22:00+00:00","og_image":[{"width":300,"height":178,"url":"https:\/\/www.webdo.tn\/fr\/wp-content\/uploads\/2011\/02\/10022011709-300x178-1.jpg","type":"image\/jpeg"}],"author":"webdo.tn","twitter_card":"summary_large_image","twitter_creator":"@webdo_tn","twitter_site":"@webdo_tn","twitter_misc":{"\u00c9crit par":"webdo.tn","Dur\u00e9e de lecture estim\u00e9e":"2 minutes"},"schema":{"@context":"https:\/\/schema.org","@graph":[{"@type":"NewsArticle","@id":"https:\/\/www.webdo.tn\/fr\/actualite\/national\/la-greve-de-sotrapil-est-elle-une-menace\/173037\/#article","isPartOf":{"@id":"https:\/\/www.webdo.tn\/fr\/actualite\/national\/la-greve-de-sotrapil-est-elle-une-menace\/173037\/"},"author":{"name":"webdo.tn","@id":"https:\/\/www.webdo.tn\/fr\/#\/schema\/person\/9a9c6118d687c117df8ef3cc36a4d175"},"headline":"La gr\u00e8ve de Sotrapil est-elle une menace ?","datePublished":"2011-02-11T10:22:00+00:00","dateModified":"2025-06-04T21:22:00+00:00","mainEntityOfPage":{"@id":"https:\/\/www.webdo.tn\/fr\/actualite\/national\/la-greve-de-sotrapil-est-elle-une-menace\/173037\/"},"wordCount":383,"commentCount":0,"publisher":{"@id":"https:\/\/www.webdo.tn\/fr\/#organization"},"image":{"@id":"https:\/\/www.webdo.tn\/fr\/actualite\/national\/la-greve-de-sotrapil-est-elle-une-menace\/173037\/#primaryimage"},"thumbnailUrl":"https:\/\/www.webdo.tn\/fr\/wp-content\/uploads\/2011\/02\/10022011709-300x178-1.jpg","articleSection":["National"],"inLanguage":"fr-FR"},{"@type":"WebPage","@id":"https:\/\/www.webdo.tn\/fr\/actualite\/national\/la-greve-de-sotrapil-est-elle-une-menace\/173037\/","url":"https:\/\/www.webdo.tn\/fr\/actualite\/national\/la-greve-de-sotrapil-est-elle-une-menace\/173037\/","name":"La gr\u00e8ve de Sotrapil est-elle une menace ?","isPartOf":{"@id":"https:\/\/www.webdo.tn\/fr\/#website"},"primaryImageOfPage":{"@id":"https:\/\/www.webdo.tn\/fr\/actualite\/national\/la-greve-de-sotrapil-est-elle-une-menace\/173037\/#primaryimage"},"image":{"@id":"https:\/\/www.webdo.tn\/fr\/actualite\/national\/la-greve-de-sotrapil-est-elle-une-menace\/173037\/#primaryimage"},"thumbnailUrl":"https:\/\/www.webdo.tn\/fr\/wp-content\/uploads\/2011\/02\/10022011709-300x178-1.jpg","datePublished":"2011-02-11T10:22:00+00:00","dateModified":"2025-06-04T21:22:00+00:00","description":"La gr\u00e8ve de Sotrapil est-elle une menace ?","breadcrumb":{"@id":"https:\/\/www.webdo.tn\/fr\/actualite\/national\/la-greve-de-sotrapil-est-elle-une-menace\/173037\/#breadcrumb"},"inLanguage":"fr-FR","potentialAction":[{"@type":"ReadAction","target":["https:\/\/www.webdo.tn\/fr\/actualite\/national\/la-greve-de-sotrapil-est-elle-une-menace\/173037\/"]}]},{"@type":"ImageObject","inLanguage":"fr-FR","@id":"https:\/\/www.webdo.tn\/fr\/actualite\/national\/la-greve-de-sotrapil-est-elle-une-menace\/173037\/#primaryimage","url":"https:\/\/www.webdo.tn\/fr\/wp-content\/uploads\/2011\/02\/10022011709-300x178-1.jpg","contentUrl":"https:\/\/www.webdo.tn\/fr\/wp-content\/uploads\/2011\/02\/10022011709-300x178-1.jpg","width":300,"height":178,"caption":"La gr\u00e8ve de Sotrapil est-elle une menace ?"},{"@type":"BreadcrumbList","@id":"https:\/\/www.webdo.tn\/fr\/actualite\/national\/la-greve-de-sotrapil-est-elle-une-menace\/173037\/#breadcrumb","itemListElement":[{"@type":"ListItem","position":1,"name":"Accueil","item":"https:\/\/www.webdo.tn\/fr\/"},{"@type":"ListItem","position":2,"name":"La gr\u00e8ve de Sotrapil est-elle une menace ?"}]},{"@type":"WebSite","@id":"https:\/\/www.webdo.tn\/fr\/#website","url":"https:\/\/www.webdo.tn\/fr\/","name":"webdo","description":"Tunisie - News en Tunisie et \u00e0 l&#039;international sur Webdo.tn","publisher":{"@id":"https:\/\/www.webdo.tn\/fr\/#organization"},"potentialAction":[{"@type":"SearchAction","target":{"@type":"EntryPoint","urlTemplate":"https:\/\/www.webdo.tn\/fr\/?s={search_term_string}"},"query-input":{"@type":"PropertyValueSpecification","valueRequired":true,"valueName":"search_term_string"}}],"inLanguage":"fr-FR"},{"@type":"Organization","@id":"https:\/\/www.webdo.tn\/fr\/#organization","name":"Webdo","alternateName":"Webdo.tn","url":"https:\/\/www.webdo.tn\/fr\/","logo":{"@type":"ImageObject","inLanguage":"fr-FR","@id":"https:\/\/www.webdo.tn\/fr\/#\/schema\/logo\/image\/","url":"https:\/\/www.webdo.tn\/fr\/wp-content\/uploads\/2025\/06\/Webdo-Tunisie_168377.jpg","contentUrl":"https:\/\/www.webdo.tn\/fr\/wp-content\/uploads\/2025\/06\/Webdo-Tunisie_168377.jpg","width":301,"height":301,"caption":"Webdo"},"image":{"@id":"https:\/\/www.webdo.tn\/fr\/#\/schema\/logo\/image\/"},"sameAs":["https:\/\/www.facebook.com\/webdotn","https:\/\/x.com\/webdo_tn"],"description":"Webdo est un m\u00e9dia num\u00e9rique tunisien fond\u00e9 en 2010, sp\u00e9cialis\u00e9 dans l\u2019actualit\u00e9 nationale et internationale, l\u2019\u00e9conomie, la soci\u00e9t\u00e9 et les analyses politiques. Le site s\u2019adresse \u00e0 un large public francophone et couvre l\u2019information tunisienne en temps r\u00e9el.","email":"redac@webdo.tn","legalName":"YNJ SARL","foundingDate":"2010-09-06","numberOfEmployees":{"@type":"QuantitativeValue","minValue":"11","maxValue":"50"}},{"@type":"Person","@id":"https:\/\/www.webdo.tn\/fr\/#\/schema\/person\/9a9c6118d687c117df8ef3cc36a4d175","name":"webdo.tn","image":{"@type":"ImageObject","inLanguage":"fr-FR","@id":"https:\/\/secure.gravatar.com\/avatar\/7ce1f28c0c3bbac99ff550b85ef8e44a6950c6ee24514fb6a5489e51d06f0298?s=96&d=mm&r=g","url":"https:\/\/secure.gravatar.com\/avatar\/7ce1f28c0c3bbac99ff550b85ef8e44a6950c6ee24514fb6a5489e51d06f0298?s=96&d=mm&r=g","contentUrl":"https:\/\/secure.gravatar.com\/avatar\/7ce1f28c0c3bbac99ff550b85ef8e44a6950c6ee24514fb6a5489e51d06f0298?s=96&d=mm&r=g","caption":"webdo.tn"},"url":"https:\/\/www.webdo.tn\/fr\/actualite\/author\/webdotn\/"}]}},"_links":{"self":[{"href":"https:\/\/www.webdo.tn\/fr\/wp-json\/wp\/v2\/posts\/173037","targetHints":{"allow":["GET"]}}],"collection":[{"href":"https:\/\/www.webdo.tn\/fr\/wp-json\/wp\/v2\/posts"}],"about":[{"href":"https:\/\/www.webdo.tn\/fr\/wp-json\/wp\/v2\/types\/post"}],"author":[{"embeddable":true,"href":"https:\/\/www.webdo.tn\/fr\/wp-json\/wp\/v2\/users\/3222"}],"replies":[{"embeddable":true,"href":"https:\/\/www.webdo.tn\/fr\/wp-json\/wp\/v2\/comments?post=173037"}],"version-history":[{"count":0,"href":"https:\/\/www.webdo.tn\/fr\/wp-json\/wp\/v2\/posts\/173037\/revisions"}],"wp:featuredmedia":[{"embeddable":true,"href":"https:\/\/www.webdo.tn\/fr\/wp-json\/wp\/v2\/media\/365806"}],"wp:attachment":[{"href":"https:\/\/www.webdo.tn\/fr\/wp-json\/wp\/v2\/media?parent=173037"}],"wp:term":[{"taxonomy":"category","embeddable":true,"href":"https:\/\/www.webdo.tn\/fr\/wp-json\/wp\/v2\/categories?post=173037"},{"taxonomy":"post_tag","embeddable":true,"href":"https:\/\/www.webdo.tn\/fr\/wp-json\/wp\/v2\/tags?post=173037"}],"curies":[{"name":"wp","href":"https:\/\/api.w.org\/{rel}","templated":true}]}}