{"id":173034,"date":"2011-02-13T08:53:00","date_gmt":"2011-02-13T08:53:00","guid":{"rendered":"https:\/\/www.webdo.tn\/fr\/actualite\/blog\/le-monde-arabe-israel-et-la-democratie\/173034\/"},"modified":"2011-02-13T08:53:00","modified_gmt":"2011-02-13T08:53:00","slug":"le-monde-arabe-israel-et-la-democratie","status":"publish","type":"post","link":"https:\/\/www.webdo.tn\/fr\/actualite\/national\/le-monde-arabe-israel-et-la-democratie\/173034\/","title":{"rendered":"Le monde arabe, Isra\u00ebl et la d\u00e9mocratie"},"content":{"rendered":"<p>Il y a une bonne quinzaine d&rsquo;ann\u00e9es j&rsquo;ai r\u00e9dig\u00e9 un texte \u00e0 propos du lien tabou entre l&rsquo;absence de d\u00e9mocratie dans le monde arabe et les int\u00e9r\u00eats strat\u00e9giques d&rsquo;Isra\u00ebl. Cette analyse venait en r\u00e9action \u00e0 une phrase que l&rsquo;on entend presque toujours d\u00e8s lors que l&rsquo;on aborde la situation au Proche-Orient. \u00abIsra\u00ebl est la seule d\u00e9mocratie dans la r\u00e9gion\u00bb : voil\u00e0 l&rsquo;argument qui est cens\u00e9 faire taire tous ceux qui critiquent ce pays pour le sort qu&rsquo;il inflige aux Palestiniens\u00bb. Le raisonnement est connu : Entour\u00e9 de dictatures arabes hostiles, Isra\u00ebl m\u00e9riterait le respect et l&rsquo;indulgence tout en ayant le droit de se d\u00e9fendre par tous les moyens.<\/p>\n<p>Dans mon texte, j&rsquo;ai d&rsquo;abord commenc\u00e9 par poser une simple question. Si Isra\u00ebl est une d\u00e9mocratie, pour qui l&rsquo;est-elle ? Pour les Isra\u00e9liens ? Assur\u00e9ment, m\u00eame si on peut critiquer la militarisation de sa classe politique et le blocage de son syst\u00e8me \u00e9lectoral qui fait que ce pays devient de plus en plus ingouvernable. Je n&rsquo;ai aucun probl\u00e8me \u00e0 reconna\u00eetre qu&rsquo;Isra\u00ebl est, pour ses citoyens, une d\u00e9mocratie et un Etat de droit. Mais est-ce le cas pour les Arabes isra\u00e9liens ? Pas s\u00fbr. Est-ce le cas pour les Palestiniens, qui sont, pour le moment et qu&rsquo;on le veuille ou non, des Isra\u00e9liens sans statut ni papiers : absolument pas.<\/p>\n<p>Mais tel n&rsquo;\u00e9tait pas l&rsquo;objectif prioritaire de l&rsquo;analyse. Dans cette opinion, j&rsquo;ai essay\u00e9 de mettre en lumi\u00e8re ce curieux paradoxe qui consiste \u00e0 d\u00e9plorer l&rsquo;absence de d\u00e9mocratie dans le monde arabe sans vraiment soutenir le changement et sans avoir le courage d&rsquo;avouer que cette m\u00eame absence de d\u00e9mocratie a souvent fait l&rsquo;affaire d&rsquo;Isra\u00ebl. Et pour illustrer mon raisonnement, j&rsquo;ai pris l&rsquo;exemple de l&rsquo;Egypte. Un cas concret qui est d&rsquo;actualit\u00e9 comme le montrent les cris d&rsquo;orfraie que poussent certains politiques et intellectuels fran\u00e7ais face \u00e0 la perspective d&rsquo;une chute du r\u00e9gime de Moubarak, un grand d\u00e9mocrate comme chacun le sait<\/p>\n<p>Le raisonnement est tr\u00e8s simple. Est-ce que le peuple \u00e9gyptien aurait accept\u00e9 les accords de Camp David s&rsquo;il avait eu le droit de donner son avis et, surtout, si cet avis avait compt\u00e9 ? Peut-\u00eatre que oui. Mais ce peuple aurait certainement impos\u00e9 \u00e0 ses dirigeants de l&rsquo;\u00e9poque une plus grande s\u00e9v\u00e9rit\u00e9 \u00e0 l&rsquo;\u00e9gard d&rsquo;Isra\u00ebl et, surtout une plus grande vigilance dans l&rsquo;application d&rsquo;un trait\u00e9 de paix qui, rappelons-le au passage, devait aussi conduire au r\u00e8glement de la question palestinienne. C&rsquo;\u00e9tait en 1978, et l&rsquo;on attend toujours la naissance d&rsquo;un Etat Palestinien&#8230; En r\u00e9alit\u00e9, c&rsquo;est bien parce que Sadate \u00e9tait un dictateur qu&rsquo;il a pu signer la paix contre l&rsquo;avis de son peuple et d&rsquo;une grande partie de la diplomatie \u00e9gyptienne qui consid\u00e9rait que le ra\u00efs avait \u00e9t\u00e9 trop vite et trop loin dans les concessions. Au passage, relevons que c&rsquo;est aussi parce que les Jordaniens n&rsquo;ont pas leur mot \u00e0 dire que leur roi a sign\u00e9 la paix avec Isra\u00ebl. L\u00e0 aussi, la dictature s&rsquo;est av\u00e9r\u00e9e \u00eatre bien utile pour Tel Aviv.<\/p>\n<p>Autre question : imaginons aujou-rd&rsquo;hui que l&rsquo;Egypte devienne une d\u00e9mocratie o\u00f9 le peuple aurait son bulletin de vote \u00e0 faire valoir ? Qui peut jurer qu&rsquo;un r\u00e9f\u00e9rendum ne m\u00e8nera pas \u00e0 la remise en cause de ces accords de Camp David ? Il n&rsquo;y a pas que les Fr\u00e8res musulmans qui sont hostiles \u00e0 l&rsquo;Etat h\u00e9breu ou qui sont solidaires de la cause palestinienne. C&rsquo;est toute une soci\u00e9t\u00e9, y compris la haute bourgeoisie \u00e9gyptienne, qui vit dans une dr\u00f4le de schizophr\u00e9nie. D&rsquo;un c\u00f4te, il lui faut assumer la paix avec Isra\u00ebl, de l&rsquo;autre, elle se laisse aller parfois aux pires diatribes antis\u00e9mites.<\/p>\n<p>Pour autant, il y a tr\u00e8s peu de risque que le peuple \u00e9gyptien r\u00e9clame une nouvelle guerre contre Isra\u00ebl. Bien au contraire, la libert\u00e9 recouvr\u00e9e le poussera plut\u00f4t \u00e0 pr\u00e9server cet acquis plut\u00f4t que de s&rsquo;engager dans une aventure risqu\u00e9e. Cela devrait rassurer les charlatans m\u00e9diatiques qui, \u00e0 Paris, multiplient les circonvolutions pour nous expliquer sans para\u00eetre le faire que, finalement, il n&rsquo;y a que la dictature qui convienne aux arabes.<\/p>\n<p>On dit souvent que les d\u00e9mocraties ne se font pas la guerre. Pourquoi cette r\u00e8gle ne s&rsquo;appliquerait-elle pas au monde arabe ? D\u00e9barrass\u00e9s de Moubarak et de sa client\u00e8le, les Egyptiens ont la possibilit\u00e9 de se choisir un gouvernement l\u00e9gitime. Ce dernier, r\u00e9p\u00e9tons-le, ne va pas d\u00e9clarer la guerre \u00e0 Isra\u00ebl et je ne pense pas non plus qu&rsquo;il remettra en cause Camp David. Mais si elles ne se font pas la guerre, les d\u00e9mocraties ne se font pas non plus de cadeaux. Plut\u00f4t que d&rsquo;\u00eatre un partenaire passif comme l&rsquo;a \u00e9t\u00e9 l&rsquo;Egypte depuis 1978, ce pays p\u00e8sera donc de tout son poids pour que les droits des Palestiniens soient enfin respect\u00e9s.<\/p>\n<p>Isra\u00ebl devra donc composer de mani\u00e8re plus s\u00e9rieuse avec Le Caire. C&rsquo;est peut-\u00eatre cette situation et la n\u00e9cessit\u00e9 de garder de bonnes relations avec son voisin arabe qui obligera le gouvernement Netanyahou ou celui qui le suivra de faire enfin des concessions s\u00e9rieuses \u00e0 propos des Palestiniens. Une chose que personne, pas m\u00eame les Etats-Unis, ne semblent capables aujourd&rsquo;hui d&rsquo;imposer. Voil\u00e0 donc le fond du probl\u00e8me. Celles et ceux qui agitent le spectre de l&rsquo;islamisme pour d\u00e9cr\u00e9dibiliser une Egypte enfin libre le savent tr\u00e8s bien. Ce n&rsquo;est pas la paix et la s\u00e9curit\u00e9 d&rsquo;Isra\u00ebl qui sont en jeu mais la p\u00e9rennit\u00e9 de son intransigeance dans les n\u00e9gociations avec les Palestiniens.<br \/>\nTerminons enfin par cette pr\u00e9cision. Le texte dont je fais mention au d\u00e9but de cette chronique n&rsquo;a jamais \u00e9t\u00e9 publi\u00e9. Soumis aux pages opinions de la majorit\u00e9 des publications, il a \u00e9t\u00e9 poliment rejet\u00e9 y compris par un grand quotidien du soir dont un responsable m&rsquo;avait expliqu\u00e9, un peu g\u00ean\u00e9, qu&rsquo;il y d\u00e9celait un \u00abpropos provocateur\u00bb. A l&rsquo;\u00e9poque, internet n&rsquo;existait pas et avec lui ses blogs et ses m\u00e9dias alternatifs. Il est heureux aujourd&rsquo;hui que les r\u00e9voltes arabes interviennent dans un contexte de r\u00e9el pluralisme \u00e9ditorial. La marge de man\u0153uvre des chiens de garde m\u00e9diatiques est largement r\u00e9duite et c&rsquo;est tant mieux.<\/p>\n<p>Akram Belka\u00efd<\/p>\n<p>N.B: Cet article est publi\u00e9 dans webdo avec l&rsquo;accord de son auteur Akram Belka\u00efd (Le Quotidien d&rsquo;Oran, jeudi 10 f\u00e9vrier 2011)<\/p>\n","protected":false},"excerpt":{"rendered":"<p>Le monde arabe, Isra\u00ebl et la d\u00e9mocratie  <\/p>\n","protected":false},"author":3222,"featured_media":376290,"comment_status":"open","ping_status":"closed","sticky":false,"template":"","format":"standard","meta":{"footnotes":""},"categories":[44],"tags":[],"class_list":["post-173034","post","type-post","status-publish","format-standard","has-post-thumbnail","hentry","category-national"],"yoast_head":"<!-- This site is optimized with the Yoast SEO Premium plugin v27.4 (Yoast SEO v27.4) - https:\/\/yoast.com\/product\/yoast-seo-premium-wordpress\/ -->\n<title>Le monde arabe, Isra\u00ebl et la d\u00e9mocratie<\/title>\n<meta name=\"description\" content=\"Le monde arabe, Isra\u00ebl et la d\u00e9mocratie\" \/>\n<link rel=\"canonical\" href=\"https:\/\/www.webdo.tn\/fr\/actualite\/national\/le-monde-arabe-israel-et-la-democratie\/173034\/\" \/>\n<meta property=\"og:locale\" content=\"fr_FR\" \/>\n<meta property=\"og:type\" content=\"article\" \/>\n<meta property=\"og:title\" content=\"Le monde arabe, Isra\u00ebl et la d\u00e9mocratie\" \/>\n<meta property=\"og:description\" content=\"Le monde arabe, Isra\u00ebl et la d\u00e9mocratie\" \/>\n<meta property=\"og:url\" content=\"https:\/\/www.webdo.tn\/fr\/actualite\/national\/le-monde-arabe-israel-et-la-democratie\/173034\/\" \/>\n<meta property=\"og:site_name\" content=\"webdo\" \/>\n<meta property=\"article:publisher\" content=\"https:\/\/www.facebook.com\/webdotn\" \/>\n<meta property=\"article:published_time\" content=\"2011-02-13T08:53:00+00:00\" \/>\n<meta name=\"author\" content=\"webdo.tn\" \/>\n<meta name=\"twitter:card\" content=\"summary_large_image\" \/>\n<meta name=\"twitter:creator\" content=\"@webdo_tn\" \/>\n<meta name=\"twitter:site\" content=\"@webdo_tn\" \/>\n<meta name=\"twitter:label1\" content=\"\u00c9crit par\" \/>\n\t<meta name=\"twitter:data1\" content=\"webdo.tn\" \/>\n\t<meta name=\"twitter:label2\" content=\"Dur\u00e9e de lecture estim\u00e9e\" \/>\n\t<meta name=\"twitter:data2\" content=\"5 minutes\" \/>\n<script type=\"application\/ld+json\" class=\"yoast-schema-graph\">{\"@context\":\"https:\\\/\\\/schema.org\",\"@graph\":[{\"@type\":\"NewsArticle\",\"@id\":\"https:\\\/\\\/www.webdo.tn\\\/fr\\\/actualite\\\/national\\\/le-monde-arabe-israel-et-la-democratie\\\/173034\\\/#article\",\"isPartOf\":{\"@id\":\"https:\\\/\\\/www.webdo.tn\\\/fr\\\/actualite\\\/national\\\/le-monde-arabe-israel-et-la-democratie\\\/173034\\\/\"},\"author\":{\"name\":\"webdo.tn\",\"@id\":\"https:\\\/\\\/www.webdo.tn\\\/fr\\\/#\\\/schema\\\/person\\\/9a9c6118d687c117df8ef3cc36a4d175\"},\"headline\":\"Le monde arabe, Isra\u00ebl et la d\u00e9mocratie\",\"datePublished\":\"2011-02-13T08:53:00+00:00\",\"mainEntityOfPage\":{\"@id\":\"https:\\\/\\\/www.webdo.tn\\\/fr\\\/actualite\\\/national\\\/le-monde-arabe-israel-et-la-democratie\\\/173034\\\/\"},\"wordCount\":1177,\"commentCount\":0,\"publisher\":{\"@id\":\"https:\\\/\\\/www.webdo.tn\\\/fr\\\/#organization\"},\"image\":{\"@id\":\"https:\\\/\\\/www.webdo.tn\\\/fr\\\/actualite\\\/national\\\/le-monde-arabe-israel-et-la-democratie\\\/173034\\\/#primaryimage\"},\"thumbnailUrl\":\"https:\\\/\\\/www.webdo.tn\\\/fr\\\/wp-content\\\/uploads\\\/2025\\\/06\\\/FireShot-Capture-1063-webdo_default-53-750x375.jpg-750\u00d7375-www.webdo_.tn_.png\",\"articleSection\":[\"National\"],\"inLanguage\":\"fr-FR\"},{\"@type\":\"WebPage\",\"@id\":\"https:\\\/\\\/www.webdo.tn\\\/fr\\\/actualite\\\/national\\\/le-monde-arabe-israel-et-la-democratie\\\/173034\\\/\",\"url\":\"https:\\\/\\\/www.webdo.tn\\\/fr\\\/actualite\\\/national\\\/le-monde-arabe-israel-et-la-democratie\\\/173034\\\/\",\"name\":\"Le monde arabe, Isra\u00ebl et la d\u00e9mocratie\",\"isPartOf\":{\"@id\":\"https:\\\/\\\/www.webdo.tn\\\/fr\\\/#website\"},\"primaryImageOfPage\":{\"@id\":\"https:\\\/\\\/www.webdo.tn\\\/fr\\\/actualite\\\/national\\\/le-monde-arabe-israel-et-la-democratie\\\/173034\\\/#primaryimage\"},\"image\":{\"@id\":\"https:\\\/\\\/www.webdo.tn\\\/fr\\\/actualite\\\/national\\\/le-monde-arabe-israel-et-la-democratie\\\/173034\\\/#primaryimage\"},\"thumbnailUrl\":\"https:\\\/\\\/www.webdo.tn\\\/fr\\\/wp-content\\\/uploads\\\/2025\\\/06\\\/FireShot-Capture-1063-webdo_default-53-750x375.jpg-750\u00d7375-www.webdo_.tn_.png\",\"datePublished\":\"2011-02-13T08:53:00+00:00\",\"description\":\"Le monde arabe, Isra\u00ebl et la d\u00e9mocratie\",\"breadcrumb\":{\"@id\":\"https:\\\/\\\/www.webdo.tn\\\/fr\\\/actualite\\\/national\\\/le-monde-arabe-israel-et-la-democratie\\\/173034\\\/#breadcrumb\"},\"inLanguage\":\"fr-FR\",\"potentialAction\":[{\"@type\":\"ReadAction\",\"target\":[\"https:\\\/\\\/www.webdo.tn\\\/fr\\\/actualite\\\/national\\\/le-monde-arabe-israel-et-la-democratie\\\/173034\\\/\"]}]},{\"@type\":\"ImageObject\",\"inLanguage\":\"fr-FR\",\"@id\":\"https:\\\/\\\/www.webdo.tn\\\/fr\\\/actualite\\\/national\\\/le-monde-arabe-israel-et-la-democratie\\\/173034\\\/#primaryimage\",\"url\":\"https:\\\/\\\/www.webdo.tn\\\/fr\\\/wp-content\\\/uploads\\\/2025\\\/06\\\/FireShot-Capture-1063-webdo_default-53-750x375.jpg-750\u00d7375-www.webdo_.tn_.png\",\"contentUrl\":\"https:\\\/\\\/www.webdo.tn\\\/fr\\\/wp-content\\\/uploads\\\/2025\\\/06\\\/FireShot-Capture-1063-webdo_default-53-750x375.jpg-750\u00d7375-www.webdo_.tn_.png\",\"width\":746,\"height\":371},{\"@type\":\"BreadcrumbList\",\"@id\":\"https:\\\/\\\/www.webdo.tn\\\/fr\\\/actualite\\\/national\\\/le-monde-arabe-israel-et-la-democratie\\\/173034\\\/#breadcrumb\",\"itemListElement\":[{\"@type\":\"ListItem\",\"position\":1,\"name\":\"Accueil\",\"item\":\"https:\\\/\\\/www.webdo.tn\\\/fr\\\/\"},{\"@type\":\"ListItem\",\"position\":2,\"name\":\"Le monde arabe, Isra\u00ebl et la d\u00e9mocratie\"}]},{\"@type\":\"WebSite\",\"@id\":\"https:\\\/\\\/www.webdo.tn\\\/fr\\\/#website\",\"url\":\"https:\\\/\\\/www.webdo.tn\\\/fr\\\/\",\"name\":\"webdo\",\"description\":\"Tunisie - News en Tunisie et \u00e0 l&#039;international sur Webdo.tn\",\"publisher\":{\"@id\":\"https:\\\/\\\/www.webdo.tn\\\/fr\\\/#organization\"},\"potentialAction\":[{\"@type\":\"SearchAction\",\"target\":{\"@type\":\"EntryPoint\",\"urlTemplate\":\"https:\\\/\\\/www.webdo.tn\\\/fr\\\/?s={search_term_string}\"},\"query-input\":{\"@type\":\"PropertyValueSpecification\",\"valueRequired\":true,\"valueName\":\"search_term_string\"}}],\"inLanguage\":\"fr-FR\"},{\"@type\":\"Organization\",\"@id\":\"https:\\\/\\\/www.webdo.tn\\\/fr\\\/#organization\",\"name\":\"Webdo\",\"alternateName\":\"Webdo.tn\",\"url\":\"https:\\\/\\\/www.webdo.tn\\\/fr\\\/\",\"logo\":{\"@type\":\"ImageObject\",\"inLanguage\":\"fr-FR\",\"@id\":\"https:\\\/\\\/www.webdo.tn\\\/fr\\\/#\\\/schema\\\/logo\\\/image\\\/\",\"url\":\"https:\\\/\\\/www.webdo.tn\\\/fr\\\/wp-content\\\/uploads\\\/2025\\\/06\\\/Webdo-Tunisie_168377.jpg\",\"contentUrl\":\"https:\\\/\\\/www.webdo.tn\\\/fr\\\/wp-content\\\/uploads\\\/2025\\\/06\\\/Webdo-Tunisie_168377.jpg\",\"width\":301,\"height\":301,\"caption\":\"Webdo\"},\"image\":{\"@id\":\"https:\\\/\\\/www.webdo.tn\\\/fr\\\/#\\\/schema\\\/logo\\\/image\\\/\"},\"sameAs\":[\"https:\\\/\\\/www.facebook.com\\\/webdotn\",\"https:\\\/\\\/x.com\\\/webdo_tn\"],\"description\":\"Webdo est un m\u00e9dia num\u00e9rique tunisien fond\u00e9 en 2010, sp\u00e9cialis\u00e9 dans l\u2019actualit\u00e9 nationale et internationale, l\u2019\u00e9conomie, la soci\u00e9t\u00e9 et les analyses politiques. Le site s\u2019adresse \u00e0 un large public francophone et couvre l\u2019information tunisienne en temps r\u00e9el.\",\"email\":\"redac@webdo.tn\",\"legalName\":\"YNJ SARL\",\"foundingDate\":\"2010-09-06\",\"numberOfEmployees\":{\"@type\":\"QuantitativeValue\",\"minValue\":\"11\",\"maxValue\":\"50\"}},{\"@type\":\"Person\",\"@id\":\"https:\\\/\\\/www.webdo.tn\\\/fr\\\/#\\\/schema\\\/person\\\/9a9c6118d687c117df8ef3cc36a4d175\",\"name\":\"webdo.tn\",\"image\":{\"@type\":\"ImageObject\",\"inLanguage\":\"fr-FR\",\"@id\":\"https:\\\/\\\/secure.gravatar.com\\\/avatar\\\/7ce1f28c0c3bbac99ff550b85ef8e44a6950c6ee24514fb6a5489e51d06f0298?s=96&d=mm&r=g\",\"url\":\"https:\\\/\\\/secure.gravatar.com\\\/avatar\\\/7ce1f28c0c3bbac99ff550b85ef8e44a6950c6ee24514fb6a5489e51d06f0298?s=96&d=mm&r=g\",\"contentUrl\":\"https:\\\/\\\/secure.gravatar.com\\\/avatar\\\/7ce1f28c0c3bbac99ff550b85ef8e44a6950c6ee24514fb6a5489e51d06f0298?s=96&d=mm&r=g\",\"caption\":\"webdo.tn\"},\"url\":\"https:\\\/\\\/www.webdo.tn\\\/fr\\\/actualite\\\/author\\\/webdotn\\\/\"}]}<\/script>\n<!-- \/ Yoast SEO Premium plugin. -->","yoast_head_json":{"title":"Le monde arabe, Isra\u00ebl et la d\u00e9mocratie","description":"Le monde arabe, Isra\u00ebl et la d\u00e9mocratie","canonical":"https:\/\/www.webdo.tn\/fr\/actualite\/national\/le-monde-arabe-israel-et-la-democratie\/173034\/","og_locale":"fr_FR","og_type":"article","og_title":"Le monde arabe, Isra\u00ebl et la d\u00e9mocratie","og_description":"Le monde arabe, Isra\u00ebl et la d\u00e9mocratie","og_url":"https:\/\/www.webdo.tn\/fr\/actualite\/national\/le-monde-arabe-israel-et-la-democratie\/173034\/","og_site_name":"webdo","article_publisher":"https:\/\/www.facebook.com\/webdotn","article_published_time":"2011-02-13T08:53:00+00:00","author":"webdo.tn","twitter_card":"summary_large_image","twitter_creator":"@webdo_tn","twitter_site":"@webdo_tn","twitter_misc":{"\u00c9crit par":"webdo.tn","Dur\u00e9e de lecture estim\u00e9e":"5 minutes"},"schema":{"@context":"https:\/\/schema.org","@graph":[{"@type":"NewsArticle","@id":"https:\/\/www.webdo.tn\/fr\/actualite\/national\/le-monde-arabe-israel-et-la-democratie\/173034\/#article","isPartOf":{"@id":"https:\/\/www.webdo.tn\/fr\/actualite\/national\/le-monde-arabe-israel-et-la-democratie\/173034\/"},"author":{"name":"webdo.tn","@id":"https:\/\/www.webdo.tn\/fr\/#\/schema\/person\/9a9c6118d687c117df8ef3cc36a4d175"},"headline":"Le monde arabe, Isra\u00ebl et la d\u00e9mocratie","datePublished":"2011-02-13T08:53:00+00:00","mainEntityOfPage":{"@id":"https:\/\/www.webdo.tn\/fr\/actualite\/national\/le-monde-arabe-israel-et-la-democratie\/173034\/"},"wordCount":1177,"commentCount":0,"publisher":{"@id":"https:\/\/www.webdo.tn\/fr\/#organization"},"image":{"@id":"https:\/\/www.webdo.tn\/fr\/actualite\/national\/le-monde-arabe-israel-et-la-democratie\/173034\/#primaryimage"},"thumbnailUrl":"https:\/\/www.webdo.tn\/fr\/wp-content\/uploads\/2025\/06\/FireShot-Capture-1063-webdo_default-53-750x375.jpg-750\u00d7375-www.webdo_.tn_.png","articleSection":["National"],"inLanguage":"fr-FR"},{"@type":"WebPage","@id":"https:\/\/www.webdo.tn\/fr\/actualite\/national\/le-monde-arabe-israel-et-la-democratie\/173034\/","url":"https:\/\/www.webdo.tn\/fr\/actualite\/national\/le-monde-arabe-israel-et-la-democratie\/173034\/","name":"Le monde arabe, Isra\u00ebl et la d\u00e9mocratie","isPartOf":{"@id":"https:\/\/www.webdo.tn\/fr\/#website"},"primaryImageOfPage":{"@id":"https:\/\/www.webdo.tn\/fr\/actualite\/national\/le-monde-arabe-israel-et-la-democratie\/173034\/#primaryimage"},"image":{"@id":"https:\/\/www.webdo.tn\/fr\/actualite\/national\/le-monde-arabe-israel-et-la-democratie\/173034\/#primaryimage"},"thumbnailUrl":"https:\/\/www.webdo.tn\/fr\/wp-content\/uploads\/2025\/06\/FireShot-Capture-1063-webdo_default-53-750x375.jpg-750\u00d7375-www.webdo_.tn_.png","datePublished":"2011-02-13T08:53:00+00:00","description":"Le monde arabe, Isra\u00ebl et la d\u00e9mocratie","breadcrumb":{"@id":"https:\/\/www.webdo.tn\/fr\/actualite\/national\/le-monde-arabe-israel-et-la-democratie\/173034\/#breadcrumb"},"inLanguage":"fr-FR","potentialAction":[{"@type":"ReadAction","target":["https:\/\/www.webdo.tn\/fr\/actualite\/national\/le-monde-arabe-israel-et-la-democratie\/173034\/"]}]},{"@type":"ImageObject","inLanguage":"fr-FR","@id":"https:\/\/www.webdo.tn\/fr\/actualite\/national\/le-monde-arabe-israel-et-la-democratie\/173034\/#primaryimage","url":"https:\/\/www.webdo.tn\/fr\/wp-content\/uploads\/2025\/06\/FireShot-Capture-1063-webdo_default-53-750x375.jpg-750\u00d7375-www.webdo_.tn_.png","contentUrl":"https:\/\/www.webdo.tn\/fr\/wp-content\/uploads\/2025\/06\/FireShot-Capture-1063-webdo_default-53-750x375.jpg-750\u00d7375-www.webdo_.tn_.png","width":746,"height":371},{"@type":"BreadcrumbList","@id":"https:\/\/www.webdo.tn\/fr\/actualite\/national\/le-monde-arabe-israel-et-la-democratie\/173034\/#breadcrumb","itemListElement":[{"@type":"ListItem","position":1,"name":"Accueil","item":"https:\/\/www.webdo.tn\/fr\/"},{"@type":"ListItem","position":2,"name":"Le monde arabe, Isra\u00ebl et la d\u00e9mocratie"}]},{"@type":"WebSite","@id":"https:\/\/www.webdo.tn\/fr\/#website","url":"https:\/\/www.webdo.tn\/fr\/","name":"webdo","description":"Tunisie - News en Tunisie et \u00e0 l&#039;international sur Webdo.tn","publisher":{"@id":"https:\/\/www.webdo.tn\/fr\/#organization"},"potentialAction":[{"@type":"SearchAction","target":{"@type":"EntryPoint","urlTemplate":"https:\/\/www.webdo.tn\/fr\/?s={search_term_string}"},"query-input":{"@type":"PropertyValueSpecification","valueRequired":true,"valueName":"search_term_string"}}],"inLanguage":"fr-FR"},{"@type":"Organization","@id":"https:\/\/www.webdo.tn\/fr\/#organization","name":"Webdo","alternateName":"Webdo.tn","url":"https:\/\/www.webdo.tn\/fr\/","logo":{"@type":"ImageObject","inLanguage":"fr-FR","@id":"https:\/\/www.webdo.tn\/fr\/#\/schema\/logo\/image\/","url":"https:\/\/www.webdo.tn\/fr\/wp-content\/uploads\/2025\/06\/Webdo-Tunisie_168377.jpg","contentUrl":"https:\/\/www.webdo.tn\/fr\/wp-content\/uploads\/2025\/06\/Webdo-Tunisie_168377.jpg","width":301,"height":301,"caption":"Webdo"},"image":{"@id":"https:\/\/www.webdo.tn\/fr\/#\/schema\/logo\/image\/"},"sameAs":["https:\/\/www.facebook.com\/webdotn","https:\/\/x.com\/webdo_tn"],"description":"Webdo est un m\u00e9dia num\u00e9rique tunisien fond\u00e9 en 2010, sp\u00e9cialis\u00e9 dans l\u2019actualit\u00e9 nationale et internationale, l\u2019\u00e9conomie, la soci\u00e9t\u00e9 et les analyses politiques. Le site s\u2019adresse \u00e0 un large public francophone et couvre l\u2019information tunisienne en temps r\u00e9el.","email":"redac@webdo.tn","legalName":"YNJ SARL","foundingDate":"2010-09-06","numberOfEmployees":{"@type":"QuantitativeValue","minValue":"11","maxValue":"50"}},{"@type":"Person","@id":"https:\/\/www.webdo.tn\/fr\/#\/schema\/person\/9a9c6118d687c117df8ef3cc36a4d175","name":"webdo.tn","image":{"@type":"ImageObject","inLanguage":"fr-FR","@id":"https:\/\/secure.gravatar.com\/avatar\/7ce1f28c0c3bbac99ff550b85ef8e44a6950c6ee24514fb6a5489e51d06f0298?s=96&d=mm&r=g","url":"https:\/\/secure.gravatar.com\/avatar\/7ce1f28c0c3bbac99ff550b85ef8e44a6950c6ee24514fb6a5489e51d06f0298?s=96&d=mm&r=g","contentUrl":"https:\/\/secure.gravatar.com\/avatar\/7ce1f28c0c3bbac99ff550b85ef8e44a6950c6ee24514fb6a5489e51d06f0298?s=96&d=mm&r=g","caption":"webdo.tn"},"url":"https:\/\/www.webdo.tn\/fr\/actualite\/author\/webdotn\/"}]}},"_links":{"self":[{"href":"https:\/\/www.webdo.tn\/fr\/wp-json\/wp\/v2\/posts\/173034","targetHints":{"allow":["GET"]}}],"collection":[{"href":"https:\/\/www.webdo.tn\/fr\/wp-json\/wp\/v2\/posts"}],"about":[{"href":"https:\/\/www.webdo.tn\/fr\/wp-json\/wp\/v2\/types\/post"}],"author":[{"embeddable":true,"href":"https:\/\/www.webdo.tn\/fr\/wp-json\/wp\/v2\/users\/3222"}],"replies":[{"embeddable":true,"href":"https:\/\/www.webdo.tn\/fr\/wp-json\/wp\/v2\/comments?post=173034"}],"version-history":[{"count":0,"href":"https:\/\/www.webdo.tn\/fr\/wp-json\/wp\/v2\/posts\/173034\/revisions"}],"wp:featuredmedia":[{"embeddable":true,"href":"https:\/\/www.webdo.tn\/fr\/wp-json\/wp\/v2\/media\/376290"}],"wp:attachment":[{"href":"https:\/\/www.webdo.tn\/fr\/wp-json\/wp\/v2\/media?parent=173034"}],"wp:term":[{"taxonomy":"category","embeddable":true,"href":"https:\/\/www.webdo.tn\/fr\/wp-json\/wp\/v2\/categories?post=173034"},{"taxonomy":"post_tag","embeddable":true,"href":"https:\/\/www.webdo.tn\/fr\/wp-json\/wp\/v2\/tags?post=173034"}],"curies":[{"name":"wp","href":"https:\/\/api.w.org\/{rel}","templated":true}]}}