{"id":173033,"date":"2011-02-13T09:13:00","date_gmt":"2011-02-13T09:13:00","guid":{"rendered":"https:\/\/www.webdo.tn\/fr\/actualite\/blog\/laffaire-mam-et-les-mauvaises-habitudes-postcoloniales\/173033\/"},"modified":"2011-02-13T09:13:00","modified_gmt":"2011-02-13T09:13:00","slug":"laffaire-mam-et-les-mauvaises-habitudes-postcoloniales","status":"publish","type":"post","link":"https:\/\/www.webdo.tn\/fr\/actualite\/national\/laffaire-mam-et-les-mauvaises-habitudes-postcoloniales\/173033\/","title":{"rendered":"L&rsquo;affaire MAM et les mauvaises habitudes postcoloniales"},"content":{"rendered":"<p>Les voyages gratuits de Mich\u00e8le Alliot-Marie \u00e0 bord d\u2019un avion priv\u00e9 appartenant \u00e0 un homme d\u2019affaires tunisien ne sont rien d\u2019autre que l\u2019illustration du comportement \u2014h\u00e9las tr\u00e8s fr\u00e9quent\u2014 de nombre d\u2019\u00e9lites fran\u00e7aises au Maghreb. En ce sens, il faut se garder de tomber dans le pi\u00e8ge et faire de la ministre des Affaires \u00e9trang\u00e8res un cas isol\u00e9.<\/p>\n<p>La strat\u00e9gie de l\u2019invitation<br \/>\nLe vacarme m\u00e9diatique qui accompagne ses d\u00e9boires et les petites phrases perfides \u00e0 droite comme les d\u00e9nonciations \u00e0 gauche ne sont rien d\u2019autre qu\u2019une immense hypocrisie. Bien entendu, cela n\u2019excuse pas son comportement, mais ne soyons pas dupes. Cela fait des d\u00e9cennies que les trois pays du Maghreb \u2014Maroc et Tunisie en t\u00eate\u2014 ont d\u00e9velopp\u00e9 une \u00abstrat\u00e9gie de l\u2019invitation\u00bb qui cible non seulement les personnalit\u00e9s politiques fran\u00e7aises mais aussi des patrons, des artistes, des \u00e9crivains, des journalistes (qu\u2019il s\u2019agisse ou non de voyages de presse), des universitaires et tous ceux qui comptent dans la vie intellectuelle de l\u2019Hexagone.<\/p>\n<p>Il faut savoir que le pr\u00e9texte de l\u2019invitation est souvent bidon: colloques aux th\u00e8mes aussi grandiloquents qu\u2019inutiles, voyage d\u2019\u00e9tudes aux contours impr\u00e9cis, et s\u00e9minaire de (br\u00e8ve) r\u00e9flexion; tout est bon pour offrir quelques jours d\u2019agr\u00e9ment au soleil. Un jour, peut-\u00eatre, les archives de l\u2019Agence tunisienne de communication ext\u00e9rieure (ATCE) seront d\u00e9voil\u00e9es. La liste des b\u00e9n\u00e9ficiaires des voyages d\u2019agr\u00e9ment et autres invitations risque alors de provoquer une immense vague d\u2019indignation en France \u2014comme dans le reste de l\u2019Europe, d\u2019ailleurs.<\/p>\n<p>Il faut avoir assist\u00e9 au moins une fois dans sa vie \u00e0 ces colloques pour comprendre la perversit\u00e9 du syst\u00e8me. Les invit\u00e9s sont accueillis d\u00e8s l\u2019a\u00e9roport, conduits dans un palace o\u00f9 ils vont croiser d\u2019autres compagnons de bonne fortune. Les d\u00e9bats resteront, quel que soit le sujet, tr\u00e8s vagues et tr\u00e8s polis, et tout le monde se retrouvera autour du buffet de midi ou des tables du d\u00eener de gala.. Tout cela sur le dos du contribuable \u2014ou au d\u00e9triment des Maghr\u00e9bins trop pauvres pour payer des imp\u00f4ts et qui auraient certainement aim\u00e9 b\u00e9n\u00e9ficier d\u2019une partie du budget d\u00e9di\u00e9 \u00e0 ce genre de manifestation.<\/p>\n<p>Corruption ou lobbying?<br \/>\nLa premi\u00e8re question qui se pose est de savoir s\u2019il s\u2019agit ou non d\u2019une forme de corruption. Pour ceux qui invitent, m\u00eame s\u2019ils s\u2019en d\u00e9fendent, l\u2019objectif est tout de m\u00eame de se garantir de solides appuis ou de r\u00e9compenser de fid\u00e8les amiti\u00e9s. En ce sens, les Marocains sont bien plus efficaces que les Tunisiens ou les Alg\u00e9riens. Sans \u00e9voquer les palais et autres riads cossus, tout le monde a d\u2019ailleurs entendu parler des invitations \u00e0 la Mamounia, ce palace de Marrakech auquel m\u00eame Paul McCartney a rendu hommage dans une chanson avec les Wings.<\/p>\n<p>\u00abC\u2019est du lobbying, tout le monde fait \u00e7a\u00bb m\u2019a dit un jour un responsable marocain. Et quand je lui ai demand\u00e9 si le retour sur investissement \u00e9tait \u00e0 la hauteur, sa r\u00e9ponse est tomb\u00e9e comme un couperet: \u00ab\u00e7a paie\u00bb, a-t-il lanc\u00e9 en \u00e9clatant de rire.<\/p>\n<p>En France, les restaurateurs d\u2019origine maghr\u00e9bine savent comment amadouer les repr\u00e9sentants d\u2019une quelconque administration qui feraient preuve d\u2019un trop grand z\u00e8le \u00e0 leur \u00e9gard. Ils leurs offrent un bon couscous ou un bon tagine et, le plus souvent, les choses rentrent dans l\u2019ordre. D\u2019o\u00f9 ces deux expressions d\u00e9licieuses: \u00abcouscoussage\u00bb et \u00abtaginage\u00bb. Ce n\u2019est pas vraiment de la corruption mais ce n\u2019en est pas tr\u00e8s \u00e9loign\u00e9.<\/p>\n<p>Les invitations, ces prises en charge totales, rentrent donc dans cette cat\u00e9gorie v\u00e9nielle. On peut en rire, mais on a aussi le droit de se demander \u00e0 quel point cela influe sur les d\u00e9cisions politiques prises en France vis-\u00e0-vis de tout ce qui concerne la rive Sud. Il reste tout de m\u00eame que ce serait faire fausse piste que de r\u00e9sumer toutes ces affaires d\u2019invitations et de gratuit\u00e9s \u00e0 de graves manquements \u00e0 l\u2019\u00e9thique. Et contrairement \u00e0 ce que pensent nombre de mes compatriotes alg\u00e9riens ou de mes cousins maghr\u00e9bins, je reste persuad\u00e9 que la plupart de celles et ceux qui acceptent ces invitations, qui un voyage dans un jet, qui un petit s\u00e9jour en thalassoth\u00e9rapie dans le sud tunisien, sont persuad\u00e9s qu\u2019ils ne font rien de mal.<\/p>\n<p>Des habitudes postcolonialistes<br \/>\nEn ce sens, il s\u2019agit d\u2019un comportement typique de la p\u00e9riode postcoloniale, dont la r\u00e9volution tunisienne vient peut-\u00eatre de signifier la fin. Pour les concern\u00e9s, ces invitations sont normales, naturelles. Cela d\u00e9montre la persistance d\u2019un sentiment paternaliste \u00e0 l\u2019\u00e9gard des Maghr\u00e9bins que plusieurs d\u00e9cennies d\u2019ind\u00e9pendance n\u2019ont pas effac\u00e9. \u00abIls sont tellement accueillants. A chaque fois que je viens ici, on me traite comme un roi. Entre nous et eux, c\u2019est un lien qui ne peut pas s\u2019effacer\u00bb m\u2019a dit un jour un grand \u00e9crivain fran\u00e7ais \u2014que l\u2019on me permettra de ne pas nommer\u2014 crois\u00e9 sur l\u2019avenue Bourguiba \u00e0 Tunis. A l\u2019\u00e9poque, j\u2019avais relev\u00e9 le \u00abils\u00bb colonial, cette incapacit\u00e9 \u00e0 dire les Tunisiens ou les Marocains, ainsi que cette conviction profond\u00e9ment ancr\u00e9e selon laquelle les Maghr\u00e9bins aiment se plier en quatre pour le seul bien-\u00eatre de leurs visiteurs.<\/p>\n<p>Il y a un an, j\u2019ai assist\u00e9 \u00e0 une r\u00e9union sur l\u2019Union pour la M\u00e9diterran\u00e9e \u00e0 Rabat. Je n\u2019ai gard\u00e9 aucun souvenir des d\u00e9bats, tant ces derniers \u00e9taient inint\u00e9ressants. En revanche, je ne peux oublier le petit incident dont j\u2019ai \u00e9t\u00e9 le t\u00e9moin.. Juste avant l\u2019ouverture des travaux, un jeune responsable venu de Paris a fait un esclandre aux pauvres organisateurs quelque peu d\u00e9pass\u00e9s. La raison de cette col\u00e8re? Aucune voiture n\u2019\u00e9tait venue l\u2019attendre \u00e0 l\u2019a\u00e9roport de la capitale marocaine. \u00abQuand ils viennent chez nous, ils veulent le tapis rouge et la limousine, mais moi quand je suis invit\u00e9 \u00e0 Paris, personne ne vient m\u2019attendre \u00e0 Orly\u00bb m\u2019a alors murmur\u00e9 \u00e0 l\u2019oreille un d\u00e9put\u00e9 marocain qui avait lui aussi assist\u00e9 \u00e0 la sc\u00e8ne.<\/p>\n<p>Il est peut-\u00eatre temps d\u2019en finir avec cette mentalit\u00e9. La r\u00e9volution tunisienne est une occasion de d\u00e9finir une v\u00e9ritable \u00e9thique dans les relations franco-maghr\u00e9bines. J\u2019esp\u00e8re que le nouveau gouvernement tunisien saura signifier que les pratiques du pass\u00e9 sont r\u00e9volues et que tout le monde est le bienvenu, \u00e0 condition qu\u2019il paie son \u00e9cot et qu\u2019il ne consid\u00e8re pas que tout lui est d\u00fb, sous pr\u00e9texte qu\u2019il \u00e9tait jadis le ma\u00eetre de ce pays. Mais cela implique aussi que les Maghr\u00e9bins fassent aussi leur mue et se lib\u00e8rent du complexe de colonis\u00e9 qui les habite encore.<\/p>\n<p>Bien s\u00fbr, le couscoussage sert d\u2019abord \u00e0 ce que Paris d\u00e9tourne les yeux quand la question de la d\u00e9mocratie et des libert\u00e9s fondamentales est sur la table. Mais il faut regarder la r\u00e9alit\u00e9 en face: quand le Fran\u00e7ais arrive chez nous, tout le monde ou presque se sent oblig\u00e9 d\u2019en faire plus \u2014un peu comme si nous avions quelque chose \u00e0 nous faire pardonner ou \u00e0 lui prouver. \u00abRegardez comme nous avons bien \u00e9volu\u00e9\u00bb semblons-nous lui dire. Tout cela n\u2019est pas sain, et il faut que cela change.<\/p>\n<p>Le couscoussage alg\u00e9rien pas encore au point<br \/>\nTerminons par une pr\u00e9cision, afin de ne pas heurter les susceptibilit\u00e9s nationales. Dans ce qui pr\u00e9c\u00e8de, j\u2019ai beaucoup parl\u00e9 de la Tunisie et du Maroc. Je n\u2019aimerais pas donner l\u2019impression que j\u2019\u00e9pargne \u00e0 dessein l\u2019Alg\u00e9rie. Dans ce pays, on essaie aussi de couscousser et de taginer, mais il faut reconna\u00eetre qu\u2019on le fait tr\u00e8s mal. Le caract\u00e8re archa\u00efque de l\u2019h\u00f4tellerie nationale, le manque d\u2019infrastructures, les coupures d\u2019eau y compris dans les grands \u00e9tablissements internationaux, l\u2019hygi\u00e8ne parfois douteuse des cuisines font qu\u2019il est difficile de contenter \u2014et encore plus d\u2019impressionner\u2014 celles et ceux qui ont l\u2019habitude des palaces et des riads.<\/p>\n<p>Mais souvenons-nous tout de m\u00eame de toutes ces personnalit\u00e9s qui ont croqu\u00e9 la zlabia (p\u00e2tisserie) chez Khalifa [un homme d\u2019affaires alg\u00e9rien, ndlr]\u2026 A Cannes, Nice, Paris ou Alger, l\u2019ex-milliardaire avait montr\u00e9 ce dont il \u00e9tait capable, mais le temps lui a manqu\u00e9 pour transmettre son savoir-faire\u2026 Il y a quelques ann\u00e9es, une grande op\u00e9ration de charme organis\u00e9e dans le d\u00e9sert \u00e0 destination du tout Paris m\u00e9diatique a ainsi pratiquement tourn\u00e9 au fiasco, malgr\u00e9 toute la bonne volont\u00e9 des organisateurs.<\/p>\n<p>A Alger, on aimerait bien imiter Tunis ou Rabat pour se pr\u00e9munir contre les agitations m\u00e9diatico-politiques. Faute d\u2019expertise, on opte du coup pour d\u2019autres strat\u00e9gies plus directes. Mais c\u2019est d\u00e9j\u00e0 une autre histoire\u2026<br \/>\nAkram Belka\u00efd<br \/>\nN.B: Cet article est publi\u00e9 dans webdo avec l&rsquo;accord de son auteur Akram Belka\u00efd (Slate Afrique, mardi 8 f\u00e9vrier 2011)<\/p>\n","protected":false},"excerpt":{"rendered":"<p>L&rsquo;affaire MAM et les mauvaises habitudes postcoloniales<\/p>\n","protected":false},"author":3222,"featured_media":376290,"comment_status":"open","ping_status":"closed","sticky":false,"template":"","format":"standard","meta":{"footnotes":""},"categories":[44],"tags":[],"class_list":["post-173033","post","type-post","status-publish","format-standard","has-post-thumbnail","hentry","category-national"],"yoast_head":"<!-- This site is optimized with the Yoast SEO Premium plugin v27.4 (Yoast SEO v27.4) - https:\/\/yoast.com\/product\/yoast-seo-premium-wordpress\/ -->\n<title>L&#039;affaire MAM et les mauvaises habitudes postcoloniales<\/title>\n<meta name=\"description\" content=\"L&#039;affaire MAM et les mauvaises habitudes postcoloniales\" \/>\n<link rel=\"canonical\" href=\"https:\/\/www.webdo.tn\/fr\/actualite\/national\/laffaire-mam-et-les-mauvaises-habitudes-postcoloniales\/173033\/\" \/>\n<meta property=\"og:locale\" content=\"fr_FR\" \/>\n<meta property=\"og:type\" content=\"article\" \/>\n<meta property=\"og:title\" content=\"L&#039;affaire MAM et les mauvaises habitudes postcoloniales\" \/>\n<meta property=\"og:description\" content=\"L&#039;affaire MAM et les mauvaises habitudes postcoloniales\" \/>\n<meta property=\"og:url\" content=\"https:\/\/www.webdo.tn\/fr\/actualite\/national\/laffaire-mam-et-les-mauvaises-habitudes-postcoloniales\/173033\/\" \/>\n<meta property=\"og:site_name\" content=\"webdo\" \/>\n<meta property=\"article:publisher\" content=\"https:\/\/www.facebook.com\/webdotn\" \/>\n<meta property=\"article:published_time\" content=\"2011-02-13T09:13:00+00:00\" \/>\n<meta name=\"author\" content=\"webdo.tn\" \/>\n<meta name=\"twitter:card\" content=\"summary_large_image\" \/>\n<meta name=\"twitter:creator\" content=\"@webdo_tn\" \/>\n<meta name=\"twitter:site\" content=\"@webdo_tn\" \/>\n<meta name=\"twitter:label1\" content=\"\u00c9crit par\" \/>\n\t<meta name=\"twitter:data1\" content=\"webdo.tn\" \/>\n\t<meta name=\"twitter:label2\" content=\"Dur\u00e9e de lecture estim\u00e9e\" \/>\n\t<meta name=\"twitter:data2\" content=\"8 minutes\" \/>\n<script type=\"application\/ld+json\" class=\"yoast-schema-graph\">{\"@context\":\"https:\\\/\\\/schema.org\",\"@graph\":[{\"@type\":\"NewsArticle\",\"@id\":\"https:\\\/\\\/www.webdo.tn\\\/fr\\\/actualite\\\/national\\\/laffaire-mam-et-les-mauvaises-habitudes-postcoloniales\\\/173033\\\/#article\",\"isPartOf\":{\"@id\":\"https:\\\/\\\/www.webdo.tn\\\/fr\\\/actualite\\\/national\\\/laffaire-mam-et-les-mauvaises-habitudes-postcoloniales\\\/173033\\\/\"},\"author\":{\"name\":\"webdo.tn\",\"@id\":\"https:\\\/\\\/www.webdo.tn\\\/fr\\\/#\\\/schema\\\/person\\\/9a9c6118d687c117df8ef3cc36a4d175\"},\"headline\":\"L&rsquo;affaire MAM et les mauvaises habitudes postcoloniales\",\"datePublished\":\"2011-02-13T09:13:00+00:00\",\"mainEntityOfPage\":{\"@id\":\"https:\\\/\\\/www.webdo.tn\\\/fr\\\/actualite\\\/national\\\/laffaire-mam-et-les-mauvaises-habitudes-postcoloniales\\\/173033\\\/\"},\"wordCount\":1580,\"commentCount\":0,\"publisher\":{\"@id\":\"https:\\\/\\\/www.webdo.tn\\\/fr\\\/#organization\"},\"image\":{\"@id\":\"https:\\\/\\\/www.webdo.tn\\\/fr\\\/actualite\\\/national\\\/laffaire-mam-et-les-mauvaises-habitudes-postcoloniales\\\/173033\\\/#primaryimage\"},\"thumbnailUrl\":\"https:\\\/\\\/www.webdo.tn\\\/fr\\\/wp-content\\\/uploads\\\/2025\\\/06\\\/FireShot-Capture-1063-webdo_default-53-750x375.jpg-750\u00d7375-www.webdo_.tn_.png\",\"articleSection\":[\"National\"],\"inLanguage\":\"fr-FR\"},{\"@type\":\"WebPage\",\"@id\":\"https:\\\/\\\/www.webdo.tn\\\/fr\\\/actualite\\\/national\\\/laffaire-mam-et-les-mauvaises-habitudes-postcoloniales\\\/173033\\\/\",\"url\":\"https:\\\/\\\/www.webdo.tn\\\/fr\\\/actualite\\\/national\\\/laffaire-mam-et-les-mauvaises-habitudes-postcoloniales\\\/173033\\\/\",\"name\":\"L'affaire MAM et les mauvaises habitudes postcoloniales\",\"isPartOf\":{\"@id\":\"https:\\\/\\\/www.webdo.tn\\\/fr\\\/#website\"},\"primaryImageOfPage\":{\"@id\":\"https:\\\/\\\/www.webdo.tn\\\/fr\\\/actualite\\\/national\\\/laffaire-mam-et-les-mauvaises-habitudes-postcoloniales\\\/173033\\\/#primaryimage\"},\"image\":{\"@id\":\"https:\\\/\\\/www.webdo.tn\\\/fr\\\/actualite\\\/national\\\/laffaire-mam-et-les-mauvaises-habitudes-postcoloniales\\\/173033\\\/#primaryimage\"},\"thumbnailUrl\":\"https:\\\/\\\/www.webdo.tn\\\/fr\\\/wp-content\\\/uploads\\\/2025\\\/06\\\/FireShot-Capture-1063-webdo_default-53-750x375.jpg-750\u00d7375-www.webdo_.tn_.png\",\"datePublished\":\"2011-02-13T09:13:00+00:00\",\"description\":\"L'affaire MAM et les mauvaises habitudes postcoloniales\",\"breadcrumb\":{\"@id\":\"https:\\\/\\\/www.webdo.tn\\\/fr\\\/actualite\\\/national\\\/laffaire-mam-et-les-mauvaises-habitudes-postcoloniales\\\/173033\\\/#breadcrumb\"},\"inLanguage\":\"fr-FR\",\"potentialAction\":[{\"@type\":\"ReadAction\",\"target\":[\"https:\\\/\\\/www.webdo.tn\\\/fr\\\/actualite\\\/national\\\/laffaire-mam-et-les-mauvaises-habitudes-postcoloniales\\\/173033\\\/\"]}]},{\"@type\":\"ImageObject\",\"inLanguage\":\"fr-FR\",\"@id\":\"https:\\\/\\\/www.webdo.tn\\\/fr\\\/actualite\\\/national\\\/laffaire-mam-et-les-mauvaises-habitudes-postcoloniales\\\/173033\\\/#primaryimage\",\"url\":\"https:\\\/\\\/www.webdo.tn\\\/fr\\\/wp-content\\\/uploads\\\/2025\\\/06\\\/FireShot-Capture-1063-webdo_default-53-750x375.jpg-750\u00d7375-www.webdo_.tn_.png\",\"contentUrl\":\"https:\\\/\\\/www.webdo.tn\\\/fr\\\/wp-content\\\/uploads\\\/2025\\\/06\\\/FireShot-Capture-1063-webdo_default-53-750x375.jpg-750\u00d7375-www.webdo_.tn_.png\",\"width\":746,\"height\":371},{\"@type\":\"BreadcrumbList\",\"@id\":\"https:\\\/\\\/www.webdo.tn\\\/fr\\\/actualite\\\/national\\\/laffaire-mam-et-les-mauvaises-habitudes-postcoloniales\\\/173033\\\/#breadcrumb\",\"itemListElement\":[{\"@type\":\"ListItem\",\"position\":1,\"name\":\"Accueil\",\"item\":\"https:\\\/\\\/www.webdo.tn\\\/fr\\\/\"},{\"@type\":\"ListItem\",\"position\":2,\"name\":\"L&rsquo;affaire MAM et les mauvaises habitudes postcoloniales\"}]},{\"@type\":\"WebSite\",\"@id\":\"https:\\\/\\\/www.webdo.tn\\\/fr\\\/#website\",\"url\":\"https:\\\/\\\/www.webdo.tn\\\/fr\\\/\",\"name\":\"webdo\",\"description\":\"Tunisie - News en Tunisie et \u00e0 l&#039;international sur Webdo.tn\",\"publisher\":{\"@id\":\"https:\\\/\\\/www.webdo.tn\\\/fr\\\/#organization\"},\"potentialAction\":[{\"@type\":\"SearchAction\",\"target\":{\"@type\":\"EntryPoint\",\"urlTemplate\":\"https:\\\/\\\/www.webdo.tn\\\/fr\\\/?s={search_term_string}\"},\"query-input\":{\"@type\":\"PropertyValueSpecification\",\"valueRequired\":true,\"valueName\":\"search_term_string\"}}],\"inLanguage\":\"fr-FR\"},{\"@type\":\"Organization\",\"@id\":\"https:\\\/\\\/www.webdo.tn\\\/fr\\\/#organization\",\"name\":\"Webdo\",\"alternateName\":\"Webdo.tn\",\"url\":\"https:\\\/\\\/www.webdo.tn\\\/fr\\\/\",\"logo\":{\"@type\":\"ImageObject\",\"inLanguage\":\"fr-FR\",\"@id\":\"https:\\\/\\\/www.webdo.tn\\\/fr\\\/#\\\/schema\\\/logo\\\/image\\\/\",\"url\":\"https:\\\/\\\/www.webdo.tn\\\/fr\\\/wp-content\\\/uploads\\\/2025\\\/06\\\/Webdo-Tunisie_168377.jpg\",\"contentUrl\":\"https:\\\/\\\/www.webdo.tn\\\/fr\\\/wp-content\\\/uploads\\\/2025\\\/06\\\/Webdo-Tunisie_168377.jpg\",\"width\":301,\"height\":301,\"caption\":\"Webdo\"},\"image\":{\"@id\":\"https:\\\/\\\/www.webdo.tn\\\/fr\\\/#\\\/schema\\\/logo\\\/image\\\/\"},\"sameAs\":[\"https:\\\/\\\/www.facebook.com\\\/webdotn\",\"https:\\\/\\\/x.com\\\/webdo_tn\"],\"description\":\"Webdo est un m\u00e9dia num\u00e9rique tunisien fond\u00e9 en 2010, sp\u00e9cialis\u00e9 dans l\u2019actualit\u00e9 nationale et internationale, l\u2019\u00e9conomie, la soci\u00e9t\u00e9 et les analyses politiques. Le site s\u2019adresse \u00e0 un large public francophone et couvre l\u2019information tunisienne en temps r\u00e9el.\",\"email\":\"redac@webdo.tn\",\"legalName\":\"YNJ SARL\",\"foundingDate\":\"2010-09-06\",\"numberOfEmployees\":{\"@type\":\"QuantitativeValue\",\"minValue\":\"11\",\"maxValue\":\"50\"}},{\"@type\":\"Person\",\"@id\":\"https:\\\/\\\/www.webdo.tn\\\/fr\\\/#\\\/schema\\\/person\\\/9a9c6118d687c117df8ef3cc36a4d175\",\"name\":\"webdo.tn\",\"image\":{\"@type\":\"ImageObject\",\"inLanguage\":\"fr-FR\",\"@id\":\"https:\\\/\\\/secure.gravatar.com\\\/avatar\\\/7ce1f28c0c3bbac99ff550b85ef8e44a6950c6ee24514fb6a5489e51d06f0298?s=96&d=mm&r=g\",\"url\":\"https:\\\/\\\/secure.gravatar.com\\\/avatar\\\/7ce1f28c0c3bbac99ff550b85ef8e44a6950c6ee24514fb6a5489e51d06f0298?s=96&d=mm&r=g\",\"contentUrl\":\"https:\\\/\\\/secure.gravatar.com\\\/avatar\\\/7ce1f28c0c3bbac99ff550b85ef8e44a6950c6ee24514fb6a5489e51d06f0298?s=96&d=mm&r=g\",\"caption\":\"webdo.tn\"},\"url\":\"https:\\\/\\\/www.webdo.tn\\\/fr\\\/actualite\\\/author\\\/webdotn\\\/\"}]}<\/script>\n<!-- \/ Yoast SEO Premium plugin. -->","yoast_head_json":{"title":"L'affaire MAM et les mauvaises habitudes postcoloniales","description":"L'affaire MAM et les mauvaises habitudes postcoloniales","canonical":"https:\/\/www.webdo.tn\/fr\/actualite\/national\/laffaire-mam-et-les-mauvaises-habitudes-postcoloniales\/173033\/","og_locale":"fr_FR","og_type":"article","og_title":"L'affaire MAM et les mauvaises habitudes postcoloniales","og_description":"L'affaire MAM et les mauvaises habitudes postcoloniales","og_url":"https:\/\/www.webdo.tn\/fr\/actualite\/national\/laffaire-mam-et-les-mauvaises-habitudes-postcoloniales\/173033\/","og_site_name":"webdo","article_publisher":"https:\/\/www.facebook.com\/webdotn","article_published_time":"2011-02-13T09:13:00+00:00","author":"webdo.tn","twitter_card":"summary_large_image","twitter_creator":"@webdo_tn","twitter_site":"@webdo_tn","twitter_misc":{"\u00c9crit par":"webdo.tn","Dur\u00e9e de lecture estim\u00e9e":"8 minutes"},"schema":{"@context":"https:\/\/schema.org","@graph":[{"@type":"NewsArticle","@id":"https:\/\/www.webdo.tn\/fr\/actualite\/national\/laffaire-mam-et-les-mauvaises-habitudes-postcoloniales\/173033\/#article","isPartOf":{"@id":"https:\/\/www.webdo.tn\/fr\/actualite\/national\/laffaire-mam-et-les-mauvaises-habitudes-postcoloniales\/173033\/"},"author":{"name":"webdo.tn","@id":"https:\/\/www.webdo.tn\/fr\/#\/schema\/person\/9a9c6118d687c117df8ef3cc36a4d175"},"headline":"L&rsquo;affaire MAM et les mauvaises habitudes postcoloniales","datePublished":"2011-02-13T09:13:00+00:00","mainEntityOfPage":{"@id":"https:\/\/www.webdo.tn\/fr\/actualite\/national\/laffaire-mam-et-les-mauvaises-habitudes-postcoloniales\/173033\/"},"wordCount":1580,"commentCount":0,"publisher":{"@id":"https:\/\/www.webdo.tn\/fr\/#organization"},"image":{"@id":"https:\/\/www.webdo.tn\/fr\/actualite\/national\/laffaire-mam-et-les-mauvaises-habitudes-postcoloniales\/173033\/#primaryimage"},"thumbnailUrl":"https:\/\/www.webdo.tn\/fr\/wp-content\/uploads\/2025\/06\/FireShot-Capture-1063-webdo_default-53-750x375.jpg-750\u00d7375-www.webdo_.tn_.png","articleSection":["National"],"inLanguage":"fr-FR"},{"@type":"WebPage","@id":"https:\/\/www.webdo.tn\/fr\/actualite\/national\/laffaire-mam-et-les-mauvaises-habitudes-postcoloniales\/173033\/","url":"https:\/\/www.webdo.tn\/fr\/actualite\/national\/laffaire-mam-et-les-mauvaises-habitudes-postcoloniales\/173033\/","name":"L'affaire MAM et les mauvaises habitudes postcoloniales","isPartOf":{"@id":"https:\/\/www.webdo.tn\/fr\/#website"},"primaryImageOfPage":{"@id":"https:\/\/www.webdo.tn\/fr\/actualite\/national\/laffaire-mam-et-les-mauvaises-habitudes-postcoloniales\/173033\/#primaryimage"},"image":{"@id":"https:\/\/www.webdo.tn\/fr\/actualite\/national\/laffaire-mam-et-les-mauvaises-habitudes-postcoloniales\/173033\/#primaryimage"},"thumbnailUrl":"https:\/\/www.webdo.tn\/fr\/wp-content\/uploads\/2025\/06\/FireShot-Capture-1063-webdo_default-53-750x375.jpg-750\u00d7375-www.webdo_.tn_.png","datePublished":"2011-02-13T09:13:00+00:00","description":"L'affaire MAM et les mauvaises habitudes postcoloniales","breadcrumb":{"@id":"https:\/\/www.webdo.tn\/fr\/actualite\/national\/laffaire-mam-et-les-mauvaises-habitudes-postcoloniales\/173033\/#breadcrumb"},"inLanguage":"fr-FR","potentialAction":[{"@type":"ReadAction","target":["https:\/\/www.webdo.tn\/fr\/actualite\/national\/laffaire-mam-et-les-mauvaises-habitudes-postcoloniales\/173033\/"]}]},{"@type":"ImageObject","inLanguage":"fr-FR","@id":"https:\/\/www.webdo.tn\/fr\/actualite\/national\/laffaire-mam-et-les-mauvaises-habitudes-postcoloniales\/173033\/#primaryimage","url":"https:\/\/www.webdo.tn\/fr\/wp-content\/uploads\/2025\/06\/FireShot-Capture-1063-webdo_default-53-750x375.jpg-750\u00d7375-www.webdo_.tn_.png","contentUrl":"https:\/\/www.webdo.tn\/fr\/wp-content\/uploads\/2025\/06\/FireShot-Capture-1063-webdo_default-53-750x375.jpg-750\u00d7375-www.webdo_.tn_.png","width":746,"height":371},{"@type":"BreadcrumbList","@id":"https:\/\/www.webdo.tn\/fr\/actualite\/national\/laffaire-mam-et-les-mauvaises-habitudes-postcoloniales\/173033\/#breadcrumb","itemListElement":[{"@type":"ListItem","position":1,"name":"Accueil","item":"https:\/\/www.webdo.tn\/fr\/"},{"@type":"ListItem","position":2,"name":"L&rsquo;affaire MAM et les mauvaises habitudes postcoloniales"}]},{"@type":"WebSite","@id":"https:\/\/www.webdo.tn\/fr\/#website","url":"https:\/\/www.webdo.tn\/fr\/","name":"webdo","description":"Tunisie - News en Tunisie et \u00e0 l&#039;international sur Webdo.tn","publisher":{"@id":"https:\/\/www.webdo.tn\/fr\/#organization"},"potentialAction":[{"@type":"SearchAction","target":{"@type":"EntryPoint","urlTemplate":"https:\/\/www.webdo.tn\/fr\/?s={search_term_string}"},"query-input":{"@type":"PropertyValueSpecification","valueRequired":true,"valueName":"search_term_string"}}],"inLanguage":"fr-FR"},{"@type":"Organization","@id":"https:\/\/www.webdo.tn\/fr\/#organization","name":"Webdo","alternateName":"Webdo.tn","url":"https:\/\/www.webdo.tn\/fr\/","logo":{"@type":"ImageObject","inLanguage":"fr-FR","@id":"https:\/\/www.webdo.tn\/fr\/#\/schema\/logo\/image\/","url":"https:\/\/www.webdo.tn\/fr\/wp-content\/uploads\/2025\/06\/Webdo-Tunisie_168377.jpg","contentUrl":"https:\/\/www.webdo.tn\/fr\/wp-content\/uploads\/2025\/06\/Webdo-Tunisie_168377.jpg","width":301,"height":301,"caption":"Webdo"},"image":{"@id":"https:\/\/www.webdo.tn\/fr\/#\/schema\/logo\/image\/"},"sameAs":["https:\/\/www.facebook.com\/webdotn","https:\/\/x.com\/webdo_tn"],"description":"Webdo est un m\u00e9dia num\u00e9rique tunisien fond\u00e9 en 2010, sp\u00e9cialis\u00e9 dans l\u2019actualit\u00e9 nationale et internationale, l\u2019\u00e9conomie, la soci\u00e9t\u00e9 et les analyses politiques. Le site s\u2019adresse \u00e0 un large public francophone et couvre l\u2019information tunisienne en temps r\u00e9el.","email":"redac@webdo.tn","legalName":"YNJ SARL","foundingDate":"2010-09-06","numberOfEmployees":{"@type":"QuantitativeValue","minValue":"11","maxValue":"50"}},{"@type":"Person","@id":"https:\/\/www.webdo.tn\/fr\/#\/schema\/person\/9a9c6118d687c117df8ef3cc36a4d175","name":"webdo.tn","image":{"@type":"ImageObject","inLanguage":"fr-FR","@id":"https:\/\/secure.gravatar.com\/avatar\/7ce1f28c0c3bbac99ff550b85ef8e44a6950c6ee24514fb6a5489e51d06f0298?s=96&d=mm&r=g","url":"https:\/\/secure.gravatar.com\/avatar\/7ce1f28c0c3bbac99ff550b85ef8e44a6950c6ee24514fb6a5489e51d06f0298?s=96&d=mm&r=g","contentUrl":"https:\/\/secure.gravatar.com\/avatar\/7ce1f28c0c3bbac99ff550b85ef8e44a6950c6ee24514fb6a5489e51d06f0298?s=96&d=mm&r=g","caption":"webdo.tn"},"url":"https:\/\/www.webdo.tn\/fr\/actualite\/author\/webdotn\/"}]}},"_links":{"self":[{"href":"https:\/\/www.webdo.tn\/fr\/wp-json\/wp\/v2\/posts\/173033","targetHints":{"allow":["GET"]}}],"collection":[{"href":"https:\/\/www.webdo.tn\/fr\/wp-json\/wp\/v2\/posts"}],"about":[{"href":"https:\/\/www.webdo.tn\/fr\/wp-json\/wp\/v2\/types\/post"}],"author":[{"embeddable":true,"href":"https:\/\/www.webdo.tn\/fr\/wp-json\/wp\/v2\/users\/3222"}],"replies":[{"embeddable":true,"href":"https:\/\/www.webdo.tn\/fr\/wp-json\/wp\/v2\/comments?post=173033"}],"version-history":[{"count":0,"href":"https:\/\/www.webdo.tn\/fr\/wp-json\/wp\/v2\/posts\/173033\/revisions"}],"wp:featuredmedia":[{"embeddable":true,"href":"https:\/\/www.webdo.tn\/fr\/wp-json\/wp\/v2\/media\/376290"}],"wp:attachment":[{"href":"https:\/\/www.webdo.tn\/fr\/wp-json\/wp\/v2\/media?parent=173033"}],"wp:term":[{"taxonomy":"category","embeddable":true,"href":"https:\/\/www.webdo.tn\/fr\/wp-json\/wp\/v2\/categories?post=173033"},{"taxonomy":"post_tag","embeddable":true,"href":"https:\/\/www.webdo.tn\/fr\/wp-json\/wp\/v2\/tags?post=173033"}],"curies":[{"name":"wp","href":"https:\/\/api.w.org\/{rel}","templated":true}]}}