{"id":173032,"date":"2011-02-14T10:08:00","date_gmt":"2011-02-14T10:08:00","guid":{"rendered":"https:\/\/www.webdo.tn\/fr\/actualite\/blog\/apres-la-liberte-la-souverainete\/173032\/"},"modified":"2011-02-14T10:08:00","modified_gmt":"2011-02-14T10:08:00","slug":"apres-la-liberte-la-souverainete","status":"publish","type":"post","link":"https:\/\/www.webdo.tn\/fr\/actualite\/national\/apres-la-liberte-la-souverainete\/173032\/","title":{"rendered":"\u00ab\u00a0Apr\u00e8s la libert\u00e9, la souverainet\u00e9\u00a0\u00bb"},"content":{"rendered":"<p>Fondateur du mouvement Byrsa, S\u00e9lim Ben Hassen et son \u00e9quipe n\u2019ont pas attendu le 14 janvier 2011 pour s\u2019engager dans l\u2019ar\u00e8ne politique. A Science Po d\u2019abord o\u00f9 il fonde l\u2019association Sciences Po Monde Arabe puis \u00e0 Oxford o\u00f9 S\u00e9limtravaille sur la Constitution et les institutions politiques tunisiennes. Une intuition sans doute mais surtout la conviction que la Tunisie n\u2019\u00e9tait pas condamn\u00e9e \u00e0 \u00eatre \u00e9ternellement tenue par une oligarchie de mafieux.<\/p>\n<p>D\u00e9termin\u00e9 \u00e0 bousculer cette dictature d\u2019arri\u00e8re-garde, S\u00e9lim s\u2019engage depuis plusieurs ann\u00e9es avec ses camarades pour r\u00e9-investir le champ politique tunisien. Avec son association Science Po Monde Arabe, des d\u00e9bats sont organis\u00e9s sur des sujets aussi importants que la corruption dans le monde arabe, la libert\u00e9 de la presse, la peine de mort etc. Peu avant les \u00e9lections truqu\u00e9es de 2009, une conf\u00e9rence r\u00e9unissant l\u2019ensemble de la sc\u00e8ne politique tunisienne incluant les partis d\u2019opposition se tient \u00e0 Paris sous la surveillance des chiens de garde de l\u2019ambassade. Revoir ces vid\u00e9os sur dail motion aujourd\u2019hui est d\u2019un grand enseignement.<\/p>\n<p>Au moment o\u00f9 les grandes organisations \u00e9tudiantes tunisiennes revendiquaient leur apolitisme  quelque peu opportuniste en fermant les yeux sur la dictature, Byrsa a multipli\u00e9 les initiatives pour faire naitre un d\u00e9sir de politique.<\/p>\n<p>Comme tout le monde, cette r\u00e9volution soudaine, sid\u00e9rante, magnifique qu\u2019ils esp\u00e9raient sans pouvoir y croire, ils ne l\u2019ont pas venu venir mais ils s\u2019y sont pr\u00e9par\u00e9s sans jamais c\u00e9der \u00e0 la r\u00e9signation. Ils veulent aujourd\u2019hui aider \u00e0 construire les fondements d\u2019une soci\u00e9t\u00e9 civile qui plus jamais ne se laissera dominer par un r\u00e9gime qu\u2019elle n\u2019aura pas choisi.<\/p>\n<p>Aujourd\u2019hui leur analyse de la sc\u00e8ne politique est sans \u00e9quivoque. Pour Bechir Nefzi, scl\u00e9ros\u00e9, le r\u00e9gime Ben Ali a pratiqu\u00e9 la politique de la terre br\u00fbl\u00e9e pour laisser un champ politique vide. Les opposants sont isol\u00e9s. Ceux qui se sont exil\u00e9s sont partis trop longtemps et ceux qui sont rest\u00e9s ont \u00e9t\u00e9 lamin\u00e9s par trop de compromissions ou de violence. L\u2019engagement de ces opposants s\u2019est avec le temps d\u00e9connect\u00e9 du terrain et des demandes sociales. L\u2019exigence de dignit\u00e9 r\u00e9clam\u00e9e par les manifestants a surpris tout le monde et n\u2019a \u00e9t\u00e9 relay\u00e9 par aucun mouvement politique.<\/p>\n<p>Quoi qu\u2019il advienne, ils savent que la campagne \u00e9lectorale ne pourra pas \u00eatre loyale. Il faut donc avant tout occuper l\u2019espace en raisonnant sur le long terme. En lieu et place d\u2019une campagne \u00e9lectorale, le mouvement pr\u00e9f\u00e8re se mobiliser pour une campagne citoyenne, qui, faute de peser sur les \u00e9lections permettra d\u2019assoir les bases d\u2019une souverainet\u00e9 solide. Lucides, ils se m\u00e9fient de la tentation d\u2019incarnation et de m\u00e9diatisation trop rapide qui ne pourrait que r\u00e9duire la port\u00e9e du mouvement sortie des entrailles d\u2019un peuple. Pour Karim Salah, la construction d\u2019une offre politique ne doit pas pr\u00e9c\u00e9der la consolidation des acquis de la r\u00e9volution. C\u2019est le rapport entre gouvern\u00e9s et gouvernants qui doit changer, durablement.<\/p>\n<p>Dans ce contexte leur projet est tout \u00e0 la fois simple et ambitieux. Apr\u00e8s la conqu\u00eate de la libert\u00e9, il faut s\u2019attacher \u00e0 garantir la souverainet\u00e9 du peuple. Une souverainet\u00e9 qui rend possible de choisir collectivement son destin en devant acteur de celui-ci.<\/p>\n<p>C\u2019est un retour aux fondamentaux de l\u2019engagement civil. Faire de la politique pour eux, \u00e7a veut dire ne pas attendre l\u2019homme providentiel.  S\u2019engager dans l\u2019action pour faire \u00e9merger un espace de citoyennet\u00e9. Cet espace n\u00e9 de la r\u00e9volte des plus d\u00e9munis doit aujourd\u2019hui se d\u00e9velopper sur des projets concrets pour incarner les valeurs d\u00e9mocratiques sur le long terme.<\/p>\n<p>Le mouvement Byrsa dont le si\u00e8ge et les militants sont \u00e0 Tunis arpente d\u00e9j\u00e0 le pays pour donner corps \u00e0 cette souverainet\u00e9. Pourquoi ne pas faire de la Tunisie la premi\u00e8re d\u00e9mocratie directe du monde arabe\u00a0? Pourquoi ne pas promouvoir des initiatives de d\u00e9mocratie participative\u00a0? Byrsa ne manque pas d\u2019id\u00e9es: ils entament actuellement une campagne dans les lyc\u00e9es et les coll\u00e8ges, et plusieurs projets de d\u00e9mocratie participative sont en cours.<\/p>\n<p>Tout concoure dans leur d\u00e9marche \u00e0 mettre en marche des processus de d\u00e9mocratie directe d\u2019initiative citoyenne.<\/p>\n<p>En tout \u00e9tat de cause, pour eux, la r\u00e9volution n\u2019est pas achev\u00e9e. Selon Ali Hamouda, le r\u00e9gime et les vaincus du syst\u00e8me Ben Ali sont encore l\u00e0 m\u00eame si quelques t\u00eates ont disparu du paysage. Les risques de revenir, de recommencer comme avant existent, si l\u2019on ne b\u00e2tit pas la d\u00e9mocratie sur de bonnes bases. Le v\u00e9ritable chantier d\u00e9mocratique d\u00e9marre. L\u2019espoir est aussi grand que la t\u00e2che mais ils ne manquent ni de courage ni de volont\u00e9. Ils ne parlent au nom de personne. Ils sont le peuple, acteur de sa propre \u00e9mancipation, qui souhaite poursuivre l\u2019ouvrage pour gagner une souverainet\u00e9 qui ne sera plus jamais menac\u00e9e.<br \/>\n http:\/\/www.facebook.com\/MouvementByrsa<\/p>\n","protected":false},"excerpt":{"rendered":"<p>\u00ab\u00a0Apr\u00e8s la libert\u00e9, la souverainet\u00e9\u00a0\u00bb <\/p>\n","protected":false},"author":3222,"featured_media":365596,"comment_status":"open","ping_status":"closed","sticky":false,"template":"","format":"standard","meta":{"footnotes":""},"categories":[44],"tags":[],"class_list":["post-173032","post","type-post","status-publish","format-standard","has-post-thumbnail","hentry","category-national"],"yoast_head":"<!-- This site is optimized with the Yoast SEO Premium plugin v27.4 (Yoast SEO v27.4) - https:\/\/yoast.com\/product\/yoast-seo-premium-wordpress\/ -->\n<title>\u00ab\u00a0Apr\u00e8s la libert\u00e9, la souverainet\u00e9\u00a0\u00bb<\/title>\n<meta name=\"description\" content=\"\u00ab\u00a0Apr\u00e8s la libert\u00e9, la souverainet\u00e9\u00a0\u00bb\" \/>\n<link rel=\"canonical\" href=\"https:\/\/www.webdo.tn\/fr\/actualite\/national\/apres-la-liberte-la-souverainete\/173032\/\" \/>\n<meta property=\"og:locale\" content=\"fr_FR\" \/>\n<meta property=\"og:type\" content=\"article\" \/>\n<meta property=\"og:title\" content=\"\u00ab\u00a0Apr\u00e8s la libert\u00e9, la souverainet\u00e9\u00a0\u00bb\" \/>\n<meta property=\"og:description\" content=\"\u00ab\u00a0Apr\u00e8s la libert\u00e9, la souverainet\u00e9\u00a0\u00bb\" \/>\n<meta property=\"og:url\" content=\"https:\/\/www.webdo.tn\/fr\/actualite\/national\/apres-la-liberte-la-souverainete\/173032\/\" \/>\n<meta property=\"og:site_name\" content=\"webdo\" \/>\n<meta property=\"article:publisher\" content=\"https:\/\/www.facebook.com\/webdotn\" \/>\n<meta property=\"article:published_time\" content=\"2011-02-14T10:08:00+00:00\" \/>\n<meta property=\"og:image\" content=\"https:\/\/www.webdo.tn\/fr\/wp-content\/uploads\/2011\/02\/Mouvement-Byrsa.jpg\" \/>\n\t<meta property=\"og:image:width\" content=\"200\" \/>\n\t<meta property=\"og:image:height\" content=\"152\" \/>\n\t<meta property=\"og:image:type\" content=\"image\/jpeg\" \/>\n<meta name=\"author\" content=\"webdo.tn\" \/>\n<meta name=\"twitter:card\" content=\"summary_large_image\" \/>\n<meta name=\"twitter:creator\" content=\"@webdo_tn\" \/>\n<meta name=\"twitter:site\" content=\"@webdo_tn\" \/>\n<meta name=\"twitter:label1\" content=\"\u00c9crit par\" \/>\n\t<meta name=\"twitter:data1\" content=\"webdo.tn\" \/>\n\t<meta name=\"twitter:label2\" content=\"Dur\u00e9e de lecture estim\u00e9e\" \/>\n\t<meta name=\"twitter:data2\" content=\"4 minutes\" \/>\n<script type=\"application\/ld+json\" class=\"yoast-schema-graph\">{\"@context\":\"https:\\\/\\\/schema.org\",\"@graph\":[{\"@type\":\"NewsArticle\",\"@id\":\"https:\\\/\\\/www.webdo.tn\\\/fr\\\/actualite\\\/national\\\/apres-la-liberte-la-souverainete\\\/173032\\\/#article\",\"isPartOf\":{\"@id\":\"https:\\\/\\\/www.webdo.tn\\\/fr\\\/actualite\\\/national\\\/apres-la-liberte-la-souverainete\\\/173032\\\/\"},\"author\":{\"name\":\"webdo.tn\",\"@id\":\"https:\\\/\\\/www.webdo.tn\\\/fr\\\/#\\\/schema\\\/person\\\/9a9c6118d687c117df8ef3cc36a4d175\"},\"headline\":\"\u00ab\u00a0Apr\u00e8s la libert\u00e9, la souverainet\u00e9\u00a0\u00bb\",\"datePublished\":\"2011-02-14T10:08:00+00:00\",\"mainEntityOfPage\":{\"@id\":\"https:\\\/\\\/www.webdo.tn\\\/fr\\\/actualite\\\/national\\\/apres-la-liberte-la-souverainete\\\/173032\\\/\"},\"wordCount\":882,\"commentCount\":0,\"publisher\":{\"@id\":\"https:\\\/\\\/www.webdo.tn\\\/fr\\\/#organization\"},\"image\":{\"@id\":\"https:\\\/\\\/www.webdo.tn\\\/fr\\\/actualite\\\/national\\\/apres-la-liberte-la-souverainete\\\/173032\\\/#primaryimage\"},\"thumbnailUrl\":\"https:\\\/\\\/www.webdo.tn\\\/fr\\\/wp-content\\\/uploads\\\/2011\\\/02\\\/Mouvement-Byrsa.jpg\",\"articleSection\":[\"National\"],\"inLanguage\":\"fr-FR\"},{\"@type\":\"WebPage\",\"@id\":\"https:\\\/\\\/www.webdo.tn\\\/fr\\\/actualite\\\/national\\\/apres-la-liberte-la-souverainete\\\/173032\\\/\",\"url\":\"https:\\\/\\\/www.webdo.tn\\\/fr\\\/actualite\\\/national\\\/apres-la-liberte-la-souverainete\\\/173032\\\/\",\"name\":\"\u00ab\u00a0Apr\u00e8s la libert\u00e9, la souverainet\u00e9\u00a0\u00bb\",\"isPartOf\":{\"@id\":\"https:\\\/\\\/www.webdo.tn\\\/fr\\\/#website\"},\"primaryImageOfPage\":{\"@id\":\"https:\\\/\\\/www.webdo.tn\\\/fr\\\/actualite\\\/national\\\/apres-la-liberte-la-souverainete\\\/173032\\\/#primaryimage\"},\"image\":{\"@id\":\"https:\\\/\\\/www.webdo.tn\\\/fr\\\/actualite\\\/national\\\/apres-la-liberte-la-souverainete\\\/173032\\\/#primaryimage\"},\"thumbnailUrl\":\"https:\\\/\\\/www.webdo.tn\\\/fr\\\/wp-content\\\/uploads\\\/2011\\\/02\\\/Mouvement-Byrsa.jpg\",\"datePublished\":\"2011-02-14T10:08:00+00:00\",\"description\":\"\u00ab\u00a0Apr\u00e8s la libert\u00e9, la souverainet\u00e9\u00a0\u00bb\",\"breadcrumb\":{\"@id\":\"https:\\\/\\\/www.webdo.tn\\\/fr\\\/actualite\\\/national\\\/apres-la-liberte-la-souverainete\\\/173032\\\/#breadcrumb\"},\"inLanguage\":\"fr-FR\",\"potentialAction\":[{\"@type\":\"ReadAction\",\"target\":[\"https:\\\/\\\/www.webdo.tn\\\/fr\\\/actualite\\\/national\\\/apres-la-liberte-la-souverainete\\\/173032\\\/\"]}]},{\"@type\":\"ImageObject\",\"inLanguage\":\"fr-FR\",\"@id\":\"https:\\\/\\\/www.webdo.tn\\\/fr\\\/actualite\\\/national\\\/apres-la-liberte-la-souverainete\\\/173032\\\/#primaryimage\",\"url\":\"https:\\\/\\\/www.webdo.tn\\\/fr\\\/wp-content\\\/uploads\\\/2011\\\/02\\\/Mouvement-Byrsa.jpg\",\"contentUrl\":\"https:\\\/\\\/www.webdo.tn\\\/fr\\\/wp-content\\\/uploads\\\/2011\\\/02\\\/Mouvement-Byrsa.jpg\",\"width\":200,\"height\":152,\"caption\":\"\u00ab\u00a0Apr\u00e8s la libert\u00e9, la souverainet\u00e9\u00a0\u00bb\"},{\"@type\":\"BreadcrumbList\",\"@id\":\"https:\\\/\\\/www.webdo.tn\\\/fr\\\/actualite\\\/national\\\/apres-la-liberte-la-souverainete\\\/173032\\\/#breadcrumb\",\"itemListElement\":[{\"@type\":\"ListItem\",\"position\":1,\"name\":\"Accueil\",\"item\":\"https:\\\/\\\/www.webdo.tn\\\/fr\\\/\"},{\"@type\":\"ListItem\",\"position\":2,\"name\":\"\u00ab\u00a0Apr\u00e8s la libert\u00e9, la souverainet\u00e9\u00a0\u00bb\"}]},{\"@type\":\"WebSite\",\"@id\":\"https:\\\/\\\/www.webdo.tn\\\/fr\\\/#website\",\"url\":\"https:\\\/\\\/www.webdo.tn\\\/fr\\\/\",\"name\":\"webdo\",\"description\":\"Tunisie - News en Tunisie et \u00e0 l&#039;international sur Webdo.tn\",\"publisher\":{\"@id\":\"https:\\\/\\\/www.webdo.tn\\\/fr\\\/#organization\"},\"potentialAction\":[{\"@type\":\"SearchAction\",\"target\":{\"@type\":\"EntryPoint\",\"urlTemplate\":\"https:\\\/\\\/www.webdo.tn\\\/fr\\\/?s={search_term_string}\"},\"query-input\":{\"@type\":\"PropertyValueSpecification\",\"valueRequired\":true,\"valueName\":\"search_term_string\"}}],\"inLanguage\":\"fr-FR\"},{\"@type\":\"Organization\",\"@id\":\"https:\\\/\\\/www.webdo.tn\\\/fr\\\/#organization\",\"name\":\"Webdo\",\"alternateName\":\"Webdo.tn\",\"url\":\"https:\\\/\\\/www.webdo.tn\\\/fr\\\/\",\"logo\":{\"@type\":\"ImageObject\",\"inLanguage\":\"fr-FR\",\"@id\":\"https:\\\/\\\/www.webdo.tn\\\/fr\\\/#\\\/schema\\\/logo\\\/image\\\/\",\"url\":\"https:\\\/\\\/www.webdo.tn\\\/fr\\\/wp-content\\\/uploads\\\/2025\\\/06\\\/Webdo-Tunisie_168377.jpg\",\"contentUrl\":\"https:\\\/\\\/www.webdo.tn\\\/fr\\\/wp-content\\\/uploads\\\/2025\\\/06\\\/Webdo-Tunisie_168377.jpg\",\"width\":301,\"height\":301,\"caption\":\"Webdo\"},\"image\":{\"@id\":\"https:\\\/\\\/www.webdo.tn\\\/fr\\\/#\\\/schema\\\/logo\\\/image\\\/\"},\"sameAs\":[\"https:\\\/\\\/www.facebook.com\\\/webdotn\",\"https:\\\/\\\/x.com\\\/webdo_tn\"],\"description\":\"Webdo est un m\u00e9dia num\u00e9rique tunisien fond\u00e9 en 2010, sp\u00e9cialis\u00e9 dans l\u2019actualit\u00e9 nationale et internationale, l\u2019\u00e9conomie, la soci\u00e9t\u00e9 et les analyses politiques. Le site s\u2019adresse \u00e0 un large public francophone et couvre l\u2019information tunisienne en temps r\u00e9el.\",\"email\":\"redac@webdo.tn\",\"legalName\":\"YNJ SARL\",\"foundingDate\":\"2010-09-06\",\"numberOfEmployees\":{\"@type\":\"QuantitativeValue\",\"minValue\":\"11\",\"maxValue\":\"50\"}},{\"@type\":\"Person\",\"@id\":\"https:\\\/\\\/www.webdo.tn\\\/fr\\\/#\\\/schema\\\/person\\\/9a9c6118d687c117df8ef3cc36a4d175\",\"name\":\"webdo.tn\",\"image\":{\"@type\":\"ImageObject\",\"inLanguage\":\"fr-FR\",\"@id\":\"https:\\\/\\\/secure.gravatar.com\\\/avatar\\\/7ce1f28c0c3bbac99ff550b85ef8e44a6950c6ee24514fb6a5489e51d06f0298?s=96&d=mm&r=g\",\"url\":\"https:\\\/\\\/secure.gravatar.com\\\/avatar\\\/7ce1f28c0c3bbac99ff550b85ef8e44a6950c6ee24514fb6a5489e51d06f0298?s=96&d=mm&r=g\",\"contentUrl\":\"https:\\\/\\\/secure.gravatar.com\\\/avatar\\\/7ce1f28c0c3bbac99ff550b85ef8e44a6950c6ee24514fb6a5489e51d06f0298?s=96&d=mm&r=g\",\"caption\":\"webdo.tn\"},\"url\":\"https:\\\/\\\/www.webdo.tn\\\/fr\\\/actualite\\\/author\\\/webdotn\\\/\"}]}<\/script>\n<!-- \/ Yoast SEO Premium plugin. -->","yoast_head_json":{"title":"\u00ab\u00a0Apr\u00e8s la libert\u00e9, la souverainet\u00e9\u00a0\u00bb","description":"\u00ab\u00a0Apr\u00e8s la libert\u00e9, la souverainet\u00e9\u00a0\u00bb","canonical":"https:\/\/www.webdo.tn\/fr\/actualite\/national\/apres-la-liberte-la-souverainete\/173032\/","og_locale":"fr_FR","og_type":"article","og_title":"\u00ab\u00a0Apr\u00e8s la libert\u00e9, la souverainet\u00e9\u00a0\u00bb","og_description":"\u00ab\u00a0Apr\u00e8s la libert\u00e9, la souverainet\u00e9\u00a0\u00bb","og_url":"https:\/\/www.webdo.tn\/fr\/actualite\/national\/apres-la-liberte-la-souverainete\/173032\/","og_site_name":"webdo","article_publisher":"https:\/\/www.facebook.com\/webdotn","article_published_time":"2011-02-14T10:08:00+00:00","og_image":[{"width":200,"height":152,"url":"https:\/\/www.webdo.tn\/fr\/wp-content\/uploads\/2011\/02\/Mouvement-Byrsa.jpg","type":"image\/jpeg"}],"author":"webdo.tn","twitter_card":"summary_large_image","twitter_creator":"@webdo_tn","twitter_site":"@webdo_tn","twitter_misc":{"\u00c9crit par":"webdo.tn","Dur\u00e9e de lecture estim\u00e9e":"4 minutes"},"schema":{"@context":"https:\/\/schema.org","@graph":[{"@type":"NewsArticle","@id":"https:\/\/www.webdo.tn\/fr\/actualite\/national\/apres-la-liberte-la-souverainete\/173032\/#article","isPartOf":{"@id":"https:\/\/www.webdo.tn\/fr\/actualite\/national\/apres-la-liberte-la-souverainete\/173032\/"},"author":{"name":"webdo.tn","@id":"https:\/\/www.webdo.tn\/fr\/#\/schema\/person\/9a9c6118d687c117df8ef3cc36a4d175"},"headline":"\u00ab\u00a0Apr\u00e8s la libert\u00e9, la souverainet\u00e9\u00a0\u00bb","datePublished":"2011-02-14T10:08:00+00:00","mainEntityOfPage":{"@id":"https:\/\/www.webdo.tn\/fr\/actualite\/national\/apres-la-liberte-la-souverainete\/173032\/"},"wordCount":882,"commentCount":0,"publisher":{"@id":"https:\/\/www.webdo.tn\/fr\/#organization"},"image":{"@id":"https:\/\/www.webdo.tn\/fr\/actualite\/national\/apres-la-liberte-la-souverainete\/173032\/#primaryimage"},"thumbnailUrl":"https:\/\/www.webdo.tn\/fr\/wp-content\/uploads\/2011\/02\/Mouvement-Byrsa.jpg","articleSection":["National"],"inLanguage":"fr-FR"},{"@type":"WebPage","@id":"https:\/\/www.webdo.tn\/fr\/actualite\/national\/apres-la-liberte-la-souverainete\/173032\/","url":"https:\/\/www.webdo.tn\/fr\/actualite\/national\/apres-la-liberte-la-souverainete\/173032\/","name":"\u00ab\u00a0Apr\u00e8s la libert\u00e9, la souverainet\u00e9\u00a0\u00bb","isPartOf":{"@id":"https:\/\/www.webdo.tn\/fr\/#website"},"primaryImageOfPage":{"@id":"https:\/\/www.webdo.tn\/fr\/actualite\/national\/apres-la-liberte-la-souverainete\/173032\/#primaryimage"},"image":{"@id":"https:\/\/www.webdo.tn\/fr\/actualite\/national\/apres-la-liberte-la-souverainete\/173032\/#primaryimage"},"thumbnailUrl":"https:\/\/www.webdo.tn\/fr\/wp-content\/uploads\/2011\/02\/Mouvement-Byrsa.jpg","datePublished":"2011-02-14T10:08:00+00:00","description":"\u00ab\u00a0Apr\u00e8s la libert\u00e9, la souverainet\u00e9\u00a0\u00bb","breadcrumb":{"@id":"https:\/\/www.webdo.tn\/fr\/actualite\/national\/apres-la-liberte-la-souverainete\/173032\/#breadcrumb"},"inLanguage":"fr-FR","potentialAction":[{"@type":"ReadAction","target":["https:\/\/www.webdo.tn\/fr\/actualite\/national\/apres-la-liberte-la-souverainete\/173032\/"]}]},{"@type":"ImageObject","inLanguage":"fr-FR","@id":"https:\/\/www.webdo.tn\/fr\/actualite\/national\/apres-la-liberte-la-souverainete\/173032\/#primaryimage","url":"https:\/\/www.webdo.tn\/fr\/wp-content\/uploads\/2011\/02\/Mouvement-Byrsa.jpg","contentUrl":"https:\/\/www.webdo.tn\/fr\/wp-content\/uploads\/2011\/02\/Mouvement-Byrsa.jpg","width":200,"height":152,"caption":"\u00ab\u00a0Apr\u00e8s la libert\u00e9, la souverainet\u00e9\u00a0\u00bb"},{"@type":"BreadcrumbList","@id":"https:\/\/www.webdo.tn\/fr\/actualite\/national\/apres-la-liberte-la-souverainete\/173032\/#breadcrumb","itemListElement":[{"@type":"ListItem","position":1,"name":"Accueil","item":"https:\/\/www.webdo.tn\/fr\/"},{"@type":"ListItem","position":2,"name":"\u00ab\u00a0Apr\u00e8s la libert\u00e9, la souverainet\u00e9\u00a0\u00bb"}]},{"@type":"WebSite","@id":"https:\/\/www.webdo.tn\/fr\/#website","url":"https:\/\/www.webdo.tn\/fr\/","name":"webdo","description":"Tunisie - News en Tunisie et \u00e0 l&#039;international sur Webdo.tn","publisher":{"@id":"https:\/\/www.webdo.tn\/fr\/#organization"},"potentialAction":[{"@type":"SearchAction","target":{"@type":"EntryPoint","urlTemplate":"https:\/\/www.webdo.tn\/fr\/?s={search_term_string}"},"query-input":{"@type":"PropertyValueSpecification","valueRequired":true,"valueName":"search_term_string"}}],"inLanguage":"fr-FR"},{"@type":"Organization","@id":"https:\/\/www.webdo.tn\/fr\/#organization","name":"Webdo","alternateName":"Webdo.tn","url":"https:\/\/www.webdo.tn\/fr\/","logo":{"@type":"ImageObject","inLanguage":"fr-FR","@id":"https:\/\/www.webdo.tn\/fr\/#\/schema\/logo\/image\/","url":"https:\/\/www.webdo.tn\/fr\/wp-content\/uploads\/2025\/06\/Webdo-Tunisie_168377.jpg","contentUrl":"https:\/\/www.webdo.tn\/fr\/wp-content\/uploads\/2025\/06\/Webdo-Tunisie_168377.jpg","width":301,"height":301,"caption":"Webdo"},"image":{"@id":"https:\/\/www.webdo.tn\/fr\/#\/schema\/logo\/image\/"},"sameAs":["https:\/\/www.facebook.com\/webdotn","https:\/\/x.com\/webdo_tn"],"description":"Webdo est un m\u00e9dia num\u00e9rique tunisien fond\u00e9 en 2010, sp\u00e9cialis\u00e9 dans l\u2019actualit\u00e9 nationale et internationale, l\u2019\u00e9conomie, la soci\u00e9t\u00e9 et les analyses politiques. Le site s\u2019adresse \u00e0 un large public francophone et couvre l\u2019information tunisienne en temps r\u00e9el.","email":"redac@webdo.tn","legalName":"YNJ SARL","foundingDate":"2010-09-06","numberOfEmployees":{"@type":"QuantitativeValue","minValue":"11","maxValue":"50"}},{"@type":"Person","@id":"https:\/\/www.webdo.tn\/fr\/#\/schema\/person\/9a9c6118d687c117df8ef3cc36a4d175","name":"webdo.tn","image":{"@type":"ImageObject","inLanguage":"fr-FR","@id":"https:\/\/secure.gravatar.com\/avatar\/7ce1f28c0c3bbac99ff550b85ef8e44a6950c6ee24514fb6a5489e51d06f0298?s=96&d=mm&r=g","url":"https:\/\/secure.gravatar.com\/avatar\/7ce1f28c0c3bbac99ff550b85ef8e44a6950c6ee24514fb6a5489e51d06f0298?s=96&d=mm&r=g","contentUrl":"https:\/\/secure.gravatar.com\/avatar\/7ce1f28c0c3bbac99ff550b85ef8e44a6950c6ee24514fb6a5489e51d06f0298?s=96&d=mm&r=g","caption":"webdo.tn"},"url":"https:\/\/www.webdo.tn\/fr\/actualite\/author\/webdotn\/"}]}},"_links":{"self":[{"href":"https:\/\/www.webdo.tn\/fr\/wp-json\/wp\/v2\/posts\/173032","targetHints":{"allow":["GET"]}}],"collection":[{"href":"https:\/\/www.webdo.tn\/fr\/wp-json\/wp\/v2\/posts"}],"about":[{"href":"https:\/\/www.webdo.tn\/fr\/wp-json\/wp\/v2\/types\/post"}],"author":[{"embeddable":true,"href":"https:\/\/www.webdo.tn\/fr\/wp-json\/wp\/v2\/users\/3222"}],"replies":[{"embeddable":true,"href":"https:\/\/www.webdo.tn\/fr\/wp-json\/wp\/v2\/comments?post=173032"}],"version-history":[{"count":0,"href":"https:\/\/www.webdo.tn\/fr\/wp-json\/wp\/v2\/posts\/173032\/revisions"}],"wp:featuredmedia":[{"embeddable":true,"href":"https:\/\/www.webdo.tn\/fr\/wp-json\/wp\/v2\/media\/365596"}],"wp:attachment":[{"href":"https:\/\/www.webdo.tn\/fr\/wp-json\/wp\/v2\/media?parent=173032"}],"wp:term":[{"taxonomy":"category","embeddable":true,"href":"https:\/\/www.webdo.tn\/fr\/wp-json\/wp\/v2\/categories?post=173032"},{"taxonomy":"post_tag","embeddable":true,"href":"https:\/\/www.webdo.tn\/fr\/wp-json\/wp\/v2\/tags?post=173032"}],"curies":[{"name":"wp","href":"https:\/\/api.w.org\/{rel}","templated":true}]}}