{"id":173029,"date":"2011-02-14T10:54:00","date_gmt":"2011-02-14T10:54:00","guid":{"rendered":"https:\/\/www.webdo.tn\/fr\/actualite\/blog\/le-tourisme-post-revolutionnaire-deficit-degage\/173029\/"},"modified":"2011-02-14T10:54:00","modified_gmt":"2011-02-14T10:54:00","slug":"le-tourisme-post-revolutionnaire-deficit-degage","status":"publish","type":"post","link":"https:\/\/www.webdo.tn\/fr\/actualite\/national\/le-tourisme-post-revolutionnaire-deficit-degage\/173029\/","title":{"rendered":"Le tourisme post-r\u00e9volutionnaire : d\u00e9ficit d\u00e9gage !"},"content":{"rendered":"<p>Lors de la conf\u00e9rence de presse organis\u00e9e mercredi dernier, le ministre du commerce et du tourisme, Mehdi Haouas, a estim\u00e9 le d\u00e9ficit dans le secteur du tourisme pour le mois de Janvier, \u00e0 40%.<\/p>\n<p>Ce taux \u00e9lev\u00e9 est \u00e9videmment d\u00fb aux \u00e9v\u00e9nements qui se sont d\u00e9roul\u00e9s derni\u00e8rement dans notre pays et l&rsquo;instabilit\u00e9 qui y r\u00e8gne.<\/p>\n<p>Cependant, le ministre a indiqu\u00e9 que le secteur emploie plus de 400\u00a0000 travailleurs et repr\u00e9sente plus de 6% du PIB de la Tunisie. Mehdi Haouas a affirm\u00e9 qu\u2019il est n\u00e9cessaire de lever le couvre-feu pour r\u00e9animer le secteur touristique. Il a ajout\u00e9, en pr\u00e9sence de sp\u00e9cialistes du domaine, que la Tunisie doit retrouver une image de destination touristique haut de gamme qui poss\u00e8de un patrimoine culturel plus riche que celui de ses concurrents. Par ailleurs, les responsables des tour-op\u00e9rateurs ont rassur\u00e9 leurs clients en les informant de la reprise prochaine des activit\u00e9s pour la saison printani\u00e8re. Certains d\u2019entre eux vont proc\u00e9der \u00e0 des \u00ab\u00a0promotions de crise\u00a0\u00bb pour aider la Tunisie \u00e0 d\u00e9passer ce moment critique.<\/p>\n<p>Les internautes, de leur c\u00f4t\u00e9, ont commenc\u00e9 \u00e0 promouvoir le tourisme tunisien sur les r\u00e9seaux sociaux. Slim Chaker, secr\u00e9taire d&rsquo;Etat aupr\u00e8s du Ministre du Tourisme et du Commerce charg\u00e9 du tourisme au sein du gouvernement d&rsquo;union nationale, a cr\u00e9\u00e9 un \u00e9v\u00e9nement public sur Facebook appel\u00e9 \u00ab\u00a0Tourim In Tunisia\u00a0\u00bb qui comporte jusqu\u2019\u00e0 pr\u00e9sent plus de 22\u00a0000 participants. D&rsquo;ailleurs, une adresse mail est mise \u00e0 disposition pour toutes les id\u00e9es aidant \u00e0 soutenir le tourisme tunisien.<\/p>\n<p>Les graphistes et designers ont aussi montr\u00e9 leurs talents \u00e0 travers des photos et images qui d\u00e9voilent la beaut\u00e9 du paysage tunisien comme ces illustrations de Hager Ben Jazia sous le slogan \u00ab\u00a0Enjoy Tunisia\u00a0! Support Tunisia\u00a0\u00bb.<\/p>\n","protected":false},"excerpt":{"rendered":"<p>Le tourisme post-r\u00e9volutionnaire : d\u00e9ficit d\u00e9gage ! <\/p>\n","protected":false},"author":3222,"featured_media":365600,"comment_status":"open","ping_status":"closed","sticky":false,"template":"","format":"standard","meta":{"footnotes":""},"categories":[44],"tags":[],"class_list":["post-173029","post","type-post","status-publish","format-standard","has-post-thumbnail","hentry","category-national"],"yoast_head":"<!-- This site is optimized with the Yoast SEO Premium plugin v27.4 (Yoast SEO v27.4) - https:\/\/yoast.com\/product\/yoast-seo-premium-wordpress\/ -->\n<title>Le tourisme post-r\u00e9volutionnaire : d\u00e9ficit d\u00e9gage !<\/title>\n<meta name=\"description\" content=\"Le tourisme post-r\u00e9volutionnaire : d\u00e9ficit d\u00e9gage !\" \/>\n<link rel=\"canonical\" href=\"https:\/\/www.webdo.tn\/fr\/actualite\/national\/le-tourisme-post-revolutionnaire-deficit-degage\/173029\/\" \/>\n<meta property=\"og:locale\" content=\"fr_FR\" \/>\n<meta property=\"og:type\" content=\"article\" \/>\n<meta property=\"og:title\" content=\"Le tourisme post-r\u00e9volutionnaire : d\u00e9ficit d\u00e9gage !\" \/>\n<meta property=\"og:description\" content=\"Le tourisme post-r\u00e9volutionnaire : d\u00e9ficit d\u00e9gage !\" \/>\n<meta property=\"og:url\" content=\"https:\/\/www.webdo.tn\/fr\/actualite\/national\/le-tourisme-post-revolutionnaire-deficit-degage\/173029\/\" \/>\n<meta property=\"og:site_name\" content=\"webdo\" \/>\n<meta property=\"article:publisher\" content=\"https:\/\/www.facebook.com\/webdotn\" \/>\n<meta property=\"article:published_time\" content=\"2011-02-14T10:54:00+00:00\" \/>\n<meta property=\"og:image\" content=\"https:\/\/www.webdo.tn\/fr\/wp-content\/uploads\/2011\/02\/Hajer1-300x200-1.jpg\" \/>\n\t<meta property=\"og:image:width\" content=\"300\" \/>\n\t<meta property=\"og:image:height\" content=\"200\" \/>\n\t<meta property=\"og:image:type\" content=\"image\/jpeg\" \/>\n<meta name=\"author\" content=\"webdo.tn\" \/>\n<meta name=\"twitter:card\" content=\"summary_large_image\" \/>\n<meta name=\"twitter:creator\" content=\"@webdo_tn\" \/>\n<meta name=\"twitter:site\" content=\"@webdo_tn\" \/>\n<meta name=\"twitter:label1\" content=\"\u00c9crit par\" \/>\n\t<meta name=\"twitter:data1\" content=\"webdo.tn\" \/>\n\t<meta name=\"twitter:label2\" content=\"Dur\u00e9e de lecture estim\u00e9e\" \/>\n\t<meta name=\"twitter:data2\" content=\"1 minute\" \/>\n<script type=\"application\/ld+json\" class=\"yoast-schema-graph\">{\"@context\":\"https:\\\/\\\/schema.org\",\"@graph\":[{\"@type\":\"NewsArticle\",\"@id\":\"https:\\\/\\\/www.webdo.tn\\\/fr\\\/actualite\\\/national\\\/le-tourisme-post-revolutionnaire-deficit-degage\\\/173029\\\/#article\",\"isPartOf\":{\"@id\":\"https:\\\/\\\/www.webdo.tn\\\/fr\\\/actualite\\\/national\\\/le-tourisme-post-revolutionnaire-deficit-degage\\\/173029\\\/\"},\"author\":{\"name\":\"webdo.tn\",\"@id\":\"https:\\\/\\\/www.webdo.tn\\\/fr\\\/#\\\/schema\\\/person\\\/9a9c6118d687c117df8ef3cc36a4d175\"},\"headline\":\"Le tourisme post-r\u00e9volutionnaire : d\u00e9ficit d\u00e9gage !\",\"datePublished\":\"2011-02-14T10:54:00+00:00\",\"mainEntityOfPage\":{\"@id\":\"https:\\\/\\\/www.webdo.tn\\\/fr\\\/actualite\\\/national\\\/le-tourisme-post-revolutionnaire-deficit-degage\\\/173029\\\/\"},\"wordCount\":310,\"commentCount\":0,\"publisher\":{\"@id\":\"https:\\\/\\\/www.webdo.tn\\\/fr\\\/#organization\"},\"image\":{\"@id\":\"https:\\\/\\\/www.webdo.tn\\\/fr\\\/actualite\\\/national\\\/le-tourisme-post-revolutionnaire-deficit-degage\\\/173029\\\/#primaryimage\"},\"thumbnailUrl\":\"https:\\\/\\\/www.webdo.tn\\\/fr\\\/wp-content\\\/uploads\\\/2011\\\/02\\\/Hajer1-300x200-1.jpg\",\"articleSection\":[\"National\"],\"inLanguage\":\"fr-FR\"},{\"@type\":\"WebPage\",\"@id\":\"https:\\\/\\\/www.webdo.tn\\\/fr\\\/actualite\\\/national\\\/le-tourisme-post-revolutionnaire-deficit-degage\\\/173029\\\/\",\"url\":\"https:\\\/\\\/www.webdo.tn\\\/fr\\\/actualite\\\/national\\\/le-tourisme-post-revolutionnaire-deficit-degage\\\/173029\\\/\",\"name\":\"Le tourisme post-r\u00e9volutionnaire : d\u00e9ficit d\u00e9gage !\",\"isPartOf\":{\"@id\":\"https:\\\/\\\/www.webdo.tn\\\/fr\\\/#website\"},\"primaryImageOfPage\":{\"@id\":\"https:\\\/\\\/www.webdo.tn\\\/fr\\\/actualite\\\/national\\\/le-tourisme-post-revolutionnaire-deficit-degage\\\/173029\\\/#primaryimage\"},\"image\":{\"@id\":\"https:\\\/\\\/www.webdo.tn\\\/fr\\\/actualite\\\/national\\\/le-tourisme-post-revolutionnaire-deficit-degage\\\/173029\\\/#primaryimage\"},\"thumbnailUrl\":\"https:\\\/\\\/www.webdo.tn\\\/fr\\\/wp-content\\\/uploads\\\/2011\\\/02\\\/Hajer1-300x200-1.jpg\",\"datePublished\":\"2011-02-14T10:54:00+00:00\",\"description\":\"Le tourisme post-r\u00e9volutionnaire : d\u00e9ficit d\u00e9gage !\",\"breadcrumb\":{\"@id\":\"https:\\\/\\\/www.webdo.tn\\\/fr\\\/actualite\\\/national\\\/le-tourisme-post-revolutionnaire-deficit-degage\\\/173029\\\/#breadcrumb\"},\"inLanguage\":\"fr-FR\",\"potentialAction\":[{\"@type\":\"ReadAction\",\"target\":[\"https:\\\/\\\/www.webdo.tn\\\/fr\\\/actualite\\\/national\\\/le-tourisme-post-revolutionnaire-deficit-degage\\\/173029\\\/\"]}]},{\"@type\":\"ImageObject\",\"inLanguage\":\"fr-FR\",\"@id\":\"https:\\\/\\\/www.webdo.tn\\\/fr\\\/actualite\\\/national\\\/le-tourisme-post-revolutionnaire-deficit-degage\\\/173029\\\/#primaryimage\",\"url\":\"https:\\\/\\\/www.webdo.tn\\\/fr\\\/wp-content\\\/uploads\\\/2011\\\/02\\\/Hajer1-300x200-1.jpg\",\"contentUrl\":\"https:\\\/\\\/www.webdo.tn\\\/fr\\\/wp-content\\\/uploads\\\/2011\\\/02\\\/Hajer1-300x200-1.jpg\",\"width\":300,\"height\":200,\"caption\":\"Le tourisme post-r\u00e9volutionnaire : d\u00e9ficit d\u00e9gage !\"},{\"@type\":\"BreadcrumbList\",\"@id\":\"https:\\\/\\\/www.webdo.tn\\\/fr\\\/actualite\\\/national\\\/le-tourisme-post-revolutionnaire-deficit-degage\\\/173029\\\/#breadcrumb\",\"itemListElement\":[{\"@type\":\"ListItem\",\"position\":1,\"name\":\"Accueil\",\"item\":\"https:\\\/\\\/www.webdo.tn\\\/fr\\\/\"},{\"@type\":\"ListItem\",\"position\":2,\"name\":\"Le tourisme post-r\u00e9volutionnaire : d\u00e9ficit d\u00e9gage !\"}]},{\"@type\":\"WebSite\",\"@id\":\"https:\\\/\\\/www.webdo.tn\\\/fr\\\/#website\",\"url\":\"https:\\\/\\\/www.webdo.tn\\\/fr\\\/\",\"name\":\"webdo\",\"description\":\"Tunisie - News en Tunisie et \u00e0 l&#039;international sur Webdo.tn\",\"publisher\":{\"@id\":\"https:\\\/\\\/www.webdo.tn\\\/fr\\\/#organization\"},\"potentialAction\":[{\"@type\":\"SearchAction\",\"target\":{\"@type\":\"EntryPoint\",\"urlTemplate\":\"https:\\\/\\\/www.webdo.tn\\\/fr\\\/?s={search_term_string}\"},\"query-input\":{\"@type\":\"PropertyValueSpecification\",\"valueRequired\":true,\"valueName\":\"search_term_string\"}}],\"inLanguage\":\"fr-FR\"},{\"@type\":\"Organization\",\"@id\":\"https:\\\/\\\/www.webdo.tn\\\/fr\\\/#organization\",\"name\":\"Webdo\",\"alternateName\":\"Webdo.tn\",\"url\":\"https:\\\/\\\/www.webdo.tn\\\/fr\\\/\",\"logo\":{\"@type\":\"ImageObject\",\"inLanguage\":\"fr-FR\",\"@id\":\"https:\\\/\\\/www.webdo.tn\\\/fr\\\/#\\\/schema\\\/logo\\\/image\\\/\",\"url\":\"https:\\\/\\\/www.webdo.tn\\\/fr\\\/wp-content\\\/uploads\\\/2025\\\/06\\\/Webdo-Tunisie_168377.jpg\",\"contentUrl\":\"https:\\\/\\\/www.webdo.tn\\\/fr\\\/wp-content\\\/uploads\\\/2025\\\/06\\\/Webdo-Tunisie_168377.jpg\",\"width\":301,\"height\":301,\"caption\":\"Webdo\"},\"image\":{\"@id\":\"https:\\\/\\\/www.webdo.tn\\\/fr\\\/#\\\/schema\\\/logo\\\/image\\\/\"},\"sameAs\":[\"https:\\\/\\\/www.facebook.com\\\/webdotn\",\"https:\\\/\\\/x.com\\\/webdo_tn\"],\"description\":\"Webdo est un m\u00e9dia num\u00e9rique tunisien fond\u00e9 en 2010, sp\u00e9cialis\u00e9 dans l\u2019actualit\u00e9 nationale et internationale, l\u2019\u00e9conomie, la soci\u00e9t\u00e9 et les analyses politiques. Le site s\u2019adresse \u00e0 un large public francophone et couvre l\u2019information tunisienne en temps r\u00e9el.\",\"email\":\"redac@webdo.tn\",\"legalName\":\"YNJ SARL\",\"foundingDate\":\"2010-09-06\",\"numberOfEmployees\":{\"@type\":\"QuantitativeValue\",\"minValue\":\"11\",\"maxValue\":\"50\"}},{\"@type\":\"Person\",\"@id\":\"https:\\\/\\\/www.webdo.tn\\\/fr\\\/#\\\/schema\\\/person\\\/9a9c6118d687c117df8ef3cc36a4d175\",\"name\":\"webdo.tn\",\"image\":{\"@type\":\"ImageObject\",\"inLanguage\":\"fr-FR\",\"@id\":\"https:\\\/\\\/secure.gravatar.com\\\/avatar\\\/7ce1f28c0c3bbac99ff550b85ef8e44a6950c6ee24514fb6a5489e51d06f0298?s=96&d=mm&r=g\",\"url\":\"https:\\\/\\\/secure.gravatar.com\\\/avatar\\\/7ce1f28c0c3bbac99ff550b85ef8e44a6950c6ee24514fb6a5489e51d06f0298?s=96&d=mm&r=g\",\"contentUrl\":\"https:\\\/\\\/secure.gravatar.com\\\/avatar\\\/7ce1f28c0c3bbac99ff550b85ef8e44a6950c6ee24514fb6a5489e51d06f0298?s=96&d=mm&r=g\",\"caption\":\"webdo.tn\"},\"url\":\"https:\\\/\\\/www.webdo.tn\\\/fr\\\/actualite\\\/author\\\/webdotn\\\/\"}]}<\/script>\n<!-- \/ Yoast SEO Premium plugin. -->","yoast_head_json":{"title":"Le tourisme post-r\u00e9volutionnaire : d\u00e9ficit d\u00e9gage !","description":"Le tourisme post-r\u00e9volutionnaire : d\u00e9ficit d\u00e9gage !","canonical":"https:\/\/www.webdo.tn\/fr\/actualite\/national\/le-tourisme-post-revolutionnaire-deficit-degage\/173029\/","og_locale":"fr_FR","og_type":"article","og_title":"Le tourisme post-r\u00e9volutionnaire : d\u00e9ficit d\u00e9gage !","og_description":"Le tourisme post-r\u00e9volutionnaire : d\u00e9ficit d\u00e9gage !","og_url":"https:\/\/www.webdo.tn\/fr\/actualite\/national\/le-tourisme-post-revolutionnaire-deficit-degage\/173029\/","og_site_name":"webdo","article_publisher":"https:\/\/www.facebook.com\/webdotn","article_published_time":"2011-02-14T10:54:00+00:00","og_image":[{"width":300,"height":200,"url":"https:\/\/www.webdo.tn\/fr\/wp-content\/uploads\/2011\/02\/Hajer1-300x200-1.jpg","type":"image\/jpeg"}],"author":"webdo.tn","twitter_card":"summary_large_image","twitter_creator":"@webdo_tn","twitter_site":"@webdo_tn","twitter_misc":{"\u00c9crit par":"webdo.tn","Dur\u00e9e de lecture estim\u00e9e":"1 minute"},"schema":{"@context":"https:\/\/schema.org","@graph":[{"@type":"NewsArticle","@id":"https:\/\/www.webdo.tn\/fr\/actualite\/national\/le-tourisme-post-revolutionnaire-deficit-degage\/173029\/#article","isPartOf":{"@id":"https:\/\/www.webdo.tn\/fr\/actualite\/national\/le-tourisme-post-revolutionnaire-deficit-degage\/173029\/"},"author":{"name":"webdo.tn","@id":"https:\/\/www.webdo.tn\/fr\/#\/schema\/person\/9a9c6118d687c117df8ef3cc36a4d175"},"headline":"Le tourisme post-r\u00e9volutionnaire : d\u00e9ficit d\u00e9gage !","datePublished":"2011-02-14T10:54:00+00:00","mainEntityOfPage":{"@id":"https:\/\/www.webdo.tn\/fr\/actualite\/national\/le-tourisme-post-revolutionnaire-deficit-degage\/173029\/"},"wordCount":310,"commentCount":0,"publisher":{"@id":"https:\/\/www.webdo.tn\/fr\/#organization"},"image":{"@id":"https:\/\/www.webdo.tn\/fr\/actualite\/national\/le-tourisme-post-revolutionnaire-deficit-degage\/173029\/#primaryimage"},"thumbnailUrl":"https:\/\/www.webdo.tn\/fr\/wp-content\/uploads\/2011\/02\/Hajer1-300x200-1.jpg","articleSection":["National"],"inLanguage":"fr-FR"},{"@type":"WebPage","@id":"https:\/\/www.webdo.tn\/fr\/actualite\/national\/le-tourisme-post-revolutionnaire-deficit-degage\/173029\/","url":"https:\/\/www.webdo.tn\/fr\/actualite\/national\/le-tourisme-post-revolutionnaire-deficit-degage\/173029\/","name":"Le tourisme post-r\u00e9volutionnaire : d\u00e9ficit d\u00e9gage !","isPartOf":{"@id":"https:\/\/www.webdo.tn\/fr\/#website"},"primaryImageOfPage":{"@id":"https:\/\/www.webdo.tn\/fr\/actualite\/national\/le-tourisme-post-revolutionnaire-deficit-degage\/173029\/#primaryimage"},"image":{"@id":"https:\/\/www.webdo.tn\/fr\/actualite\/national\/le-tourisme-post-revolutionnaire-deficit-degage\/173029\/#primaryimage"},"thumbnailUrl":"https:\/\/www.webdo.tn\/fr\/wp-content\/uploads\/2011\/02\/Hajer1-300x200-1.jpg","datePublished":"2011-02-14T10:54:00+00:00","description":"Le tourisme post-r\u00e9volutionnaire : d\u00e9ficit d\u00e9gage !","breadcrumb":{"@id":"https:\/\/www.webdo.tn\/fr\/actualite\/national\/le-tourisme-post-revolutionnaire-deficit-degage\/173029\/#breadcrumb"},"inLanguage":"fr-FR","potentialAction":[{"@type":"ReadAction","target":["https:\/\/www.webdo.tn\/fr\/actualite\/national\/le-tourisme-post-revolutionnaire-deficit-degage\/173029\/"]}]},{"@type":"ImageObject","inLanguage":"fr-FR","@id":"https:\/\/www.webdo.tn\/fr\/actualite\/national\/le-tourisme-post-revolutionnaire-deficit-degage\/173029\/#primaryimage","url":"https:\/\/www.webdo.tn\/fr\/wp-content\/uploads\/2011\/02\/Hajer1-300x200-1.jpg","contentUrl":"https:\/\/www.webdo.tn\/fr\/wp-content\/uploads\/2011\/02\/Hajer1-300x200-1.jpg","width":300,"height":200,"caption":"Le tourisme post-r\u00e9volutionnaire : d\u00e9ficit d\u00e9gage !"},{"@type":"BreadcrumbList","@id":"https:\/\/www.webdo.tn\/fr\/actualite\/national\/le-tourisme-post-revolutionnaire-deficit-degage\/173029\/#breadcrumb","itemListElement":[{"@type":"ListItem","position":1,"name":"Accueil","item":"https:\/\/www.webdo.tn\/fr\/"},{"@type":"ListItem","position":2,"name":"Le tourisme post-r\u00e9volutionnaire : d\u00e9ficit d\u00e9gage !"}]},{"@type":"WebSite","@id":"https:\/\/www.webdo.tn\/fr\/#website","url":"https:\/\/www.webdo.tn\/fr\/","name":"webdo","description":"Tunisie - News en Tunisie et \u00e0 l&#039;international sur Webdo.tn","publisher":{"@id":"https:\/\/www.webdo.tn\/fr\/#organization"},"potentialAction":[{"@type":"SearchAction","target":{"@type":"EntryPoint","urlTemplate":"https:\/\/www.webdo.tn\/fr\/?s={search_term_string}"},"query-input":{"@type":"PropertyValueSpecification","valueRequired":true,"valueName":"search_term_string"}}],"inLanguage":"fr-FR"},{"@type":"Organization","@id":"https:\/\/www.webdo.tn\/fr\/#organization","name":"Webdo","alternateName":"Webdo.tn","url":"https:\/\/www.webdo.tn\/fr\/","logo":{"@type":"ImageObject","inLanguage":"fr-FR","@id":"https:\/\/www.webdo.tn\/fr\/#\/schema\/logo\/image\/","url":"https:\/\/www.webdo.tn\/fr\/wp-content\/uploads\/2025\/06\/Webdo-Tunisie_168377.jpg","contentUrl":"https:\/\/www.webdo.tn\/fr\/wp-content\/uploads\/2025\/06\/Webdo-Tunisie_168377.jpg","width":301,"height":301,"caption":"Webdo"},"image":{"@id":"https:\/\/www.webdo.tn\/fr\/#\/schema\/logo\/image\/"},"sameAs":["https:\/\/www.facebook.com\/webdotn","https:\/\/x.com\/webdo_tn"],"description":"Webdo est un m\u00e9dia num\u00e9rique tunisien fond\u00e9 en 2010, sp\u00e9cialis\u00e9 dans l\u2019actualit\u00e9 nationale et internationale, l\u2019\u00e9conomie, la soci\u00e9t\u00e9 et les analyses politiques. Le site s\u2019adresse \u00e0 un large public francophone et couvre l\u2019information tunisienne en temps r\u00e9el.","email":"redac@webdo.tn","legalName":"YNJ SARL","foundingDate":"2010-09-06","numberOfEmployees":{"@type":"QuantitativeValue","minValue":"11","maxValue":"50"}},{"@type":"Person","@id":"https:\/\/www.webdo.tn\/fr\/#\/schema\/person\/9a9c6118d687c117df8ef3cc36a4d175","name":"webdo.tn","image":{"@type":"ImageObject","inLanguage":"fr-FR","@id":"https:\/\/secure.gravatar.com\/avatar\/7ce1f28c0c3bbac99ff550b85ef8e44a6950c6ee24514fb6a5489e51d06f0298?s=96&d=mm&r=g","url":"https:\/\/secure.gravatar.com\/avatar\/7ce1f28c0c3bbac99ff550b85ef8e44a6950c6ee24514fb6a5489e51d06f0298?s=96&d=mm&r=g","contentUrl":"https:\/\/secure.gravatar.com\/avatar\/7ce1f28c0c3bbac99ff550b85ef8e44a6950c6ee24514fb6a5489e51d06f0298?s=96&d=mm&r=g","caption":"webdo.tn"},"url":"https:\/\/www.webdo.tn\/fr\/actualite\/author\/webdotn\/"}]}},"_links":{"self":[{"href":"https:\/\/www.webdo.tn\/fr\/wp-json\/wp\/v2\/posts\/173029","targetHints":{"allow":["GET"]}}],"collection":[{"href":"https:\/\/www.webdo.tn\/fr\/wp-json\/wp\/v2\/posts"}],"about":[{"href":"https:\/\/www.webdo.tn\/fr\/wp-json\/wp\/v2\/types\/post"}],"author":[{"embeddable":true,"href":"https:\/\/www.webdo.tn\/fr\/wp-json\/wp\/v2\/users\/3222"}],"replies":[{"embeddable":true,"href":"https:\/\/www.webdo.tn\/fr\/wp-json\/wp\/v2\/comments?post=173029"}],"version-history":[{"count":0,"href":"https:\/\/www.webdo.tn\/fr\/wp-json\/wp\/v2\/posts\/173029\/revisions"}],"wp:featuredmedia":[{"embeddable":true,"href":"https:\/\/www.webdo.tn\/fr\/wp-json\/wp\/v2\/media\/365600"}],"wp:attachment":[{"href":"https:\/\/www.webdo.tn\/fr\/wp-json\/wp\/v2\/media?parent=173029"}],"wp:term":[{"taxonomy":"category","embeddable":true,"href":"https:\/\/www.webdo.tn\/fr\/wp-json\/wp\/v2\/categories?post=173029"},{"taxonomy":"post_tag","embeddable":true,"href":"https:\/\/www.webdo.tn\/fr\/wp-json\/wp\/v2\/tags?post=173029"}],"curies":[{"name":"wp","href":"https:\/\/api.w.org\/{rel}","templated":true}]}}