{"id":173026,"date":"2011-02-15T11:43:00","date_gmt":"2011-02-15T11:43:00","guid":{"rendered":"https:\/\/www.webdo.tn\/fr\/actualite\/blog\/les-20-surnoms-des-membres-de-lex-gouvernement\/173713\/"},"modified":"2025-06-04T21:01:03","modified_gmt":"2025-06-04T21:01:03","slug":"les-20-surnoms-des-membres-de-lex-gouvernement","status":"publish","type":"post","link":"https:\/\/www.webdo.tn\/fr\/actualite\/national\/les-20-surnoms-des-membres-de-lex-gouvernement\/173026\/","title":{"rendered":"Les 20 surnoms des membres de l\u2019ex-gouvernement"},"content":{"rendered":"<p>A l\u2019instar des Palestiniens qui sont arriv\u00e9s en Tunisie en 1982, et qui donnaient \u00e0 leurs leaders des pseudonymes et des noms d\u2019emprunt tels que Abou Jihad, Abou Iyad \u2026 <\/p>\n<p>on a commenc\u00e9 \u00e0 cette \u00e9poque \u00e0 appeler nos ministres \u00e0 nous les Abou, une fa\u00e7on de mettre \u00e0 nu leurs portraits dissimul\u00e9s : les vrais. <\/p>\n<p>Ainsi le Premier ministre \u00e9tait \u00abAbou de souffle\u00bb, celui de l\u2019\u00c9conomie \u00abAbou d\u2019argument\u00bb et le ministre de l\u2019Int\u00e9rieur devenait \u00abAbou portant\u00bb.<\/p>\n<p>Une vingtaine d\u2019ann\u00e9es plus tard TUNeZINE l\u2019un des principaux sites web de l\u2019opposition tunisienne fond\u00e9 par l\u2019\u00e9conomiste Zouhe\u00efr Yahyaoui, compte tenu de ses \u00e9crits ironiques et caustiques souvent en dialecte tunisien d\u00e9non\u00e7ant la censure et le non respect des droits de l\u2019Homme, a relanc\u00e9 cette jolie mode :<\/p>\n<p> Ainsi, le Premier ministre Mohamed Ghannouchi est appel\u00e9 (Abou \u2026 Sit khal) entendez \u00abBouset Khal\u00bb qui signifie \u00abgrain de beaut\u00e9\u00bb.<br \/>\n Le secr\u00e9taire d\u2019Etat aupr\u00e8s du Premier ministre charg\u00e9 de la privatisation : Moncef Hergli (Abou du d\u00e9p\u00f4t de bilan).<br \/>\n Le ministre d\u2019Etat conseiller sp\u00e9cial aupr\u00e8s du pr\u00e9sident, Abdelaziz Ben Dhia (Abou de souffle).<br \/>\n Le ministre directeur du cabinet pr\u00e9sidentiel : Ahmed Iyadh Ouederni, (Abou du couloir).<br \/>\n Le ministre de la D\u00e9fense nationale : H\u00e9di M\u2019henni (Abou Gharib).<br \/>\n Le ministre du Transport : Abderrahim Zouari (Abou \u2026 gosse), autrement le \u00abBeau gosse\u00bb.<br \/>\n Le ministre du Commerce et de l\u2019Artisanat Mondher Zena\u00efdi (Abou, totalement \u00e0 bout)<br \/>\n Le ministre des Affaires religieuses Boubaker El Akhzouri (Abou d\u2019argument)<br \/>\n Le ministre des  Affaires \u00e9trang\u00e8res Abdelbaki Hermassi, (Abou \u2026 limiquqe)<br \/>\n Le ministre de la Justice et des Droits de l\u2019homme : B\u00e9chir Tekkari, (Abou de patience)<br \/>\n Le ministre de l\u2019Int\u00e9rieur et du D\u00e9veloppement local : Rafik Belhaj Kacem (Abou \u2026 lis) entendez \u00abBoulis\u00bb = flic.<br \/>\n Le secr\u00e9taire d\u2019Etat aupr\u00e8s du ministre de l\u2019Int\u00e9rieur charg\u00e9 des affaires r\u00e9gionales et des collectivit\u00e9s locales: Mongi Chouch\u00e8ne (Abou portant)<br \/>\n Le ministre du Domaines de l\u2019Etat et des Affaires fonci\u00e8res Ridha Grira (Abou de bras)<br \/>\n Le ministre de l\u2019Education et de la Formation : Raouf Najjar (Abou de course)<br \/>\n Le ministre des Technologies de la Communication : Montassar Ouaili (Abou de nerfs)<br \/>\n Le ministre de l\u2019Equipement, de l\u2019Habitat et de l\u2019Am\u00e9nagement du territoire  Samira Khayach Belhaj) (Abou des rides)<br \/>\n Le ministre de l\u2019Enseignement sup\u00e9rieur Lazhar Bououni (Abou des \u00e9tudiants)<br \/>\n Le ministre de l\u2019Industrie, de l\u2019\u00c9nergie et PME Afif Chelbi (Abou de force)<br \/>\n Le ministre de l\u2019Environnement et du D\u00e9veloppement durable : Nadhir Hamada (Abou d\u2019air pur)<\/p>\n<p>A noter que l\u2019auteur du site a \u00e9t\u00e9 condamn\u00e9 par la quatri\u00e8me chambre de la cour d\u2019appel de Tunis \u00e0 une peine de prison pour \u00abpropagation de fausses nouvelles dans le but de faire croire \u00e0 un attentat contre les personnes et les biens\u00bb et \u00abvol par utilisation frauduleuse des moyens  de communication\u00bb.<\/p>\n<p>Il passe un an et demi \u00e0 la prison de Borj El Amri o\u00f9 il subit torture et humiliation.<\/p>\n<p>Il entreprend des gr\u00e8ves de la faim pour protester contre sa d\u00e9tention. Il b\u00e9n\u00e9ficie d\u2019une lib\u00e9ration conditionnelle le 18 novembre 2003 gr\u00e2ce \u00e0 des pressions internationales. Il meurt \u00e0 l\u2019\u00e2ge de 37 ans d\u2019une crise cardiaque le 13 mars 2005 \u00e0 l\u2019h\u00f4pital  Habib Thameur de Tunis. Un an apr\u00e8s son d\u00e9c\u00e8s, le site stoppe toute activit\u00e9.<\/p>\n<p>Zouhe\u00efr Yahyaoui avait le culot de diffuser entre autres la lettre ouverte que le Juge Mokhtar Yahyaoui, son oncle, adresse \u00e0 l\u2019ex-pr\u00e9sident pour d\u00e9noncer l\u2019absence d\u2019ind\u00e9pendance du pouvoir judiciaire.<\/p>\n","protected":false},"excerpt":{"rendered":"<p>Les 20 surnoms des membres de l\u2019ex-gouvernement <\/p>\n","protected":false},"author":3222,"featured_media":365602,"comment_status":"open","ping_status":"closed","sticky":false,"template":"","format":"standard","meta":{"footnotes":""},"categories":[44],"tags":[],"class_list":["post-173026","post","type-post","status-publish","format-standard","has-post-thumbnail","hentry","category-national"],"yoast_head":"<!-- This site is optimized with the Yoast SEO Premium plugin v27.4 (Yoast SEO v27.4) - https:\/\/yoast.com\/product\/yoast-seo-premium-wordpress\/ -->\n<title>Les 20 surnoms des membres de l\u2019ex-gouvernement<\/title>\n<meta name=\"description\" content=\"Les 20 surnoms des membres de l\u2019ex-gouvernement\" \/>\n<link rel=\"canonical\" href=\"https:\/\/www.webdo.tn\/fr\/actualite\/tunis-hebdo\/les-20-surnoms-des-membres-de-lex-gouvernement\/173026\/\" \/>\n<meta property=\"og:locale\" content=\"fr_FR\" \/>\n<meta property=\"og:type\" content=\"article\" \/>\n<meta property=\"og:title\" content=\"Les 20 surnoms des membres de l\u2019ex-gouvernement\" \/>\n<meta property=\"og:description\" content=\"Les 20 surnoms des membres de l\u2019ex-gouvernement\" \/>\n<meta property=\"og:url\" content=\"https:\/\/www.webdo.tn\/fr\/actualite\/tunis-hebdo\/les-20-surnoms-des-membres-de-lex-gouvernement\/173026\/\" \/>\n<meta property=\"og:site_name\" content=\"webdo\" \/>\n<meta property=\"article:publisher\" content=\"https:\/\/www.facebook.com\/webdotn\" \/>\n<meta property=\"article:published_time\" content=\"2011-02-15T11:43:00+00:00\" \/>\n<meta property=\"article:modified_time\" content=\"2025-06-04T21:01:03+00:00\" \/>\n<meta property=\"og:image\" content=\"https:\/\/www.webdo.tn\/fr\/wp-content\/uploads\/2011\/02\/Ministres-de-Ben-Ali-300x136-1.jpg\" \/>\n\t<meta property=\"og:image:width\" content=\"300\" \/>\n\t<meta property=\"og:image:height\" content=\"136\" \/>\n\t<meta property=\"og:image:type\" content=\"image\/jpeg\" \/>\n<meta name=\"author\" content=\"webdo.tn\" \/>\n<meta name=\"twitter:card\" content=\"summary_large_image\" \/>\n<meta name=\"twitter:creator\" content=\"@webdo_tn\" \/>\n<meta name=\"twitter:site\" content=\"@webdo_tn\" \/>\n<meta name=\"twitter:label1\" content=\"\u00c9crit par\" \/>\n\t<meta name=\"twitter:data1\" content=\"webdo.tn\" \/>\n\t<meta name=\"twitter:label2\" content=\"Dur\u00e9e de lecture estim\u00e9e\" \/>\n\t<meta name=\"twitter:data2\" content=\"3 minutes\" \/>\n<script type=\"application\/ld+json\" class=\"yoast-schema-graph\">{\"@context\":\"https:\\\/\\\/schema.org\",\"@graph\":[{\"@type\":\"NewsArticle\",\"@id\":\"https:\\\/\\\/www.webdo.tn\\\/fr\\\/actualite\\\/tunis-hebdo\\\/les-20-surnoms-des-membres-de-lex-gouvernement\\\/173026\\\/#article\",\"isPartOf\":{\"@id\":\"https:\\\/\\\/www.webdo.tn\\\/fr\\\/actualite\\\/tunis-hebdo\\\/les-20-surnoms-des-membres-de-lex-gouvernement\\\/173026\\\/\"},\"author\":{\"name\":\"webdo.tn\",\"@id\":\"https:\\\/\\\/www.webdo.tn\\\/fr\\\/#\\\/schema\\\/person\\\/9a9c6118d687c117df8ef3cc36a4d175\"},\"headline\":\"Les 20 surnoms des membres de l\u2019ex-gouvernement\",\"datePublished\":\"2011-02-15T11:43:00+00:00\",\"dateModified\":\"2025-06-04T21:01:03+00:00\",\"mainEntityOfPage\":{\"@id\":\"https:\\\/\\\/www.webdo.tn\\\/fr\\\/actualite\\\/tunis-hebdo\\\/les-20-surnoms-des-membres-de-lex-gouvernement\\\/173026\\\/\"},\"wordCount\":614,\"commentCount\":0,\"publisher\":{\"@id\":\"https:\\\/\\\/www.webdo.tn\\\/fr\\\/#organization\"},\"image\":{\"@id\":\"https:\\\/\\\/www.webdo.tn\\\/fr\\\/actualite\\\/tunis-hebdo\\\/les-20-surnoms-des-membres-de-lex-gouvernement\\\/173026\\\/#primaryimage\"},\"thumbnailUrl\":\"https:\\\/\\\/www.webdo.tn\\\/fr\\\/wp-content\\\/uploads\\\/2011\\\/02\\\/Ministres-de-Ben-Ali-300x136-1.jpg\",\"articleSection\":[\"National\"],\"inLanguage\":\"fr-FR\"},{\"@type\":\"WebPage\",\"@id\":\"https:\\\/\\\/www.webdo.tn\\\/fr\\\/actualite\\\/tunis-hebdo\\\/les-20-surnoms-des-membres-de-lex-gouvernement\\\/173026\\\/\",\"url\":\"https:\\\/\\\/www.webdo.tn\\\/fr\\\/actualite\\\/tunis-hebdo\\\/les-20-surnoms-des-membres-de-lex-gouvernement\\\/173026\\\/\",\"name\":\"Les 20 surnoms des membres de l\u2019ex-gouvernement\",\"isPartOf\":{\"@id\":\"https:\\\/\\\/www.webdo.tn\\\/fr\\\/#website\"},\"primaryImageOfPage\":{\"@id\":\"https:\\\/\\\/www.webdo.tn\\\/fr\\\/actualite\\\/tunis-hebdo\\\/les-20-surnoms-des-membres-de-lex-gouvernement\\\/173026\\\/#primaryimage\"},\"image\":{\"@id\":\"https:\\\/\\\/www.webdo.tn\\\/fr\\\/actualite\\\/tunis-hebdo\\\/les-20-surnoms-des-membres-de-lex-gouvernement\\\/173026\\\/#primaryimage\"},\"thumbnailUrl\":\"https:\\\/\\\/www.webdo.tn\\\/fr\\\/wp-content\\\/uploads\\\/2011\\\/02\\\/Ministres-de-Ben-Ali-300x136-1.jpg\",\"datePublished\":\"2011-02-15T11:43:00+00:00\",\"dateModified\":\"2025-06-04T21:01:03+00:00\",\"description\":\"Les 20 surnoms des membres de l\u2019ex-gouvernement\",\"breadcrumb\":{\"@id\":\"https:\\\/\\\/www.webdo.tn\\\/fr\\\/actualite\\\/tunis-hebdo\\\/les-20-surnoms-des-membres-de-lex-gouvernement\\\/173026\\\/#breadcrumb\"},\"inLanguage\":\"fr-FR\",\"potentialAction\":[{\"@type\":\"ReadAction\",\"target\":[\"https:\\\/\\\/www.webdo.tn\\\/fr\\\/actualite\\\/tunis-hebdo\\\/les-20-surnoms-des-membres-de-lex-gouvernement\\\/173026\\\/\"]}]},{\"@type\":\"ImageObject\",\"inLanguage\":\"fr-FR\",\"@id\":\"https:\\\/\\\/www.webdo.tn\\\/fr\\\/actualite\\\/tunis-hebdo\\\/les-20-surnoms-des-membres-de-lex-gouvernement\\\/173026\\\/#primaryimage\",\"url\":\"https:\\\/\\\/www.webdo.tn\\\/fr\\\/wp-content\\\/uploads\\\/2011\\\/02\\\/Ministres-de-Ben-Ali-300x136-1.jpg\",\"contentUrl\":\"https:\\\/\\\/www.webdo.tn\\\/fr\\\/wp-content\\\/uploads\\\/2011\\\/02\\\/Ministres-de-Ben-Ali-300x136-1.jpg\",\"width\":300,\"height\":136,\"caption\":\"Les 20 surnoms des membres de l\u2019ex-gouvernement\"},{\"@type\":\"BreadcrumbList\",\"@id\":\"https:\\\/\\\/www.webdo.tn\\\/fr\\\/actualite\\\/tunis-hebdo\\\/les-20-surnoms-des-membres-de-lex-gouvernement\\\/173026\\\/#breadcrumb\",\"itemListElement\":[{\"@type\":\"ListItem\",\"position\":1,\"name\":\"Accueil\",\"item\":\"https:\\\/\\\/www.webdo.tn\\\/fr\\\/\"},{\"@type\":\"ListItem\",\"position\":2,\"name\":\"Les 20 surnoms des membres de l\u2019ex-gouvernement\"}]},{\"@type\":\"WebSite\",\"@id\":\"https:\\\/\\\/www.webdo.tn\\\/fr\\\/#website\",\"url\":\"https:\\\/\\\/www.webdo.tn\\\/fr\\\/\",\"name\":\"webdo\",\"description\":\"Tunisie - News en Tunisie et \u00e0 l&#039;international sur Webdo.tn\",\"publisher\":{\"@id\":\"https:\\\/\\\/www.webdo.tn\\\/fr\\\/#organization\"},\"potentialAction\":[{\"@type\":\"SearchAction\",\"target\":{\"@type\":\"EntryPoint\",\"urlTemplate\":\"https:\\\/\\\/www.webdo.tn\\\/fr\\\/?s={search_term_string}\"},\"query-input\":{\"@type\":\"PropertyValueSpecification\",\"valueRequired\":true,\"valueName\":\"search_term_string\"}}],\"inLanguage\":\"fr-FR\"},{\"@type\":\"Organization\",\"@id\":\"https:\\\/\\\/www.webdo.tn\\\/fr\\\/#organization\",\"name\":\"Webdo\",\"alternateName\":\"Webdo.tn\",\"url\":\"https:\\\/\\\/www.webdo.tn\\\/fr\\\/\",\"logo\":{\"@type\":\"ImageObject\",\"inLanguage\":\"fr-FR\",\"@id\":\"https:\\\/\\\/www.webdo.tn\\\/fr\\\/#\\\/schema\\\/logo\\\/image\\\/\",\"url\":\"https:\\\/\\\/www.webdo.tn\\\/fr\\\/wp-content\\\/uploads\\\/2025\\\/06\\\/Webdo-Tunisie_168377.jpg\",\"contentUrl\":\"https:\\\/\\\/www.webdo.tn\\\/fr\\\/wp-content\\\/uploads\\\/2025\\\/06\\\/Webdo-Tunisie_168377.jpg\",\"width\":301,\"height\":301,\"caption\":\"Webdo\"},\"image\":{\"@id\":\"https:\\\/\\\/www.webdo.tn\\\/fr\\\/#\\\/schema\\\/logo\\\/image\\\/\"},\"sameAs\":[\"https:\\\/\\\/www.facebook.com\\\/webdotn\",\"https:\\\/\\\/x.com\\\/webdo_tn\"],\"description\":\"Webdo est un m\u00e9dia num\u00e9rique tunisien fond\u00e9 en 2010, sp\u00e9cialis\u00e9 dans l\u2019actualit\u00e9 nationale et internationale, l\u2019\u00e9conomie, la soci\u00e9t\u00e9 et les analyses politiques. Le site s\u2019adresse \u00e0 un large public francophone et couvre l\u2019information tunisienne en temps r\u00e9el.\",\"email\":\"redac@webdo.tn\",\"legalName\":\"YNJ SARL\",\"foundingDate\":\"2010-09-06\",\"numberOfEmployees\":{\"@type\":\"QuantitativeValue\",\"minValue\":\"11\",\"maxValue\":\"50\"}},{\"@type\":\"Person\",\"@id\":\"https:\\\/\\\/www.webdo.tn\\\/fr\\\/#\\\/schema\\\/person\\\/9a9c6118d687c117df8ef3cc36a4d175\",\"name\":\"webdo.tn\",\"image\":{\"@type\":\"ImageObject\",\"inLanguage\":\"fr-FR\",\"@id\":\"https:\\\/\\\/secure.gravatar.com\\\/avatar\\\/7ce1f28c0c3bbac99ff550b85ef8e44a6950c6ee24514fb6a5489e51d06f0298?s=96&d=mm&r=g\",\"url\":\"https:\\\/\\\/secure.gravatar.com\\\/avatar\\\/7ce1f28c0c3bbac99ff550b85ef8e44a6950c6ee24514fb6a5489e51d06f0298?s=96&d=mm&r=g\",\"contentUrl\":\"https:\\\/\\\/secure.gravatar.com\\\/avatar\\\/7ce1f28c0c3bbac99ff550b85ef8e44a6950c6ee24514fb6a5489e51d06f0298?s=96&d=mm&r=g\",\"caption\":\"webdo.tn\"},\"url\":\"https:\\\/\\\/www.webdo.tn\\\/fr\\\/actualite\\\/author\\\/webdotn\\\/\"}]}<\/script>\n<!-- \/ Yoast SEO Premium plugin. -->","yoast_head_json":{"title":"Les 20 surnoms des membres de l\u2019ex-gouvernement","description":"Les 20 surnoms des membres de l\u2019ex-gouvernement","canonical":"https:\/\/www.webdo.tn\/fr\/actualite\/tunis-hebdo\/les-20-surnoms-des-membres-de-lex-gouvernement\/173026\/","og_locale":"fr_FR","og_type":"article","og_title":"Les 20 surnoms des membres de l\u2019ex-gouvernement","og_description":"Les 20 surnoms des membres de l\u2019ex-gouvernement","og_url":"https:\/\/www.webdo.tn\/fr\/actualite\/tunis-hebdo\/les-20-surnoms-des-membres-de-lex-gouvernement\/173026\/","og_site_name":"webdo","article_publisher":"https:\/\/www.facebook.com\/webdotn","article_published_time":"2011-02-15T11:43:00+00:00","article_modified_time":"2025-06-04T21:01:03+00:00","og_image":[{"width":300,"height":136,"url":"https:\/\/www.webdo.tn\/fr\/wp-content\/uploads\/2011\/02\/Ministres-de-Ben-Ali-300x136-1.jpg","type":"image\/jpeg"}],"author":"webdo.tn","twitter_card":"summary_large_image","twitter_creator":"@webdo_tn","twitter_site":"@webdo_tn","twitter_misc":{"\u00c9crit par":"webdo.tn","Dur\u00e9e de lecture estim\u00e9e":"3 minutes"},"schema":{"@context":"https:\/\/schema.org","@graph":[{"@type":"NewsArticle","@id":"https:\/\/www.webdo.tn\/fr\/actualite\/tunis-hebdo\/les-20-surnoms-des-membres-de-lex-gouvernement\/173026\/#article","isPartOf":{"@id":"https:\/\/www.webdo.tn\/fr\/actualite\/tunis-hebdo\/les-20-surnoms-des-membres-de-lex-gouvernement\/173026\/"},"author":{"name":"webdo.tn","@id":"https:\/\/www.webdo.tn\/fr\/#\/schema\/person\/9a9c6118d687c117df8ef3cc36a4d175"},"headline":"Les 20 surnoms des membres de l\u2019ex-gouvernement","datePublished":"2011-02-15T11:43:00+00:00","dateModified":"2025-06-04T21:01:03+00:00","mainEntityOfPage":{"@id":"https:\/\/www.webdo.tn\/fr\/actualite\/tunis-hebdo\/les-20-surnoms-des-membres-de-lex-gouvernement\/173026\/"},"wordCount":614,"commentCount":0,"publisher":{"@id":"https:\/\/www.webdo.tn\/fr\/#organization"},"image":{"@id":"https:\/\/www.webdo.tn\/fr\/actualite\/tunis-hebdo\/les-20-surnoms-des-membres-de-lex-gouvernement\/173026\/#primaryimage"},"thumbnailUrl":"https:\/\/www.webdo.tn\/fr\/wp-content\/uploads\/2011\/02\/Ministres-de-Ben-Ali-300x136-1.jpg","articleSection":["National"],"inLanguage":"fr-FR"},{"@type":"WebPage","@id":"https:\/\/www.webdo.tn\/fr\/actualite\/tunis-hebdo\/les-20-surnoms-des-membres-de-lex-gouvernement\/173026\/","url":"https:\/\/www.webdo.tn\/fr\/actualite\/tunis-hebdo\/les-20-surnoms-des-membres-de-lex-gouvernement\/173026\/","name":"Les 20 surnoms des membres de l\u2019ex-gouvernement","isPartOf":{"@id":"https:\/\/www.webdo.tn\/fr\/#website"},"primaryImageOfPage":{"@id":"https:\/\/www.webdo.tn\/fr\/actualite\/tunis-hebdo\/les-20-surnoms-des-membres-de-lex-gouvernement\/173026\/#primaryimage"},"image":{"@id":"https:\/\/www.webdo.tn\/fr\/actualite\/tunis-hebdo\/les-20-surnoms-des-membres-de-lex-gouvernement\/173026\/#primaryimage"},"thumbnailUrl":"https:\/\/www.webdo.tn\/fr\/wp-content\/uploads\/2011\/02\/Ministres-de-Ben-Ali-300x136-1.jpg","datePublished":"2011-02-15T11:43:00+00:00","dateModified":"2025-06-04T21:01:03+00:00","description":"Les 20 surnoms des membres de l\u2019ex-gouvernement","breadcrumb":{"@id":"https:\/\/www.webdo.tn\/fr\/actualite\/tunis-hebdo\/les-20-surnoms-des-membres-de-lex-gouvernement\/173026\/#breadcrumb"},"inLanguage":"fr-FR","potentialAction":[{"@type":"ReadAction","target":["https:\/\/www.webdo.tn\/fr\/actualite\/tunis-hebdo\/les-20-surnoms-des-membres-de-lex-gouvernement\/173026\/"]}]},{"@type":"ImageObject","inLanguage":"fr-FR","@id":"https:\/\/www.webdo.tn\/fr\/actualite\/tunis-hebdo\/les-20-surnoms-des-membres-de-lex-gouvernement\/173026\/#primaryimage","url":"https:\/\/www.webdo.tn\/fr\/wp-content\/uploads\/2011\/02\/Ministres-de-Ben-Ali-300x136-1.jpg","contentUrl":"https:\/\/www.webdo.tn\/fr\/wp-content\/uploads\/2011\/02\/Ministres-de-Ben-Ali-300x136-1.jpg","width":300,"height":136,"caption":"Les 20 surnoms des membres de l\u2019ex-gouvernement"},{"@type":"BreadcrumbList","@id":"https:\/\/www.webdo.tn\/fr\/actualite\/tunis-hebdo\/les-20-surnoms-des-membres-de-lex-gouvernement\/173026\/#breadcrumb","itemListElement":[{"@type":"ListItem","position":1,"name":"Accueil","item":"https:\/\/www.webdo.tn\/fr\/"},{"@type":"ListItem","position":2,"name":"Les 20 surnoms des membres de l\u2019ex-gouvernement"}]},{"@type":"WebSite","@id":"https:\/\/www.webdo.tn\/fr\/#website","url":"https:\/\/www.webdo.tn\/fr\/","name":"webdo","description":"Tunisie - News en Tunisie et \u00e0 l&#039;international sur Webdo.tn","publisher":{"@id":"https:\/\/www.webdo.tn\/fr\/#organization"},"potentialAction":[{"@type":"SearchAction","target":{"@type":"EntryPoint","urlTemplate":"https:\/\/www.webdo.tn\/fr\/?s={search_term_string}"},"query-input":{"@type":"PropertyValueSpecification","valueRequired":true,"valueName":"search_term_string"}}],"inLanguage":"fr-FR"},{"@type":"Organization","@id":"https:\/\/www.webdo.tn\/fr\/#organization","name":"Webdo","alternateName":"Webdo.tn","url":"https:\/\/www.webdo.tn\/fr\/","logo":{"@type":"ImageObject","inLanguage":"fr-FR","@id":"https:\/\/www.webdo.tn\/fr\/#\/schema\/logo\/image\/","url":"https:\/\/www.webdo.tn\/fr\/wp-content\/uploads\/2025\/06\/Webdo-Tunisie_168377.jpg","contentUrl":"https:\/\/www.webdo.tn\/fr\/wp-content\/uploads\/2025\/06\/Webdo-Tunisie_168377.jpg","width":301,"height":301,"caption":"Webdo"},"image":{"@id":"https:\/\/www.webdo.tn\/fr\/#\/schema\/logo\/image\/"},"sameAs":["https:\/\/www.facebook.com\/webdotn","https:\/\/x.com\/webdo_tn"],"description":"Webdo est un m\u00e9dia num\u00e9rique tunisien fond\u00e9 en 2010, sp\u00e9cialis\u00e9 dans l\u2019actualit\u00e9 nationale et internationale, l\u2019\u00e9conomie, la soci\u00e9t\u00e9 et les analyses politiques. Le site s\u2019adresse \u00e0 un large public francophone et couvre l\u2019information tunisienne en temps r\u00e9el.","email":"redac@webdo.tn","legalName":"YNJ SARL","foundingDate":"2010-09-06","numberOfEmployees":{"@type":"QuantitativeValue","minValue":"11","maxValue":"50"}},{"@type":"Person","@id":"https:\/\/www.webdo.tn\/fr\/#\/schema\/person\/9a9c6118d687c117df8ef3cc36a4d175","name":"webdo.tn","image":{"@type":"ImageObject","inLanguage":"fr-FR","@id":"https:\/\/secure.gravatar.com\/avatar\/7ce1f28c0c3bbac99ff550b85ef8e44a6950c6ee24514fb6a5489e51d06f0298?s=96&d=mm&r=g","url":"https:\/\/secure.gravatar.com\/avatar\/7ce1f28c0c3bbac99ff550b85ef8e44a6950c6ee24514fb6a5489e51d06f0298?s=96&d=mm&r=g","contentUrl":"https:\/\/secure.gravatar.com\/avatar\/7ce1f28c0c3bbac99ff550b85ef8e44a6950c6ee24514fb6a5489e51d06f0298?s=96&d=mm&r=g","caption":"webdo.tn"},"url":"https:\/\/www.webdo.tn\/fr\/actualite\/author\/webdotn\/"}]}},"_links":{"self":[{"href":"https:\/\/www.webdo.tn\/fr\/wp-json\/wp\/v2\/posts\/173026","targetHints":{"allow":["GET"]}}],"collection":[{"href":"https:\/\/www.webdo.tn\/fr\/wp-json\/wp\/v2\/posts"}],"about":[{"href":"https:\/\/www.webdo.tn\/fr\/wp-json\/wp\/v2\/types\/post"}],"author":[{"embeddable":true,"href":"https:\/\/www.webdo.tn\/fr\/wp-json\/wp\/v2\/users\/3222"}],"replies":[{"embeddable":true,"href":"https:\/\/www.webdo.tn\/fr\/wp-json\/wp\/v2\/comments?post=173026"}],"version-history":[{"count":0,"href":"https:\/\/www.webdo.tn\/fr\/wp-json\/wp\/v2\/posts\/173026\/revisions"}],"wp:featuredmedia":[{"embeddable":true,"href":"https:\/\/www.webdo.tn\/fr\/wp-json\/wp\/v2\/media\/365602"}],"wp:attachment":[{"href":"https:\/\/www.webdo.tn\/fr\/wp-json\/wp\/v2\/media?parent=173026"}],"wp:term":[{"taxonomy":"category","embeddable":true,"href":"https:\/\/www.webdo.tn\/fr\/wp-json\/wp\/v2\/categories?post=173026"},{"taxonomy":"post_tag","embeddable":true,"href":"https:\/\/www.webdo.tn\/fr\/wp-json\/wp\/v2\/tags?post=173026"}],"curies":[{"name":"wp","href":"https:\/\/api.w.org\/{rel}","templated":true}]}}