{"id":173024,"date":"2011-02-15T18:27:00","date_gmt":"2011-02-15T18:27:00","guid":{"rendered":"https:\/\/www.webdo.tn\/fr\/actualite\/blog\/mobilisation-europeenne-pour-enrayer-limmigration-clandestine-tunisienne\/173024\/"},"modified":"2025-06-04T21:22:03","modified_gmt":"2025-06-04T21:22:03","slug":"mobilisation-europeenne-pour-enrayer-limmigration-clandestine-tunisienne","status":"publish","type":"post","link":"https:\/\/www.webdo.tn\/fr\/actualite\/national\/mobilisation-europeenne-pour-enrayer-limmigration-clandestine-tunisienne\/173024\/","title":{"rendered":"Mobilisation europ\u00e9enne pour enrayer l\u2019immigration clandestine tunisienne"},"content":{"rendered":"<p>L\u2019ile de Lampedusa a du faire face le weekend dernier \u00e0 un afflux impressionnant de clandestins. Plus de 5000 personnes ont d\u00e9barqu\u00e9 sur le territoire italien r\u00e9clamant l\u2019asile et d\u00e9non\u00e7ant l\u2019ins\u00e9curit\u00e9 et le manque de travail comme \u00e9tant les causes de leur d\u00e9part de Tunisie.<\/p>\n<p>Cette situation n\u2019est pas au gout des italiens qui ont d\u00e9clar\u00e9 l\u2019\u00e9tat d\u2019urgence humanitaire et propos\u00e9 d\u2019envoyer \u00e0 la Tunisie \u00ab leur savoir faire \u00bb, proposition que le gouvernement tunisien a imm\u00e9diatement rejet\u00e9e en invoquant son refus face \u00e0 toute ing\u00e9rence \u00e9trang\u00e8re.<\/p>\n<p>Afin de calmer les tensions engendr\u00e9es par ces \u00e9v\u00e9nements, le gouvernement italien a d\u00e9cid\u00e9 d\u2019envoyer son ministre des affaires \u00e9trang\u00e8res, Franco Frattini \u00e0 Tunis. L\u2019entretien entre ce dernier et le premier ministre Mohamed Ghannouchi a abouti, lundi soir, sur \u00ab\u00a0une coop\u00e9ration op\u00e9rationnelle dans le respect de la souverainet\u00e9 de l&rsquo;Etat tunisien\u00a0\u00bb selon Frattini.<\/p>\n<p>L\u2019objectif \u00e9tant d\u2019emp\u00eacher l\u2019\u00e9migration ill\u00e9gale depuis la Tunisie, Frattini a propos\u00e9 \u00ab la mise \u00e0 la disposition de l&rsquo;arm\u00e9e tunisienne d&rsquo;\u00e9quipements de haute technologie, d&rsquo;un r\u00e9seau de radars pour le monitorage et de vedettes, \u00e9quipements dont le fonctionnement sera assur\u00e9 par les Tunisiens\u00bb, selon la TAP.<\/p>\n<p>Le ministre des affaires \u00e9trang\u00e8res italien a en outre annonc\u00e9 le d\u00e9blocage d&rsquo;une aide d&rsquo;urgence de 5 millions d&rsquo;euros pour la Tunisie et la mise \u00ab en place de nouvelles lignes de cr\u00e9dits d&rsquo;une valeur de 100 millions d&rsquo;euros pour financer des projets qui seront annonc\u00e9s lors de la conf\u00e9rence internationale pr\u00e9vue en mars prochain \u00e0 Carthage \u00bb.<\/p>\n<p>L\u2019Italie bien que la plus touch\u00e9e pour l\u2019instant par l\u2019immigration clandestine tunisienne n\u2019est pas la seule \u00e0 avoir r\u00e9agi puisque le secr\u00e9taire d\u2019Etat belge \u00e0 l&rsquo;Immigration, Melchior Wathelet, \u00e9galement a propos\u00e9 son aide a l\u2019Italie dans un premier temps et a appel\u00e9 l\u2019Union Europ\u00e9enne \u00e0 prendre des mesures face \u00e0 \u00ab cette situation de crise \u00bb.<\/p>\n<p>Quant \u00e0 l\u2019Union Europeenne, elle devrait \u00ab\u00a0imm\u00e9diatement d\u00e9bloquer 17 millions d&rsquo;euros pour aider le gouvernement tunisien\u00a0\u00bb, annonce Catherine Ashton, la chef de la diplomatie europ\u00e9enne, suite \u00e0 son arriv\u00e9e lundi \u00e0 Tunis.<\/p>\n<p>En Tunisie, les forces de l\u2019ordre ont renforc\u00e9 leur contr\u00f4le des c\u00f4tes tunisiennes. Les arriv\u00e9es de migrants \u00e0 Lampedusa ont donc cess\u00e9. Le ch\u00f4mage, raison principale de cette \u00e9migration, n\u2019a pas \u00e9t\u00e9 encore r\u00e9solu et la crise touristique que vit la Tunisie depuis le d\u00e9but de la r\u00e9volution n\u2019a rien arrang\u00e9. Un doute subsiste tout de m\u00eame : comment plusieurs milliers de personnes ont d\u00e9cid\u00e9 ensemble en m\u00eame temps de fuir la Tunisie ?<\/p>\n<p>Certaines explications associent la pr\u00e9sence de Leila Trabelsi sur le sol Libyen \u00e0 ce ph\u00e9nom\u00e8ne de masse. Les immigr\u00e9s clandestins auraient \u00e9t\u00e9 manipul\u00e9s sans compter les sommes consid\u00e9rables pay\u00e9es aux passeurs, un peu plus de 1000 dinars par personne. L\u2019impression de d\u00e9sordre et l\u2019instabilit\u00e9 conduisant investisseurs et touristes \u00e9trangers \u00e0 \u00e9viter la Tunisie sont les motivations probables \u00e9voqu\u00e9es.<\/p>\n","protected":false},"excerpt":{"rendered":"<p>Mobilisation europ\u00e9enne pour enrayer l\u2019immigration clandestine tunisienne<\/p>\n","protected":false},"author":3222,"featured_media":365808,"comment_status":"open","ping_status":"closed","sticky":false,"template":"","format":"standard","meta":{"footnotes":""},"categories":[44],"tags":[],"class_list":["post-173024","post","type-post","status-publish","format-standard","has-post-thumbnail","hentry","category-national"],"yoast_head":"<!-- This site is optimized with the Yoast SEO Premium plugin v27.4 (Yoast SEO v27.4) - https:\/\/yoast.com\/product\/yoast-seo-premium-wordpress\/ -->\n<title>Mobilisation europ\u00e9enne pour enrayer l\u2019immigration clandestine tunisienne<\/title>\n<meta name=\"description\" content=\"Mobilisation europ\u00e9enne pour enrayer l\u2019immigration clandestine tunisienne\" \/>\n<link rel=\"canonical\" href=\"https:\/\/www.webdo.tn\/fr\/actualite\/national\/mobilisation-europeenne-pour-enrayer-limmigration-clandestine-tunisienne\/173024\/\" \/>\n<meta property=\"og:locale\" content=\"fr_FR\" \/>\n<meta property=\"og:type\" content=\"article\" \/>\n<meta property=\"og:title\" content=\"Mobilisation europ\u00e9enne pour enrayer l\u2019immigration clandestine tunisienne\" \/>\n<meta property=\"og:description\" content=\"Mobilisation europ\u00e9enne pour enrayer l\u2019immigration clandestine tunisienne\" \/>\n<meta property=\"og:url\" content=\"https:\/\/www.webdo.tn\/fr\/actualite\/national\/mobilisation-europeenne-pour-enrayer-limmigration-clandestine-tunisienne\/173024\/\" \/>\n<meta property=\"og:site_name\" content=\"webdo\" \/>\n<meta property=\"article:publisher\" content=\"https:\/\/www.facebook.com\/webdotn\" \/>\n<meta property=\"article:published_time\" content=\"2011-02-15T18:27:00+00:00\" \/>\n<meta property=\"article:modified_time\" content=\"2025-06-04T21:22:03+00:00\" \/>\n<meta property=\"og:image\" content=\"https:\/\/www.webdo.tn\/fr\/wp-content\/uploads\/2011\/02\/Des-migrants-tunisiens-clandestins-300x224-1.jpg\" \/>\n\t<meta property=\"og:image:width\" content=\"300\" \/>\n\t<meta property=\"og:image:height\" content=\"224\" \/>\n\t<meta property=\"og:image:type\" content=\"image\/jpeg\" \/>\n<meta name=\"author\" content=\"webdo.tn\" \/>\n<meta name=\"twitter:card\" content=\"summary_large_image\" \/>\n<meta name=\"twitter:creator\" content=\"@webdo_tn\" \/>\n<meta name=\"twitter:site\" content=\"@webdo_tn\" \/>\n<meta name=\"twitter:label1\" content=\"\u00c9crit par\" \/>\n\t<meta name=\"twitter:data1\" content=\"webdo.tn\" \/>\n\t<meta name=\"twitter:label2\" content=\"Dur\u00e9e de lecture estim\u00e9e\" \/>\n\t<meta name=\"twitter:data2\" content=\"3 minutes\" \/>\n<script type=\"application\/ld+json\" class=\"yoast-schema-graph\">{\"@context\":\"https:\\\/\\\/schema.org\",\"@graph\":[{\"@type\":\"NewsArticle\",\"@id\":\"https:\\\/\\\/www.webdo.tn\\\/fr\\\/actualite\\\/national\\\/mobilisation-europeenne-pour-enrayer-limmigration-clandestine-tunisienne\\\/173024\\\/#article\",\"isPartOf\":{\"@id\":\"https:\\\/\\\/www.webdo.tn\\\/fr\\\/actualite\\\/national\\\/mobilisation-europeenne-pour-enrayer-limmigration-clandestine-tunisienne\\\/173024\\\/\"},\"author\":{\"name\":\"webdo.tn\",\"@id\":\"https:\\\/\\\/www.webdo.tn\\\/fr\\\/#\\\/schema\\\/person\\\/9a9c6118d687c117df8ef3cc36a4d175\"},\"headline\":\"Mobilisation europ\u00e9enne pour enrayer l\u2019immigration clandestine tunisienne\",\"datePublished\":\"2011-02-15T18:27:00+00:00\",\"dateModified\":\"2025-06-04T21:22:03+00:00\",\"mainEntityOfPage\":{\"@id\":\"https:\\\/\\\/www.webdo.tn\\\/fr\\\/actualite\\\/national\\\/mobilisation-europeenne-pour-enrayer-limmigration-clandestine-tunisienne\\\/173024\\\/\"},\"wordCount\":533,\"commentCount\":0,\"publisher\":{\"@id\":\"https:\\\/\\\/www.webdo.tn\\\/fr\\\/#organization\"},\"image\":{\"@id\":\"https:\\\/\\\/www.webdo.tn\\\/fr\\\/actualite\\\/national\\\/mobilisation-europeenne-pour-enrayer-limmigration-clandestine-tunisienne\\\/173024\\\/#primaryimage\"},\"thumbnailUrl\":\"https:\\\/\\\/www.webdo.tn\\\/fr\\\/wp-content\\\/uploads\\\/2011\\\/02\\\/Des-migrants-tunisiens-clandestins-300x224-1.jpg\",\"articleSection\":[\"National\"],\"inLanguage\":\"fr-FR\"},{\"@type\":\"WebPage\",\"@id\":\"https:\\\/\\\/www.webdo.tn\\\/fr\\\/actualite\\\/national\\\/mobilisation-europeenne-pour-enrayer-limmigration-clandestine-tunisienne\\\/173024\\\/\",\"url\":\"https:\\\/\\\/www.webdo.tn\\\/fr\\\/actualite\\\/national\\\/mobilisation-europeenne-pour-enrayer-limmigration-clandestine-tunisienne\\\/173024\\\/\",\"name\":\"Mobilisation europ\u00e9enne pour enrayer l\u2019immigration clandestine tunisienne\",\"isPartOf\":{\"@id\":\"https:\\\/\\\/www.webdo.tn\\\/fr\\\/#website\"},\"primaryImageOfPage\":{\"@id\":\"https:\\\/\\\/www.webdo.tn\\\/fr\\\/actualite\\\/national\\\/mobilisation-europeenne-pour-enrayer-limmigration-clandestine-tunisienne\\\/173024\\\/#primaryimage\"},\"image\":{\"@id\":\"https:\\\/\\\/www.webdo.tn\\\/fr\\\/actualite\\\/national\\\/mobilisation-europeenne-pour-enrayer-limmigration-clandestine-tunisienne\\\/173024\\\/#primaryimage\"},\"thumbnailUrl\":\"https:\\\/\\\/www.webdo.tn\\\/fr\\\/wp-content\\\/uploads\\\/2011\\\/02\\\/Des-migrants-tunisiens-clandestins-300x224-1.jpg\",\"datePublished\":\"2011-02-15T18:27:00+00:00\",\"dateModified\":\"2025-06-04T21:22:03+00:00\",\"description\":\"Mobilisation europ\u00e9enne pour enrayer l\u2019immigration clandestine tunisienne\",\"breadcrumb\":{\"@id\":\"https:\\\/\\\/www.webdo.tn\\\/fr\\\/actualite\\\/national\\\/mobilisation-europeenne-pour-enrayer-limmigration-clandestine-tunisienne\\\/173024\\\/#breadcrumb\"},\"inLanguage\":\"fr-FR\",\"potentialAction\":[{\"@type\":\"ReadAction\",\"target\":[\"https:\\\/\\\/www.webdo.tn\\\/fr\\\/actualite\\\/national\\\/mobilisation-europeenne-pour-enrayer-limmigration-clandestine-tunisienne\\\/173024\\\/\"]}]},{\"@type\":\"ImageObject\",\"inLanguage\":\"fr-FR\",\"@id\":\"https:\\\/\\\/www.webdo.tn\\\/fr\\\/actualite\\\/national\\\/mobilisation-europeenne-pour-enrayer-limmigration-clandestine-tunisienne\\\/173024\\\/#primaryimage\",\"url\":\"https:\\\/\\\/www.webdo.tn\\\/fr\\\/wp-content\\\/uploads\\\/2011\\\/02\\\/Des-migrants-tunisiens-clandestins-300x224-1.jpg\",\"contentUrl\":\"https:\\\/\\\/www.webdo.tn\\\/fr\\\/wp-content\\\/uploads\\\/2011\\\/02\\\/Des-migrants-tunisiens-clandestins-300x224-1.jpg\",\"width\":300,\"height\":224,\"caption\":\"Mobilisation europ\u00e9enne pour enrayer l\u2019immigration clandestine tunisienne\"},{\"@type\":\"BreadcrumbList\",\"@id\":\"https:\\\/\\\/www.webdo.tn\\\/fr\\\/actualite\\\/national\\\/mobilisation-europeenne-pour-enrayer-limmigration-clandestine-tunisienne\\\/173024\\\/#breadcrumb\",\"itemListElement\":[{\"@type\":\"ListItem\",\"position\":1,\"name\":\"Accueil\",\"item\":\"https:\\\/\\\/www.webdo.tn\\\/fr\\\/\"},{\"@type\":\"ListItem\",\"position\":2,\"name\":\"Mobilisation europ\u00e9enne pour enrayer l\u2019immigration clandestine tunisienne\"}]},{\"@type\":\"WebSite\",\"@id\":\"https:\\\/\\\/www.webdo.tn\\\/fr\\\/#website\",\"url\":\"https:\\\/\\\/www.webdo.tn\\\/fr\\\/\",\"name\":\"webdo\",\"description\":\"Tunisie - News en Tunisie et \u00e0 l&#039;international sur Webdo.tn\",\"publisher\":{\"@id\":\"https:\\\/\\\/www.webdo.tn\\\/fr\\\/#organization\"},\"potentialAction\":[{\"@type\":\"SearchAction\",\"target\":{\"@type\":\"EntryPoint\",\"urlTemplate\":\"https:\\\/\\\/www.webdo.tn\\\/fr\\\/?s={search_term_string}\"},\"query-input\":{\"@type\":\"PropertyValueSpecification\",\"valueRequired\":true,\"valueName\":\"search_term_string\"}}],\"inLanguage\":\"fr-FR\"},{\"@type\":\"Organization\",\"@id\":\"https:\\\/\\\/www.webdo.tn\\\/fr\\\/#organization\",\"name\":\"Webdo\",\"alternateName\":\"Webdo.tn\",\"url\":\"https:\\\/\\\/www.webdo.tn\\\/fr\\\/\",\"logo\":{\"@type\":\"ImageObject\",\"inLanguage\":\"fr-FR\",\"@id\":\"https:\\\/\\\/www.webdo.tn\\\/fr\\\/#\\\/schema\\\/logo\\\/image\\\/\",\"url\":\"https:\\\/\\\/www.webdo.tn\\\/fr\\\/wp-content\\\/uploads\\\/2025\\\/06\\\/Webdo-Tunisie_168377.jpg\",\"contentUrl\":\"https:\\\/\\\/www.webdo.tn\\\/fr\\\/wp-content\\\/uploads\\\/2025\\\/06\\\/Webdo-Tunisie_168377.jpg\",\"width\":301,\"height\":301,\"caption\":\"Webdo\"},\"image\":{\"@id\":\"https:\\\/\\\/www.webdo.tn\\\/fr\\\/#\\\/schema\\\/logo\\\/image\\\/\"},\"sameAs\":[\"https:\\\/\\\/www.facebook.com\\\/webdotn\",\"https:\\\/\\\/x.com\\\/webdo_tn\"],\"description\":\"Webdo est un m\u00e9dia num\u00e9rique tunisien fond\u00e9 en 2010, sp\u00e9cialis\u00e9 dans l\u2019actualit\u00e9 nationale et internationale, l\u2019\u00e9conomie, la soci\u00e9t\u00e9 et les analyses politiques. Le site s\u2019adresse \u00e0 un large public francophone et couvre l\u2019information tunisienne en temps r\u00e9el.\",\"email\":\"redac@webdo.tn\",\"legalName\":\"YNJ SARL\",\"foundingDate\":\"2010-09-06\",\"numberOfEmployees\":{\"@type\":\"QuantitativeValue\",\"minValue\":\"11\",\"maxValue\":\"50\"}},{\"@type\":\"Person\",\"@id\":\"https:\\\/\\\/www.webdo.tn\\\/fr\\\/#\\\/schema\\\/person\\\/9a9c6118d687c117df8ef3cc36a4d175\",\"name\":\"webdo.tn\",\"image\":{\"@type\":\"ImageObject\",\"inLanguage\":\"fr-FR\",\"@id\":\"https:\\\/\\\/secure.gravatar.com\\\/avatar\\\/7ce1f28c0c3bbac99ff550b85ef8e44a6950c6ee24514fb6a5489e51d06f0298?s=96&d=mm&r=g\",\"url\":\"https:\\\/\\\/secure.gravatar.com\\\/avatar\\\/7ce1f28c0c3bbac99ff550b85ef8e44a6950c6ee24514fb6a5489e51d06f0298?s=96&d=mm&r=g\",\"contentUrl\":\"https:\\\/\\\/secure.gravatar.com\\\/avatar\\\/7ce1f28c0c3bbac99ff550b85ef8e44a6950c6ee24514fb6a5489e51d06f0298?s=96&d=mm&r=g\",\"caption\":\"webdo.tn\"},\"url\":\"https:\\\/\\\/www.webdo.tn\\\/fr\\\/actualite\\\/author\\\/webdotn\\\/\"}]}<\/script>\n<!-- \/ Yoast SEO Premium plugin. -->","yoast_head_json":{"title":"Mobilisation europ\u00e9enne pour enrayer l\u2019immigration clandestine tunisienne","description":"Mobilisation europ\u00e9enne pour enrayer l\u2019immigration clandestine tunisienne","canonical":"https:\/\/www.webdo.tn\/fr\/actualite\/national\/mobilisation-europeenne-pour-enrayer-limmigration-clandestine-tunisienne\/173024\/","og_locale":"fr_FR","og_type":"article","og_title":"Mobilisation europ\u00e9enne pour enrayer l\u2019immigration clandestine tunisienne","og_description":"Mobilisation europ\u00e9enne pour enrayer l\u2019immigration clandestine tunisienne","og_url":"https:\/\/www.webdo.tn\/fr\/actualite\/national\/mobilisation-europeenne-pour-enrayer-limmigration-clandestine-tunisienne\/173024\/","og_site_name":"webdo","article_publisher":"https:\/\/www.facebook.com\/webdotn","article_published_time":"2011-02-15T18:27:00+00:00","article_modified_time":"2025-06-04T21:22:03+00:00","og_image":[{"width":300,"height":224,"url":"https:\/\/www.webdo.tn\/fr\/wp-content\/uploads\/2011\/02\/Des-migrants-tunisiens-clandestins-300x224-1.jpg","type":"image\/jpeg"}],"author":"webdo.tn","twitter_card":"summary_large_image","twitter_creator":"@webdo_tn","twitter_site":"@webdo_tn","twitter_misc":{"\u00c9crit par":"webdo.tn","Dur\u00e9e de lecture estim\u00e9e":"3 minutes"},"schema":{"@context":"https:\/\/schema.org","@graph":[{"@type":"NewsArticle","@id":"https:\/\/www.webdo.tn\/fr\/actualite\/national\/mobilisation-europeenne-pour-enrayer-limmigration-clandestine-tunisienne\/173024\/#article","isPartOf":{"@id":"https:\/\/www.webdo.tn\/fr\/actualite\/national\/mobilisation-europeenne-pour-enrayer-limmigration-clandestine-tunisienne\/173024\/"},"author":{"name":"webdo.tn","@id":"https:\/\/www.webdo.tn\/fr\/#\/schema\/person\/9a9c6118d687c117df8ef3cc36a4d175"},"headline":"Mobilisation europ\u00e9enne pour enrayer l\u2019immigration clandestine tunisienne","datePublished":"2011-02-15T18:27:00+00:00","dateModified":"2025-06-04T21:22:03+00:00","mainEntityOfPage":{"@id":"https:\/\/www.webdo.tn\/fr\/actualite\/national\/mobilisation-europeenne-pour-enrayer-limmigration-clandestine-tunisienne\/173024\/"},"wordCount":533,"commentCount":0,"publisher":{"@id":"https:\/\/www.webdo.tn\/fr\/#organization"},"image":{"@id":"https:\/\/www.webdo.tn\/fr\/actualite\/national\/mobilisation-europeenne-pour-enrayer-limmigration-clandestine-tunisienne\/173024\/#primaryimage"},"thumbnailUrl":"https:\/\/www.webdo.tn\/fr\/wp-content\/uploads\/2011\/02\/Des-migrants-tunisiens-clandestins-300x224-1.jpg","articleSection":["National"],"inLanguage":"fr-FR"},{"@type":"WebPage","@id":"https:\/\/www.webdo.tn\/fr\/actualite\/national\/mobilisation-europeenne-pour-enrayer-limmigration-clandestine-tunisienne\/173024\/","url":"https:\/\/www.webdo.tn\/fr\/actualite\/national\/mobilisation-europeenne-pour-enrayer-limmigration-clandestine-tunisienne\/173024\/","name":"Mobilisation europ\u00e9enne pour enrayer l\u2019immigration clandestine tunisienne","isPartOf":{"@id":"https:\/\/www.webdo.tn\/fr\/#website"},"primaryImageOfPage":{"@id":"https:\/\/www.webdo.tn\/fr\/actualite\/national\/mobilisation-europeenne-pour-enrayer-limmigration-clandestine-tunisienne\/173024\/#primaryimage"},"image":{"@id":"https:\/\/www.webdo.tn\/fr\/actualite\/national\/mobilisation-europeenne-pour-enrayer-limmigration-clandestine-tunisienne\/173024\/#primaryimage"},"thumbnailUrl":"https:\/\/www.webdo.tn\/fr\/wp-content\/uploads\/2011\/02\/Des-migrants-tunisiens-clandestins-300x224-1.jpg","datePublished":"2011-02-15T18:27:00+00:00","dateModified":"2025-06-04T21:22:03+00:00","description":"Mobilisation europ\u00e9enne pour enrayer l\u2019immigration clandestine tunisienne","breadcrumb":{"@id":"https:\/\/www.webdo.tn\/fr\/actualite\/national\/mobilisation-europeenne-pour-enrayer-limmigration-clandestine-tunisienne\/173024\/#breadcrumb"},"inLanguage":"fr-FR","potentialAction":[{"@type":"ReadAction","target":["https:\/\/www.webdo.tn\/fr\/actualite\/national\/mobilisation-europeenne-pour-enrayer-limmigration-clandestine-tunisienne\/173024\/"]}]},{"@type":"ImageObject","inLanguage":"fr-FR","@id":"https:\/\/www.webdo.tn\/fr\/actualite\/national\/mobilisation-europeenne-pour-enrayer-limmigration-clandestine-tunisienne\/173024\/#primaryimage","url":"https:\/\/www.webdo.tn\/fr\/wp-content\/uploads\/2011\/02\/Des-migrants-tunisiens-clandestins-300x224-1.jpg","contentUrl":"https:\/\/www.webdo.tn\/fr\/wp-content\/uploads\/2011\/02\/Des-migrants-tunisiens-clandestins-300x224-1.jpg","width":300,"height":224,"caption":"Mobilisation europ\u00e9enne pour enrayer l\u2019immigration clandestine tunisienne"},{"@type":"BreadcrumbList","@id":"https:\/\/www.webdo.tn\/fr\/actualite\/national\/mobilisation-europeenne-pour-enrayer-limmigration-clandestine-tunisienne\/173024\/#breadcrumb","itemListElement":[{"@type":"ListItem","position":1,"name":"Accueil","item":"https:\/\/www.webdo.tn\/fr\/"},{"@type":"ListItem","position":2,"name":"Mobilisation europ\u00e9enne pour enrayer l\u2019immigration clandestine tunisienne"}]},{"@type":"WebSite","@id":"https:\/\/www.webdo.tn\/fr\/#website","url":"https:\/\/www.webdo.tn\/fr\/","name":"webdo","description":"Tunisie - News en Tunisie et \u00e0 l&#039;international sur Webdo.tn","publisher":{"@id":"https:\/\/www.webdo.tn\/fr\/#organization"},"potentialAction":[{"@type":"SearchAction","target":{"@type":"EntryPoint","urlTemplate":"https:\/\/www.webdo.tn\/fr\/?s={search_term_string}"},"query-input":{"@type":"PropertyValueSpecification","valueRequired":true,"valueName":"search_term_string"}}],"inLanguage":"fr-FR"},{"@type":"Organization","@id":"https:\/\/www.webdo.tn\/fr\/#organization","name":"Webdo","alternateName":"Webdo.tn","url":"https:\/\/www.webdo.tn\/fr\/","logo":{"@type":"ImageObject","inLanguage":"fr-FR","@id":"https:\/\/www.webdo.tn\/fr\/#\/schema\/logo\/image\/","url":"https:\/\/www.webdo.tn\/fr\/wp-content\/uploads\/2025\/06\/Webdo-Tunisie_168377.jpg","contentUrl":"https:\/\/www.webdo.tn\/fr\/wp-content\/uploads\/2025\/06\/Webdo-Tunisie_168377.jpg","width":301,"height":301,"caption":"Webdo"},"image":{"@id":"https:\/\/www.webdo.tn\/fr\/#\/schema\/logo\/image\/"},"sameAs":["https:\/\/www.facebook.com\/webdotn","https:\/\/x.com\/webdo_tn"],"description":"Webdo est un m\u00e9dia num\u00e9rique tunisien fond\u00e9 en 2010, sp\u00e9cialis\u00e9 dans l\u2019actualit\u00e9 nationale et internationale, l\u2019\u00e9conomie, la soci\u00e9t\u00e9 et les analyses politiques. Le site s\u2019adresse \u00e0 un large public francophone et couvre l\u2019information tunisienne en temps r\u00e9el.","email":"redac@webdo.tn","legalName":"YNJ SARL","foundingDate":"2010-09-06","numberOfEmployees":{"@type":"QuantitativeValue","minValue":"11","maxValue":"50"}},{"@type":"Person","@id":"https:\/\/www.webdo.tn\/fr\/#\/schema\/person\/9a9c6118d687c117df8ef3cc36a4d175","name":"webdo.tn","image":{"@type":"ImageObject","inLanguage":"fr-FR","@id":"https:\/\/secure.gravatar.com\/avatar\/7ce1f28c0c3bbac99ff550b85ef8e44a6950c6ee24514fb6a5489e51d06f0298?s=96&d=mm&r=g","url":"https:\/\/secure.gravatar.com\/avatar\/7ce1f28c0c3bbac99ff550b85ef8e44a6950c6ee24514fb6a5489e51d06f0298?s=96&d=mm&r=g","contentUrl":"https:\/\/secure.gravatar.com\/avatar\/7ce1f28c0c3bbac99ff550b85ef8e44a6950c6ee24514fb6a5489e51d06f0298?s=96&d=mm&r=g","caption":"webdo.tn"},"url":"https:\/\/www.webdo.tn\/fr\/actualite\/author\/webdotn\/"}]}},"_links":{"self":[{"href":"https:\/\/www.webdo.tn\/fr\/wp-json\/wp\/v2\/posts\/173024","targetHints":{"allow":["GET"]}}],"collection":[{"href":"https:\/\/www.webdo.tn\/fr\/wp-json\/wp\/v2\/posts"}],"about":[{"href":"https:\/\/www.webdo.tn\/fr\/wp-json\/wp\/v2\/types\/post"}],"author":[{"embeddable":true,"href":"https:\/\/www.webdo.tn\/fr\/wp-json\/wp\/v2\/users\/3222"}],"replies":[{"embeddable":true,"href":"https:\/\/www.webdo.tn\/fr\/wp-json\/wp\/v2\/comments?post=173024"}],"version-history":[{"count":0,"href":"https:\/\/www.webdo.tn\/fr\/wp-json\/wp\/v2\/posts\/173024\/revisions"}],"wp:featuredmedia":[{"embeddable":true,"href":"https:\/\/www.webdo.tn\/fr\/wp-json\/wp\/v2\/media\/365808"}],"wp:attachment":[{"href":"https:\/\/www.webdo.tn\/fr\/wp-json\/wp\/v2\/media?parent=173024"}],"wp:term":[{"taxonomy":"category","embeddable":true,"href":"https:\/\/www.webdo.tn\/fr\/wp-json\/wp\/v2\/categories?post=173024"},{"taxonomy":"post_tag","embeddable":true,"href":"https:\/\/www.webdo.tn\/fr\/wp-json\/wp\/v2\/tags?post=173024"}],"curies":[{"name":"wp","href":"https:\/\/api.w.org\/{rel}","templated":true}]}}