{"id":173023,"date":"2011-02-15T19:03:00","date_gmt":"2011-02-15T19:03:00","guid":{"rendered":"https:\/\/www.webdo.tn\/fr\/actualite\/blog\/les-parents-de-mam-ont-rachete-les-parts-dune-societe-daziz-miled\/173023\/"},"modified":"2025-06-04T21:22:01","modified_gmt":"2025-06-04T21:22:01","slug":"les-parents-de-mam-ont-rachete-les-parts-dune-societe-daziz-miled","status":"publish","type":"post","link":"https:\/\/www.webdo.tn\/fr\/actualite\/national\/les-parents-de-mam-ont-rachete-les-parts-dune-societe-daziz-miled\/173023\/","title":{"rendered":"Les parents de MAM ont rachet\u00e9 les parts d\u2019une soci\u00e9t\u00e9 d\u2019Aziz Miled"},"content":{"rendered":"<p>Le Canard Enchaine se d\u00e9chaine \u00e0 nouveau sur Michele Alliot Marie. Il vient de mettre la main sur une nouvelle information concernant \u00ab l\u2019amiti\u00e9 \u00bb qu\u2019entretient MAM avec Aziz Miled.<\/p>\n<p>Apres l\u2019utilisation du jet priv\u00e9 du riche homme d\u2019affaires lors de ses derni\u00e8res vacances \u00e0 Tabarka fin 2010, voila que les parents de MAM auraient rachet\u00e9 des parts de la SCI, soci\u00e9t\u00e9 immobili\u00e8re appartenant a Aziz Miled et a son fils.<\/p>\n<p>Selon Le Canard Enchain\u00e9, ce rachat a eu lieu le 30 d\u00e9cembre, au cours du voyage controvers\u00e9 \u00e0 Tabarka effectu\u00e9 par la ministre des affaires \u00e9trang\u00e8res fran\u00e7aise. Bernard et Renee Marie, ag\u00e9s de 94 et 92 ans, d\u00e9j\u00e0 propri\u00e9taires de 13 % de la soci\u00e9t\u00e9 ont rachet\u00e9 les parts d\u2019Aziz et de Karim Miled. Le montant de la transaction n\u2019est pas connu mais la valeur des parts s\u2019\u00e9l\u00e8ve \u00e0 755000 dinars selon l\u2019hebdomadaire.<\/p>\n<p>Cette affaire jette une ombre de plus au tableau de Michele Alliot Marie. La ministre qui avait d\u00e9j\u00e0 du faire face a de nombreux appels r\u00e9clamant sa d\u00e9mission survivra-t-elle \u00e0 cette derni\u00e8re r\u00e9v\u00e9lation ?<\/p>\n","protected":false},"excerpt":{"rendered":"<p>Les parents de MAM ont rachet\u00e9 les parts d\u2019une soci\u00e9t\u00e9 d\u2019Aziz Miled <\/p>\n","protected":false},"author":3222,"featured_media":376290,"comment_status":"open","ping_status":"closed","sticky":false,"template":"","format":"standard","meta":{"footnotes":""},"categories":[44],"tags":[],"class_list":["post-173023","post","type-post","status-publish","format-standard","has-post-thumbnail","hentry","category-national"],"yoast_head":"<!-- This site is optimized with the Yoast SEO Premium plugin v27.4 (Yoast SEO v27.4) - https:\/\/yoast.com\/product\/yoast-seo-premium-wordpress\/ -->\n<title>Les parents de MAM ont rachet\u00e9 les parts d\u2019une soci\u00e9t\u00e9 d\u2019Aziz Miled<\/title>\n<meta name=\"description\" content=\"Les parents de MAM ont rachet\u00e9 les parts d\u2019une soci\u00e9t\u00e9 d\u2019Aziz Miled\" \/>\n<link rel=\"canonical\" href=\"https:\/\/www.webdo.tn\/fr\/actualite\/national\/les-parents-de-mam-ont-rachete-les-parts-dune-societe-daziz-miled\/173023\/\" \/>\n<meta property=\"og:locale\" content=\"fr_FR\" \/>\n<meta property=\"og:type\" content=\"article\" \/>\n<meta property=\"og:title\" content=\"Les parents de MAM ont rachet\u00e9 les parts d\u2019une soci\u00e9t\u00e9 d\u2019Aziz Miled\" \/>\n<meta property=\"og:description\" content=\"Les parents de MAM ont rachet\u00e9 les parts d\u2019une soci\u00e9t\u00e9 d\u2019Aziz Miled\" \/>\n<meta property=\"og:url\" content=\"https:\/\/www.webdo.tn\/fr\/actualite\/national\/les-parents-de-mam-ont-rachete-les-parts-dune-societe-daziz-miled\/173023\/\" \/>\n<meta property=\"og:site_name\" content=\"webdo\" \/>\n<meta property=\"article:publisher\" content=\"https:\/\/www.facebook.com\/webdotn\" \/>\n<meta property=\"article:published_time\" content=\"2011-02-15T19:03:00+00:00\" \/>\n<meta property=\"article:modified_time\" content=\"2025-06-04T21:22:01+00:00\" \/>\n<meta name=\"author\" content=\"webdo.tn\" \/>\n<meta name=\"twitter:card\" content=\"summary_large_image\" \/>\n<meta name=\"twitter:creator\" content=\"@webdo_tn\" \/>\n<meta name=\"twitter:site\" content=\"@webdo_tn\" \/>\n<meta name=\"twitter:label1\" content=\"\u00c9crit par\" \/>\n\t<meta name=\"twitter:data1\" content=\"webdo.tn\" \/>\n\t<meta name=\"twitter:label2\" content=\"Dur\u00e9e de lecture estim\u00e9e\" \/>\n\t<meta name=\"twitter:data2\" content=\"1 minute\" \/>\n<script type=\"application\/ld+json\" class=\"yoast-schema-graph\">{\"@context\":\"https:\\\/\\\/schema.org\",\"@graph\":[{\"@type\":\"NewsArticle\",\"@id\":\"https:\\\/\\\/www.webdo.tn\\\/fr\\\/actualite\\\/national\\\/les-parents-de-mam-ont-rachete-les-parts-dune-societe-daziz-miled\\\/173023\\\/#article\",\"isPartOf\":{\"@id\":\"https:\\\/\\\/www.webdo.tn\\\/fr\\\/actualite\\\/national\\\/les-parents-de-mam-ont-rachete-les-parts-dune-societe-daziz-miled\\\/173023\\\/\"},\"author\":{\"name\":\"webdo.tn\",\"@id\":\"https:\\\/\\\/www.webdo.tn\\\/fr\\\/#\\\/schema\\\/person\\\/9a9c6118d687c117df8ef3cc36a4d175\"},\"headline\":\"Les parents de MAM ont rachet\u00e9 les parts d\u2019une soci\u00e9t\u00e9 d\u2019Aziz Miled\",\"datePublished\":\"2011-02-15T19:03:00+00:00\",\"dateModified\":\"2025-06-04T21:22:01+00:00\",\"mainEntityOfPage\":{\"@id\":\"https:\\\/\\\/www.webdo.tn\\\/fr\\\/actualite\\\/national\\\/les-parents-de-mam-ont-rachete-les-parts-dune-societe-daziz-miled\\\/173023\\\/\"},\"wordCount\":204,\"commentCount\":0,\"publisher\":{\"@id\":\"https:\\\/\\\/www.webdo.tn\\\/fr\\\/#organization\"},\"image\":{\"@id\":\"https:\\\/\\\/www.webdo.tn\\\/fr\\\/actualite\\\/national\\\/les-parents-de-mam-ont-rachete-les-parts-dune-societe-daziz-miled\\\/173023\\\/#primaryimage\"},\"thumbnailUrl\":\"https:\\\/\\\/www.webdo.tn\\\/fr\\\/wp-content\\\/uploads\\\/2025\\\/06\\\/FireShot-Capture-1063-webdo_default-53-750x375.jpg-750\u00d7375-www.webdo_.tn_.png\",\"articleSection\":[\"National\"],\"inLanguage\":\"fr-FR\"},{\"@type\":\"WebPage\",\"@id\":\"https:\\\/\\\/www.webdo.tn\\\/fr\\\/actualite\\\/national\\\/les-parents-de-mam-ont-rachete-les-parts-dune-societe-daziz-miled\\\/173023\\\/\",\"url\":\"https:\\\/\\\/www.webdo.tn\\\/fr\\\/actualite\\\/national\\\/les-parents-de-mam-ont-rachete-les-parts-dune-societe-daziz-miled\\\/173023\\\/\",\"name\":\"Les parents de MAM ont rachet\u00e9 les parts d\u2019une soci\u00e9t\u00e9 d\u2019Aziz Miled\",\"isPartOf\":{\"@id\":\"https:\\\/\\\/www.webdo.tn\\\/fr\\\/#website\"},\"primaryImageOfPage\":{\"@id\":\"https:\\\/\\\/www.webdo.tn\\\/fr\\\/actualite\\\/national\\\/les-parents-de-mam-ont-rachete-les-parts-dune-societe-daziz-miled\\\/173023\\\/#primaryimage\"},\"image\":{\"@id\":\"https:\\\/\\\/www.webdo.tn\\\/fr\\\/actualite\\\/national\\\/les-parents-de-mam-ont-rachete-les-parts-dune-societe-daziz-miled\\\/173023\\\/#primaryimage\"},\"thumbnailUrl\":\"https:\\\/\\\/www.webdo.tn\\\/fr\\\/wp-content\\\/uploads\\\/2025\\\/06\\\/FireShot-Capture-1063-webdo_default-53-750x375.jpg-750\u00d7375-www.webdo_.tn_.png\",\"datePublished\":\"2011-02-15T19:03:00+00:00\",\"dateModified\":\"2025-06-04T21:22:01+00:00\",\"description\":\"Les parents de MAM ont rachet\u00e9 les parts d\u2019une soci\u00e9t\u00e9 d\u2019Aziz Miled\",\"breadcrumb\":{\"@id\":\"https:\\\/\\\/www.webdo.tn\\\/fr\\\/actualite\\\/national\\\/les-parents-de-mam-ont-rachete-les-parts-dune-societe-daziz-miled\\\/173023\\\/#breadcrumb\"},\"inLanguage\":\"fr-FR\",\"potentialAction\":[{\"@type\":\"ReadAction\",\"target\":[\"https:\\\/\\\/www.webdo.tn\\\/fr\\\/actualite\\\/national\\\/les-parents-de-mam-ont-rachete-les-parts-dune-societe-daziz-miled\\\/173023\\\/\"]}]},{\"@type\":\"ImageObject\",\"inLanguage\":\"fr-FR\",\"@id\":\"https:\\\/\\\/www.webdo.tn\\\/fr\\\/actualite\\\/national\\\/les-parents-de-mam-ont-rachete-les-parts-dune-societe-daziz-miled\\\/173023\\\/#primaryimage\",\"url\":\"https:\\\/\\\/www.webdo.tn\\\/fr\\\/wp-content\\\/uploads\\\/2025\\\/06\\\/FireShot-Capture-1063-webdo_default-53-750x375.jpg-750\u00d7375-www.webdo_.tn_.png\",\"contentUrl\":\"https:\\\/\\\/www.webdo.tn\\\/fr\\\/wp-content\\\/uploads\\\/2025\\\/06\\\/FireShot-Capture-1063-webdo_default-53-750x375.jpg-750\u00d7375-www.webdo_.tn_.png\",\"width\":746,\"height\":371},{\"@type\":\"BreadcrumbList\",\"@id\":\"https:\\\/\\\/www.webdo.tn\\\/fr\\\/actualite\\\/national\\\/les-parents-de-mam-ont-rachete-les-parts-dune-societe-daziz-miled\\\/173023\\\/#breadcrumb\",\"itemListElement\":[{\"@type\":\"ListItem\",\"position\":1,\"name\":\"Accueil\",\"item\":\"https:\\\/\\\/www.webdo.tn\\\/fr\\\/\"},{\"@type\":\"ListItem\",\"position\":2,\"name\":\"Les parents de MAM ont rachet\u00e9 les parts d\u2019une soci\u00e9t\u00e9 d\u2019Aziz Miled\"}]},{\"@type\":\"WebSite\",\"@id\":\"https:\\\/\\\/www.webdo.tn\\\/fr\\\/#website\",\"url\":\"https:\\\/\\\/www.webdo.tn\\\/fr\\\/\",\"name\":\"webdo\",\"description\":\"Tunisie - News en Tunisie et \u00e0 l&#039;international sur Webdo.tn\",\"publisher\":{\"@id\":\"https:\\\/\\\/www.webdo.tn\\\/fr\\\/#organization\"},\"potentialAction\":[{\"@type\":\"SearchAction\",\"target\":{\"@type\":\"EntryPoint\",\"urlTemplate\":\"https:\\\/\\\/www.webdo.tn\\\/fr\\\/?s={search_term_string}\"},\"query-input\":{\"@type\":\"PropertyValueSpecification\",\"valueRequired\":true,\"valueName\":\"search_term_string\"}}],\"inLanguage\":\"fr-FR\"},{\"@type\":\"Organization\",\"@id\":\"https:\\\/\\\/www.webdo.tn\\\/fr\\\/#organization\",\"name\":\"Webdo\",\"alternateName\":\"Webdo.tn\",\"url\":\"https:\\\/\\\/www.webdo.tn\\\/fr\\\/\",\"logo\":{\"@type\":\"ImageObject\",\"inLanguage\":\"fr-FR\",\"@id\":\"https:\\\/\\\/www.webdo.tn\\\/fr\\\/#\\\/schema\\\/logo\\\/image\\\/\",\"url\":\"https:\\\/\\\/www.webdo.tn\\\/fr\\\/wp-content\\\/uploads\\\/2025\\\/06\\\/Webdo-Tunisie_168377.jpg\",\"contentUrl\":\"https:\\\/\\\/www.webdo.tn\\\/fr\\\/wp-content\\\/uploads\\\/2025\\\/06\\\/Webdo-Tunisie_168377.jpg\",\"width\":301,\"height\":301,\"caption\":\"Webdo\"},\"image\":{\"@id\":\"https:\\\/\\\/www.webdo.tn\\\/fr\\\/#\\\/schema\\\/logo\\\/image\\\/\"},\"sameAs\":[\"https:\\\/\\\/www.facebook.com\\\/webdotn\",\"https:\\\/\\\/x.com\\\/webdo_tn\"],\"description\":\"Webdo est un m\u00e9dia num\u00e9rique tunisien fond\u00e9 en 2010, sp\u00e9cialis\u00e9 dans l\u2019actualit\u00e9 nationale et internationale, l\u2019\u00e9conomie, la soci\u00e9t\u00e9 et les analyses politiques. Le site s\u2019adresse \u00e0 un large public francophone et couvre l\u2019information tunisienne en temps r\u00e9el.\",\"email\":\"redac@webdo.tn\",\"legalName\":\"YNJ SARL\",\"foundingDate\":\"2010-09-06\",\"numberOfEmployees\":{\"@type\":\"QuantitativeValue\",\"minValue\":\"11\",\"maxValue\":\"50\"}},{\"@type\":\"Person\",\"@id\":\"https:\\\/\\\/www.webdo.tn\\\/fr\\\/#\\\/schema\\\/person\\\/9a9c6118d687c117df8ef3cc36a4d175\",\"name\":\"webdo.tn\",\"image\":{\"@type\":\"ImageObject\",\"inLanguage\":\"fr-FR\",\"@id\":\"https:\\\/\\\/secure.gravatar.com\\\/avatar\\\/7ce1f28c0c3bbac99ff550b85ef8e44a6950c6ee24514fb6a5489e51d06f0298?s=96&d=mm&r=g\",\"url\":\"https:\\\/\\\/secure.gravatar.com\\\/avatar\\\/7ce1f28c0c3bbac99ff550b85ef8e44a6950c6ee24514fb6a5489e51d06f0298?s=96&d=mm&r=g\",\"contentUrl\":\"https:\\\/\\\/secure.gravatar.com\\\/avatar\\\/7ce1f28c0c3bbac99ff550b85ef8e44a6950c6ee24514fb6a5489e51d06f0298?s=96&d=mm&r=g\",\"caption\":\"webdo.tn\"},\"url\":\"https:\\\/\\\/www.webdo.tn\\\/fr\\\/actualite\\\/author\\\/webdotn\\\/\"}]}<\/script>\n<!-- \/ Yoast SEO Premium plugin. -->","yoast_head_json":{"title":"Les parents de MAM ont rachet\u00e9 les parts d\u2019une soci\u00e9t\u00e9 d\u2019Aziz Miled","description":"Les parents de MAM ont rachet\u00e9 les parts d\u2019une soci\u00e9t\u00e9 d\u2019Aziz Miled","canonical":"https:\/\/www.webdo.tn\/fr\/actualite\/national\/les-parents-de-mam-ont-rachete-les-parts-dune-societe-daziz-miled\/173023\/","og_locale":"fr_FR","og_type":"article","og_title":"Les parents de MAM ont rachet\u00e9 les parts d\u2019une soci\u00e9t\u00e9 d\u2019Aziz Miled","og_description":"Les parents de MAM ont rachet\u00e9 les parts d\u2019une soci\u00e9t\u00e9 d\u2019Aziz Miled","og_url":"https:\/\/www.webdo.tn\/fr\/actualite\/national\/les-parents-de-mam-ont-rachete-les-parts-dune-societe-daziz-miled\/173023\/","og_site_name":"webdo","article_publisher":"https:\/\/www.facebook.com\/webdotn","article_published_time":"2011-02-15T19:03:00+00:00","article_modified_time":"2025-06-04T21:22:01+00:00","author":"webdo.tn","twitter_card":"summary_large_image","twitter_creator":"@webdo_tn","twitter_site":"@webdo_tn","twitter_misc":{"\u00c9crit par":"webdo.tn","Dur\u00e9e de lecture estim\u00e9e":"1 minute"},"schema":{"@context":"https:\/\/schema.org","@graph":[{"@type":"NewsArticle","@id":"https:\/\/www.webdo.tn\/fr\/actualite\/national\/les-parents-de-mam-ont-rachete-les-parts-dune-societe-daziz-miled\/173023\/#article","isPartOf":{"@id":"https:\/\/www.webdo.tn\/fr\/actualite\/national\/les-parents-de-mam-ont-rachete-les-parts-dune-societe-daziz-miled\/173023\/"},"author":{"name":"webdo.tn","@id":"https:\/\/www.webdo.tn\/fr\/#\/schema\/person\/9a9c6118d687c117df8ef3cc36a4d175"},"headline":"Les parents de MAM ont rachet\u00e9 les parts d\u2019une soci\u00e9t\u00e9 d\u2019Aziz Miled","datePublished":"2011-02-15T19:03:00+00:00","dateModified":"2025-06-04T21:22:01+00:00","mainEntityOfPage":{"@id":"https:\/\/www.webdo.tn\/fr\/actualite\/national\/les-parents-de-mam-ont-rachete-les-parts-dune-societe-daziz-miled\/173023\/"},"wordCount":204,"commentCount":0,"publisher":{"@id":"https:\/\/www.webdo.tn\/fr\/#organization"},"image":{"@id":"https:\/\/www.webdo.tn\/fr\/actualite\/national\/les-parents-de-mam-ont-rachete-les-parts-dune-societe-daziz-miled\/173023\/#primaryimage"},"thumbnailUrl":"https:\/\/www.webdo.tn\/fr\/wp-content\/uploads\/2025\/06\/FireShot-Capture-1063-webdo_default-53-750x375.jpg-750\u00d7375-www.webdo_.tn_.png","articleSection":["National"],"inLanguage":"fr-FR"},{"@type":"WebPage","@id":"https:\/\/www.webdo.tn\/fr\/actualite\/national\/les-parents-de-mam-ont-rachete-les-parts-dune-societe-daziz-miled\/173023\/","url":"https:\/\/www.webdo.tn\/fr\/actualite\/national\/les-parents-de-mam-ont-rachete-les-parts-dune-societe-daziz-miled\/173023\/","name":"Les parents de MAM ont rachet\u00e9 les parts d\u2019une soci\u00e9t\u00e9 d\u2019Aziz Miled","isPartOf":{"@id":"https:\/\/www.webdo.tn\/fr\/#website"},"primaryImageOfPage":{"@id":"https:\/\/www.webdo.tn\/fr\/actualite\/national\/les-parents-de-mam-ont-rachete-les-parts-dune-societe-daziz-miled\/173023\/#primaryimage"},"image":{"@id":"https:\/\/www.webdo.tn\/fr\/actualite\/national\/les-parents-de-mam-ont-rachete-les-parts-dune-societe-daziz-miled\/173023\/#primaryimage"},"thumbnailUrl":"https:\/\/www.webdo.tn\/fr\/wp-content\/uploads\/2025\/06\/FireShot-Capture-1063-webdo_default-53-750x375.jpg-750\u00d7375-www.webdo_.tn_.png","datePublished":"2011-02-15T19:03:00+00:00","dateModified":"2025-06-04T21:22:01+00:00","description":"Les parents de MAM ont rachet\u00e9 les parts d\u2019une soci\u00e9t\u00e9 d\u2019Aziz Miled","breadcrumb":{"@id":"https:\/\/www.webdo.tn\/fr\/actualite\/national\/les-parents-de-mam-ont-rachete-les-parts-dune-societe-daziz-miled\/173023\/#breadcrumb"},"inLanguage":"fr-FR","potentialAction":[{"@type":"ReadAction","target":["https:\/\/www.webdo.tn\/fr\/actualite\/national\/les-parents-de-mam-ont-rachete-les-parts-dune-societe-daziz-miled\/173023\/"]}]},{"@type":"ImageObject","inLanguage":"fr-FR","@id":"https:\/\/www.webdo.tn\/fr\/actualite\/national\/les-parents-de-mam-ont-rachete-les-parts-dune-societe-daziz-miled\/173023\/#primaryimage","url":"https:\/\/www.webdo.tn\/fr\/wp-content\/uploads\/2025\/06\/FireShot-Capture-1063-webdo_default-53-750x375.jpg-750\u00d7375-www.webdo_.tn_.png","contentUrl":"https:\/\/www.webdo.tn\/fr\/wp-content\/uploads\/2025\/06\/FireShot-Capture-1063-webdo_default-53-750x375.jpg-750\u00d7375-www.webdo_.tn_.png","width":746,"height":371},{"@type":"BreadcrumbList","@id":"https:\/\/www.webdo.tn\/fr\/actualite\/national\/les-parents-de-mam-ont-rachete-les-parts-dune-societe-daziz-miled\/173023\/#breadcrumb","itemListElement":[{"@type":"ListItem","position":1,"name":"Accueil","item":"https:\/\/www.webdo.tn\/fr\/"},{"@type":"ListItem","position":2,"name":"Les parents de MAM ont rachet\u00e9 les parts d\u2019une soci\u00e9t\u00e9 d\u2019Aziz Miled"}]},{"@type":"WebSite","@id":"https:\/\/www.webdo.tn\/fr\/#website","url":"https:\/\/www.webdo.tn\/fr\/","name":"webdo","description":"Tunisie - News en Tunisie et \u00e0 l&#039;international sur Webdo.tn","publisher":{"@id":"https:\/\/www.webdo.tn\/fr\/#organization"},"potentialAction":[{"@type":"SearchAction","target":{"@type":"EntryPoint","urlTemplate":"https:\/\/www.webdo.tn\/fr\/?s={search_term_string}"},"query-input":{"@type":"PropertyValueSpecification","valueRequired":true,"valueName":"search_term_string"}}],"inLanguage":"fr-FR"},{"@type":"Organization","@id":"https:\/\/www.webdo.tn\/fr\/#organization","name":"Webdo","alternateName":"Webdo.tn","url":"https:\/\/www.webdo.tn\/fr\/","logo":{"@type":"ImageObject","inLanguage":"fr-FR","@id":"https:\/\/www.webdo.tn\/fr\/#\/schema\/logo\/image\/","url":"https:\/\/www.webdo.tn\/fr\/wp-content\/uploads\/2025\/06\/Webdo-Tunisie_168377.jpg","contentUrl":"https:\/\/www.webdo.tn\/fr\/wp-content\/uploads\/2025\/06\/Webdo-Tunisie_168377.jpg","width":301,"height":301,"caption":"Webdo"},"image":{"@id":"https:\/\/www.webdo.tn\/fr\/#\/schema\/logo\/image\/"},"sameAs":["https:\/\/www.facebook.com\/webdotn","https:\/\/x.com\/webdo_tn"],"description":"Webdo est un m\u00e9dia num\u00e9rique tunisien fond\u00e9 en 2010, sp\u00e9cialis\u00e9 dans l\u2019actualit\u00e9 nationale et internationale, l\u2019\u00e9conomie, la soci\u00e9t\u00e9 et les analyses politiques. Le site s\u2019adresse \u00e0 un large public francophone et couvre l\u2019information tunisienne en temps r\u00e9el.","email":"redac@webdo.tn","legalName":"YNJ SARL","foundingDate":"2010-09-06","numberOfEmployees":{"@type":"QuantitativeValue","minValue":"11","maxValue":"50"}},{"@type":"Person","@id":"https:\/\/www.webdo.tn\/fr\/#\/schema\/person\/9a9c6118d687c117df8ef3cc36a4d175","name":"webdo.tn","image":{"@type":"ImageObject","inLanguage":"fr-FR","@id":"https:\/\/secure.gravatar.com\/avatar\/7ce1f28c0c3bbac99ff550b85ef8e44a6950c6ee24514fb6a5489e51d06f0298?s=96&d=mm&r=g","url":"https:\/\/secure.gravatar.com\/avatar\/7ce1f28c0c3bbac99ff550b85ef8e44a6950c6ee24514fb6a5489e51d06f0298?s=96&d=mm&r=g","contentUrl":"https:\/\/secure.gravatar.com\/avatar\/7ce1f28c0c3bbac99ff550b85ef8e44a6950c6ee24514fb6a5489e51d06f0298?s=96&d=mm&r=g","caption":"webdo.tn"},"url":"https:\/\/www.webdo.tn\/fr\/actualite\/author\/webdotn\/"}]}},"_links":{"self":[{"href":"https:\/\/www.webdo.tn\/fr\/wp-json\/wp\/v2\/posts\/173023","targetHints":{"allow":["GET"]}}],"collection":[{"href":"https:\/\/www.webdo.tn\/fr\/wp-json\/wp\/v2\/posts"}],"about":[{"href":"https:\/\/www.webdo.tn\/fr\/wp-json\/wp\/v2\/types\/post"}],"author":[{"embeddable":true,"href":"https:\/\/www.webdo.tn\/fr\/wp-json\/wp\/v2\/users\/3222"}],"replies":[{"embeddable":true,"href":"https:\/\/www.webdo.tn\/fr\/wp-json\/wp\/v2\/comments?post=173023"}],"version-history":[{"count":0,"href":"https:\/\/www.webdo.tn\/fr\/wp-json\/wp\/v2\/posts\/173023\/revisions"}],"wp:featuredmedia":[{"embeddable":true,"href":"https:\/\/www.webdo.tn\/fr\/wp-json\/wp\/v2\/media\/376290"}],"wp:attachment":[{"href":"https:\/\/www.webdo.tn\/fr\/wp-json\/wp\/v2\/media?parent=173023"}],"wp:term":[{"taxonomy":"category","embeddable":true,"href":"https:\/\/www.webdo.tn\/fr\/wp-json\/wp\/v2\/categories?post=173023"},{"taxonomy":"post_tag","embeddable":true,"href":"https:\/\/www.webdo.tn\/fr\/wp-json\/wp\/v2\/tags?post=173023"}],"curies":[{"name":"wp","href":"https:\/\/api.w.org\/{rel}","templated":true}]}}