{"id":173021,"date":"2011-02-16T14:31:00","date_gmt":"2011-02-16T14:31:00","guid":{"rendered":"https:\/\/www.webdo.tn\/fr\/actualite\/blog\/affaire-belhassen-le-ministre-quebecois-a-e-semmele-les-pinceaux\/173021\/"},"modified":"2025-06-04T21:22:05","modified_gmt":"2025-06-04T21:22:05","slug":"affaire-belhassen-le-ministre-quebecois-a-e-semmele-les-pinceaux","status":"publish","type":"post","link":"https:\/\/www.webdo.tn\/fr\/actualite\/national\/affaire-belhassen-le-ministre-quebecois-a-e-semmele-les-pinceaux\/173021\/","title":{"rendered":"Affaire Belhassen: Le ministre qu\u00e9b\u00e9cois des A.E s\u2019emm\u00eale les pinceaux"},"content":{"rendered":"<p>L\u2019\u00e9tau se resserre autour de Lawrence Cannon, le ministre qu\u00e9b\u00e9cois des Affaires \u00e9trang\u00e8res, qui est accus\u00e9 de contradiction par Gilles Duceppe, le chef du Bloc qu\u00e9becois et par cons\u00e9quent, de travestir la v\u00e9rit\u00e9 autour du sujet du gel des avoirs de l&rsquo;ex-pr\u00e9sident tunisien d\u00e9chu et de ses proches, rapporte le site Cano\u00eb.<\/p>\n<p>Tout a commenc\u00e9 lundi, lorsque le ministre s\u2019est exprim\u00e9 au sujet du gel des avoir de Ben Ali o\u00f9 il a indiqu\u00e9 que la \u00ab\u00a0condition pr\u00e9alable\u00a0\u00bb pour que le Canada puisse geler les avoirs de la famille de Ben Ali est tributaire d&rsquo;une demande \u00e9manant du gouvernement tunisien qui doit lui-m\u00eame formuler cette demande. Or les propos du ministre qu\u00e9b\u00e9cois laissent sous-entendre que le gel n\u2019ait pas encore eu lieu, pr\u00e9cise la m\u00eame source.<\/p>\n<p>Le lendemain, mardi, L. Cannon change de version et affirme que \u00ab\u00a0les autorit\u00e9s tunisiennes ont fait des d\u00e9marches\u00a0\u00bb. Il pr\u00e9tend avoir confondu la veille avec le dossier \u00e9gyptien. Or, ces d\u00e9marches ont \u00e9t\u00e9 entreprises par l\u2019ambassadeur de Tunisie \u00e0 Ottawa, Mouldi Sakri, et le consul de Tunisie \u00e0 Montr\u00e9al, Imed Sassi bien avant\u00a0; le 26 janvier dernier pour \u00eatre exact. Ces r\u00e9centes d\u00e9clarations jettent le doute sur le comportement \u00e9trange et inqui\u00e9tant du ministre qu\u00e9b\u00e9cois.<\/p>\n","protected":false},"excerpt":{"rendered":"<p>Affaire Belhassen: Le ministre qu\u00e9b\u00e9cois des A.E s\u2019emm\u00eale les pinceaux<\/p>\n","protected":false},"author":3222,"featured_media":365810,"comment_status":"open","ping_status":"closed","sticky":false,"template":"","format":"standard","meta":{"footnotes":""},"categories":[44],"tags":[],"class_list":["post-173021","post","type-post","status-publish","format-standard","has-post-thumbnail","hentry","category-national"],"yoast_head":"<!-- This site is optimized with the Yoast SEO Premium plugin v27.4 (Yoast SEO v27.4) - https:\/\/yoast.com\/product\/yoast-seo-premium-wordpress\/ -->\n<title>Affaire Belhassen: Le ministre qu\u00e9b\u00e9cois des A.E s\u2019emm\u00eale les pinceaux<\/title>\n<meta name=\"description\" content=\"Affaire Belhassen: Le ministre qu\u00e9b\u00e9cois des A.E s\u2019emm\u00eale les pinceaux\" \/>\n<link rel=\"canonical\" href=\"https:\/\/www.webdo.tn\/fr\/actualite\/national\/affaire-belhassen-le-ministre-quebecois-a-e-semmele-les-pinceaux\/173021\/\" \/>\n<meta property=\"og:locale\" content=\"fr_FR\" \/>\n<meta property=\"og:type\" content=\"article\" \/>\n<meta property=\"og:title\" content=\"Affaire Belhassen: Le ministre qu\u00e9b\u00e9cois des A.E s\u2019emm\u00eale les pinceaux\" \/>\n<meta property=\"og:description\" content=\"Affaire Belhassen: Le ministre qu\u00e9b\u00e9cois des A.E s\u2019emm\u00eale les pinceaux\" \/>\n<meta property=\"og:url\" content=\"https:\/\/www.webdo.tn\/fr\/actualite\/national\/affaire-belhassen-le-ministre-quebecois-a-e-semmele-les-pinceaux\/173021\/\" \/>\n<meta property=\"og:site_name\" content=\"webdo\" \/>\n<meta property=\"article:publisher\" content=\"https:\/\/www.facebook.com\/webdotn\" \/>\n<meta property=\"article:published_time\" content=\"2011-02-16T14:31:00+00:00\" \/>\n<meta property=\"article:modified_time\" content=\"2025-06-04T21:22:05+00:00\" \/>\n<meta property=\"og:image\" content=\"https:\/\/www.webdo.tn\/fr\/wp-content\/uploads\/2011\/02\/Belhassen-Trabelsi-300x182-1.jpg\" \/>\n\t<meta property=\"og:image:width\" content=\"300\" \/>\n\t<meta property=\"og:image:height\" content=\"182\" \/>\n\t<meta property=\"og:image:type\" content=\"image\/jpeg\" \/>\n<meta name=\"author\" content=\"webdo.tn\" \/>\n<meta name=\"twitter:card\" content=\"summary_large_image\" \/>\n<meta name=\"twitter:creator\" content=\"@webdo_tn\" \/>\n<meta name=\"twitter:site\" content=\"@webdo_tn\" \/>\n<meta name=\"twitter:label1\" content=\"\u00c9crit par\" \/>\n\t<meta name=\"twitter:data1\" content=\"webdo.tn\" \/>\n\t<meta name=\"twitter:label2\" content=\"Dur\u00e9e de lecture estim\u00e9e\" \/>\n\t<meta name=\"twitter:data2\" content=\"1 minute\" \/>\n<script type=\"application\/ld+json\" class=\"yoast-schema-graph\">{\"@context\":\"https:\\\/\\\/schema.org\",\"@graph\":[{\"@type\":\"NewsArticle\",\"@id\":\"https:\\\/\\\/www.webdo.tn\\\/fr\\\/actualite\\\/national\\\/affaire-belhassen-le-ministre-quebecois-a-e-semmele-les-pinceaux\\\/173021\\\/#article\",\"isPartOf\":{\"@id\":\"https:\\\/\\\/www.webdo.tn\\\/fr\\\/actualite\\\/national\\\/affaire-belhassen-le-ministre-quebecois-a-e-semmele-les-pinceaux\\\/173021\\\/\"},\"author\":{\"name\":\"webdo.tn\",\"@id\":\"https:\\\/\\\/www.webdo.tn\\\/fr\\\/#\\\/schema\\\/person\\\/9a9c6118d687c117df8ef3cc36a4d175\"},\"headline\":\"Affaire Belhassen: Le ministre qu\u00e9b\u00e9cois des A.E s\u2019emm\u00eale les pinceaux\",\"datePublished\":\"2011-02-16T14:31:00+00:00\",\"dateModified\":\"2025-06-04T21:22:05+00:00\",\"mainEntityOfPage\":{\"@id\":\"https:\\\/\\\/www.webdo.tn\\\/fr\\\/actualite\\\/national\\\/affaire-belhassen-le-ministre-quebecois-a-e-semmele-les-pinceaux\\\/173021\\\/\"},\"wordCount\":243,\"commentCount\":0,\"publisher\":{\"@id\":\"https:\\\/\\\/www.webdo.tn\\\/fr\\\/#organization\"},\"image\":{\"@id\":\"https:\\\/\\\/www.webdo.tn\\\/fr\\\/actualite\\\/national\\\/affaire-belhassen-le-ministre-quebecois-a-e-semmele-les-pinceaux\\\/173021\\\/#primaryimage\"},\"thumbnailUrl\":\"https:\\\/\\\/www.webdo.tn\\\/fr\\\/wp-content\\\/uploads\\\/2011\\\/02\\\/Belhassen-Trabelsi-300x182-1.jpg\",\"articleSection\":[\"National\"],\"inLanguage\":\"fr-FR\"},{\"@type\":\"WebPage\",\"@id\":\"https:\\\/\\\/www.webdo.tn\\\/fr\\\/actualite\\\/national\\\/affaire-belhassen-le-ministre-quebecois-a-e-semmele-les-pinceaux\\\/173021\\\/\",\"url\":\"https:\\\/\\\/www.webdo.tn\\\/fr\\\/actualite\\\/national\\\/affaire-belhassen-le-ministre-quebecois-a-e-semmele-les-pinceaux\\\/173021\\\/\",\"name\":\"Affaire Belhassen: Le ministre qu\u00e9b\u00e9cois des A.E s\u2019emm\u00eale les pinceaux\",\"isPartOf\":{\"@id\":\"https:\\\/\\\/www.webdo.tn\\\/fr\\\/#website\"},\"primaryImageOfPage\":{\"@id\":\"https:\\\/\\\/www.webdo.tn\\\/fr\\\/actualite\\\/national\\\/affaire-belhassen-le-ministre-quebecois-a-e-semmele-les-pinceaux\\\/173021\\\/#primaryimage\"},\"image\":{\"@id\":\"https:\\\/\\\/www.webdo.tn\\\/fr\\\/actualite\\\/national\\\/affaire-belhassen-le-ministre-quebecois-a-e-semmele-les-pinceaux\\\/173021\\\/#primaryimage\"},\"thumbnailUrl\":\"https:\\\/\\\/www.webdo.tn\\\/fr\\\/wp-content\\\/uploads\\\/2011\\\/02\\\/Belhassen-Trabelsi-300x182-1.jpg\",\"datePublished\":\"2011-02-16T14:31:00+00:00\",\"dateModified\":\"2025-06-04T21:22:05+00:00\",\"description\":\"Affaire Belhassen: Le ministre qu\u00e9b\u00e9cois des A.E s\u2019emm\u00eale les pinceaux\",\"breadcrumb\":{\"@id\":\"https:\\\/\\\/www.webdo.tn\\\/fr\\\/actualite\\\/national\\\/affaire-belhassen-le-ministre-quebecois-a-e-semmele-les-pinceaux\\\/173021\\\/#breadcrumb\"},\"inLanguage\":\"fr-FR\",\"potentialAction\":[{\"@type\":\"ReadAction\",\"target\":[\"https:\\\/\\\/www.webdo.tn\\\/fr\\\/actualite\\\/national\\\/affaire-belhassen-le-ministre-quebecois-a-e-semmele-les-pinceaux\\\/173021\\\/\"]}]},{\"@type\":\"ImageObject\",\"inLanguage\":\"fr-FR\",\"@id\":\"https:\\\/\\\/www.webdo.tn\\\/fr\\\/actualite\\\/national\\\/affaire-belhassen-le-ministre-quebecois-a-e-semmele-les-pinceaux\\\/173021\\\/#primaryimage\",\"url\":\"https:\\\/\\\/www.webdo.tn\\\/fr\\\/wp-content\\\/uploads\\\/2011\\\/02\\\/Belhassen-Trabelsi-300x182-1.jpg\",\"contentUrl\":\"https:\\\/\\\/www.webdo.tn\\\/fr\\\/wp-content\\\/uploads\\\/2011\\\/02\\\/Belhassen-Trabelsi-300x182-1.jpg\",\"width\":300,\"height\":182,\"caption\":\"Affaire Belhassen: Le ministre qu\u00e9b\u00e9cois des A.E s\u2019emm\u00eale les pinceaux\"},{\"@type\":\"BreadcrumbList\",\"@id\":\"https:\\\/\\\/www.webdo.tn\\\/fr\\\/actualite\\\/national\\\/affaire-belhassen-le-ministre-quebecois-a-e-semmele-les-pinceaux\\\/173021\\\/#breadcrumb\",\"itemListElement\":[{\"@type\":\"ListItem\",\"position\":1,\"name\":\"Accueil\",\"item\":\"https:\\\/\\\/www.webdo.tn\\\/fr\\\/\"},{\"@type\":\"ListItem\",\"position\":2,\"name\":\"Affaire Belhassen: Le ministre qu\u00e9b\u00e9cois des A.E s\u2019emm\u00eale les pinceaux\"}]},{\"@type\":\"WebSite\",\"@id\":\"https:\\\/\\\/www.webdo.tn\\\/fr\\\/#website\",\"url\":\"https:\\\/\\\/www.webdo.tn\\\/fr\\\/\",\"name\":\"webdo\",\"description\":\"Tunisie - News en Tunisie et \u00e0 l&#039;international sur Webdo.tn\",\"publisher\":{\"@id\":\"https:\\\/\\\/www.webdo.tn\\\/fr\\\/#organization\"},\"potentialAction\":[{\"@type\":\"SearchAction\",\"target\":{\"@type\":\"EntryPoint\",\"urlTemplate\":\"https:\\\/\\\/www.webdo.tn\\\/fr\\\/?s={search_term_string}\"},\"query-input\":{\"@type\":\"PropertyValueSpecification\",\"valueRequired\":true,\"valueName\":\"search_term_string\"}}],\"inLanguage\":\"fr-FR\"},{\"@type\":\"Organization\",\"@id\":\"https:\\\/\\\/www.webdo.tn\\\/fr\\\/#organization\",\"name\":\"Webdo\",\"alternateName\":\"Webdo.tn\",\"url\":\"https:\\\/\\\/www.webdo.tn\\\/fr\\\/\",\"logo\":{\"@type\":\"ImageObject\",\"inLanguage\":\"fr-FR\",\"@id\":\"https:\\\/\\\/www.webdo.tn\\\/fr\\\/#\\\/schema\\\/logo\\\/image\\\/\",\"url\":\"https:\\\/\\\/www.webdo.tn\\\/fr\\\/wp-content\\\/uploads\\\/2025\\\/06\\\/Webdo-Tunisie_168377.jpg\",\"contentUrl\":\"https:\\\/\\\/www.webdo.tn\\\/fr\\\/wp-content\\\/uploads\\\/2025\\\/06\\\/Webdo-Tunisie_168377.jpg\",\"width\":301,\"height\":301,\"caption\":\"Webdo\"},\"image\":{\"@id\":\"https:\\\/\\\/www.webdo.tn\\\/fr\\\/#\\\/schema\\\/logo\\\/image\\\/\"},\"sameAs\":[\"https:\\\/\\\/www.facebook.com\\\/webdotn\",\"https:\\\/\\\/x.com\\\/webdo_tn\"],\"description\":\"Webdo est un m\u00e9dia num\u00e9rique tunisien fond\u00e9 en 2010, sp\u00e9cialis\u00e9 dans l\u2019actualit\u00e9 nationale et internationale, l\u2019\u00e9conomie, la soci\u00e9t\u00e9 et les analyses politiques. Le site s\u2019adresse \u00e0 un large public francophone et couvre l\u2019information tunisienne en temps r\u00e9el.\",\"email\":\"redac@webdo.tn\",\"legalName\":\"YNJ SARL\",\"foundingDate\":\"2010-09-06\",\"numberOfEmployees\":{\"@type\":\"QuantitativeValue\",\"minValue\":\"11\",\"maxValue\":\"50\"}},{\"@type\":\"Person\",\"@id\":\"https:\\\/\\\/www.webdo.tn\\\/fr\\\/#\\\/schema\\\/person\\\/9a9c6118d687c117df8ef3cc36a4d175\",\"name\":\"webdo.tn\",\"image\":{\"@type\":\"ImageObject\",\"inLanguage\":\"fr-FR\",\"@id\":\"https:\\\/\\\/secure.gravatar.com\\\/avatar\\\/7ce1f28c0c3bbac99ff550b85ef8e44a6950c6ee24514fb6a5489e51d06f0298?s=96&d=mm&r=g\",\"url\":\"https:\\\/\\\/secure.gravatar.com\\\/avatar\\\/7ce1f28c0c3bbac99ff550b85ef8e44a6950c6ee24514fb6a5489e51d06f0298?s=96&d=mm&r=g\",\"contentUrl\":\"https:\\\/\\\/secure.gravatar.com\\\/avatar\\\/7ce1f28c0c3bbac99ff550b85ef8e44a6950c6ee24514fb6a5489e51d06f0298?s=96&d=mm&r=g\",\"caption\":\"webdo.tn\"},\"url\":\"https:\\\/\\\/www.webdo.tn\\\/fr\\\/actualite\\\/author\\\/webdotn\\\/\"}]}<\/script>\n<!-- \/ Yoast SEO Premium plugin. -->","yoast_head_json":{"title":"Affaire Belhassen: Le ministre qu\u00e9b\u00e9cois des A.E s\u2019emm\u00eale les pinceaux","description":"Affaire Belhassen: Le ministre qu\u00e9b\u00e9cois des A.E s\u2019emm\u00eale les pinceaux","canonical":"https:\/\/www.webdo.tn\/fr\/actualite\/national\/affaire-belhassen-le-ministre-quebecois-a-e-semmele-les-pinceaux\/173021\/","og_locale":"fr_FR","og_type":"article","og_title":"Affaire Belhassen: Le ministre qu\u00e9b\u00e9cois des A.E s\u2019emm\u00eale les pinceaux","og_description":"Affaire Belhassen: Le ministre qu\u00e9b\u00e9cois des A.E s\u2019emm\u00eale les pinceaux","og_url":"https:\/\/www.webdo.tn\/fr\/actualite\/national\/affaire-belhassen-le-ministre-quebecois-a-e-semmele-les-pinceaux\/173021\/","og_site_name":"webdo","article_publisher":"https:\/\/www.facebook.com\/webdotn","article_published_time":"2011-02-16T14:31:00+00:00","article_modified_time":"2025-06-04T21:22:05+00:00","og_image":[{"width":300,"height":182,"url":"https:\/\/www.webdo.tn\/fr\/wp-content\/uploads\/2011\/02\/Belhassen-Trabelsi-300x182-1.jpg","type":"image\/jpeg"}],"author":"webdo.tn","twitter_card":"summary_large_image","twitter_creator":"@webdo_tn","twitter_site":"@webdo_tn","twitter_misc":{"\u00c9crit par":"webdo.tn","Dur\u00e9e de lecture estim\u00e9e":"1 minute"},"schema":{"@context":"https:\/\/schema.org","@graph":[{"@type":"NewsArticle","@id":"https:\/\/www.webdo.tn\/fr\/actualite\/national\/affaire-belhassen-le-ministre-quebecois-a-e-semmele-les-pinceaux\/173021\/#article","isPartOf":{"@id":"https:\/\/www.webdo.tn\/fr\/actualite\/national\/affaire-belhassen-le-ministre-quebecois-a-e-semmele-les-pinceaux\/173021\/"},"author":{"name":"webdo.tn","@id":"https:\/\/www.webdo.tn\/fr\/#\/schema\/person\/9a9c6118d687c117df8ef3cc36a4d175"},"headline":"Affaire Belhassen: Le ministre qu\u00e9b\u00e9cois des A.E s\u2019emm\u00eale les pinceaux","datePublished":"2011-02-16T14:31:00+00:00","dateModified":"2025-06-04T21:22:05+00:00","mainEntityOfPage":{"@id":"https:\/\/www.webdo.tn\/fr\/actualite\/national\/affaire-belhassen-le-ministre-quebecois-a-e-semmele-les-pinceaux\/173021\/"},"wordCount":243,"commentCount":0,"publisher":{"@id":"https:\/\/www.webdo.tn\/fr\/#organization"},"image":{"@id":"https:\/\/www.webdo.tn\/fr\/actualite\/national\/affaire-belhassen-le-ministre-quebecois-a-e-semmele-les-pinceaux\/173021\/#primaryimage"},"thumbnailUrl":"https:\/\/www.webdo.tn\/fr\/wp-content\/uploads\/2011\/02\/Belhassen-Trabelsi-300x182-1.jpg","articleSection":["National"],"inLanguage":"fr-FR"},{"@type":"WebPage","@id":"https:\/\/www.webdo.tn\/fr\/actualite\/national\/affaire-belhassen-le-ministre-quebecois-a-e-semmele-les-pinceaux\/173021\/","url":"https:\/\/www.webdo.tn\/fr\/actualite\/national\/affaire-belhassen-le-ministre-quebecois-a-e-semmele-les-pinceaux\/173021\/","name":"Affaire Belhassen: Le ministre qu\u00e9b\u00e9cois des A.E s\u2019emm\u00eale les pinceaux","isPartOf":{"@id":"https:\/\/www.webdo.tn\/fr\/#website"},"primaryImageOfPage":{"@id":"https:\/\/www.webdo.tn\/fr\/actualite\/national\/affaire-belhassen-le-ministre-quebecois-a-e-semmele-les-pinceaux\/173021\/#primaryimage"},"image":{"@id":"https:\/\/www.webdo.tn\/fr\/actualite\/national\/affaire-belhassen-le-ministre-quebecois-a-e-semmele-les-pinceaux\/173021\/#primaryimage"},"thumbnailUrl":"https:\/\/www.webdo.tn\/fr\/wp-content\/uploads\/2011\/02\/Belhassen-Trabelsi-300x182-1.jpg","datePublished":"2011-02-16T14:31:00+00:00","dateModified":"2025-06-04T21:22:05+00:00","description":"Affaire Belhassen: Le ministre qu\u00e9b\u00e9cois des A.E s\u2019emm\u00eale les pinceaux","breadcrumb":{"@id":"https:\/\/www.webdo.tn\/fr\/actualite\/national\/affaire-belhassen-le-ministre-quebecois-a-e-semmele-les-pinceaux\/173021\/#breadcrumb"},"inLanguage":"fr-FR","potentialAction":[{"@type":"ReadAction","target":["https:\/\/www.webdo.tn\/fr\/actualite\/national\/affaire-belhassen-le-ministre-quebecois-a-e-semmele-les-pinceaux\/173021\/"]}]},{"@type":"ImageObject","inLanguage":"fr-FR","@id":"https:\/\/www.webdo.tn\/fr\/actualite\/national\/affaire-belhassen-le-ministre-quebecois-a-e-semmele-les-pinceaux\/173021\/#primaryimage","url":"https:\/\/www.webdo.tn\/fr\/wp-content\/uploads\/2011\/02\/Belhassen-Trabelsi-300x182-1.jpg","contentUrl":"https:\/\/www.webdo.tn\/fr\/wp-content\/uploads\/2011\/02\/Belhassen-Trabelsi-300x182-1.jpg","width":300,"height":182,"caption":"Affaire Belhassen: Le ministre qu\u00e9b\u00e9cois des A.E s\u2019emm\u00eale les pinceaux"},{"@type":"BreadcrumbList","@id":"https:\/\/www.webdo.tn\/fr\/actualite\/national\/affaire-belhassen-le-ministre-quebecois-a-e-semmele-les-pinceaux\/173021\/#breadcrumb","itemListElement":[{"@type":"ListItem","position":1,"name":"Accueil","item":"https:\/\/www.webdo.tn\/fr\/"},{"@type":"ListItem","position":2,"name":"Affaire Belhassen: Le ministre qu\u00e9b\u00e9cois des A.E s\u2019emm\u00eale les pinceaux"}]},{"@type":"WebSite","@id":"https:\/\/www.webdo.tn\/fr\/#website","url":"https:\/\/www.webdo.tn\/fr\/","name":"webdo","description":"Tunisie - News en Tunisie et \u00e0 l&#039;international sur Webdo.tn","publisher":{"@id":"https:\/\/www.webdo.tn\/fr\/#organization"},"potentialAction":[{"@type":"SearchAction","target":{"@type":"EntryPoint","urlTemplate":"https:\/\/www.webdo.tn\/fr\/?s={search_term_string}"},"query-input":{"@type":"PropertyValueSpecification","valueRequired":true,"valueName":"search_term_string"}}],"inLanguage":"fr-FR"},{"@type":"Organization","@id":"https:\/\/www.webdo.tn\/fr\/#organization","name":"Webdo","alternateName":"Webdo.tn","url":"https:\/\/www.webdo.tn\/fr\/","logo":{"@type":"ImageObject","inLanguage":"fr-FR","@id":"https:\/\/www.webdo.tn\/fr\/#\/schema\/logo\/image\/","url":"https:\/\/www.webdo.tn\/fr\/wp-content\/uploads\/2025\/06\/Webdo-Tunisie_168377.jpg","contentUrl":"https:\/\/www.webdo.tn\/fr\/wp-content\/uploads\/2025\/06\/Webdo-Tunisie_168377.jpg","width":301,"height":301,"caption":"Webdo"},"image":{"@id":"https:\/\/www.webdo.tn\/fr\/#\/schema\/logo\/image\/"},"sameAs":["https:\/\/www.facebook.com\/webdotn","https:\/\/x.com\/webdo_tn"],"description":"Webdo est un m\u00e9dia num\u00e9rique tunisien fond\u00e9 en 2010, sp\u00e9cialis\u00e9 dans l\u2019actualit\u00e9 nationale et internationale, l\u2019\u00e9conomie, la soci\u00e9t\u00e9 et les analyses politiques. Le site s\u2019adresse \u00e0 un large public francophone et couvre l\u2019information tunisienne en temps r\u00e9el.","email":"redac@webdo.tn","legalName":"YNJ SARL","foundingDate":"2010-09-06","numberOfEmployees":{"@type":"QuantitativeValue","minValue":"11","maxValue":"50"}},{"@type":"Person","@id":"https:\/\/www.webdo.tn\/fr\/#\/schema\/person\/9a9c6118d687c117df8ef3cc36a4d175","name":"webdo.tn","image":{"@type":"ImageObject","inLanguage":"fr-FR","@id":"https:\/\/secure.gravatar.com\/avatar\/7ce1f28c0c3bbac99ff550b85ef8e44a6950c6ee24514fb6a5489e51d06f0298?s=96&d=mm&r=g","url":"https:\/\/secure.gravatar.com\/avatar\/7ce1f28c0c3bbac99ff550b85ef8e44a6950c6ee24514fb6a5489e51d06f0298?s=96&d=mm&r=g","contentUrl":"https:\/\/secure.gravatar.com\/avatar\/7ce1f28c0c3bbac99ff550b85ef8e44a6950c6ee24514fb6a5489e51d06f0298?s=96&d=mm&r=g","caption":"webdo.tn"},"url":"https:\/\/www.webdo.tn\/fr\/actualite\/author\/webdotn\/"}]}},"_links":{"self":[{"href":"https:\/\/www.webdo.tn\/fr\/wp-json\/wp\/v2\/posts\/173021","targetHints":{"allow":["GET"]}}],"collection":[{"href":"https:\/\/www.webdo.tn\/fr\/wp-json\/wp\/v2\/posts"}],"about":[{"href":"https:\/\/www.webdo.tn\/fr\/wp-json\/wp\/v2\/types\/post"}],"author":[{"embeddable":true,"href":"https:\/\/www.webdo.tn\/fr\/wp-json\/wp\/v2\/users\/3222"}],"replies":[{"embeddable":true,"href":"https:\/\/www.webdo.tn\/fr\/wp-json\/wp\/v2\/comments?post=173021"}],"version-history":[{"count":0,"href":"https:\/\/www.webdo.tn\/fr\/wp-json\/wp\/v2\/posts\/173021\/revisions"}],"wp:featuredmedia":[{"embeddable":true,"href":"https:\/\/www.webdo.tn\/fr\/wp-json\/wp\/v2\/media\/365810"}],"wp:attachment":[{"href":"https:\/\/www.webdo.tn\/fr\/wp-json\/wp\/v2\/media?parent=173021"}],"wp:term":[{"taxonomy":"category","embeddable":true,"href":"https:\/\/www.webdo.tn\/fr\/wp-json\/wp\/v2\/categories?post=173021"},{"taxonomy":"post_tag","embeddable":true,"href":"https:\/\/www.webdo.tn\/fr\/wp-json\/wp\/v2\/tags?post=173021"}],"curies":[{"name":"wp","href":"https:\/\/api.w.org\/{rel}","templated":true}]}}