{"id":173020,"date":"2011-02-16T15:49:00","date_gmt":"2011-02-16T15:49:00","guid":{"rendered":"https:\/\/www.webdo.tn\/fr\/actualite\/blog\/mam-aurait-telephone-a-ben-ali-avant-sa-fuite\/173020\/"},"modified":"2011-02-16T15:49:00","modified_gmt":"2011-02-16T15:49:00","slug":"mam-aurait-telephone-a-ben-ali-avant-sa-fuite","status":"publish","type":"post","link":"https:\/\/www.webdo.tn\/fr\/actualite\/national\/mam-aurait-telephone-a-ben-ali-avant-sa-fuite\/173020\/","title":{"rendered":"MAM aurait t\u00e9l\u00e9phon\u00e9 \u00e0 Ben Ali avant sa fuite"},"content":{"rendered":"<p>Les casseroles s&rsquo;encha\u00eenent pour Mich\u00e8le Alliot-Marie, ministre des affaires \u00e9trang\u00e8res fran\u00e7aise, et son dossier s&rsquo;assombrit chaque jour un peu plus.<\/p>\n<p>Apr\u00e8s l&rsquo;histoire de ses vacances pass\u00e9es \u00e0 Tabarka, fin d\u00e9cembre dernier, et les r\u00e9v\u00e9lations du Canard Encha\u00een\u00e9 sur sa relation privil\u00e9gi\u00e9e avec Aziz Miled et le rachat des parts de la SCI par les parents de MAM, voil\u00e0 que le site d&rsquo;informations Mediapart vient d&rsquo;affirmer que MAM a eu un bref entretien t\u00e9l\u00e9phonique avec le pr\u00e9sident Ben Ali, deux semaines avant sa fuite.<\/p>\n<p>Cette information a d&rsquo;ailleurs \u00e9t\u00e9 confirm\u00e9e par le cabinet de la ministre dont un de ses membres a d\u00e9clar\u00e9 \u00abA cette p\u00e9riode, Mme Alliot-Marie a eu un bref entretien t\u00e9l\u00e9phonique avec M. Ben Ali comme elle en a eu avec beaucoup d&rsquo;autres chefs d&rsquo;Etat ou ministres des Affaires \u00e9trang\u00e8res. C&rsquo;est tout simplement le m\u00e9tier du ministre des affaires \u00e9trang\u00e8res que d&rsquo;avoir quotidiennement des entretiens t\u00e9l\u00e9phoniques ou des entrevues avec des autorit\u00e9s gouvernementales \u00e9trang\u00e8res\u00bb.<\/p>\n<p>La r\u00e9v\u00e9lation de cet entretien t\u00e9l\u00e9phonique est d&rsquo;autant plus g\u00eanante pour la ministre fran\u00e7aise qu&rsquo;elle affirmait, il y a seulement quelques jours, n&rsquo;avoir eu aucun contact privil\u00e9gi\u00e9 avec Ben Ali avant sa fuite. L&rsquo;opposition fran\u00e7aise ne s&rsquo;est d&rsquo;ailleurs pas g\u00ean\u00e9e pour accentuer sa pression sur MAM, lui demandant purement et simplement de d\u00e9missionner de son poste au nom de ses \u00ab mensonges \u00bb nuisibles pour l&rsquo;image de la r\u00e9publique fran\u00e7aise.<\/p>\n","protected":false},"excerpt":{"rendered":"<p>MAM aurait t\u00e9l\u00e9phon\u00e9 \u00e0 Ben Ali avant sa fuite<\/p>\n","protected":false},"author":3222,"featured_media":365577,"comment_status":"open","ping_status":"closed","sticky":false,"template":"","format":"standard","meta":{"footnotes":""},"categories":[44],"tags":[],"class_list":["post-173020","post","type-post","status-publish","format-standard","has-post-thumbnail","hentry","category-national"],"yoast_head":"<!-- This site is optimized with the Yoast SEO Premium plugin v27.4 (Yoast SEO v27.4) - https:\/\/yoast.com\/product\/yoast-seo-premium-wordpress\/ -->\n<title>MAM aurait t\u00e9l\u00e9phon\u00e9 \u00e0 Ben Ali avant sa fuite<\/title>\n<meta name=\"description\" content=\"MAM aurait t\u00e9l\u00e9phon\u00e9 \u00e0 Ben Ali avant sa fuite\" \/>\n<link rel=\"canonical\" href=\"https:\/\/www.webdo.tn\/fr\/actualite\/national\/mam-aurait-telephone-a-ben-ali-avant-sa-fuite\/173020\/\" \/>\n<meta property=\"og:locale\" content=\"fr_FR\" \/>\n<meta property=\"og:type\" content=\"article\" \/>\n<meta property=\"og:title\" content=\"MAM aurait t\u00e9l\u00e9phon\u00e9 \u00e0 Ben Ali avant sa fuite\" \/>\n<meta property=\"og:description\" content=\"MAM aurait t\u00e9l\u00e9phon\u00e9 \u00e0 Ben Ali avant sa fuite\" \/>\n<meta property=\"og:url\" content=\"https:\/\/www.webdo.tn\/fr\/actualite\/national\/mam-aurait-telephone-a-ben-ali-avant-sa-fuite\/173020\/\" \/>\n<meta property=\"og:site_name\" content=\"webdo\" \/>\n<meta property=\"article:publisher\" content=\"https:\/\/www.facebook.com\/webdotn\" \/>\n<meta property=\"article:published_time\" content=\"2011-02-16T15:49:00+00:00\" \/>\n<meta property=\"og:image\" content=\"https:\/\/www.webdo.tn\/fr\/wp-content\/uploads\/2011\/02\/MAM-300x209-1.jpg\" \/>\n\t<meta property=\"og:image:width\" content=\"300\" \/>\n\t<meta property=\"og:image:height\" content=\"209\" \/>\n\t<meta property=\"og:image:type\" content=\"image\/jpeg\" \/>\n<meta name=\"author\" content=\"webdo.tn\" \/>\n<meta name=\"twitter:card\" content=\"summary_large_image\" \/>\n<meta name=\"twitter:creator\" content=\"@webdo_tn\" \/>\n<meta name=\"twitter:site\" content=\"@webdo_tn\" \/>\n<meta name=\"twitter:label1\" content=\"\u00c9crit par\" \/>\n\t<meta name=\"twitter:data1\" content=\"webdo.tn\" \/>\n\t<meta name=\"twitter:label2\" content=\"Dur\u00e9e de lecture estim\u00e9e\" \/>\n\t<meta name=\"twitter:data2\" content=\"1 minute\" \/>\n<script type=\"application\/ld+json\" class=\"yoast-schema-graph\">{\"@context\":\"https:\\\/\\\/schema.org\",\"@graph\":[{\"@type\":\"NewsArticle\",\"@id\":\"https:\\\/\\\/www.webdo.tn\\\/fr\\\/actualite\\\/national\\\/mam-aurait-telephone-a-ben-ali-avant-sa-fuite\\\/173020\\\/#article\",\"isPartOf\":{\"@id\":\"https:\\\/\\\/www.webdo.tn\\\/fr\\\/actualite\\\/national\\\/mam-aurait-telephone-a-ben-ali-avant-sa-fuite\\\/173020\\\/\"},\"author\":{\"name\":\"webdo.tn\",\"@id\":\"https:\\\/\\\/www.webdo.tn\\\/fr\\\/#\\\/schema\\\/person\\\/9a9c6118d687c117df8ef3cc36a4d175\"},\"headline\":\"MAM aurait t\u00e9l\u00e9phon\u00e9 \u00e0 Ben Ali avant sa fuite\",\"datePublished\":\"2011-02-16T15:49:00+00:00\",\"mainEntityOfPage\":{\"@id\":\"https:\\\/\\\/www.webdo.tn\\\/fr\\\/actualite\\\/national\\\/mam-aurait-telephone-a-ben-ali-avant-sa-fuite\\\/173020\\\/\"},\"wordCount\":290,\"commentCount\":0,\"publisher\":{\"@id\":\"https:\\\/\\\/www.webdo.tn\\\/fr\\\/#organization\"},\"image\":{\"@id\":\"https:\\\/\\\/www.webdo.tn\\\/fr\\\/actualite\\\/national\\\/mam-aurait-telephone-a-ben-ali-avant-sa-fuite\\\/173020\\\/#primaryimage\"},\"thumbnailUrl\":\"https:\\\/\\\/www.webdo.tn\\\/fr\\\/wp-content\\\/uploads\\\/2011\\\/02\\\/MAM-300x209-1.jpg\",\"articleSection\":[\"National\"],\"inLanguage\":\"fr-FR\"},{\"@type\":\"WebPage\",\"@id\":\"https:\\\/\\\/www.webdo.tn\\\/fr\\\/actualite\\\/national\\\/mam-aurait-telephone-a-ben-ali-avant-sa-fuite\\\/173020\\\/\",\"url\":\"https:\\\/\\\/www.webdo.tn\\\/fr\\\/actualite\\\/national\\\/mam-aurait-telephone-a-ben-ali-avant-sa-fuite\\\/173020\\\/\",\"name\":\"MAM aurait t\u00e9l\u00e9phon\u00e9 \u00e0 Ben Ali avant sa fuite\",\"isPartOf\":{\"@id\":\"https:\\\/\\\/www.webdo.tn\\\/fr\\\/#website\"},\"primaryImageOfPage\":{\"@id\":\"https:\\\/\\\/www.webdo.tn\\\/fr\\\/actualite\\\/national\\\/mam-aurait-telephone-a-ben-ali-avant-sa-fuite\\\/173020\\\/#primaryimage\"},\"image\":{\"@id\":\"https:\\\/\\\/www.webdo.tn\\\/fr\\\/actualite\\\/national\\\/mam-aurait-telephone-a-ben-ali-avant-sa-fuite\\\/173020\\\/#primaryimage\"},\"thumbnailUrl\":\"https:\\\/\\\/www.webdo.tn\\\/fr\\\/wp-content\\\/uploads\\\/2011\\\/02\\\/MAM-300x209-1.jpg\",\"datePublished\":\"2011-02-16T15:49:00+00:00\",\"description\":\"MAM aurait t\u00e9l\u00e9phon\u00e9 \u00e0 Ben Ali avant sa fuite\",\"breadcrumb\":{\"@id\":\"https:\\\/\\\/www.webdo.tn\\\/fr\\\/actualite\\\/national\\\/mam-aurait-telephone-a-ben-ali-avant-sa-fuite\\\/173020\\\/#breadcrumb\"},\"inLanguage\":\"fr-FR\",\"potentialAction\":[{\"@type\":\"ReadAction\",\"target\":[\"https:\\\/\\\/www.webdo.tn\\\/fr\\\/actualite\\\/national\\\/mam-aurait-telephone-a-ben-ali-avant-sa-fuite\\\/173020\\\/\"]}]},{\"@type\":\"ImageObject\",\"inLanguage\":\"fr-FR\",\"@id\":\"https:\\\/\\\/www.webdo.tn\\\/fr\\\/actualite\\\/national\\\/mam-aurait-telephone-a-ben-ali-avant-sa-fuite\\\/173020\\\/#primaryimage\",\"url\":\"https:\\\/\\\/www.webdo.tn\\\/fr\\\/wp-content\\\/uploads\\\/2011\\\/02\\\/MAM-300x209-1.jpg\",\"contentUrl\":\"https:\\\/\\\/www.webdo.tn\\\/fr\\\/wp-content\\\/uploads\\\/2011\\\/02\\\/MAM-300x209-1.jpg\",\"width\":300,\"height\":209,\"caption\":\"MAM aurait t\u00e9l\u00e9phon\u00e9 \u00e0 Ben Ali avant sa fuite\"},{\"@type\":\"BreadcrumbList\",\"@id\":\"https:\\\/\\\/www.webdo.tn\\\/fr\\\/actualite\\\/national\\\/mam-aurait-telephone-a-ben-ali-avant-sa-fuite\\\/173020\\\/#breadcrumb\",\"itemListElement\":[{\"@type\":\"ListItem\",\"position\":1,\"name\":\"Accueil\",\"item\":\"https:\\\/\\\/www.webdo.tn\\\/fr\\\/\"},{\"@type\":\"ListItem\",\"position\":2,\"name\":\"MAM aurait t\u00e9l\u00e9phon\u00e9 \u00e0 Ben Ali avant sa fuite\"}]},{\"@type\":\"WebSite\",\"@id\":\"https:\\\/\\\/www.webdo.tn\\\/fr\\\/#website\",\"url\":\"https:\\\/\\\/www.webdo.tn\\\/fr\\\/\",\"name\":\"webdo\",\"description\":\"Tunisie - News en Tunisie et \u00e0 l&#039;international sur Webdo.tn\",\"publisher\":{\"@id\":\"https:\\\/\\\/www.webdo.tn\\\/fr\\\/#organization\"},\"potentialAction\":[{\"@type\":\"SearchAction\",\"target\":{\"@type\":\"EntryPoint\",\"urlTemplate\":\"https:\\\/\\\/www.webdo.tn\\\/fr\\\/?s={search_term_string}\"},\"query-input\":{\"@type\":\"PropertyValueSpecification\",\"valueRequired\":true,\"valueName\":\"search_term_string\"}}],\"inLanguage\":\"fr-FR\"},{\"@type\":\"Organization\",\"@id\":\"https:\\\/\\\/www.webdo.tn\\\/fr\\\/#organization\",\"name\":\"Webdo\",\"alternateName\":\"Webdo.tn\",\"url\":\"https:\\\/\\\/www.webdo.tn\\\/fr\\\/\",\"logo\":{\"@type\":\"ImageObject\",\"inLanguage\":\"fr-FR\",\"@id\":\"https:\\\/\\\/www.webdo.tn\\\/fr\\\/#\\\/schema\\\/logo\\\/image\\\/\",\"url\":\"https:\\\/\\\/www.webdo.tn\\\/fr\\\/wp-content\\\/uploads\\\/2025\\\/06\\\/Webdo-Tunisie_168377.jpg\",\"contentUrl\":\"https:\\\/\\\/www.webdo.tn\\\/fr\\\/wp-content\\\/uploads\\\/2025\\\/06\\\/Webdo-Tunisie_168377.jpg\",\"width\":301,\"height\":301,\"caption\":\"Webdo\"},\"image\":{\"@id\":\"https:\\\/\\\/www.webdo.tn\\\/fr\\\/#\\\/schema\\\/logo\\\/image\\\/\"},\"sameAs\":[\"https:\\\/\\\/www.facebook.com\\\/webdotn\",\"https:\\\/\\\/x.com\\\/webdo_tn\"],\"description\":\"Webdo est un m\u00e9dia num\u00e9rique tunisien fond\u00e9 en 2010, sp\u00e9cialis\u00e9 dans l\u2019actualit\u00e9 nationale et internationale, l\u2019\u00e9conomie, la soci\u00e9t\u00e9 et les analyses politiques. Le site s\u2019adresse \u00e0 un large public francophone et couvre l\u2019information tunisienne en temps r\u00e9el.\",\"email\":\"redac@webdo.tn\",\"legalName\":\"YNJ SARL\",\"foundingDate\":\"2010-09-06\",\"numberOfEmployees\":{\"@type\":\"QuantitativeValue\",\"minValue\":\"11\",\"maxValue\":\"50\"}},{\"@type\":\"Person\",\"@id\":\"https:\\\/\\\/www.webdo.tn\\\/fr\\\/#\\\/schema\\\/person\\\/9a9c6118d687c117df8ef3cc36a4d175\",\"name\":\"webdo.tn\",\"image\":{\"@type\":\"ImageObject\",\"inLanguage\":\"fr-FR\",\"@id\":\"https:\\\/\\\/secure.gravatar.com\\\/avatar\\\/7ce1f28c0c3bbac99ff550b85ef8e44a6950c6ee24514fb6a5489e51d06f0298?s=96&d=mm&r=g\",\"url\":\"https:\\\/\\\/secure.gravatar.com\\\/avatar\\\/7ce1f28c0c3bbac99ff550b85ef8e44a6950c6ee24514fb6a5489e51d06f0298?s=96&d=mm&r=g\",\"contentUrl\":\"https:\\\/\\\/secure.gravatar.com\\\/avatar\\\/7ce1f28c0c3bbac99ff550b85ef8e44a6950c6ee24514fb6a5489e51d06f0298?s=96&d=mm&r=g\",\"caption\":\"webdo.tn\"},\"url\":\"https:\\\/\\\/www.webdo.tn\\\/fr\\\/actualite\\\/author\\\/webdotn\\\/\"}]}<\/script>\n<!-- \/ Yoast SEO Premium plugin. -->","yoast_head_json":{"title":"MAM aurait t\u00e9l\u00e9phon\u00e9 \u00e0 Ben Ali avant sa fuite","description":"MAM aurait t\u00e9l\u00e9phon\u00e9 \u00e0 Ben Ali avant sa fuite","canonical":"https:\/\/www.webdo.tn\/fr\/actualite\/national\/mam-aurait-telephone-a-ben-ali-avant-sa-fuite\/173020\/","og_locale":"fr_FR","og_type":"article","og_title":"MAM aurait t\u00e9l\u00e9phon\u00e9 \u00e0 Ben Ali avant sa fuite","og_description":"MAM aurait t\u00e9l\u00e9phon\u00e9 \u00e0 Ben Ali avant sa fuite","og_url":"https:\/\/www.webdo.tn\/fr\/actualite\/national\/mam-aurait-telephone-a-ben-ali-avant-sa-fuite\/173020\/","og_site_name":"webdo","article_publisher":"https:\/\/www.facebook.com\/webdotn","article_published_time":"2011-02-16T15:49:00+00:00","og_image":[{"width":300,"height":209,"url":"https:\/\/www.webdo.tn\/fr\/wp-content\/uploads\/2011\/02\/MAM-300x209-1.jpg","type":"image\/jpeg"}],"author":"webdo.tn","twitter_card":"summary_large_image","twitter_creator":"@webdo_tn","twitter_site":"@webdo_tn","twitter_misc":{"\u00c9crit par":"webdo.tn","Dur\u00e9e de lecture estim\u00e9e":"1 minute"},"schema":{"@context":"https:\/\/schema.org","@graph":[{"@type":"NewsArticle","@id":"https:\/\/www.webdo.tn\/fr\/actualite\/national\/mam-aurait-telephone-a-ben-ali-avant-sa-fuite\/173020\/#article","isPartOf":{"@id":"https:\/\/www.webdo.tn\/fr\/actualite\/national\/mam-aurait-telephone-a-ben-ali-avant-sa-fuite\/173020\/"},"author":{"name":"webdo.tn","@id":"https:\/\/www.webdo.tn\/fr\/#\/schema\/person\/9a9c6118d687c117df8ef3cc36a4d175"},"headline":"MAM aurait t\u00e9l\u00e9phon\u00e9 \u00e0 Ben Ali avant sa fuite","datePublished":"2011-02-16T15:49:00+00:00","mainEntityOfPage":{"@id":"https:\/\/www.webdo.tn\/fr\/actualite\/national\/mam-aurait-telephone-a-ben-ali-avant-sa-fuite\/173020\/"},"wordCount":290,"commentCount":0,"publisher":{"@id":"https:\/\/www.webdo.tn\/fr\/#organization"},"image":{"@id":"https:\/\/www.webdo.tn\/fr\/actualite\/national\/mam-aurait-telephone-a-ben-ali-avant-sa-fuite\/173020\/#primaryimage"},"thumbnailUrl":"https:\/\/www.webdo.tn\/fr\/wp-content\/uploads\/2011\/02\/MAM-300x209-1.jpg","articleSection":["National"],"inLanguage":"fr-FR"},{"@type":"WebPage","@id":"https:\/\/www.webdo.tn\/fr\/actualite\/national\/mam-aurait-telephone-a-ben-ali-avant-sa-fuite\/173020\/","url":"https:\/\/www.webdo.tn\/fr\/actualite\/national\/mam-aurait-telephone-a-ben-ali-avant-sa-fuite\/173020\/","name":"MAM aurait t\u00e9l\u00e9phon\u00e9 \u00e0 Ben Ali avant sa fuite","isPartOf":{"@id":"https:\/\/www.webdo.tn\/fr\/#website"},"primaryImageOfPage":{"@id":"https:\/\/www.webdo.tn\/fr\/actualite\/national\/mam-aurait-telephone-a-ben-ali-avant-sa-fuite\/173020\/#primaryimage"},"image":{"@id":"https:\/\/www.webdo.tn\/fr\/actualite\/national\/mam-aurait-telephone-a-ben-ali-avant-sa-fuite\/173020\/#primaryimage"},"thumbnailUrl":"https:\/\/www.webdo.tn\/fr\/wp-content\/uploads\/2011\/02\/MAM-300x209-1.jpg","datePublished":"2011-02-16T15:49:00+00:00","description":"MAM aurait t\u00e9l\u00e9phon\u00e9 \u00e0 Ben Ali avant sa fuite","breadcrumb":{"@id":"https:\/\/www.webdo.tn\/fr\/actualite\/national\/mam-aurait-telephone-a-ben-ali-avant-sa-fuite\/173020\/#breadcrumb"},"inLanguage":"fr-FR","potentialAction":[{"@type":"ReadAction","target":["https:\/\/www.webdo.tn\/fr\/actualite\/national\/mam-aurait-telephone-a-ben-ali-avant-sa-fuite\/173020\/"]}]},{"@type":"ImageObject","inLanguage":"fr-FR","@id":"https:\/\/www.webdo.tn\/fr\/actualite\/national\/mam-aurait-telephone-a-ben-ali-avant-sa-fuite\/173020\/#primaryimage","url":"https:\/\/www.webdo.tn\/fr\/wp-content\/uploads\/2011\/02\/MAM-300x209-1.jpg","contentUrl":"https:\/\/www.webdo.tn\/fr\/wp-content\/uploads\/2011\/02\/MAM-300x209-1.jpg","width":300,"height":209,"caption":"MAM aurait t\u00e9l\u00e9phon\u00e9 \u00e0 Ben Ali avant sa fuite"},{"@type":"BreadcrumbList","@id":"https:\/\/www.webdo.tn\/fr\/actualite\/national\/mam-aurait-telephone-a-ben-ali-avant-sa-fuite\/173020\/#breadcrumb","itemListElement":[{"@type":"ListItem","position":1,"name":"Accueil","item":"https:\/\/www.webdo.tn\/fr\/"},{"@type":"ListItem","position":2,"name":"MAM aurait t\u00e9l\u00e9phon\u00e9 \u00e0 Ben Ali avant sa fuite"}]},{"@type":"WebSite","@id":"https:\/\/www.webdo.tn\/fr\/#website","url":"https:\/\/www.webdo.tn\/fr\/","name":"webdo","description":"Tunisie - News en Tunisie et \u00e0 l&#039;international sur Webdo.tn","publisher":{"@id":"https:\/\/www.webdo.tn\/fr\/#organization"},"potentialAction":[{"@type":"SearchAction","target":{"@type":"EntryPoint","urlTemplate":"https:\/\/www.webdo.tn\/fr\/?s={search_term_string}"},"query-input":{"@type":"PropertyValueSpecification","valueRequired":true,"valueName":"search_term_string"}}],"inLanguage":"fr-FR"},{"@type":"Organization","@id":"https:\/\/www.webdo.tn\/fr\/#organization","name":"Webdo","alternateName":"Webdo.tn","url":"https:\/\/www.webdo.tn\/fr\/","logo":{"@type":"ImageObject","inLanguage":"fr-FR","@id":"https:\/\/www.webdo.tn\/fr\/#\/schema\/logo\/image\/","url":"https:\/\/www.webdo.tn\/fr\/wp-content\/uploads\/2025\/06\/Webdo-Tunisie_168377.jpg","contentUrl":"https:\/\/www.webdo.tn\/fr\/wp-content\/uploads\/2025\/06\/Webdo-Tunisie_168377.jpg","width":301,"height":301,"caption":"Webdo"},"image":{"@id":"https:\/\/www.webdo.tn\/fr\/#\/schema\/logo\/image\/"},"sameAs":["https:\/\/www.facebook.com\/webdotn","https:\/\/x.com\/webdo_tn"],"description":"Webdo est un m\u00e9dia num\u00e9rique tunisien fond\u00e9 en 2010, sp\u00e9cialis\u00e9 dans l\u2019actualit\u00e9 nationale et internationale, l\u2019\u00e9conomie, la soci\u00e9t\u00e9 et les analyses politiques. Le site s\u2019adresse \u00e0 un large public francophone et couvre l\u2019information tunisienne en temps r\u00e9el.","email":"redac@webdo.tn","legalName":"YNJ SARL","foundingDate":"2010-09-06","numberOfEmployees":{"@type":"QuantitativeValue","minValue":"11","maxValue":"50"}},{"@type":"Person","@id":"https:\/\/www.webdo.tn\/fr\/#\/schema\/person\/9a9c6118d687c117df8ef3cc36a4d175","name":"webdo.tn","image":{"@type":"ImageObject","inLanguage":"fr-FR","@id":"https:\/\/secure.gravatar.com\/avatar\/7ce1f28c0c3bbac99ff550b85ef8e44a6950c6ee24514fb6a5489e51d06f0298?s=96&d=mm&r=g","url":"https:\/\/secure.gravatar.com\/avatar\/7ce1f28c0c3bbac99ff550b85ef8e44a6950c6ee24514fb6a5489e51d06f0298?s=96&d=mm&r=g","contentUrl":"https:\/\/secure.gravatar.com\/avatar\/7ce1f28c0c3bbac99ff550b85ef8e44a6950c6ee24514fb6a5489e51d06f0298?s=96&d=mm&r=g","caption":"webdo.tn"},"url":"https:\/\/www.webdo.tn\/fr\/actualite\/author\/webdotn\/"}]}},"_links":{"self":[{"href":"https:\/\/www.webdo.tn\/fr\/wp-json\/wp\/v2\/posts\/173020","targetHints":{"allow":["GET"]}}],"collection":[{"href":"https:\/\/www.webdo.tn\/fr\/wp-json\/wp\/v2\/posts"}],"about":[{"href":"https:\/\/www.webdo.tn\/fr\/wp-json\/wp\/v2\/types\/post"}],"author":[{"embeddable":true,"href":"https:\/\/www.webdo.tn\/fr\/wp-json\/wp\/v2\/users\/3222"}],"replies":[{"embeddable":true,"href":"https:\/\/www.webdo.tn\/fr\/wp-json\/wp\/v2\/comments?post=173020"}],"version-history":[{"count":0,"href":"https:\/\/www.webdo.tn\/fr\/wp-json\/wp\/v2\/posts\/173020\/revisions"}],"wp:featuredmedia":[{"embeddable":true,"href":"https:\/\/www.webdo.tn\/fr\/wp-json\/wp\/v2\/media\/365577"}],"wp:attachment":[{"href":"https:\/\/www.webdo.tn\/fr\/wp-json\/wp\/v2\/media?parent=173020"}],"wp:term":[{"taxonomy":"category","embeddable":true,"href":"https:\/\/www.webdo.tn\/fr\/wp-json\/wp\/v2\/categories?post=173020"},{"taxonomy":"post_tag","embeddable":true,"href":"https:\/\/www.webdo.tn\/fr\/wp-json\/wp\/v2\/tags?post=173020"}],"curies":[{"name":"wp","href":"https:\/\/api.w.org\/{rel}","templated":true}]}}