{"id":173015,"date":"2011-02-17T14:05:00","date_gmt":"2011-02-17T14:05:00","guid":{"rendered":"https:\/\/www.webdo.tn\/fr\/actualite\/blog\/syndicat-main-basse-sur-tunisie-telecom\/173954\/"},"modified":"2025-06-04T21:00:06","modified_gmt":"2025-06-04T21:00:06","slug":"syndicat-main-basse-sur-tunisie-telecom","status":"publish","type":"post","link":"https:\/\/www.webdo.tn\/fr\/actualite\/national\/syndicat-main-basse-sur-tunisie-telecom\/173015\/","title":{"rendered":"Syndicat\u00a0: Main basse sur Tunisie T\u00e9l\u00e9com"},"content":{"rendered":"<p>L\u2019op\u00e9rateur historique aujourd\u2019hui est au bout du gouffre. L\u2019entreprise qui emploie plus de 8000 personnes connait une baisse dans sa part de march\u00e9. <\/p>\n<p>Tunisie T\u00e9l\u00e9com est largement d\u00e9pass\u00e9 par Tunisiana dans le march\u00e9 du GSM. Au niveau de l\u2019Internet, Orange Tunisie commence a percer le march\u00e9 avec f\u00e9rocit\u00e9.<\/p>\n<p>L\u2019ing\u00e9rence du syndicat dans la politique manag\u00e9riale de l\u2019entreprise et son approche commerciale\u2026mettre l\u2019entreprise en difficult\u00e9. <\/p>\n<p>L\u2019absence de services aux citoyens et aux entreprises fera perdre \u00e0 l\u2019entreprise des parts de march\u00e9 inestimables.<\/p>\n<p>Que font les employ\u00e9s de Tunisie T\u00e9l\u00e9com pour mettre l\u2019entreprise sur les rails? Ils demandent de virer une grande partie du staff technique et commercial, \u00e0 savoir 63 cadres et haut cadres. Ils \u00e9voquent la raison des hauts salaires, mais c\u2019est un faux probl\u00e8me si on compare lesdits salaires avec ceux de la concurrence.<\/p>\n<p>Rappel d\u2019histoire, Tunisie T\u00e9l\u00e9com, pour faire face \u00e0 la migration de ses cadres vers la concurrence, les a fait migrer vers un r\u00e9gime de contrats \u00e0 dur\u00e9e limit\u00e9e. D\u2019autres comp\u00e9tences, toutes tunisiennes, sont arriv\u00e9es dans l\u2019entreprise depuis l\u2019\u00e9tranger pour appuyer l\u2019approche de d\u00e9veloppement de l\u2019entreprise au niveau technologique et commercial. <\/p>\n<p>R\u00e9sultat, actuellement, deux genres de r\u00e9gimes de salaires sont appliqu\u00e9s, les statutaires et les contractuels. Pour le principe, cela doit s\u2019arr\u00eater, pr\u00e9cise M. Sami Zaoui, secr\u00e9taire d\u2019Etat aux technologies de la communication. Il faut faire \u00e9voluer les statuts de l\u2019entreprise pour \u00eatre en phase avec la concurrence.<\/p>\n<p>La direction g\u00e9n\u00e9rale de Tunisie T\u00e9l\u00e9com, consciente de ce probl\u00e8me, entend se lancer dans l&rsquo;\u00e9laboration d&rsquo;un nouveau statut g\u00e9n\u00e9ral qui tiendra compte de tous les agents et cadres de l&rsquo;entreprise et qui sera \u00e9tudi\u00e9 en concertation avec toutes les parties concern\u00e9es.<\/p>\n<p>Ce nouveau statut viendra garantir et soutenir les droits acquis mentionn\u00e9s dans le<br \/>\npr\u00e9sent statut, mais permettra \u00e9galement de nouveaux avantages et horizons au profit de tout le personnel.<\/p>\n<p>La r\u00e9volution a donn\u00e9 la voix aux employ\u00e9s de Tunisie T\u00e9l\u00e9com pour demander le d\u00e9part de Montasser Ouali au d\u00e9but. Ils ont eu gain de cause. L\u2019ancien PDG a d\u00e9missionn\u00e9. Mais ils ne se sont pas arr\u00eat\u00e9s l\u00e0. Ils demandent le d\u00e9part de tous les contractuels et ont eu gain de cause pour le principe suite \u00e0 une r\u00e9union au minist\u00e8re de l\u2019industrie. L\u2019application imm\u00e9diate, par contre, demand\u00e9e par les employ\u00e9s et le syndicat ne vient pas.<\/p>\n<p>Le secr\u00e9tariat d\u2019Etat aux technologies de la communication est pr\u00eat \u00e0 appliquer l\u2019accord sign\u00e9 avec le syndicat, mais sans mettre en danger la p\u00e9rennit\u00e9 et les int\u00e9r\u00eats de l\u2019entreprise. M. Sami Zaoui s\u2019indigne que mettre 63 des cadres tunisiens \u00e0 la porte est illogique surtout pendant cette phase transitoire. Le dialogue amorc\u00e9 suite \u00e0 l\u2019accord sign\u00e9 le 9 f\u00e9vrier ne dure pas, le syndicat s\u2019est retir\u00e9 de la premi\u00e8re r\u00e9union, puis a mis la condition de l\u2019absence du PDG de Tunisie T\u00e9l\u00e9com dans la deuxi\u00e8me. Le dialogue est rompu.<\/p>\n<p>Le syndicat joue toutes ses cartes. Il met de la pression, des sit-in sont organis\u00e9s au si\u00e8ge du Secr\u00e9tariat d\u2019Etat des Technologies de la communication et au si\u00e8ge de Tunisie T\u00e9l\u00e9com. Au lieu de travailler pour d\u00e9fier la concurrence de plus en plus rude dans le secteur des t\u00e9l\u00e9communications, les nouveaux\u00a0Che Guevara\u00a0de Tunisie T\u00e9l\u00e9com, continuent \u00e0 d\u00e9fier tout le monde. Gouvernement, Staff de l\u2019entreprise, employ\u00e9s et clients. A suivre.<\/p>\n","protected":false},"excerpt":{"rendered":"<p>Syndicat\u00a0: Main basse sur Tunisie T\u00e9l\u00e9com <\/p>\n","protected":false},"author":3222,"featured_media":365583,"comment_status":"open","ping_status":"closed","sticky":false,"template":"","format":"standard","meta":{"footnotes":""},"categories":[44],"tags":[],"class_list":["post-173015","post","type-post","status-publish","format-standard","has-post-thumbnail","hentry","category-national"],"yoast_head":"<!-- This site is optimized with the Yoast SEO Premium plugin v27.4 (Yoast SEO v27.4) - https:\/\/yoast.com\/product\/yoast-seo-premium-wordpress\/ -->\n<title>Syndicat\u00a0: Main basse sur Tunisie T\u00e9l\u00e9com<\/title>\n<meta name=\"description\" content=\"Syndicat\u00a0: Main basse sur Tunisie T\u00e9l\u00e9com\" \/>\n<link rel=\"canonical\" href=\"https:\/\/www.webdo.tn\/fr\/actualite\/mobile\/syndicat-main-basse-sur-tunisie-telecom\/173015\/\" \/>\n<meta property=\"og:locale\" content=\"fr_FR\" \/>\n<meta property=\"og:type\" content=\"article\" \/>\n<meta property=\"og:title\" content=\"Syndicat\u00a0: Main basse sur Tunisie T\u00e9l\u00e9com\" \/>\n<meta property=\"og:description\" content=\"Syndicat\u00a0: Main basse sur Tunisie T\u00e9l\u00e9com\" \/>\n<meta property=\"og:url\" content=\"https:\/\/www.webdo.tn\/fr\/actualite\/mobile\/syndicat-main-basse-sur-tunisie-telecom\/173015\/\" \/>\n<meta property=\"og:site_name\" content=\"webdo\" \/>\n<meta property=\"article:publisher\" content=\"https:\/\/www.facebook.com\/webdotn\" \/>\n<meta property=\"article:published_time\" content=\"2011-02-17T14:05:00+00:00\" \/>\n<meta property=\"article:modified_time\" content=\"2025-06-04T21:00:06+00:00\" \/>\n<meta property=\"og:image\" content=\"https:\/\/www.webdo.tn\/fr\/wp-content\/uploads\/2011\/02\/Tunisie-Telecom1-275x300-1.jpg\" \/>\n\t<meta property=\"og:image:width\" content=\"275\" \/>\n\t<meta property=\"og:image:height\" content=\"300\" \/>\n\t<meta property=\"og:image:type\" content=\"image\/jpeg\" \/>\n<meta name=\"author\" content=\"webdo.tn\" \/>\n<meta name=\"twitter:card\" content=\"summary_large_image\" \/>\n<meta name=\"twitter:creator\" content=\"@webdo_tn\" \/>\n<meta name=\"twitter:site\" content=\"@webdo_tn\" \/>\n<meta name=\"twitter:label1\" content=\"\u00c9crit par\" \/>\n\t<meta name=\"twitter:data1\" content=\"webdo.tn\" \/>\n\t<meta name=\"twitter:label2\" content=\"Dur\u00e9e de lecture estim\u00e9e\" \/>\n\t<meta name=\"twitter:data2\" content=\"3 minutes\" \/>\n<script type=\"application\/ld+json\" class=\"yoast-schema-graph\">{\"@context\":\"https:\\\/\\\/schema.org\",\"@graph\":[{\"@type\":\"NewsArticle\",\"@id\":\"https:\\\/\\\/www.webdo.tn\\\/fr\\\/actualite\\\/mobile\\\/syndicat-main-basse-sur-tunisie-telecom\\\/173015\\\/#article\",\"isPartOf\":{\"@id\":\"https:\\\/\\\/www.webdo.tn\\\/fr\\\/actualite\\\/mobile\\\/syndicat-main-basse-sur-tunisie-telecom\\\/173015\\\/\"},\"author\":{\"name\":\"webdo.tn\",\"@id\":\"https:\\\/\\\/www.webdo.tn\\\/fr\\\/#\\\/schema\\\/person\\\/9a9c6118d687c117df8ef3cc36a4d175\"},\"headline\":\"Syndicat\u00a0: Main basse sur Tunisie T\u00e9l\u00e9com\",\"datePublished\":\"2011-02-17T14:05:00+00:00\",\"dateModified\":\"2025-06-04T21:00:06+00:00\",\"mainEntityOfPage\":{\"@id\":\"https:\\\/\\\/www.webdo.tn\\\/fr\\\/actualite\\\/mobile\\\/syndicat-main-basse-sur-tunisie-telecom\\\/173015\\\/\"},\"wordCount\":644,\"commentCount\":0,\"publisher\":{\"@id\":\"https:\\\/\\\/www.webdo.tn\\\/fr\\\/#organization\"},\"image\":{\"@id\":\"https:\\\/\\\/www.webdo.tn\\\/fr\\\/actualite\\\/mobile\\\/syndicat-main-basse-sur-tunisie-telecom\\\/173015\\\/#primaryimage\"},\"thumbnailUrl\":\"https:\\\/\\\/www.webdo.tn\\\/fr\\\/wp-content\\\/uploads\\\/2011\\\/02\\\/Tunisie-Telecom1-275x300-1.jpg\",\"articleSection\":[\"National\"],\"inLanguage\":\"fr-FR\"},{\"@type\":\"WebPage\",\"@id\":\"https:\\\/\\\/www.webdo.tn\\\/fr\\\/actualite\\\/mobile\\\/syndicat-main-basse-sur-tunisie-telecom\\\/173015\\\/\",\"url\":\"https:\\\/\\\/www.webdo.tn\\\/fr\\\/actualite\\\/mobile\\\/syndicat-main-basse-sur-tunisie-telecom\\\/173015\\\/\",\"name\":\"Syndicat\u00a0: Main basse sur Tunisie T\u00e9l\u00e9com\",\"isPartOf\":{\"@id\":\"https:\\\/\\\/www.webdo.tn\\\/fr\\\/#website\"},\"primaryImageOfPage\":{\"@id\":\"https:\\\/\\\/www.webdo.tn\\\/fr\\\/actualite\\\/mobile\\\/syndicat-main-basse-sur-tunisie-telecom\\\/173015\\\/#primaryimage\"},\"image\":{\"@id\":\"https:\\\/\\\/www.webdo.tn\\\/fr\\\/actualite\\\/mobile\\\/syndicat-main-basse-sur-tunisie-telecom\\\/173015\\\/#primaryimage\"},\"thumbnailUrl\":\"https:\\\/\\\/www.webdo.tn\\\/fr\\\/wp-content\\\/uploads\\\/2011\\\/02\\\/Tunisie-Telecom1-275x300-1.jpg\",\"datePublished\":\"2011-02-17T14:05:00+00:00\",\"dateModified\":\"2025-06-04T21:00:06+00:00\",\"description\":\"Syndicat\u00a0: Main basse sur Tunisie T\u00e9l\u00e9com\",\"breadcrumb\":{\"@id\":\"https:\\\/\\\/www.webdo.tn\\\/fr\\\/actualite\\\/mobile\\\/syndicat-main-basse-sur-tunisie-telecom\\\/173015\\\/#breadcrumb\"},\"inLanguage\":\"fr-FR\",\"potentialAction\":[{\"@type\":\"ReadAction\",\"target\":[\"https:\\\/\\\/www.webdo.tn\\\/fr\\\/actualite\\\/mobile\\\/syndicat-main-basse-sur-tunisie-telecom\\\/173015\\\/\"]}]},{\"@type\":\"ImageObject\",\"inLanguage\":\"fr-FR\",\"@id\":\"https:\\\/\\\/www.webdo.tn\\\/fr\\\/actualite\\\/mobile\\\/syndicat-main-basse-sur-tunisie-telecom\\\/173015\\\/#primaryimage\",\"url\":\"https:\\\/\\\/www.webdo.tn\\\/fr\\\/wp-content\\\/uploads\\\/2011\\\/02\\\/Tunisie-Telecom1-275x300-1.jpg\",\"contentUrl\":\"https:\\\/\\\/www.webdo.tn\\\/fr\\\/wp-content\\\/uploads\\\/2011\\\/02\\\/Tunisie-Telecom1-275x300-1.jpg\",\"width\":275,\"height\":300,\"caption\":\"Syndicat\u00a0: Main basse sur Tunisie T\u00e9l\u00e9com\"},{\"@type\":\"BreadcrumbList\",\"@id\":\"https:\\\/\\\/www.webdo.tn\\\/fr\\\/actualite\\\/mobile\\\/syndicat-main-basse-sur-tunisie-telecom\\\/173015\\\/#breadcrumb\",\"itemListElement\":[{\"@type\":\"ListItem\",\"position\":1,\"name\":\"Accueil\",\"item\":\"https:\\\/\\\/www.webdo.tn\\\/fr\\\/\"},{\"@type\":\"ListItem\",\"position\":2,\"name\":\"Syndicat\u00a0: Main basse sur Tunisie T\u00e9l\u00e9com\"}]},{\"@type\":\"WebSite\",\"@id\":\"https:\\\/\\\/www.webdo.tn\\\/fr\\\/#website\",\"url\":\"https:\\\/\\\/www.webdo.tn\\\/fr\\\/\",\"name\":\"webdo\",\"description\":\"Tunisie - News en Tunisie et \u00e0 l&#039;international sur Webdo.tn\",\"publisher\":{\"@id\":\"https:\\\/\\\/www.webdo.tn\\\/fr\\\/#organization\"},\"potentialAction\":[{\"@type\":\"SearchAction\",\"target\":{\"@type\":\"EntryPoint\",\"urlTemplate\":\"https:\\\/\\\/www.webdo.tn\\\/fr\\\/?s={search_term_string}\"},\"query-input\":{\"@type\":\"PropertyValueSpecification\",\"valueRequired\":true,\"valueName\":\"search_term_string\"}}],\"inLanguage\":\"fr-FR\"},{\"@type\":\"Organization\",\"@id\":\"https:\\\/\\\/www.webdo.tn\\\/fr\\\/#organization\",\"name\":\"Webdo\",\"alternateName\":\"Webdo.tn\",\"url\":\"https:\\\/\\\/www.webdo.tn\\\/fr\\\/\",\"logo\":{\"@type\":\"ImageObject\",\"inLanguage\":\"fr-FR\",\"@id\":\"https:\\\/\\\/www.webdo.tn\\\/fr\\\/#\\\/schema\\\/logo\\\/image\\\/\",\"url\":\"https:\\\/\\\/www.webdo.tn\\\/fr\\\/wp-content\\\/uploads\\\/2025\\\/06\\\/Webdo-Tunisie_168377.jpg\",\"contentUrl\":\"https:\\\/\\\/www.webdo.tn\\\/fr\\\/wp-content\\\/uploads\\\/2025\\\/06\\\/Webdo-Tunisie_168377.jpg\",\"width\":301,\"height\":301,\"caption\":\"Webdo\"},\"image\":{\"@id\":\"https:\\\/\\\/www.webdo.tn\\\/fr\\\/#\\\/schema\\\/logo\\\/image\\\/\"},\"sameAs\":[\"https:\\\/\\\/www.facebook.com\\\/webdotn\",\"https:\\\/\\\/x.com\\\/webdo_tn\"],\"description\":\"Webdo est un m\u00e9dia num\u00e9rique tunisien fond\u00e9 en 2010, sp\u00e9cialis\u00e9 dans l\u2019actualit\u00e9 nationale et internationale, l\u2019\u00e9conomie, la soci\u00e9t\u00e9 et les analyses politiques. Le site s\u2019adresse \u00e0 un large public francophone et couvre l\u2019information tunisienne en temps r\u00e9el.\",\"email\":\"redac@webdo.tn\",\"legalName\":\"YNJ SARL\",\"foundingDate\":\"2010-09-06\",\"numberOfEmployees\":{\"@type\":\"QuantitativeValue\",\"minValue\":\"11\",\"maxValue\":\"50\"}},{\"@type\":\"Person\",\"@id\":\"https:\\\/\\\/www.webdo.tn\\\/fr\\\/#\\\/schema\\\/person\\\/9a9c6118d687c117df8ef3cc36a4d175\",\"name\":\"webdo.tn\",\"image\":{\"@type\":\"ImageObject\",\"inLanguage\":\"fr-FR\",\"@id\":\"https:\\\/\\\/secure.gravatar.com\\\/avatar\\\/7ce1f28c0c3bbac99ff550b85ef8e44a6950c6ee24514fb6a5489e51d06f0298?s=96&d=mm&r=g\",\"url\":\"https:\\\/\\\/secure.gravatar.com\\\/avatar\\\/7ce1f28c0c3bbac99ff550b85ef8e44a6950c6ee24514fb6a5489e51d06f0298?s=96&d=mm&r=g\",\"contentUrl\":\"https:\\\/\\\/secure.gravatar.com\\\/avatar\\\/7ce1f28c0c3bbac99ff550b85ef8e44a6950c6ee24514fb6a5489e51d06f0298?s=96&d=mm&r=g\",\"caption\":\"webdo.tn\"},\"url\":\"https:\\\/\\\/www.webdo.tn\\\/fr\\\/actualite\\\/author\\\/webdotn\\\/\"}]}<\/script>\n<!-- \/ Yoast SEO Premium plugin. -->","yoast_head_json":{"title":"Syndicat\u00a0: Main basse sur Tunisie T\u00e9l\u00e9com","description":"Syndicat\u00a0: Main basse sur Tunisie T\u00e9l\u00e9com","canonical":"https:\/\/www.webdo.tn\/fr\/actualite\/mobile\/syndicat-main-basse-sur-tunisie-telecom\/173015\/","og_locale":"fr_FR","og_type":"article","og_title":"Syndicat\u00a0: Main basse sur Tunisie T\u00e9l\u00e9com","og_description":"Syndicat\u00a0: Main basse sur Tunisie T\u00e9l\u00e9com","og_url":"https:\/\/www.webdo.tn\/fr\/actualite\/mobile\/syndicat-main-basse-sur-tunisie-telecom\/173015\/","og_site_name":"webdo","article_publisher":"https:\/\/www.facebook.com\/webdotn","article_published_time":"2011-02-17T14:05:00+00:00","article_modified_time":"2025-06-04T21:00:06+00:00","og_image":[{"width":275,"height":300,"url":"https:\/\/www.webdo.tn\/fr\/wp-content\/uploads\/2011\/02\/Tunisie-Telecom1-275x300-1.jpg","type":"image\/jpeg"}],"author":"webdo.tn","twitter_card":"summary_large_image","twitter_creator":"@webdo_tn","twitter_site":"@webdo_tn","twitter_misc":{"\u00c9crit par":"webdo.tn","Dur\u00e9e de lecture estim\u00e9e":"3 minutes"},"schema":{"@context":"https:\/\/schema.org","@graph":[{"@type":"NewsArticle","@id":"https:\/\/www.webdo.tn\/fr\/actualite\/mobile\/syndicat-main-basse-sur-tunisie-telecom\/173015\/#article","isPartOf":{"@id":"https:\/\/www.webdo.tn\/fr\/actualite\/mobile\/syndicat-main-basse-sur-tunisie-telecom\/173015\/"},"author":{"name":"webdo.tn","@id":"https:\/\/www.webdo.tn\/fr\/#\/schema\/person\/9a9c6118d687c117df8ef3cc36a4d175"},"headline":"Syndicat\u00a0: Main basse sur Tunisie T\u00e9l\u00e9com","datePublished":"2011-02-17T14:05:00+00:00","dateModified":"2025-06-04T21:00:06+00:00","mainEntityOfPage":{"@id":"https:\/\/www.webdo.tn\/fr\/actualite\/mobile\/syndicat-main-basse-sur-tunisie-telecom\/173015\/"},"wordCount":644,"commentCount":0,"publisher":{"@id":"https:\/\/www.webdo.tn\/fr\/#organization"},"image":{"@id":"https:\/\/www.webdo.tn\/fr\/actualite\/mobile\/syndicat-main-basse-sur-tunisie-telecom\/173015\/#primaryimage"},"thumbnailUrl":"https:\/\/www.webdo.tn\/fr\/wp-content\/uploads\/2011\/02\/Tunisie-Telecom1-275x300-1.jpg","articleSection":["National"],"inLanguage":"fr-FR"},{"@type":"WebPage","@id":"https:\/\/www.webdo.tn\/fr\/actualite\/mobile\/syndicat-main-basse-sur-tunisie-telecom\/173015\/","url":"https:\/\/www.webdo.tn\/fr\/actualite\/mobile\/syndicat-main-basse-sur-tunisie-telecom\/173015\/","name":"Syndicat\u00a0: Main basse sur Tunisie T\u00e9l\u00e9com","isPartOf":{"@id":"https:\/\/www.webdo.tn\/fr\/#website"},"primaryImageOfPage":{"@id":"https:\/\/www.webdo.tn\/fr\/actualite\/mobile\/syndicat-main-basse-sur-tunisie-telecom\/173015\/#primaryimage"},"image":{"@id":"https:\/\/www.webdo.tn\/fr\/actualite\/mobile\/syndicat-main-basse-sur-tunisie-telecom\/173015\/#primaryimage"},"thumbnailUrl":"https:\/\/www.webdo.tn\/fr\/wp-content\/uploads\/2011\/02\/Tunisie-Telecom1-275x300-1.jpg","datePublished":"2011-02-17T14:05:00+00:00","dateModified":"2025-06-04T21:00:06+00:00","description":"Syndicat\u00a0: Main basse sur Tunisie T\u00e9l\u00e9com","breadcrumb":{"@id":"https:\/\/www.webdo.tn\/fr\/actualite\/mobile\/syndicat-main-basse-sur-tunisie-telecom\/173015\/#breadcrumb"},"inLanguage":"fr-FR","potentialAction":[{"@type":"ReadAction","target":["https:\/\/www.webdo.tn\/fr\/actualite\/mobile\/syndicat-main-basse-sur-tunisie-telecom\/173015\/"]}]},{"@type":"ImageObject","inLanguage":"fr-FR","@id":"https:\/\/www.webdo.tn\/fr\/actualite\/mobile\/syndicat-main-basse-sur-tunisie-telecom\/173015\/#primaryimage","url":"https:\/\/www.webdo.tn\/fr\/wp-content\/uploads\/2011\/02\/Tunisie-Telecom1-275x300-1.jpg","contentUrl":"https:\/\/www.webdo.tn\/fr\/wp-content\/uploads\/2011\/02\/Tunisie-Telecom1-275x300-1.jpg","width":275,"height":300,"caption":"Syndicat\u00a0: Main basse sur Tunisie T\u00e9l\u00e9com"},{"@type":"BreadcrumbList","@id":"https:\/\/www.webdo.tn\/fr\/actualite\/mobile\/syndicat-main-basse-sur-tunisie-telecom\/173015\/#breadcrumb","itemListElement":[{"@type":"ListItem","position":1,"name":"Accueil","item":"https:\/\/www.webdo.tn\/fr\/"},{"@type":"ListItem","position":2,"name":"Syndicat\u00a0: Main basse sur Tunisie T\u00e9l\u00e9com"}]},{"@type":"WebSite","@id":"https:\/\/www.webdo.tn\/fr\/#website","url":"https:\/\/www.webdo.tn\/fr\/","name":"webdo","description":"Tunisie - News en Tunisie et \u00e0 l&#039;international sur Webdo.tn","publisher":{"@id":"https:\/\/www.webdo.tn\/fr\/#organization"},"potentialAction":[{"@type":"SearchAction","target":{"@type":"EntryPoint","urlTemplate":"https:\/\/www.webdo.tn\/fr\/?s={search_term_string}"},"query-input":{"@type":"PropertyValueSpecification","valueRequired":true,"valueName":"search_term_string"}}],"inLanguage":"fr-FR"},{"@type":"Organization","@id":"https:\/\/www.webdo.tn\/fr\/#organization","name":"Webdo","alternateName":"Webdo.tn","url":"https:\/\/www.webdo.tn\/fr\/","logo":{"@type":"ImageObject","inLanguage":"fr-FR","@id":"https:\/\/www.webdo.tn\/fr\/#\/schema\/logo\/image\/","url":"https:\/\/www.webdo.tn\/fr\/wp-content\/uploads\/2025\/06\/Webdo-Tunisie_168377.jpg","contentUrl":"https:\/\/www.webdo.tn\/fr\/wp-content\/uploads\/2025\/06\/Webdo-Tunisie_168377.jpg","width":301,"height":301,"caption":"Webdo"},"image":{"@id":"https:\/\/www.webdo.tn\/fr\/#\/schema\/logo\/image\/"},"sameAs":["https:\/\/www.facebook.com\/webdotn","https:\/\/x.com\/webdo_tn"],"description":"Webdo est un m\u00e9dia num\u00e9rique tunisien fond\u00e9 en 2010, sp\u00e9cialis\u00e9 dans l\u2019actualit\u00e9 nationale et internationale, l\u2019\u00e9conomie, la soci\u00e9t\u00e9 et les analyses politiques. Le site s\u2019adresse \u00e0 un large public francophone et couvre l\u2019information tunisienne en temps r\u00e9el.","email":"redac@webdo.tn","legalName":"YNJ SARL","foundingDate":"2010-09-06","numberOfEmployees":{"@type":"QuantitativeValue","minValue":"11","maxValue":"50"}},{"@type":"Person","@id":"https:\/\/www.webdo.tn\/fr\/#\/schema\/person\/9a9c6118d687c117df8ef3cc36a4d175","name":"webdo.tn","image":{"@type":"ImageObject","inLanguage":"fr-FR","@id":"https:\/\/secure.gravatar.com\/avatar\/7ce1f28c0c3bbac99ff550b85ef8e44a6950c6ee24514fb6a5489e51d06f0298?s=96&d=mm&r=g","url":"https:\/\/secure.gravatar.com\/avatar\/7ce1f28c0c3bbac99ff550b85ef8e44a6950c6ee24514fb6a5489e51d06f0298?s=96&d=mm&r=g","contentUrl":"https:\/\/secure.gravatar.com\/avatar\/7ce1f28c0c3bbac99ff550b85ef8e44a6950c6ee24514fb6a5489e51d06f0298?s=96&d=mm&r=g","caption":"webdo.tn"},"url":"https:\/\/www.webdo.tn\/fr\/actualite\/author\/webdotn\/"}]}},"_links":{"self":[{"href":"https:\/\/www.webdo.tn\/fr\/wp-json\/wp\/v2\/posts\/173015","targetHints":{"allow":["GET"]}}],"collection":[{"href":"https:\/\/www.webdo.tn\/fr\/wp-json\/wp\/v2\/posts"}],"about":[{"href":"https:\/\/www.webdo.tn\/fr\/wp-json\/wp\/v2\/types\/post"}],"author":[{"embeddable":true,"href":"https:\/\/www.webdo.tn\/fr\/wp-json\/wp\/v2\/users\/3222"}],"replies":[{"embeddable":true,"href":"https:\/\/www.webdo.tn\/fr\/wp-json\/wp\/v2\/comments?post=173015"}],"version-history":[{"count":0,"href":"https:\/\/www.webdo.tn\/fr\/wp-json\/wp\/v2\/posts\/173015\/revisions"}],"wp:featuredmedia":[{"embeddable":true,"href":"https:\/\/www.webdo.tn\/fr\/wp-json\/wp\/v2\/media\/365583"}],"wp:attachment":[{"href":"https:\/\/www.webdo.tn\/fr\/wp-json\/wp\/v2\/media?parent=173015"}],"wp:term":[{"taxonomy":"category","embeddable":true,"href":"https:\/\/www.webdo.tn\/fr\/wp-json\/wp\/v2\/categories?post=173015"},{"taxonomy":"post_tag","embeddable":true,"href":"https:\/\/www.webdo.tn\/fr\/wp-json\/wp\/v2\/tags?post=173015"}],"curies":[{"name":"wp","href":"https:\/\/api.w.org\/{rel}","templated":true}]}}