{"id":173013,"date":"2011-02-18T11:01:00","date_gmt":"2011-02-18T11:01:00","guid":{"rendered":"https:\/\/www.webdo.tn\/fr\/actualite\/blog\/ben-ali-et-moubarak-dechus-comateux-ou-morts-mais-apres\/173013\/"},"modified":"2011-02-18T11:01:00","modified_gmt":"2011-02-18T11:01:00","slug":"ben-ali-et-moubarak-dechus-comateux-ou-morts-mais-apres","status":"publish","type":"post","link":"https:\/\/www.webdo.tn\/fr\/actualite\/national\/ben-ali-et-moubarak-dechus-comateux-ou-morts-mais-apres\/173013\/","title":{"rendered":"Ben Ali et Moubarak, d\u00e9chus, comateux ou morts, mais apr\u00e8s ?"},"content":{"rendered":"<p>L&rsquo;ex-pr\u00e9sident Ben Ali serait dans le coma depuis mardi, jour ou il a \u00e9t\u00e9 admis \u00e0 l&rsquo;h\u00f4pital de Djedda suite \u00e0 un accident vasculaire. \u00ab\u00a0Son \u00e9tat est jug\u00e9 tr\u00e8s inqui\u00e9tant\u00a0\u00bb rapporte Nicolas Beau sur son blog le 16 f\u00e9vrier 2011.<\/p>\n<p>Le pr\u00e9sident d\u00e9chu aurait \u00e9t\u00e9 admis dans un \u00e9tablissement r\u00e9serv\u00e9 aux princes sous une fausse identit\u00e9 pour raison s\u00e9curitaire.<\/p>\n<p>Le 17 f\u00e9vrier, un proche de Ben Ali vient confirmer les dires du journaliste fran\u00e7ais dans des d\u00e9clarations faites \u00e0 l&rsquo;AFP, soutenant que Ben Ali \u00e9tait bien \u00ab\u00a0dans le coma\u00a0\u00bb.<\/p>\n<p>Chez les \u00c9gyptiens, plusieurs rumeurs circulent quant \u00e0 l&rsquo;\u00e9tat du pr\u00e9sident d\u00e9chu Moubarak qui, on le sait, est de sant\u00e9 fragile. Ce dernier refuse de prendre ses m\u00e9dicaments et de voir le m\u00e9decin, extr\u00eamement affect\u00e9 par son \u00e9jection du pouvoir, \u00e9voque le journal Egyptien\u00a0Al Masry Al Youm. Il serait m\u00eame en gr\u00e8ve de la faim ou carr\u00e9ment dans le coma d&rsquo;apr\u00e8s d&rsquo;autres sources.<\/p>\n<p>Le POUVOIR aurait donc cr\u00e9\u00e9 un tel \u00e9tat de d\u00e9pendance chez les deux dictateurs que sa perte les aurait tous les deux plong\u00e9 dans le coma&#8230;?<\/p>\n<p>Et si l&rsquo;un des tyrans venait \u00e0 d\u00e9c\u00e9der? Qu&rsquo;en penserait le peuple?<br \/>\nEn Tunisie, depuis la fuite de Ben Ali le 14 janvier 2011, les gens n&rsquo;attendent qu&rsquo;une seule chose: que justice soit faite.<br \/>\nLes familles des martyrs ont d&rsquo;ailleurs clam\u00e9 haut et fort leur\u00a0 souhait de faire toute la lumi\u00e8re sur ce qui s&rsquo;est pass\u00e9 pendant les affrontements qui ont eu lieu depuis le 17 d\u00e9cembre.<br \/>\nCes personnes ont cat\u00e9goriquement refus\u00e9 les indemnit\u00e9s vers\u00e9es par l&rsquo;Etat, insistant sur ce qui \u00e9tait vraiment important pour eux : la justice, l&rsquo;application de la loi et la condamnation de ZABA et de Leila Trabelsi, commanditaires de tous les crimes perp\u00e9tr\u00e9s contre leurs enfants.<\/p>\n<p>Et si les rumeurs concernant l&rsquo;\u00e9tat de sant\u00e9 de ZABA \u00e9taient une supercherie visant \u00e0 d\u00e9tourner l&rsquo;attention des gens de son imminente condamnation selon certaines th\u00e9ories, parfaitement l\u00e9gitimes d\u2019ailleurs, car force est de constater que les d\u00e9clarations du gouvernement provisoires restent tr\u00e8s timides quand il s\u2019agit de l\u2019\u00e9ventuelle condamnation de ZABA et de son clan.<\/p>\n","protected":false},"excerpt":{"rendered":"<p>Ben Ali et Moubarak, d\u00e9chus, comateux ou morts, mais apr\u00e8s ? <\/p>\n","protected":false},"author":3222,"featured_media":365587,"comment_status":"open","ping_status":"closed","sticky":false,"template":"","format":"standard","meta":{"footnotes":""},"categories":[44],"tags":[],"class_list":["post-173013","post","type-post","status-publish","format-standard","has-post-thumbnail","hentry","category-national"],"yoast_head":"<!-- This site is optimized with the Yoast SEO Premium plugin v27.4 (Yoast SEO v27.4) - https:\/\/yoast.com\/product\/yoast-seo-premium-wordpress\/ -->\n<title>Ben Ali et Moubarak, d\u00e9chus, comateux ou morts, mais apr\u00e8s ?<\/title>\n<meta name=\"description\" content=\"Ben Ali et Moubarak, d\u00e9chus, comateux ou morts, mais apr\u00e8s ?\" \/>\n<link rel=\"canonical\" href=\"https:\/\/www.webdo.tn\/fr\/actualite\/national\/ben-ali-et-moubarak-dechus-comateux-ou-morts-mais-apres\/173013\/\" \/>\n<meta property=\"og:locale\" content=\"fr_FR\" \/>\n<meta property=\"og:type\" content=\"article\" \/>\n<meta property=\"og:title\" content=\"Ben Ali et Moubarak, d\u00e9chus, comateux ou morts, mais apr\u00e8s ?\" \/>\n<meta property=\"og:description\" content=\"Ben Ali et Moubarak, d\u00e9chus, comateux ou morts, mais apr\u00e8s ?\" \/>\n<meta property=\"og:url\" content=\"https:\/\/www.webdo.tn\/fr\/actualite\/national\/ben-ali-et-moubarak-dechus-comateux-ou-morts-mais-apres\/173013\/\" \/>\n<meta property=\"og:site_name\" content=\"webdo\" \/>\n<meta property=\"article:publisher\" content=\"https:\/\/www.facebook.com\/webdotn\" \/>\n<meta property=\"article:published_time\" content=\"2011-02-18T11:01:00+00:00\" \/>\n<meta property=\"og:image\" content=\"https:\/\/www.webdo.tn\/fr\/wp-content\/uploads\/2011\/02\/Ben-Ali-et-Moubarak-300x176-1.jpg\" \/>\n\t<meta property=\"og:image:width\" content=\"300\" \/>\n\t<meta property=\"og:image:height\" content=\"176\" \/>\n\t<meta property=\"og:image:type\" content=\"image\/jpeg\" \/>\n<meta name=\"author\" content=\"webdo.tn\" \/>\n<meta name=\"twitter:card\" content=\"summary_large_image\" \/>\n<meta name=\"twitter:creator\" content=\"@webdo_tn\" \/>\n<meta name=\"twitter:site\" content=\"@webdo_tn\" \/>\n<meta name=\"twitter:label1\" content=\"\u00c9crit par\" \/>\n\t<meta name=\"twitter:data1\" content=\"webdo.tn\" \/>\n\t<meta name=\"twitter:label2\" content=\"Dur\u00e9e de lecture estim\u00e9e\" \/>\n\t<meta name=\"twitter:data2\" content=\"2 minutes\" \/>\n<script type=\"application\/ld+json\" class=\"yoast-schema-graph\">{\"@context\":\"https:\\\/\\\/schema.org\",\"@graph\":[{\"@type\":\"NewsArticle\",\"@id\":\"https:\\\/\\\/www.webdo.tn\\\/fr\\\/actualite\\\/national\\\/ben-ali-et-moubarak-dechus-comateux-ou-morts-mais-apres\\\/173013\\\/#article\",\"isPartOf\":{\"@id\":\"https:\\\/\\\/www.webdo.tn\\\/fr\\\/actualite\\\/national\\\/ben-ali-et-moubarak-dechus-comateux-ou-morts-mais-apres\\\/173013\\\/\"},\"author\":{\"name\":\"webdo.tn\",\"@id\":\"https:\\\/\\\/www.webdo.tn\\\/fr\\\/#\\\/schema\\\/person\\\/9a9c6118d687c117df8ef3cc36a4d175\"},\"headline\":\"Ben Ali et Moubarak, d\u00e9chus, comateux ou morts, mais apr\u00e8s ?\",\"datePublished\":\"2011-02-18T11:01:00+00:00\",\"mainEntityOfPage\":{\"@id\":\"https:\\\/\\\/www.webdo.tn\\\/fr\\\/actualite\\\/national\\\/ben-ali-et-moubarak-dechus-comateux-ou-morts-mais-apres\\\/173013\\\/\"},\"wordCount\":399,\"commentCount\":0,\"publisher\":{\"@id\":\"https:\\\/\\\/www.webdo.tn\\\/fr\\\/#organization\"},\"image\":{\"@id\":\"https:\\\/\\\/www.webdo.tn\\\/fr\\\/actualite\\\/national\\\/ben-ali-et-moubarak-dechus-comateux-ou-morts-mais-apres\\\/173013\\\/#primaryimage\"},\"thumbnailUrl\":\"https:\\\/\\\/www.webdo.tn\\\/fr\\\/wp-content\\\/uploads\\\/2011\\\/02\\\/Ben-Ali-et-Moubarak-300x176-1.jpg\",\"articleSection\":[\"National\"],\"inLanguage\":\"fr-FR\"},{\"@type\":\"WebPage\",\"@id\":\"https:\\\/\\\/www.webdo.tn\\\/fr\\\/actualite\\\/national\\\/ben-ali-et-moubarak-dechus-comateux-ou-morts-mais-apres\\\/173013\\\/\",\"url\":\"https:\\\/\\\/www.webdo.tn\\\/fr\\\/actualite\\\/national\\\/ben-ali-et-moubarak-dechus-comateux-ou-morts-mais-apres\\\/173013\\\/\",\"name\":\"Ben Ali et Moubarak, d\u00e9chus, comateux ou morts, mais apr\u00e8s ?\",\"isPartOf\":{\"@id\":\"https:\\\/\\\/www.webdo.tn\\\/fr\\\/#website\"},\"primaryImageOfPage\":{\"@id\":\"https:\\\/\\\/www.webdo.tn\\\/fr\\\/actualite\\\/national\\\/ben-ali-et-moubarak-dechus-comateux-ou-morts-mais-apres\\\/173013\\\/#primaryimage\"},\"image\":{\"@id\":\"https:\\\/\\\/www.webdo.tn\\\/fr\\\/actualite\\\/national\\\/ben-ali-et-moubarak-dechus-comateux-ou-morts-mais-apres\\\/173013\\\/#primaryimage\"},\"thumbnailUrl\":\"https:\\\/\\\/www.webdo.tn\\\/fr\\\/wp-content\\\/uploads\\\/2011\\\/02\\\/Ben-Ali-et-Moubarak-300x176-1.jpg\",\"datePublished\":\"2011-02-18T11:01:00+00:00\",\"description\":\"Ben Ali et Moubarak, d\u00e9chus, comateux ou morts, mais apr\u00e8s ?\",\"breadcrumb\":{\"@id\":\"https:\\\/\\\/www.webdo.tn\\\/fr\\\/actualite\\\/national\\\/ben-ali-et-moubarak-dechus-comateux-ou-morts-mais-apres\\\/173013\\\/#breadcrumb\"},\"inLanguage\":\"fr-FR\",\"potentialAction\":[{\"@type\":\"ReadAction\",\"target\":[\"https:\\\/\\\/www.webdo.tn\\\/fr\\\/actualite\\\/national\\\/ben-ali-et-moubarak-dechus-comateux-ou-morts-mais-apres\\\/173013\\\/\"]}]},{\"@type\":\"ImageObject\",\"inLanguage\":\"fr-FR\",\"@id\":\"https:\\\/\\\/www.webdo.tn\\\/fr\\\/actualite\\\/national\\\/ben-ali-et-moubarak-dechus-comateux-ou-morts-mais-apres\\\/173013\\\/#primaryimage\",\"url\":\"https:\\\/\\\/www.webdo.tn\\\/fr\\\/wp-content\\\/uploads\\\/2011\\\/02\\\/Ben-Ali-et-Moubarak-300x176-1.jpg\",\"contentUrl\":\"https:\\\/\\\/www.webdo.tn\\\/fr\\\/wp-content\\\/uploads\\\/2011\\\/02\\\/Ben-Ali-et-Moubarak-300x176-1.jpg\",\"width\":300,\"height\":176,\"caption\":\"Ben Ali et Moubarak, d\u00e9chus, comateux ou morts, mais apr\u00e8s ?\"},{\"@type\":\"BreadcrumbList\",\"@id\":\"https:\\\/\\\/www.webdo.tn\\\/fr\\\/actualite\\\/national\\\/ben-ali-et-moubarak-dechus-comateux-ou-morts-mais-apres\\\/173013\\\/#breadcrumb\",\"itemListElement\":[{\"@type\":\"ListItem\",\"position\":1,\"name\":\"Accueil\",\"item\":\"https:\\\/\\\/www.webdo.tn\\\/fr\\\/\"},{\"@type\":\"ListItem\",\"position\":2,\"name\":\"Ben Ali et Moubarak, d\u00e9chus, comateux ou morts, mais apr\u00e8s ?\"}]},{\"@type\":\"WebSite\",\"@id\":\"https:\\\/\\\/www.webdo.tn\\\/fr\\\/#website\",\"url\":\"https:\\\/\\\/www.webdo.tn\\\/fr\\\/\",\"name\":\"webdo\",\"description\":\"Tunisie - News en Tunisie et \u00e0 l&#039;international sur Webdo.tn\",\"publisher\":{\"@id\":\"https:\\\/\\\/www.webdo.tn\\\/fr\\\/#organization\"},\"potentialAction\":[{\"@type\":\"SearchAction\",\"target\":{\"@type\":\"EntryPoint\",\"urlTemplate\":\"https:\\\/\\\/www.webdo.tn\\\/fr\\\/?s={search_term_string}\"},\"query-input\":{\"@type\":\"PropertyValueSpecification\",\"valueRequired\":true,\"valueName\":\"search_term_string\"}}],\"inLanguage\":\"fr-FR\"},{\"@type\":\"Organization\",\"@id\":\"https:\\\/\\\/www.webdo.tn\\\/fr\\\/#organization\",\"name\":\"Webdo\",\"alternateName\":\"Webdo.tn\",\"url\":\"https:\\\/\\\/www.webdo.tn\\\/fr\\\/\",\"logo\":{\"@type\":\"ImageObject\",\"inLanguage\":\"fr-FR\",\"@id\":\"https:\\\/\\\/www.webdo.tn\\\/fr\\\/#\\\/schema\\\/logo\\\/image\\\/\",\"url\":\"https:\\\/\\\/www.webdo.tn\\\/fr\\\/wp-content\\\/uploads\\\/2025\\\/06\\\/Webdo-Tunisie_168377.jpg\",\"contentUrl\":\"https:\\\/\\\/www.webdo.tn\\\/fr\\\/wp-content\\\/uploads\\\/2025\\\/06\\\/Webdo-Tunisie_168377.jpg\",\"width\":301,\"height\":301,\"caption\":\"Webdo\"},\"image\":{\"@id\":\"https:\\\/\\\/www.webdo.tn\\\/fr\\\/#\\\/schema\\\/logo\\\/image\\\/\"},\"sameAs\":[\"https:\\\/\\\/www.facebook.com\\\/webdotn\",\"https:\\\/\\\/x.com\\\/webdo_tn\"],\"description\":\"Webdo est un m\u00e9dia num\u00e9rique tunisien fond\u00e9 en 2010, sp\u00e9cialis\u00e9 dans l\u2019actualit\u00e9 nationale et internationale, l\u2019\u00e9conomie, la soci\u00e9t\u00e9 et les analyses politiques. Le site s\u2019adresse \u00e0 un large public francophone et couvre l\u2019information tunisienne en temps r\u00e9el.\",\"email\":\"redac@webdo.tn\",\"legalName\":\"YNJ SARL\",\"foundingDate\":\"2010-09-06\",\"numberOfEmployees\":{\"@type\":\"QuantitativeValue\",\"minValue\":\"11\",\"maxValue\":\"50\"}},{\"@type\":\"Person\",\"@id\":\"https:\\\/\\\/www.webdo.tn\\\/fr\\\/#\\\/schema\\\/person\\\/9a9c6118d687c117df8ef3cc36a4d175\",\"name\":\"webdo.tn\",\"image\":{\"@type\":\"ImageObject\",\"inLanguage\":\"fr-FR\",\"@id\":\"https:\\\/\\\/secure.gravatar.com\\\/avatar\\\/7ce1f28c0c3bbac99ff550b85ef8e44a6950c6ee24514fb6a5489e51d06f0298?s=96&d=mm&r=g\",\"url\":\"https:\\\/\\\/secure.gravatar.com\\\/avatar\\\/7ce1f28c0c3bbac99ff550b85ef8e44a6950c6ee24514fb6a5489e51d06f0298?s=96&d=mm&r=g\",\"contentUrl\":\"https:\\\/\\\/secure.gravatar.com\\\/avatar\\\/7ce1f28c0c3bbac99ff550b85ef8e44a6950c6ee24514fb6a5489e51d06f0298?s=96&d=mm&r=g\",\"caption\":\"webdo.tn\"},\"url\":\"https:\\\/\\\/www.webdo.tn\\\/fr\\\/actualite\\\/author\\\/webdotn\\\/\"}]}<\/script>\n<!-- \/ Yoast SEO Premium plugin. -->","yoast_head_json":{"title":"Ben Ali et Moubarak, d\u00e9chus, comateux ou morts, mais apr\u00e8s ?","description":"Ben Ali et Moubarak, d\u00e9chus, comateux ou morts, mais apr\u00e8s ?","canonical":"https:\/\/www.webdo.tn\/fr\/actualite\/national\/ben-ali-et-moubarak-dechus-comateux-ou-morts-mais-apres\/173013\/","og_locale":"fr_FR","og_type":"article","og_title":"Ben Ali et Moubarak, d\u00e9chus, comateux ou morts, mais apr\u00e8s ?","og_description":"Ben Ali et Moubarak, d\u00e9chus, comateux ou morts, mais apr\u00e8s ?","og_url":"https:\/\/www.webdo.tn\/fr\/actualite\/national\/ben-ali-et-moubarak-dechus-comateux-ou-morts-mais-apres\/173013\/","og_site_name":"webdo","article_publisher":"https:\/\/www.facebook.com\/webdotn","article_published_time":"2011-02-18T11:01:00+00:00","og_image":[{"width":300,"height":176,"url":"https:\/\/www.webdo.tn\/fr\/wp-content\/uploads\/2011\/02\/Ben-Ali-et-Moubarak-300x176-1.jpg","type":"image\/jpeg"}],"author":"webdo.tn","twitter_card":"summary_large_image","twitter_creator":"@webdo_tn","twitter_site":"@webdo_tn","twitter_misc":{"\u00c9crit par":"webdo.tn","Dur\u00e9e de lecture estim\u00e9e":"2 minutes"},"schema":{"@context":"https:\/\/schema.org","@graph":[{"@type":"NewsArticle","@id":"https:\/\/www.webdo.tn\/fr\/actualite\/national\/ben-ali-et-moubarak-dechus-comateux-ou-morts-mais-apres\/173013\/#article","isPartOf":{"@id":"https:\/\/www.webdo.tn\/fr\/actualite\/national\/ben-ali-et-moubarak-dechus-comateux-ou-morts-mais-apres\/173013\/"},"author":{"name":"webdo.tn","@id":"https:\/\/www.webdo.tn\/fr\/#\/schema\/person\/9a9c6118d687c117df8ef3cc36a4d175"},"headline":"Ben Ali et Moubarak, d\u00e9chus, comateux ou morts, mais apr\u00e8s ?","datePublished":"2011-02-18T11:01:00+00:00","mainEntityOfPage":{"@id":"https:\/\/www.webdo.tn\/fr\/actualite\/national\/ben-ali-et-moubarak-dechus-comateux-ou-morts-mais-apres\/173013\/"},"wordCount":399,"commentCount":0,"publisher":{"@id":"https:\/\/www.webdo.tn\/fr\/#organization"},"image":{"@id":"https:\/\/www.webdo.tn\/fr\/actualite\/national\/ben-ali-et-moubarak-dechus-comateux-ou-morts-mais-apres\/173013\/#primaryimage"},"thumbnailUrl":"https:\/\/www.webdo.tn\/fr\/wp-content\/uploads\/2011\/02\/Ben-Ali-et-Moubarak-300x176-1.jpg","articleSection":["National"],"inLanguage":"fr-FR"},{"@type":"WebPage","@id":"https:\/\/www.webdo.tn\/fr\/actualite\/national\/ben-ali-et-moubarak-dechus-comateux-ou-morts-mais-apres\/173013\/","url":"https:\/\/www.webdo.tn\/fr\/actualite\/national\/ben-ali-et-moubarak-dechus-comateux-ou-morts-mais-apres\/173013\/","name":"Ben Ali et Moubarak, d\u00e9chus, comateux ou morts, mais apr\u00e8s ?","isPartOf":{"@id":"https:\/\/www.webdo.tn\/fr\/#website"},"primaryImageOfPage":{"@id":"https:\/\/www.webdo.tn\/fr\/actualite\/national\/ben-ali-et-moubarak-dechus-comateux-ou-morts-mais-apres\/173013\/#primaryimage"},"image":{"@id":"https:\/\/www.webdo.tn\/fr\/actualite\/national\/ben-ali-et-moubarak-dechus-comateux-ou-morts-mais-apres\/173013\/#primaryimage"},"thumbnailUrl":"https:\/\/www.webdo.tn\/fr\/wp-content\/uploads\/2011\/02\/Ben-Ali-et-Moubarak-300x176-1.jpg","datePublished":"2011-02-18T11:01:00+00:00","description":"Ben Ali et Moubarak, d\u00e9chus, comateux ou morts, mais apr\u00e8s ?","breadcrumb":{"@id":"https:\/\/www.webdo.tn\/fr\/actualite\/national\/ben-ali-et-moubarak-dechus-comateux-ou-morts-mais-apres\/173013\/#breadcrumb"},"inLanguage":"fr-FR","potentialAction":[{"@type":"ReadAction","target":["https:\/\/www.webdo.tn\/fr\/actualite\/national\/ben-ali-et-moubarak-dechus-comateux-ou-morts-mais-apres\/173013\/"]}]},{"@type":"ImageObject","inLanguage":"fr-FR","@id":"https:\/\/www.webdo.tn\/fr\/actualite\/national\/ben-ali-et-moubarak-dechus-comateux-ou-morts-mais-apres\/173013\/#primaryimage","url":"https:\/\/www.webdo.tn\/fr\/wp-content\/uploads\/2011\/02\/Ben-Ali-et-Moubarak-300x176-1.jpg","contentUrl":"https:\/\/www.webdo.tn\/fr\/wp-content\/uploads\/2011\/02\/Ben-Ali-et-Moubarak-300x176-1.jpg","width":300,"height":176,"caption":"Ben Ali et Moubarak, d\u00e9chus, comateux ou morts, mais apr\u00e8s ?"},{"@type":"BreadcrumbList","@id":"https:\/\/www.webdo.tn\/fr\/actualite\/national\/ben-ali-et-moubarak-dechus-comateux-ou-morts-mais-apres\/173013\/#breadcrumb","itemListElement":[{"@type":"ListItem","position":1,"name":"Accueil","item":"https:\/\/www.webdo.tn\/fr\/"},{"@type":"ListItem","position":2,"name":"Ben Ali et Moubarak, d\u00e9chus, comateux ou morts, mais apr\u00e8s ?"}]},{"@type":"WebSite","@id":"https:\/\/www.webdo.tn\/fr\/#website","url":"https:\/\/www.webdo.tn\/fr\/","name":"webdo","description":"Tunisie - News en Tunisie et \u00e0 l&#039;international sur Webdo.tn","publisher":{"@id":"https:\/\/www.webdo.tn\/fr\/#organization"},"potentialAction":[{"@type":"SearchAction","target":{"@type":"EntryPoint","urlTemplate":"https:\/\/www.webdo.tn\/fr\/?s={search_term_string}"},"query-input":{"@type":"PropertyValueSpecification","valueRequired":true,"valueName":"search_term_string"}}],"inLanguage":"fr-FR"},{"@type":"Organization","@id":"https:\/\/www.webdo.tn\/fr\/#organization","name":"Webdo","alternateName":"Webdo.tn","url":"https:\/\/www.webdo.tn\/fr\/","logo":{"@type":"ImageObject","inLanguage":"fr-FR","@id":"https:\/\/www.webdo.tn\/fr\/#\/schema\/logo\/image\/","url":"https:\/\/www.webdo.tn\/fr\/wp-content\/uploads\/2025\/06\/Webdo-Tunisie_168377.jpg","contentUrl":"https:\/\/www.webdo.tn\/fr\/wp-content\/uploads\/2025\/06\/Webdo-Tunisie_168377.jpg","width":301,"height":301,"caption":"Webdo"},"image":{"@id":"https:\/\/www.webdo.tn\/fr\/#\/schema\/logo\/image\/"},"sameAs":["https:\/\/www.facebook.com\/webdotn","https:\/\/x.com\/webdo_tn"],"description":"Webdo est un m\u00e9dia num\u00e9rique tunisien fond\u00e9 en 2010, sp\u00e9cialis\u00e9 dans l\u2019actualit\u00e9 nationale et internationale, l\u2019\u00e9conomie, la soci\u00e9t\u00e9 et les analyses politiques. Le site s\u2019adresse \u00e0 un large public francophone et couvre l\u2019information tunisienne en temps r\u00e9el.","email":"redac@webdo.tn","legalName":"YNJ SARL","foundingDate":"2010-09-06","numberOfEmployees":{"@type":"QuantitativeValue","minValue":"11","maxValue":"50"}},{"@type":"Person","@id":"https:\/\/www.webdo.tn\/fr\/#\/schema\/person\/9a9c6118d687c117df8ef3cc36a4d175","name":"webdo.tn","image":{"@type":"ImageObject","inLanguage":"fr-FR","@id":"https:\/\/secure.gravatar.com\/avatar\/7ce1f28c0c3bbac99ff550b85ef8e44a6950c6ee24514fb6a5489e51d06f0298?s=96&d=mm&r=g","url":"https:\/\/secure.gravatar.com\/avatar\/7ce1f28c0c3bbac99ff550b85ef8e44a6950c6ee24514fb6a5489e51d06f0298?s=96&d=mm&r=g","contentUrl":"https:\/\/secure.gravatar.com\/avatar\/7ce1f28c0c3bbac99ff550b85ef8e44a6950c6ee24514fb6a5489e51d06f0298?s=96&d=mm&r=g","caption":"webdo.tn"},"url":"https:\/\/www.webdo.tn\/fr\/actualite\/author\/webdotn\/"}]}},"_links":{"self":[{"href":"https:\/\/www.webdo.tn\/fr\/wp-json\/wp\/v2\/posts\/173013","targetHints":{"allow":["GET"]}}],"collection":[{"href":"https:\/\/www.webdo.tn\/fr\/wp-json\/wp\/v2\/posts"}],"about":[{"href":"https:\/\/www.webdo.tn\/fr\/wp-json\/wp\/v2\/types\/post"}],"author":[{"embeddable":true,"href":"https:\/\/www.webdo.tn\/fr\/wp-json\/wp\/v2\/users\/3222"}],"replies":[{"embeddable":true,"href":"https:\/\/www.webdo.tn\/fr\/wp-json\/wp\/v2\/comments?post=173013"}],"version-history":[{"count":0,"href":"https:\/\/www.webdo.tn\/fr\/wp-json\/wp\/v2\/posts\/173013\/revisions"}],"wp:featuredmedia":[{"embeddable":true,"href":"https:\/\/www.webdo.tn\/fr\/wp-json\/wp\/v2\/media\/365587"}],"wp:attachment":[{"href":"https:\/\/www.webdo.tn\/fr\/wp-json\/wp\/v2\/media?parent=173013"}],"wp:term":[{"taxonomy":"category","embeddable":true,"href":"https:\/\/www.webdo.tn\/fr\/wp-json\/wp\/v2\/categories?post=173013"},{"taxonomy":"post_tag","embeddable":true,"href":"https:\/\/www.webdo.tn\/fr\/wp-json\/wp\/v2\/tags?post=173013"}],"curies":[{"name":"wp","href":"https:\/\/api.w.org\/{rel}","templated":true}]}}