{"id":173007,"date":"2011-02-20T09:07:00","date_gmt":"2011-02-20T09:07:00","guid":{"rendered":"https:\/\/www.webdo.tn\/fr\/actualite\/blog\/une-veritable-caverne-dali-baba-au-palais-presidentiel-de-sidi-bou\/173007\/"},"modified":"2011-02-20T09:07:00","modified_gmt":"2011-02-20T09:07:00","slug":"une-veritable-caverne-dali-baba-au-palais-presidentiel-de-sidi-bou","status":"publish","type":"post","link":"https:\/\/www.webdo.tn\/fr\/actualite\/national\/une-veritable-caverne-dali-baba-au-palais-presidentiel-de-sidi-bou\/173007\/","title":{"rendered":"Une v\u00e9ritable caverne d\u2019Ali Baba au palais pr\u00e9sidentiel de Sidi Bou"},"content":{"rendered":"<p>Les t\u00e9l\u00e9spectateurs, relay\u00e9s quelques minutes plus tard par les blogueurs, sont demeur\u00e9s vraiment surpris, \u00e9tonn\u00e9s, voire interloqu\u00e9s par le spectacle qui s\u2019offrait \u00e0 leurs yeux. <\/p>\n<p>Une v\u00e9ritable caverne d\u2019Ali Baba a \u00e9t\u00e9 d\u00e9couverte \u00e0 l\u2019int\u00e9rieur du palais pr\u00e9sidentiel de Sidi Boussa\u00efd, dans la banlieue nord de Tunis.<\/p>\n<p>Des fortunes colossales y ont \u00e9t\u00e9 d\u00e9couvertes, des sommes faramineuses, en dinars et en devises, y ont \u00e9t\u00e9 \u00e9galement d\u00e9nich\u00e9es. Le tout camoufl\u00e9 dans des coffres-forts, eux-m\u00eames habilement dissimul\u00e9s \u00e0 l\u2019arri\u00e8re des biblioth\u00e8ques. On aurait cru, pendant un bon moment, vivre une autre \u00e9poque qu\u2019on croyait r\u00e9volue \u00e0 jamais\u00a0!<\/p>\n<p>Des centaines, sinon des milliers de milliards y \u00e9taient enfouis, sans, bien \u00e9videmment, parler des coffrets remplis de bijoux sertis de diamants, co\u00fbtant certainement des fortunes. C\u2019est gr\u00e2ce aux longues et harassantes investigations men\u00e9es par la commission anti-corruption, pr\u00e9sid\u00e9e par Abdelfattah Omar, \u00e0 la suite de r\u00e9v\u00e9lations de certains suspects et t\u00e9moins entendus jusque-l\u00e0, que ce v\u00e9ritable tr\u00e9sor a vu le jour.  <\/p>\n<p>Pourtant, ladite commission n\u2019a examin\u00e9 jusqu\u2019\u00e0 ce jour qu\u2019une centaine de dossiers des trois mille trois cents (3300) dossiers dont elle dispose. On peut donc s\u2019attendre \u00e0 d\u2019autres r\u00e9v\u00e9lations et autres d\u00e9couvertes du genre\u2026<\/p>\n","protected":false},"excerpt":{"rendered":"<p>Une v\u00e9ritable caverne d\u2019Ali Baba au palais pr\u00e9sidentiel de Sidi Bou<\/p>\n","protected":false},"author":3222,"featured_media":376290,"comment_status":"open","ping_status":"closed","sticky":false,"template":"","format":"standard","meta":{"footnotes":""},"categories":[44],"tags":[],"class_list":["post-173007","post","type-post","status-publish","format-standard","has-post-thumbnail","hentry","category-national"],"yoast_head":"<!-- This site is optimized with the Yoast SEO Premium plugin v27.4 (Yoast SEO v27.4) - https:\/\/yoast.com\/product\/yoast-seo-premium-wordpress\/ -->\n<title>Une v\u00e9ritable caverne d\u2019Ali Baba au palais pr\u00e9sidentiel de Sidi Bou<\/title>\n<meta name=\"description\" content=\"Une v\u00e9ritable caverne d\u2019Ali Baba au palais pr\u00e9sidentiel de Sidi Bou\" \/>\n<link rel=\"canonical\" href=\"https:\/\/www.webdo.tn\/fr\/actualite\/national\/une-veritable-caverne-dali-baba-au-palais-presidentiel-de-sidi-bou\/173007\/\" \/>\n<meta property=\"og:locale\" content=\"fr_FR\" \/>\n<meta property=\"og:type\" content=\"article\" \/>\n<meta property=\"og:title\" content=\"Une v\u00e9ritable caverne d\u2019Ali Baba au palais pr\u00e9sidentiel de Sidi Bou\" \/>\n<meta property=\"og:description\" content=\"Une v\u00e9ritable caverne d\u2019Ali Baba au palais pr\u00e9sidentiel de Sidi Bou\" \/>\n<meta property=\"og:url\" content=\"https:\/\/www.webdo.tn\/fr\/actualite\/national\/une-veritable-caverne-dali-baba-au-palais-presidentiel-de-sidi-bou\/173007\/\" \/>\n<meta property=\"og:site_name\" content=\"webdo\" \/>\n<meta property=\"article:publisher\" content=\"https:\/\/www.facebook.com\/webdotn\" \/>\n<meta property=\"article:published_time\" content=\"2011-02-20T09:07:00+00:00\" \/>\n<meta name=\"author\" content=\"webdo.tn\" \/>\n<meta name=\"twitter:card\" content=\"summary_large_image\" \/>\n<meta name=\"twitter:creator\" content=\"@webdo_tn\" \/>\n<meta name=\"twitter:site\" content=\"@webdo_tn\" \/>\n<meta name=\"twitter:label1\" content=\"\u00c9crit par\" \/>\n\t<meta name=\"twitter:data1\" content=\"webdo.tn\" \/>\n\t<meta name=\"twitter:label2\" content=\"Dur\u00e9e de lecture estim\u00e9e\" \/>\n\t<meta name=\"twitter:data2\" content=\"1 minute\" \/>\n<script type=\"application\/ld+json\" class=\"yoast-schema-graph\">{\"@context\":\"https:\\\/\\\/schema.org\",\"@graph\":[{\"@type\":\"NewsArticle\",\"@id\":\"https:\\\/\\\/www.webdo.tn\\\/fr\\\/actualite\\\/national\\\/une-veritable-caverne-dali-baba-au-palais-presidentiel-de-sidi-bou\\\/173007\\\/#article\",\"isPartOf\":{\"@id\":\"https:\\\/\\\/www.webdo.tn\\\/fr\\\/actualite\\\/national\\\/une-veritable-caverne-dali-baba-au-palais-presidentiel-de-sidi-bou\\\/173007\\\/\"},\"author\":{\"name\":\"webdo.tn\",\"@id\":\"https:\\\/\\\/www.webdo.tn\\\/fr\\\/#\\\/schema\\\/person\\\/9a9c6118d687c117df8ef3cc36a4d175\"},\"headline\":\"Une v\u00e9ritable caverne d\u2019Ali Baba au palais pr\u00e9sidentiel de Sidi Bou\",\"datePublished\":\"2011-02-20T09:07:00+00:00\",\"mainEntityOfPage\":{\"@id\":\"https:\\\/\\\/www.webdo.tn\\\/fr\\\/actualite\\\/national\\\/une-veritable-caverne-dali-baba-au-palais-presidentiel-de-sidi-bou\\\/173007\\\/\"},\"wordCount\":241,\"commentCount\":0,\"publisher\":{\"@id\":\"https:\\\/\\\/www.webdo.tn\\\/fr\\\/#organization\"},\"image\":{\"@id\":\"https:\\\/\\\/www.webdo.tn\\\/fr\\\/actualite\\\/national\\\/une-veritable-caverne-dali-baba-au-palais-presidentiel-de-sidi-bou\\\/173007\\\/#primaryimage\"},\"thumbnailUrl\":\"https:\\\/\\\/www.webdo.tn\\\/fr\\\/wp-content\\\/uploads\\\/2025\\\/06\\\/FireShot-Capture-1063-webdo_default-53-750x375.jpg-750\u00d7375-www.webdo_.tn_.png\",\"articleSection\":[\"National\"],\"inLanguage\":\"fr-FR\"},{\"@type\":\"WebPage\",\"@id\":\"https:\\\/\\\/www.webdo.tn\\\/fr\\\/actualite\\\/national\\\/une-veritable-caverne-dali-baba-au-palais-presidentiel-de-sidi-bou\\\/173007\\\/\",\"url\":\"https:\\\/\\\/www.webdo.tn\\\/fr\\\/actualite\\\/national\\\/une-veritable-caverne-dali-baba-au-palais-presidentiel-de-sidi-bou\\\/173007\\\/\",\"name\":\"Une v\u00e9ritable caverne d\u2019Ali Baba au palais pr\u00e9sidentiel de Sidi Bou\",\"isPartOf\":{\"@id\":\"https:\\\/\\\/www.webdo.tn\\\/fr\\\/#website\"},\"primaryImageOfPage\":{\"@id\":\"https:\\\/\\\/www.webdo.tn\\\/fr\\\/actualite\\\/national\\\/une-veritable-caverne-dali-baba-au-palais-presidentiel-de-sidi-bou\\\/173007\\\/#primaryimage\"},\"image\":{\"@id\":\"https:\\\/\\\/www.webdo.tn\\\/fr\\\/actualite\\\/national\\\/une-veritable-caverne-dali-baba-au-palais-presidentiel-de-sidi-bou\\\/173007\\\/#primaryimage\"},\"thumbnailUrl\":\"https:\\\/\\\/www.webdo.tn\\\/fr\\\/wp-content\\\/uploads\\\/2025\\\/06\\\/FireShot-Capture-1063-webdo_default-53-750x375.jpg-750\u00d7375-www.webdo_.tn_.png\",\"datePublished\":\"2011-02-20T09:07:00+00:00\",\"description\":\"Une v\u00e9ritable caverne d\u2019Ali Baba au palais pr\u00e9sidentiel de Sidi Bou\",\"breadcrumb\":{\"@id\":\"https:\\\/\\\/www.webdo.tn\\\/fr\\\/actualite\\\/national\\\/une-veritable-caverne-dali-baba-au-palais-presidentiel-de-sidi-bou\\\/173007\\\/#breadcrumb\"},\"inLanguage\":\"fr-FR\",\"potentialAction\":[{\"@type\":\"ReadAction\",\"target\":[\"https:\\\/\\\/www.webdo.tn\\\/fr\\\/actualite\\\/national\\\/une-veritable-caverne-dali-baba-au-palais-presidentiel-de-sidi-bou\\\/173007\\\/\"]}]},{\"@type\":\"ImageObject\",\"inLanguage\":\"fr-FR\",\"@id\":\"https:\\\/\\\/www.webdo.tn\\\/fr\\\/actualite\\\/national\\\/une-veritable-caverne-dali-baba-au-palais-presidentiel-de-sidi-bou\\\/173007\\\/#primaryimage\",\"url\":\"https:\\\/\\\/www.webdo.tn\\\/fr\\\/wp-content\\\/uploads\\\/2025\\\/06\\\/FireShot-Capture-1063-webdo_default-53-750x375.jpg-750\u00d7375-www.webdo_.tn_.png\",\"contentUrl\":\"https:\\\/\\\/www.webdo.tn\\\/fr\\\/wp-content\\\/uploads\\\/2025\\\/06\\\/FireShot-Capture-1063-webdo_default-53-750x375.jpg-750\u00d7375-www.webdo_.tn_.png\",\"width\":746,\"height\":371},{\"@type\":\"BreadcrumbList\",\"@id\":\"https:\\\/\\\/www.webdo.tn\\\/fr\\\/actualite\\\/national\\\/une-veritable-caverne-dali-baba-au-palais-presidentiel-de-sidi-bou\\\/173007\\\/#breadcrumb\",\"itemListElement\":[{\"@type\":\"ListItem\",\"position\":1,\"name\":\"Accueil\",\"item\":\"https:\\\/\\\/www.webdo.tn\\\/fr\\\/\"},{\"@type\":\"ListItem\",\"position\":2,\"name\":\"Une v\u00e9ritable caverne d\u2019Ali Baba au palais pr\u00e9sidentiel de Sidi Bou\"}]},{\"@type\":\"WebSite\",\"@id\":\"https:\\\/\\\/www.webdo.tn\\\/fr\\\/#website\",\"url\":\"https:\\\/\\\/www.webdo.tn\\\/fr\\\/\",\"name\":\"webdo\",\"description\":\"Tunisie - News en Tunisie et \u00e0 l&#039;international sur Webdo.tn\",\"publisher\":{\"@id\":\"https:\\\/\\\/www.webdo.tn\\\/fr\\\/#organization\"},\"potentialAction\":[{\"@type\":\"SearchAction\",\"target\":{\"@type\":\"EntryPoint\",\"urlTemplate\":\"https:\\\/\\\/www.webdo.tn\\\/fr\\\/?s={search_term_string}\"},\"query-input\":{\"@type\":\"PropertyValueSpecification\",\"valueRequired\":true,\"valueName\":\"search_term_string\"}}],\"inLanguage\":\"fr-FR\"},{\"@type\":\"Organization\",\"@id\":\"https:\\\/\\\/www.webdo.tn\\\/fr\\\/#organization\",\"name\":\"Webdo\",\"alternateName\":\"Webdo.tn\",\"url\":\"https:\\\/\\\/www.webdo.tn\\\/fr\\\/\",\"logo\":{\"@type\":\"ImageObject\",\"inLanguage\":\"fr-FR\",\"@id\":\"https:\\\/\\\/www.webdo.tn\\\/fr\\\/#\\\/schema\\\/logo\\\/image\\\/\",\"url\":\"https:\\\/\\\/www.webdo.tn\\\/fr\\\/wp-content\\\/uploads\\\/2025\\\/06\\\/Webdo-Tunisie_168377.jpg\",\"contentUrl\":\"https:\\\/\\\/www.webdo.tn\\\/fr\\\/wp-content\\\/uploads\\\/2025\\\/06\\\/Webdo-Tunisie_168377.jpg\",\"width\":301,\"height\":301,\"caption\":\"Webdo\"},\"image\":{\"@id\":\"https:\\\/\\\/www.webdo.tn\\\/fr\\\/#\\\/schema\\\/logo\\\/image\\\/\"},\"sameAs\":[\"https:\\\/\\\/www.facebook.com\\\/webdotn\",\"https:\\\/\\\/x.com\\\/webdo_tn\"],\"description\":\"Webdo est un m\u00e9dia num\u00e9rique tunisien fond\u00e9 en 2010, sp\u00e9cialis\u00e9 dans l\u2019actualit\u00e9 nationale et internationale, l\u2019\u00e9conomie, la soci\u00e9t\u00e9 et les analyses politiques. Le site s\u2019adresse \u00e0 un large public francophone et couvre l\u2019information tunisienne en temps r\u00e9el.\",\"email\":\"redac@webdo.tn\",\"legalName\":\"YNJ SARL\",\"foundingDate\":\"2010-09-06\",\"numberOfEmployees\":{\"@type\":\"QuantitativeValue\",\"minValue\":\"11\",\"maxValue\":\"50\"}},{\"@type\":\"Person\",\"@id\":\"https:\\\/\\\/www.webdo.tn\\\/fr\\\/#\\\/schema\\\/person\\\/9a9c6118d687c117df8ef3cc36a4d175\",\"name\":\"webdo.tn\",\"image\":{\"@type\":\"ImageObject\",\"inLanguage\":\"fr-FR\",\"@id\":\"https:\\\/\\\/secure.gravatar.com\\\/avatar\\\/7ce1f28c0c3bbac99ff550b85ef8e44a6950c6ee24514fb6a5489e51d06f0298?s=96&d=mm&r=g\",\"url\":\"https:\\\/\\\/secure.gravatar.com\\\/avatar\\\/7ce1f28c0c3bbac99ff550b85ef8e44a6950c6ee24514fb6a5489e51d06f0298?s=96&d=mm&r=g\",\"contentUrl\":\"https:\\\/\\\/secure.gravatar.com\\\/avatar\\\/7ce1f28c0c3bbac99ff550b85ef8e44a6950c6ee24514fb6a5489e51d06f0298?s=96&d=mm&r=g\",\"caption\":\"webdo.tn\"},\"url\":\"https:\\\/\\\/www.webdo.tn\\\/fr\\\/actualite\\\/author\\\/webdotn\\\/\"}]}<\/script>\n<!-- \/ Yoast SEO Premium plugin. -->","yoast_head_json":{"title":"Une v\u00e9ritable caverne d\u2019Ali Baba au palais pr\u00e9sidentiel de Sidi Bou","description":"Une v\u00e9ritable caverne d\u2019Ali Baba au palais pr\u00e9sidentiel de Sidi Bou","canonical":"https:\/\/www.webdo.tn\/fr\/actualite\/national\/une-veritable-caverne-dali-baba-au-palais-presidentiel-de-sidi-bou\/173007\/","og_locale":"fr_FR","og_type":"article","og_title":"Une v\u00e9ritable caverne d\u2019Ali Baba au palais pr\u00e9sidentiel de Sidi Bou","og_description":"Une v\u00e9ritable caverne d\u2019Ali Baba au palais pr\u00e9sidentiel de Sidi Bou","og_url":"https:\/\/www.webdo.tn\/fr\/actualite\/national\/une-veritable-caverne-dali-baba-au-palais-presidentiel-de-sidi-bou\/173007\/","og_site_name":"webdo","article_publisher":"https:\/\/www.facebook.com\/webdotn","article_published_time":"2011-02-20T09:07:00+00:00","author":"webdo.tn","twitter_card":"summary_large_image","twitter_creator":"@webdo_tn","twitter_site":"@webdo_tn","twitter_misc":{"\u00c9crit par":"webdo.tn","Dur\u00e9e de lecture estim\u00e9e":"1 minute"},"schema":{"@context":"https:\/\/schema.org","@graph":[{"@type":"NewsArticle","@id":"https:\/\/www.webdo.tn\/fr\/actualite\/national\/une-veritable-caverne-dali-baba-au-palais-presidentiel-de-sidi-bou\/173007\/#article","isPartOf":{"@id":"https:\/\/www.webdo.tn\/fr\/actualite\/national\/une-veritable-caverne-dali-baba-au-palais-presidentiel-de-sidi-bou\/173007\/"},"author":{"name":"webdo.tn","@id":"https:\/\/www.webdo.tn\/fr\/#\/schema\/person\/9a9c6118d687c117df8ef3cc36a4d175"},"headline":"Une v\u00e9ritable caverne d\u2019Ali Baba au palais pr\u00e9sidentiel de Sidi Bou","datePublished":"2011-02-20T09:07:00+00:00","mainEntityOfPage":{"@id":"https:\/\/www.webdo.tn\/fr\/actualite\/national\/une-veritable-caverne-dali-baba-au-palais-presidentiel-de-sidi-bou\/173007\/"},"wordCount":241,"commentCount":0,"publisher":{"@id":"https:\/\/www.webdo.tn\/fr\/#organization"},"image":{"@id":"https:\/\/www.webdo.tn\/fr\/actualite\/national\/une-veritable-caverne-dali-baba-au-palais-presidentiel-de-sidi-bou\/173007\/#primaryimage"},"thumbnailUrl":"https:\/\/www.webdo.tn\/fr\/wp-content\/uploads\/2025\/06\/FireShot-Capture-1063-webdo_default-53-750x375.jpg-750\u00d7375-www.webdo_.tn_.png","articleSection":["National"],"inLanguage":"fr-FR"},{"@type":"WebPage","@id":"https:\/\/www.webdo.tn\/fr\/actualite\/national\/une-veritable-caverne-dali-baba-au-palais-presidentiel-de-sidi-bou\/173007\/","url":"https:\/\/www.webdo.tn\/fr\/actualite\/national\/une-veritable-caverne-dali-baba-au-palais-presidentiel-de-sidi-bou\/173007\/","name":"Une v\u00e9ritable caverne d\u2019Ali Baba au palais pr\u00e9sidentiel de Sidi Bou","isPartOf":{"@id":"https:\/\/www.webdo.tn\/fr\/#website"},"primaryImageOfPage":{"@id":"https:\/\/www.webdo.tn\/fr\/actualite\/national\/une-veritable-caverne-dali-baba-au-palais-presidentiel-de-sidi-bou\/173007\/#primaryimage"},"image":{"@id":"https:\/\/www.webdo.tn\/fr\/actualite\/national\/une-veritable-caverne-dali-baba-au-palais-presidentiel-de-sidi-bou\/173007\/#primaryimage"},"thumbnailUrl":"https:\/\/www.webdo.tn\/fr\/wp-content\/uploads\/2025\/06\/FireShot-Capture-1063-webdo_default-53-750x375.jpg-750\u00d7375-www.webdo_.tn_.png","datePublished":"2011-02-20T09:07:00+00:00","description":"Une v\u00e9ritable caverne d\u2019Ali Baba au palais pr\u00e9sidentiel de Sidi Bou","breadcrumb":{"@id":"https:\/\/www.webdo.tn\/fr\/actualite\/national\/une-veritable-caverne-dali-baba-au-palais-presidentiel-de-sidi-bou\/173007\/#breadcrumb"},"inLanguage":"fr-FR","potentialAction":[{"@type":"ReadAction","target":["https:\/\/www.webdo.tn\/fr\/actualite\/national\/une-veritable-caverne-dali-baba-au-palais-presidentiel-de-sidi-bou\/173007\/"]}]},{"@type":"ImageObject","inLanguage":"fr-FR","@id":"https:\/\/www.webdo.tn\/fr\/actualite\/national\/une-veritable-caverne-dali-baba-au-palais-presidentiel-de-sidi-bou\/173007\/#primaryimage","url":"https:\/\/www.webdo.tn\/fr\/wp-content\/uploads\/2025\/06\/FireShot-Capture-1063-webdo_default-53-750x375.jpg-750\u00d7375-www.webdo_.tn_.png","contentUrl":"https:\/\/www.webdo.tn\/fr\/wp-content\/uploads\/2025\/06\/FireShot-Capture-1063-webdo_default-53-750x375.jpg-750\u00d7375-www.webdo_.tn_.png","width":746,"height":371},{"@type":"BreadcrumbList","@id":"https:\/\/www.webdo.tn\/fr\/actualite\/national\/une-veritable-caverne-dali-baba-au-palais-presidentiel-de-sidi-bou\/173007\/#breadcrumb","itemListElement":[{"@type":"ListItem","position":1,"name":"Accueil","item":"https:\/\/www.webdo.tn\/fr\/"},{"@type":"ListItem","position":2,"name":"Une v\u00e9ritable caverne d\u2019Ali Baba au palais pr\u00e9sidentiel de Sidi Bou"}]},{"@type":"WebSite","@id":"https:\/\/www.webdo.tn\/fr\/#website","url":"https:\/\/www.webdo.tn\/fr\/","name":"webdo","description":"Tunisie - News en Tunisie et \u00e0 l&#039;international sur Webdo.tn","publisher":{"@id":"https:\/\/www.webdo.tn\/fr\/#organization"},"potentialAction":[{"@type":"SearchAction","target":{"@type":"EntryPoint","urlTemplate":"https:\/\/www.webdo.tn\/fr\/?s={search_term_string}"},"query-input":{"@type":"PropertyValueSpecification","valueRequired":true,"valueName":"search_term_string"}}],"inLanguage":"fr-FR"},{"@type":"Organization","@id":"https:\/\/www.webdo.tn\/fr\/#organization","name":"Webdo","alternateName":"Webdo.tn","url":"https:\/\/www.webdo.tn\/fr\/","logo":{"@type":"ImageObject","inLanguage":"fr-FR","@id":"https:\/\/www.webdo.tn\/fr\/#\/schema\/logo\/image\/","url":"https:\/\/www.webdo.tn\/fr\/wp-content\/uploads\/2025\/06\/Webdo-Tunisie_168377.jpg","contentUrl":"https:\/\/www.webdo.tn\/fr\/wp-content\/uploads\/2025\/06\/Webdo-Tunisie_168377.jpg","width":301,"height":301,"caption":"Webdo"},"image":{"@id":"https:\/\/www.webdo.tn\/fr\/#\/schema\/logo\/image\/"},"sameAs":["https:\/\/www.facebook.com\/webdotn","https:\/\/x.com\/webdo_tn"],"description":"Webdo est un m\u00e9dia num\u00e9rique tunisien fond\u00e9 en 2010, sp\u00e9cialis\u00e9 dans l\u2019actualit\u00e9 nationale et internationale, l\u2019\u00e9conomie, la soci\u00e9t\u00e9 et les analyses politiques. Le site s\u2019adresse \u00e0 un large public francophone et couvre l\u2019information tunisienne en temps r\u00e9el.","email":"redac@webdo.tn","legalName":"YNJ SARL","foundingDate":"2010-09-06","numberOfEmployees":{"@type":"QuantitativeValue","minValue":"11","maxValue":"50"}},{"@type":"Person","@id":"https:\/\/www.webdo.tn\/fr\/#\/schema\/person\/9a9c6118d687c117df8ef3cc36a4d175","name":"webdo.tn","image":{"@type":"ImageObject","inLanguage":"fr-FR","@id":"https:\/\/secure.gravatar.com\/avatar\/7ce1f28c0c3bbac99ff550b85ef8e44a6950c6ee24514fb6a5489e51d06f0298?s=96&d=mm&r=g","url":"https:\/\/secure.gravatar.com\/avatar\/7ce1f28c0c3bbac99ff550b85ef8e44a6950c6ee24514fb6a5489e51d06f0298?s=96&d=mm&r=g","contentUrl":"https:\/\/secure.gravatar.com\/avatar\/7ce1f28c0c3bbac99ff550b85ef8e44a6950c6ee24514fb6a5489e51d06f0298?s=96&d=mm&r=g","caption":"webdo.tn"},"url":"https:\/\/www.webdo.tn\/fr\/actualite\/author\/webdotn\/"}]}},"_links":{"self":[{"href":"https:\/\/www.webdo.tn\/fr\/wp-json\/wp\/v2\/posts\/173007","targetHints":{"allow":["GET"]}}],"collection":[{"href":"https:\/\/www.webdo.tn\/fr\/wp-json\/wp\/v2\/posts"}],"about":[{"href":"https:\/\/www.webdo.tn\/fr\/wp-json\/wp\/v2\/types\/post"}],"author":[{"embeddable":true,"href":"https:\/\/www.webdo.tn\/fr\/wp-json\/wp\/v2\/users\/3222"}],"replies":[{"embeddable":true,"href":"https:\/\/www.webdo.tn\/fr\/wp-json\/wp\/v2\/comments?post=173007"}],"version-history":[{"count":0,"href":"https:\/\/www.webdo.tn\/fr\/wp-json\/wp\/v2\/posts\/173007\/revisions"}],"wp:featuredmedia":[{"embeddable":true,"href":"https:\/\/www.webdo.tn\/fr\/wp-json\/wp\/v2\/media\/376290"}],"wp:attachment":[{"href":"https:\/\/www.webdo.tn\/fr\/wp-json\/wp\/v2\/media?parent=173007"}],"wp:term":[{"taxonomy":"category","embeddable":true,"href":"https:\/\/www.webdo.tn\/fr\/wp-json\/wp\/v2\/categories?post=173007"},{"taxonomy":"post_tag","embeddable":true,"href":"https:\/\/www.webdo.tn\/fr\/wp-json\/wp\/v2\/tags?post=173007"}],"curies":[{"name":"wp","href":"https:\/\/api.w.org\/{rel}","templated":true}]}}