{"id":173005,"date":"2011-02-21T10:09:00","date_gmt":"2011-02-21T10:09:00","guid":{"rendered":"https:\/\/www.webdo.tn\/fr\/actualite\/blog\/mam-a-rencontre-ali-seriati-et-rafik-hadj-kacem-le-27-decembre-2010\/173005\/"},"modified":"2011-02-21T10:09:00","modified_gmt":"2011-02-21T10:09:00","slug":"mam-a-rencontre-ali-seriati-et-rafik-hadj-kacem-le-27-decembre-2010","status":"publish","type":"post","link":"https:\/\/www.webdo.tn\/fr\/actualite\/national\/mam-a-rencontre-ali-seriati-et-rafik-hadj-kacem-le-27-decembre-2010\/173005\/","title":{"rendered":"MAM a rencontr\u00e9 Ali Seriati et Rafik Hadj Kacem le 27 d\u00e9cembre 2010"},"content":{"rendered":"<p>Apr\u00e8s le s\u00e9jour tunisien de MAM, le transactions effectu\u00e9es par ses parents, son coup de fil pass\u00e9 \u00e0 Ben Ali pendant ses vacances, MAM a rencontr\u00e9 le 27 d\u00e9cembre, en secret, le tandem sanguinaire Ali Seriati-Rafik Hadj Kacem et cela \u00e0 Tabarka, r\u00e9v\u00e8le Tunis-Hebdo dans son \u00e9dition d&rsquo;aujourd&rsquo;hui.<\/p>\n<p>\u00a0\u00bb La r\u00e9union a eu lieu le 27 d\u00e9cembre \u00e0 11H00 dans le salon d&rsquo;honneur de l&rsquo;h\u00f4tel Tabarka Beach durant laquelle Hadj Kacem et Seriati tentent de convaincre, par tous les moyens, l\u2019ancienne ministre de l\u2019Int\u00e9rieur qu\u2019elle fut, de les aider afin de mater la \u00ab\u00a0r\u00e9bellion\u00a0\u00bb. Le ministre de l\u2019Int\u00e9rieur tunisien va m\u00eame plus loin en l\u2019alarmant du risque d&rsquo;\u00e9clatement du pays tout en dressant un tableau noir de la situation dont l\u2019enjeu est de voir les extr\u00e9mistes prendre le pouvoir. \u00a0\u00bb pr\u00e9cise Tunis-Hebdo.<\/p>\n<p>Les casseroles s&rsquo;encha\u00eenent pour Mich\u00e8le Alliot-Marie, ministre des affaires \u00e9trang\u00e8res fran\u00e7aise, et son dossier s&rsquo;assombrit chaque jour un peu plus.<\/p>\n","protected":false},"excerpt":{"rendered":"<p>MAM a rencontr\u00e9 Ali Seriati et Rafik Hadj Kacem le 27 d\u00e9cembre 2010<\/p>\n","protected":false},"author":3222,"featured_media":376290,"comment_status":"open","ping_status":"closed","sticky":false,"template":"","format":"standard","meta":{"footnotes":""},"categories":[44],"tags":[],"class_list":["post-173005","post","type-post","status-publish","format-standard","has-post-thumbnail","hentry","category-national"],"yoast_head":"<!-- This site is optimized with the Yoast SEO Premium plugin v27.4 (Yoast SEO v27.4) - https:\/\/yoast.com\/product\/yoast-seo-premium-wordpress\/ -->\n<title>MAM a rencontr\u00e9 Ali Seriati et Rafik Hadj Kacem le 27 d\u00e9cembre 2010<\/title>\n<meta name=\"description\" content=\"MAM a rencontr\u00e9 Ali Seriati et Rafik Hadj Kacem le 27 d\u00e9cembre 2010\" \/>\n<link rel=\"canonical\" href=\"https:\/\/www.webdo.tn\/fr\/actualite\/national\/mam-a-rencontre-ali-seriati-et-rafik-hadj-kacem-le-27-decembre-2010\/173005\/\" \/>\n<meta property=\"og:locale\" content=\"fr_FR\" \/>\n<meta property=\"og:type\" content=\"article\" \/>\n<meta property=\"og:title\" content=\"MAM a rencontr\u00e9 Ali Seriati et Rafik Hadj Kacem le 27 d\u00e9cembre 2010\" \/>\n<meta property=\"og:description\" content=\"MAM a rencontr\u00e9 Ali Seriati et Rafik Hadj Kacem le 27 d\u00e9cembre 2010\" \/>\n<meta property=\"og:url\" content=\"https:\/\/www.webdo.tn\/fr\/actualite\/national\/mam-a-rencontre-ali-seriati-et-rafik-hadj-kacem-le-27-decembre-2010\/173005\/\" \/>\n<meta property=\"og:site_name\" content=\"webdo\" \/>\n<meta property=\"article:publisher\" content=\"https:\/\/www.facebook.com\/webdotn\" \/>\n<meta property=\"article:published_time\" content=\"2011-02-21T10:09:00+00:00\" \/>\n<meta name=\"author\" content=\"webdo.tn\" \/>\n<meta name=\"twitter:card\" content=\"summary_large_image\" \/>\n<meta name=\"twitter:creator\" content=\"@webdo_tn\" \/>\n<meta name=\"twitter:site\" content=\"@webdo_tn\" \/>\n<meta name=\"twitter:label1\" content=\"\u00c9crit par\" \/>\n\t<meta name=\"twitter:data1\" content=\"webdo.tn\" \/>\n\t<meta name=\"twitter:label2\" content=\"Dur\u00e9e de lecture estim\u00e9e\" \/>\n\t<meta name=\"twitter:data2\" content=\"1 minute\" \/>\n<script type=\"application\/ld+json\" class=\"yoast-schema-graph\">{\"@context\":\"https:\\\/\\\/schema.org\",\"@graph\":[{\"@type\":\"NewsArticle\",\"@id\":\"https:\\\/\\\/www.webdo.tn\\\/fr\\\/actualite\\\/national\\\/mam-a-rencontre-ali-seriati-et-rafik-hadj-kacem-le-27-decembre-2010\\\/173005\\\/#article\",\"isPartOf\":{\"@id\":\"https:\\\/\\\/www.webdo.tn\\\/fr\\\/actualite\\\/national\\\/mam-a-rencontre-ali-seriati-et-rafik-hadj-kacem-le-27-decembre-2010\\\/173005\\\/\"},\"author\":{\"name\":\"webdo.tn\",\"@id\":\"https:\\\/\\\/www.webdo.tn\\\/fr\\\/#\\\/schema\\\/person\\\/9a9c6118d687c117df8ef3cc36a4d175\"},\"headline\":\"MAM a rencontr\u00e9 Ali Seriati et Rafik Hadj Kacem le 27 d\u00e9cembre 2010\",\"datePublished\":\"2011-02-21T10:09:00+00:00\",\"mainEntityOfPage\":{\"@id\":\"https:\\\/\\\/www.webdo.tn\\\/fr\\\/actualite\\\/national\\\/mam-a-rencontre-ali-seriati-et-rafik-hadj-kacem-le-27-decembre-2010\\\/173005\\\/\"},\"wordCount\":189,\"commentCount\":0,\"publisher\":{\"@id\":\"https:\\\/\\\/www.webdo.tn\\\/fr\\\/#organization\"},\"image\":{\"@id\":\"https:\\\/\\\/www.webdo.tn\\\/fr\\\/actualite\\\/national\\\/mam-a-rencontre-ali-seriati-et-rafik-hadj-kacem-le-27-decembre-2010\\\/173005\\\/#primaryimage\"},\"thumbnailUrl\":\"https:\\\/\\\/www.webdo.tn\\\/fr\\\/wp-content\\\/uploads\\\/2025\\\/06\\\/FireShot-Capture-1063-webdo_default-53-750x375.jpg-750\u00d7375-www.webdo_.tn_.png\",\"articleSection\":[\"National\"],\"inLanguage\":\"fr-FR\"},{\"@type\":\"WebPage\",\"@id\":\"https:\\\/\\\/www.webdo.tn\\\/fr\\\/actualite\\\/national\\\/mam-a-rencontre-ali-seriati-et-rafik-hadj-kacem-le-27-decembre-2010\\\/173005\\\/\",\"url\":\"https:\\\/\\\/www.webdo.tn\\\/fr\\\/actualite\\\/national\\\/mam-a-rencontre-ali-seriati-et-rafik-hadj-kacem-le-27-decembre-2010\\\/173005\\\/\",\"name\":\"MAM a rencontr\u00e9 Ali Seriati et Rafik Hadj Kacem le 27 d\u00e9cembre 2010\",\"isPartOf\":{\"@id\":\"https:\\\/\\\/www.webdo.tn\\\/fr\\\/#website\"},\"primaryImageOfPage\":{\"@id\":\"https:\\\/\\\/www.webdo.tn\\\/fr\\\/actualite\\\/national\\\/mam-a-rencontre-ali-seriati-et-rafik-hadj-kacem-le-27-decembre-2010\\\/173005\\\/#primaryimage\"},\"image\":{\"@id\":\"https:\\\/\\\/www.webdo.tn\\\/fr\\\/actualite\\\/national\\\/mam-a-rencontre-ali-seriati-et-rafik-hadj-kacem-le-27-decembre-2010\\\/173005\\\/#primaryimage\"},\"thumbnailUrl\":\"https:\\\/\\\/www.webdo.tn\\\/fr\\\/wp-content\\\/uploads\\\/2025\\\/06\\\/FireShot-Capture-1063-webdo_default-53-750x375.jpg-750\u00d7375-www.webdo_.tn_.png\",\"datePublished\":\"2011-02-21T10:09:00+00:00\",\"description\":\"MAM a rencontr\u00e9 Ali Seriati et Rafik Hadj Kacem le 27 d\u00e9cembre 2010\",\"breadcrumb\":{\"@id\":\"https:\\\/\\\/www.webdo.tn\\\/fr\\\/actualite\\\/national\\\/mam-a-rencontre-ali-seriati-et-rafik-hadj-kacem-le-27-decembre-2010\\\/173005\\\/#breadcrumb\"},\"inLanguage\":\"fr-FR\",\"potentialAction\":[{\"@type\":\"ReadAction\",\"target\":[\"https:\\\/\\\/www.webdo.tn\\\/fr\\\/actualite\\\/national\\\/mam-a-rencontre-ali-seriati-et-rafik-hadj-kacem-le-27-decembre-2010\\\/173005\\\/\"]}]},{\"@type\":\"ImageObject\",\"inLanguage\":\"fr-FR\",\"@id\":\"https:\\\/\\\/www.webdo.tn\\\/fr\\\/actualite\\\/national\\\/mam-a-rencontre-ali-seriati-et-rafik-hadj-kacem-le-27-decembre-2010\\\/173005\\\/#primaryimage\",\"url\":\"https:\\\/\\\/www.webdo.tn\\\/fr\\\/wp-content\\\/uploads\\\/2025\\\/06\\\/FireShot-Capture-1063-webdo_default-53-750x375.jpg-750\u00d7375-www.webdo_.tn_.png\",\"contentUrl\":\"https:\\\/\\\/www.webdo.tn\\\/fr\\\/wp-content\\\/uploads\\\/2025\\\/06\\\/FireShot-Capture-1063-webdo_default-53-750x375.jpg-750\u00d7375-www.webdo_.tn_.png\",\"width\":746,\"height\":371},{\"@type\":\"BreadcrumbList\",\"@id\":\"https:\\\/\\\/www.webdo.tn\\\/fr\\\/actualite\\\/national\\\/mam-a-rencontre-ali-seriati-et-rafik-hadj-kacem-le-27-decembre-2010\\\/173005\\\/#breadcrumb\",\"itemListElement\":[{\"@type\":\"ListItem\",\"position\":1,\"name\":\"Accueil\",\"item\":\"https:\\\/\\\/www.webdo.tn\\\/fr\\\/\"},{\"@type\":\"ListItem\",\"position\":2,\"name\":\"MAM a rencontr\u00e9 Ali Seriati et Rafik Hadj Kacem le 27 d\u00e9cembre 2010\"}]},{\"@type\":\"WebSite\",\"@id\":\"https:\\\/\\\/www.webdo.tn\\\/fr\\\/#website\",\"url\":\"https:\\\/\\\/www.webdo.tn\\\/fr\\\/\",\"name\":\"webdo\",\"description\":\"Tunisie - News en Tunisie et \u00e0 l&#039;international sur Webdo.tn\",\"publisher\":{\"@id\":\"https:\\\/\\\/www.webdo.tn\\\/fr\\\/#organization\"},\"potentialAction\":[{\"@type\":\"SearchAction\",\"target\":{\"@type\":\"EntryPoint\",\"urlTemplate\":\"https:\\\/\\\/www.webdo.tn\\\/fr\\\/?s={search_term_string}\"},\"query-input\":{\"@type\":\"PropertyValueSpecification\",\"valueRequired\":true,\"valueName\":\"search_term_string\"}}],\"inLanguage\":\"fr-FR\"},{\"@type\":\"Organization\",\"@id\":\"https:\\\/\\\/www.webdo.tn\\\/fr\\\/#organization\",\"name\":\"Webdo\",\"alternateName\":\"Webdo.tn\",\"url\":\"https:\\\/\\\/www.webdo.tn\\\/fr\\\/\",\"logo\":{\"@type\":\"ImageObject\",\"inLanguage\":\"fr-FR\",\"@id\":\"https:\\\/\\\/www.webdo.tn\\\/fr\\\/#\\\/schema\\\/logo\\\/image\\\/\",\"url\":\"https:\\\/\\\/www.webdo.tn\\\/fr\\\/wp-content\\\/uploads\\\/2025\\\/06\\\/Webdo-Tunisie_168377.jpg\",\"contentUrl\":\"https:\\\/\\\/www.webdo.tn\\\/fr\\\/wp-content\\\/uploads\\\/2025\\\/06\\\/Webdo-Tunisie_168377.jpg\",\"width\":301,\"height\":301,\"caption\":\"Webdo\"},\"image\":{\"@id\":\"https:\\\/\\\/www.webdo.tn\\\/fr\\\/#\\\/schema\\\/logo\\\/image\\\/\"},\"sameAs\":[\"https:\\\/\\\/www.facebook.com\\\/webdotn\",\"https:\\\/\\\/x.com\\\/webdo_tn\"],\"description\":\"Webdo est un m\u00e9dia num\u00e9rique tunisien fond\u00e9 en 2010, sp\u00e9cialis\u00e9 dans l\u2019actualit\u00e9 nationale et internationale, l\u2019\u00e9conomie, la soci\u00e9t\u00e9 et les analyses politiques. Le site s\u2019adresse \u00e0 un large public francophone et couvre l\u2019information tunisienne en temps r\u00e9el.\",\"email\":\"redac@webdo.tn\",\"legalName\":\"YNJ SARL\",\"foundingDate\":\"2010-09-06\",\"numberOfEmployees\":{\"@type\":\"QuantitativeValue\",\"minValue\":\"11\",\"maxValue\":\"50\"}},{\"@type\":\"Person\",\"@id\":\"https:\\\/\\\/www.webdo.tn\\\/fr\\\/#\\\/schema\\\/person\\\/9a9c6118d687c117df8ef3cc36a4d175\",\"name\":\"webdo.tn\",\"image\":{\"@type\":\"ImageObject\",\"inLanguage\":\"fr-FR\",\"@id\":\"https:\\\/\\\/secure.gravatar.com\\\/avatar\\\/7ce1f28c0c3bbac99ff550b85ef8e44a6950c6ee24514fb6a5489e51d06f0298?s=96&d=mm&r=g\",\"url\":\"https:\\\/\\\/secure.gravatar.com\\\/avatar\\\/7ce1f28c0c3bbac99ff550b85ef8e44a6950c6ee24514fb6a5489e51d06f0298?s=96&d=mm&r=g\",\"contentUrl\":\"https:\\\/\\\/secure.gravatar.com\\\/avatar\\\/7ce1f28c0c3bbac99ff550b85ef8e44a6950c6ee24514fb6a5489e51d06f0298?s=96&d=mm&r=g\",\"caption\":\"webdo.tn\"},\"url\":\"https:\\\/\\\/www.webdo.tn\\\/fr\\\/actualite\\\/author\\\/webdotn\\\/\"}]}<\/script>\n<!-- \/ Yoast SEO Premium plugin. -->","yoast_head_json":{"title":"MAM a rencontr\u00e9 Ali Seriati et Rafik Hadj Kacem le 27 d\u00e9cembre 2010","description":"MAM a rencontr\u00e9 Ali Seriati et Rafik Hadj Kacem le 27 d\u00e9cembre 2010","canonical":"https:\/\/www.webdo.tn\/fr\/actualite\/national\/mam-a-rencontre-ali-seriati-et-rafik-hadj-kacem-le-27-decembre-2010\/173005\/","og_locale":"fr_FR","og_type":"article","og_title":"MAM a rencontr\u00e9 Ali Seriati et Rafik Hadj Kacem le 27 d\u00e9cembre 2010","og_description":"MAM a rencontr\u00e9 Ali Seriati et Rafik Hadj Kacem le 27 d\u00e9cembre 2010","og_url":"https:\/\/www.webdo.tn\/fr\/actualite\/national\/mam-a-rencontre-ali-seriati-et-rafik-hadj-kacem-le-27-decembre-2010\/173005\/","og_site_name":"webdo","article_publisher":"https:\/\/www.facebook.com\/webdotn","article_published_time":"2011-02-21T10:09:00+00:00","author":"webdo.tn","twitter_card":"summary_large_image","twitter_creator":"@webdo_tn","twitter_site":"@webdo_tn","twitter_misc":{"\u00c9crit par":"webdo.tn","Dur\u00e9e de lecture estim\u00e9e":"1 minute"},"schema":{"@context":"https:\/\/schema.org","@graph":[{"@type":"NewsArticle","@id":"https:\/\/www.webdo.tn\/fr\/actualite\/national\/mam-a-rencontre-ali-seriati-et-rafik-hadj-kacem-le-27-decembre-2010\/173005\/#article","isPartOf":{"@id":"https:\/\/www.webdo.tn\/fr\/actualite\/national\/mam-a-rencontre-ali-seriati-et-rafik-hadj-kacem-le-27-decembre-2010\/173005\/"},"author":{"name":"webdo.tn","@id":"https:\/\/www.webdo.tn\/fr\/#\/schema\/person\/9a9c6118d687c117df8ef3cc36a4d175"},"headline":"MAM a rencontr\u00e9 Ali Seriati et Rafik Hadj Kacem le 27 d\u00e9cembre 2010","datePublished":"2011-02-21T10:09:00+00:00","mainEntityOfPage":{"@id":"https:\/\/www.webdo.tn\/fr\/actualite\/national\/mam-a-rencontre-ali-seriati-et-rafik-hadj-kacem-le-27-decembre-2010\/173005\/"},"wordCount":189,"commentCount":0,"publisher":{"@id":"https:\/\/www.webdo.tn\/fr\/#organization"},"image":{"@id":"https:\/\/www.webdo.tn\/fr\/actualite\/national\/mam-a-rencontre-ali-seriati-et-rafik-hadj-kacem-le-27-decembre-2010\/173005\/#primaryimage"},"thumbnailUrl":"https:\/\/www.webdo.tn\/fr\/wp-content\/uploads\/2025\/06\/FireShot-Capture-1063-webdo_default-53-750x375.jpg-750\u00d7375-www.webdo_.tn_.png","articleSection":["National"],"inLanguage":"fr-FR"},{"@type":"WebPage","@id":"https:\/\/www.webdo.tn\/fr\/actualite\/national\/mam-a-rencontre-ali-seriati-et-rafik-hadj-kacem-le-27-decembre-2010\/173005\/","url":"https:\/\/www.webdo.tn\/fr\/actualite\/national\/mam-a-rencontre-ali-seriati-et-rafik-hadj-kacem-le-27-decembre-2010\/173005\/","name":"MAM a rencontr\u00e9 Ali Seriati et Rafik Hadj Kacem le 27 d\u00e9cembre 2010","isPartOf":{"@id":"https:\/\/www.webdo.tn\/fr\/#website"},"primaryImageOfPage":{"@id":"https:\/\/www.webdo.tn\/fr\/actualite\/national\/mam-a-rencontre-ali-seriati-et-rafik-hadj-kacem-le-27-decembre-2010\/173005\/#primaryimage"},"image":{"@id":"https:\/\/www.webdo.tn\/fr\/actualite\/national\/mam-a-rencontre-ali-seriati-et-rafik-hadj-kacem-le-27-decembre-2010\/173005\/#primaryimage"},"thumbnailUrl":"https:\/\/www.webdo.tn\/fr\/wp-content\/uploads\/2025\/06\/FireShot-Capture-1063-webdo_default-53-750x375.jpg-750\u00d7375-www.webdo_.tn_.png","datePublished":"2011-02-21T10:09:00+00:00","description":"MAM a rencontr\u00e9 Ali Seriati et Rafik Hadj Kacem le 27 d\u00e9cembre 2010","breadcrumb":{"@id":"https:\/\/www.webdo.tn\/fr\/actualite\/national\/mam-a-rencontre-ali-seriati-et-rafik-hadj-kacem-le-27-decembre-2010\/173005\/#breadcrumb"},"inLanguage":"fr-FR","potentialAction":[{"@type":"ReadAction","target":["https:\/\/www.webdo.tn\/fr\/actualite\/national\/mam-a-rencontre-ali-seriati-et-rafik-hadj-kacem-le-27-decembre-2010\/173005\/"]}]},{"@type":"ImageObject","inLanguage":"fr-FR","@id":"https:\/\/www.webdo.tn\/fr\/actualite\/national\/mam-a-rencontre-ali-seriati-et-rafik-hadj-kacem-le-27-decembre-2010\/173005\/#primaryimage","url":"https:\/\/www.webdo.tn\/fr\/wp-content\/uploads\/2025\/06\/FireShot-Capture-1063-webdo_default-53-750x375.jpg-750\u00d7375-www.webdo_.tn_.png","contentUrl":"https:\/\/www.webdo.tn\/fr\/wp-content\/uploads\/2025\/06\/FireShot-Capture-1063-webdo_default-53-750x375.jpg-750\u00d7375-www.webdo_.tn_.png","width":746,"height":371},{"@type":"BreadcrumbList","@id":"https:\/\/www.webdo.tn\/fr\/actualite\/national\/mam-a-rencontre-ali-seriati-et-rafik-hadj-kacem-le-27-decembre-2010\/173005\/#breadcrumb","itemListElement":[{"@type":"ListItem","position":1,"name":"Accueil","item":"https:\/\/www.webdo.tn\/fr\/"},{"@type":"ListItem","position":2,"name":"MAM a rencontr\u00e9 Ali Seriati et Rafik Hadj Kacem le 27 d\u00e9cembre 2010"}]},{"@type":"WebSite","@id":"https:\/\/www.webdo.tn\/fr\/#website","url":"https:\/\/www.webdo.tn\/fr\/","name":"webdo","description":"Tunisie - News en Tunisie et \u00e0 l&#039;international sur Webdo.tn","publisher":{"@id":"https:\/\/www.webdo.tn\/fr\/#organization"},"potentialAction":[{"@type":"SearchAction","target":{"@type":"EntryPoint","urlTemplate":"https:\/\/www.webdo.tn\/fr\/?s={search_term_string}"},"query-input":{"@type":"PropertyValueSpecification","valueRequired":true,"valueName":"search_term_string"}}],"inLanguage":"fr-FR"},{"@type":"Organization","@id":"https:\/\/www.webdo.tn\/fr\/#organization","name":"Webdo","alternateName":"Webdo.tn","url":"https:\/\/www.webdo.tn\/fr\/","logo":{"@type":"ImageObject","inLanguage":"fr-FR","@id":"https:\/\/www.webdo.tn\/fr\/#\/schema\/logo\/image\/","url":"https:\/\/www.webdo.tn\/fr\/wp-content\/uploads\/2025\/06\/Webdo-Tunisie_168377.jpg","contentUrl":"https:\/\/www.webdo.tn\/fr\/wp-content\/uploads\/2025\/06\/Webdo-Tunisie_168377.jpg","width":301,"height":301,"caption":"Webdo"},"image":{"@id":"https:\/\/www.webdo.tn\/fr\/#\/schema\/logo\/image\/"},"sameAs":["https:\/\/www.facebook.com\/webdotn","https:\/\/x.com\/webdo_tn"],"description":"Webdo est un m\u00e9dia num\u00e9rique tunisien fond\u00e9 en 2010, sp\u00e9cialis\u00e9 dans l\u2019actualit\u00e9 nationale et internationale, l\u2019\u00e9conomie, la soci\u00e9t\u00e9 et les analyses politiques. Le site s\u2019adresse \u00e0 un large public francophone et couvre l\u2019information tunisienne en temps r\u00e9el.","email":"redac@webdo.tn","legalName":"YNJ SARL","foundingDate":"2010-09-06","numberOfEmployees":{"@type":"QuantitativeValue","minValue":"11","maxValue":"50"}},{"@type":"Person","@id":"https:\/\/www.webdo.tn\/fr\/#\/schema\/person\/9a9c6118d687c117df8ef3cc36a4d175","name":"webdo.tn","image":{"@type":"ImageObject","inLanguage":"fr-FR","@id":"https:\/\/secure.gravatar.com\/avatar\/7ce1f28c0c3bbac99ff550b85ef8e44a6950c6ee24514fb6a5489e51d06f0298?s=96&d=mm&r=g","url":"https:\/\/secure.gravatar.com\/avatar\/7ce1f28c0c3bbac99ff550b85ef8e44a6950c6ee24514fb6a5489e51d06f0298?s=96&d=mm&r=g","contentUrl":"https:\/\/secure.gravatar.com\/avatar\/7ce1f28c0c3bbac99ff550b85ef8e44a6950c6ee24514fb6a5489e51d06f0298?s=96&d=mm&r=g","caption":"webdo.tn"},"url":"https:\/\/www.webdo.tn\/fr\/actualite\/author\/webdotn\/"}]}},"_links":{"self":[{"href":"https:\/\/www.webdo.tn\/fr\/wp-json\/wp\/v2\/posts\/173005","targetHints":{"allow":["GET"]}}],"collection":[{"href":"https:\/\/www.webdo.tn\/fr\/wp-json\/wp\/v2\/posts"}],"about":[{"href":"https:\/\/www.webdo.tn\/fr\/wp-json\/wp\/v2\/types\/post"}],"author":[{"embeddable":true,"href":"https:\/\/www.webdo.tn\/fr\/wp-json\/wp\/v2\/users\/3222"}],"replies":[{"embeddable":true,"href":"https:\/\/www.webdo.tn\/fr\/wp-json\/wp\/v2\/comments?post=173005"}],"version-history":[{"count":0,"href":"https:\/\/www.webdo.tn\/fr\/wp-json\/wp\/v2\/posts\/173005\/revisions"}],"wp:featuredmedia":[{"embeddable":true,"href":"https:\/\/www.webdo.tn\/fr\/wp-json\/wp\/v2\/media\/376290"}],"wp:attachment":[{"href":"https:\/\/www.webdo.tn\/fr\/wp-json\/wp\/v2\/media?parent=173005"}],"wp:term":[{"taxonomy":"category","embeddable":true,"href":"https:\/\/www.webdo.tn\/fr\/wp-json\/wp\/v2\/categories?post=173005"},{"taxonomy":"post_tag","embeddable":true,"href":"https:\/\/www.webdo.tn\/fr\/wp-json\/wp\/v2\/tags?post=173005"}],"curies":[{"name":"wp","href":"https:\/\/api.w.org\/{rel}","templated":true}]}}