{"id":173003,"date":"2011-02-22T10:05:00","date_gmt":"2011-02-22T10:05:00","guid":{"rendered":"https:\/\/www.webdo.tn\/fr\/actualite\/blog\/marwene-linformaticien-quon-a-suicide\/173712\/"},"modified":"2025-06-04T20:59:26","modified_gmt":"2025-06-04T20:59:26","slug":"marwene-linformaticien-quon-a-suicide","status":"publish","type":"post","link":"https:\/\/www.webdo.tn\/fr\/actualite\/national\/marwene-linformaticien-quon-a-suicide\/173003\/","title":{"rendered":"Marwene, l\u2019informaticien qu\u2019on a \u00ab\u00a0suicid\u00e9\u00a0\u00bb en 89 !"},"content":{"rendered":"<p>Crimes, exactions et \u00e9liminations physiques. C\u2019\u00e9tait des mots-cl\u00e9s dans le lexique de l\u2019ancien r\u00e9gime. Rien n\u2019arr\u00eatait les sbires exer\u00e7ant \u00e0 la solde du pr\u00e9sident d\u00e9chu, au point d\u2019enlever, torturer, puis assassiner froidement les gens encombrants.<\/p>\n<p>Ce fut le cas, en 1989, du jeune Marwene Ben Zineb. Brillant \u00e9tudiant en Informatique \u00e0 24 ans \u00e0 l\u2019INRIA, ce g\u00e9nie allait acc\u00e9der par inadvertance au syst\u00e8me informatique de la pr\u00e9sidence et d\u00e9couvrir fortuitement la liste des agents du Mossad exer\u00e7ant dans le pays.<\/p>\n<p>Il ne savait pas, qu\u2019en ce faisant, il signait tout simplement son arr\u00eat de mort. Mais d\u2019autres le savaient. Ils ont fait en sorte de le liquider \u00ab proprement \u00bb, ce qui veut dire dans le jargon des tueurs, un crime maquill\u00e9\u2026<\/p>\n<p>Tout le monde sait ce qu\u2019il y a derri\u00e8re un d\u00e9c\u00e8s \u00e9nigmatique. Il y a, bien entendu, des v\u00e9rit\u00e9s cach\u00e9es, camoufl\u00e9es ou maquill\u00e9es pendant de longues ann\u00e9es. Jusqu\u2019au moment o\u00f9 on parvient, enfin, \u00e0 se lib\u00e9rer d\u2019une peur qui n\u2019a fait que paralyser et t\u00e9taniser tout un peuple.<\/p>\n<p>Aussi, ce qui ne constituait, au d\u00e9part, que de simples pr\u00e9somptions et de banales id\u00e9es douteuses frappant l\u2019esprit, n\u2019a-t-il pas tard\u00e9 \u00e0 se r\u00e9v\u00e9ler d\u2019autant plus v\u00e9ridique et palpable que plusieurs indices troublants sont venus s\u2019immiscer dans les contours de la pr\u00e9sente affaire.<\/p>\n<p>Une affaire de plus, \u00e0 cocher sur la longue liste des crimes et autres exactions \u00e0 porter dans l\u2019escarcelle de l\u2019ancien r\u00e9gime. S\u2019agissant, malheureusement, d\u2019un crime qui a co\u00fbt\u00e9 la vie \u00e0 un jeune et brillant \u00e9tudiant \u00e0 l\u2019Institut national de recherche en informatique et en automatique (INRIA), s\u2019appr\u00eatant \u00e0 l\u2019\u00e9poque \u00e0 quitter le territoire national, pour s\u2019installer sous d\u2019autres cieux, du c\u00f4t\u00e9 du pays de l\u2019Oncle Sam pr\u00e9cis\u00e9ment, apr\u00e8s avoir b\u00e9n\u00e9fici\u00e9 d\u2019une bourse d\u2019une grande Universit\u00e9.<\/p>\n<p>Mais voyons, toutefois, l\u2019encha\u00eenement chronologique d\u2019une histoire pas du tout ordinaire d\u2019un crime maquill\u00e9, dont on n\u2019a pu r\u00e9v\u00e9ler les dessous, les proches de la victime \u00e9tant contraints \u00e0 la lugubre et l\u00e9gendaire muerta de notre proche voisine Sicile italienne. De longues et oppressantes ann\u00e9es de silence qui ont pes\u00e9 lourdement sur le moral de toute une famille, dont le p\u00e8re a fini par succomber \u00e0 la suite d\u2019une maladie qui l\u2019a clou\u00e9 au lit pendant plusieurs mois.<\/p>\n<p>Nous sommes en 1989, au mois de juillet pour \u00eatre exact, le jeune Marwene avait contract\u00e9 une blessure en jouant au tennis, quelques semaines plus t\u00f4t. \u00a0\u00bb Le jour de sa disparition, se rappelle son fr\u00e8re Adnene Ben Zineb, il est all\u00e9 rencontrer son kin\u00e9 pour l\u2019habituel massage, \u00e9tant en p\u00e9riode de r\u00e9\u00e9ducation \u00ab\u00a0. Il \u00e9tait \u00e0 bord de la vieille R12 de son paternel, mais ce soir-l\u00e0, il ne rentrera pas, plongeant les siens dans un tourbillon d\u2019interrogations et d\u2019hypoth\u00e8ses.<\/p>\n<p>En proie au d\u00e9sarroi, d\u2019autant que le jeune Marwene, 26 ans, n\u2019\u00e9tait pas du genre \u00e0 s\u2019absenter sans aviser au pr\u00e9alable, toute la famille s\u2019est mobilis\u00e9e d\u00e8s lors pour entreprendre des recherches. Aupr\u00e8s des proches, des amis, des voisins et des connaissances, tout d\u2019abord, avant d\u2019\u00e9largir le cercle et s\u2019adresser aux postes de police, puis en visitant les h\u00f4pitaux. On craignait d\u00e9sormais le pire au fil des jours. Des journ\u00e9es qui filaient, d\u2019ailleurs, lourdes et oppressantes.<\/p>\n<p>\u00a0\u00bb J\u2019ai d\u00fb abandonner mon boulot, continuera le fr\u00e8re Adnene, pour me consacrer corps et \u00e2me pendant une dizaine de jours aux recherches. Corps et \u00e2me, oui, mais c\u2019est cette \u00e2me qui en a tant souffert. Heureusement, cependant, que j\u2019avais quelques relations qui m\u2019ont permis de franchir certaines emb\u00fbches et forcer m\u00eame des portes des plus herm\u00e9tiques , parvenant en fin de compte \u00e0 percer le secret, sinon la magouille.<\/p>\n<p>Je me suis, en effet, retrouv\u00e9 au terme de dix jours de p\u00e9nibles recherches, dans la morgue de l\u2019h\u00f4pital Charles Nicolle o\u00f9 une odeur fade de mort impr\u00e9gnait les lieux. Malgr\u00e9 le malaise qui n\u2019a pas manqu\u00e9 de m\u2019\u00e9treindre, je n\u2019ai pu m\u2019emp\u00eacher de regarder dans les casiers, l\u2019un apr\u00e8s l\u2019autre. Finalement, je suis tomb\u00e9 sur le bon, celui qui a accueilli la d\u00e9pouille de mon fr\u00e8re. Mon malaise s\u2019est accentu\u00e9 \u00e0 la vue du cadavre qui \u00e9tait dans un piteux \u00e9tat, d\u2019un corps d\u00e9membr\u00e9.<\/p>\n<p>Or, je n\u2019\u00e9tais pourtant pas au bout de mes surprises, celles-ci ne faisant, au contraire, que commencer. J\u2019allais effectivement d\u00e9couvrir, sid\u00e9r\u00e9, que mon fr\u00e8re portait un autre nom, celui de Mourad El Garci. Un nom qui m\u2019\u00e9tait compl\u00e8tement inconnu. Il est vrai que je n\u2019avais pas remarqu\u00e9 le trouble du pr\u00e9pos\u00e9 \u00e0 la morgue sur le moment, mais force est d\u2019avouer que cela m\u2019\u00e9tait revenu plus tard, surtout lorsque j\u2019y \u00e9tais all\u00e9 une seconde fois, quelques jours plus tard, pour d\u00e9couvrir que l\u2019homme de la morgue, ainsi que le registre des entr\u00e9es et sorties se sont litt\u00e9ralement volatilis\u00e9s \u00a0\u00bb !<\/p>\n<p>Ce fut au tour de la s\u0153ur, Fadwa, de prendre par la suite le relais et continuer \u00e0 nous gaver de surprises, faites essentiellement de contre v\u00e9rit\u00e9s, mais surtout de faits et r\u00e9cits \u00e9nigmatiques. On s\u2019est trouv\u00e9, de ce fait, impuissamment coll\u00e9 \u00e0 ses l\u00e8vres, absorbant ses paroles sans pouvoir l\u2019interrompre que rarement. Etonnant, comme r\u00e9cit, par ailleurs.<\/p>\n<p>\u00a0\u00bb Premi\u00e8re anomalie \u00e0 constater, le cr\u00e2ne du d\u00e9funt \u00e9tait d\u00e9fonc\u00e9, preuve irr\u00e9futable qu\u2019il a subi des tortures pour lui soutirer sans doute une quelconque r\u00e9v\u00e9lation, celle dont ses tortionnaires avaient besoin. C\u2019est s\u00fbrement au moment o\u00f9 on est venu \u00e0 constater le d\u00e9c\u00e8s du supplici\u00e9, qu\u2019on a pens\u00e9 \u00e0 maquiller le meurtre, car c\u2019en \u00e9tait vraiment un. Or, quelques indices leur ont \u00e9chapp\u00e9s, du moment qu\u2019ils ne pouvaient \u00eatre au courant de certaines pratiques, habitudes et autres tics du disparu \u00ab\u00a0.<\/p>\n<p>Mais que cherchait-on au juste de si pr\u00e9cieux chez ce brave et dou\u00e9 \u00e9tudiant en informatique ? Tout bonnement un secret de prime importance pour eux, ou plut\u00f4t leur commanditaire. Car le jeune \u00e9tudiant aurait acc\u00e9d\u00e9 par inadvertance dans le syst\u00e8me informatique de la pr\u00e9sidence, pour y d\u00e9couvrir la liste des agents du Mossad exer\u00e7ant dans le pays. Et quel secret, sachant que deux ans plus tard trois des principaux responsables de l\u2019OLP, \u00e0 savoir Abou Jihad, Abou Yad et Abou El Houl vont \u00eatre assassin\u00e9s \u00e0 Sidi Bou Sa\u00efd, non loin du palais de Carthage.<\/p>\n<p>Fermons cependant cette petite parenth\u00e8se pour permettre \u00e0 la s\u0153ur de poursuivre son r\u00e9cit. \u00a0\u00bb Commen\u00e7ons, d\u2019abord, par les lunettes, dont Marwene ne s\u2019en s\u00e9parait g\u00e9n\u00e9ralement jamais ; il les gardait m\u00eame en allant au lit. Eh bien, ces lunettes \u00e9taient soigneusement rang\u00e9es sur le tableau de bord de la voiture, au m\u00eame titre que ses pi\u00e8ces d\u2019identit\u00e9. Et d\u2019un !<\/p>\n<p>Ensuite, cette m\u00eame voiture \u00e9tait gar\u00e9e, quant \u00e0 elle, dans une ruelle, proche certes de la voie ferr\u00e9e o\u00f9 Marwene aurait d\u00e9cid\u00e9 de se donner la mort, \u00e0 Hammam-Lif, mais elle n\u2019\u00e9tait pas loin, non plus, du poste de police du coin, distant d\u2019\u00e0 peine d\u2019une centaine de m\u00e8tres. Autre constat troublant, une jeune femme des environs nous a certifi\u00e9 qu\u2019elle fut t\u00e9moin oculaire, le soir des faits, d\u2019une sc\u00e8ne pour le moins hilarante, affirmant que deux types tenaient le \u00a0\u00bb suicid\u00e9 \u00a0\u00bb \u00e0 l\u2019instant o\u00f9 le train arrivait en trombe, avant de le pousser sadiquement sur les rails. Et de deux !<\/p>\n<p>Inutile de vous dire que la jeune femme, dont l\u2019\u00e9poux allait soutenir plus tard qu\u2019elle \u00e9tait souffrante, donc sujette \u00e0 des hallucinations, allait dispara\u00eetre \u00e0 son tour quelque temps apr\u00e8s. Et ce n\u2019est pas tout, dans la mesure o\u00f9 des agents n\u2019ont pas h\u00e9sit\u00e9 \u00e0 menacer les membres de la famille, sans compter \u00e9galement qu\u2019un nombre impressionnant d\u2019agents ont \u00e9t\u00e9 pr\u00e9sents aux fun\u00e9railles de Marwene. Mieux, on a affect\u00e9 d\u2019autres agents pour garder sa tombe, pour un bon bout de temps \u00ab\u00a0.<br \/>\nRemarquons, pour terminer, que l\u2019enqu\u00eate r\u00e9clam\u00e9e par la famille de la victime aboutira, au mois d\u2019octobre de cette m\u00eame ann\u00e9e 1989, se pronon\u00e7ant pour un suicide, purement et simplement\u2026<\/p>\n<p>\u00a0\u00bb Tunis-Hebdo \u00ab\u00a0, le premier \u00e0 en parler<br \/>\nJuillet 1989, notre chroniqueur judiciaire, se fiant aux dossiers de la police, relatait d\u00e9j\u00e0  l\u2019affaire Marwene, qui n\u2019\u00e9tait encore qu\u2019une simple affaire de suicide. Ce fut cependant le d\u00e9clic pour la famille de la victime.<br \/>\nAussi, sa s\u0153ur Fadwa s\u2019est-elle empress\u00e9e de contacter notre journal pour \u00e9taler ses soup\u00e7ons, tenant par ailleurs \u00e0 connaitre les personnes accompagnant son fr\u00e8re sur un clich\u00e9 paru dans nos colonnes. Clich\u00e9 que nous avons puis\u00e9 dans nos archives, puisque pris lors d\u2019un s\u00e9minaire auquel avait assist\u00e9 la victime\u2026<\/p>\n<p>La taupe !<br \/>\nLa s\u0153ur de la victime, Fadwa, nous a rapport\u00e9 qu\u2019elle avait rencontr\u00e9, juste avant le drame, des coll\u00e8gues de son fr\u00e8re, dont notamment Noureddine Ellouze et Montasser Ouali. C\u2019\u00e9tait au cours d\u2019un s\u00e9minaire organis\u00e9 dans un \u00e9tablissement h\u00f4telier de la capitale.<br \/>\nAussi, n\u2019a-t-elle pu s\u2019emp\u00eacher de les mettre au courant du prochain voyage de Marwene aux Etats-Unis pour poursuivre ses \u00e9tudes. Curieuse co\u00efncidence, c\u2019est \u00e0 partir de ce moment que les probl\u00e8mes du malheureux Marwene ont commenc\u00e9. A noter, par ailleurs, qu\u2019\u00e0 la suite de la disparition de Marwene, c\u2019est Montasser Ouali qui \u00e9tait parti prendre part \u00e0 un stage dans le pays de l\u2019Oncle Sam\u2026<\/p>\n<p>Menac\u00e9, il se tait \u00e0 jamais !<br \/>\nJuge au Tribunal administratif, Feu Mohamed Habib Ben Zineb, le paternel de Marwene, venait tout juste de partir en retraite, au moment des faits, ou plut\u00f4t du drame qui a secou\u00e9 sa famille. Il a beau tenter de faire la lumi\u00e8re sur la mort de son fils, mais il a \u00e9t\u00e9 menac\u00e9 des pires exactions.<br \/>\nCe sentiment d\u2019impuissance lui aurait \u00e9t\u00e9 fatal, dans ce sens que le malheureux en fut paralys\u00e9, pour d\u00e9c\u00e9der un an et demi plus tard\u2026<br \/>\nMansour AMARA<\/p>\n","protected":false},"excerpt":{"rendered":"<p>Marwene, l\u2019informaticien qu\u2019on a  suicid\u00e9  en 89 ! <\/p>\n","protected":false},"author":3222,"featured_media":365571,"comment_status":"open","ping_status":"closed","sticky":false,"template":"","format":"standard","meta":{"footnotes":""},"categories":[44],"tags":[],"class_list":["post-173003","post","type-post","status-publish","format-standard","has-post-thumbnail","hentry","category-national"],"yoast_head":"<!-- This site is optimized with the Yoast SEO Premium plugin v27.4 (Yoast SEO v27.4) - https:\/\/yoast.com\/product\/yoast-seo-premium-wordpress\/ -->\n<title>Marwene, l\u2019informaticien qu\u2019on a suicid\u00e9 en 89 !<\/title>\n<meta name=\"description\" content=\"Marwene, l\u2019informaticien qu\u2019on a suicid\u00e9 en 89 !\" \/>\n<link rel=\"canonical\" href=\"https:\/\/www.webdo.tn\/fr\/actualite\/tunis-hebdo\/marwene-linformaticien-quon-a-suicide\/173003\/\" \/>\n<meta property=\"og:locale\" content=\"fr_FR\" \/>\n<meta property=\"og:type\" content=\"article\" \/>\n<meta property=\"og:title\" content=\"Marwene, l\u2019informaticien qu\u2019on a &quot;suicid\u00e9&quot; en 89 !\" \/>\n<meta property=\"og:description\" content=\"Marwene, l\u2019informaticien qu\u2019on a suicid\u00e9 en 89 !\" \/>\n<meta property=\"og:url\" content=\"https:\/\/www.webdo.tn\/fr\/actualite\/tunis-hebdo\/marwene-linformaticien-quon-a-suicide\/173003\/\" \/>\n<meta property=\"og:site_name\" content=\"webdo\" \/>\n<meta property=\"article:publisher\" content=\"https:\/\/www.facebook.com\/webdotn\" \/>\n<meta property=\"article:published_time\" content=\"2011-02-22T10:05:00+00:00\" \/>\n<meta property=\"article:modified_time\" content=\"2025-06-04T20:59:26+00:00\" \/>\n<meta property=\"og:image\" content=\"https:\/\/www.webdo.tn\/fr\/wp-content\/uploads\/2011\/02\/Marwene-Ben-Zineb.jpg\" \/>\n\t<meta property=\"og:image:width\" content=\"201\" \/>\n\t<meta property=\"og:image:height\" content=\"279\" \/>\n\t<meta property=\"og:image:type\" content=\"image\/jpeg\" \/>\n<meta name=\"author\" content=\"webdo.tn\" \/>\n<meta name=\"twitter:card\" content=\"summary_large_image\" \/>\n<meta name=\"twitter:creator\" content=\"@webdo_tn\" \/>\n<meta name=\"twitter:site\" content=\"@webdo_tn\" \/>\n<meta name=\"twitter:label1\" content=\"\u00c9crit par\" \/>\n\t<meta name=\"twitter:data1\" content=\"webdo.tn\" \/>\n\t<meta name=\"twitter:label2\" content=\"Dur\u00e9e de lecture estim\u00e9e\" \/>\n\t<meta name=\"twitter:data2\" content=\"9 minutes\" \/>\n<script type=\"application\/ld+json\" class=\"yoast-schema-graph\">{\"@context\":\"https:\\\/\\\/schema.org\",\"@graph\":[{\"@type\":\"NewsArticle\",\"@id\":\"https:\\\/\\\/www.webdo.tn\\\/fr\\\/actualite\\\/tunis-hebdo\\\/marwene-linformaticien-quon-a-suicide\\\/173003\\\/#article\",\"isPartOf\":{\"@id\":\"https:\\\/\\\/www.webdo.tn\\\/fr\\\/actualite\\\/tunis-hebdo\\\/marwene-linformaticien-quon-a-suicide\\\/173003\\\/\"},\"author\":{\"name\":\"webdo.tn\",\"@id\":\"https:\\\/\\\/www.webdo.tn\\\/fr\\\/#\\\/schema\\\/person\\\/9a9c6118d687c117df8ef3cc36a4d175\"},\"headline\":\"Marwene, l\u2019informaticien qu\u2019on a \u00ab\u00a0suicid\u00e9\u00a0\u00bb en 89 !\",\"datePublished\":\"2011-02-22T10:05:00+00:00\",\"dateModified\":\"2025-06-04T20:59:26+00:00\",\"mainEntityOfPage\":{\"@id\":\"https:\\\/\\\/www.webdo.tn\\\/fr\\\/actualite\\\/tunis-hebdo\\\/marwene-linformaticien-quon-a-suicide\\\/173003\\\/\"},\"wordCount\":1782,\"commentCount\":0,\"publisher\":{\"@id\":\"https:\\\/\\\/www.webdo.tn\\\/fr\\\/#organization\"},\"image\":{\"@id\":\"https:\\\/\\\/www.webdo.tn\\\/fr\\\/actualite\\\/tunis-hebdo\\\/marwene-linformaticien-quon-a-suicide\\\/173003\\\/#primaryimage\"},\"thumbnailUrl\":\"https:\\\/\\\/www.webdo.tn\\\/fr\\\/wp-content\\\/uploads\\\/2011\\\/02\\\/Marwene-Ben-Zineb.jpg\",\"articleSection\":[\"National\"],\"inLanguage\":\"fr-FR\"},{\"@type\":\"WebPage\",\"@id\":\"https:\\\/\\\/www.webdo.tn\\\/fr\\\/actualite\\\/tunis-hebdo\\\/marwene-linformaticien-quon-a-suicide\\\/173003\\\/\",\"url\":\"https:\\\/\\\/www.webdo.tn\\\/fr\\\/actualite\\\/tunis-hebdo\\\/marwene-linformaticien-quon-a-suicide\\\/173003\\\/\",\"name\":\"Marwene, l\u2019informaticien qu\u2019on a suicid\u00e9 en 89 !\",\"isPartOf\":{\"@id\":\"https:\\\/\\\/www.webdo.tn\\\/fr\\\/#website\"},\"primaryImageOfPage\":{\"@id\":\"https:\\\/\\\/www.webdo.tn\\\/fr\\\/actualite\\\/tunis-hebdo\\\/marwene-linformaticien-quon-a-suicide\\\/173003\\\/#primaryimage\"},\"image\":{\"@id\":\"https:\\\/\\\/www.webdo.tn\\\/fr\\\/actualite\\\/tunis-hebdo\\\/marwene-linformaticien-quon-a-suicide\\\/173003\\\/#primaryimage\"},\"thumbnailUrl\":\"https:\\\/\\\/www.webdo.tn\\\/fr\\\/wp-content\\\/uploads\\\/2011\\\/02\\\/Marwene-Ben-Zineb.jpg\",\"datePublished\":\"2011-02-22T10:05:00+00:00\",\"dateModified\":\"2025-06-04T20:59:26+00:00\",\"description\":\"Marwene, l\u2019informaticien qu\u2019on a suicid\u00e9 en 89 !\",\"breadcrumb\":{\"@id\":\"https:\\\/\\\/www.webdo.tn\\\/fr\\\/actualite\\\/tunis-hebdo\\\/marwene-linformaticien-quon-a-suicide\\\/173003\\\/#breadcrumb\"},\"inLanguage\":\"fr-FR\",\"potentialAction\":[{\"@type\":\"ReadAction\",\"target\":[\"https:\\\/\\\/www.webdo.tn\\\/fr\\\/actualite\\\/tunis-hebdo\\\/marwene-linformaticien-quon-a-suicide\\\/173003\\\/\"]}]},{\"@type\":\"ImageObject\",\"inLanguage\":\"fr-FR\",\"@id\":\"https:\\\/\\\/www.webdo.tn\\\/fr\\\/actualite\\\/tunis-hebdo\\\/marwene-linformaticien-quon-a-suicide\\\/173003\\\/#primaryimage\",\"url\":\"https:\\\/\\\/www.webdo.tn\\\/fr\\\/wp-content\\\/uploads\\\/2011\\\/02\\\/Marwene-Ben-Zineb.jpg\",\"contentUrl\":\"https:\\\/\\\/www.webdo.tn\\\/fr\\\/wp-content\\\/uploads\\\/2011\\\/02\\\/Marwene-Ben-Zineb.jpg\",\"width\":201,\"height\":279,\"caption\":\"Marwene, l\u2019informaticien qu\u2019on a \\\"suicid\u00e9\\\" en 89 !\"},{\"@type\":\"BreadcrumbList\",\"@id\":\"https:\\\/\\\/www.webdo.tn\\\/fr\\\/actualite\\\/tunis-hebdo\\\/marwene-linformaticien-quon-a-suicide\\\/173003\\\/#breadcrumb\",\"itemListElement\":[{\"@type\":\"ListItem\",\"position\":1,\"name\":\"Accueil\",\"item\":\"https:\\\/\\\/www.webdo.tn\\\/fr\\\/\"},{\"@type\":\"ListItem\",\"position\":2,\"name\":\"Marwene, l\u2019informaticien qu\u2019on a \u00ab\u00a0suicid\u00e9\u00a0\u00bb en 89 !\"}]},{\"@type\":\"WebSite\",\"@id\":\"https:\\\/\\\/www.webdo.tn\\\/fr\\\/#website\",\"url\":\"https:\\\/\\\/www.webdo.tn\\\/fr\\\/\",\"name\":\"webdo\",\"description\":\"Tunisie - News en Tunisie et \u00e0 l&#039;international sur Webdo.tn\",\"publisher\":{\"@id\":\"https:\\\/\\\/www.webdo.tn\\\/fr\\\/#organization\"},\"potentialAction\":[{\"@type\":\"SearchAction\",\"target\":{\"@type\":\"EntryPoint\",\"urlTemplate\":\"https:\\\/\\\/www.webdo.tn\\\/fr\\\/?s={search_term_string}\"},\"query-input\":{\"@type\":\"PropertyValueSpecification\",\"valueRequired\":true,\"valueName\":\"search_term_string\"}}],\"inLanguage\":\"fr-FR\"},{\"@type\":\"Organization\",\"@id\":\"https:\\\/\\\/www.webdo.tn\\\/fr\\\/#organization\",\"name\":\"Webdo\",\"alternateName\":\"Webdo.tn\",\"url\":\"https:\\\/\\\/www.webdo.tn\\\/fr\\\/\",\"logo\":{\"@type\":\"ImageObject\",\"inLanguage\":\"fr-FR\",\"@id\":\"https:\\\/\\\/www.webdo.tn\\\/fr\\\/#\\\/schema\\\/logo\\\/image\\\/\",\"url\":\"https:\\\/\\\/www.webdo.tn\\\/fr\\\/wp-content\\\/uploads\\\/2025\\\/06\\\/Webdo-Tunisie_168377.jpg\",\"contentUrl\":\"https:\\\/\\\/www.webdo.tn\\\/fr\\\/wp-content\\\/uploads\\\/2025\\\/06\\\/Webdo-Tunisie_168377.jpg\",\"width\":301,\"height\":301,\"caption\":\"Webdo\"},\"image\":{\"@id\":\"https:\\\/\\\/www.webdo.tn\\\/fr\\\/#\\\/schema\\\/logo\\\/image\\\/\"},\"sameAs\":[\"https:\\\/\\\/www.facebook.com\\\/webdotn\",\"https:\\\/\\\/x.com\\\/webdo_tn\"],\"description\":\"Webdo est un m\u00e9dia num\u00e9rique tunisien fond\u00e9 en 2010, sp\u00e9cialis\u00e9 dans l\u2019actualit\u00e9 nationale et internationale, l\u2019\u00e9conomie, la soci\u00e9t\u00e9 et les analyses politiques. Le site s\u2019adresse \u00e0 un large public francophone et couvre l\u2019information tunisienne en temps r\u00e9el.\",\"email\":\"redac@webdo.tn\",\"legalName\":\"YNJ SARL\",\"foundingDate\":\"2010-09-06\",\"numberOfEmployees\":{\"@type\":\"QuantitativeValue\",\"minValue\":\"11\",\"maxValue\":\"50\"}},{\"@type\":\"Person\",\"@id\":\"https:\\\/\\\/www.webdo.tn\\\/fr\\\/#\\\/schema\\\/person\\\/9a9c6118d687c117df8ef3cc36a4d175\",\"name\":\"webdo.tn\",\"image\":{\"@type\":\"ImageObject\",\"inLanguage\":\"fr-FR\",\"@id\":\"https:\\\/\\\/secure.gravatar.com\\\/avatar\\\/7ce1f28c0c3bbac99ff550b85ef8e44a6950c6ee24514fb6a5489e51d06f0298?s=96&d=mm&r=g\",\"url\":\"https:\\\/\\\/secure.gravatar.com\\\/avatar\\\/7ce1f28c0c3bbac99ff550b85ef8e44a6950c6ee24514fb6a5489e51d06f0298?s=96&d=mm&r=g\",\"contentUrl\":\"https:\\\/\\\/secure.gravatar.com\\\/avatar\\\/7ce1f28c0c3bbac99ff550b85ef8e44a6950c6ee24514fb6a5489e51d06f0298?s=96&d=mm&r=g\",\"caption\":\"webdo.tn\"},\"url\":\"https:\\\/\\\/www.webdo.tn\\\/fr\\\/actualite\\\/author\\\/webdotn\\\/\"}]}<\/script>\n<!-- \/ Yoast SEO Premium plugin. -->","yoast_head_json":{"title":"Marwene, l\u2019informaticien qu\u2019on a suicid\u00e9 en 89 !","description":"Marwene, l\u2019informaticien qu\u2019on a suicid\u00e9 en 89 !","canonical":"https:\/\/www.webdo.tn\/fr\/actualite\/tunis-hebdo\/marwene-linformaticien-quon-a-suicide\/173003\/","og_locale":"fr_FR","og_type":"article","og_title":"Marwene, l\u2019informaticien qu\u2019on a \"suicid\u00e9\" en 89 !","og_description":"Marwene, l\u2019informaticien qu\u2019on a suicid\u00e9 en 89 !","og_url":"https:\/\/www.webdo.tn\/fr\/actualite\/tunis-hebdo\/marwene-linformaticien-quon-a-suicide\/173003\/","og_site_name":"webdo","article_publisher":"https:\/\/www.facebook.com\/webdotn","article_published_time":"2011-02-22T10:05:00+00:00","article_modified_time":"2025-06-04T20:59:26+00:00","og_image":[{"width":201,"height":279,"url":"https:\/\/www.webdo.tn\/fr\/wp-content\/uploads\/2011\/02\/Marwene-Ben-Zineb.jpg","type":"image\/jpeg"}],"author":"webdo.tn","twitter_card":"summary_large_image","twitter_creator":"@webdo_tn","twitter_site":"@webdo_tn","twitter_misc":{"\u00c9crit par":"webdo.tn","Dur\u00e9e de lecture estim\u00e9e":"9 minutes"},"schema":{"@context":"https:\/\/schema.org","@graph":[{"@type":"NewsArticle","@id":"https:\/\/www.webdo.tn\/fr\/actualite\/tunis-hebdo\/marwene-linformaticien-quon-a-suicide\/173003\/#article","isPartOf":{"@id":"https:\/\/www.webdo.tn\/fr\/actualite\/tunis-hebdo\/marwene-linformaticien-quon-a-suicide\/173003\/"},"author":{"name":"webdo.tn","@id":"https:\/\/www.webdo.tn\/fr\/#\/schema\/person\/9a9c6118d687c117df8ef3cc36a4d175"},"headline":"Marwene, l\u2019informaticien qu\u2019on a \u00ab\u00a0suicid\u00e9\u00a0\u00bb en 89 !","datePublished":"2011-02-22T10:05:00+00:00","dateModified":"2025-06-04T20:59:26+00:00","mainEntityOfPage":{"@id":"https:\/\/www.webdo.tn\/fr\/actualite\/tunis-hebdo\/marwene-linformaticien-quon-a-suicide\/173003\/"},"wordCount":1782,"commentCount":0,"publisher":{"@id":"https:\/\/www.webdo.tn\/fr\/#organization"},"image":{"@id":"https:\/\/www.webdo.tn\/fr\/actualite\/tunis-hebdo\/marwene-linformaticien-quon-a-suicide\/173003\/#primaryimage"},"thumbnailUrl":"https:\/\/www.webdo.tn\/fr\/wp-content\/uploads\/2011\/02\/Marwene-Ben-Zineb.jpg","articleSection":["National"],"inLanguage":"fr-FR"},{"@type":"WebPage","@id":"https:\/\/www.webdo.tn\/fr\/actualite\/tunis-hebdo\/marwene-linformaticien-quon-a-suicide\/173003\/","url":"https:\/\/www.webdo.tn\/fr\/actualite\/tunis-hebdo\/marwene-linformaticien-quon-a-suicide\/173003\/","name":"Marwene, l\u2019informaticien qu\u2019on a suicid\u00e9 en 89 !","isPartOf":{"@id":"https:\/\/www.webdo.tn\/fr\/#website"},"primaryImageOfPage":{"@id":"https:\/\/www.webdo.tn\/fr\/actualite\/tunis-hebdo\/marwene-linformaticien-quon-a-suicide\/173003\/#primaryimage"},"image":{"@id":"https:\/\/www.webdo.tn\/fr\/actualite\/tunis-hebdo\/marwene-linformaticien-quon-a-suicide\/173003\/#primaryimage"},"thumbnailUrl":"https:\/\/www.webdo.tn\/fr\/wp-content\/uploads\/2011\/02\/Marwene-Ben-Zineb.jpg","datePublished":"2011-02-22T10:05:00+00:00","dateModified":"2025-06-04T20:59:26+00:00","description":"Marwene, l\u2019informaticien qu\u2019on a suicid\u00e9 en 89 !","breadcrumb":{"@id":"https:\/\/www.webdo.tn\/fr\/actualite\/tunis-hebdo\/marwene-linformaticien-quon-a-suicide\/173003\/#breadcrumb"},"inLanguage":"fr-FR","potentialAction":[{"@type":"ReadAction","target":["https:\/\/www.webdo.tn\/fr\/actualite\/tunis-hebdo\/marwene-linformaticien-quon-a-suicide\/173003\/"]}]},{"@type":"ImageObject","inLanguage":"fr-FR","@id":"https:\/\/www.webdo.tn\/fr\/actualite\/tunis-hebdo\/marwene-linformaticien-quon-a-suicide\/173003\/#primaryimage","url":"https:\/\/www.webdo.tn\/fr\/wp-content\/uploads\/2011\/02\/Marwene-Ben-Zineb.jpg","contentUrl":"https:\/\/www.webdo.tn\/fr\/wp-content\/uploads\/2011\/02\/Marwene-Ben-Zineb.jpg","width":201,"height":279,"caption":"Marwene, l\u2019informaticien qu\u2019on a \"suicid\u00e9\" en 89 !"},{"@type":"BreadcrumbList","@id":"https:\/\/www.webdo.tn\/fr\/actualite\/tunis-hebdo\/marwene-linformaticien-quon-a-suicide\/173003\/#breadcrumb","itemListElement":[{"@type":"ListItem","position":1,"name":"Accueil","item":"https:\/\/www.webdo.tn\/fr\/"},{"@type":"ListItem","position":2,"name":"Marwene, l\u2019informaticien qu\u2019on a \u00ab\u00a0suicid\u00e9\u00a0\u00bb en 89 !"}]},{"@type":"WebSite","@id":"https:\/\/www.webdo.tn\/fr\/#website","url":"https:\/\/www.webdo.tn\/fr\/","name":"webdo","description":"Tunisie - News en Tunisie et \u00e0 l&#039;international sur Webdo.tn","publisher":{"@id":"https:\/\/www.webdo.tn\/fr\/#organization"},"potentialAction":[{"@type":"SearchAction","target":{"@type":"EntryPoint","urlTemplate":"https:\/\/www.webdo.tn\/fr\/?s={search_term_string}"},"query-input":{"@type":"PropertyValueSpecification","valueRequired":true,"valueName":"search_term_string"}}],"inLanguage":"fr-FR"},{"@type":"Organization","@id":"https:\/\/www.webdo.tn\/fr\/#organization","name":"Webdo","alternateName":"Webdo.tn","url":"https:\/\/www.webdo.tn\/fr\/","logo":{"@type":"ImageObject","inLanguage":"fr-FR","@id":"https:\/\/www.webdo.tn\/fr\/#\/schema\/logo\/image\/","url":"https:\/\/www.webdo.tn\/fr\/wp-content\/uploads\/2025\/06\/Webdo-Tunisie_168377.jpg","contentUrl":"https:\/\/www.webdo.tn\/fr\/wp-content\/uploads\/2025\/06\/Webdo-Tunisie_168377.jpg","width":301,"height":301,"caption":"Webdo"},"image":{"@id":"https:\/\/www.webdo.tn\/fr\/#\/schema\/logo\/image\/"},"sameAs":["https:\/\/www.facebook.com\/webdotn","https:\/\/x.com\/webdo_tn"],"description":"Webdo est un m\u00e9dia num\u00e9rique tunisien fond\u00e9 en 2010, sp\u00e9cialis\u00e9 dans l\u2019actualit\u00e9 nationale et internationale, l\u2019\u00e9conomie, la soci\u00e9t\u00e9 et les analyses politiques. Le site s\u2019adresse \u00e0 un large public francophone et couvre l\u2019information tunisienne en temps r\u00e9el.","email":"redac@webdo.tn","legalName":"YNJ SARL","foundingDate":"2010-09-06","numberOfEmployees":{"@type":"QuantitativeValue","minValue":"11","maxValue":"50"}},{"@type":"Person","@id":"https:\/\/www.webdo.tn\/fr\/#\/schema\/person\/9a9c6118d687c117df8ef3cc36a4d175","name":"webdo.tn","image":{"@type":"ImageObject","inLanguage":"fr-FR","@id":"https:\/\/secure.gravatar.com\/avatar\/7ce1f28c0c3bbac99ff550b85ef8e44a6950c6ee24514fb6a5489e51d06f0298?s=96&d=mm&r=g","url":"https:\/\/secure.gravatar.com\/avatar\/7ce1f28c0c3bbac99ff550b85ef8e44a6950c6ee24514fb6a5489e51d06f0298?s=96&d=mm&r=g","contentUrl":"https:\/\/secure.gravatar.com\/avatar\/7ce1f28c0c3bbac99ff550b85ef8e44a6950c6ee24514fb6a5489e51d06f0298?s=96&d=mm&r=g","caption":"webdo.tn"},"url":"https:\/\/www.webdo.tn\/fr\/actualite\/author\/webdotn\/"}]}},"_links":{"self":[{"href":"https:\/\/www.webdo.tn\/fr\/wp-json\/wp\/v2\/posts\/173003","targetHints":{"allow":["GET"]}}],"collection":[{"href":"https:\/\/www.webdo.tn\/fr\/wp-json\/wp\/v2\/posts"}],"about":[{"href":"https:\/\/www.webdo.tn\/fr\/wp-json\/wp\/v2\/types\/post"}],"author":[{"embeddable":true,"href":"https:\/\/www.webdo.tn\/fr\/wp-json\/wp\/v2\/users\/3222"}],"replies":[{"embeddable":true,"href":"https:\/\/www.webdo.tn\/fr\/wp-json\/wp\/v2\/comments?post=173003"}],"version-history":[{"count":0,"href":"https:\/\/www.webdo.tn\/fr\/wp-json\/wp\/v2\/posts\/173003\/revisions"}],"wp:featuredmedia":[{"embeddable":true,"href":"https:\/\/www.webdo.tn\/fr\/wp-json\/wp\/v2\/media\/365571"}],"wp:attachment":[{"href":"https:\/\/www.webdo.tn\/fr\/wp-json\/wp\/v2\/media?parent=173003"}],"wp:term":[{"taxonomy":"category","embeddable":true,"href":"https:\/\/www.webdo.tn\/fr\/wp-json\/wp\/v2\/categories?post=173003"},{"taxonomy":"post_tag","embeddable":true,"href":"https:\/\/www.webdo.tn\/fr\/wp-json\/wp\/v2\/tags?post=173003"}],"curies":[{"name":"wp","href":"https:\/\/api.w.org\/{rel}","templated":true}]}}