{"id":172998,"date":"2011-02-24T13:27:00","date_gmt":"2011-02-24T13:27:00","guid":{"rendered":"https:\/\/www.webdo.tn\/fr\/actualite\/blog\/elyes-jouini-a-trouve-les-raisons-du-derapage-de-boris-boillon\/172998\/"},"modified":"2011-02-24T13:27:00","modified_gmt":"2011-02-24T13:27:00","slug":"elyes-jouini-a-trouve-les-raisons-du-derapage-de-boris-boillon","status":"publish","type":"post","link":"https:\/\/www.webdo.tn\/fr\/actualite\/national\/elyes-jouini-a-trouve-les-raisons-du-derapage-de-boris-boillon\/172998\/","title":{"rendered":"Elyes Jouini a trouv\u00e9 les raisons du d\u00e9rapage de Boris Boillon"},"content":{"rendered":"<p>Dans une interview publi\u00e9e dans le Nouvel Obs, Ely\u00e8s Jouini, le ministre aupr\u00e8s du premier ministre, charg\u00e9\u00a0des r\u00e9formes \u00e9conomiques et sociales, minimise l&rsquo;affaire de MAM et les propos du nouvel ambassadeur de France en Tunisie Boris Boillon face \u00e0 des journalistes tunisiens.<\/p>\n<p>Suite \u00e0 la rencontre avec la d\u00e9l\u00e9gation fran\u00e7aise conduite par Christine Lagarde, ministre de l&rsquo;Economie, Ely\u00e8s Jouini affirme ne pas avoir \u00e9voqu\u00e9 les affaires MAM et Boris Boillon.<\/p>\n<p>\u00ab\u00a0Non. Ici, en Tunisie, malgr\u00e9 le retentissement m\u00e9diatique, nous consid\u00e9rons que ce qui se passe avec Mich\u00e8le Alliot-Marie concerne les affaires internes de la France. Quant au nouvel ambassadeur, il a pr\u00e9sent\u00e9 ses excuses \u00e0 la presse et il \u00e9tait sans doute sous pression. A peine arriv\u00e9, il a d\u00fb organiser en urgence la visite de Christine Lagarde&#8230; et toutes les autres pr\u00e9vues dans les prochaines semaines : Fr\u00e9d\u00e9ric Lefebvre, Nathalie Kosciusko-Morizet, Pierre Lellouche&#8230; Nous sommes un gouvernement de transition qui doit avancer tr\u00e8s vite. Nous n&rsquo;avons pas le temps pour les petites phrases et les pol\u00e9miques\u00a0\u00bb, explique Ely\u00e8s Jouini au Nouvel Obs.<\/p>\n<p>Rappelons que les vacances de MAM en Tunisie, durant les \u00e9meutes, se sont fortement teint\u00e9es de politique sur un tapis de business.<\/p>\n<p>Et que les propos du nouvel ambassadeur fran\u00e7ais en\u00a0Tunisie,\u00a0Boris Boillon, ont provoqu\u00e9 la col\u00e8re de centaines de manifestants qui se sont dirig\u00e9s vers les b\u00e2timents de l&rsquo;Ambassade de\u00a0France, sur l&rsquo;avenue\u00a0Bourguiba.<\/p>\n<p>N&rsquo;a-t-il pas dit \u00ab\u00a0N&rsquo;essayez pas de me faire tomber sur des trucs d\u00e9biles. Franchement, vous croyez que j&rsquo;ai ce niveau-l\u00e0\u00a0? Vous croyez que moi, je suis dans la petite phrase d\u00e9bile\u00a0? \u00ab\u00a0, en r\u00e9pondant \u00e0 une question concernant MAM d&rsquo;une journaliste tunisienne?<\/p>\n","protected":false},"excerpt":{"rendered":"<p>Elyes Jouini a trouv\u00e9 les raisons du d\u00e9rapage de Boris Boillon  <\/p>\n","protected":false},"author":3222,"featured_media":365826,"comment_status":"open","ping_status":"closed","sticky":false,"template":"","format":"standard","meta":{"footnotes":""},"categories":[44],"tags":[],"class_list":["post-172998","post","type-post","status-publish","format-standard","has-post-thumbnail","hentry","category-national"],"yoast_head":"<!-- This site is optimized with the Yoast SEO Premium plugin v27.4 (Yoast SEO v27.4) - https:\/\/yoast.com\/product\/yoast-seo-premium-wordpress\/ -->\n<title>Elyes Jouini a trouv\u00e9 les raisons du d\u00e9rapage de Boris Boillon<\/title>\n<meta name=\"description\" content=\"Elyes Jouini a trouv\u00e9 les raisons du d\u00e9rapage de Boris Boillon\" \/>\n<link rel=\"canonical\" href=\"https:\/\/www.webdo.tn\/fr\/actualite\/national\/elyes-jouini-a-trouve-les-raisons-du-derapage-de-boris-boillon\/172998\/\" \/>\n<meta property=\"og:locale\" content=\"fr_FR\" \/>\n<meta property=\"og:type\" content=\"article\" \/>\n<meta property=\"og:title\" content=\"Elyes Jouini a trouv\u00e9 les raisons du d\u00e9rapage de Boris Boillon\" \/>\n<meta property=\"og:description\" content=\"Elyes Jouini a trouv\u00e9 les raisons du d\u00e9rapage de Boris Boillon\" \/>\n<meta property=\"og:url\" content=\"https:\/\/www.webdo.tn\/fr\/actualite\/national\/elyes-jouini-a-trouve-les-raisons-du-derapage-de-boris-boillon\/172998\/\" \/>\n<meta property=\"og:site_name\" content=\"webdo\" \/>\n<meta property=\"article:publisher\" content=\"https:\/\/www.facebook.com\/webdotn\" \/>\n<meta property=\"article:published_time\" content=\"2011-02-24T13:27:00+00:00\" \/>\n<meta property=\"og:image\" content=\"https:\/\/www.webdo.tn\/fr\/wp-content\/uploads\/2011\/02\/Elyes-Jouini.jpg\" \/>\n\t<meta property=\"og:image:width\" content=\"290\" \/>\n\t<meta property=\"og:image:height\" content=\"245\" \/>\n\t<meta property=\"og:image:type\" content=\"image\/jpeg\" \/>\n<meta name=\"author\" content=\"webdo.tn\" \/>\n<meta name=\"twitter:card\" content=\"summary_large_image\" \/>\n<meta name=\"twitter:creator\" content=\"@webdo_tn\" \/>\n<meta name=\"twitter:site\" content=\"@webdo_tn\" \/>\n<meta name=\"twitter:label1\" content=\"\u00c9crit par\" \/>\n\t<meta name=\"twitter:data1\" content=\"webdo.tn\" \/>\n\t<meta name=\"twitter:label2\" content=\"Dur\u00e9e de lecture estim\u00e9e\" \/>\n\t<meta name=\"twitter:data2\" content=\"1 minute\" \/>\n<script type=\"application\/ld+json\" class=\"yoast-schema-graph\">{\"@context\":\"https:\\\/\\\/schema.org\",\"@graph\":[{\"@type\":\"NewsArticle\",\"@id\":\"https:\\\/\\\/www.webdo.tn\\\/fr\\\/actualite\\\/national\\\/elyes-jouini-a-trouve-les-raisons-du-derapage-de-boris-boillon\\\/172998\\\/#article\",\"isPartOf\":{\"@id\":\"https:\\\/\\\/www.webdo.tn\\\/fr\\\/actualite\\\/national\\\/elyes-jouini-a-trouve-les-raisons-du-derapage-de-boris-boillon\\\/172998\\\/\"},\"author\":{\"name\":\"webdo.tn\",\"@id\":\"https:\\\/\\\/www.webdo.tn\\\/fr\\\/#\\\/schema\\\/person\\\/9a9c6118d687c117df8ef3cc36a4d175\"},\"headline\":\"Elyes Jouini a trouv\u00e9 les raisons du d\u00e9rapage de Boris Boillon\",\"datePublished\":\"2011-02-24T13:27:00+00:00\",\"mainEntityOfPage\":{\"@id\":\"https:\\\/\\\/www.webdo.tn\\\/fr\\\/actualite\\\/national\\\/elyes-jouini-a-trouve-les-raisons-du-derapage-de-boris-boillon\\\/172998\\\/\"},\"wordCount\":313,\"commentCount\":0,\"publisher\":{\"@id\":\"https:\\\/\\\/www.webdo.tn\\\/fr\\\/#organization\"},\"image\":{\"@id\":\"https:\\\/\\\/www.webdo.tn\\\/fr\\\/actualite\\\/national\\\/elyes-jouini-a-trouve-les-raisons-du-derapage-de-boris-boillon\\\/172998\\\/#primaryimage\"},\"thumbnailUrl\":\"https:\\\/\\\/www.webdo.tn\\\/fr\\\/wp-content\\\/uploads\\\/2011\\\/02\\\/Elyes-Jouini.jpg\",\"articleSection\":[\"National\"],\"inLanguage\":\"fr-FR\"},{\"@type\":\"WebPage\",\"@id\":\"https:\\\/\\\/www.webdo.tn\\\/fr\\\/actualite\\\/national\\\/elyes-jouini-a-trouve-les-raisons-du-derapage-de-boris-boillon\\\/172998\\\/\",\"url\":\"https:\\\/\\\/www.webdo.tn\\\/fr\\\/actualite\\\/national\\\/elyes-jouini-a-trouve-les-raisons-du-derapage-de-boris-boillon\\\/172998\\\/\",\"name\":\"Elyes Jouini a trouv\u00e9 les raisons du d\u00e9rapage de Boris Boillon\",\"isPartOf\":{\"@id\":\"https:\\\/\\\/www.webdo.tn\\\/fr\\\/#website\"},\"primaryImageOfPage\":{\"@id\":\"https:\\\/\\\/www.webdo.tn\\\/fr\\\/actualite\\\/national\\\/elyes-jouini-a-trouve-les-raisons-du-derapage-de-boris-boillon\\\/172998\\\/#primaryimage\"},\"image\":{\"@id\":\"https:\\\/\\\/www.webdo.tn\\\/fr\\\/actualite\\\/national\\\/elyes-jouini-a-trouve-les-raisons-du-derapage-de-boris-boillon\\\/172998\\\/#primaryimage\"},\"thumbnailUrl\":\"https:\\\/\\\/www.webdo.tn\\\/fr\\\/wp-content\\\/uploads\\\/2011\\\/02\\\/Elyes-Jouini.jpg\",\"datePublished\":\"2011-02-24T13:27:00+00:00\",\"description\":\"Elyes Jouini a trouv\u00e9 les raisons du d\u00e9rapage de Boris Boillon\",\"breadcrumb\":{\"@id\":\"https:\\\/\\\/www.webdo.tn\\\/fr\\\/actualite\\\/national\\\/elyes-jouini-a-trouve-les-raisons-du-derapage-de-boris-boillon\\\/172998\\\/#breadcrumb\"},\"inLanguage\":\"fr-FR\",\"potentialAction\":[{\"@type\":\"ReadAction\",\"target\":[\"https:\\\/\\\/www.webdo.tn\\\/fr\\\/actualite\\\/national\\\/elyes-jouini-a-trouve-les-raisons-du-derapage-de-boris-boillon\\\/172998\\\/\"]}]},{\"@type\":\"ImageObject\",\"inLanguage\":\"fr-FR\",\"@id\":\"https:\\\/\\\/www.webdo.tn\\\/fr\\\/actualite\\\/national\\\/elyes-jouini-a-trouve-les-raisons-du-derapage-de-boris-boillon\\\/172998\\\/#primaryimage\",\"url\":\"https:\\\/\\\/www.webdo.tn\\\/fr\\\/wp-content\\\/uploads\\\/2011\\\/02\\\/Elyes-Jouini.jpg\",\"contentUrl\":\"https:\\\/\\\/www.webdo.tn\\\/fr\\\/wp-content\\\/uploads\\\/2011\\\/02\\\/Elyes-Jouini.jpg\",\"width\":290,\"height\":245,\"caption\":\"Elyes Jouini a trouv\u00e9 les raisons du d\u00e9rapage de Boris Boillon\"},{\"@type\":\"BreadcrumbList\",\"@id\":\"https:\\\/\\\/www.webdo.tn\\\/fr\\\/actualite\\\/national\\\/elyes-jouini-a-trouve-les-raisons-du-derapage-de-boris-boillon\\\/172998\\\/#breadcrumb\",\"itemListElement\":[{\"@type\":\"ListItem\",\"position\":1,\"name\":\"Accueil\",\"item\":\"https:\\\/\\\/www.webdo.tn\\\/fr\\\/\"},{\"@type\":\"ListItem\",\"position\":2,\"name\":\"Elyes Jouini a trouv\u00e9 les raisons du d\u00e9rapage de Boris Boillon\"}]},{\"@type\":\"WebSite\",\"@id\":\"https:\\\/\\\/www.webdo.tn\\\/fr\\\/#website\",\"url\":\"https:\\\/\\\/www.webdo.tn\\\/fr\\\/\",\"name\":\"webdo\",\"description\":\"Tunisie - News en Tunisie et \u00e0 l&#039;international sur Webdo.tn\",\"publisher\":{\"@id\":\"https:\\\/\\\/www.webdo.tn\\\/fr\\\/#organization\"},\"potentialAction\":[{\"@type\":\"SearchAction\",\"target\":{\"@type\":\"EntryPoint\",\"urlTemplate\":\"https:\\\/\\\/www.webdo.tn\\\/fr\\\/?s={search_term_string}\"},\"query-input\":{\"@type\":\"PropertyValueSpecification\",\"valueRequired\":true,\"valueName\":\"search_term_string\"}}],\"inLanguage\":\"fr-FR\"},{\"@type\":\"Organization\",\"@id\":\"https:\\\/\\\/www.webdo.tn\\\/fr\\\/#organization\",\"name\":\"Webdo\",\"alternateName\":\"Webdo.tn\",\"url\":\"https:\\\/\\\/www.webdo.tn\\\/fr\\\/\",\"logo\":{\"@type\":\"ImageObject\",\"inLanguage\":\"fr-FR\",\"@id\":\"https:\\\/\\\/www.webdo.tn\\\/fr\\\/#\\\/schema\\\/logo\\\/image\\\/\",\"url\":\"https:\\\/\\\/www.webdo.tn\\\/fr\\\/wp-content\\\/uploads\\\/2025\\\/06\\\/Webdo-Tunisie_168377.jpg\",\"contentUrl\":\"https:\\\/\\\/www.webdo.tn\\\/fr\\\/wp-content\\\/uploads\\\/2025\\\/06\\\/Webdo-Tunisie_168377.jpg\",\"width\":301,\"height\":301,\"caption\":\"Webdo\"},\"image\":{\"@id\":\"https:\\\/\\\/www.webdo.tn\\\/fr\\\/#\\\/schema\\\/logo\\\/image\\\/\"},\"sameAs\":[\"https:\\\/\\\/www.facebook.com\\\/webdotn\",\"https:\\\/\\\/x.com\\\/webdo_tn\"],\"description\":\"Webdo est un m\u00e9dia num\u00e9rique tunisien fond\u00e9 en 2010, sp\u00e9cialis\u00e9 dans l\u2019actualit\u00e9 nationale et internationale, l\u2019\u00e9conomie, la soci\u00e9t\u00e9 et les analyses politiques. Le site s\u2019adresse \u00e0 un large public francophone et couvre l\u2019information tunisienne en temps r\u00e9el.\",\"email\":\"redac@webdo.tn\",\"legalName\":\"YNJ SARL\",\"foundingDate\":\"2010-09-06\",\"numberOfEmployees\":{\"@type\":\"QuantitativeValue\",\"minValue\":\"11\",\"maxValue\":\"50\"}},{\"@type\":\"Person\",\"@id\":\"https:\\\/\\\/www.webdo.tn\\\/fr\\\/#\\\/schema\\\/person\\\/9a9c6118d687c117df8ef3cc36a4d175\",\"name\":\"webdo.tn\",\"image\":{\"@type\":\"ImageObject\",\"inLanguage\":\"fr-FR\",\"@id\":\"https:\\\/\\\/secure.gravatar.com\\\/avatar\\\/7ce1f28c0c3bbac99ff550b85ef8e44a6950c6ee24514fb6a5489e51d06f0298?s=96&d=mm&r=g\",\"url\":\"https:\\\/\\\/secure.gravatar.com\\\/avatar\\\/7ce1f28c0c3bbac99ff550b85ef8e44a6950c6ee24514fb6a5489e51d06f0298?s=96&d=mm&r=g\",\"contentUrl\":\"https:\\\/\\\/secure.gravatar.com\\\/avatar\\\/7ce1f28c0c3bbac99ff550b85ef8e44a6950c6ee24514fb6a5489e51d06f0298?s=96&d=mm&r=g\",\"caption\":\"webdo.tn\"},\"url\":\"https:\\\/\\\/www.webdo.tn\\\/fr\\\/actualite\\\/author\\\/webdotn\\\/\"}]}<\/script>\n<!-- \/ Yoast SEO Premium plugin. -->","yoast_head_json":{"title":"Elyes Jouini a trouv\u00e9 les raisons du d\u00e9rapage de Boris Boillon","description":"Elyes Jouini a trouv\u00e9 les raisons du d\u00e9rapage de Boris Boillon","canonical":"https:\/\/www.webdo.tn\/fr\/actualite\/national\/elyes-jouini-a-trouve-les-raisons-du-derapage-de-boris-boillon\/172998\/","og_locale":"fr_FR","og_type":"article","og_title":"Elyes Jouini a trouv\u00e9 les raisons du d\u00e9rapage de Boris Boillon","og_description":"Elyes Jouini a trouv\u00e9 les raisons du d\u00e9rapage de Boris Boillon","og_url":"https:\/\/www.webdo.tn\/fr\/actualite\/national\/elyes-jouini-a-trouve-les-raisons-du-derapage-de-boris-boillon\/172998\/","og_site_name":"webdo","article_publisher":"https:\/\/www.facebook.com\/webdotn","article_published_time":"2011-02-24T13:27:00+00:00","og_image":[{"width":290,"height":245,"url":"https:\/\/www.webdo.tn\/fr\/wp-content\/uploads\/2011\/02\/Elyes-Jouini.jpg","type":"image\/jpeg"}],"author":"webdo.tn","twitter_card":"summary_large_image","twitter_creator":"@webdo_tn","twitter_site":"@webdo_tn","twitter_misc":{"\u00c9crit par":"webdo.tn","Dur\u00e9e de lecture estim\u00e9e":"1 minute"},"schema":{"@context":"https:\/\/schema.org","@graph":[{"@type":"NewsArticle","@id":"https:\/\/www.webdo.tn\/fr\/actualite\/national\/elyes-jouini-a-trouve-les-raisons-du-derapage-de-boris-boillon\/172998\/#article","isPartOf":{"@id":"https:\/\/www.webdo.tn\/fr\/actualite\/national\/elyes-jouini-a-trouve-les-raisons-du-derapage-de-boris-boillon\/172998\/"},"author":{"name":"webdo.tn","@id":"https:\/\/www.webdo.tn\/fr\/#\/schema\/person\/9a9c6118d687c117df8ef3cc36a4d175"},"headline":"Elyes Jouini a trouv\u00e9 les raisons du d\u00e9rapage de Boris Boillon","datePublished":"2011-02-24T13:27:00+00:00","mainEntityOfPage":{"@id":"https:\/\/www.webdo.tn\/fr\/actualite\/national\/elyes-jouini-a-trouve-les-raisons-du-derapage-de-boris-boillon\/172998\/"},"wordCount":313,"commentCount":0,"publisher":{"@id":"https:\/\/www.webdo.tn\/fr\/#organization"},"image":{"@id":"https:\/\/www.webdo.tn\/fr\/actualite\/national\/elyes-jouini-a-trouve-les-raisons-du-derapage-de-boris-boillon\/172998\/#primaryimage"},"thumbnailUrl":"https:\/\/www.webdo.tn\/fr\/wp-content\/uploads\/2011\/02\/Elyes-Jouini.jpg","articleSection":["National"],"inLanguage":"fr-FR"},{"@type":"WebPage","@id":"https:\/\/www.webdo.tn\/fr\/actualite\/national\/elyes-jouini-a-trouve-les-raisons-du-derapage-de-boris-boillon\/172998\/","url":"https:\/\/www.webdo.tn\/fr\/actualite\/national\/elyes-jouini-a-trouve-les-raisons-du-derapage-de-boris-boillon\/172998\/","name":"Elyes Jouini a trouv\u00e9 les raisons du d\u00e9rapage de Boris Boillon","isPartOf":{"@id":"https:\/\/www.webdo.tn\/fr\/#website"},"primaryImageOfPage":{"@id":"https:\/\/www.webdo.tn\/fr\/actualite\/national\/elyes-jouini-a-trouve-les-raisons-du-derapage-de-boris-boillon\/172998\/#primaryimage"},"image":{"@id":"https:\/\/www.webdo.tn\/fr\/actualite\/national\/elyes-jouini-a-trouve-les-raisons-du-derapage-de-boris-boillon\/172998\/#primaryimage"},"thumbnailUrl":"https:\/\/www.webdo.tn\/fr\/wp-content\/uploads\/2011\/02\/Elyes-Jouini.jpg","datePublished":"2011-02-24T13:27:00+00:00","description":"Elyes Jouini a trouv\u00e9 les raisons du d\u00e9rapage de Boris Boillon","breadcrumb":{"@id":"https:\/\/www.webdo.tn\/fr\/actualite\/national\/elyes-jouini-a-trouve-les-raisons-du-derapage-de-boris-boillon\/172998\/#breadcrumb"},"inLanguage":"fr-FR","potentialAction":[{"@type":"ReadAction","target":["https:\/\/www.webdo.tn\/fr\/actualite\/national\/elyes-jouini-a-trouve-les-raisons-du-derapage-de-boris-boillon\/172998\/"]}]},{"@type":"ImageObject","inLanguage":"fr-FR","@id":"https:\/\/www.webdo.tn\/fr\/actualite\/national\/elyes-jouini-a-trouve-les-raisons-du-derapage-de-boris-boillon\/172998\/#primaryimage","url":"https:\/\/www.webdo.tn\/fr\/wp-content\/uploads\/2011\/02\/Elyes-Jouini.jpg","contentUrl":"https:\/\/www.webdo.tn\/fr\/wp-content\/uploads\/2011\/02\/Elyes-Jouini.jpg","width":290,"height":245,"caption":"Elyes Jouini a trouv\u00e9 les raisons du d\u00e9rapage de Boris Boillon"},{"@type":"BreadcrumbList","@id":"https:\/\/www.webdo.tn\/fr\/actualite\/national\/elyes-jouini-a-trouve-les-raisons-du-derapage-de-boris-boillon\/172998\/#breadcrumb","itemListElement":[{"@type":"ListItem","position":1,"name":"Accueil","item":"https:\/\/www.webdo.tn\/fr\/"},{"@type":"ListItem","position":2,"name":"Elyes Jouini a trouv\u00e9 les raisons du d\u00e9rapage de Boris Boillon"}]},{"@type":"WebSite","@id":"https:\/\/www.webdo.tn\/fr\/#website","url":"https:\/\/www.webdo.tn\/fr\/","name":"webdo","description":"Tunisie - News en Tunisie et \u00e0 l&#039;international sur Webdo.tn","publisher":{"@id":"https:\/\/www.webdo.tn\/fr\/#organization"},"potentialAction":[{"@type":"SearchAction","target":{"@type":"EntryPoint","urlTemplate":"https:\/\/www.webdo.tn\/fr\/?s={search_term_string}"},"query-input":{"@type":"PropertyValueSpecification","valueRequired":true,"valueName":"search_term_string"}}],"inLanguage":"fr-FR"},{"@type":"Organization","@id":"https:\/\/www.webdo.tn\/fr\/#organization","name":"Webdo","alternateName":"Webdo.tn","url":"https:\/\/www.webdo.tn\/fr\/","logo":{"@type":"ImageObject","inLanguage":"fr-FR","@id":"https:\/\/www.webdo.tn\/fr\/#\/schema\/logo\/image\/","url":"https:\/\/www.webdo.tn\/fr\/wp-content\/uploads\/2025\/06\/Webdo-Tunisie_168377.jpg","contentUrl":"https:\/\/www.webdo.tn\/fr\/wp-content\/uploads\/2025\/06\/Webdo-Tunisie_168377.jpg","width":301,"height":301,"caption":"Webdo"},"image":{"@id":"https:\/\/www.webdo.tn\/fr\/#\/schema\/logo\/image\/"},"sameAs":["https:\/\/www.facebook.com\/webdotn","https:\/\/x.com\/webdo_tn"],"description":"Webdo est un m\u00e9dia num\u00e9rique tunisien fond\u00e9 en 2010, sp\u00e9cialis\u00e9 dans l\u2019actualit\u00e9 nationale et internationale, l\u2019\u00e9conomie, la soci\u00e9t\u00e9 et les analyses politiques. Le site s\u2019adresse \u00e0 un large public francophone et couvre l\u2019information tunisienne en temps r\u00e9el.","email":"redac@webdo.tn","legalName":"YNJ SARL","foundingDate":"2010-09-06","numberOfEmployees":{"@type":"QuantitativeValue","minValue":"11","maxValue":"50"}},{"@type":"Person","@id":"https:\/\/www.webdo.tn\/fr\/#\/schema\/person\/9a9c6118d687c117df8ef3cc36a4d175","name":"webdo.tn","image":{"@type":"ImageObject","inLanguage":"fr-FR","@id":"https:\/\/secure.gravatar.com\/avatar\/7ce1f28c0c3bbac99ff550b85ef8e44a6950c6ee24514fb6a5489e51d06f0298?s=96&d=mm&r=g","url":"https:\/\/secure.gravatar.com\/avatar\/7ce1f28c0c3bbac99ff550b85ef8e44a6950c6ee24514fb6a5489e51d06f0298?s=96&d=mm&r=g","contentUrl":"https:\/\/secure.gravatar.com\/avatar\/7ce1f28c0c3bbac99ff550b85ef8e44a6950c6ee24514fb6a5489e51d06f0298?s=96&d=mm&r=g","caption":"webdo.tn"},"url":"https:\/\/www.webdo.tn\/fr\/actualite\/author\/webdotn\/"}]}},"_links":{"self":[{"href":"https:\/\/www.webdo.tn\/fr\/wp-json\/wp\/v2\/posts\/172998","targetHints":{"allow":["GET"]}}],"collection":[{"href":"https:\/\/www.webdo.tn\/fr\/wp-json\/wp\/v2\/posts"}],"about":[{"href":"https:\/\/www.webdo.tn\/fr\/wp-json\/wp\/v2\/types\/post"}],"author":[{"embeddable":true,"href":"https:\/\/www.webdo.tn\/fr\/wp-json\/wp\/v2\/users\/3222"}],"replies":[{"embeddable":true,"href":"https:\/\/www.webdo.tn\/fr\/wp-json\/wp\/v2\/comments?post=172998"}],"version-history":[{"count":0,"href":"https:\/\/www.webdo.tn\/fr\/wp-json\/wp\/v2\/posts\/172998\/revisions"}],"wp:featuredmedia":[{"embeddable":true,"href":"https:\/\/www.webdo.tn\/fr\/wp-json\/wp\/v2\/media\/365826"}],"wp:attachment":[{"href":"https:\/\/www.webdo.tn\/fr\/wp-json\/wp\/v2\/media?parent=172998"}],"wp:term":[{"taxonomy":"category","embeddable":true,"href":"https:\/\/www.webdo.tn\/fr\/wp-json\/wp\/v2\/categories?post=172998"},{"taxonomy":"post_tag","embeddable":true,"href":"https:\/\/www.webdo.tn\/fr\/wp-json\/wp\/v2\/tags?post=172998"}],"curies":[{"name":"wp","href":"https:\/\/api.w.org\/{rel}","templated":true}]}}