{"id":172996,"date":"2011-02-25T09:25:00","date_gmt":"2011-02-25T09:25:00","guid":{"rendered":"https:\/\/www.webdo.tn\/fr\/actualite\/blog\/litalie-crie-au-loup-face-a-la-situation-bouillonnante-des-pays-africains\/172996\/"},"modified":"2011-02-25T09:25:00","modified_gmt":"2011-02-25T09:25:00","slug":"litalie-crie-au-loup-face-a-la-situation-bouillonnante-des-pays-africains","status":"publish","type":"post","link":"https:\/\/www.webdo.tn\/fr\/actualite\/national\/litalie-crie-au-loup-face-a-la-situation-bouillonnante-des-pays-africains\/172996\/","title":{"rendered":"L&rsquo;Italie crie au loup face \u00e0 la situation bouillonnante des pays africains"},"content":{"rendered":"<p>L&rsquo;Italie a longtemps \u00e9t\u00e9 connue comme pied \u00e0 terre \u00ab\u00a0favori\u00a0\u00bb des immigrants clandestins Africains. \u00c9tant la plus proche porte de secours pour int\u00e9grer l&rsquo;Union Europ\u00e9enne, l&rsquo;Italie a exprim\u00e9 sa grande inqui\u00e9tude et a demand\u00e9 une intervention imm\u00e9diate de l&rsquo;UE afin de mettre fin aux afflux de clandestins Tunisiens sur l&rsquo;Ile de Lampedusa.<\/p>\n<p>Le sc\u00e9nario se r\u00e9p\u00e8te maintenant avec la Libye. Mais la pilule passe mal pour ses partenaires europ\u00e9ens. <\/p>\n<p>L&rsquo;Italie est comme qui dirait entrain de vendre la peau de l&rsquo;ours avant de l&rsquo;avoir tu\u00e9. <\/p>\n<p>Elle a demand\u00e9 avec insistance \u00e0 l&rsquo;UE de l&rsquo;aider \u00e0 faire face aux risques de crises humanitaires et de chaos dus aux venues massives de Libyens auxquelles elle \u00ab\u00a0pourrait\u00a0\u00bb faire face.<\/p>\n<p>Le ministre italien de  l&rsquo;Int\u00e9rieur Roberto Maroni a dit, lors de son arriv\u00e9e a Bruxelles: \u00ab\u00a0Je demande \u00e0 l&rsquo;Europe de prendre toutes les mesures n\u00e9cessaires pour  faire face \u00e0 une urgence humanitaire catastrophique. On ne peut pas nous laisser seuls, c&rsquo;est ma requ\u00eate\u00a0\u00bb.<\/p>\n<p>Une menace de voir d\u00e9barquer entre 1 et 1,5 million de r\u00e9fugi\u00e9s Libyens sur le sol Italien inqui\u00e8te les autorit\u00e9s du pays. Le ministre Maroni dit m\u00eame que ceci \u00ab\u00a0mettrait \u00e0 genoux n&rsquo;importe quel \u00c9tat\u00a0\u00bb. Il le demande clairement : un soutien de l&rsquo;UE devrait \u00eatre d\u00e9p\u00each\u00e9 vers l&rsquo;Italie pour g\u00e9rer cette situation \u00e0 venir et pourquoi pas \u00ab\u00a0Accepter le principe du partage du fardeau\u00a0\u00bb.<\/p>\n<p>Ces dires n&rsquo;ont pas fait que des partisans. Les pays nordiques ont vivement critiqu\u00e9 cette prise de position et s&rsquo;indignent de voir ce pays crier au loup alors que personne n&rsquo;a encore vu d&rsquo;afflux massif de Libyens.<\/p>\n<p>L\u2019\u00e9cho de ces r\u00e9volutions et de ces cons\u00e9quences se fait m\u00eame ressentir de l&rsquo;autre cot\u00e9 de la m\u00e9diterran\u00e9e. L&rsquo;Europe se trouve ainsi divis\u00e9e en deux entre pays du Nord, qui appellent fermement l&rsquo;Italie \u00e0 se calmer, et entre les pays du Sud, qui soutiennent l&rsquo;Italie et qui s&rsquo;inqui\u00e8tent eux aussi pour leurs int\u00e9r\u00eats et leur stabilit\u00e9.<\/p>\n","protected":false},"excerpt":{"rendered":"<p>L&rsquo;Italie crie au loup face \u00e0 la situation bouillonnante des pays africains<\/p>\n","protected":false},"author":3222,"featured_media":365553,"comment_status":"open","ping_status":"closed","sticky":false,"template":"","format":"standard","meta":{"footnotes":""},"categories":[44],"tags":[],"class_list":["post-172996","post","type-post","status-publish","format-standard","has-post-thumbnail","hentry","category-national"],"yoast_head":"<!-- This site is optimized with the Yoast SEO Premium plugin v27.4 (Yoast SEO v27.4) - https:\/\/yoast.com\/product\/yoast-seo-premium-wordpress\/ -->\n<title>L&#039;Italie crie au loup face \u00e0 la situation bouillonnante des pays africains<\/title>\n<meta name=\"description\" content=\"L&#039;Italie crie au loup face \u00e0 la situation bouillonnante des pays africains\" \/>\n<link rel=\"canonical\" href=\"https:\/\/www.webdo.tn\/fr\/actualite\/national\/litalie-crie-au-loup-face-a-la-situation-bouillonnante-des-pays-africains\/172996\/\" \/>\n<meta property=\"og:locale\" content=\"fr_FR\" \/>\n<meta property=\"og:type\" content=\"article\" \/>\n<meta property=\"og:title\" content=\"L&#039;Italie crie au loup face \u00e0 la situation bouillonnante des pays africains\" \/>\n<meta property=\"og:description\" content=\"L&#039;Italie crie au loup face \u00e0 la situation bouillonnante des pays africains\" \/>\n<meta property=\"og:url\" content=\"https:\/\/www.webdo.tn\/fr\/actualite\/national\/litalie-crie-au-loup-face-a-la-situation-bouillonnante-des-pays-africains\/172996\/\" \/>\n<meta property=\"og:site_name\" content=\"webdo\" \/>\n<meta property=\"article:publisher\" content=\"https:\/\/www.facebook.com\/webdotn\" \/>\n<meta property=\"article:published_time\" content=\"2011-02-25T09:25:00+00:00\" \/>\n<meta property=\"og:image\" content=\"https:\/\/www.webdo.tn\/fr\/wp-content\/uploads\/2011\/02\/Clandestins-italie0211-300x259-1.jpg\" \/>\n\t<meta property=\"og:image:width\" content=\"300\" \/>\n\t<meta property=\"og:image:height\" content=\"259\" \/>\n\t<meta property=\"og:image:type\" content=\"image\/jpeg\" \/>\n<meta name=\"author\" content=\"webdo.tn\" \/>\n<meta name=\"twitter:card\" content=\"summary_large_image\" \/>\n<meta name=\"twitter:creator\" content=\"@webdo_tn\" \/>\n<meta name=\"twitter:site\" content=\"@webdo_tn\" \/>\n<meta name=\"twitter:label1\" content=\"\u00c9crit par\" \/>\n\t<meta name=\"twitter:data1\" content=\"webdo.tn\" \/>\n\t<meta name=\"twitter:label2\" content=\"Dur\u00e9e de lecture estim\u00e9e\" \/>\n\t<meta name=\"twitter:data2\" content=\"2 minutes\" \/>\n<script type=\"application\/ld+json\" class=\"yoast-schema-graph\">{\"@context\":\"https:\\\/\\\/schema.org\",\"@graph\":[{\"@type\":\"NewsArticle\",\"@id\":\"https:\\\/\\\/www.webdo.tn\\\/fr\\\/actualite\\\/national\\\/litalie-crie-au-loup-face-a-la-situation-bouillonnante-des-pays-africains\\\/172996\\\/#article\",\"isPartOf\":{\"@id\":\"https:\\\/\\\/www.webdo.tn\\\/fr\\\/actualite\\\/national\\\/litalie-crie-au-loup-face-a-la-situation-bouillonnante-des-pays-africains\\\/172996\\\/\"},\"author\":{\"name\":\"webdo.tn\",\"@id\":\"https:\\\/\\\/www.webdo.tn\\\/fr\\\/#\\\/schema\\\/person\\\/9a9c6118d687c117df8ef3cc36a4d175\"},\"headline\":\"L&rsquo;Italie crie au loup face \u00e0 la situation bouillonnante des pays africains\",\"datePublished\":\"2011-02-25T09:25:00+00:00\",\"mainEntityOfPage\":{\"@id\":\"https:\\\/\\\/www.webdo.tn\\\/fr\\\/actualite\\\/national\\\/litalie-crie-au-loup-face-a-la-situation-bouillonnante-des-pays-africains\\\/172996\\\/\"},\"wordCount\":374,\"commentCount\":0,\"publisher\":{\"@id\":\"https:\\\/\\\/www.webdo.tn\\\/fr\\\/#organization\"},\"image\":{\"@id\":\"https:\\\/\\\/www.webdo.tn\\\/fr\\\/actualite\\\/national\\\/litalie-crie-au-loup-face-a-la-situation-bouillonnante-des-pays-africains\\\/172996\\\/#primaryimage\"},\"thumbnailUrl\":\"https:\\\/\\\/www.webdo.tn\\\/fr\\\/wp-content\\\/uploads\\\/2011\\\/02\\\/Clandestins-italie0211-300x259-1.jpg\",\"articleSection\":[\"National\"],\"inLanguage\":\"fr-FR\"},{\"@type\":\"WebPage\",\"@id\":\"https:\\\/\\\/www.webdo.tn\\\/fr\\\/actualite\\\/national\\\/litalie-crie-au-loup-face-a-la-situation-bouillonnante-des-pays-africains\\\/172996\\\/\",\"url\":\"https:\\\/\\\/www.webdo.tn\\\/fr\\\/actualite\\\/national\\\/litalie-crie-au-loup-face-a-la-situation-bouillonnante-des-pays-africains\\\/172996\\\/\",\"name\":\"L'Italie crie au loup face \u00e0 la situation bouillonnante des pays africains\",\"isPartOf\":{\"@id\":\"https:\\\/\\\/www.webdo.tn\\\/fr\\\/#website\"},\"primaryImageOfPage\":{\"@id\":\"https:\\\/\\\/www.webdo.tn\\\/fr\\\/actualite\\\/national\\\/litalie-crie-au-loup-face-a-la-situation-bouillonnante-des-pays-africains\\\/172996\\\/#primaryimage\"},\"image\":{\"@id\":\"https:\\\/\\\/www.webdo.tn\\\/fr\\\/actualite\\\/national\\\/litalie-crie-au-loup-face-a-la-situation-bouillonnante-des-pays-africains\\\/172996\\\/#primaryimage\"},\"thumbnailUrl\":\"https:\\\/\\\/www.webdo.tn\\\/fr\\\/wp-content\\\/uploads\\\/2011\\\/02\\\/Clandestins-italie0211-300x259-1.jpg\",\"datePublished\":\"2011-02-25T09:25:00+00:00\",\"description\":\"L'Italie crie au loup face \u00e0 la situation bouillonnante des pays africains\",\"breadcrumb\":{\"@id\":\"https:\\\/\\\/www.webdo.tn\\\/fr\\\/actualite\\\/national\\\/litalie-crie-au-loup-face-a-la-situation-bouillonnante-des-pays-africains\\\/172996\\\/#breadcrumb\"},\"inLanguage\":\"fr-FR\",\"potentialAction\":[{\"@type\":\"ReadAction\",\"target\":[\"https:\\\/\\\/www.webdo.tn\\\/fr\\\/actualite\\\/national\\\/litalie-crie-au-loup-face-a-la-situation-bouillonnante-des-pays-africains\\\/172996\\\/\"]}]},{\"@type\":\"ImageObject\",\"inLanguage\":\"fr-FR\",\"@id\":\"https:\\\/\\\/www.webdo.tn\\\/fr\\\/actualite\\\/national\\\/litalie-crie-au-loup-face-a-la-situation-bouillonnante-des-pays-africains\\\/172996\\\/#primaryimage\",\"url\":\"https:\\\/\\\/www.webdo.tn\\\/fr\\\/wp-content\\\/uploads\\\/2011\\\/02\\\/Clandestins-italie0211-300x259-1.jpg\",\"contentUrl\":\"https:\\\/\\\/www.webdo.tn\\\/fr\\\/wp-content\\\/uploads\\\/2011\\\/02\\\/Clandestins-italie0211-300x259-1.jpg\",\"width\":300,\"height\":259,\"caption\":\"L'Italie crie au loup face \u00e0 la situation bouillonnante des pays africains\"},{\"@type\":\"BreadcrumbList\",\"@id\":\"https:\\\/\\\/www.webdo.tn\\\/fr\\\/actualite\\\/national\\\/litalie-crie-au-loup-face-a-la-situation-bouillonnante-des-pays-africains\\\/172996\\\/#breadcrumb\",\"itemListElement\":[{\"@type\":\"ListItem\",\"position\":1,\"name\":\"Accueil\",\"item\":\"https:\\\/\\\/www.webdo.tn\\\/fr\\\/\"},{\"@type\":\"ListItem\",\"position\":2,\"name\":\"L&rsquo;Italie crie au loup face \u00e0 la situation bouillonnante des pays africains\"}]},{\"@type\":\"WebSite\",\"@id\":\"https:\\\/\\\/www.webdo.tn\\\/fr\\\/#website\",\"url\":\"https:\\\/\\\/www.webdo.tn\\\/fr\\\/\",\"name\":\"webdo\",\"description\":\"Tunisie - News en Tunisie et \u00e0 l&#039;international sur Webdo.tn\",\"publisher\":{\"@id\":\"https:\\\/\\\/www.webdo.tn\\\/fr\\\/#organization\"},\"potentialAction\":[{\"@type\":\"SearchAction\",\"target\":{\"@type\":\"EntryPoint\",\"urlTemplate\":\"https:\\\/\\\/www.webdo.tn\\\/fr\\\/?s={search_term_string}\"},\"query-input\":{\"@type\":\"PropertyValueSpecification\",\"valueRequired\":true,\"valueName\":\"search_term_string\"}}],\"inLanguage\":\"fr-FR\"},{\"@type\":\"Organization\",\"@id\":\"https:\\\/\\\/www.webdo.tn\\\/fr\\\/#organization\",\"name\":\"Webdo\",\"alternateName\":\"Webdo.tn\",\"url\":\"https:\\\/\\\/www.webdo.tn\\\/fr\\\/\",\"logo\":{\"@type\":\"ImageObject\",\"inLanguage\":\"fr-FR\",\"@id\":\"https:\\\/\\\/www.webdo.tn\\\/fr\\\/#\\\/schema\\\/logo\\\/image\\\/\",\"url\":\"https:\\\/\\\/www.webdo.tn\\\/fr\\\/wp-content\\\/uploads\\\/2025\\\/06\\\/Webdo-Tunisie_168377.jpg\",\"contentUrl\":\"https:\\\/\\\/www.webdo.tn\\\/fr\\\/wp-content\\\/uploads\\\/2025\\\/06\\\/Webdo-Tunisie_168377.jpg\",\"width\":301,\"height\":301,\"caption\":\"Webdo\"},\"image\":{\"@id\":\"https:\\\/\\\/www.webdo.tn\\\/fr\\\/#\\\/schema\\\/logo\\\/image\\\/\"},\"sameAs\":[\"https:\\\/\\\/www.facebook.com\\\/webdotn\",\"https:\\\/\\\/x.com\\\/webdo_tn\"],\"description\":\"Webdo est un m\u00e9dia num\u00e9rique tunisien fond\u00e9 en 2010, sp\u00e9cialis\u00e9 dans l\u2019actualit\u00e9 nationale et internationale, l\u2019\u00e9conomie, la soci\u00e9t\u00e9 et les analyses politiques. Le site s\u2019adresse \u00e0 un large public francophone et couvre l\u2019information tunisienne en temps r\u00e9el.\",\"email\":\"redac@webdo.tn\",\"legalName\":\"YNJ SARL\",\"foundingDate\":\"2010-09-06\",\"numberOfEmployees\":{\"@type\":\"QuantitativeValue\",\"minValue\":\"11\",\"maxValue\":\"50\"}},{\"@type\":\"Person\",\"@id\":\"https:\\\/\\\/www.webdo.tn\\\/fr\\\/#\\\/schema\\\/person\\\/9a9c6118d687c117df8ef3cc36a4d175\",\"name\":\"webdo.tn\",\"image\":{\"@type\":\"ImageObject\",\"inLanguage\":\"fr-FR\",\"@id\":\"https:\\\/\\\/secure.gravatar.com\\\/avatar\\\/7ce1f28c0c3bbac99ff550b85ef8e44a6950c6ee24514fb6a5489e51d06f0298?s=96&d=mm&r=g\",\"url\":\"https:\\\/\\\/secure.gravatar.com\\\/avatar\\\/7ce1f28c0c3bbac99ff550b85ef8e44a6950c6ee24514fb6a5489e51d06f0298?s=96&d=mm&r=g\",\"contentUrl\":\"https:\\\/\\\/secure.gravatar.com\\\/avatar\\\/7ce1f28c0c3bbac99ff550b85ef8e44a6950c6ee24514fb6a5489e51d06f0298?s=96&d=mm&r=g\",\"caption\":\"webdo.tn\"},\"url\":\"https:\\\/\\\/www.webdo.tn\\\/fr\\\/actualite\\\/author\\\/webdotn\\\/\"}]}<\/script>\n<!-- \/ Yoast SEO Premium plugin. -->","yoast_head_json":{"title":"L'Italie crie au loup face \u00e0 la situation bouillonnante des pays africains","description":"L'Italie crie au loup face \u00e0 la situation bouillonnante des pays africains","canonical":"https:\/\/www.webdo.tn\/fr\/actualite\/national\/litalie-crie-au-loup-face-a-la-situation-bouillonnante-des-pays-africains\/172996\/","og_locale":"fr_FR","og_type":"article","og_title":"L'Italie crie au loup face \u00e0 la situation bouillonnante des pays africains","og_description":"L'Italie crie au loup face \u00e0 la situation bouillonnante des pays africains","og_url":"https:\/\/www.webdo.tn\/fr\/actualite\/national\/litalie-crie-au-loup-face-a-la-situation-bouillonnante-des-pays-africains\/172996\/","og_site_name":"webdo","article_publisher":"https:\/\/www.facebook.com\/webdotn","article_published_time":"2011-02-25T09:25:00+00:00","og_image":[{"width":300,"height":259,"url":"https:\/\/www.webdo.tn\/fr\/wp-content\/uploads\/2011\/02\/Clandestins-italie0211-300x259-1.jpg","type":"image\/jpeg"}],"author":"webdo.tn","twitter_card":"summary_large_image","twitter_creator":"@webdo_tn","twitter_site":"@webdo_tn","twitter_misc":{"\u00c9crit par":"webdo.tn","Dur\u00e9e de lecture estim\u00e9e":"2 minutes"},"schema":{"@context":"https:\/\/schema.org","@graph":[{"@type":"NewsArticle","@id":"https:\/\/www.webdo.tn\/fr\/actualite\/national\/litalie-crie-au-loup-face-a-la-situation-bouillonnante-des-pays-africains\/172996\/#article","isPartOf":{"@id":"https:\/\/www.webdo.tn\/fr\/actualite\/national\/litalie-crie-au-loup-face-a-la-situation-bouillonnante-des-pays-africains\/172996\/"},"author":{"name":"webdo.tn","@id":"https:\/\/www.webdo.tn\/fr\/#\/schema\/person\/9a9c6118d687c117df8ef3cc36a4d175"},"headline":"L&rsquo;Italie crie au loup face \u00e0 la situation bouillonnante des pays africains","datePublished":"2011-02-25T09:25:00+00:00","mainEntityOfPage":{"@id":"https:\/\/www.webdo.tn\/fr\/actualite\/national\/litalie-crie-au-loup-face-a-la-situation-bouillonnante-des-pays-africains\/172996\/"},"wordCount":374,"commentCount":0,"publisher":{"@id":"https:\/\/www.webdo.tn\/fr\/#organization"},"image":{"@id":"https:\/\/www.webdo.tn\/fr\/actualite\/national\/litalie-crie-au-loup-face-a-la-situation-bouillonnante-des-pays-africains\/172996\/#primaryimage"},"thumbnailUrl":"https:\/\/www.webdo.tn\/fr\/wp-content\/uploads\/2011\/02\/Clandestins-italie0211-300x259-1.jpg","articleSection":["National"],"inLanguage":"fr-FR"},{"@type":"WebPage","@id":"https:\/\/www.webdo.tn\/fr\/actualite\/national\/litalie-crie-au-loup-face-a-la-situation-bouillonnante-des-pays-africains\/172996\/","url":"https:\/\/www.webdo.tn\/fr\/actualite\/national\/litalie-crie-au-loup-face-a-la-situation-bouillonnante-des-pays-africains\/172996\/","name":"L'Italie crie au loup face \u00e0 la situation bouillonnante des pays africains","isPartOf":{"@id":"https:\/\/www.webdo.tn\/fr\/#website"},"primaryImageOfPage":{"@id":"https:\/\/www.webdo.tn\/fr\/actualite\/national\/litalie-crie-au-loup-face-a-la-situation-bouillonnante-des-pays-africains\/172996\/#primaryimage"},"image":{"@id":"https:\/\/www.webdo.tn\/fr\/actualite\/national\/litalie-crie-au-loup-face-a-la-situation-bouillonnante-des-pays-africains\/172996\/#primaryimage"},"thumbnailUrl":"https:\/\/www.webdo.tn\/fr\/wp-content\/uploads\/2011\/02\/Clandestins-italie0211-300x259-1.jpg","datePublished":"2011-02-25T09:25:00+00:00","description":"L'Italie crie au loup face \u00e0 la situation bouillonnante des pays africains","breadcrumb":{"@id":"https:\/\/www.webdo.tn\/fr\/actualite\/national\/litalie-crie-au-loup-face-a-la-situation-bouillonnante-des-pays-africains\/172996\/#breadcrumb"},"inLanguage":"fr-FR","potentialAction":[{"@type":"ReadAction","target":["https:\/\/www.webdo.tn\/fr\/actualite\/national\/litalie-crie-au-loup-face-a-la-situation-bouillonnante-des-pays-africains\/172996\/"]}]},{"@type":"ImageObject","inLanguage":"fr-FR","@id":"https:\/\/www.webdo.tn\/fr\/actualite\/national\/litalie-crie-au-loup-face-a-la-situation-bouillonnante-des-pays-africains\/172996\/#primaryimage","url":"https:\/\/www.webdo.tn\/fr\/wp-content\/uploads\/2011\/02\/Clandestins-italie0211-300x259-1.jpg","contentUrl":"https:\/\/www.webdo.tn\/fr\/wp-content\/uploads\/2011\/02\/Clandestins-italie0211-300x259-1.jpg","width":300,"height":259,"caption":"L'Italie crie au loup face \u00e0 la situation bouillonnante des pays africains"},{"@type":"BreadcrumbList","@id":"https:\/\/www.webdo.tn\/fr\/actualite\/national\/litalie-crie-au-loup-face-a-la-situation-bouillonnante-des-pays-africains\/172996\/#breadcrumb","itemListElement":[{"@type":"ListItem","position":1,"name":"Accueil","item":"https:\/\/www.webdo.tn\/fr\/"},{"@type":"ListItem","position":2,"name":"L&rsquo;Italie crie au loup face \u00e0 la situation bouillonnante des pays africains"}]},{"@type":"WebSite","@id":"https:\/\/www.webdo.tn\/fr\/#website","url":"https:\/\/www.webdo.tn\/fr\/","name":"webdo","description":"Tunisie - News en Tunisie et \u00e0 l&#039;international sur Webdo.tn","publisher":{"@id":"https:\/\/www.webdo.tn\/fr\/#organization"},"potentialAction":[{"@type":"SearchAction","target":{"@type":"EntryPoint","urlTemplate":"https:\/\/www.webdo.tn\/fr\/?s={search_term_string}"},"query-input":{"@type":"PropertyValueSpecification","valueRequired":true,"valueName":"search_term_string"}}],"inLanguage":"fr-FR"},{"@type":"Organization","@id":"https:\/\/www.webdo.tn\/fr\/#organization","name":"Webdo","alternateName":"Webdo.tn","url":"https:\/\/www.webdo.tn\/fr\/","logo":{"@type":"ImageObject","inLanguage":"fr-FR","@id":"https:\/\/www.webdo.tn\/fr\/#\/schema\/logo\/image\/","url":"https:\/\/www.webdo.tn\/fr\/wp-content\/uploads\/2025\/06\/Webdo-Tunisie_168377.jpg","contentUrl":"https:\/\/www.webdo.tn\/fr\/wp-content\/uploads\/2025\/06\/Webdo-Tunisie_168377.jpg","width":301,"height":301,"caption":"Webdo"},"image":{"@id":"https:\/\/www.webdo.tn\/fr\/#\/schema\/logo\/image\/"},"sameAs":["https:\/\/www.facebook.com\/webdotn","https:\/\/x.com\/webdo_tn"],"description":"Webdo est un m\u00e9dia num\u00e9rique tunisien fond\u00e9 en 2010, sp\u00e9cialis\u00e9 dans l\u2019actualit\u00e9 nationale et internationale, l\u2019\u00e9conomie, la soci\u00e9t\u00e9 et les analyses politiques. Le site s\u2019adresse \u00e0 un large public francophone et couvre l\u2019information tunisienne en temps r\u00e9el.","email":"redac@webdo.tn","legalName":"YNJ SARL","foundingDate":"2010-09-06","numberOfEmployees":{"@type":"QuantitativeValue","minValue":"11","maxValue":"50"}},{"@type":"Person","@id":"https:\/\/www.webdo.tn\/fr\/#\/schema\/person\/9a9c6118d687c117df8ef3cc36a4d175","name":"webdo.tn","image":{"@type":"ImageObject","inLanguage":"fr-FR","@id":"https:\/\/secure.gravatar.com\/avatar\/7ce1f28c0c3bbac99ff550b85ef8e44a6950c6ee24514fb6a5489e51d06f0298?s=96&d=mm&r=g","url":"https:\/\/secure.gravatar.com\/avatar\/7ce1f28c0c3bbac99ff550b85ef8e44a6950c6ee24514fb6a5489e51d06f0298?s=96&d=mm&r=g","contentUrl":"https:\/\/secure.gravatar.com\/avatar\/7ce1f28c0c3bbac99ff550b85ef8e44a6950c6ee24514fb6a5489e51d06f0298?s=96&d=mm&r=g","caption":"webdo.tn"},"url":"https:\/\/www.webdo.tn\/fr\/actualite\/author\/webdotn\/"}]}},"_links":{"self":[{"href":"https:\/\/www.webdo.tn\/fr\/wp-json\/wp\/v2\/posts\/172996","targetHints":{"allow":["GET"]}}],"collection":[{"href":"https:\/\/www.webdo.tn\/fr\/wp-json\/wp\/v2\/posts"}],"about":[{"href":"https:\/\/www.webdo.tn\/fr\/wp-json\/wp\/v2\/types\/post"}],"author":[{"embeddable":true,"href":"https:\/\/www.webdo.tn\/fr\/wp-json\/wp\/v2\/users\/3222"}],"replies":[{"embeddable":true,"href":"https:\/\/www.webdo.tn\/fr\/wp-json\/wp\/v2\/comments?post=172996"}],"version-history":[{"count":0,"href":"https:\/\/www.webdo.tn\/fr\/wp-json\/wp\/v2\/posts\/172996\/revisions"}],"wp:featuredmedia":[{"embeddable":true,"href":"https:\/\/www.webdo.tn\/fr\/wp-json\/wp\/v2\/media\/365553"}],"wp:attachment":[{"href":"https:\/\/www.webdo.tn\/fr\/wp-json\/wp\/v2\/media?parent=172996"}],"wp:term":[{"taxonomy":"category","embeddable":true,"href":"https:\/\/www.webdo.tn\/fr\/wp-json\/wp\/v2\/categories?post=172996"},{"taxonomy":"post_tag","embeddable":true,"href":"https:\/\/www.webdo.tn\/fr\/wp-json\/wp\/v2\/tags?post=172996"}],"curies":[{"name":"wp","href":"https:\/\/api.w.org\/{rel}","templated":true}]}}