{"id":172991,"date":"2011-02-25T18:44:00","date_gmt":"2011-02-25T18:44:00","guid":{"rendered":"https:\/\/www.webdo.tn\/fr\/actualite\/blog\/priere-vendredi-kasbaa-bouazizi-martyr-parce-qu-il-a-perdu-la-raison\/172991\/"},"modified":"2011-02-25T18:44:00","modified_gmt":"2011-02-25T18:44:00","slug":"priere-vendredi-kasbaa-bouazizi-martyr-parce-qu-il-a-perdu-la-raison","status":"publish","type":"post","link":"https:\/\/www.webdo.tn\/fr\/actualite\/national\/priere-vendredi-kasbaa-bouazizi-martyr-parce-qu-il-a-perdu-la-raison\/172991\/","title":{"rendered":"Pri\u00e8re du vendredi \u00e0 la Kasbaa : Bouazizi serait un martyr parce qu&rsquo;il a perdu la raison ?"},"content":{"rendered":"<p>Une partie de la foule rassembl\u00e9e aujourd&rsquo;hui \u00e0 La Kasbaa a r\u00e9pondu \u00e0 l&rsquo;appel \u00e0 la pri\u00e8re du Vendredi. Sur la place m\u00eame, un espace a \u00e9t\u00e9 r\u00e9serv\u00e9 \u00e0 cet effet.<\/p>\n<p>Le pr\u00eache du vendredi a commenc\u00e9 par une explication sur le d\u00e9c\u00e8s de Mohammed Bouazizi, l&rsquo;imam affirme que c&rsquo;est un martyr et pour cause :  \u00ab\u00a0Il avait perdu la raison et ne peut donc \u00eatre responsable de ses actes\u00a0\u00bb ( \u0641\u064e\u0642\u064e\u064e\u062f\u064e \u0648\u064e\u0639\u0652\u064a\u064e\u0647\u064f \u0648 \u0644\u0627 \u064a\u064f\u0624\u062e\u064e\u0630\u064f \u0639\u0644\u064a\u0647 ) .<\/p>\n<p>Incompr\u00e9hension, Bouazizi a donc perdu la t\u00eate quand il s&rsquo;est immol\u00e9 ? Il serait donc devenu tel un fou, et ne peut \u00eatre tenu responsable de ses actes. C&rsquo;est ainsi que les portes du paradis lui seront ouvertes.<\/p>\n<p>Karadhaoui  avait d\u00e9clar\u00e9 qu&rsquo; \u00ab\u00a0aux yeux de l&rsquo;Islam, ce jeune a commis un p\u00each\u00e9 majeur  en  mettant fin \u00e0 sa vie. En se suicidant, ce jeune a secou\u00e9 toute la   communaut\u00e9 arabo-musulmane. Nous implorons Dieu pour qu&rsquo;Il lui  pardonne\u00a0\u00bb.<\/p>\n<p>Selon  Karadhaoui, Bouazizi entrera au paradis si Dieu lui pardonne et pour  cel\u00e0, il \u00ab\u00a0appelle le  peuple tunisien  et les musulmans \u00e0 implorer Dieu  pour qu&rsquo;Il lui pardonne  son geste\u00a0\u00bb.<\/p>\n<p>Martyr ou pas ? Ce n&rsquo;est pas l&rsquo;Imam qui le dira.<\/p>\n<p>Cet Imam n&rsquo;a pas h\u00e9sit\u00e9 par ailleurs \u00e0 rappeler aussi que \u00ab\u00a0la Tunisie est la terre des  musulmans, des lib\u00e9raux, des communistes et les adeptes des autres  croyances et religions aussi\u00a0\u00bb. Communisme et lib\u00e9ralisme sont des croyances ou des religions pour lui ? L\u00e0, c&rsquo;est une autre histoire&#8230;<\/p>\n","protected":false},"excerpt":{"rendered":"<p>Pri\u00e8re du vendredi \u00e0 la Kasbaa : Bouazizi serait un martyr parce qu&rsquo;il a perdu la raison ?<\/p>\n","protected":false},"author":3222,"featured_media":365557,"comment_status":"open","ping_status":"closed","sticky":false,"template":"","format":"standard","meta":{"footnotes":""},"categories":[44],"tags":[],"class_list":["post-172991","post","type-post","status-publish","format-standard","has-post-thumbnail","hentry","category-national"],"yoast_head":"<!-- This site is optimized with the Yoast SEO Premium plugin v27.4 (Yoast SEO v27.4) - https:\/\/yoast.com\/product\/yoast-seo-premium-wordpress\/ -->\n<title>Pri\u00e8re du vendredi \u00e0 la Kasbaa : Bouazizi serait un martyr parce qu&#039;il a perdu la raison ?<\/title>\n<meta name=\"description\" content=\"Pri\u00e8re du vendredi \u00e0 la Kasbaa : Bouazizi serait un martyr parce qu&#039;il a perdu la raison ?\" \/>\n<link rel=\"canonical\" href=\"https:\/\/www.webdo.tn\/fr\/actualite\/national\/priere-vendredi-kasbaa-bouazizi-martyr-parce-qu-il-a-perdu-la-raison\/172991\/\" \/>\n<meta property=\"og:locale\" content=\"fr_FR\" \/>\n<meta property=\"og:type\" content=\"article\" \/>\n<meta property=\"og:title\" content=\"Pri\u00e8re du vendredi \u00e0 la Kasbaa : Bouazizi serait un martyr parce qu&#039;il a perdu la raison ?\" \/>\n<meta property=\"og:description\" content=\"Pri\u00e8re du vendredi \u00e0 la Kasbaa : Bouazizi serait un martyr parce qu&#039;il a perdu la raison ?\" \/>\n<meta property=\"og:url\" content=\"https:\/\/www.webdo.tn\/fr\/actualite\/national\/priere-vendredi-kasbaa-bouazizi-martyr-parce-qu-il-a-perdu-la-raison\/172991\/\" \/>\n<meta property=\"og:site_name\" content=\"webdo\" \/>\n<meta property=\"article:publisher\" content=\"https:\/\/www.facebook.com\/webdotn\" \/>\n<meta property=\"article:published_time\" content=\"2011-02-25T18:44:00+00:00\" \/>\n<meta property=\"og:image\" content=\"https:\/\/www.webdo.tn\/fr\/wp-content\/uploads\/2011\/02\/portrait-mohamed-bouazizi-300x225-1.png\" \/>\n\t<meta property=\"og:image:width\" content=\"300\" \/>\n\t<meta property=\"og:image:height\" content=\"225\" \/>\n\t<meta property=\"og:image:type\" content=\"image\/png\" \/>\n<meta name=\"author\" content=\"webdo.tn\" \/>\n<meta name=\"twitter:card\" content=\"summary_large_image\" \/>\n<meta name=\"twitter:creator\" content=\"@webdo_tn\" \/>\n<meta name=\"twitter:site\" content=\"@webdo_tn\" \/>\n<meta name=\"twitter:label1\" content=\"\u00c9crit par\" \/>\n\t<meta name=\"twitter:data1\" content=\"webdo.tn\" \/>\n\t<meta name=\"twitter:label2\" content=\"Dur\u00e9e de lecture estim\u00e9e\" \/>\n\t<meta name=\"twitter:data2\" content=\"1 minute\" \/>\n<script type=\"application\/ld+json\" class=\"yoast-schema-graph\">{\"@context\":\"https:\\\/\\\/schema.org\",\"@graph\":[{\"@type\":\"NewsArticle\",\"@id\":\"https:\\\/\\\/www.webdo.tn\\\/fr\\\/actualite\\\/national\\\/priere-vendredi-kasbaa-bouazizi-martyr-parce-qu-il-a-perdu-la-raison\\\/172991\\\/#article\",\"isPartOf\":{\"@id\":\"https:\\\/\\\/www.webdo.tn\\\/fr\\\/actualite\\\/national\\\/priere-vendredi-kasbaa-bouazizi-martyr-parce-qu-il-a-perdu-la-raison\\\/172991\\\/\"},\"author\":{\"name\":\"webdo.tn\",\"@id\":\"https:\\\/\\\/www.webdo.tn\\\/fr\\\/#\\\/schema\\\/person\\\/9a9c6118d687c117df8ef3cc36a4d175\"},\"headline\":\"Pri\u00e8re du vendredi \u00e0 la Kasbaa : Bouazizi serait un martyr parce qu&rsquo;il a perdu la raison ?\",\"datePublished\":\"2011-02-25T18:44:00+00:00\",\"mainEntityOfPage\":{\"@id\":\"https:\\\/\\\/www.webdo.tn\\\/fr\\\/actualite\\\/national\\\/priere-vendredi-kasbaa-bouazizi-martyr-parce-qu-il-a-perdu-la-raison\\\/172991\\\/\"},\"wordCount\":270,\"commentCount\":0,\"publisher\":{\"@id\":\"https:\\\/\\\/www.webdo.tn\\\/fr\\\/#organization\"},\"image\":{\"@id\":\"https:\\\/\\\/www.webdo.tn\\\/fr\\\/actualite\\\/national\\\/priere-vendredi-kasbaa-bouazizi-martyr-parce-qu-il-a-perdu-la-raison\\\/172991\\\/#primaryimage\"},\"thumbnailUrl\":\"https:\\\/\\\/www.webdo.tn\\\/fr\\\/wp-content\\\/uploads\\\/2011\\\/02\\\/portrait-mohamed-bouazizi-300x225-1.png\",\"articleSection\":[\"National\"],\"inLanguage\":\"fr-FR\"},{\"@type\":\"WebPage\",\"@id\":\"https:\\\/\\\/www.webdo.tn\\\/fr\\\/actualite\\\/national\\\/priere-vendredi-kasbaa-bouazizi-martyr-parce-qu-il-a-perdu-la-raison\\\/172991\\\/\",\"url\":\"https:\\\/\\\/www.webdo.tn\\\/fr\\\/actualite\\\/national\\\/priere-vendredi-kasbaa-bouazizi-martyr-parce-qu-il-a-perdu-la-raison\\\/172991\\\/\",\"name\":\"Pri\u00e8re du vendredi \u00e0 la Kasbaa : Bouazizi serait un martyr parce qu'il a perdu la raison ?\",\"isPartOf\":{\"@id\":\"https:\\\/\\\/www.webdo.tn\\\/fr\\\/#website\"},\"primaryImageOfPage\":{\"@id\":\"https:\\\/\\\/www.webdo.tn\\\/fr\\\/actualite\\\/national\\\/priere-vendredi-kasbaa-bouazizi-martyr-parce-qu-il-a-perdu-la-raison\\\/172991\\\/#primaryimage\"},\"image\":{\"@id\":\"https:\\\/\\\/www.webdo.tn\\\/fr\\\/actualite\\\/national\\\/priere-vendredi-kasbaa-bouazizi-martyr-parce-qu-il-a-perdu-la-raison\\\/172991\\\/#primaryimage\"},\"thumbnailUrl\":\"https:\\\/\\\/www.webdo.tn\\\/fr\\\/wp-content\\\/uploads\\\/2011\\\/02\\\/portrait-mohamed-bouazizi-300x225-1.png\",\"datePublished\":\"2011-02-25T18:44:00+00:00\",\"description\":\"Pri\u00e8re du vendredi \u00e0 la Kasbaa : Bouazizi serait un martyr parce qu'il a perdu la raison ?\",\"breadcrumb\":{\"@id\":\"https:\\\/\\\/www.webdo.tn\\\/fr\\\/actualite\\\/national\\\/priere-vendredi-kasbaa-bouazizi-martyr-parce-qu-il-a-perdu-la-raison\\\/172991\\\/#breadcrumb\"},\"inLanguage\":\"fr-FR\",\"potentialAction\":[{\"@type\":\"ReadAction\",\"target\":[\"https:\\\/\\\/www.webdo.tn\\\/fr\\\/actualite\\\/national\\\/priere-vendredi-kasbaa-bouazizi-martyr-parce-qu-il-a-perdu-la-raison\\\/172991\\\/\"]}]},{\"@type\":\"ImageObject\",\"inLanguage\":\"fr-FR\",\"@id\":\"https:\\\/\\\/www.webdo.tn\\\/fr\\\/actualite\\\/national\\\/priere-vendredi-kasbaa-bouazizi-martyr-parce-qu-il-a-perdu-la-raison\\\/172991\\\/#primaryimage\",\"url\":\"https:\\\/\\\/www.webdo.tn\\\/fr\\\/wp-content\\\/uploads\\\/2011\\\/02\\\/portrait-mohamed-bouazizi-300x225-1.png\",\"contentUrl\":\"https:\\\/\\\/www.webdo.tn\\\/fr\\\/wp-content\\\/uploads\\\/2011\\\/02\\\/portrait-mohamed-bouazizi-300x225-1.png\",\"width\":300,\"height\":225,\"caption\":\"Pri\u00e8re du vendredi \u00e0 la Kasbaa : Bouazizi serait un martyr parce qu'il a perdu la raison ?\"},{\"@type\":\"BreadcrumbList\",\"@id\":\"https:\\\/\\\/www.webdo.tn\\\/fr\\\/actualite\\\/national\\\/priere-vendredi-kasbaa-bouazizi-martyr-parce-qu-il-a-perdu-la-raison\\\/172991\\\/#breadcrumb\",\"itemListElement\":[{\"@type\":\"ListItem\",\"position\":1,\"name\":\"Accueil\",\"item\":\"https:\\\/\\\/www.webdo.tn\\\/fr\\\/\"},{\"@type\":\"ListItem\",\"position\":2,\"name\":\"Pri\u00e8re du vendredi \u00e0 la Kasbaa : Bouazizi serait un martyr parce qu&rsquo;il a perdu la raison ?\"}]},{\"@type\":\"WebSite\",\"@id\":\"https:\\\/\\\/www.webdo.tn\\\/fr\\\/#website\",\"url\":\"https:\\\/\\\/www.webdo.tn\\\/fr\\\/\",\"name\":\"webdo\",\"description\":\"Tunisie - News en Tunisie et \u00e0 l&#039;international sur Webdo.tn\",\"publisher\":{\"@id\":\"https:\\\/\\\/www.webdo.tn\\\/fr\\\/#organization\"},\"potentialAction\":[{\"@type\":\"SearchAction\",\"target\":{\"@type\":\"EntryPoint\",\"urlTemplate\":\"https:\\\/\\\/www.webdo.tn\\\/fr\\\/?s={search_term_string}\"},\"query-input\":{\"@type\":\"PropertyValueSpecification\",\"valueRequired\":true,\"valueName\":\"search_term_string\"}}],\"inLanguage\":\"fr-FR\"},{\"@type\":\"Organization\",\"@id\":\"https:\\\/\\\/www.webdo.tn\\\/fr\\\/#organization\",\"name\":\"Webdo\",\"alternateName\":\"Webdo.tn\",\"url\":\"https:\\\/\\\/www.webdo.tn\\\/fr\\\/\",\"logo\":{\"@type\":\"ImageObject\",\"inLanguage\":\"fr-FR\",\"@id\":\"https:\\\/\\\/www.webdo.tn\\\/fr\\\/#\\\/schema\\\/logo\\\/image\\\/\",\"url\":\"https:\\\/\\\/www.webdo.tn\\\/fr\\\/wp-content\\\/uploads\\\/2025\\\/06\\\/Webdo-Tunisie_168377.jpg\",\"contentUrl\":\"https:\\\/\\\/www.webdo.tn\\\/fr\\\/wp-content\\\/uploads\\\/2025\\\/06\\\/Webdo-Tunisie_168377.jpg\",\"width\":301,\"height\":301,\"caption\":\"Webdo\"},\"image\":{\"@id\":\"https:\\\/\\\/www.webdo.tn\\\/fr\\\/#\\\/schema\\\/logo\\\/image\\\/\"},\"sameAs\":[\"https:\\\/\\\/www.facebook.com\\\/webdotn\",\"https:\\\/\\\/x.com\\\/webdo_tn\"],\"description\":\"Webdo est un m\u00e9dia num\u00e9rique tunisien fond\u00e9 en 2010, sp\u00e9cialis\u00e9 dans l\u2019actualit\u00e9 nationale et internationale, l\u2019\u00e9conomie, la soci\u00e9t\u00e9 et les analyses politiques. Le site s\u2019adresse \u00e0 un large public francophone et couvre l\u2019information tunisienne en temps r\u00e9el.\",\"email\":\"redac@webdo.tn\",\"legalName\":\"YNJ SARL\",\"foundingDate\":\"2010-09-06\",\"numberOfEmployees\":{\"@type\":\"QuantitativeValue\",\"minValue\":\"11\",\"maxValue\":\"50\"}},{\"@type\":\"Person\",\"@id\":\"https:\\\/\\\/www.webdo.tn\\\/fr\\\/#\\\/schema\\\/person\\\/9a9c6118d687c117df8ef3cc36a4d175\",\"name\":\"webdo.tn\",\"image\":{\"@type\":\"ImageObject\",\"inLanguage\":\"fr-FR\",\"@id\":\"https:\\\/\\\/secure.gravatar.com\\\/avatar\\\/7ce1f28c0c3bbac99ff550b85ef8e44a6950c6ee24514fb6a5489e51d06f0298?s=96&d=mm&r=g\",\"url\":\"https:\\\/\\\/secure.gravatar.com\\\/avatar\\\/7ce1f28c0c3bbac99ff550b85ef8e44a6950c6ee24514fb6a5489e51d06f0298?s=96&d=mm&r=g\",\"contentUrl\":\"https:\\\/\\\/secure.gravatar.com\\\/avatar\\\/7ce1f28c0c3bbac99ff550b85ef8e44a6950c6ee24514fb6a5489e51d06f0298?s=96&d=mm&r=g\",\"caption\":\"webdo.tn\"},\"url\":\"https:\\\/\\\/www.webdo.tn\\\/fr\\\/actualite\\\/author\\\/webdotn\\\/\"}]}<\/script>\n<!-- \/ Yoast SEO Premium plugin. -->","yoast_head_json":{"title":"Pri\u00e8re du vendredi \u00e0 la Kasbaa : Bouazizi serait un martyr parce qu'il a perdu la raison ?","description":"Pri\u00e8re du vendredi \u00e0 la Kasbaa : Bouazizi serait un martyr parce qu'il a perdu la raison ?","canonical":"https:\/\/www.webdo.tn\/fr\/actualite\/national\/priere-vendredi-kasbaa-bouazizi-martyr-parce-qu-il-a-perdu-la-raison\/172991\/","og_locale":"fr_FR","og_type":"article","og_title":"Pri\u00e8re du vendredi \u00e0 la Kasbaa : Bouazizi serait un martyr parce qu'il a perdu la raison ?","og_description":"Pri\u00e8re du vendredi \u00e0 la Kasbaa : Bouazizi serait un martyr parce qu'il a perdu la raison ?","og_url":"https:\/\/www.webdo.tn\/fr\/actualite\/national\/priere-vendredi-kasbaa-bouazizi-martyr-parce-qu-il-a-perdu-la-raison\/172991\/","og_site_name":"webdo","article_publisher":"https:\/\/www.facebook.com\/webdotn","article_published_time":"2011-02-25T18:44:00+00:00","og_image":[{"width":300,"height":225,"url":"https:\/\/www.webdo.tn\/fr\/wp-content\/uploads\/2011\/02\/portrait-mohamed-bouazizi-300x225-1.png","type":"image\/png"}],"author":"webdo.tn","twitter_card":"summary_large_image","twitter_creator":"@webdo_tn","twitter_site":"@webdo_tn","twitter_misc":{"\u00c9crit par":"webdo.tn","Dur\u00e9e de lecture estim\u00e9e":"1 minute"},"schema":{"@context":"https:\/\/schema.org","@graph":[{"@type":"NewsArticle","@id":"https:\/\/www.webdo.tn\/fr\/actualite\/national\/priere-vendredi-kasbaa-bouazizi-martyr-parce-qu-il-a-perdu-la-raison\/172991\/#article","isPartOf":{"@id":"https:\/\/www.webdo.tn\/fr\/actualite\/national\/priere-vendredi-kasbaa-bouazizi-martyr-parce-qu-il-a-perdu-la-raison\/172991\/"},"author":{"name":"webdo.tn","@id":"https:\/\/www.webdo.tn\/fr\/#\/schema\/person\/9a9c6118d687c117df8ef3cc36a4d175"},"headline":"Pri\u00e8re du vendredi \u00e0 la Kasbaa : Bouazizi serait un martyr parce qu&rsquo;il a perdu la raison ?","datePublished":"2011-02-25T18:44:00+00:00","mainEntityOfPage":{"@id":"https:\/\/www.webdo.tn\/fr\/actualite\/national\/priere-vendredi-kasbaa-bouazizi-martyr-parce-qu-il-a-perdu-la-raison\/172991\/"},"wordCount":270,"commentCount":0,"publisher":{"@id":"https:\/\/www.webdo.tn\/fr\/#organization"},"image":{"@id":"https:\/\/www.webdo.tn\/fr\/actualite\/national\/priere-vendredi-kasbaa-bouazizi-martyr-parce-qu-il-a-perdu-la-raison\/172991\/#primaryimage"},"thumbnailUrl":"https:\/\/www.webdo.tn\/fr\/wp-content\/uploads\/2011\/02\/portrait-mohamed-bouazizi-300x225-1.png","articleSection":["National"],"inLanguage":"fr-FR"},{"@type":"WebPage","@id":"https:\/\/www.webdo.tn\/fr\/actualite\/national\/priere-vendredi-kasbaa-bouazizi-martyr-parce-qu-il-a-perdu-la-raison\/172991\/","url":"https:\/\/www.webdo.tn\/fr\/actualite\/national\/priere-vendredi-kasbaa-bouazizi-martyr-parce-qu-il-a-perdu-la-raison\/172991\/","name":"Pri\u00e8re du vendredi \u00e0 la Kasbaa : Bouazizi serait un martyr parce qu'il a perdu la raison ?","isPartOf":{"@id":"https:\/\/www.webdo.tn\/fr\/#website"},"primaryImageOfPage":{"@id":"https:\/\/www.webdo.tn\/fr\/actualite\/national\/priere-vendredi-kasbaa-bouazizi-martyr-parce-qu-il-a-perdu-la-raison\/172991\/#primaryimage"},"image":{"@id":"https:\/\/www.webdo.tn\/fr\/actualite\/national\/priere-vendredi-kasbaa-bouazizi-martyr-parce-qu-il-a-perdu-la-raison\/172991\/#primaryimage"},"thumbnailUrl":"https:\/\/www.webdo.tn\/fr\/wp-content\/uploads\/2011\/02\/portrait-mohamed-bouazizi-300x225-1.png","datePublished":"2011-02-25T18:44:00+00:00","description":"Pri\u00e8re du vendredi \u00e0 la Kasbaa : Bouazizi serait un martyr parce qu'il a perdu la raison ?","breadcrumb":{"@id":"https:\/\/www.webdo.tn\/fr\/actualite\/national\/priere-vendredi-kasbaa-bouazizi-martyr-parce-qu-il-a-perdu-la-raison\/172991\/#breadcrumb"},"inLanguage":"fr-FR","potentialAction":[{"@type":"ReadAction","target":["https:\/\/www.webdo.tn\/fr\/actualite\/national\/priere-vendredi-kasbaa-bouazizi-martyr-parce-qu-il-a-perdu-la-raison\/172991\/"]}]},{"@type":"ImageObject","inLanguage":"fr-FR","@id":"https:\/\/www.webdo.tn\/fr\/actualite\/national\/priere-vendredi-kasbaa-bouazizi-martyr-parce-qu-il-a-perdu-la-raison\/172991\/#primaryimage","url":"https:\/\/www.webdo.tn\/fr\/wp-content\/uploads\/2011\/02\/portrait-mohamed-bouazizi-300x225-1.png","contentUrl":"https:\/\/www.webdo.tn\/fr\/wp-content\/uploads\/2011\/02\/portrait-mohamed-bouazizi-300x225-1.png","width":300,"height":225,"caption":"Pri\u00e8re du vendredi \u00e0 la Kasbaa : Bouazizi serait un martyr parce qu'il a perdu la raison ?"},{"@type":"BreadcrumbList","@id":"https:\/\/www.webdo.tn\/fr\/actualite\/national\/priere-vendredi-kasbaa-bouazizi-martyr-parce-qu-il-a-perdu-la-raison\/172991\/#breadcrumb","itemListElement":[{"@type":"ListItem","position":1,"name":"Accueil","item":"https:\/\/www.webdo.tn\/fr\/"},{"@type":"ListItem","position":2,"name":"Pri\u00e8re du vendredi \u00e0 la Kasbaa : Bouazizi serait un martyr parce qu&rsquo;il a perdu la raison ?"}]},{"@type":"WebSite","@id":"https:\/\/www.webdo.tn\/fr\/#website","url":"https:\/\/www.webdo.tn\/fr\/","name":"webdo","description":"Tunisie - News en Tunisie et \u00e0 l&#039;international sur Webdo.tn","publisher":{"@id":"https:\/\/www.webdo.tn\/fr\/#organization"},"potentialAction":[{"@type":"SearchAction","target":{"@type":"EntryPoint","urlTemplate":"https:\/\/www.webdo.tn\/fr\/?s={search_term_string}"},"query-input":{"@type":"PropertyValueSpecification","valueRequired":true,"valueName":"search_term_string"}}],"inLanguage":"fr-FR"},{"@type":"Organization","@id":"https:\/\/www.webdo.tn\/fr\/#organization","name":"Webdo","alternateName":"Webdo.tn","url":"https:\/\/www.webdo.tn\/fr\/","logo":{"@type":"ImageObject","inLanguage":"fr-FR","@id":"https:\/\/www.webdo.tn\/fr\/#\/schema\/logo\/image\/","url":"https:\/\/www.webdo.tn\/fr\/wp-content\/uploads\/2025\/06\/Webdo-Tunisie_168377.jpg","contentUrl":"https:\/\/www.webdo.tn\/fr\/wp-content\/uploads\/2025\/06\/Webdo-Tunisie_168377.jpg","width":301,"height":301,"caption":"Webdo"},"image":{"@id":"https:\/\/www.webdo.tn\/fr\/#\/schema\/logo\/image\/"},"sameAs":["https:\/\/www.facebook.com\/webdotn","https:\/\/x.com\/webdo_tn"],"description":"Webdo est un m\u00e9dia num\u00e9rique tunisien fond\u00e9 en 2010, sp\u00e9cialis\u00e9 dans l\u2019actualit\u00e9 nationale et internationale, l\u2019\u00e9conomie, la soci\u00e9t\u00e9 et les analyses politiques. Le site s\u2019adresse \u00e0 un large public francophone et couvre l\u2019information tunisienne en temps r\u00e9el.","email":"redac@webdo.tn","legalName":"YNJ SARL","foundingDate":"2010-09-06","numberOfEmployees":{"@type":"QuantitativeValue","minValue":"11","maxValue":"50"}},{"@type":"Person","@id":"https:\/\/www.webdo.tn\/fr\/#\/schema\/person\/9a9c6118d687c117df8ef3cc36a4d175","name":"webdo.tn","image":{"@type":"ImageObject","inLanguage":"fr-FR","@id":"https:\/\/secure.gravatar.com\/avatar\/7ce1f28c0c3bbac99ff550b85ef8e44a6950c6ee24514fb6a5489e51d06f0298?s=96&d=mm&r=g","url":"https:\/\/secure.gravatar.com\/avatar\/7ce1f28c0c3bbac99ff550b85ef8e44a6950c6ee24514fb6a5489e51d06f0298?s=96&d=mm&r=g","contentUrl":"https:\/\/secure.gravatar.com\/avatar\/7ce1f28c0c3bbac99ff550b85ef8e44a6950c6ee24514fb6a5489e51d06f0298?s=96&d=mm&r=g","caption":"webdo.tn"},"url":"https:\/\/www.webdo.tn\/fr\/actualite\/author\/webdotn\/"}]}},"_links":{"self":[{"href":"https:\/\/www.webdo.tn\/fr\/wp-json\/wp\/v2\/posts\/172991","targetHints":{"allow":["GET"]}}],"collection":[{"href":"https:\/\/www.webdo.tn\/fr\/wp-json\/wp\/v2\/posts"}],"about":[{"href":"https:\/\/www.webdo.tn\/fr\/wp-json\/wp\/v2\/types\/post"}],"author":[{"embeddable":true,"href":"https:\/\/www.webdo.tn\/fr\/wp-json\/wp\/v2\/users\/3222"}],"replies":[{"embeddable":true,"href":"https:\/\/www.webdo.tn\/fr\/wp-json\/wp\/v2\/comments?post=172991"}],"version-history":[{"count":0,"href":"https:\/\/www.webdo.tn\/fr\/wp-json\/wp\/v2\/posts\/172991\/revisions"}],"wp:featuredmedia":[{"embeddable":true,"href":"https:\/\/www.webdo.tn\/fr\/wp-json\/wp\/v2\/media\/365557"}],"wp:attachment":[{"href":"https:\/\/www.webdo.tn\/fr\/wp-json\/wp\/v2\/media?parent=172991"}],"wp:term":[{"taxonomy":"category","embeddable":true,"href":"https:\/\/www.webdo.tn\/fr\/wp-json\/wp\/v2\/categories?post=172991"},{"taxonomy":"post_tag","embeddable":true,"href":"https:\/\/www.webdo.tn\/fr\/wp-json\/wp\/v2\/tags?post=172991"}],"curies":[{"name":"wp","href":"https:\/\/api.w.org\/{rel}","templated":true}]}}