{"id":172989,"date":"2011-02-26T11:05:00","date_gmt":"2011-02-26T11:05:00","guid":{"rendered":"https:\/\/www.webdo.tn\/fr\/actualite\/blog\/y-aura-t-il-confiscation-des-parts-de-marouane-mabrouk-chez-orange-tunisie\/173949\/"},"modified":"2025-06-04T20:58:43","modified_gmt":"2025-06-04T20:58:43","slug":"y-aura-t-il-confiscation-des-parts-de-marouane-mabrouk-chez-orange-tunisie","status":"publish","type":"post","link":"https:\/\/www.webdo.tn\/fr\/actualite\/national\/y-aura-t-il-confiscation-des-parts-de-marouane-mabrouk-chez-orange-tunisie\/172989\/","title":{"rendered":"Y aura-t-il confiscation des parts de Marouane Mabrouk chez Orange Tunisie ?"},"content":{"rendered":"<p>L\u2019\u00e9tau se resserre autour de la famille du pr\u00e9sident d\u00e9chu Ben Ali. Alors que la plupart des avoirs de la famille de l\u2019ex-famille pr\u00e9sident ont \u00e9t\u00e9 gel\u00e9s par le gouvernement tunisien, plusieurs autres mesures seraient entrain d\u2019\u00eatre prises afin de confisquer les parts que poss\u00e8dent les diff\u00e9rents proches de Ben Ali dans plusieurs secteurs \u00e9conomiques.<\/p>\n<p>En effet, d\u2019apr\u00e8s un tweet de Slim Amamou, secr\u00e9taire d\u2019Etat charg\u00e9 de la jeunesse et des sports, la famille Mabrouk semble concern\u00e9e par des d\u00e9cisions prises par le conseil suite \u00e0 une r\u00e9union minist\u00e9rielle tenue le vendredi 25 f\u00e9vrier 2011. Parmi les mesures prises, on cite notamment la confiscation des biens de 111 personnes proches du pr\u00e9sident d\u00e9chu. Le site Tunisiehautd\u00e9bit.com a d&rsquo;ailleurs \u00e9t\u00e9 le premier \u00e0 faire le lien entre le tweet de Slim404 et la possibilit\u00e9 de confiscation des parts de Marouen Mabrouk chez Orange.<\/p>\n<p>En attendant une probable annonce officielle, nous pouvons lire sur le blog du journaliste Amine Kochlef que \u00ab la d\u00e9cision sera prise directement par le gouvernement et non par d\u00e9cision de justice pour \u00e9viter la possibilit\u00e9 de faire appel \u00bb. Rappelons que de pareilles mesures ont d\u00e9j\u00e0 \u00e9t\u00e9 entreprises afin de r\u00e9cup\u00e9rer les 25% de parts que poss\u00e8dent Sakher El Matri chez l\u2019op\u00e9rateur t\u00e9l\u00e9phonique Tunisiana. Le m\u00eame sort serait en train de tomber sur Marouane Mabrouk qui verrait ses parts chez Orange Tunisie confisqu\u00e9s par l&rsquo;\u00c9tat.<\/p>\n","protected":false},"excerpt":{"rendered":"<p>Y aura-t-il confiscation des parts de Marouane Mabrouk chez Orange Tunisie ?<\/p>\n","protected":false},"author":3222,"featured_media":365561,"comment_status":"open","ping_status":"closed","sticky":false,"template":"","format":"standard","meta":{"footnotes":""},"categories":[44],"tags":[],"class_list":["post-172989","post","type-post","status-publish","format-standard","has-post-thumbnail","hentry","category-national"],"yoast_head":"<!-- This site is optimized with the Yoast SEO Premium plugin v27.4 (Yoast SEO v27.4) - https:\/\/yoast.com\/product\/yoast-seo-premium-wordpress\/ -->\n<title>Y aura-t-il confiscation des parts de Marouane Mabrouk chez Orange Tunisie ?<\/title>\n<meta name=\"description\" content=\"Y aura-t-il confiscation des parts de Marouane Mabrouk chez Orange Tunisie ?\" \/>\n<link rel=\"canonical\" href=\"https:\/\/www.webdo.tn\/fr\/actualite\/mobile\/y-aura-t-il-confiscation-des-parts-de-marouane-mabrouk-chez-orange-tunisie\/172989\/\" \/>\n<meta property=\"og:locale\" content=\"fr_FR\" \/>\n<meta property=\"og:type\" content=\"article\" \/>\n<meta property=\"og:title\" content=\"Y aura-t-il confiscation des parts de Marouane Mabrouk chez Orange Tunisie ?\" \/>\n<meta property=\"og:description\" content=\"Y aura-t-il confiscation des parts de Marouane Mabrouk chez Orange Tunisie ?\" \/>\n<meta property=\"og:url\" content=\"https:\/\/www.webdo.tn\/fr\/actualite\/mobile\/y-aura-t-il-confiscation-des-parts-de-marouane-mabrouk-chez-orange-tunisie\/172989\/\" \/>\n<meta property=\"og:site_name\" content=\"webdo\" \/>\n<meta property=\"article:publisher\" content=\"https:\/\/www.facebook.com\/webdotn\" \/>\n<meta property=\"article:published_time\" content=\"2011-02-26T11:05:00+00:00\" \/>\n<meta property=\"article:modified_time\" content=\"2025-06-04T20:58:43+00:00\" \/>\n<meta property=\"og:image\" content=\"https:\/\/www.webdo.tn\/fr\/wp-content\/uploads\/2011\/02\/marouen-mabrouk-0201-150x150-1.jpg\" \/>\n\t<meta property=\"og:image:width\" content=\"150\" \/>\n\t<meta property=\"og:image:height\" content=\"150\" \/>\n\t<meta property=\"og:image:type\" content=\"image\/jpeg\" \/>\n<meta name=\"author\" content=\"webdo.tn\" \/>\n<meta name=\"twitter:card\" content=\"summary_large_image\" \/>\n<meta name=\"twitter:creator\" content=\"@webdo_tn\" \/>\n<meta name=\"twitter:site\" content=\"@webdo_tn\" \/>\n<meta name=\"twitter:label1\" content=\"\u00c9crit par\" \/>\n\t<meta name=\"twitter:data1\" content=\"webdo.tn\" \/>\n\t<meta name=\"twitter:label2\" content=\"Dur\u00e9e de lecture estim\u00e9e\" \/>\n\t<meta name=\"twitter:data2\" content=\"1 minute\" \/>\n<script type=\"application\/ld+json\" class=\"yoast-schema-graph\">{\"@context\":\"https:\\\/\\\/schema.org\",\"@graph\":[{\"@type\":\"NewsArticle\",\"@id\":\"https:\\\/\\\/www.webdo.tn\\\/fr\\\/actualite\\\/mobile\\\/y-aura-t-il-confiscation-des-parts-de-marouane-mabrouk-chez-orange-tunisie\\\/172989\\\/#article\",\"isPartOf\":{\"@id\":\"https:\\\/\\\/www.webdo.tn\\\/fr\\\/actualite\\\/mobile\\\/y-aura-t-il-confiscation-des-parts-de-marouane-mabrouk-chez-orange-tunisie\\\/172989\\\/\"},\"author\":{\"name\":\"webdo.tn\",\"@id\":\"https:\\\/\\\/www.webdo.tn\\\/fr\\\/#\\\/schema\\\/person\\\/9a9c6118d687c117df8ef3cc36a4d175\"},\"headline\":\"Y aura-t-il confiscation des parts de Marouane Mabrouk chez Orange Tunisie ?\",\"datePublished\":\"2011-02-26T11:05:00+00:00\",\"dateModified\":\"2025-06-04T20:58:43+00:00\",\"mainEntityOfPage\":{\"@id\":\"https:\\\/\\\/www.webdo.tn\\\/fr\\\/actualite\\\/mobile\\\/y-aura-t-il-confiscation-des-parts-de-marouane-mabrouk-chez-orange-tunisie\\\/172989\\\/\"},\"wordCount\":267,\"commentCount\":0,\"publisher\":{\"@id\":\"https:\\\/\\\/www.webdo.tn\\\/fr\\\/#organization\"},\"image\":{\"@id\":\"https:\\\/\\\/www.webdo.tn\\\/fr\\\/actualite\\\/mobile\\\/y-aura-t-il-confiscation-des-parts-de-marouane-mabrouk-chez-orange-tunisie\\\/172989\\\/#primaryimage\"},\"thumbnailUrl\":\"https:\\\/\\\/www.webdo.tn\\\/fr\\\/wp-content\\\/uploads\\\/2011\\\/02\\\/marouen-mabrouk-0201-150x150-1.jpg\",\"articleSection\":[\"National\"],\"inLanguage\":\"fr-FR\"},{\"@type\":\"WebPage\",\"@id\":\"https:\\\/\\\/www.webdo.tn\\\/fr\\\/actualite\\\/mobile\\\/y-aura-t-il-confiscation-des-parts-de-marouane-mabrouk-chez-orange-tunisie\\\/172989\\\/\",\"url\":\"https:\\\/\\\/www.webdo.tn\\\/fr\\\/actualite\\\/mobile\\\/y-aura-t-il-confiscation-des-parts-de-marouane-mabrouk-chez-orange-tunisie\\\/172989\\\/\",\"name\":\"Y aura-t-il confiscation des parts de Marouane Mabrouk chez Orange Tunisie ?\",\"isPartOf\":{\"@id\":\"https:\\\/\\\/www.webdo.tn\\\/fr\\\/#website\"},\"primaryImageOfPage\":{\"@id\":\"https:\\\/\\\/www.webdo.tn\\\/fr\\\/actualite\\\/mobile\\\/y-aura-t-il-confiscation-des-parts-de-marouane-mabrouk-chez-orange-tunisie\\\/172989\\\/#primaryimage\"},\"image\":{\"@id\":\"https:\\\/\\\/www.webdo.tn\\\/fr\\\/actualite\\\/mobile\\\/y-aura-t-il-confiscation-des-parts-de-marouane-mabrouk-chez-orange-tunisie\\\/172989\\\/#primaryimage\"},\"thumbnailUrl\":\"https:\\\/\\\/www.webdo.tn\\\/fr\\\/wp-content\\\/uploads\\\/2011\\\/02\\\/marouen-mabrouk-0201-150x150-1.jpg\",\"datePublished\":\"2011-02-26T11:05:00+00:00\",\"dateModified\":\"2025-06-04T20:58:43+00:00\",\"description\":\"Y aura-t-il confiscation des parts de Marouane Mabrouk chez Orange Tunisie ?\",\"breadcrumb\":{\"@id\":\"https:\\\/\\\/www.webdo.tn\\\/fr\\\/actualite\\\/mobile\\\/y-aura-t-il-confiscation-des-parts-de-marouane-mabrouk-chez-orange-tunisie\\\/172989\\\/#breadcrumb\"},\"inLanguage\":\"fr-FR\",\"potentialAction\":[{\"@type\":\"ReadAction\",\"target\":[\"https:\\\/\\\/www.webdo.tn\\\/fr\\\/actualite\\\/mobile\\\/y-aura-t-il-confiscation-des-parts-de-marouane-mabrouk-chez-orange-tunisie\\\/172989\\\/\"]}]},{\"@type\":\"ImageObject\",\"inLanguage\":\"fr-FR\",\"@id\":\"https:\\\/\\\/www.webdo.tn\\\/fr\\\/actualite\\\/mobile\\\/y-aura-t-il-confiscation-des-parts-de-marouane-mabrouk-chez-orange-tunisie\\\/172989\\\/#primaryimage\",\"url\":\"https:\\\/\\\/www.webdo.tn\\\/fr\\\/wp-content\\\/uploads\\\/2011\\\/02\\\/marouen-mabrouk-0201-150x150-1.jpg\",\"contentUrl\":\"https:\\\/\\\/www.webdo.tn\\\/fr\\\/wp-content\\\/uploads\\\/2011\\\/02\\\/marouen-mabrouk-0201-150x150-1.jpg\",\"width\":150,\"height\":150,\"caption\":\"Y aura-t-il confiscation des parts de Marouane Mabrouk chez Orange Tunisie ?\"},{\"@type\":\"BreadcrumbList\",\"@id\":\"https:\\\/\\\/www.webdo.tn\\\/fr\\\/actualite\\\/mobile\\\/y-aura-t-il-confiscation-des-parts-de-marouane-mabrouk-chez-orange-tunisie\\\/172989\\\/#breadcrumb\",\"itemListElement\":[{\"@type\":\"ListItem\",\"position\":1,\"name\":\"Accueil\",\"item\":\"https:\\\/\\\/www.webdo.tn\\\/fr\\\/\"},{\"@type\":\"ListItem\",\"position\":2,\"name\":\"Y aura-t-il confiscation des parts de Marouane Mabrouk chez Orange Tunisie ?\"}]},{\"@type\":\"WebSite\",\"@id\":\"https:\\\/\\\/www.webdo.tn\\\/fr\\\/#website\",\"url\":\"https:\\\/\\\/www.webdo.tn\\\/fr\\\/\",\"name\":\"webdo\",\"description\":\"Tunisie - News en Tunisie et \u00e0 l&#039;international sur Webdo.tn\",\"publisher\":{\"@id\":\"https:\\\/\\\/www.webdo.tn\\\/fr\\\/#organization\"},\"potentialAction\":[{\"@type\":\"SearchAction\",\"target\":{\"@type\":\"EntryPoint\",\"urlTemplate\":\"https:\\\/\\\/www.webdo.tn\\\/fr\\\/?s={search_term_string}\"},\"query-input\":{\"@type\":\"PropertyValueSpecification\",\"valueRequired\":true,\"valueName\":\"search_term_string\"}}],\"inLanguage\":\"fr-FR\"},{\"@type\":\"Organization\",\"@id\":\"https:\\\/\\\/www.webdo.tn\\\/fr\\\/#organization\",\"name\":\"Webdo\",\"alternateName\":\"Webdo.tn\",\"url\":\"https:\\\/\\\/www.webdo.tn\\\/fr\\\/\",\"logo\":{\"@type\":\"ImageObject\",\"inLanguage\":\"fr-FR\",\"@id\":\"https:\\\/\\\/www.webdo.tn\\\/fr\\\/#\\\/schema\\\/logo\\\/image\\\/\",\"url\":\"https:\\\/\\\/www.webdo.tn\\\/fr\\\/wp-content\\\/uploads\\\/2025\\\/06\\\/Webdo-Tunisie_168377.jpg\",\"contentUrl\":\"https:\\\/\\\/www.webdo.tn\\\/fr\\\/wp-content\\\/uploads\\\/2025\\\/06\\\/Webdo-Tunisie_168377.jpg\",\"width\":301,\"height\":301,\"caption\":\"Webdo\"},\"image\":{\"@id\":\"https:\\\/\\\/www.webdo.tn\\\/fr\\\/#\\\/schema\\\/logo\\\/image\\\/\"},\"sameAs\":[\"https:\\\/\\\/www.facebook.com\\\/webdotn\",\"https:\\\/\\\/x.com\\\/webdo_tn\"],\"description\":\"Webdo est un m\u00e9dia num\u00e9rique tunisien fond\u00e9 en 2010, sp\u00e9cialis\u00e9 dans l\u2019actualit\u00e9 nationale et internationale, l\u2019\u00e9conomie, la soci\u00e9t\u00e9 et les analyses politiques. Le site s\u2019adresse \u00e0 un large public francophone et couvre l\u2019information tunisienne en temps r\u00e9el.\",\"email\":\"redac@webdo.tn\",\"legalName\":\"YNJ SARL\",\"foundingDate\":\"2010-09-06\",\"numberOfEmployees\":{\"@type\":\"QuantitativeValue\",\"minValue\":\"11\",\"maxValue\":\"50\"}},{\"@type\":\"Person\",\"@id\":\"https:\\\/\\\/www.webdo.tn\\\/fr\\\/#\\\/schema\\\/person\\\/9a9c6118d687c117df8ef3cc36a4d175\",\"name\":\"webdo.tn\",\"image\":{\"@type\":\"ImageObject\",\"inLanguage\":\"fr-FR\",\"@id\":\"https:\\\/\\\/secure.gravatar.com\\\/avatar\\\/7ce1f28c0c3bbac99ff550b85ef8e44a6950c6ee24514fb6a5489e51d06f0298?s=96&d=mm&r=g\",\"url\":\"https:\\\/\\\/secure.gravatar.com\\\/avatar\\\/7ce1f28c0c3bbac99ff550b85ef8e44a6950c6ee24514fb6a5489e51d06f0298?s=96&d=mm&r=g\",\"contentUrl\":\"https:\\\/\\\/secure.gravatar.com\\\/avatar\\\/7ce1f28c0c3bbac99ff550b85ef8e44a6950c6ee24514fb6a5489e51d06f0298?s=96&d=mm&r=g\",\"caption\":\"webdo.tn\"},\"url\":\"https:\\\/\\\/www.webdo.tn\\\/fr\\\/actualite\\\/author\\\/webdotn\\\/\"}]}<\/script>\n<!-- \/ Yoast SEO Premium plugin. -->","yoast_head_json":{"title":"Y aura-t-il confiscation des parts de Marouane Mabrouk chez Orange Tunisie ?","description":"Y aura-t-il confiscation des parts de Marouane Mabrouk chez Orange Tunisie ?","canonical":"https:\/\/www.webdo.tn\/fr\/actualite\/mobile\/y-aura-t-il-confiscation-des-parts-de-marouane-mabrouk-chez-orange-tunisie\/172989\/","og_locale":"fr_FR","og_type":"article","og_title":"Y aura-t-il confiscation des parts de Marouane Mabrouk chez Orange Tunisie ?","og_description":"Y aura-t-il confiscation des parts de Marouane Mabrouk chez Orange Tunisie ?","og_url":"https:\/\/www.webdo.tn\/fr\/actualite\/mobile\/y-aura-t-il-confiscation-des-parts-de-marouane-mabrouk-chez-orange-tunisie\/172989\/","og_site_name":"webdo","article_publisher":"https:\/\/www.facebook.com\/webdotn","article_published_time":"2011-02-26T11:05:00+00:00","article_modified_time":"2025-06-04T20:58:43+00:00","og_image":[{"width":150,"height":150,"url":"https:\/\/www.webdo.tn\/fr\/wp-content\/uploads\/2011\/02\/marouen-mabrouk-0201-150x150-1.jpg","type":"image\/jpeg"}],"author":"webdo.tn","twitter_card":"summary_large_image","twitter_creator":"@webdo_tn","twitter_site":"@webdo_tn","twitter_misc":{"\u00c9crit par":"webdo.tn","Dur\u00e9e de lecture estim\u00e9e":"1 minute"},"schema":{"@context":"https:\/\/schema.org","@graph":[{"@type":"NewsArticle","@id":"https:\/\/www.webdo.tn\/fr\/actualite\/mobile\/y-aura-t-il-confiscation-des-parts-de-marouane-mabrouk-chez-orange-tunisie\/172989\/#article","isPartOf":{"@id":"https:\/\/www.webdo.tn\/fr\/actualite\/mobile\/y-aura-t-il-confiscation-des-parts-de-marouane-mabrouk-chez-orange-tunisie\/172989\/"},"author":{"name":"webdo.tn","@id":"https:\/\/www.webdo.tn\/fr\/#\/schema\/person\/9a9c6118d687c117df8ef3cc36a4d175"},"headline":"Y aura-t-il confiscation des parts de Marouane Mabrouk chez Orange Tunisie ?","datePublished":"2011-02-26T11:05:00+00:00","dateModified":"2025-06-04T20:58:43+00:00","mainEntityOfPage":{"@id":"https:\/\/www.webdo.tn\/fr\/actualite\/mobile\/y-aura-t-il-confiscation-des-parts-de-marouane-mabrouk-chez-orange-tunisie\/172989\/"},"wordCount":267,"commentCount":0,"publisher":{"@id":"https:\/\/www.webdo.tn\/fr\/#organization"},"image":{"@id":"https:\/\/www.webdo.tn\/fr\/actualite\/mobile\/y-aura-t-il-confiscation-des-parts-de-marouane-mabrouk-chez-orange-tunisie\/172989\/#primaryimage"},"thumbnailUrl":"https:\/\/www.webdo.tn\/fr\/wp-content\/uploads\/2011\/02\/marouen-mabrouk-0201-150x150-1.jpg","articleSection":["National"],"inLanguage":"fr-FR"},{"@type":"WebPage","@id":"https:\/\/www.webdo.tn\/fr\/actualite\/mobile\/y-aura-t-il-confiscation-des-parts-de-marouane-mabrouk-chez-orange-tunisie\/172989\/","url":"https:\/\/www.webdo.tn\/fr\/actualite\/mobile\/y-aura-t-il-confiscation-des-parts-de-marouane-mabrouk-chez-orange-tunisie\/172989\/","name":"Y aura-t-il confiscation des parts de Marouane Mabrouk chez Orange Tunisie ?","isPartOf":{"@id":"https:\/\/www.webdo.tn\/fr\/#website"},"primaryImageOfPage":{"@id":"https:\/\/www.webdo.tn\/fr\/actualite\/mobile\/y-aura-t-il-confiscation-des-parts-de-marouane-mabrouk-chez-orange-tunisie\/172989\/#primaryimage"},"image":{"@id":"https:\/\/www.webdo.tn\/fr\/actualite\/mobile\/y-aura-t-il-confiscation-des-parts-de-marouane-mabrouk-chez-orange-tunisie\/172989\/#primaryimage"},"thumbnailUrl":"https:\/\/www.webdo.tn\/fr\/wp-content\/uploads\/2011\/02\/marouen-mabrouk-0201-150x150-1.jpg","datePublished":"2011-02-26T11:05:00+00:00","dateModified":"2025-06-04T20:58:43+00:00","description":"Y aura-t-il confiscation des parts de Marouane Mabrouk chez Orange Tunisie ?","breadcrumb":{"@id":"https:\/\/www.webdo.tn\/fr\/actualite\/mobile\/y-aura-t-il-confiscation-des-parts-de-marouane-mabrouk-chez-orange-tunisie\/172989\/#breadcrumb"},"inLanguage":"fr-FR","potentialAction":[{"@type":"ReadAction","target":["https:\/\/www.webdo.tn\/fr\/actualite\/mobile\/y-aura-t-il-confiscation-des-parts-de-marouane-mabrouk-chez-orange-tunisie\/172989\/"]}]},{"@type":"ImageObject","inLanguage":"fr-FR","@id":"https:\/\/www.webdo.tn\/fr\/actualite\/mobile\/y-aura-t-il-confiscation-des-parts-de-marouane-mabrouk-chez-orange-tunisie\/172989\/#primaryimage","url":"https:\/\/www.webdo.tn\/fr\/wp-content\/uploads\/2011\/02\/marouen-mabrouk-0201-150x150-1.jpg","contentUrl":"https:\/\/www.webdo.tn\/fr\/wp-content\/uploads\/2011\/02\/marouen-mabrouk-0201-150x150-1.jpg","width":150,"height":150,"caption":"Y aura-t-il confiscation des parts de Marouane Mabrouk chez Orange Tunisie ?"},{"@type":"BreadcrumbList","@id":"https:\/\/www.webdo.tn\/fr\/actualite\/mobile\/y-aura-t-il-confiscation-des-parts-de-marouane-mabrouk-chez-orange-tunisie\/172989\/#breadcrumb","itemListElement":[{"@type":"ListItem","position":1,"name":"Accueil","item":"https:\/\/www.webdo.tn\/fr\/"},{"@type":"ListItem","position":2,"name":"Y aura-t-il confiscation des parts de Marouane Mabrouk chez Orange Tunisie ?"}]},{"@type":"WebSite","@id":"https:\/\/www.webdo.tn\/fr\/#website","url":"https:\/\/www.webdo.tn\/fr\/","name":"webdo","description":"Tunisie - News en Tunisie et \u00e0 l&#039;international sur Webdo.tn","publisher":{"@id":"https:\/\/www.webdo.tn\/fr\/#organization"},"potentialAction":[{"@type":"SearchAction","target":{"@type":"EntryPoint","urlTemplate":"https:\/\/www.webdo.tn\/fr\/?s={search_term_string}"},"query-input":{"@type":"PropertyValueSpecification","valueRequired":true,"valueName":"search_term_string"}}],"inLanguage":"fr-FR"},{"@type":"Organization","@id":"https:\/\/www.webdo.tn\/fr\/#organization","name":"Webdo","alternateName":"Webdo.tn","url":"https:\/\/www.webdo.tn\/fr\/","logo":{"@type":"ImageObject","inLanguage":"fr-FR","@id":"https:\/\/www.webdo.tn\/fr\/#\/schema\/logo\/image\/","url":"https:\/\/www.webdo.tn\/fr\/wp-content\/uploads\/2025\/06\/Webdo-Tunisie_168377.jpg","contentUrl":"https:\/\/www.webdo.tn\/fr\/wp-content\/uploads\/2025\/06\/Webdo-Tunisie_168377.jpg","width":301,"height":301,"caption":"Webdo"},"image":{"@id":"https:\/\/www.webdo.tn\/fr\/#\/schema\/logo\/image\/"},"sameAs":["https:\/\/www.facebook.com\/webdotn","https:\/\/x.com\/webdo_tn"],"description":"Webdo est un m\u00e9dia num\u00e9rique tunisien fond\u00e9 en 2010, sp\u00e9cialis\u00e9 dans l\u2019actualit\u00e9 nationale et internationale, l\u2019\u00e9conomie, la soci\u00e9t\u00e9 et les analyses politiques. Le site s\u2019adresse \u00e0 un large public francophone et couvre l\u2019information tunisienne en temps r\u00e9el.","email":"redac@webdo.tn","legalName":"YNJ SARL","foundingDate":"2010-09-06","numberOfEmployees":{"@type":"QuantitativeValue","minValue":"11","maxValue":"50"}},{"@type":"Person","@id":"https:\/\/www.webdo.tn\/fr\/#\/schema\/person\/9a9c6118d687c117df8ef3cc36a4d175","name":"webdo.tn","image":{"@type":"ImageObject","inLanguage":"fr-FR","@id":"https:\/\/secure.gravatar.com\/avatar\/7ce1f28c0c3bbac99ff550b85ef8e44a6950c6ee24514fb6a5489e51d06f0298?s=96&d=mm&r=g","url":"https:\/\/secure.gravatar.com\/avatar\/7ce1f28c0c3bbac99ff550b85ef8e44a6950c6ee24514fb6a5489e51d06f0298?s=96&d=mm&r=g","contentUrl":"https:\/\/secure.gravatar.com\/avatar\/7ce1f28c0c3bbac99ff550b85ef8e44a6950c6ee24514fb6a5489e51d06f0298?s=96&d=mm&r=g","caption":"webdo.tn"},"url":"https:\/\/www.webdo.tn\/fr\/actualite\/author\/webdotn\/"}]}},"_links":{"self":[{"href":"https:\/\/www.webdo.tn\/fr\/wp-json\/wp\/v2\/posts\/172989","targetHints":{"allow":["GET"]}}],"collection":[{"href":"https:\/\/www.webdo.tn\/fr\/wp-json\/wp\/v2\/posts"}],"about":[{"href":"https:\/\/www.webdo.tn\/fr\/wp-json\/wp\/v2\/types\/post"}],"author":[{"embeddable":true,"href":"https:\/\/www.webdo.tn\/fr\/wp-json\/wp\/v2\/users\/3222"}],"replies":[{"embeddable":true,"href":"https:\/\/www.webdo.tn\/fr\/wp-json\/wp\/v2\/comments?post=172989"}],"version-history":[{"count":0,"href":"https:\/\/www.webdo.tn\/fr\/wp-json\/wp\/v2\/posts\/172989\/revisions"}],"wp:featuredmedia":[{"embeddable":true,"href":"https:\/\/www.webdo.tn\/fr\/wp-json\/wp\/v2\/media\/365561"}],"wp:attachment":[{"href":"https:\/\/www.webdo.tn\/fr\/wp-json\/wp\/v2\/media?parent=172989"}],"wp:term":[{"taxonomy":"category","embeddable":true,"href":"https:\/\/www.webdo.tn\/fr\/wp-json\/wp\/v2\/categories?post=172989"},{"taxonomy":"post_tag","embeddable":true,"href":"https:\/\/www.webdo.tn\/fr\/wp-json\/wp\/v2\/tags?post=172989"}],"curies":[{"name":"wp","href":"https:\/\/api.w.org\/{rel}","templated":true}]}}