{"id":172986,"date":"2011-02-27T14:25:00","date_gmt":"2011-02-27T14:25:00","guid":{"rendered":"https:\/\/www.webdo.tn\/fr\/actualite\/blog\/nouveau-pdg-de-letablissement-de-la-television-tunisienne-mokhtar-rassaa\/172986\/"},"modified":"2011-02-27T14:25:00","modified_gmt":"2011-02-27T14:25:00","slug":"nouveau-pdg-de-letablissement-de-la-television-tunisienne-mokhtar-rassaa","status":"publish","type":"post","link":"https:\/\/www.webdo.tn\/fr\/actualite\/national\/nouveau-pdg-de-letablissement-de-la-television-tunisienne-mokhtar-rassaa\/172986\/","title":{"rendered":"Nouveau PDG de l&rsquo;\u00e9tablissement de la t\u00e9l\u00e9vision tunisienne, Mokhtar Rassaa"},"content":{"rendered":"<p>Une source autoris\u00e9e du gouvernement transitoire indique que Mokhtar Rassas a \u00e9t\u00e9 nomm\u00e9 Directeur G\u00e9n\u00e9ral par int\u00e9rim de l&rsquo;\u00c9tablissement de la T\u00e9l\u00e9vision Tunisienne.\u00a0 <\/p>\n<p>Il remplace ainsi B\u00e9chir Hmidi qui \u00e9tait \u00e0 ce poste depuis le 24 janvier.<\/p>\n<p>Cette nouvelle nomination survient suite aux gr\u00e8ves des journalistes et techniciens de la t\u00e9l\u00e9vision tunisienne  de vendredi et samedi. Ils demandaient la d\u00e9mission du PDG de la t\u00e9l\u00e9vision, la non intervention au niveau de la ligne \u00e9ditoriale de l&rsquo;information et une diffusion directe des \u00e9v\u00e8nements, comme ceux de la Kasbah, sans censure.<\/p>\n<p>Samedi soir, lors d&rsquo;une \u00e9mission en direct, une table ronde avec des jeunes manifestants de la Kasbah, la libert\u00e9 d&rsquo;expression \u00e9tait plus que pr\u00e9sente..au point de d\u00e9ranger le premier ministre Ghannouchi.<\/p>\n<p>Suite aux propos d&rsquo;un des jeunes \u00e0 travers lesquels il condamnait Ghannouchi pour sa participation aux crimes commis par Ben Ali mais aussi pour les incidents et les victimes de ce dernier weekend, l&rsquo;\u00e9mission a \u00e9t\u00e9 interrompue pour faire place \u00e0 de la musique.<\/p>\n","protected":false},"excerpt":{"rendered":"<p>Nouveau PDG de l&rsquo;\u00e9tablissement de la t\u00e9l\u00e9vision tunisienne, Mokhtar Rassaa <\/p>\n","protected":false},"author":3222,"featured_media":376290,"comment_status":"open","ping_status":"closed","sticky":false,"template":"","format":"standard","meta":{"footnotes":""},"categories":[44],"tags":[],"class_list":["post-172986","post","type-post","status-publish","format-standard","has-post-thumbnail","hentry","category-national"],"yoast_head":"<!-- This site is optimized with the Yoast SEO Premium plugin v27.4 (Yoast SEO v27.4) - https:\/\/yoast.com\/product\/yoast-seo-premium-wordpress\/ -->\n<title>Nouveau PDG de l&#039;\u00e9tablissement de la t\u00e9l\u00e9vision tunisienne, Mokhtar Rassaa<\/title>\n<meta name=\"description\" content=\"Nouveau PDG de l&#039;\u00e9tablissement de la t\u00e9l\u00e9vision tunisienne, Mokhtar Rassaa\" \/>\n<link rel=\"canonical\" href=\"https:\/\/www.webdo.tn\/fr\/actualite\/national\/nouveau-pdg-de-letablissement-de-la-television-tunisienne-mokhtar-rassaa\/172986\/\" \/>\n<meta property=\"og:locale\" content=\"fr_FR\" \/>\n<meta property=\"og:type\" content=\"article\" \/>\n<meta property=\"og:title\" content=\"Nouveau PDG de l&#039;\u00e9tablissement de la t\u00e9l\u00e9vision tunisienne, Mokhtar Rassaa\" \/>\n<meta property=\"og:description\" content=\"Nouveau PDG de l&#039;\u00e9tablissement de la t\u00e9l\u00e9vision tunisienne, Mokhtar Rassaa\" \/>\n<meta property=\"og:url\" content=\"https:\/\/www.webdo.tn\/fr\/actualite\/national\/nouveau-pdg-de-letablissement-de-la-television-tunisienne-mokhtar-rassaa\/172986\/\" \/>\n<meta property=\"og:site_name\" content=\"webdo\" \/>\n<meta property=\"article:publisher\" content=\"https:\/\/www.facebook.com\/webdotn\" \/>\n<meta property=\"article:published_time\" content=\"2011-02-27T14:25:00+00:00\" \/>\n<meta name=\"author\" content=\"webdo.tn\" \/>\n<meta name=\"twitter:card\" content=\"summary_large_image\" \/>\n<meta name=\"twitter:creator\" content=\"@webdo_tn\" \/>\n<meta name=\"twitter:site\" content=\"@webdo_tn\" \/>\n<meta name=\"twitter:label1\" content=\"\u00c9crit par\" \/>\n\t<meta name=\"twitter:data1\" content=\"webdo.tn\" \/>\n\t<meta name=\"twitter:label2\" content=\"Dur\u00e9e de lecture estim\u00e9e\" \/>\n\t<meta name=\"twitter:data2\" content=\"1 minute\" \/>\n<script type=\"application\/ld+json\" class=\"yoast-schema-graph\">{\"@context\":\"https:\\\/\\\/schema.org\",\"@graph\":[{\"@type\":\"NewsArticle\",\"@id\":\"https:\\\/\\\/www.webdo.tn\\\/fr\\\/actualite\\\/national\\\/nouveau-pdg-de-letablissement-de-la-television-tunisienne-mokhtar-rassaa\\\/172986\\\/#article\",\"isPartOf\":{\"@id\":\"https:\\\/\\\/www.webdo.tn\\\/fr\\\/actualite\\\/national\\\/nouveau-pdg-de-letablissement-de-la-television-tunisienne-mokhtar-rassaa\\\/172986\\\/\"},\"author\":{\"name\":\"webdo.tn\",\"@id\":\"https:\\\/\\\/www.webdo.tn\\\/fr\\\/#\\\/schema\\\/person\\\/9a9c6118d687c117df8ef3cc36a4d175\"},\"headline\":\"Nouveau PDG de l&rsquo;\u00e9tablissement de la t\u00e9l\u00e9vision tunisienne, Mokhtar Rassaa\",\"datePublished\":\"2011-02-27T14:25:00+00:00\",\"mainEntityOfPage\":{\"@id\":\"https:\\\/\\\/www.webdo.tn\\\/fr\\\/actualite\\\/national\\\/nouveau-pdg-de-letablissement-de-la-television-tunisienne-mokhtar-rassaa\\\/172986\\\/\"},\"wordCount\":196,\"commentCount\":0,\"publisher\":{\"@id\":\"https:\\\/\\\/www.webdo.tn\\\/fr\\\/#organization\"},\"image\":{\"@id\":\"https:\\\/\\\/www.webdo.tn\\\/fr\\\/actualite\\\/national\\\/nouveau-pdg-de-letablissement-de-la-television-tunisienne-mokhtar-rassaa\\\/172986\\\/#primaryimage\"},\"thumbnailUrl\":\"https:\\\/\\\/www.webdo.tn\\\/fr\\\/wp-content\\\/uploads\\\/2025\\\/06\\\/FireShot-Capture-1063-webdo_default-53-750x375.jpg-750\u00d7375-www.webdo_.tn_.png\",\"articleSection\":[\"National\"],\"inLanguage\":\"fr-FR\"},{\"@type\":\"WebPage\",\"@id\":\"https:\\\/\\\/www.webdo.tn\\\/fr\\\/actualite\\\/national\\\/nouveau-pdg-de-letablissement-de-la-television-tunisienne-mokhtar-rassaa\\\/172986\\\/\",\"url\":\"https:\\\/\\\/www.webdo.tn\\\/fr\\\/actualite\\\/national\\\/nouveau-pdg-de-letablissement-de-la-television-tunisienne-mokhtar-rassaa\\\/172986\\\/\",\"name\":\"Nouveau PDG de l'\u00e9tablissement de la t\u00e9l\u00e9vision tunisienne, Mokhtar Rassaa\",\"isPartOf\":{\"@id\":\"https:\\\/\\\/www.webdo.tn\\\/fr\\\/#website\"},\"primaryImageOfPage\":{\"@id\":\"https:\\\/\\\/www.webdo.tn\\\/fr\\\/actualite\\\/national\\\/nouveau-pdg-de-letablissement-de-la-television-tunisienne-mokhtar-rassaa\\\/172986\\\/#primaryimage\"},\"image\":{\"@id\":\"https:\\\/\\\/www.webdo.tn\\\/fr\\\/actualite\\\/national\\\/nouveau-pdg-de-letablissement-de-la-television-tunisienne-mokhtar-rassaa\\\/172986\\\/#primaryimage\"},\"thumbnailUrl\":\"https:\\\/\\\/www.webdo.tn\\\/fr\\\/wp-content\\\/uploads\\\/2025\\\/06\\\/FireShot-Capture-1063-webdo_default-53-750x375.jpg-750\u00d7375-www.webdo_.tn_.png\",\"datePublished\":\"2011-02-27T14:25:00+00:00\",\"description\":\"Nouveau PDG de l'\u00e9tablissement de la t\u00e9l\u00e9vision tunisienne, Mokhtar Rassaa\",\"breadcrumb\":{\"@id\":\"https:\\\/\\\/www.webdo.tn\\\/fr\\\/actualite\\\/national\\\/nouveau-pdg-de-letablissement-de-la-television-tunisienne-mokhtar-rassaa\\\/172986\\\/#breadcrumb\"},\"inLanguage\":\"fr-FR\",\"potentialAction\":[{\"@type\":\"ReadAction\",\"target\":[\"https:\\\/\\\/www.webdo.tn\\\/fr\\\/actualite\\\/national\\\/nouveau-pdg-de-letablissement-de-la-television-tunisienne-mokhtar-rassaa\\\/172986\\\/\"]}]},{\"@type\":\"ImageObject\",\"inLanguage\":\"fr-FR\",\"@id\":\"https:\\\/\\\/www.webdo.tn\\\/fr\\\/actualite\\\/national\\\/nouveau-pdg-de-letablissement-de-la-television-tunisienne-mokhtar-rassaa\\\/172986\\\/#primaryimage\",\"url\":\"https:\\\/\\\/www.webdo.tn\\\/fr\\\/wp-content\\\/uploads\\\/2025\\\/06\\\/FireShot-Capture-1063-webdo_default-53-750x375.jpg-750\u00d7375-www.webdo_.tn_.png\",\"contentUrl\":\"https:\\\/\\\/www.webdo.tn\\\/fr\\\/wp-content\\\/uploads\\\/2025\\\/06\\\/FireShot-Capture-1063-webdo_default-53-750x375.jpg-750\u00d7375-www.webdo_.tn_.png\",\"width\":746,\"height\":371},{\"@type\":\"BreadcrumbList\",\"@id\":\"https:\\\/\\\/www.webdo.tn\\\/fr\\\/actualite\\\/national\\\/nouveau-pdg-de-letablissement-de-la-television-tunisienne-mokhtar-rassaa\\\/172986\\\/#breadcrumb\",\"itemListElement\":[{\"@type\":\"ListItem\",\"position\":1,\"name\":\"Accueil\",\"item\":\"https:\\\/\\\/www.webdo.tn\\\/fr\\\/\"},{\"@type\":\"ListItem\",\"position\":2,\"name\":\"Nouveau PDG de l&rsquo;\u00e9tablissement de la t\u00e9l\u00e9vision tunisienne, Mokhtar Rassaa\"}]},{\"@type\":\"WebSite\",\"@id\":\"https:\\\/\\\/www.webdo.tn\\\/fr\\\/#website\",\"url\":\"https:\\\/\\\/www.webdo.tn\\\/fr\\\/\",\"name\":\"webdo\",\"description\":\"Tunisie - News en Tunisie et \u00e0 l&#039;international sur Webdo.tn\",\"publisher\":{\"@id\":\"https:\\\/\\\/www.webdo.tn\\\/fr\\\/#organization\"},\"potentialAction\":[{\"@type\":\"SearchAction\",\"target\":{\"@type\":\"EntryPoint\",\"urlTemplate\":\"https:\\\/\\\/www.webdo.tn\\\/fr\\\/?s={search_term_string}\"},\"query-input\":{\"@type\":\"PropertyValueSpecification\",\"valueRequired\":true,\"valueName\":\"search_term_string\"}}],\"inLanguage\":\"fr-FR\"},{\"@type\":\"Organization\",\"@id\":\"https:\\\/\\\/www.webdo.tn\\\/fr\\\/#organization\",\"name\":\"Webdo\",\"alternateName\":\"Webdo.tn\",\"url\":\"https:\\\/\\\/www.webdo.tn\\\/fr\\\/\",\"logo\":{\"@type\":\"ImageObject\",\"inLanguage\":\"fr-FR\",\"@id\":\"https:\\\/\\\/www.webdo.tn\\\/fr\\\/#\\\/schema\\\/logo\\\/image\\\/\",\"url\":\"https:\\\/\\\/www.webdo.tn\\\/fr\\\/wp-content\\\/uploads\\\/2025\\\/06\\\/Webdo-Tunisie_168377.jpg\",\"contentUrl\":\"https:\\\/\\\/www.webdo.tn\\\/fr\\\/wp-content\\\/uploads\\\/2025\\\/06\\\/Webdo-Tunisie_168377.jpg\",\"width\":301,\"height\":301,\"caption\":\"Webdo\"},\"image\":{\"@id\":\"https:\\\/\\\/www.webdo.tn\\\/fr\\\/#\\\/schema\\\/logo\\\/image\\\/\"},\"sameAs\":[\"https:\\\/\\\/www.facebook.com\\\/webdotn\",\"https:\\\/\\\/x.com\\\/webdo_tn\"],\"description\":\"Webdo est un m\u00e9dia num\u00e9rique tunisien fond\u00e9 en 2010, sp\u00e9cialis\u00e9 dans l\u2019actualit\u00e9 nationale et internationale, l\u2019\u00e9conomie, la soci\u00e9t\u00e9 et les analyses politiques. Le site s\u2019adresse \u00e0 un large public francophone et couvre l\u2019information tunisienne en temps r\u00e9el.\",\"email\":\"redac@webdo.tn\",\"legalName\":\"YNJ SARL\",\"foundingDate\":\"2010-09-06\",\"numberOfEmployees\":{\"@type\":\"QuantitativeValue\",\"minValue\":\"11\",\"maxValue\":\"50\"}},{\"@type\":\"Person\",\"@id\":\"https:\\\/\\\/www.webdo.tn\\\/fr\\\/#\\\/schema\\\/person\\\/9a9c6118d687c117df8ef3cc36a4d175\",\"name\":\"webdo.tn\",\"image\":{\"@type\":\"ImageObject\",\"inLanguage\":\"fr-FR\",\"@id\":\"https:\\\/\\\/secure.gravatar.com\\\/avatar\\\/7ce1f28c0c3bbac99ff550b85ef8e44a6950c6ee24514fb6a5489e51d06f0298?s=96&d=mm&r=g\",\"url\":\"https:\\\/\\\/secure.gravatar.com\\\/avatar\\\/7ce1f28c0c3bbac99ff550b85ef8e44a6950c6ee24514fb6a5489e51d06f0298?s=96&d=mm&r=g\",\"contentUrl\":\"https:\\\/\\\/secure.gravatar.com\\\/avatar\\\/7ce1f28c0c3bbac99ff550b85ef8e44a6950c6ee24514fb6a5489e51d06f0298?s=96&d=mm&r=g\",\"caption\":\"webdo.tn\"},\"url\":\"https:\\\/\\\/www.webdo.tn\\\/fr\\\/actualite\\\/author\\\/webdotn\\\/\"}]}<\/script>\n<!-- \/ Yoast SEO Premium plugin. -->","yoast_head_json":{"title":"Nouveau PDG de l'\u00e9tablissement de la t\u00e9l\u00e9vision tunisienne, Mokhtar Rassaa","description":"Nouveau PDG de l'\u00e9tablissement de la t\u00e9l\u00e9vision tunisienne, Mokhtar Rassaa","canonical":"https:\/\/www.webdo.tn\/fr\/actualite\/national\/nouveau-pdg-de-letablissement-de-la-television-tunisienne-mokhtar-rassaa\/172986\/","og_locale":"fr_FR","og_type":"article","og_title":"Nouveau PDG de l'\u00e9tablissement de la t\u00e9l\u00e9vision tunisienne, Mokhtar Rassaa","og_description":"Nouveau PDG de l'\u00e9tablissement de la t\u00e9l\u00e9vision tunisienne, Mokhtar Rassaa","og_url":"https:\/\/www.webdo.tn\/fr\/actualite\/national\/nouveau-pdg-de-letablissement-de-la-television-tunisienne-mokhtar-rassaa\/172986\/","og_site_name":"webdo","article_publisher":"https:\/\/www.facebook.com\/webdotn","article_published_time":"2011-02-27T14:25:00+00:00","author":"webdo.tn","twitter_card":"summary_large_image","twitter_creator":"@webdo_tn","twitter_site":"@webdo_tn","twitter_misc":{"\u00c9crit par":"webdo.tn","Dur\u00e9e de lecture estim\u00e9e":"1 minute"},"schema":{"@context":"https:\/\/schema.org","@graph":[{"@type":"NewsArticle","@id":"https:\/\/www.webdo.tn\/fr\/actualite\/national\/nouveau-pdg-de-letablissement-de-la-television-tunisienne-mokhtar-rassaa\/172986\/#article","isPartOf":{"@id":"https:\/\/www.webdo.tn\/fr\/actualite\/national\/nouveau-pdg-de-letablissement-de-la-television-tunisienne-mokhtar-rassaa\/172986\/"},"author":{"name":"webdo.tn","@id":"https:\/\/www.webdo.tn\/fr\/#\/schema\/person\/9a9c6118d687c117df8ef3cc36a4d175"},"headline":"Nouveau PDG de l&rsquo;\u00e9tablissement de la t\u00e9l\u00e9vision tunisienne, Mokhtar Rassaa","datePublished":"2011-02-27T14:25:00+00:00","mainEntityOfPage":{"@id":"https:\/\/www.webdo.tn\/fr\/actualite\/national\/nouveau-pdg-de-letablissement-de-la-television-tunisienne-mokhtar-rassaa\/172986\/"},"wordCount":196,"commentCount":0,"publisher":{"@id":"https:\/\/www.webdo.tn\/fr\/#organization"},"image":{"@id":"https:\/\/www.webdo.tn\/fr\/actualite\/national\/nouveau-pdg-de-letablissement-de-la-television-tunisienne-mokhtar-rassaa\/172986\/#primaryimage"},"thumbnailUrl":"https:\/\/www.webdo.tn\/fr\/wp-content\/uploads\/2025\/06\/FireShot-Capture-1063-webdo_default-53-750x375.jpg-750\u00d7375-www.webdo_.tn_.png","articleSection":["National"],"inLanguage":"fr-FR"},{"@type":"WebPage","@id":"https:\/\/www.webdo.tn\/fr\/actualite\/national\/nouveau-pdg-de-letablissement-de-la-television-tunisienne-mokhtar-rassaa\/172986\/","url":"https:\/\/www.webdo.tn\/fr\/actualite\/national\/nouveau-pdg-de-letablissement-de-la-television-tunisienne-mokhtar-rassaa\/172986\/","name":"Nouveau PDG de l'\u00e9tablissement de la t\u00e9l\u00e9vision tunisienne, Mokhtar Rassaa","isPartOf":{"@id":"https:\/\/www.webdo.tn\/fr\/#website"},"primaryImageOfPage":{"@id":"https:\/\/www.webdo.tn\/fr\/actualite\/national\/nouveau-pdg-de-letablissement-de-la-television-tunisienne-mokhtar-rassaa\/172986\/#primaryimage"},"image":{"@id":"https:\/\/www.webdo.tn\/fr\/actualite\/national\/nouveau-pdg-de-letablissement-de-la-television-tunisienne-mokhtar-rassaa\/172986\/#primaryimage"},"thumbnailUrl":"https:\/\/www.webdo.tn\/fr\/wp-content\/uploads\/2025\/06\/FireShot-Capture-1063-webdo_default-53-750x375.jpg-750\u00d7375-www.webdo_.tn_.png","datePublished":"2011-02-27T14:25:00+00:00","description":"Nouveau PDG de l'\u00e9tablissement de la t\u00e9l\u00e9vision tunisienne, Mokhtar Rassaa","breadcrumb":{"@id":"https:\/\/www.webdo.tn\/fr\/actualite\/national\/nouveau-pdg-de-letablissement-de-la-television-tunisienne-mokhtar-rassaa\/172986\/#breadcrumb"},"inLanguage":"fr-FR","potentialAction":[{"@type":"ReadAction","target":["https:\/\/www.webdo.tn\/fr\/actualite\/national\/nouveau-pdg-de-letablissement-de-la-television-tunisienne-mokhtar-rassaa\/172986\/"]}]},{"@type":"ImageObject","inLanguage":"fr-FR","@id":"https:\/\/www.webdo.tn\/fr\/actualite\/national\/nouveau-pdg-de-letablissement-de-la-television-tunisienne-mokhtar-rassaa\/172986\/#primaryimage","url":"https:\/\/www.webdo.tn\/fr\/wp-content\/uploads\/2025\/06\/FireShot-Capture-1063-webdo_default-53-750x375.jpg-750\u00d7375-www.webdo_.tn_.png","contentUrl":"https:\/\/www.webdo.tn\/fr\/wp-content\/uploads\/2025\/06\/FireShot-Capture-1063-webdo_default-53-750x375.jpg-750\u00d7375-www.webdo_.tn_.png","width":746,"height":371},{"@type":"BreadcrumbList","@id":"https:\/\/www.webdo.tn\/fr\/actualite\/national\/nouveau-pdg-de-letablissement-de-la-television-tunisienne-mokhtar-rassaa\/172986\/#breadcrumb","itemListElement":[{"@type":"ListItem","position":1,"name":"Accueil","item":"https:\/\/www.webdo.tn\/fr\/"},{"@type":"ListItem","position":2,"name":"Nouveau PDG de l&rsquo;\u00e9tablissement de la t\u00e9l\u00e9vision tunisienne, Mokhtar Rassaa"}]},{"@type":"WebSite","@id":"https:\/\/www.webdo.tn\/fr\/#website","url":"https:\/\/www.webdo.tn\/fr\/","name":"webdo","description":"Tunisie - News en Tunisie et \u00e0 l&#039;international sur Webdo.tn","publisher":{"@id":"https:\/\/www.webdo.tn\/fr\/#organization"},"potentialAction":[{"@type":"SearchAction","target":{"@type":"EntryPoint","urlTemplate":"https:\/\/www.webdo.tn\/fr\/?s={search_term_string}"},"query-input":{"@type":"PropertyValueSpecification","valueRequired":true,"valueName":"search_term_string"}}],"inLanguage":"fr-FR"},{"@type":"Organization","@id":"https:\/\/www.webdo.tn\/fr\/#organization","name":"Webdo","alternateName":"Webdo.tn","url":"https:\/\/www.webdo.tn\/fr\/","logo":{"@type":"ImageObject","inLanguage":"fr-FR","@id":"https:\/\/www.webdo.tn\/fr\/#\/schema\/logo\/image\/","url":"https:\/\/www.webdo.tn\/fr\/wp-content\/uploads\/2025\/06\/Webdo-Tunisie_168377.jpg","contentUrl":"https:\/\/www.webdo.tn\/fr\/wp-content\/uploads\/2025\/06\/Webdo-Tunisie_168377.jpg","width":301,"height":301,"caption":"Webdo"},"image":{"@id":"https:\/\/www.webdo.tn\/fr\/#\/schema\/logo\/image\/"},"sameAs":["https:\/\/www.facebook.com\/webdotn","https:\/\/x.com\/webdo_tn"],"description":"Webdo est un m\u00e9dia num\u00e9rique tunisien fond\u00e9 en 2010, sp\u00e9cialis\u00e9 dans l\u2019actualit\u00e9 nationale et internationale, l\u2019\u00e9conomie, la soci\u00e9t\u00e9 et les analyses politiques. Le site s\u2019adresse \u00e0 un large public francophone et couvre l\u2019information tunisienne en temps r\u00e9el.","email":"redac@webdo.tn","legalName":"YNJ SARL","foundingDate":"2010-09-06","numberOfEmployees":{"@type":"QuantitativeValue","minValue":"11","maxValue":"50"}},{"@type":"Person","@id":"https:\/\/www.webdo.tn\/fr\/#\/schema\/person\/9a9c6118d687c117df8ef3cc36a4d175","name":"webdo.tn","image":{"@type":"ImageObject","inLanguage":"fr-FR","@id":"https:\/\/secure.gravatar.com\/avatar\/7ce1f28c0c3bbac99ff550b85ef8e44a6950c6ee24514fb6a5489e51d06f0298?s=96&d=mm&r=g","url":"https:\/\/secure.gravatar.com\/avatar\/7ce1f28c0c3bbac99ff550b85ef8e44a6950c6ee24514fb6a5489e51d06f0298?s=96&d=mm&r=g","contentUrl":"https:\/\/secure.gravatar.com\/avatar\/7ce1f28c0c3bbac99ff550b85ef8e44a6950c6ee24514fb6a5489e51d06f0298?s=96&d=mm&r=g","caption":"webdo.tn"},"url":"https:\/\/www.webdo.tn\/fr\/actualite\/author\/webdotn\/"}]}},"_links":{"self":[{"href":"https:\/\/www.webdo.tn\/fr\/wp-json\/wp\/v2\/posts\/172986","targetHints":{"allow":["GET"]}}],"collection":[{"href":"https:\/\/www.webdo.tn\/fr\/wp-json\/wp\/v2\/posts"}],"about":[{"href":"https:\/\/www.webdo.tn\/fr\/wp-json\/wp\/v2\/types\/post"}],"author":[{"embeddable":true,"href":"https:\/\/www.webdo.tn\/fr\/wp-json\/wp\/v2\/users\/3222"}],"replies":[{"embeddable":true,"href":"https:\/\/www.webdo.tn\/fr\/wp-json\/wp\/v2\/comments?post=172986"}],"version-history":[{"count":0,"href":"https:\/\/www.webdo.tn\/fr\/wp-json\/wp\/v2\/posts\/172986\/revisions"}],"wp:featuredmedia":[{"embeddable":true,"href":"https:\/\/www.webdo.tn\/fr\/wp-json\/wp\/v2\/media\/376290"}],"wp:attachment":[{"href":"https:\/\/www.webdo.tn\/fr\/wp-json\/wp\/v2\/media?parent=172986"}],"wp:term":[{"taxonomy":"category","embeddable":true,"href":"https:\/\/www.webdo.tn\/fr\/wp-json\/wp\/v2\/categories?post=172986"},{"taxonomy":"post_tag","embeddable":true,"href":"https:\/\/www.webdo.tn\/fr\/wp-json\/wp\/v2\/tags?post=172986"}],"curies":[{"name":"wp","href":"https:\/\/api.w.org\/{rel}","templated":true}]}}