{"id":172985,"date":"2011-02-27T15:52:00","date_gmt":"2011-02-27T15:52:00","guid":{"rendered":"https:\/\/www.webdo.tn\/fr\/actualite\/blog\/mohammed-ghannouchi-demissionne-en-direct\/172985\/"},"modified":"2011-02-27T15:52:00","modified_gmt":"2011-02-27T15:52:00","slug":"mohammed-ghannouchi-demissionne-en-direct","status":"publish","type":"post","link":"https:\/\/www.webdo.tn\/fr\/actualite\/national\/mohammed-ghannouchi-demissionne-en-direct\/172985\/","title":{"rendered":"Mohammed Ghannouchi d\u00e9missionne en direct"},"content":{"rendered":"<p>C&rsquo;est fait, les pressions de la rue ont \u00e9t\u00e9 assez fortes pour faire \u00ab\u00a0d\u00e9gager\u00a0\u00bb le premier ministre. Mohammed Ghannouchi \u00e9tait en poste depuis le 17 novembre 1999. Son mandat n&rsquo;a \u00e9t\u00e9 interrmopu que pour quelques heures et ce, du 14 au 15 janvier 2011 pour prendre le poste de Pr\u00e9sident de la R\u00e9publique apr\u00e8s la fuite de Ben Ali.<\/p>\n<p>A cette date du 15 Janvier, et apr\u00e8s le passage de pouvoir \u00e0 Foued Mbazaa, ce dernier demande \u00e0 Ghannouchi de former un gouvernement provisoire. De nombreux politiques ont pari\u00e9 que Ghannouchi refuserait la mission apr\u00e8s ce coup de th\u00e9\u00e2tre constitutionnel. Il l&rsquo;a accept\u00e9 et a form\u00e9 un gouvernement puis l&rsquo;a remani\u00e9 apr\u00e8s le premier sit-in \u00e0 la Kasbaa. Friaa, Morjane et d&rsquo;autres ministres de l&rsquo;ancien r\u00e9gime ont alors laiss\u00e9 place \u00e0 des ind\u00e9pendants.<\/p>\n<p>Depuis une semaine, la Kasbaa est le si\u00e8ge d&rsquo;un nouveau sit-in. Cette fois, c&rsquo;est Ghannouchi lui m\u00eame qu&rsquo;ils voulaient. Vendredi, une centaine de milliers de personnes se sont rassembl\u00e9es \u00e0 la Kasbaa pour continuer la r\u00e9volution.<\/p>\n<p>Aujourd&rsquo;hui, Ghannouchi d\u00e9missionne et en direct lors d&rsquo;une conf\u00e9rence de presse.<\/p>\n<p>Le pays se retrouve sans chef de gouvernement et face \u00e0 deux crises. La premi\u00e8re est s\u00e9curitaire. L&rsquo;ins\u00e9curit\u00e9 s\u00e9vit dans le pays entier. La seconde est sociale avec toutes ces demandes, voire exigences, populaires.  Le pays aux 10 millions de politiques est devenu ing\u00e9rable.<\/p>\n<p>\u00ab\u00a0Je ne fuis pas ma responsabilit\u00e9\u00a0\u00bb explique-t-il.  \u00ab\u00a0Il y a une minorit\u00e9 qui veut faire \u00e9chouer la r\u00e9volution et une majorit\u00e9 qui reste inerte\u00a0\u00bb. \u00ab\u00a0Je ne suis pas pr\u00eat \u00e0 prendre des d\u00e9cisions qui peuvent engendrer des morts\u00a0\u00bb. Il insiste \u00ab\u00a0Je ne suis pas l&rsquo;homme de la r\u00e9pression et je ne le serai jamais.\u00a0\u00bb<\/p>\n<p>Il c\u00e8de donc la place \u00e0 un autre premier ministre qu&rsquo;il esp\u00e8re meilleur que lui.<\/p>\n<p>\u00ab\u00a0Ma conscience est tranquille, m\u00eame si mes amis me disent que je devrais rester encore plus\u00a0\u00bb.<\/p>\n","protected":false},"excerpt":{"rendered":"<p>Mohammed Ghannouchi d\u00e9missionne en direct<\/p>\n","protected":false},"author":3222,"featured_media":365566,"comment_status":"open","ping_status":"closed","sticky":false,"template":"","format":"standard","meta":{"footnotes":""},"categories":[44],"tags":[],"class_list":["post-172985","post","type-post","status-publish","format-standard","has-post-thumbnail","hentry","category-national"],"yoast_head":"<!-- This site is optimized with the Yoast SEO Premium plugin v27.4 (Yoast SEO v27.4) - https:\/\/yoast.com\/product\/yoast-seo-premium-wordpress\/ -->\n<title>Mohammed Ghannouchi d\u00e9missionne en direct<\/title>\n<meta name=\"description\" content=\"Mohammed Ghannouchi d\u00e9missionne en direct\" \/>\n<link rel=\"canonical\" href=\"https:\/\/www.webdo.tn\/fr\/actualite\/national\/mohammed-ghannouchi-demissionne-en-direct\/172985\/\" \/>\n<meta property=\"og:locale\" content=\"fr_FR\" \/>\n<meta property=\"og:type\" content=\"article\" \/>\n<meta property=\"og:title\" content=\"Mohammed Ghannouchi d\u00e9missionne en direct\" \/>\n<meta property=\"og:description\" content=\"Mohammed Ghannouchi d\u00e9missionne en direct\" \/>\n<meta property=\"og:url\" content=\"https:\/\/www.webdo.tn\/fr\/actualite\/national\/mohammed-ghannouchi-demissionne-en-direct\/172985\/\" \/>\n<meta property=\"og:site_name\" content=\"webdo\" \/>\n<meta property=\"article:publisher\" content=\"https:\/\/www.facebook.com\/webdotn\" \/>\n<meta property=\"article:published_time\" content=\"2011-02-27T15:52:00+00:00\" \/>\n<meta property=\"og:image\" content=\"https:\/\/www.webdo.tn\/fr\/wp-content\/uploads\/2011\/02\/Mohamed_Ghannouchi.jpg\" \/>\n\t<meta property=\"og:image:width\" content=\"225\" \/>\n\t<meta property=\"og:image:height\" content=\"338\" \/>\n\t<meta property=\"og:image:type\" content=\"image\/jpeg\" \/>\n<meta name=\"author\" content=\"webdo.tn\" \/>\n<meta name=\"twitter:card\" content=\"summary_large_image\" \/>\n<meta name=\"twitter:creator\" content=\"@webdo_tn\" \/>\n<meta name=\"twitter:site\" content=\"@webdo_tn\" \/>\n<meta name=\"twitter:label1\" content=\"\u00c9crit par\" \/>\n\t<meta name=\"twitter:data1\" content=\"webdo.tn\" \/>\n\t<meta name=\"twitter:label2\" content=\"Dur\u00e9e de lecture estim\u00e9e\" \/>\n\t<meta name=\"twitter:data2\" content=\"2 minutes\" \/>\n<script type=\"application\/ld+json\" class=\"yoast-schema-graph\">{\"@context\":\"https:\\\/\\\/schema.org\",\"@graph\":[{\"@type\":\"NewsArticle\",\"@id\":\"https:\\\/\\\/www.webdo.tn\\\/fr\\\/actualite\\\/national\\\/mohammed-ghannouchi-demissionne-en-direct\\\/172985\\\/#article\",\"isPartOf\":{\"@id\":\"https:\\\/\\\/www.webdo.tn\\\/fr\\\/actualite\\\/national\\\/mohammed-ghannouchi-demissionne-en-direct\\\/172985\\\/\"},\"author\":{\"name\":\"webdo.tn\",\"@id\":\"https:\\\/\\\/www.webdo.tn\\\/fr\\\/#\\\/schema\\\/person\\\/9a9c6118d687c117df8ef3cc36a4d175\"},\"headline\":\"Mohammed Ghannouchi d\u00e9missionne en direct\",\"datePublished\":\"2011-02-27T15:52:00+00:00\",\"mainEntityOfPage\":{\"@id\":\"https:\\\/\\\/www.webdo.tn\\\/fr\\\/actualite\\\/national\\\/mohammed-ghannouchi-demissionne-en-direct\\\/172985\\\/\"},\"wordCount\":342,\"commentCount\":0,\"publisher\":{\"@id\":\"https:\\\/\\\/www.webdo.tn\\\/fr\\\/#organization\"},\"image\":{\"@id\":\"https:\\\/\\\/www.webdo.tn\\\/fr\\\/actualite\\\/national\\\/mohammed-ghannouchi-demissionne-en-direct\\\/172985\\\/#primaryimage\"},\"thumbnailUrl\":\"https:\\\/\\\/www.webdo.tn\\\/fr\\\/wp-content\\\/uploads\\\/2011\\\/02\\\/Mohamed_Ghannouchi.jpg\",\"articleSection\":[\"National\"],\"inLanguage\":\"fr-FR\"},{\"@type\":\"WebPage\",\"@id\":\"https:\\\/\\\/www.webdo.tn\\\/fr\\\/actualite\\\/national\\\/mohammed-ghannouchi-demissionne-en-direct\\\/172985\\\/\",\"url\":\"https:\\\/\\\/www.webdo.tn\\\/fr\\\/actualite\\\/national\\\/mohammed-ghannouchi-demissionne-en-direct\\\/172985\\\/\",\"name\":\"Mohammed Ghannouchi d\u00e9missionne en direct\",\"isPartOf\":{\"@id\":\"https:\\\/\\\/www.webdo.tn\\\/fr\\\/#website\"},\"primaryImageOfPage\":{\"@id\":\"https:\\\/\\\/www.webdo.tn\\\/fr\\\/actualite\\\/national\\\/mohammed-ghannouchi-demissionne-en-direct\\\/172985\\\/#primaryimage\"},\"image\":{\"@id\":\"https:\\\/\\\/www.webdo.tn\\\/fr\\\/actualite\\\/national\\\/mohammed-ghannouchi-demissionne-en-direct\\\/172985\\\/#primaryimage\"},\"thumbnailUrl\":\"https:\\\/\\\/www.webdo.tn\\\/fr\\\/wp-content\\\/uploads\\\/2011\\\/02\\\/Mohamed_Ghannouchi.jpg\",\"datePublished\":\"2011-02-27T15:52:00+00:00\",\"description\":\"Mohammed Ghannouchi d\u00e9missionne en direct\",\"breadcrumb\":{\"@id\":\"https:\\\/\\\/www.webdo.tn\\\/fr\\\/actualite\\\/national\\\/mohammed-ghannouchi-demissionne-en-direct\\\/172985\\\/#breadcrumb\"},\"inLanguage\":\"fr-FR\",\"potentialAction\":[{\"@type\":\"ReadAction\",\"target\":[\"https:\\\/\\\/www.webdo.tn\\\/fr\\\/actualite\\\/national\\\/mohammed-ghannouchi-demissionne-en-direct\\\/172985\\\/\"]}]},{\"@type\":\"ImageObject\",\"inLanguage\":\"fr-FR\",\"@id\":\"https:\\\/\\\/www.webdo.tn\\\/fr\\\/actualite\\\/national\\\/mohammed-ghannouchi-demissionne-en-direct\\\/172985\\\/#primaryimage\",\"url\":\"https:\\\/\\\/www.webdo.tn\\\/fr\\\/wp-content\\\/uploads\\\/2011\\\/02\\\/Mohamed_Ghannouchi.jpg\",\"contentUrl\":\"https:\\\/\\\/www.webdo.tn\\\/fr\\\/wp-content\\\/uploads\\\/2011\\\/02\\\/Mohamed_Ghannouchi.jpg\",\"width\":225,\"height\":338,\"caption\":\"Mohammed Ghannouchi d\u00e9missionne en direct\"},{\"@type\":\"BreadcrumbList\",\"@id\":\"https:\\\/\\\/www.webdo.tn\\\/fr\\\/actualite\\\/national\\\/mohammed-ghannouchi-demissionne-en-direct\\\/172985\\\/#breadcrumb\",\"itemListElement\":[{\"@type\":\"ListItem\",\"position\":1,\"name\":\"Accueil\",\"item\":\"https:\\\/\\\/www.webdo.tn\\\/fr\\\/\"},{\"@type\":\"ListItem\",\"position\":2,\"name\":\"Mohammed Ghannouchi d\u00e9missionne en direct\"}]},{\"@type\":\"WebSite\",\"@id\":\"https:\\\/\\\/www.webdo.tn\\\/fr\\\/#website\",\"url\":\"https:\\\/\\\/www.webdo.tn\\\/fr\\\/\",\"name\":\"webdo\",\"description\":\"Tunisie - News en Tunisie et \u00e0 l&#039;international sur Webdo.tn\",\"publisher\":{\"@id\":\"https:\\\/\\\/www.webdo.tn\\\/fr\\\/#organization\"},\"potentialAction\":[{\"@type\":\"SearchAction\",\"target\":{\"@type\":\"EntryPoint\",\"urlTemplate\":\"https:\\\/\\\/www.webdo.tn\\\/fr\\\/?s={search_term_string}\"},\"query-input\":{\"@type\":\"PropertyValueSpecification\",\"valueRequired\":true,\"valueName\":\"search_term_string\"}}],\"inLanguage\":\"fr-FR\"},{\"@type\":\"Organization\",\"@id\":\"https:\\\/\\\/www.webdo.tn\\\/fr\\\/#organization\",\"name\":\"Webdo\",\"alternateName\":\"Webdo.tn\",\"url\":\"https:\\\/\\\/www.webdo.tn\\\/fr\\\/\",\"logo\":{\"@type\":\"ImageObject\",\"inLanguage\":\"fr-FR\",\"@id\":\"https:\\\/\\\/www.webdo.tn\\\/fr\\\/#\\\/schema\\\/logo\\\/image\\\/\",\"url\":\"https:\\\/\\\/www.webdo.tn\\\/fr\\\/wp-content\\\/uploads\\\/2025\\\/06\\\/Webdo-Tunisie_168377.jpg\",\"contentUrl\":\"https:\\\/\\\/www.webdo.tn\\\/fr\\\/wp-content\\\/uploads\\\/2025\\\/06\\\/Webdo-Tunisie_168377.jpg\",\"width\":301,\"height\":301,\"caption\":\"Webdo\"},\"image\":{\"@id\":\"https:\\\/\\\/www.webdo.tn\\\/fr\\\/#\\\/schema\\\/logo\\\/image\\\/\"},\"sameAs\":[\"https:\\\/\\\/www.facebook.com\\\/webdotn\",\"https:\\\/\\\/x.com\\\/webdo_tn\"],\"description\":\"Webdo est un m\u00e9dia num\u00e9rique tunisien fond\u00e9 en 2010, sp\u00e9cialis\u00e9 dans l\u2019actualit\u00e9 nationale et internationale, l\u2019\u00e9conomie, la soci\u00e9t\u00e9 et les analyses politiques. Le site s\u2019adresse \u00e0 un large public francophone et couvre l\u2019information tunisienne en temps r\u00e9el.\",\"email\":\"redac@webdo.tn\",\"legalName\":\"YNJ SARL\",\"foundingDate\":\"2010-09-06\",\"numberOfEmployees\":{\"@type\":\"QuantitativeValue\",\"minValue\":\"11\",\"maxValue\":\"50\"}},{\"@type\":\"Person\",\"@id\":\"https:\\\/\\\/www.webdo.tn\\\/fr\\\/#\\\/schema\\\/person\\\/9a9c6118d687c117df8ef3cc36a4d175\",\"name\":\"webdo.tn\",\"image\":{\"@type\":\"ImageObject\",\"inLanguage\":\"fr-FR\",\"@id\":\"https:\\\/\\\/secure.gravatar.com\\\/avatar\\\/7ce1f28c0c3bbac99ff550b85ef8e44a6950c6ee24514fb6a5489e51d06f0298?s=96&d=mm&r=g\",\"url\":\"https:\\\/\\\/secure.gravatar.com\\\/avatar\\\/7ce1f28c0c3bbac99ff550b85ef8e44a6950c6ee24514fb6a5489e51d06f0298?s=96&d=mm&r=g\",\"contentUrl\":\"https:\\\/\\\/secure.gravatar.com\\\/avatar\\\/7ce1f28c0c3bbac99ff550b85ef8e44a6950c6ee24514fb6a5489e51d06f0298?s=96&d=mm&r=g\",\"caption\":\"webdo.tn\"},\"url\":\"https:\\\/\\\/www.webdo.tn\\\/fr\\\/actualite\\\/author\\\/webdotn\\\/\"}]}<\/script>\n<!-- \/ Yoast SEO Premium plugin. -->","yoast_head_json":{"title":"Mohammed Ghannouchi d\u00e9missionne en direct","description":"Mohammed Ghannouchi d\u00e9missionne en direct","canonical":"https:\/\/www.webdo.tn\/fr\/actualite\/national\/mohammed-ghannouchi-demissionne-en-direct\/172985\/","og_locale":"fr_FR","og_type":"article","og_title":"Mohammed Ghannouchi d\u00e9missionne en direct","og_description":"Mohammed Ghannouchi d\u00e9missionne en direct","og_url":"https:\/\/www.webdo.tn\/fr\/actualite\/national\/mohammed-ghannouchi-demissionne-en-direct\/172985\/","og_site_name":"webdo","article_publisher":"https:\/\/www.facebook.com\/webdotn","article_published_time":"2011-02-27T15:52:00+00:00","og_image":[{"width":225,"height":338,"url":"https:\/\/www.webdo.tn\/fr\/wp-content\/uploads\/2011\/02\/Mohamed_Ghannouchi.jpg","type":"image\/jpeg"}],"author":"webdo.tn","twitter_card":"summary_large_image","twitter_creator":"@webdo_tn","twitter_site":"@webdo_tn","twitter_misc":{"\u00c9crit par":"webdo.tn","Dur\u00e9e de lecture estim\u00e9e":"2 minutes"},"schema":{"@context":"https:\/\/schema.org","@graph":[{"@type":"NewsArticle","@id":"https:\/\/www.webdo.tn\/fr\/actualite\/national\/mohammed-ghannouchi-demissionne-en-direct\/172985\/#article","isPartOf":{"@id":"https:\/\/www.webdo.tn\/fr\/actualite\/national\/mohammed-ghannouchi-demissionne-en-direct\/172985\/"},"author":{"name":"webdo.tn","@id":"https:\/\/www.webdo.tn\/fr\/#\/schema\/person\/9a9c6118d687c117df8ef3cc36a4d175"},"headline":"Mohammed Ghannouchi d\u00e9missionne en direct","datePublished":"2011-02-27T15:52:00+00:00","mainEntityOfPage":{"@id":"https:\/\/www.webdo.tn\/fr\/actualite\/national\/mohammed-ghannouchi-demissionne-en-direct\/172985\/"},"wordCount":342,"commentCount":0,"publisher":{"@id":"https:\/\/www.webdo.tn\/fr\/#organization"},"image":{"@id":"https:\/\/www.webdo.tn\/fr\/actualite\/national\/mohammed-ghannouchi-demissionne-en-direct\/172985\/#primaryimage"},"thumbnailUrl":"https:\/\/www.webdo.tn\/fr\/wp-content\/uploads\/2011\/02\/Mohamed_Ghannouchi.jpg","articleSection":["National"],"inLanguage":"fr-FR"},{"@type":"WebPage","@id":"https:\/\/www.webdo.tn\/fr\/actualite\/national\/mohammed-ghannouchi-demissionne-en-direct\/172985\/","url":"https:\/\/www.webdo.tn\/fr\/actualite\/national\/mohammed-ghannouchi-demissionne-en-direct\/172985\/","name":"Mohammed Ghannouchi d\u00e9missionne en direct","isPartOf":{"@id":"https:\/\/www.webdo.tn\/fr\/#website"},"primaryImageOfPage":{"@id":"https:\/\/www.webdo.tn\/fr\/actualite\/national\/mohammed-ghannouchi-demissionne-en-direct\/172985\/#primaryimage"},"image":{"@id":"https:\/\/www.webdo.tn\/fr\/actualite\/national\/mohammed-ghannouchi-demissionne-en-direct\/172985\/#primaryimage"},"thumbnailUrl":"https:\/\/www.webdo.tn\/fr\/wp-content\/uploads\/2011\/02\/Mohamed_Ghannouchi.jpg","datePublished":"2011-02-27T15:52:00+00:00","description":"Mohammed Ghannouchi d\u00e9missionne en direct","breadcrumb":{"@id":"https:\/\/www.webdo.tn\/fr\/actualite\/national\/mohammed-ghannouchi-demissionne-en-direct\/172985\/#breadcrumb"},"inLanguage":"fr-FR","potentialAction":[{"@type":"ReadAction","target":["https:\/\/www.webdo.tn\/fr\/actualite\/national\/mohammed-ghannouchi-demissionne-en-direct\/172985\/"]}]},{"@type":"ImageObject","inLanguage":"fr-FR","@id":"https:\/\/www.webdo.tn\/fr\/actualite\/national\/mohammed-ghannouchi-demissionne-en-direct\/172985\/#primaryimage","url":"https:\/\/www.webdo.tn\/fr\/wp-content\/uploads\/2011\/02\/Mohamed_Ghannouchi.jpg","contentUrl":"https:\/\/www.webdo.tn\/fr\/wp-content\/uploads\/2011\/02\/Mohamed_Ghannouchi.jpg","width":225,"height":338,"caption":"Mohammed Ghannouchi d\u00e9missionne en direct"},{"@type":"BreadcrumbList","@id":"https:\/\/www.webdo.tn\/fr\/actualite\/national\/mohammed-ghannouchi-demissionne-en-direct\/172985\/#breadcrumb","itemListElement":[{"@type":"ListItem","position":1,"name":"Accueil","item":"https:\/\/www.webdo.tn\/fr\/"},{"@type":"ListItem","position":2,"name":"Mohammed Ghannouchi d\u00e9missionne en direct"}]},{"@type":"WebSite","@id":"https:\/\/www.webdo.tn\/fr\/#website","url":"https:\/\/www.webdo.tn\/fr\/","name":"webdo","description":"Tunisie - News en Tunisie et \u00e0 l&#039;international sur Webdo.tn","publisher":{"@id":"https:\/\/www.webdo.tn\/fr\/#organization"},"potentialAction":[{"@type":"SearchAction","target":{"@type":"EntryPoint","urlTemplate":"https:\/\/www.webdo.tn\/fr\/?s={search_term_string}"},"query-input":{"@type":"PropertyValueSpecification","valueRequired":true,"valueName":"search_term_string"}}],"inLanguage":"fr-FR"},{"@type":"Organization","@id":"https:\/\/www.webdo.tn\/fr\/#organization","name":"Webdo","alternateName":"Webdo.tn","url":"https:\/\/www.webdo.tn\/fr\/","logo":{"@type":"ImageObject","inLanguage":"fr-FR","@id":"https:\/\/www.webdo.tn\/fr\/#\/schema\/logo\/image\/","url":"https:\/\/www.webdo.tn\/fr\/wp-content\/uploads\/2025\/06\/Webdo-Tunisie_168377.jpg","contentUrl":"https:\/\/www.webdo.tn\/fr\/wp-content\/uploads\/2025\/06\/Webdo-Tunisie_168377.jpg","width":301,"height":301,"caption":"Webdo"},"image":{"@id":"https:\/\/www.webdo.tn\/fr\/#\/schema\/logo\/image\/"},"sameAs":["https:\/\/www.facebook.com\/webdotn","https:\/\/x.com\/webdo_tn"],"description":"Webdo est un m\u00e9dia num\u00e9rique tunisien fond\u00e9 en 2010, sp\u00e9cialis\u00e9 dans l\u2019actualit\u00e9 nationale et internationale, l\u2019\u00e9conomie, la soci\u00e9t\u00e9 et les analyses politiques. Le site s\u2019adresse \u00e0 un large public francophone et couvre l\u2019information tunisienne en temps r\u00e9el.","email":"redac@webdo.tn","legalName":"YNJ SARL","foundingDate":"2010-09-06","numberOfEmployees":{"@type":"QuantitativeValue","minValue":"11","maxValue":"50"}},{"@type":"Person","@id":"https:\/\/www.webdo.tn\/fr\/#\/schema\/person\/9a9c6118d687c117df8ef3cc36a4d175","name":"webdo.tn","image":{"@type":"ImageObject","inLanguage":"fr-FR","@id":"https:\/\/secure.gravatar.com\/avatar\/7ce1f28c0c3bbac99ff550b85ef8e44a6950c6ee24514fb6a5489e51d06f0298?s=96&d=mm&r=g","url":"https:\/\/secure.gravatar.com\/avatar\/7ce1f28c0c3bbac99ff550b85ef8e44a6950c6ee24514fb6a5489e51d06f0298?s=96&d=mm&r=g","contentUrl":"https:\/\/secure.gravatar.com\/avatar\/7ce1f28c0c3bbac99ff550b85ef8e44a6950c6ee24514fb6a5489e51d06f0298?s=96&d=mm&r=g","caption":"webdo.tn"},"url":"https:\/\/www.webdo.tn\/fr\/actualite\/author\/webdotn\/"}]}},"_links":{"self":[{"href":"https:\/\/www.webdo.tn\/fr\/wp-json\/wp\/v2\/posts\/172985","targetHints":{"allow":["GET"]}}],"collection":[{"href":"https:\/\/www.webdo.tn\/fr\/wp-json\/wp\/v2\/posts"}],"about":[{"href":"https:\/\/www.webdo.tn\/fr\/wp-json\/wp\/v2\/types\/post"}],"author":[{"embeddable":true,"href":"https:\/\/www.webdo.tn\/fr\/wp-json\/wp\/v2\/users\/3222"}],"replies":[{"embeddable":true,"href":"https:\/\/www.webdo.tn\/fr\/wp-json\/wp\/v2\/comments?post=172985"}],"version-history":[{"count":0,"href":"https:\/\/www.webdo.tn\/fr\/wp-json\/wp\/v2\/posts\/172985\/revisions"}],"wp:featuredmedia":[{"embeddable":true,"href":"https:\/\/www.webdo.tn\/fr\/wp-json\/wp\/v2\/media\/365566"}],"wp:attachment":[{"href":"https:\/\/www.webdo.tn\/fr\/wp-json\/wp\/v2\/media?parent=172985"}],"wp:term":[{"taxonomy":"category","embeddable":true,"href":"https:\/\/www.webdo.tn\/fr\/wp-json\/wp\/v2\/categories?post=172985"},{"taxonomy":"post_tag","embeddable":true,"href":"https:\/\/www.webdo.tn\/fr\/wp-json\/wp\/v2\/tags?post=172985"}],"curies":[{"name":"wp","href":"https:\/\/api.w.org\/{rel}","templated":true}]}}