{"id":172983,"date":"2011-02-27T18:40:00","date_gmt":"2011-02-27T18:40:00","guid":{"rendered":"https:\/\/www.webdo.tn\/fr\/actualite\/blog\/des-centaines-de-manifestants-devant-la-maison-de-mohammed-ghannouchi\/172983\/"},"modified":"2011-02-27T18:40:00","modified_gmt":"2011-02-27T18:40:00","slug":"des-centaines-de-manifestants-devant-la-maison-de-mohammed-ghannouchi","status":"publish","type":"post","link":"https:\/\/www.webdo.tn\/fr\/actualite\/national\/des-centaines-de-manifestants-devant-la-maison-de-mohammed-ghannouchi\/172983\/","title":{"rendered":"Des centaines de personnes r\u00e9clament devant la maison de Ghannouchi son retour"},"content":{"rendered":"<p>Depuis sa d\u00e9mission cette apr\u00e8s midi en direct, les commentaires fusent sur la toile. Certains sont heureux de cette d\u00e9cision, d&rsquo;autres la d\u00e9plorent voire la pleurent. L&rsquo;avenir devient incertain et beaucoup se posent la question de la succession du premier ministre. <\/p>\n<p>Jusqu&rsquo;\u00e0 pr\u00e9sent, les multiples sit-in et manifestations ne cessaient de scander le d\u00e9sormais illustre \u201cd\u00e9gage\u201d \u00e0 l&rsquo;encontre de Mohamed Ghannouchi et de son gouvernement. Maintenant, une autre voix \u00e9mane du peuple, celle qui s&rsquo;est beaucoup tue et qui r\u00e9clame \u00e0 pr\u00e9sent son retour.<\/p>\n<p>Des centaines de personnes se sont amass\u00e9es et continuent \u00e0 se regrouper devant le domicile de l&rsquo;ancien premier ministre et crient au diapason une ancienne expression historiquement utilis\u00e9e pour Bourguiba:\u201cde mon \u00e2me, de mon sang je te fais don Ghannouchi\u201d. Ils remercient Mohammed Ghannouchi pour ce qu&rsquo;il a fait pour son pays.<\/p>\n<p>Des rumeurs circulent sur le net concernant le prochain premier ministre. L&rsquo;ancien ministre bourguibiste Beji Kaied Essebsi pourrait \u00eatre nomm\u00e9 au poste. Mais les r\u00e9actions des internautes semblent d\u00e9sapprouver ce choix. Allons nous donc vers un autre \u201cd\u00e9gage\u201d? <\/p>\n<p>En attendant, les casses et pillages n&rsquo;ont pas cess\u00e9 au centre ville.  La situation reste donc pr\u00e9caire.<\/p>\n","protected":false},"excerpt":{"rendered":"<p>Des centaines de personnes r\u00e9clament devant la maison de Ghannouchi son retour <\/p>\n","protected":false},"author":3222,"featured_media":365828,"comment_status":"open","ping_status":"closed","sticky":false,"template":"","format":"standard","meta":{"footnotes":""},"categories":[44],"tags":[],"class_list":["post-172983","post","type-post","status-publish","format-standard","has-post-thumbnail","hentry","category-national"],"yoast_head":"<!-- This site is optimized with the Yoast SEO Premium plugin v27.4 (Yoast SEO v27.4) - https:\/\/yoast.com\/product\/yoast-seo-premium-wordpress\/ -->\n<title>Des centaines de personnes r\u00e9clament devant la maison de Ghannouchi son retour<\/title>\n<meta name=\"description\" content=\"Des centaines de personnes r\u00e9clament devant la maison de Ghannouchi son retour\" \/>\n<link rel=\"canonical\" href=\"https:\/\/www.webdo.tn\/fr\/actualite\/national\/des-centaines-de-manifestants-devant-la-maison-de-mohammed-ghannouchi\/172983\/\" \/>\n<meta property=\"og:locale\" content=\"fr_FR\" \/>\n<meta property=\"og:type\" content=\"article\" \/>\n<meta property=\"og:title\" content=\"Des centaines de personnes r\u00e9clament devant la maison de Ghannouchi son retour\" \/>\n<meta property=\"og:description\" content=\"Des centaines de personnes r\u00e9clament devant la maison de Ghannouchi son retour\" \/>\n<meta property=\"og:url\" content=\"https:\/\/www.webdo.tn\/fr\/actualite\/national\/des-centaines-de-manifestants-devant-la-maison-de-mohammed-ghannouchi\/172983\/\" \/>\n<meta property=\"og:site_name\" content=\"webdo\" \/>\n<meta property=\"article:publisher\" content=\"https:\/\/www.facebook.com\/webdotn\" \/>\n<meta property=\"article:published_time\" content=\"2011-02-27T18:40:00+00:00\" \/>\n<meta property=\"og:image\" content=\"https:\/\/www.webdo.tn\/fr\/wp-content\/uploads\/2011\/02\/Mohamed-Ghannouchi.jpg\" \/>\n\t<meta property=\"og:image:width\" content=\"561\" \/>\n\t<meta property=\"og:image:height\" content=\"285\" \/>\n\t<meta property=\"og:image:type\" content=\"image\/jpeg\" \/>\n<meta name=\"author\" content=\"webdo.tn\" \/>\n<meta name=\"twitter:card\" content=\"summary_large_image\" \/>\n<meta name=\"twitter:creator\" content=\"@webdo_tn\" \/>\n<meta name=\"twitter:site\" content=\"@webdo_tn\" \/>\n<meta name=\"twitter:label1\" content=\"\u00c9crit par\" \/>\n\t<meta name=\"twitter:data1\" content=\"webdo.tn\" \/>\n\t<meta name=\"twitter:label2\" content=\"Dur\u00e9e de lecture estim\u00e9e\" \/>\n\t<meta name=\"twitter:data2\" content=\"1 minute\" \/>\n<script type=\"application\/ld+json\" class=\"yoast-schema-graph\">{\"@context\":\"https:\\\/\\\/schema.org\",\"@graph\":[{\"@type\":\"NewsArticle\",\"@id\":\"https:\\\/\\\/www.webdo.tn\\\/fr\\\/actualite\\\/national\\\/des-centaines-de-manifestants-devant-la-maison-de-mohammed-ghannouchi\\\/172983\\\/#article\",\"isPartOf\":{\"@id\":\"https:\\\/\\\/www.webdo.tn\\\/fr\\\/actualite\\\/national\\\/des-centaines-de-manifestants-devant-la-maison-de-mohammed-ghannouchi\\\/172983\\\/\"},\"author\":{\"name\":\"webdo.tn\",\"@id\":\"https:\\\/\\\/www.webdo.tn\\\/fr\\\/#\\\/schema\\\/person\\\/9a9c6118d687c117df8ef3cc36a4d175\"},\"headline\":\"Des centaines de personnes r\u00e9clament devant la maison de Ghannouchi son retour\",\"datePublished\":\"2011-02-27T18:40:00+00:00\",\"mainEntityOfPage\":{\"@id\":\"https:\\\/\\\/www.webdo.tn\\\/fr\\\/actualite\\\/national\\\/des-centaines-de-manifestants-devant-la-maison-de-mohammed-ghannouchi\\\/172983\\\/\"},\"wordCount\":225,\"commentCount\":0,\"publisher\":{\"@id\":\"https:\\\/\\\/www.webdo.tn\\\/fr\\\/#organization\"},\"image\":{\"@id\":\"https:\\\/\\\/www.webdo.tn\\\/fr\\\/actualite\\\/national\\\/des-centaines-de-manifestants-devant-la-maison-de-mohammed-ghannouchi\\\/172983\\\/#primaryimage\"},\"thumbnailUrl\":\"https:\\\/\\\/www.webdo.tn\\\/fr\\\/wp-content\\\/uploads\\\/2011\\\/02\\\/Mohamed-Ghannouchi.jpg\",\"articleSection\":[\"National\"],\"inLanguage\":\"fr-FR\"},{\"@type\":\"WebPage\",\"@id\":\"https:\\\/\\\/www.webdo.tn\\\/fr\\\/actualite\\\/national\\\/des-centaines-de-manifestants-devant-la-maison-de-mohammed-ghannouchi\\\/172983\\\/\",\"url\":\"https:\\\/\\\/www.webdo.tn\\\/fr\\\/actualite\\\/national\\\/des-centaines-de-manifestants-devant-la-maison-de-mohammed-ghannouchi\\\/172983\\\/\",\"name\":\"Des centaines de personnes r\u00e9clament devant la maison de Ghannouchi son retour\",\"isPartOf\":{\"@id\":\"https:\\\/\\\/www.webdo.tn\\\/fr\\\/#website\"},\"primaryImageOfPage\":{\"@id\":\"https:\\\/\\\/www.webdo.tn\\\/fr\\\/actualite\\\/national\\\/des-centaines-de-manifestants-devant-la-maison-de-mohammed-ghannouchi\\\/172983\\\/#primaryimage\"},\"image\":{\"@id\":\"https:\\\/\\\/www.webdo.tn\\\/fr\\\/actualite\\\/national\\\/des-centaines-de-manifestants-devant-la-maison-de-mohammed-ghannouchi\\\/172983\\\/#primaryimage\"},\"thumbnailUrl\":\"https:\\\/\\\/www.webdo.tn\\\/fr\\\/wp-content\\\/uploads\\\/2011\\\/02\\\/Mohamed-Ghannouchi.jpg\",\"datePublished\":\"2011-02-27T18:40:00+00:00\",\"description\":\"Des centaines de personnes r\u00e9clament devant la maison de Ghannouchi son retour\",\"breadcrumb\":{\"@id\":\"https:\\\/\\\/www.webdo.tn\\\/fr\\\/actualite\\\/national\\\/des-centaines-de-manifestants-devant-la-maison-de-mohammed-ghannouchi\\\/172983\\\/#breadcrumb\"},\"inLanguage\":\"fr-FR\",\"potentialAction\":[{\"@type\":\"ReadAction\",\"target\":[\"https:\\\/\\\/www.webdo.tn\\\/fr\\\/actualite\\\/national\\\/des-centaines-de-manifestants-devant-la-maison-de-mohammed-ghannouchi\\\/172983\\\/\"]}]},{\"@type\":\"ImageObject\",\"inLanguage\":\"fr-FR\",\"@id\":\"https:\\\/\\\/www.webdo.tn\\\/fr\\\/actualite\\\/national\\\/des-centaines-de-manifestants-devant-la-maison-de-mohammed-ghannouchi\\\/172983\\\/#primaryimage\",\"url\":\"https:\\\/\\\/www.webdo.tn\\\/fr\\\/wp-content\\\/uploads\\\/2011\\\/02\\\/Mohamed-Ghannouchi.jpg\",\"contentUrl\":\"https:\\\/\\\/www.webdo.tn\\\/fr\\\/wp-content\\\/uploads\\\/2011\\\/02\\\/Mohamed-Ghannouchi.jpg\",\"width\":561,\"height\":285,\"caption\":\"Des centaines de personnes r\u00e9clament devant la maison de Ghannouchi son retour\"},{\"@type\":\"BreadcrumbList\",\"@id\":\"https:\\\/\\\/www.webdo.tn\\\/fr\\\/actualite\\\/national\\\/des-centaines-de-manifestants-devant-la-maison-de-mohammed-ghannouchi\\\/172983\\\/#breadcrumb\",\"itemListElement\":[{\"@type\":\"ListItem\",\"position\":1,\"name\":\"Accueil\",\"item\":\"https:\\\/\\\/www.webdo.tn\\\/fr\\\/\"},{\"@type\":\"ListItem\",\"position\":2,\"name\":\"Des centaines de personnes r\u00e9clament devant la maison de Ghannouchi son retour\"}]},{\"@type\":\"WebSite\",\"@id\":\"https:\\\/\\\/www.webdo.tn\\\/fr\\\/#website\",\"url\":\"https:\\\/\\\/www.webdo.tn\\\/fr\\\/\",\"name\":\"webdo\",\"description\":\"Tunisie - News en Tunisie et \u00e0 l&#039;international sur Webdo.tn\",\"publisher\":{\"@id\":\"https:\\\/\\\/www.webdo.tn\\\/fr\\\/#organization\"},\"potentialAction\":[{\"@type\":\"SearchAction\",\"target\":{\"@type\":\"EntryPoint\",\"urlTemplate\":\"https:\\\/\\\/www.webdo.tn\\\/fr\\\/?s={search_term_string}\"},\"query-input\":{\"@type\":\"PropertyValueSpecification\",\"valueRequired\":true,\"valueName\":\"search_term_string\"}}],\"inLanguage\":\"fr-FR\"},{\"@type\":\"Organization\",\"@id\":\"https:\\\/\\\/www.webdo.tn\\\/fr\\\/#organization\",\"name\":\"Webdo\",\"alternateName\":\"Webdo.tn\",\"url\":\"https:\\\/\\\/www.webdo.tn\\\/fr\\\/\",\"logo\":{\"@type\":\"ImageObject\",\"inLanguage\":\"fr-FR\",\"@id\":\"https:\\\/\\\/www.webdo.tn\\\/fr\\\/#\\\/schema\\\/logo\\\/image\\\/\",\"url\":\"https:\\\/\\\/www.webdo.tn\\\/fr\\\/wp-content\\\/uploads\\\/2025\\\/06\\\/Webdo-Tunisie_168377.jpg\",\"contentUrl\":\"https:\\\/\\\/www.webdo.tn\\\/fr\\\/wp-content\\\/uploads\\\/2025\\\/06\\\/Webdo-Tunisie_168377.jpg\",\"width\":301,\"height\":301,\"caption\":\"Webdo\"},\"image\":{\"@id\":\"https:\\\/\\\/www.webdo.tn\\\/fr\\\/#\\\/schema\\\/logo\\\/image\\\/\"},\"sameAs\":[\"https:\\\/\\\/www.facebook.com\\\/webdotn\",\"https:\\\/\\\/x.com\\\/webdo_tn\"],\"description\":\"Webdo est un m\u00e9dia num\u00e9rique tunisien fond\u00e9 en 2010, sp\u00e9cialis\u00e9 dans l\u2019actualit\u00e9 nationale et internationale, l\u2019\u00e9conomie, la soci\u00e9t\u00e9 et les analyses politiques. Le site s\u2019adresse \u00e0 un large public francophone et couvre l\u2019information tunisienne en temps r\u00e9el.\",\"email\":\"redac@webdo.tn\",\"legalName\":\"YNJ SARL\",\"foundingDate\":\"2010-09-06\",\"numberOfEmployees\":{\"@type\":\"QuantitativeValue\",\"minValue\":\"11\",\"maxValue\":\"50\"}},{\"@type\":\"Person\",\"@id\":\"https:\\\/\\\/www.webdo.tn\\\/fr\\\/#\\\/schema\\\/person\\\/9a9c6118d687c117df8ef3cc36a4d175\",\"name\":\"webdo.tn\",\"image\":{\"@type\":\"ImageObject\",\"inLanguage\":\"fr-FR\",\"@id\":\"https:\\\/\\\/secure.gravatar.com\\\/avatar\\\/7ce1f28c0c3bbac99ff550b85ef8e44a6950c6ee24514fb6a5489e51d06f0298?s=96&d=mm&r=g\",\"url\":\"https:\\\/\\\/secure.gravatar.com\\\/avatar\\\/7ce1f28c0c3bbac99ff550b85ef8e44a6950c6ee24514fb6a5489e51d06f0298?s=96&d=mm&r=g\",\"contentUrl\":\"https:\\\/\\\/secure.gravatar.com\\\/avatar\\\/7ce1f28c0c3bbac99ff550b85ef8e44a6950c6ee24514fb6a5489e51d06f0298?s=96&d=mm&r=g\",\"caption\":\"webdo.tn\"},\"url\":\"https:\\\/\\\/www.webdo.tn\\\/fr\\\/actualite\\\/author\\\/webdotn\\\/\"}]}<\/script>\n<!-- \/ Yoast SEO Premium plugin. -->","yoast_head_json":{"title":"Des centaines de personnes r\u00e9clament devant la maison de Ghannouchi son retour","description":"Des centaines de personnes r\u00e9clament devant la maison de Ghannouchi son retour","canonical":"https:\/\/www.webdo.tn\/fr\/actualite\/national\/des-centaines-de-manifestants-devant-la-maison-de-mohammed-ghannouchi\/172983\/","og_locale":"fr_FR","og_type":"article","og_title":"Des centaines de personnes r\u00e9clament devant la maison de Ghannouchi son retour","og_description":"Des centaines de personnes r\u00e9clament devant la maison de Ghannouchi son retour","og_url":"https:\/\/www.webdo.tn\/fr\/actualite\/national\/des-centaines-de-manifestants-devant-la-maison-de-mohammed-ghannouchi\/172983\/","og_site_name":"webdo","article_publisher":"https:\/\/www.facebook.com\/webdotn","article_published_time":"2011-02-27T18:40:00+00:00","og_image":[{"width":561,"height":285,"url":"https:\/\/www.webdo.tn\/fr\/wp-content\/uploads\/2011\/02\/Mohamed-Ghannouchi.jpg","type":"image\/jpeg"}],"author":"webdo.tn","twitter_card":"summary_large_image","twitter_creator":"@webdo_tn","twitter_site":"@webdo_tn","twitter_misc":{"\u00c9crit par":"webdo.tn","Dur\u00e9e de lecture estim\u00e9e":"1 minute"},"schema":{"@context":"https:\/\/schema.org","@graph":[{"@type":"NewsArticle","@id":"https:\/\/www.webdo.tn\/fr\/actualite\/national\/des-centaines-de-manifestants-devant-la-maison-de-mohammed-ghannouchi\/172983\/#article","isPartOf":{"@id":"https:\/\/www.webdo.tn\/fr\/actualite\/national\/des-centaines-de-manifestants-devant-la-maison-de-mohammed-ghannouchi\/172983\/"},"author":{"name":"webdo.tn","@id":"https:\/\/www.webdo.tn\/fr\/#\/schema\/person\/9a9c6118d687c117df8ef3cc36a4d175"},"headline":"Des centaines de personnes r\u00e9clament devant la maison de Ghannouchi son retour","datePublished":"2011-02-27T18:40:00+00:00","mainEntityOfPage":{"@id":"https:\/\/www.webdo.tn\/fr\/actualite\/national\/des-centaines-de-manifestants-devant-la-maison-de-mohammed-ghannouchi\/172983\/"},"wordCount":225,"commentCount":0,"publisher":{"@id":"https:\/\/www.webdo.tn\/fr\/#organization"},"image":{"@id":"https:\/\/www.webdo.tn\/fr\/actualite\/national\/des-centaines-de-manifestants-devant-la-maison-de-mohammed-ghannouchi\/172983\/#primaryimage"},"thumbnailUrl":"https:\/\/www.webdo.tn\/fr\/wp-content\/uploads\/2011\/02\/Mohamed-Ghannouchi.jpg","articleSection":["National"],"inLanguage":"fr-FR"},{"@type":"WebPage","@id":"https:\/\/www.webdo.tn\/fr\/actualite\/national\/des-centaines-de-manifestants-devant-la-maison-de-mohammed-ghannouchi\/172983\/","url":"https:\/\/www.webdo.tn\/fr\/actualite\/national\/des-centaines-de-manifestants-devant-la-maison-de-mohammed-ghannouchi\/172983\/","name":"Des centaines de personnes r\u00e9clament devant la maison de Ghannouchi son retour","isPartOf":{"@id":"https:\/\/www.webdo.tn\/fr\/#website"},"primaryImageOfPage":{"@id":"https:\/\/www.webdo.tn\/fr\/actualite\/national\/des-centaines-de-manifestants-devant-la-maison-de-mohammed-ghannouchi\/172983\/#primaryimage"},"image":{"@id":"https:\/\/www.webdo.tn\/fr\/actualite\/national\/des-centaines-de-manifestants-devant-la-maison-de-mohammed-ghannouchi\/172983\/#primaryimage"},"thumbnailUrl":"https:\/\/www.webdo.tn\/fr\/wp-content\/uploads\/2011\/02\/Mohamed-Ghannouchi.jpg","datePublished":"2011-02-27T18:40:00+00:00","description":"Des centaines de personnes r\u00e9clament devant la maison de Ghannouchi son retour","breadcrumb":{"@id":"https:\/\/www.webdo.tn\/fr\/actualite\/national\/des-centaines-de-manifestants-devant-la-maison-de-mohammed-ghannouchi\/172983\/#breadcrumb"},"inLanguage":"fr-FR","potentialAction":[{"@type":"ReadAction","target":["https:\/\/www.webdo.tn\/fr\/actualite\/national\/des-centaines-de-manifestants-devant-la-maison-de-mohammed-ghannouchi\/172983\/"]}]},{"@type":"ImageObject","inLanguage":"fr-FR","@id":"https:\/\/www.webdo.tn\/fr\/actualite\/national\/des-centaines-de-manifestants-devant-la-maison-de-mohammed-ghannouchi\/172983\/#primaryimage","url":"https:\/\/www.webdo.tn\/fr\/wp-content\/uploads\/2011\/02\/Mohamed-Ghannouchi.jpg","contentUrl":"https:\/\/www.webdo.tn\/fr\/wp-content\/uploads\/2011\/02\/Mohamed-Ghannouchi.jpg","width":561,"height":285,"caption":"Des centaines de personnes r\u00e9clament devant la maison de Ghannouchi son retour"},{"@type":"BreadcrumbList","@id":"https:\/\/www.webdo.tn\/fr\/actualite\/national\/des-centaines-de-manifestants-devant-la-maison-de-mohammed-ghannouchi\/172983\/#breadcrumb","itemListElement":[{"@type":"ListItem","position":1,"name":"Accueil","item":"https:\/\/www.webdo.tn\/fr\/"},{"@type":"ListItem","position":2,"name":"Des centaines de personnes r\u00e9clament devant la maison de Ghannouchi son retour"}]},{"@type":"WebSite","@id":"https:\/\/www.webdo.tn\/fr\/#website","url":"https:\/\/www.webdo.tn\/fr\/","name":"webdo","description":"Tunisie - News en Tunisie et \u00e0 l&#039;international sur Webdo.tn","publisher":{"@id":"https:\/\/www.webdo.tn\/fr\/#organization"},"potentialAction":[{"@type":"SearchAction","target":{"@type":"EntryPoint","urlTemplate":"https:\/\/www.webdo.tn\/fr\/?s={search_term_string}"},"query-input":{"@type":"PropertyValueSpecification","valueRequired":true,"valueName":"search_term_string"}}],"inLanguage":"fr-FR"},{"@type":"Organization","@id":"https:\/\/www.webdo.tn\/fr\/#organization","name":"Webdo","alternateName":"Webdo.tn","url":"https:\/\/www.webdo.tn\/fr\/","logo":{"@type":"ImageObject","inLanguage":"fr-FR","@id":"https:\/\/www.webdo.tn\/fr\/#\/schema\/logo\/image\/","url":"https:\/\/www.webdo.tn\/fr\/wp-content\/uploads\/2025\/06\/Webdo-Tunisie_168377.jpg","contentUrl":"https:\/\/www.webdo.tn\/fr\/wp-content\/uploads\/2025\/06\/Webdo-Tunisie_168377.jpg","width":301,"height":301,"caption":"Webdo"},"image":{"@id":"https:\/\/www.webdo.tn\/fr\/#\/schema\/logo\/image\/"},"sameAs":["https:\/\/www.facebook.com\/webdotn","https:\/\/x.com\/webdo_tn"],"description":"Webdo est un m\u00e9dia num\u00e9rique tunisien fond\u00e9 en 2010, sp\u00e9cialis\u00e9 dans l\u2019actualit\u00e9 nationale et internationale, l\u2019\u00e9conomie, la soci\u00e9t\u00e9 et les analyses politiques. Le site s\u2019adresse \u00e0 un large public francophone et couvre l\u2019information tunisienne en temps r\u00e9el.","email":"redac@webdo.tn","legalName":"YNJ SARL","foundingDate":"2010-09-06","numberOfEmployees":{"@type":"QuantitativeValue","minValue":"11","maxValue":"50"}},{"@type":"Person","@id":"https:\/\/www.webdo.tn\/fr\/#\/schema\/person\/9a9c6118d687c117df8ef3cc36a4d175","name":"webdo.tn","image":{"@type":"ImageObject","inLanguage":"fr-FR","@id":"https:\/\/secure.gravatar.com\/avatar\/7ce1f28c0c3bbac99ff550b85ef8e44a6950c6ee24514fb6a5489e51d06f0298?s=96&d=mm&r=g","url":"https:\/\/secure.gravatar.com\/avatar\/7ce1f28c0c3bbac99ff550b85ef8e44a6950c6ee24514fb6a5489e51d06f0298?s=96&d=mm&r=g","contentUrl":"https:\/\/secure.gravatar.com\/avatar\/7ce1f28c0c3bbac99ff550b85ef8e44a6950c6ee24514fb6a5489e51d06f0298?s=96&d=mm&r=g","caption":"webdo.tn"},"url":"https:\/\/www.webdo.tn\/fr\/actualite\/author\/webdotn\/"}]}},"_links":{"self":[{"href":"https:\/\/www.webdo.tn\/fr\/wp-json\/wp\/v2\/posts\/172983","targetHints":{"allow":["GET"]}}],"collection":[{"href":"https:\/\/www.webdo.tn\/fr\/wp-json\/wp\/v2\/posts"}],"about":[{"href":"https:\/\/www.webdo.tn\/fr\/wp-json\/wp\/v2\/types\/post"}],"author":[{"embeddable":true,"href":"https:\/\/www.webdo.tn\/fr\/wp-json\/wp\/v2\/users\/3222"}],"replies":[{"embeddable":true,"href":"https:\/\/www.webdo.tn\/fr\/wp-json\/wp\/v2\/comments?post=172983"}],"version-history":[{"count":0,"href":"https:\/\/www.webdo.tn\/fr\/wp-json\/wp\/v2\/posts\/172983\/revisions"}],"wp:featuredmedia":[{"embeddable":true,"href":"https:\/\/www.webdo.tn\/fr\/wp-json\/wp\/v2\/media\/365828"}],"wp:attachment":[{"href":"https:\/\/www.webdo.tn\/fr\/wp-json\/wp\/v2\/media?parent=172983"}],"wp:term":[{"taxonomy":"category","embeddable":true,"href":"https:\/\/www.webdo.tn\/fr\/wp-json\/wp\/v2\/categories?post=172983"},{"taxonomy":"post_tag","embeddable":true,"href":"https:\/\/www.webdo.tn\/fr\/wp-json\/wp\/v2\/tags?post=172983"}],"curies":[{"name":"wp","href":"https:\/\/api.w.org\/{rel}","templated":true}]}}