{"id":172980,"date":"2011-02-28T12:00:00","date_gmt":"2011-02-28T12:00:00","guid":{"rendered":"https:\/\/www.webdo.tn\/fr\/actualite\/blog\/le-syndicat-de-france-telecom-sinterroge-sur-la-possible-nationalisation-dorange-tunisie\/173948\/"},"modified":"2025-06-04T20:57:52","modified_gmt":"2025-06-04T20:57:52","slug":"le-syndicat-de-france-telecom-sinterroge-sur-la-possible-nationalisation-dorange-tunisie","status":"publish","type":"post","link":"https:\/\/www.webdo.tn\/fr\/actualite\/national\/le-syndicat-de-france-telecom-sinterroge-sur-la-possible-nationalisation-dorange-tunisie\/172980\/","title":{"rendered":"Le Syndicat de France Telecom s\u2019interroge sur la possible nationalisation d\u2019Orange Tunisie"},"content":{"rendered":"<p>Nous vous avons relat\u00e9, dans un pr\u00e9c\u00e9dent article, que le gouvernement a d\u00e9cid\u00e9 de confisquer tous les biens de l\u2019ex-pr\u00e9sident Ben Ali, ainsi que ceux de sa famille. En ce sens, les parts du gendre de Ben Ali, Marwen Mabrouk, via Investec, pourraient ne plus lui appartenir.<\/p>\n<p>Cette d\u00e9cision du gouvernement de transition inqui\u00e8te France Telecom. D\u00e9tenant 49% du capital d\u2019Orange Tunisie, France Telecom n\u2019a toujours pas r\u00e9agi officiellement mais suit le dossier avec beaucoup d\u2019attention.<\/p>\n<p>La forte probabilit\u00e9 de la nationalisation partielle d\u2019Orange Tunisie fait que le syndicat CFE-CGC\/UNSA de l\u2019op\u00e9rateur fran\u00e7ais  s\u2019interroge sur l\u2019avenir de la soci\u00e9t\u00e9 qui emploie 1100 personnes et qui compte 800.000 clients.<\/p>\n<p>Selon le communiqu\u00e9 publi\u00e9 par le CFE-CGC\/UNSA, disponible sur le site www.cfecgc-unsa-ft-orange.org, le syndicat se demande si France Telecom peut \u00eatre candidate aux rachats des 51% des actions qui pourraient revenir \u00e0 l\u2019\u00e9tat.<\/p>\n","protected":false},"excerpt":{"rendered":"<p>Le Syndicat de France Telecom s\u2019interroge sur la possible nationalisation d\u2019Orange Tunisie<\/p>\n","protected":false},"author":3222,"featured_media":365547,"comment_status":"open","ping_status":"closed","sticky":false,"template":"","format":"standard","meta":{"footnotes":""},"categories":[44],"tags":[],"class_list":["post-172980","post","type-post","status-publish","format-standard","has-post-thumbnail","hentry","category-national"],"yoast_head":"<!-- This site is optimized with the Yoast SEO Premium plugin v27.4 (Yoast SEO v27.4) - https:\/\/yoast.com\/product\/yoast-seo-premium-wordpress\/ -->\n<title>Le Syndicat de France Telecom s\u2019interroge sur la possible nationalisation d\u2019Orange Tunisie<\/title>\n<meta name=\"description\" content=\"Le Syndicat de France Telecom s\u2019interroge sur la possible nationalisation d\u2019Orange Tunisie\" \/>\n<link rel=\"canonical\" href=\"https:\/\/www.webdo.tn\/fr\/actualite\/mobile\/le-syndicat-de-france-telecom-sinterroge-sur-la-possible-nationalisation-dorange-tunisie\/172980\/\" \/>\n<meta property=\"og:locale\" content=\"fr_FR\" \/>\n<meta property=\"og:type\" content=\"article\" \/>\n<meta property=\"og:title\" content=\"Le Syndicat de France Telecom s\u2019interroge sur la possible nationalisation d\u2019Orange Tunisie\" \/>\n<meta property=\"og:description\" content=\"Le Syndicat de France Telecom s\u2019interroge sur la possible nationalisation d\u2019Orange Tunisie\" \/>\n<meta property=\"og:url\" content=\"https:\/\/www.webdo.tn\/fr\/actualite\/mobile\/le-syndicat-de-france-telecom-sinterroge-sur-la-possible-nationalisation-dorange-tunisie\/172980\/\" \/>\n<meta property=\"og:site_name\" content=\"webdo\" \/>\n<meta property=\"article:publisher\" content=\"https:\/\/www.facebook.com\/webdotn\" \/>\n<meta property=\"article:published_time\" content=\"2011-02-28T12:00:00+00:00\" \/>\n<meta property=\"article:modified_time\" content=\"2025-06-04T20:57:52+00:00\" \/>\n<meta property=\"og:image\" content=\"https:\/\/www.webdo.tn\/fr\/wp-content\/uploads\/2011\/02\/orange-150x150-1.jpg\" \/>\n\t<meta property=\"og:image:width\" content=\"150\" \/>\n\t<meta property=\"og:image:height\" content=\"150\" \/>\n\t<meta property=\"og:image:type\" content=\"image\/jpeg\" \/>\n<meta name=\"author\" content=\"webdo.tn\" \/>\n<meta name=\"twitter:card\" content=\"summary_large_image\" \/>\n<meta name=\"twitter:creator\" content=\"@webdo_tn\" \/>\n<meta name=\"twitter:site\" content=\"@webdo_tn\" \/>\n<meta name=\"twitter:label1\" content=\"\u00c9crit par\" \/>\n\t<meta name=\"twitter:data1\" content=\"webdo.tn\" \/>\n\t<meta name=\"twitter:label2\" content=\"Dur\u00e9e de lecture estim\u00e9e\" \/>\n\t<meta name=\"twitter:data2\" content=\"1 minute\" \/>\n<script type=\"application\/ld+json\" class=\"yoast-schema-graph\">{\"@context\":\"https:\\\/\\\/schema.org\",\"@graph\":[{\"@type\":\"NewsArticle\",\"@id\":\"https:\\\/\\\/www.webdo.tn\\\/fr\\\/actualite\\\/mobile\\\/le-syndicat-de-france-telecom-sinterroge-sur-la-possible-nationalisation-dorange-tunisie\\\/172980\\\/#article\",\"isPartOf\":{\"@id\":\"https:\\\/\\\/www.webdo.tn\\\/fr\\\/actualite\\\/mobile\\\/le-syndicat-de-france-telecom-sinterroge-sur-la-possible-nationalisation-dorange-tunisie\\\/172980\\\/\"},\"author\":{\"name\":\"webdo.tn\",\"@id\":\"https:\\\/\\\/www.webdo.tn\\\/fr\\\/#\\\/schema\\\/person\\\/9a9c6118d687c117df8ef3cc36a4d175\"},\"headline\":\"Le Syndicat de France Telecom s\u2019interroge sur la possible nationalisation d\u2019Orange Tunisie\",\"datePublished\":\"2011-02-28T12:00:00+00:00\",\"dateModified\":\"2025-06-04T20:57:52+00:00\",\"mainEntityOfPage\":{\"@id\":\"https:\\\/\\\/www.webdo.tn\\\/fr\\\/actualite\\\/mobile\\\/le-syndicat-de-france-telecom-sinterroge-sur-la-possible-nationalisation-dorange-tunisie\\\/172980\\\/\"},\"wordCount\":174,\"commentCount\":0,\"publisher\":{\"@id\":\"https:\\\/\\\/www.webdo.tn\\\/fr\\\/#organization\"},\"image\":{\"@id\":\"https:\\\/\\\/www.webdo.tn\\\/fr\\\/actualite\\\/mobile\\\/le-syndicat-de-france-telecom-sinterroge-sur-la-possible-nationalisation-dorange-tunisie\\\/172980\\\/#primaryimage\"},\"thumbnailUrl\":\"https:\\\/\\\/www.webdo.tn\\\/fr\\\/wp-content\\\/uploads\\\/2011\\\/02\\\/orange-150x150-1.jpg\",\"articleSection\":[\"National\"],\"inLanguage\":\"fr-FR\"},{\"@type\":\"WebPage\",\"@id\":\"https:\\\/\\\/www.webdo.tn\\\/fr\\\/actualite\\\/mobile\\\/le-syndicat-de-france-telecom-sinterroge-sur-la-possible-nationalisation-dorange-tunisie\\\/172980\\\/\",\"url\":\"https:\\\/\\\/www.webdo.tn\\\/fr\\\/actualite\\\/mobile\\\/le-syndicat-de-france-telecom-sinterroge-sur-la-possible-nationalisation-dorange-tunisie\\\/172980\\\/\",\"name\":\"Le Syndicat de France Telecom s\u2019interroge sur la possible nationalisation d\u2019Orange Tunisie\",\"isPartOf\":{\"@id\":\"https:\\\/\\\/www.webdo.tn\\\/fr\\\/#website\"},\"primaryImageOfPage\":{\"@id\":\"https:\\\/\\\/www.webdo.tn\\\/fr\\\/actualite\\\/mobile\\\/le-syndicat-de-france-telecom-sinterroge-sur-la-possible-nationalisation-dorange-tunisie\\\/172980\\\/#primaryimage\"},\"image\":{\"@id\":\"https:\\\/\\\/www.webdo.tn\\\/fr\\\/actualite\\\/mobile\\\/le-syndicat-de-france-telecom-sinterroge-sur-la-possible-nationalisation-dorange-tunisie\\\/172980\\\/#primaryimage\"},\"thumbnailUrl\":\"https:\\\/\\\/www.webdo.tn\\\/fr\\\/wp-content\\\/uploads\\\/2011\\\/02\\\/orange-150x150-1.jpg\",\"datePublished\":\"2011-02-28T12:00:00+00:00\",\"dateModified\":\"2025-06-04T20:57:52+00:00\",\"description\":\"Le Syndicat de France Telecom s\u2019interroge sur la possible nationalisation d\u2019Orange Tunisie\",\"breadcrumb\":{\"@id\":\"https:\\\/\\\/www.webdo.tn\\\/fr\\\/actualite\\\/mobile\\\/le-syndicat-de-france-telecom-sinterroge-sur-la-possible-nationalisation-dorange-tunisie\\\/172980\\\/#breadcrumb\"},\"inLanguage\":\"fr-FR\",\"potentialAction\":[{\"@type\":\"ReadAction\",\"target\":[\"https:\\\/\\\/www.webdo.tn\\\/fr\\\/actualite\\\/mobile\\\/le-syndicat-de-france-telecom-sinterroge-sur-la-possible-nationalisation-dorange-tunisie\\\/172980\\\/\"]}]},{\"@type\":\"ImageObject\",\"inLanguage\":\"fr-FR\",\"@id\":\"https:\\\/\\\/www.webdo.tn\\\/fr\\\/actualite\\\/mobile\\\/le-syndicat-de-france-telecom-sinterroge-sur-la-possible-nationalisation-dorange-tunisie\\\/172980\\\/#primaryimage\",\"url\":\"https:\\\/\\\/www.webdo.tn\\\/fr\\\/wp-content\\\/uploads\\\/2011\\\/02\\\/orange-150x150-1.jpg\",\"contentUrl\":\"https:\\\/\\\/www.webdo.tn\\\/fr\\\/wp-content\\\/uploads\\\/2011\\\/02\\\/orange-150x150-1.jpg\",\"width\":150,\"height\":150,\"caption\":\"Le Syndicat de France Telecom s\u2019interroge sur la possible nationalisation d\u2019Orange Tunisie\"},{\"@type\":\"BreadcrumbList\",\"@id\":\"https:\\\/\\\/www.webdo.tn\\\/fr\\\/actualite\\\/mobile\\\/le-syndicat-de-france-telecom-sinterroge-sur-la-possible-nationalisation-dorange-tunisie\\\/172980\\\/#breadcrumb\",\"itemListElement\":[{\"@type\":\"ListItem\",\"position\":1,\"name\":\"Accueil\",\"item\":\"https:\\\/\\\/www.webdo.tn\\\/fr\\\/\"},{\"@type\":\"ListItem\",\"position\":2,\"name\":\"Le Syndicat de France Telecom s\u2019interroge sur la possible nationalisation d\u2019Orange Tunisie\"}]},{\"@type\":\"WebSite\",\"@id\":\"https:\\\/\\\/www.webdo.tn\\\/fr\\\/#website\",\"url\":\"https:\\\/\\\/www.webdo.tn\\\/fr\\\/\",\"name\":\"webdo\",\"description\":\"Tunisie - News en Tunisie et \u00e0 l&#039;international sur Webdo.tn\",\"publisher\":{\"@id\":\"https:\\\/\\\/www.webdo.tn\\\/fr\\\/#organization\"},\"potentialAction\":[{\"@type\":\"SearchAction\",\"target\":{\"@type\":\"EntryPoint\",\"urlTemplate\":\"https:\\\/\\\/www.webdo.tn\\\/fr\\\/?s={search_term_string}\"},\"query-input\":{\"@type\":\"PropertyValueSpecification\",\"valueRequired\":true,\"valueName\":\"search_term_string\"}}],\"inLanguage\":\"fr-FR\"},{\"@type\":\"Organization\",\"@id\":\"https:\\\/\\\/www.webdo.tn\\\/fr\\\/#organization\",\"name\":\"Webdo\",\"alternateName\":\"Webdo.tn\",\"url\":\"https:\\\/\\\/www.webdo.tn\\\/fr\\\/\",\"logo\":{\"@type\":\"ImageObject\",\"inLanguage\":\"fr-FR\",\"@id\":\"https:\\\/\\\/www.webdo.tn\\\/fr\\\/#\\\/schema\\\/logo\\\/image\\\/\",\"url\":\"https:\\\/\\\/www.webdo.tn\\\/fr\\\/wp-content\\\/uploads\\\/2025\\\/06\\\/Webdo-Tunisie_168377.jpg\",\"contentUrl\":\"https:\\\/\\\/www.webdo.tn\\\/fr\\\/wp-content\\\/uploads\\\/2025\\\/06\\\/Webdo-Tunisie_168377.jpg\",\"width\":301,\"height\":301,\"caption\":\"Webdo\"},\"image\":{\"@id\":\"https:\\\/\\\/www.webdo.tn\\\/fr\\\/#\\\/schema\\\/logo\\\/image\\\/\"},\"sameAs\":[\"https:\\\/\\\/www.facebook.com\\\/webdotn\",\"https:\\\/\\\/x.com\\\/webdo_tn\"],\"description\":\"Webdo est un m\u00e9dia num\u00e9rique tunisien fond\u00e9 en 2010, sp\u00e9cialis\u00e9 dans l\u2019actualit\u00e9 nationale et internationale, l\u2019\u00e9conomie, la soci\u00e9t\u00e9 et les analyses politiques. Le site s\u2019adresse \u00e0 un large public francophone et couvre l\u2019information tunisienne en temps r\u00e9el.\",\"email\":\"redac@webdo.tn\",\"legalName\":\"YNJ SARL\",\"foundingDate\":\"2010-09-06\",\"numberOfEmployees\":{\"@type\":\"QuantitativeValue\",\"minValue\":\"11\",\"maxValue\":\"50\"}},{\"@type\":\"Person\",\"@id\":\"https:\\\/\\\/www.webdo.tn\\\/fr\\\/#\\\/schema\\\/person\\\/9a9c6118d687c117df8ef3cc36a4d175\",\"name\":\"webdo.tn\",\"image\":{\"@type\":\"ImageObject\",\"inLanguage\":\"fr-FR\",\"@id\":\"https:\\\/\\\/secure.gravatar.com\\\/avatar\\\/7ce1f28c0c3bbac99ff550b85ef8e44a6950c6ee24514fb6a5489e51d06f0298?s=96&d=mm&r=g\",\"url\":\"https:\\\/\\\/secure.gravatar.com\\\/avatar\\\/7ce1f28c0c3bbac99ff550b85ef8e44a6950c6ee24514fb6a5489e51d06f0298?s=96&d=mm&r=g\",\"contentUrl\":\"https:\\\/\\\/secure.gravatar.com\\\/avatar\\\/7ce1f28c0c3bbac99ff550b85ef8e44a6950c6ee24514fb6a5489e51d06f0298?s=96&d=mm&r=g\",\"caption\":\"webdo.tn\"},\"url\":\"https:\\\/\\\/www.webdo.tn\\\/fr\\\/actualite\\\/author\\\/webdotn\\\/\"}]}<\/script>\n<!-- \/ Yoast SEO Premium plugin. -->","yoast_head_json":{"title":"Le Syndicat de France Telecom s\u2019interroge sur la possible nationalisation d\u2019Orange Tunisie","description":"Le Syndicat de France Telecom s\u2019interroge sur la possible nationalisation d\u2019Orange Tunisie","canonical":"https:\/\/www.webdo.tn\/fr\/actualite\/mobile\/le-syndicat-de-france-telecom-sinterroge-sur-la-possible-nationalisation-dorange-tunisie\/172980\/","og_locale":"fr_FR","og_type":"article","og_title":"Le Syndicat de France Telecom s\u2019interroge sur la possible nationalisation d\u2019Orange Tunisie","og_description":"Le Syndicat de France Telecom s\u2019interroge sur la possible nationalisation d\u2019Orange Tunisie","og_url":"https:\/\/www.webdo.tn\/fr\/actualite\/mobile\/le-syndicat-de-france-telecom-sinterroge-sur-la-possible-nationalisation-dorange-tunisie\/172980\/","og_site_name":"webdo","article_publisher":"https:\/\/www.facebook.com\/webdotn","article_published_time":"2011-02-28T12:00:00+00:00","article_modified_time":"2025-06-04T20:57:52+00:00","og_image":[{"width":150,"height":150,"url":"https:\/\/www.webdo.tn\/fr\/wp-content\/uploads\/2011\/02\/orange-150x150-1.jpg","type":"image\/jpeg"}],"author":"webdo.tn","twitter_card":"summary_large_image","twitter_creator":"@webdo_tn","twitter_site":"@webdo_tn","twitter_misc":{"\u00c9crit par":"webdo.tn","Dur\u00e9e de lecture estim\u00e9e":"1 minute"},"schema":{"@context":"https:\/\/schema.org","@graph":[{"@type":"NewsArticle","@id":"https:\/\/www.webdo.tn\/fr\/actualite\/mobile\/le-syndicat-de-france-telecom-sinterroge-sur-la-possible-nationalisation-dorange-tunisie\/172980\/#article","isPartOf":{"@id":"https:\/\/www.webdo.tn\/fr\/actualite\/mobile\/le-syndicat-de-france-telecom-sinterroge-sur-la-possible-nationalisation-dorange-tunisie\/172980\/"},"author":{"name":"webdo.tn","@id":"https:\/\/www.webdo.tn\/fr\/#\/schema\/person\/9a9c6118d687c117df8ef3cc36a4d175"},"headline":"Le Syndicat de France Telecom s\u2019interroge sur la possible nationalisation d\u2019Orange Tunisie","datePublished":"2011-02-28T12:00:00+00:00","dateModified":"2025-06-04T20:57:52+00:00","mainEntityOfPage":{"@id":"https:\/\/www.webdo.tn\/fr\/actualite\/mobile\/le-syndicat-de-france-telecom-sinterroge-sur-la-possible-nationalisation-dorange-tunisie\/172980\/"},"wordCount":174,"commentCount":0,"publisher":{"@id":"https:\/\/www.webdo.tn\/fr\/#organization"},"image":{"@id":"https:\/\/www.webdo.tn\/fr\/actualite\/mobile\/le-syndicat-de-france-telecom-sinterroge-sur-la-possible-nationalisation-dorange-tunisie\/172980\/#primaryimage"},"thumbnailUrl":"https:\/\/www.webdo.tn\/fr\/wp-content\/uploads\/2011\/02\/orange-150x150-1.jpg","articleSection":["National"],"inLanguage":"fr-FR"},{"@type":"WebPage","@id":"https:\/\/www.webdo.tn\/fr\/actualite\/mobile\/le-syndicat-de-france-telecom-sinterroge-sur-la-possible-nationalisation-dorange-tunisie\/172980\/","url":"https:\/\/www.webdo.tn\/fr\/actualite\/mobile\/le-syndicat-de-france-telecom-sinterroge-sur-la-possible-nationalisation-dorange-tunisie\/172980\/","name":"Le Syndicat de France Telecom s\u2019interroge sur la possible nationalisation d\u2019Orange Tunisie","isPartOf":{"@id":"https:\/\/www.webdo.tn\/fr\/#website"},"primaryImageOfPage":{"@id":"https:\/\/www.webdo.tn\/fr\/actualite\/mobile\/le-syndicat-de-france-telecom-sinterroge-sur-la-possible-nationalisation-dorange-tunisie\/172980\/#primaryimage"},"image":{"@id":"https:\/\/www.webdo.tn\/fr\/actualite\/mobile\/le-syndicat-de-france-telecom-sinterroge-sur-la-possible-nationalisation-dorange-tunisie\/172980\/#primaryimage"},"thumbnailUrl":"https:\/\/www.webdo.tn\/fr\/wp-content\/uploads\/2011\/02\/orange-150x150-1.jpg","datePublished":"2011-02-28T12:00:00+00:00","dateModified":"2025-06-04T20:57:52+00:00","description":"Le Syndicat de France Telecom s\u2019interroge sur la possible nationalisation d\u2019Orange Tunisie","breadcrumb":{"@id":"https:\/\/www.webdo.tn\/fr\/actualite\/mobile\/le-syndicat-de-france-telecom-sinterroge-sur-la-possible-nationalisation-dorange-tunisie\/172980\/#breadcrumb"},"inLanguage":"fr-FR","potentialAction":[{"@type":"ReadAction","target":["https:\/\/www.webdo.tn\/fr\/actualite\/mobile\/le-syndicat-de-france-telecom-sinterroge-sur-la-possible-nationalisation-dorange-tunisie\/172980\/"]}]},{"@type":"ImageObject","inLanguage":"fr-FR","@id":"https:\/\/www.webdo.tn\/fr\/actualite\/mobile\/le-syndicat-de-france-telecom-sinterroge-sur-la-possible-nationalisation-dorange-tunisie\/172980\/#primaryimage","url":"https:\/\/www.webdo.tn\/fr\/wp-content\/uploads\/2011\/02\/orange-150x150-1.jpg","contentUrl":"https:\/\/www.webdo.tn\/fr\/wp-content\/uploads\/2011\/02\/orange-150x150-1.jpg","width":150,"height":150,"caption":"Le Syndicat de France Telecom s\u2019interroge sur la possible nationalisation d\u2019Orange Tunisie"},{"@type":"BreadcrumbList","@id":"https:\/\/www.webdo.tn\/fr\/actualite\/mobile\/le-syndicat-de-france-telecom-sinterroge-sur-la-possible-nationalisation-dorange-tunisie\/172980\/#breadcrumb","itemListElement":[{"@type":"ListItem","position":1,"name":"Accueil","item":"https:\/\/www.webdo.tn\/fr\/"},{"@type":"ListItem","position":2,"name":"Le Syndicat de France Telecom s\u2019interroge sur la possible nationalisation d\u2019Orange Tunisie"}]},{"@type":"WebSite","@id":"https:\/\/www.webdo.tn\/fr\/#website","url":"https:\/\/www.webdo.tn\/fr\/","name":"webdo","description":"Tunisie - News en Tunisie et \u00e0 l&#039;international sur Webdo.tn","publisher":{"@id":"https:\/\/www.webdo.tn\/fr\/#organization"},"potentialAction":[{"@type":"SearchAction","target":{"@type":"EntryPoint","urlTemplate":"https:\/\/www.webdo.tn\/fr\/?s={search_term_string}"},"query-input":{"@type":"PropertyValueSpecification","valueRequired":true,"valueName":"search_term_string"}}],"inLanguage":"fr-FR"},{"@type":"Organization","@id":"https:\/\/www.webdo.tn\/fr\/#organization","name":"Webdo","alternateName":"Webdo.tn","url":"https:\/\/www.webdo.tn\/fr\/","logo":{"@type":"ImageObject","inLanguage":"fr-FR","@id":"https:\/\/www.webdo.tn\/fr\/#\/schema\/logo\/image\/","url":"https:\/\/www.webdo.tn\/fr\/wp-content\/uploads\/2025\/06\/Webdo-Tunisie_168377.jpg","contentUrl":"https:\/\/www.webdo.tn\/fr\/wp-content\/uploads\/2025\/06\/Webdo-Tunisie_168377.jpg","width":301,"height":301,"caption":"Webdo"},"image":{"@id":"https:\/\/www.webdo.tn\/fr\/#\/schema\/logo\/image\/"},"sameAs":["https:\/\/www.facebook.com\/webdotn","https:\/\/x.com\/webdo_tn"],"description":"Webdo est un m\u00e9dia num\u00e9rique tunisien fond\u00e9 en 2010, sp\u00e9cialis\u00e9 dans l\u2019actualit\u00e9 nationale et internationale, l\u2019\u00e9conomie, la soci\u00e9t\u00e9 et les analyses politiques. Le site s\u2019adresse \u00e0 un large public francophone et couvre l\u2019information tunisienne en temps r\u00e9el.","email":"redac@webdo.tn","legalName":"YNJ SARL","foundingDate":"2010-09-06","numberOfEmployees":{"@type":"QuantitativeValue","minValue":"11","maxValue":"50"}},{"@type":"Person","@id":"https:\/\/www.webdo.tn\/fr\/#\/schema\/person\/9a9c6118d687c117df8ef3cc36a4d175","name":"webdo.tn","image":{"@type":"ImageObject","inLanguage":"fr-FR","@id":"https:\/\/secure.gravatar.com\/avatar\/7ce1f28c0c3bbac99ff550b85ef8e44a6950c6ee24514fb6a5489e51d06f0298?s=96&d=mm&r=g","url":"https:\/\/secure.gravatar.com\/avatar\/7ce1f28c0c3bbac99ff550b85ef8e44a6950c6ee24514fb6a5489e51d06f0298?s=96&d=mm&r=g","contentUrl":"https:\/\/secure.gravatar.com\/avatar\/7ce1f28c0c3bbac99ff550b85ef8e44a6950c6ee24514fb6a5489e51d06f0298?s=96&d=mm&r=g","caption":"webdo.tn"},"url":"https:\/\/www.webdo.tn\/fr\/actualite\/author\/webdotn\/"}]}},"_links":{"self":[{"href":"https:\/\/www.webdo.tn\/fr\/wp-json\/wp\/v2\/posts\/172980","targetHints":{"allow":["GET"]}}],"collection":[{"href":"https:\/\/www.webdo.tn\/fr\/wp-json\/wp\/v2\/posts"}],"about":[{"href":"https:\/\/www.webdo.tn\/fr\/wp-json\/wp\/v2\/types\/post"}],"author":[{"embeddable":true,"href":"https:\/\/www.webdo.tn\/fr\/wp-json\/wp\/v2\/users\/3222"}],"replies":[{"embeddable":true,"href":"https:\/\/www.webdo.tn\/fr\/wp-json\/wp\/v2\/comments?post=172980"}],"version-history":[{"count":0,"href":"https:\/\/www.webdo.tn\/fr\/wp-json\/wp\/v2\/posts\/172980\/revisions"}],"wp:featuredmedia":[{"embeddable":true,"href":"https:\/\/www.webdo.tn\/fr\/wp-json\/wp\/v2\/media\/365547"}],"wp:attachment":[{"href":"https:\/\/www.webdo.tn\/fr\/wp-json\/wp\/v2\/media?parent=172980"}],"wp:term":[{"taxonomy":"category","embeddable":true,"href":"https:\/\/www.webdo.tn\/fr\/wp-json\/wp\/v2\/categories?post=172980"},{"taxonomy":"post_tag","embeddable":true,"href":"https:\/\/www.webdo.tn\/fr\/wp-json\/wp\/v2\/tags?post=172980"}],"curies":[{"name":"wp","href":"https:\/\/api.w.org\/{rel}","templated":true}]}}