{"id":172979,"date":"2011-02-28T15:28:00","date_gmt":"2011-02-28T15:28:00","guid":{"rendered":"https:\/\/www.webdo.tn\/fr\/actualite\/blog\/afif-chelbi-ministre-de-lindustrie-et-de-la-technologie-est-il-la-premiere-victime-de-caid-essebsi\/172979\/"},"modified":"2011-02-28T15:28:00","modified_gmt":"2011-02-28T15:28:00","slug":"afif-chelbi-ministre-de-lindustrie-et-de-la-technologie-est-il-la-premiere-victime-de-caid-essebsi","status":"publish","type":"post","link":"https:\/\/www.webdo.tn\/fr\/actualite\/national\/afif-chelbi-ministre-de-lindustrie-et-de-la-technologie-est-il-la-premiere-victime-de-caid-essebsi\/172979\/","title":{"rendered":"Afif Chelbi, ministre de l&rsquo;Industrie et de la Technologie, est-il la premi\u00e8re victime de Ca\u00efd Essebsi ?"},"content":{"rendered":"<p>Selon l&rsquo;agence TAP, Afif Chelbi, ministre de l&rsquo;Industrie et de la Technologie a pr\u00e9sent\u00e9, aujourd&rsquo;hui, sa d\u00e9mission du Gouvernement provisoire.<\/p>\n<p>Pour plusieurs cette d\u00e9mission et en relation avec l&rsquo;arriv\u00e9e de B\u00e9ji Ca\u00efd Essebsi au poste de Premier Ministre, suite \u00e0 la d\u00e9mission de M. Mohamed Ghannouchi.<\/p>\n<p>Ca\u00efd Essebsi pourrait annoncer un l\u00e9ger remaniement minist\u00e9riel au dessus de tout soup\u00e7on ne contenant aucun ancien membre du r\u00e9gime de Ben Ali.<\/p>\n<p>Afif Chelbi \u00e9tait un ancien de Ben Ali de m\u00eame que l\u2019\u00e9tait Mohamed Nouri Jouini, ministre de la planification et de la coop\u00e9ration internationale du Gouvernement provisoire.<\/p>\n<p>Si cela se confirme et que dans ce l\u00e9ger remaniement, on n\u2019assiste qu&rsquo;au d\u00e9part des anciens et, au plus, \u00e0 ceux qui sont suppos\u00e9s avoir \u00e9t\u00e9 proches de l&rsquo;ancien r\u00e9gime, alors, on ne sera pas \u00e9tonn\u00e9s d&rsquo;assister \u00e0 un nettoyage plus profond qui touchera aussi les hommes d&rsquo;affaires \u00ab\u00a0amis\u00a0\u00bb de Ben Ali.<\/p>\n","protected":false},"excerpt":{"rendered":"<p>Afif Chelbi, ministre de l&rsquo;Industrie et de la Technologie, est-il la premi\u00e8re victime de Ca\u00efd Essebsi ? <\/p>\n","protected":false},"author":3222,"featured_media":365550,"comment_status":"open","ping_status":"closed","sticky":false,"template":"","format":"standard","meta":{"footnotes":""},"categories":[44],"tags":[],"class_list":["post-172979","post","type-post","status-publish","format-standard","has-post-thumbnail","hentry","category-national"],"yoast_head":"<!-- This site is optimized with the Yoast SEO Premium plugin v27.4 (Yoast SEO v27.4) - https:\/\/yoast.com\/product\/yoast-seo-premium-wordpress\/ -->\n<title>Afif Chelbi, ministre de l&#039;Industrie et de la Technologie, est-il la premi\u00e8re victime de Ca\u00efd Essebsi ?<\/title>\n<meta name=\"description\" content=\"Afif Chelbi, ministre de l&#039;Industrie et de la Technologie, est-il la premi\u00e8re victime de Ca\u00efd Essebsi ?\" \/>\n<link rel=\"canonical\" href=\"https:\/\/www.webdo.tn\/fr\/actualite\/national\/afif-chelbi-ministre-de-lindustrie-et-de-la-technologie-est-il-la-premiere-victime-de-caid-essebsi\/172979\/\" \/>\n<meta property=\"og:locale\" content=\"fr_FR\" \/>\n<meta property=\"og:type\" content=\"article\" \/>\n<meta property=\"og:title\" content=\"Afif Chelbi, ministre de l&#039;Industrie et de la Technologie, est-il la premi\u00e8re victime de Ca\u00efd Essebsi ?\" \/>\n<meta property=\"og:description\" content=\"Afif Chelbi, ministre de l&#039;Industrie et de la Technologie, est-il la premi\u00e8re victime de Ca\u00efd Essebsi ?\" \/>\n<meta property=\"og:url\" content=\"https:\/\/www.webdo.tn\/fr\/actualite\/national\/afif-chelbi-ministre-de-lindustrie-et-de-la-technologie-est-il-la-premiere-victime-de-caid-essebsi\/172979\/\" \/>\n<meta property=\"og:site_name\" content=\"webdo\" \/>\n<meta property=\"article:publisher\" content=\"https:\/\/www.facebook.com\/webdotn\" \/>\n<meta property=\"article:published_time\" content=\"2011-02-28T15:28:00+00:00\" \/>\n<meta property=\"og:image\" content=\"https:\/\/www.webdo.tn\/fr\/wp-content\/uploads\/2011\/02\/Afif-Chelbi.jpg\" \/>\n\t<meta property=\"og:image:width\" content=\"129\" \/>\n\t<meta property=\"og:image:height\" content=\"150\" \/>\n\t<meta property=\"og:image:type\" content=\"image\/jpeg\" \/>\n<meta name=\"author\" content=\"webdo.tn\" \/>\n<meta name=\"twitter:card\" content=\"summary_large_image\" \/>\n<meta name=\"twitter:creator\" content=\"@webdo_tn\" \/>\n<meta name=\"twitter:site\" content=\"@webdo_tn\" \/>\n<meta name=\"twitter:label1\" content=\"\u00c9crit par\" \/>\n\t<meta name=\"twitter:data1\" content=\"webdo.tn\" \/>\n\t<meta name=\"twitter:label2\" content=\"Dur\u00e9e de lecture estim\u00e9e\" \/>\n\t<meta name=\"twitter:data2\" content=\"1 minute\" \/>\n<script type=\"application\/ld+json\" class=\"yoast-schema-graph\">{\"@context\":\"https:\\\/\\\/schema.org\",\"@graph\":[{\"@type\":\"NewsArticle\",\"@id\":\"https:\\\/\\\/www.webdo.tn\\\/fr\\\/actualite\\\/national\\\/afif-chelbi-ministre-de-lindustrie-et-de-la-technologie-est-il-la-premiere-victime-de-caid-essebsi\\\/172979\\\/#article\",\"isPartOf\":{\"@id\":\"https:\\\/\\\/www.webdo.tn\\\/fr\\\/actualite\\\/national\\\/afif-chelbi-ministre-de-lindustrie-et-de-la-technologie-est-il-la-premiere-victime-de-caid-essebsi\\\/172979\\\/\"},\"author\":{\"name\":\"webdo.tn\",\"@id\":\"https:\\\/\\\/www.webdo.tn\\\/fr\\\/#\\\/schema\\\/person\\\/9a9c6118d687c117df8ef3cc36a4d175\"},\"headline\":\"Afif Chelbi, ministre de l&rsquo;Industrie et de la Technologie, est-il la premi\u00e8re victime de Ca\u00efd Essebsi ?\",\"datePublished\":\"2011-02-28T15:28:00+00:00\",\"mainEntityOfPage\":{\"@id\":\"https:\\\/\\\/www.webdo.tn\\\/fr\\\/actualite\\\/national\\\/afif-chelbi-ministre-de-lindustrie-et-de-la-technologie-est-il-la-premiere-victime-de-caid-essebsi\\\/172979\\\/\"},\"wordCount\":193,\"commentCount\":0,\"publisher\":{\"@id\":\"https:\\\/\\\/www.webdo.tn\\\/fr\\\/#organization\"},\"image\":{\"@id\":\"https:\\\/\\\/www.webdo.tn\\\/fr\\\/actualite\\\/national\\\/afif-chelbi-ministre-de-lindustrie-et-de-la-technologie-est-il-la-premiere-victime-de-caid-essebsi\\\/172979\\\/#primaryimage\"},\"thumbnailUrl\":\"https:\\\/\\\/www.webdo.tn\\\/fr\\\/wp-content\\\/uploads\\\/2011\\\/02\\\/Afif-Chelbi.jpg\",\"articleSection\":[\"National\"],\"inLanguage\":\"fr-FR\"},{\"@type\":\"WebPage\",\"@id\":\"https:\\\/\\\/www.webdo.tn\\\/fr\\\/actualite\\\/national\\\/afif-chelbi-ministre-de-lindustrie-et-de-la-technologie-est-il-la-premiere-victime-de-caid-essebsi\\\/172979\\\/\",\"url\":\"https:\\\/\\\/www.webdo.tn\\\/fr\\\/actualite\\\/national\\\/afif-chelbi-ministre-de-lindustrie-et-de-la-technologie-est-il-la-premiere-victime-de-caid-essebsi\\\/172979\\\/\",\"name\":\"Afif Chelbi, ministre de l'Industrie et de la Technologie, est-il la premi\u00e8re victime de Ca\u00efd Essebsi ?\",\"isPartOf\":{\"@id\":\"https:\\\/\\\/www.webdo.tn\\\/fr\\\/#website\"},\"primaryImageOfPage\":{\"@id\":\"https:\\\/\\\/www.webdo.tn\\\/fr\\\/actualite\\\/national\\\/afif-chelbi-ministre-de-lindustrie-et-de-la-technologie-est-il-la-premiere-victime-de-caid-essebsi\\\/172979\\\/#primaryimage\"},\"image\":{\"@id\":\"https:\\\/\\\/www.webdo.tn\\\/fr\\\/actualite\\\/national\\\/afif-chelbi-ministre-de-lindustrie-et-de-la-technologie-est-il-la-premiere-victime-de-caid-essebsi\\\/172979\\\/#primaryimage\"},\"thumbnailUrl\":\"https:\\\/\\\/www.webdo.tn\\\/fr\\\/wp-content\\\/uploads\\\/2011\\\/02\\\/Afif-Chelbi.jpg\",\"datePublished\":\"2011-02-28T15:28:00+00:00\",\"description\":\"Afif Chelbi, ministre de l'Industrie et de la Technologie, est-il la premi\u00e8re victime de Ca\u00efd Essebsi ?\",\"breadcrumb\":{\"@id\":\"https:\\\/\\\/www.webdo.tn\\\/fr\\\/actualite\\\/national\\\/afif-chelbi-ministre-de-lindustrie-et-de-la-technologie-est-il-la-premiere-victime-de-caid-essebsi\\\/172979\\\/#breadcrumb\"},\"inLanguage\":\"fr-FR\",\"potentialAction\":[{\"@type\":\"ReadAction\",\"target\":[\"https:\\\/\\\/www.webdo.tn\\\/fr\\\/actualite\\\/national\\\/afif-chelbi-ministre-de-lindustrie-et-de-la-technologie-est-il-la-premiere-victime-de-caid-essebsi\\\/172979\\\/\"]}]},{\"@type\":\"ImageObject\",\"inLanguage\":\"fr-FR\",\"@id\":\"https:\\\/\\\/www.webdo.tn\\\/fr\\\/actualite\\\/national\\\/afif-chelbi-ministre-de-lindustrie-et-de-la-technologie-est-il-la-premiere-victime-de-caid-essebsi\\\/172979\\\/#primaryimage\",\"url\":\"https:\\\/\\\/www.webdo.tn\\\/fr\\\/wp-content\\\/uploads\\\/2011\\\/02\\\/Afif-Chelbi.jpg\",\"contentUrl\":\"https:\\\/\\\/www.webdo.tn\\\/fr\\\/wp-content\\\/uploads\\\/2011\\\/02\\\/Afif-Chelbi.jpg\",\"width\":129,\"height\":150,\"caption\":\"Afif Chelbi, ministre de l'Industrie et de la Technologie, est-il la premi\u00e8re victime de Ca\u00efd Essebsi ?\"},{\"@type\":\"BreadcrumbList\",\"@id\":\"https:\\\/\\\/www.webdo.tn\\\/fr\\\/actualite\\\/national\\\/afif-chelbi-ministre-de-lindustrie-et-de-la-technologie-est-il-la-premiere-victime-de-caid-essebsi\\\/172979\\\/#breadcrumb\",\"itemListElement\":[{\"@type\":\"ListItem\",\"position\":1,\"name\":\"Accueil\",\"item\":\"https:\\\/\\\/www.webdo.tn\\\/fr\\\/\"},{\"@type\":\"ListItem\",\"position\":2,\"name\":\"Afif Chelbi, ministre de l&rsquo;Industrie et de la Technologie, est-il la premi\u00e8re victime de Ca\u00efd Essebsi ?\"}]},{\"@type\":\"WebSite\",\"@id\":\"https:\\\/\\\/www.webdo.tn\\\/fr\\\/#website\",\"url\":\"https:\\\/\\\/www.webdo.tn\\\/fr\\\/\",\"name\":\"webdo\",\"description\":\"Tunisie - News en Tunisie et \u00e0 l&#039;international sur Webdo.tn\",\"publisher\":{\"@id\":\"https:\\\/\\\/www.webdo.tn\\\/fr\\\/#organization\"},\"potentialAction\":[{\"@type\":\"SearchAction\",\"target\":{\"@type\":\"EntryPoint\",\"urlTemplate\":\"https:\\\/\\\/www.webdo.tn\\\/fr\\\/?s={search_term_string}\"},\"query-input\":{\"@type\":\"PropertyValueSpecification\",\"valueRequired\":true,\"valueName\":\"search_term_string\"}}],\"inLanguage\":\"fr-FR\"},{\"@type\":\"Organization\",\"@id\":\"https:\\\/\\\/www.webdo.tn\\\/fr\\\/#organization\",\"name\":\"Webdo\",\"alternateName\":\"Webdo.tn\",\"url\":\"https:\\\/\\\/www.webdo.tn\\\/fr\\\/\",\"logo\":{\"@type\":\"ImageObject\",\"inLanguage\":\"fr-FR\",\"@id\":\"https:\\\/\\\/www.webdo.tn\\\/fr\\\/#\\\/schema\\\/logo\\\/image\\\/\",\"url\":\"https:\\\/\\\/www.webdo.tn\\\/fr\\\/wp-content\\\/uploads\\\/2025\\\/06\\\/Webdo-Tunisie_168377.jpg\",\"contentUrl\":\"https:\\\/\\\/www.webdo.tn\\\/fr\\\/wp-content\\\/uploads\\\/2025\\\/06\\\/Webdo-Tunisie_168377.jpg\",\"width\":301,\"height\":301,\"caption\":\"Webdo\"},\"image\":{\"@id\":\"https:\\\/\\\/www.webdo.tn\\\/fr\\\/#\\\/schema\\\/logo\\\/image\\\/\"},\"sameAs\":[\"https:\\\/\\\/www.facebook.com\\\/webdotn\",\"https:\\\/\\\/x.com\\\/webdo_tn\"],\"description\":\"Webdo est un m\u00e9dia num\u00e9rique tunisien fond\u00e9 en 2010, sp\u00e9cialis\u00e9 dans l\u2019actualit\u00e9 nationale et internationale, l\u2019\u00e9conomie, la soci\u00e9t\u00e9 et les analyses politiques. Le site s\u2019adresse \u00e0 un large public francophone et couvre l\u2019information tunisienne en temps r\u00e9el.\",\"email\":\"redac@webdo.tn\",\"legalName\":\"YNJ SARL\",\"foundingDate\":\"2010-09-06\",\"numberOfEmployees\":{\"@type\":\"QuantitativeValue\",\"minValue\":\"11\",\"maxValue\":\"50\"}},{\"@type\":\"Person\",\"@id\":\"https:\\\/\\\/www.webdo.tn\\\/fr\\\/#\\\/schema\\\/person\\\/9a9c6118d687c117df8ef3cc36a4d175\",\"name\":\"webdo.tn\",\"image\":{\"@type\":\"ImageObject\",\"inLanguage\":\"fr-FR\",\"@id\":\"https:\\\/\\\/secure.gravatar.com\\\/avatar\\\/7ce1f28c0c3bbac99ff550b85ef8e44a6950c6ee24514fb6a5489e51d06f0298?s=96&d=mm&r=g\",\"url\":\"https:\\\/\\\/secure.gravatar.com\\\/avatar\\\/7ce1f28c0c3bbac99ff550b85ef8e44a6950c6ee24514fb6a5489e51d06f0298?s=96&d=mm&r=g\",\"contentUrl\":\"https:\\\/\\\/secure.gravatar.com\\\/avatar\\\/7ce1f28c0c3bbac99ff550b85ef8e44a6950c6ee24514fb6a5489e51d06f0298?s=96&d=mm&r=g\",\"caption\":\"webdo.tn\"},\"url\":\"https:\\\/\\\/www.webdo.tn\\\/fr\\\/actualite\\\/author\\\/webdotn\\\/\"}]}<\/script>\n<!-- \/ Yoast SEO Premium plugin. -->","yoast_head_json":{"title":"Afif Chelbi, ministre de l'Industrie et de la Technologie, est-il la premi\u00e8re victime de Ca\u00efd Essebsi ?","description":"Afif Chelbi, ministre de l'Industrie et de la Technologie, est-il la premi\u00e8re victime de Ca\u00efd Essebsi ?","canonical":"https:\/\/www.webdo.tn\/fr\/actualite\/national\/afif-chelbi-ministre-de-lindustrie-et-de-la-technologie-est-il-la-premiere-victime-de-caid-essebsi\/172979\/","og_locale":"fr_FR","og_type":"article","og_title":"Afif Chelbi, ministre de l'Industrie et de la Technologie, est-il la premi\u00e8re victime de Ca\u00efd Essebsi ?","og_description":"Afif Chelbi, ministre de l'Industrie et de la Technologie, est-il la premi\u00e8re victime de Ca\u00efd Essebsi ?","og_url":"https:\/\/www.webdo.tn\/fr\/actualite\/national\/afif-chelbi-ministre-de-lindustrie-et-de-la-technologie-est-il-la-premiere-victime-de-caid-essebsi\/172979\/","og_site_name":"webdo","article_publisher":"https:\/\/www.facebook.com\/webdotn","article_published_time":"2011-02-28T15:28:00+00:00","og_image":[{"width":129,"height":150,"url":"https:\/\/www.webdo.tn\/fr\/wp-content\/uploads\/2011\/02\/Afif-Chelbi.jpg","type":"image\/jpeg"}],"author":"webdo.tn","twitter_card":"summary_large_image","twitter_creator":"@webdo_tn","twitter_site":"@webdo_tn","twitter_misc":{"\u00c9crit par":"webdo.tn","Dur\u00e9e de lecture estim\u00e9e":"1 minute"},"schema":{"@context":"https:\/\/schema.org","@graph":[{"@type":"NewsArticle","@id":"https:\/\/www.webdo.tn\/fr\/actualite\/national\/afif-chelbi-ministre-de-lindustrie-et-de-la-technologie-est-il-la-premiere-victime-de-caid-essebsi\/172979\/#article","isPartOf":{"@id":"https:\/\/www.webdo.tn\/fr\/actualite\/national\/afif-chelbi-ministre-de-lindustrie-et-de-la-technologie-est-il-la-premiere-victime-de-caid-essebsi\/172979\/"},"author":{"name":"webdo.tn","@id":"https:\/\/www.webdo.tn\/fr\/#\/schema\/person\/9a9c6118d687c117df8ef3cc36a4d175"},"headline":"Afif Chelbi, ministre de l&rsquo;Industrie et de la Technologie, est-il la premi\u00e8re victime de Ca\u00efd Essebsi ?","datePublished":"2011-02-28T15:28:00+00:00","mainEntityOfPage":{"@id":"https:\/\/www.webdo.tn\/fr\/actualite\/national\/afif-chelbi-ministre-de-lindustrie-et-de-la-technologie-est-il-la-premiere-victime-de-caid-essebsi\/172979\/"},"wordCount":193,"commentCount":0,"publisher":{"@id":"https:\/\/www.webdo.tn\/fr\/#organization"},"image":{"@id":"https:\/\/www.webdo.tn\/fr\/actualite\/national\/afif-chelbi-ministre-de-lindustrie-et-de-la-technologie-est-il-la-premiere-victime-de-caid-essebsi\/172979\/#primaryimage"},"thumbnailUrl":"https:\/\/www.webdo.tn\/fr\/wp-content\/uploads\/2011\/02\/Afif-Chelbi.jpg","articleSection":["National"],"inLanguage":"fr-FR"},{"@type":"WebPage","@id":"https:\/\/www.webdo.tn\/fr\/actualite\/national\/afif-chelbi-ministre-de-lindustrie-et-de-la-technologie-est-il-la-premiere-victime-de-caid-essebsi\/172979\/","url":"https:\/\/www.webdo.tn\/fr\/actualite\/national\/afif-chelbi-ministre-de-lindustrie-et-de-la-technologie-est-il-la-premiere-victime-de-caid-essebsi\/172979\/","name":"Afif Chelbi, ministre de l'Industrie et de la Technologie, est-il la premi\u00e8re victime de Ca\u00efd Essebsi ?","isPartOf":{"@id":"https:\/\/www.webdo.tn\/fr\/#website"},"primaryImageOfPage":{"@id":"https:\/\/www.webdo.tn\/fr\/actualite\/national\/afif-chelbi-ministre-de-lindustrie-et-de-la-technologie-est-il-la-premiere-victime-de-caid-essebsi\/172979\/#primaryimage"},"image":{"@id":"https:\/\/www.webdo.tn\/fr\/actualite\/national\/afif-chelbi-ministre-de-lindustrie-et-de-la-technologie-est-il-la-premiere-victime-de-caid-essebsi\/172979\/#primaryimage"},"thumbnailUrl":"https:\/\/www.webdo.tn\/fr\/wp-content\/uploads\/2011\/02\/Afif-Chelbi.jpg","datePublished":"2011-02-28T15:28:00+00:00","description":"Afif Chelbi, ministre de l'Industrie et de la Technologie, est-il la premi\u00e8re victime de Ca\u00efd Essebsi ?","breadcrumb":{"@id":"https:\/\/www.webdo.tn\/fr\/actualite\/national\/afif-chelbi-ministre-de-lindustrie-et-de-la-technologie-est-il-la-premiere-victime-de-caid-essebsi\/172979\/#breadcrumb"},"inLanguage":"fr-FR","potentialAction":[{"@type":"ReadAction","target":["https:\/\/www.webdo.tn\/fr\/actualite\/national\/afif-chelbi-ministre-de-lindustrie-et-de-la-technologie-est-il-la-premiere-victime-de-caid-essebsi\/172979\/"]}]},{"@type":"ImageObject","inLanguage":"fr-FR","@id":"https:\/\/www.webdo.tn\/fr\/actualite\/national\/afif-chelbi-ministre-de-lindustrie-et-de-la-technologie-est-il-la-premiere-victime-de-caid-essebsi\/172979\/#primaryimage","url":"https:\/\/www.webdo.tn\/fr\/wp-content\/uploads\/2011\/02\/Afif-Chelbi.jpg","contentUrl":"https:\/\/www.webdo.tn\/fr\/wp-content\/uploads\/2011\/02\/Afif-Chelbi.jpg","width":129,"height":150,"caption":"Afif Chelbi, ministre de l'Industrie et de la Technologie, est-il la premi\u00e8re victime de Ca\u00efd Essebsi ?"},{"@type":"BreadcrumbList","@id":"https:\/\/www.webdo.tn\/fr\/actualite\/national\/afif-chelbi-ministre-de-lindustrie-et-de-la-technologie-est-il-la-premiere-victime-de-caid-essebsi\/172979\/#breadcrumb","itemListElement":[{"@type":"ListItem","position":1,"name":"Accueil","item":"https:\/\/www.webdo.tn\/fr\/"},{"@type":"ListItem","position":2,"name":"Afif Chelbi, ministre de l&rsquo;Industrie et de la Technologie, est-il la premi\u00e8re victime de Ca\u00efd Essebsi ?"}]},{"@type":"WebSite","@id":"https:\/\/www.webdo.tn\/fr\/#website","url":"https:\/\/www.webdo.tn\/fr\/","name":"webdo","description":"Tunisie - News en Tunisie et \u00e0 l&#039;international sur Webdo.tn","publisher":{"@id":"https:\/\/www.webdo.tn\/fr\/#organization"},"potentialAction":[{"@type":"SearchAction","target":{"@type":"EntryPoint","urlTemplate":"https:\/\/www.webdo.tn\/fr\/?s={search_term_string}"},"query-input":{"@type":"PropertyValueSpecification","valueRequired":true,"valueName":"search_term_string"}}],"inLanguage":"fr-FR"},{"@type":"Organization","@id":"https:\/\/www.webdo.tn\/fr\/#organization","name":"Webdo","alternateName":"Webdo.tn","url":"https:\/\/www.webdo.tn\/fr\/","logo":{"@type":"ImageObject","inLanguage":"fr-FR","@id":"https:\/\/www.webdo.tn\/fr\/#\/schema\/logo\/image\/","url":"https:\/\/www.webdo.tn\/fr\/wp-content\/uploads\/2025\/06\/Webdo-Tunisie_168377.jpg","contentUrl":"https:\/\/www.webdo.tn\/fr\/wp-content\/uploads\/2025\/06\/Webdo-Tunisie_168377.jpg","width":301,"height":301,"caption":"Webdo"},"image":{"@id":"https:\/\/www.webdo.tn\/fr\/#\/schema\/logo\/image\/"},"sameAs":["https:\/\/www.facebook.com\/webdotn","https:\/\/x.com\/webdo_tn"],"description":"Webdo est un m\u00e9dia num\u00e9rique tunisien fond\u00e9 en 2010, sp\u00e9cialis\u00e9 dans l\u2019actualit\u00e9 nationale et internationale, l\u2019\u00e9conomie, la soci\u00e9t\u00e9 et les analyses politiques. Le site s\u2019adresse \u00e0 un large public francophone et couvre l\u2019information tunisienne en temps r\u00e9el.","email":"redac@webdo.tn","legalName":"YNJ SARL","foundingDate":"2010-09-06","numberOfEmployees":{"@type":"QuantitativeValue","minValue":"11","maxValue":"50"}},{"@type":"Person","@id":"https:\/\/www.webdo.tn\/fr\/#\/schema\/person\/9a9c6118d687c117df8ef3cc36a4d175","name":"webdo.tn","image":{"@type":"ImageObject","inLanguage":"fr-FR","@id":"https:\/\/secure.gravatar.com\/avatar\/7ce1f28c0c3bbac99ff550b85ef8e44a6950c6ee24514fb6a5489e51d06f0298?s=96&d=mm&r=g","url":"https:\/\/secure.gravatar.com\/avatar\/7ce1f28c0c3bbac99ff550b85ef8e44a6950c6ee24514fb6a5489e51d06f0298?s=96&d=mm&r=g","contentUrl":"https:\/\/secure.gravatar.com\/avatar\/7ce1f28c0c3bbac99ff550b85ef8e44a6950c6ee24514fb6a5489e51d06f0298?s=96&d=mm&r=g","caption":"webdo.tn"},"url":"https:\/\/www.webdo.tn\/fr\/actualite\/author\/webdotn\/"}]}},"_links":{"self":[{"href":"https:\/\/www.webdo.tn\/fr\/wp-json\/wp\/v2\/posts\/172979","targetHints":{"allow":["GET"]}}],"collection":[{"href":"https:\/\/www.webdo.tn\/fr\/wp-json\/wp\/v2\/posts"}],"about":[{"href":"https:\/\/www.webdo.tn\/fr\/wp-json\/wp\/v2\/types\/post"}],"author":[{"embeddable":true,"href":"https:\/\/www.webdo.tn\/fr\/wp-json\/wp\/v2\/users\/3222"}],"replies":[{"embeddable":true,"href":"https:\/\/www.webdo.tn\/fr\/wp-json\/wp\/v2\/comments?post=172979"}],"version-history":[{"count":0,"href":"https:\/\/www.webdo.tn\/fr\/wp-json\/wp\/v2\/posts\/172979\/revisions"}],"wp:featuredmedia":[{"embeddable":true,"href":"https:\/\/www.webdo.tn\/fr\/wp-json\/wp\/v2\/media\/365550"}],"wp:attachment":[{"href":"https:\/\/www.webdo.tn\/fr\/wp-json\/wp\/v2\/media?parent=172979"}],"wp:term":[{"taxonomy":"category","embeddable":true,"href":"https:\/\/www.webdo.tn\/fr\/wp-json\/wp\/v2\/categories?post=172979"},{"taxonomy":"post_tag","embeddable":true,"href":"https:\/\/www.webdo.tn\/fr\/wp-json\/wp\/v2\/tags?post=172979"}],"curies":[{"name":"wp","href":"https:\/\/api.w.org\/{rel}","templated":true}]}}