{"id":172974,"date":"2011-03-01T20:09:00","date_gmt":"2011-03-01T20:09:00","guid":{"rendered":"https:\/\/www.webdo.tn\/fr\/actualite\/blog\/lugtt-domptee-par-caid-essebsi\/172974\/"},"modified":"2011-03-01T20:09:00","modified_gmt":"2011-03-01T20:09:00","slug":"lugtt-domptee-par-caid-essebsi","status":"publish","type":"post","link":"https:\/\/www.webdo.tn\/fr\/actualite\/national\/lugtt-domptee-par-caid-essebsi\/172974\/","title":{"rendered":"L&rsquo;UGTT dompt\u00e9e par Ca\u00efd Essebsi ?"},"content":{"rendered":"<p>Apr\u00e8s la nomination de B\u00e9ji Ca\u00efd Essebsi \u00e0 la t\u00eate du gouvernement, Abdesslem Jrad s&rsquo;est empress\u00e9 de qualifier cette nomination de pr\u00e9cipit\u00e9e. Il s&rsquo;est indign\u00e9 de ne pas avoir \u00e9t\u00e9 pr\u00e9alablement consult\u00e9.<\/p>\n<p>Aujourd&rsquo;hui, sortant d&rsquo;une r\u00e9union avec le nouveau premier ministre, le ton est tout autre. Dans l&rsquo;interview accord\u00e9e \u00e0 Shems FM, Jrad dit qu&rsquo;il sort d&rsquo;une r\u00e9union tr\u00e8s importante mais ne donne pas pour autant de d\u00e9tails.<\/p>\n<p>Contact\u00e9 par un confr\u00e8re du journal Al-Akhbar, Abid Briki, secr\u00e9taire g\u00e9n\u00e9ral adjoint \u00e0 l&rsquo;UGTT, quant \u00e0 lui, affirme que Ca\u00efd Essebsi serait \u00ab positif \u00bb par rapport aux exigences de la centrale syndicale, pr\u00e9sent\u00e9es dans une liste de six points:<\/p>\n<p> Dissolution des chambres des d\u00e9put\u00e9s et des conseillers,<br \/>\n Cr\u00e9ation d&rsquo;un conseil pour la protection de la r\u00e9volution,<br \/>\n Contr\u00f4le sur le gouvernement et pr\u00e9paration d&rsquo;une loi \u00e9lectorale,<br \/>\n \u00c9lections pr\u00e9sidentielles et l\u00e9gislatives sous surveillance de la magistrature et ce avant le mois de juillet,<br \/>\n Annonce du d\u00e9but des pr\u00e9parations pour une assembl\u00e9e constituante,<br \/>\n Gouvernement technocrate \u00e0 membres in\u00e9ligibles pour les prochaines \u00e9lections pr\u00e9sidentielles.<\/p>\n<p>Cependant, la question suivante se pose encore : Que s&rsquo;est-t-il dit entre Jrad et Ca\u00efd Essebsi pour que le patron de l&rsquo;UGTT change de position ?<\/p>\n<p>La reconnaissance du parti islamiste Ennahdha risque d&rsquo;affaiblir l&rsquo;UGTT qui perdrait des membres actifs. Ces derniers, longtemps cach\u00e9s sous la casquette syndicale, peuvent aujourd&rsquo;hui exercer pleinement leur activit\u00e9 politique au sein d&rsquo;un parti l\u00e9galement reconnu.<\/p>\n<p>Hier, le \u00ab conseil pour la protection de la r\u00e9volution \u00bb a \u00e9mis un communiqu\u00e9 de soutient \u00e0 l&rsquo;UGTT dans lequel les signataires s&rsquo;indignent contre la propagande visant le syndicat.<\/p>\n<p>Aujourd&rsquo;hui, un rassemblement \u00ab Jrad D\u00e9gage \u00bb a r\u00e9uni quelques milliers de personnes devant la Coupole d&rsquo;El Menzah.<\/p>\n<p>Samedi, devant le si\u00e8ge de l&rsquo;UGTT, place Mohamed Ali \u00e0 Tunis, aura lieu une manifestation qui a d\u00e9j\u00e0 plus de 16 000 participants confirm\u00e9s sur Facebook. Son objectif : Faire d\u00e9gager Abdesslem Jrad.<\/p>\n","protected":false},"excerpt":{"rendered":"<p>L&rsquo;UGTT dompt\u00e9e par Ca\u00efd Essebsi ?<\/p>\n","protected":false},"author":3222,"featured_media":365833,"comment_status":"open","ping_status":"closed","sticky":false,"template":"","format":"standard","meta":{"footnotes":""},"categories":[44],"tags":[],"class_list":["post-172974","post","type-post","status-publish","format-standard","has-post-thumbnail","hentry","category-national"],"yoast_head":"<!-- This site is optimized with the Yoast SEO Premium plugin v27.4 (Yoast SEO v27.4) - https:\/\/yoast.com\/product\/yoast-seo-premium-wordpress\/ -->\n<title>L&#039;UGTT dompt\u00e9e par Ca\u00efd Essebsi ?<\/title>\n<meta name=\"description\" content=\"L&#039;UGTT dompt\u00e9e par Ca\u00efd Essebsi ?\" \/>\n<link rel=\"canonical\" href=\"https:\/\/www.webdo.tn\/fr\/actualite\/national\/lugtt-domptee-par-caid-essebsi\/172974\/\" \/>\n<meta property=\"og:locale\" content=\"fr_FR\" \/>\n<meta property=\"og:type\" content=\"article\" \/>\n<meta property=\"og:title\" content=\"L&#039;UGTT dompt\u00e9e par Ca\u00efd Essebsi ?\" \/>\n<meta property=\"og:description\" content=\"L&#039;UGTT dompt\u00e9e par Ca\u00efd Essebsi ?\" \/>\n<meta property=\"og:url\" content=\"https:\/\/www.webdo.tn\/fr\/actualite\/national\/lugtt-domptee-par-caid-essebsi\/172974\/\" \/>\n<meta property=\"og:site_name\" content=\"webdo\" \/>\n<meta property=\"article:publisher\" content=\"https:\/\/www.facebook.com\/webdotn\" \/>\n<meta property=\"article:published_time\" content=\"2011-03-01T20:09:00+00:00\" \/>\n<meta property=\"og:image\" content=\"https:\/\/www.webdo.tn\/fr\/wp-content\/uploads\/2011\/03\/ugtt-jrad-degage-300x224-1.jpg\" \/>\n\t<meta property=\"og:image:width\" content=\"300\" \/>\n\t<meta property=\"og:image:height\" content=\"224\" \/>\n\t<meta property=\"og:image:type\" content=\"image\/jpeg\" \/>\n<meta name=\"author\" content=\"webdo.tn\" \/>\n<meta name=\"twitter:card\" content=\"summary_large_image\" \/>\n<meta name=\"twitter:creator\" content=\"@webdo_tn\" \/>\n<meta name=\"twitter:site\" content=\"@webdo_tn\" \/>\n<meta name=\"twitter:label1\" content=\"\u00c9crit par\" \/>\n\t<meta name=\"twitter:data1\" content=\"webdo.tn\" \/>\n\t<meta name=\"twitter:label2\" content=\"Dur\u00e9e de lecture estim\u00e9e\" \/>\n\t<meta name=\"twitter:data2\" content=\"2 minutes\" \/>\n<script type=\"application\/ld+json\" class=\"yoast-schema-graph\">{\"@context\":\"https:\\\/\\\/schema.org\",\"@graph\":[{\"@type\":\"NewsArticle\",\"@id\":\"https:\\\/\\\/www.webdo.tn\\\/fr\\\/actualite\\\/national\\\/lugtt-domptee-par-caid-essebsi\\\/172974\\\/#article\",\"isPartOf\":{\"@id\":\"https:\\\/\\\/www.webdo.tn\\\/fr\\\/actualite\\\/national\\\/lugtt-domptee-par-caid-essebsi\\\/172974\\\/\"},\"author\":{\"name\":\"webdo.tn\",\"@id\":\"https:\\\/\\\/www.webdo.tn\\\/fr\\\/#\\\/schema\\\/person\\\/9a9c6118d687c117df8ef3cc36a4d175\"},\"headline\":\"L&rsquo;UGTT dompt\u00e9e par Ca\u00efd Essebsi ?\",\"datePublished\":\"2011-03-01T20:09:00+00:00\",\"mainEntityOfPage\":{\"@id\":\"https:\\\/\\\/www.webdo.tn\\\/fr\\\/actualite\\\/national\\\/lugtt-domptee-par-caid-essebsi\\\/172974\\\/\"},\"wordCount\":364,\"commentCount\":0,\"publisher\":{\"@id\":\"https:\\\/\\\/www.webdo.tn\\\/fr\\\/#organization\"},\"image\":{\"@id\":\"https:\\\/\\\/www.webdo.tn\\\/fr\\\/actualite\\\/national\\\/lugtt-domptee-par-caid-essebsi\\\/172974\\\/#primaryimage\"},\"thumbnailUrl\":\"https:\\\/\\\/www.webdo.tn\\\/fr\\\/wp-content\\\/uploads\\\/2011\\\/03\\\/ugtt-jrad-degage-300x224-1.jpg\",\"articleSection\":[\"National\"],\"inLanguage\":\"fr-FR\"},{\"@type\":\"WebPage\",\"@id\":\"https:\\\/\\\/www.webdo.tn\\\/fr\\\/actualite\\\/national\\\/lugtt-domptee-par-caid-essebsi\\\/172974\\\/\",\"url\":\"https:\\\/\\\/www.webdo.tn\\\/fr\\\/actualite\\\/national\\\/lugtt-domptee-par-caid-essebsi\\\/172974\\\/\",\"name\":\"L'UGTT dompt\u00e9e par Ca\u00efd Essebsi ?\",\"isPartOf\":{\"@id\":\"https:\\\/\\\/www.webdo.tn\\\/fr\\\/#website\"},\"primaryImageOfPage\":{\"@id\":\"https:\\\/\\\/www.webdo.tn\\\/fr\\\/actualite\\\/national\\\/lugtt-domptee-par-caid-essebsi\\\/172974\\\/#primaryimage\"},\"image\":{\"@id\":\"https:\\\/\\\/www.webdo.tn\\\/fr\\\/actualite\\\/national\\\/lugtt-domptee-par-caid-essebsi\\\/172974\\\/#primaryimage\"},\"thumbnailUrl\":\"https:\\\/\\\/www.webdo.tn\\\/fr\\\/wp-content\\\/uploads\\\/2011\\\/03\\\/ugtt-jrad-degage-300x224-1.jpg\",\"datePublished\":\"2011-03-01T20:09:00+00:00\",\"description\":\"L'UGTT dompt\u00e9e par Ca\u00efd Essebsi ?\",\"breadcrumb\":{\"@id\":\"https:\\\/\\\/www.webdo.tn\\\/fr\\\/actualite\\\/national\\\/lugtt-domptee-par-caid-essebsi\\\/172974\\\/#breadcrumb\"},\"inLanguage\":\"fr-FR\",\"potentialAction\":[{\"@type\":\"ReadAction\",\"target\":[\"https:\\\/\\\/www.webdo.tn\\\/fr\\\/actualite\\\/national\\\/lugtt-domptee-par-caid-essebsi\\\/172974\\\/\"]}]},{\"@type\":\"ImageObject\",\"inLanguage\":\"fr-FR\",\"@id\":\"https:\\\/\\\/www.webdo.tn\\\/fr\\\/actualite\\\/national\\\/lugtt-domptee-par-caid-essebsi\\\/172974\\\/#primaryimage\",\"url\":\"https:\\\/\\\/www.webdo.tn\\\/fr\\\/wp-content\\\/uploads\\\/2011\\\/03\\\/ugtt-jrad-degage-300x224-1.jpg\",\"contentUrl\":\"https:\\\/\\\/www.webdo.tn\\\/fr\\\/wp-content\\\/uploads\\\/2011\\\/03\\\/ugtt-jrad-degage-300x224-1.jpg\",\"width\":300,\"height\":224,\"caption\":\"L'UGTT dompt\u00e9e par Ca\u00efd Essebsi ?\"},{\"@type\":\"BreadcrumbList\",\"@id\":\"https:\\\/\\\/www.webdo.tn\\\/fr\\\/actualite\\\/national\\\/lugtt-domptee-par-caid-essebsi\\\/172974\\\/#breadcrumb\",\"itemListElement\":[{\"@type\":\"ListItem\",\"position\":1,\"name\":\"Accueil\",\"item\":\"https:\\\/\\\/www.webdo.tn\\\/fr\\\/\"},{\"@type\":\"ListItem\",\"position\":2,\"name\":\"L&rsquo;UGTT dompt\u00e9e par Ca\u00efd Essebsi ?\"}]},{\"@type\":\"WebSite\",\"@id\":\"https:\\\/\\\/www.webdo.tn\\\/fr\\\/#website\",\"url\":\"https:\\\/\\\/www.webdo.tn\\\/fr\\\/\",\"name\":\"webdo\",\"description\":\"Tunisie - News en Tunisie et \u00e0 l&#039;international sur Webdo.tn\",\"publisher\":{\"@id\":\"https:\\\/\\\/www.webdo.tn\\\/fr\\\/#organization\"},\"potentialAction\":[{\"@type\":\"SearchAction\",\"target\":{\"@type\":\"EntryPoint\",\"urlTemplate\":\"https:\\\/\\\/www.webdo.tn\\\/fr\\\/?s={search_term_string}\"},\"query-input\":{\"@type\":\"PropertyValueSpecification\",\"valueRequired\":true,\"valueName\":\"search_term_string\"}}],\"inLanguage\":\"fr-FR\"},{\"@type\":\"Organization\",\"@id\":\"https:\\\/\\\/www.webdo.tn\\\/fr\\\/#organization\",\"name\":\"Webdo\",\"alternateName\":\"Webdo.tn\",\"url\":\"https:\\\/\\\/www.webdo.tn\\\/fr\\\/\",\"logo\":{\"@type\":\"ImageObject\",\"inLanguage\":\"fr-FR\",\"@id\":\"https:\\\/\\\/www.webdo.tn\\\/fr\\\/#\\\/schema\\\/logo\\\/image\\\/\",\"url\":\"https:\\\/\\\/www.webdo.tn\\\/fr\\\/wp-content\\\/uploads\\\/2025\\\/06\\\/Webdo-Tunisie_168377.jpg\",\"contentUrl\":\"https:\\\/\\\/www.webdo.tn\\\/fr\\\/wp-content\\\/uploads\\\/2025\\\/06\\\/Webdo-Tunisie_168377.jpg\",\"width\":301,\"height\":301,\"caption\":\"Webdo\"},\"image\":{\"@id\":\"https:\\\/\\\/www.webdo.tn\\\/fr\\\/#\\\/schema\\\/logo\\\/image\\\/\"},\"sameAs\":[\"https:\\\/\\\/www.facebook.com\\\/webdotn\",\"https:\\\/\\\/x.com\\\/webdo_tn\"],\"description\":\"Webdo est un m\u00e9dia num\u00e9rique tunisien fond\u00e9 en 2010, sp\u00e9cialis\u00e9 dans l\u2019actualit\u00e9 nationale et internationale, l\u2019\u00e9conomie, la soci\u00e9t\u00e9 et les analyses politiques. Le site s\u2019adresse \u00e0 un large public francophone et couvre l\u2019information tunisienne en temps r\u00e9el.\",\"email\":\"redac@webdo.tn\",\"legalName\":\"YNJ SARL\",\"foundingDate\":\"2010-09-06\",\"numberOfEmployees\":{\"@type\":\"QuantitativeValue\",\"minValue\":\"11\",\"maxValue\":\"50\"}},{\"@type\":\"Person\",\"@id\":\"https:\\\/\\\/www.webdo.tn\\\/fr\\\/#\\\/schema\\\/person\\\/9a9c6118d687c117df8ef3cc36a4d175\",\"name\":\"webdo.tn\",\"image\":{\"@type\":\"ImageObject\",\"inLanguage\":\"fr-FR\",\"@id\":\"https:\\\/\\\/secure.gravatar.com\\\/avatar\\\/7ce1f28c0c3bbac99ff550b85ef8e44a6950c6ee24514fb6a5489e51d06f0298?s=96&d=mm&r=g\",\"url\":\"https:\\\/\\\/secure.gravatar.com\\\/avatar\\\/7ce1f28c0c3bbac99ff550b85ef8e44a6950c6ee24514fb6a5489e51d06f0298?s=96&d=mm&r=g\",\"contentUrl\":\"https:\\\/\\\/secure.gravatar.com\\\/avatar\\\/7ce1f28c0c3bbac99ff550b85ef8e44a6950c6ee24514fb6a5489e51d06f0298?s=96&d=mm&r=g\",\"caption\":\"webdo.tn\"},\"url\":\"https:\\\/\\\/www.webdo.tn\\\/fr\\\/actualite\\\/author\\\/webdotn\\\/\"}]}<\/script>\n<!-- \/ Yoast SEO Premium plugin. -->","yoast_head_json":{"title":"L'UGTT dompt\u00e9e par Ca\u00efd Essebsi ?","description":"L'UGTT dompt\u00e9e par Ca\u00efd Essebsi ?","canonical":"https:\/\/www.webdo.tn\/fr\/actualite\/national\/lugtt-domptee-par-caid-essebsi\/172974\/","og_locale":"fr_FR","og_type":"article","og_title":"L'UGTT dompt\u00e9e par Ca\u00efd Essebsi ?","og_description":"L'UGTT dompt\u00e9e par Ca\u00efd Essebsi ?","og_url":"https:\/\/www.webdo.tn\/fr\/actualite\/national\/lugtt-domptee-par-caid-essebsi\/172974\/","og_site_name":"webdo","article_publisher":"https:\/\/www.facebook.com\/webdotn","article_published_time":"2011-03-01T20:09:00+00:00","og_image":[{"width":300,"height":224,"url":"https:\/\/www.webdo.tn\/fr\/wp-content\/uploads\/2011\/03\/ugtt-jrad-degage-300x224-1.jpg","type":"image\/jpeg"}],"author":"webdo.tn","twitter_card":"summary_large_image","twitter_creator":"@webdo_tn","twitter_site":"@webdo_tn","twitter_misc":{"\u00c9crit par":"webdo.tn","Dur\u00e9e de lecture estim\u00e9e":"2 minutes"},"schema":{"@context":"https:\/\/schema.org","@graph":[{"@type":"NewsArticle","@id":"https:\/\/www.webdo.tn\/fr\/actualite\/national\/lugtt-domptee-par-caid-essebsi\/172974\/#article","isPartOf":{"@id":"https:\/\/www.webdo.tn\/fr\/actualite\/national\/lugtt-domptee-par-caid-essebsi\/172974\/"},"author":{"name":"webdo.tn","@id":"https:\/\/www.webdo.tn\/fr\/#\/schema\/person\/9a9c6118d687c117df8ef3cc36a4d175"},"headline":"L&rsquo;UGTT dompt\u00e9e par Ca\u00efd Essebsi ?","datePublished":"2011-03-01T20:09:00+00:00","mainEntityOfPage":{"@id":"https:\/\/www.webdo.tn\/fr\/actualite\/national\/lugtt-domptee-par-caid-essebsi\/172974\/"},"wordCount":364,"commentCount":0,"publisher":{"@id":"https:\/\/www.webdo.tn\/fr\/#organization"},"image":{"@id":"https:\/\/www.webdo.tn\/fr\/actualite\/national\/lugtt-domptee-par-caid-essebsi\/172974\/#primaryimage"},"thumbnailUrl":"https:\/\/www.webdo.tn\/fr\/wp-content\/uploads\/2011\/03\/ugtt-jrad-degage-300x224-1.jpg","articleSection":["National"],"inLanguage":"fr-FR"},{"@type":"WebPage","@id":"https:\/\/www.webdo.tn\/fr\/actualite\/national\/lugtt-domptee-par-caid-essebsi\/172974\/","url":"https:\/\/www.webdo.tn\/fr\/actualite\/national\/lugtt-domptee-par-caid-essebsi\/172974\/","name":"L'UGTT dompt\u00e9e par Ca\u00efd Essebsi ?","isPartOf":{"@id":"https:\/\/www.webdo.tn\/fr\/#website"},"primaryImageOfPage":{"@id":"https:\/\/www.webdo.tn\/fr\/actualite\/national\/lugtt-domptee-par-caid-essebsi\/172974\/#primaryimage"},"image":{"@id":"https:\/\/www.webdo.tn\/fr\/actualite\/national\/lugtt-domptee-par-caid-essebsi\/172974\/#primaryimage"},"thumbnailUrl":"https:\/\/www.webdo.tn\/fr\/wp-content\/uploads\/2011\/03\/ugtt-jrad-degage-300x224-1.jpg","datePublished":"2011-03-01T20:09:00+00:00","description":"L'UGTT dompt\u00e9e par Ca\u00efd Essebsi ?","breadcrumb":{"@id":"https:\/\/www.webdo.tn\/fr\/actualite\/national\/lugtt-domptee-par-caid-essebsi\/172974\/#breadcrumb"},"inLanguage":"fr-FR","potentialAction":[{"@type":"ReadAction","target":["https:\/\/www.webdo.tn\/fr\/actualite\/national\/lugtt-domptee-par-caid-essebsi\/172974\/"]}]},{"@type":"ImageObject","inLanguage":"fr-FR","@id":"https:\/\/www.webdo.tn\/fr\/actualite\/national\/lugtt-domptee-par-caid-essebsi\/172974\/#primaryimage","url":"https:\/\/www.webdo.tn\/fr\/wp-content\/uploads\/2011\/03\/ugtt-jrad-degage-300x224-1.jpg","contentUrl":"https:\/\/www.webdo.tn\/fr\/wp-content\/uploads\/2011\/03\/ugtt-jrad-degage-300x224-1.jpg","width":300,"height":224,"caption":"L'UGTT dompt\u00e9e par Ca\u00efd Essebsi ?"},{"@type":"BreadcrumbList","@id":"https:\/\/www.webdo.tn\/fr\/actualite\/national\/lugtt-domptee-par-caid-essebsi\/172974\/#breadcrumb","itemListElement":[{"@type":"ListItem","position":1,"name":"Accueil","item":"https:\/\/www.webdo.tn\/fr\/"},{"@type":"ListItem","position":2,"name":"L&rsquo;UGTT dompt\u00e9e par Ca\u00efd Essebsi ?"}]},{"@type":"WebSite","@id":"https:\/\/www.webdo.tn\/fr\/#website","url":"https:\/\/www.webdo.tn\/fr\/","name":"webdo","description":"Tunisie - News en Tunisie et \u00e0 l&#039;international sur Webdo.tn","publisher":{"@id":"https:\/\/www.webdo.tn\/fr\/#organization"},"potentialAction":[{"@type":"SearchAction","target":{"@type":"EntryPoint","urlTemplate":"https:\/\/www.webdo.tn\/fr\/?s={search_term_string}"},"query-input":{"@type":"PropertyValueSpecification","valueRequired":true,"valueName":"search_term_string"}}],"inLanguage":"fr-FR"},{"@type":"Organization","@id":"https:\/\/www.webdo.tn\/fr\/#organization","name":"Webdo","alternateName":"Webdo.tn","url":"https:\/\/www.webdo.tn\/fr\/","logo":{"@type":"ImageObject","inLanguage":"fr-FR","@id":"https:\/\/www.webdo.tn\/fr\/#\/schema\/logo\/image\/","url":"https:\/\/www.webdo.tn\/fr\/wp-content\/uploads\/2025\/06\/Webdo-Tunisie_168377.jpg","contentUrl":"https:\/\/www.webdo.tn\/fr\/wp-content\/uploads\/2025\/06\/Webdo-Tunisie_168377.jpg","width":301,"height":301,"caption":"Webdo"},"image":{"@id":"https:\/\/www.webdo.tn\/fr\/#\/schema\/logo\/image\/"},"sameAs":["https:\/\/www.facebook.com\/webdotn","https:\/\/x.com\/webdo_tn"],"description":"Webdo est un m\u00e9dia num\u00e9rique tunisien fond\u00e9 en 2010, sp\u00e9cialis\u00e9 dans l\u2019actualit\u00e9 nationale et internationale, l\u2019\u00e9conomie, la soci\u00e9t\u00e9 et les analyses politiques. Le site s\u2019adresse \u00e0 un large public francophone et couvre l\u2019information tunisienne en temps r\u00e9el.","email":"redac@webdo.tn","legalName":"YNJ SARL","foundingDate":"2010-09-06","numberOfEmployees":{"@type":"QuantitativeValue","minValue":"11","maxValue":"50"}},{"@type":"Person","@id":"https:\/\/www.webdo.tn\/fr\/#\/schema\/person\/9a9c6118d687c117df8ef3cc36a4d175","name":"webdo.tn","image":{"@type":"ImageObject","inLanguage":"fr-FR","@id":"https:\/\/secure.gravatar.com\/avatar\/7ce1f28c0c3bbac99ff550b85ef8e44a6950c6ee24514fb6a5489e51d06f0298?s=96&d=mm&r=g","url":"https:\/\/secure.gravatar.com\/avatar\/7ce1f28c0c3bbac99ff550b85ef8e44a6950c6ee24514fb6a5489e51d06f0298?s=96&d=mm&r=g","contentUrl":"https:\/\/secure.gravatar.com\/avatar\/7ce1f28c0c3bbac99ff550b85ef8e44a6950c6ee24514fb6a5489e51d06f0298?s=96&d=mm&r=g","caption":"webdo.tn"},"url":"https:\/\/www.webdo.tn\/fr\/actualite\/author\/webdotn\/"}]}},"_links":{"self":[{"href":"https:\/\/www.webdo.tn\/fr\/wp-json\/wp\/v2\/posts\/172974","targetHints":{"allow":["GET"]}}],"collection":[{"href":"https:\/\/www.webdo.tn\/fr\/wp-json\/wp\/v2\/posts"}],"about":[{"href":"https:\/\/www.webdo.tn\/fr\/wp-json\/wp\/v2\/types\/post"}],"author":[{"embeddable":true,"href":"https:\/\/www.webdo.tn\/fr\/wp-json\/wp\/v2\/users\/3222"}],"replies":[{"embeddable":true,"href":"https:\/\/www.webdo.tn\/fr\/wp-json\/wp\/v2\/comments?post=172974"}],"version-history":[{"count":0,"href":"https:\/\/www.webdo.tn\/fr\/wp-json\/wp\/v2\/posts\/172974\/revisions"}],"wp:featuredmedia":[{"embeddable":true,"href":"https:\/\/www.webdo.tn\/fr\/wp-json\/wp\/v2\/media\/365833"}],"wp:attachment":[{"href":"https:\/\/www.webdo.tn\/fr\/wp-json\/wp\/v2\/media?parent=172974"}],"wp:term":[{"taxonomy":"category","embeddable":true,"href":"https:\/\/www.webdo.tn\/fr\/wp-json\/wp\/v2\/categories?post=172974"},{"taxonomy":"post_tag","embeddable":true,"href":"https:\/\/www.webdo.tn\/fr\/wp-json\/wp\/v2\/tags?post=172974"}],"curies":[{"name":"wp","href":"https:\/\/api.w.org\/{rel}","templated":true}]}}