{"id":172921,"date":"2011-03-22T13:41:00","date_gmt":"2011-03-22T13:41:00","guid":{"rendered":"https:\/\/www.webdo.tn\/fr\/actualite\/blog\/le-nuage-radioactif-de-fukushima-devrait-passer-par-la-tunisie\/172921\/"},"modified":"2011-03-22T13:41:00","modified_gmt":"2011-03-22T13:41:00","slug":"le-nuage-radioactif-de-fukushima-devrait-passer-par-la-tunisie","status":"publish","type":"post","link":"https:\/\/www.webdo.tn\/fr\/actualite\/national\/le-nuage-radioactif-de-fukushima-devrait-passer-par-la-tunisie\/172921\/","title":{"rendered":"Le nuage Radioactif de Fukushima devrait passer par la Tunisie"},"content":{"rendered":"<p>11 jours apr\u00e8s le violent s\u00e9isme et le Tsunami qui ont d\u00e9vast\u00e9 l&rsquo;archipel Japonais, la situation reste toujours inqui\u00e9tante. <\/p>\n<p>Le Tsunami ravageur qui a frapp\u00e9 les cotes a caus\u00e9 le\u00a0dysfonctionnement des pompes de refroidissements de la centrale Nucl\u00e9aire de Fukushima. Des jours difficiles se sont alors suivies: plusieurs explosions au niveau des\u00a0r\u00e9acteurs, des fum\u00e9es inqui\u00e9tantes\u00a0s\u2019\u00e9chappent \u00e0 ce jour des r\u00e9acteurs sous pression,\u00a0\u00e9vacuation des habitants dans un rayon de plus de 30 kilom\u00e8tres de la centrale, tentatives de refroidissement des r\u00e9acteur gravement touch\u00e9 par des jets d&rsquo;eau de mer&#8230;<\/p>\n<p>La situation reste encore tr\u00e8s tendue, en effet malgr\u00e9 le r\u00e9tablissement du courant\u00a0\u00e9lectrique\u00a0permettant\u00a0ainsi\u00a0l&rsquo;automatisation du refroidissement des r\u00e9acteurs, ces derniers sont toujours soumis a une \u00e9norme pression. Ceci a caus\u00e9 des fuites\u00a0radioactives qui ont\u00a0entra\u00een\u00e9es un nuage radioactif qui est entrain de faire le tour du monde comme le montre la vid\u00e9o. Un nuage qui est pr\u00e9vu d&rsquo;atteindre l&rsquo;autre rive de l&rsquo;oc\u00e9an Atlantique en outre l&rsquo;Europe et l&rsquo;Afrique du nord ce Mercredi. Selon les experts ce nuage \u00ab\u00a0serait\u00a0\u00bb sans risque pour la sant\u00e9 et les quantit\u00e9s de particules radioactives devraient \u00eatre limit\u00e9e chez nous.<\/p>\n<p>Ceci dit, des tests et des pr\u00e9l\u00e8vements sur des aliments tels que le lait ou des l\u00e9gumes dans la r\u00e9gion de la centrale de Fukushima ont r\u00e9v\u00e9l\u00e9 des niveaux de radioactivit\u00e9 anormalement \u00e9lev\u00e9s. L&rsquo;eau du robinet serait aussi contamin\u00e9 \u00e0 l&rsquo;Iode et au C\u00e9sium. Cependant les autorit\u00e9s japonaise maintiennent un discours rassurant et assure que ce nuage et que ces\u00a0contamination\u00a0sont sans risques et sont inf\u00e9rieures aux normes d&rsquo;alerte.<\/p>\n","protected":false},"excerpt":{"rendered":"<p>Le nuage Radioactif de Fukushima devrait passer par la Tunisie  <\/p>\n","protected":false},"author":3222,"featured_media":365533,"comment_status":"open","ping_status":"closed","sticky":false,"template":"","format":"standard","meta":{"footnotes":""},"categories":[44],"tags":[],"class_list":["post-172921","post","type-post","status-publish","format-standard","has-post-thumbnail","hentry","category-national"],"yoast_head":"<!-- This site is optimized with the Yoast SEO Premium plugin v27.4 (Yoast SEO v27.4) - https:\/\/yoast.com\/product\/yoast-seo-premium-wordpress\/ -->\n<title>Le nuage Radioactif de Fukushima devrait passer par la Tunisie<\/title>\n<meta name=\"description\" content=\"Le nuage Radioactif de Fukushima devrait passer par la Tunisie\" \/>\n<link rel=\"canonical\" href=\"https:\/\/www.webdo.tn\/fr\/actualite\/national\/le-nuage-radioactif-de-fukushima-devrait-passer-par-la-tunisie\/172921\/\" \/>\n<meta property=\"og:locale\" content=\"fr_FR\" \/>\n<meta property=\"og:type\" content=\"article\" \/>\n<meta property=\"og:title\" content=\"Le nuage Radioactif de Fukushima devrait passer par la Tunisie\" \/>\n<meta property=\"og:description\" content=\"Le nuage Radioactif de Fukushima devrait passer par la Tunisie\" \/>\n<meta property=\"og:url\" content=\"https:\/\/www.webdo.tn\/fr\/actualite\/national\/le-nuage-radioactif-de-fukushima-devrait-passer-par-la-tunisie\/172921\/\" \/>\n<meta property=\"og:site_name\" content=\"webdo\" \/>\n<meta property=\"article:publisher\" content=\"https:\/\/www.facebook.com\/webdotn\" \/>\n<meta property=\"article:published_time\" content=\"2011-03-22T13:41:00+00:00\" \/>\n<meta property=\"og:image\" content=\"https:\/\/www.webdo.tn\/fr\/wp-content\/uploads\/2011\/03\/centrale-300x150-1.jpg\" \/>\n\t<meta property=\"og:image:width\" content=\"300\" \/>\n\t<meta property=\"og:image:height\" content=\"150\" \/>\n\t<meta property=\"og:image:type\" content=\"image\/jpeg\" \/>\n<meta name=\"author\" content=\"webdo.tn\" \/>\n<meta name=\"twitter:card\" content=\"summary_large_image\" \/>\n<meta name=\"twitter:creator\" content=\"@webdo_tn\" \/>\n<meta name=\"twitter:site\" content=\"@webdo_tn\" \/>\n<meta name=\"twitter:label1\" content=\"\u00c9crit par\" \/>\n\t<meta name=\"twitter:data1\" content=\"webdo.tn\" \/>\n\t<meta name=\"twitter:label2\" content=\"Dur\u00e9e de lecture estim\u00e9e\" \/>\n\t<meta name=\"twitter:data2\" content=\"1 minute\" \/>\n<script type=\"application\/ld+json\" class=\"yoast-schema-graph\">{\"@context\":\"https:\\\/\\\/schema.org\",\"@graph\":[{\"@type\":\"NewsArticle\",\"@id\":\"https:\\\/\\\/www.webdo.tn\\\/fr\\\/actualite\\\/national\\\/le-nuage-radioactif-de-fukushima-devrait-passer-par-la-tunisie\\\/172921\\\/#article\",\"isPartOf\":{\"@id\":\"https:\\\/\\\/www.webdo.tn\\\/fr\\\/actualite\\\/national\\\/le-nuage-radioactif-de-fukushima-devrait-passer-par-la-tunisie\\\/172921\\\/\"},\"author\":{\"name\":\"webdo.tn\",\"@id\":\"https:\\\/\\\/www.webdo.tn\\\/fr\\\/#\\\/schema\\\/person\\\/9a9c6118d687c117df8ef3cc36a4d175\"},\"headline\":\"Le nuage Radioactif de Fukushima devrait passer par la Tunisie\",\"datePublished\":\"2011-03-22T13:41:00+00:00\",\"mainEntityOfPage\":{\"@id\":\"https:\\\/\\\/www.webdo.tn\\\/fr\\\/actualite\\\/national\\\/le-nuage-radioactif-de-fukushima-devrait-passer-par-la-tunisie\\\/172921\\\/\"},\"wordCount\":309,\"commentCount\":0,\"publisher\":{\"@id\":\"https:\\\/\\\/www.webdo.tn\\\/fr\\\/#organization\"},\"image\":{\"@id\":\"https:\\\/\\\/www.webdo.tn\\\/fr\\\/actualite\\\/national\\\/le-nuage-radioactif-de-fukushima-devrait-passer-par-la-tunisie\\\/172921\\\/#primaryimage\"},\"thumbnailUrl\":\"https:\\\/\\\/www.webdo.tn\\\/fr\\\/wp-content\\\/uploads\\\/2011\\\/03\\\/centrale-300x150-1.jpg\",\"articleSection\":[\"National\"],\"inLanguage\":\"fr-FR\"},{\"@type\":\"WebPage\",\"@id\":\"https:\\\/\\\/www.webdo.tn\\\/fr\\\/actualite\\\/national\\\/le-nuage-radioactif-de-fukushima-devrait-passer-par-la-tunisie\\\/172921\\\/\",\"url\":\"https:\\\/\\\/www.webdo.tn\\\/fr\\\/actualite\\\/national\\\/le-nuage-radioactif-de-fukushima-devrait-passer-par-la-tunisie\\\/172921\\\/\",\"name\":\"Le nuage Radioactif de Fukushima devrait passer par la Tunisie\",\"isPartOf\":{\"@id\":\"https:\\\/\\\/www.webdo.tn\\\/fr\\\/#website\"},\"primaryImageOfPage\":{\"@id\":\"https:\\\/\\\/www.webdo.tn\\\/fr\\\/actualite\\\/national\\\/le-nuage-radioactif-de-fukushima-devrait-passer-par-la-tunisie\\\/172921\\\/#primaryimage\"},\"image\":{\"@id\":\"https:\\\/\\\/www.webdo.tn\\\/fr\\\/actualite\\\/national\\\/le-nuage-radioactif-de-fukushima-devrait-passer-par-la-tunisie\\\/172921\\\/#primaryimage\"},\"thumbnailUrl\":\"https:\\\/\\\/www.webdo.tn\\\/fr\\\/wp-content\\\/uploads\\\/2011\\\/03\\\/centrale-300x150-1.jpg\",\"datePublished\":\"2011-03-22T13:41:00+00:00\",\"description\":\"Le nuage Radioactif de Fukushima devrait passer par la Tunisie\",\"breadcrumb\":{\"@id\":\"https:\\\/\\\/www.webdo.tn\\\/fr\\\/actualite\\\/national\\\/le-nuage-radioactif-de-fukushima-devrait-passer-par-la-tunisie\\\/172921\\\/#breadcrumb\"},\"inLanguage\":\"fr-FR\",\"potentialAction\":[{\"@type\":\"ReadAction\",\"target\":[\"https:\\\/\\\/www.webdo.tn\\\/fr\\\/actualite\\\/national\\\/le-nuage-radioactif-de-fukushima-devrait-passer-par-la-tunisie\\\/172921\\\/\"]}]},{\"@type\":\"ImageObject\",\"inLanguage\":\"fr-FR\",\"@id\":\"https:\\\/\\\/www.webdo.tn\\\/fr\\\/actualite\\\/national\\\/le-nuage-radioactif-de-fukushima-devrait-passer-par-la-tunisie\\\/172921\\\/#primaryimage\",\"url\":\"https:\\\/\\\/www.webdo.tn\\\/fr\\\/wp-content\\\/uploads\\\/2011\\\/03\\\/centrale-300x150-1.jpg\",\"contentUrl\":\"https:\\\/\\\/www.webdo.tn\\\/fr\\\/wp-content\\\/uploads\\\/2011\\\/03\\\/centrale-300x150-1.jpg\",\"width\":300,\"height\":150,\"caption\":\"Le nuage Radioactif de Fukushima devrait passer par la Tunisie\"},{\"@type\":\"BreadcrumbList\",\"@id\":\"https:\\\/\\\/www.webdo.tn\\\/fr\\\/actualite\\\/national\\\/le-nuage-radioactif-de-fukushima-devrait-passer-par-la-tunisie\\\/172921\\\/#breadcrumb\",\"itemListElement\":[{\"@type\":\"ListItem\",\"position\":1,\"name\":\"Accueil\",\"item\":\"https:\\\/\\\/www.webdo.tn\\\/fr\\\/\"},{\"@type\":\"ListItem\",\"position\":2,\"name\":\"Le nuage Radioactif de Fukushima devrait passer par la Tunisie\"}]},{\"@type\":\"WebSite\",\"@id\":\"https:\\\/\\\/www.webdo.tn\\\/fr\\\/#website\",\"url\":\"https:\\\/\\\/www.webdo.tn\\\/fr\\\/\",\"name\":\"webdo\",\"description\":\"Tunisie - News en Tunisie et \u00e0 l&#039;international sur Webdo.tn\",\"publisher\":{\"@id\":\"https:\\\/\\\/www.webdo.tn\\\/fr\\\/#organization\"},\"potentialAction\":[{\"@type\":\"SearchAction\",\"target\":{\"@type\":\"EntryPoint\",\"urlTemplate\":\"https:\\\/\\\/www.webdo.tn\\\/fr\\\/?s={search_term_string}\"},\"query-input\":{\"@type\":\"PropertyValueSpecification\",\"valueRequired\":true,\"valueName\":\"search_term_string\"}}],\"inLanguage\":\"fr-FR\"},{\"@type\":\"Organization\",\"@id\":\"https:\\\/\\\/www.webdo.tn\\\/fr\\\/#organization\",\"name\":\"Webdo\",\"alternateName\":\"Webdo.tn\",\"url\":\"https:\\\/\\\/www.webdo.tn\\\/fr\\\/\",\"logo\":{\"@type\":\"ImageObject\",\"inLanguage\":\"fr-FR\",\"@id\":\"https:\\\/\\\/www.webdo.tn\\\/fr\\\/#\\\/schema\\\/logo\\\/image\\\/\",\"url\":\"https:\\\/\\\/www.webdo.tn\\\/fr\\\/wp-content\\\/uploads\\\/2025\\\/06\\\/Webdo-Tunisie_168377.jpg\",\"contentUrl\":\"https:\\\/\\\/www.webdo.tn\\\/fr\\\/wp-content\\\/uploads\\\/2025\\\/06\\\/Webdo-Tunisie_168377.jpg\",\"width\":301,\"height\":301,\"caption\":\"Webdo\"},\"image\":{\"@id\":\"https:\\\/\\\/www.webdo.tn\\\/fr\\\/#\\\/schema\\\/logo\\\/image\\\/\"},\"sameAs\":[\"https:\\\/\\\/www.facebook.com\\\/webdotn\",\"https:\\\/\\\/x.com\\\/webdo_tn\"],\"description\":\"Webdo est un m\u00e9dia num\u00e9rique tunisien fond\u00e9 en 2010, sp\u00e9cialis\u00e9 dans l\u2019actualit\u00e9 nationale et internationale, l\u2019\u00e9conomie, la soci\u00e9t\u00e9 et les analyses politiques. Le site s\u2019adresse \u00e0 un large public francophone et couvre l\u2019information tunisienne en temps r\u00e9el.\",\"email\":\"redac@webdo.tn\",\"legalName\":\"YNJ SARL\",\"foundingDate\":\"2010-09-06\",\"numberOfEmployees\":{\"@type\":\"QuantitativeValue\",\"minValue\":\"11\",\"maxValue\":\"50\"}},{\"@type\":\"Person\",\"@id\":\"https:\\\/\\\/www.webdo.tn\\\/fr\\\/#\\\/schema\\\/person\\\/9a9c6118d687c117df8ef3cc36a4d175\",\"name\":\"webdo.tn\",\"image\":{\"@type\":\"ImageObject\",\"inLanguage\":\"fr-FR\",\"@id\":\"https:\\\/\\\/secure.gravatar.com\\\/avatar\\\/7ce1f28c0c3bbac99ff550b85ef8e44a6950c6ee24514fb6a5489e51d06f0298?s=96&d=mm&r=g\",\"url\":\"https:\\\/\\\/secure.gravatar.com\\\/avatar\\\/7ce1f28c0c3bbac99ff550b85ef8e44a6950c6ee24514fb6a5489e51d06f0298?s=96&d=mm&r=g\",\"contentUrl\":\"https:\\\/\\\/secure.gravatar.com\\\/avatar\\\/7ce1f28c0c3bbac99ff550b85ef8e44a6950c6ee24514fb6a5489e51d06f0298?s=96&d=mm&r=g\",\"caption\":\"webdo.tn\"},\"url\":\"https:\\\/\\\/www.webdo.tn\\\/fr\\\/actualite\\\/author\\\/webdotn\\\/\"}]}<\/script>\n<!-- \/ Yoast SEO Premium plugin. -->","yoast_head_json":{"title":"Le nuage Radioactif de Fukushima devrait passer par la Tunisie","description":"Le nuage Radioactif de Fukushima devrait passer par la Tunisie","canonical":"https:\/\/www.webdo.tn\/fr\/actualite\/national\/le-nuage-radioactif-de-fukushima-devrait-passer-par-la-tunisie\/172921\/","og_locale":"fr_FR","og_type":"article","og_title":"Le nuage Radioactif de Fukushima devrait passer par la Tunisie","og_description":"Le nuage Radioactif de Fukushima devrait passer par la Tunisie","og_url":"https:\/\/www.webdo.tn\/fr\/actualite\/national\/le-nuage-radioactif-de-fukushima-devrait-passer-par-la-tunisie\/172921\/","og_site_name":"webdo","article_publisher":"https:\/\/www.facebook.com\/webdotn","article_published_time":"2011-03-22T13:41:00+00:00","og_image":[{"width":300,"height":150,"url":"https:\/\/www.webdo.tn\/fr\/wp-content\/uploads\/2011\/03\/centrale-300x150-1.jpg","type":"image\/jpeg"}],"author":"webdo.tn","twitter_card":"summary_large_image","twitter_creator":"@webdo_tn","twitter_site":"@webdo_tn","twitter_misc":{"\u00c9crit par":"webdo.tn","Dur\u00e9e de lecture estim\u00e9e":"1 minute"},"schema":{"@context":"https:\/\/schema.org","@graph":[{"@type":"NewsArticle","@id":"https:\/\/www.webdo.tn\/fr\/actualite\/national\/le-nuage-radioactif-de-fukushima-devrait-passer-par-la-tunisie\/172921\/#article","isPartOf":{"@id":"https:\/\/www.webdo.tn\/fr\/actualite\/national\/le-nuage-radioactif-de-fukushima-devrait-passer-par-la-tunisie\/172921\/"},"author":{"name":"webdo.tn","@id":"https:\/\/www.webdo.tn\/fr\/#\/schema\/person\/9a9c6118d687c117df8ef3cc36a4d175"},"headline":"Le nuage Radioactif de Fukushima devrait passer par la Tunisie","datePublished":"2011-03-22T13:41:00+00:00","mainEntityOfPage":{"@id":"https:\/\/www.webdo.tn\/fr\/actualite\/national\/le-nuage-radioactif-de-fukushima-devrait-passer-par-la-tunisie\/172921\/"},"wordCount":309,"commentCount":0,"publisher":{"@id":"https:\/\/www.webdo.tn\/fr\/#organization"},"image":{"@id":"https:\/\/www.webdo.tn\/fr\/actualite\/national\/le-nuage-radioactif-de-fukushima-devrait-passer-par-la-tunisie\/172921\/#primaryimage"},"thumbnailUrl":"https:\/\/www.webdo.tn\/fr\/wp-content\/uploads\/2011\/03\/centrale-300x150-1.jpg","articleSection":["National"],"inLanguage":"fr-FR"},{"@type":"WebPage","@id":"https:\/\/www.webdo.tn\/fr\/actualite\/national\/le-nuage-radioactif-de-fukushima-devrait-passer-par-la-tunisie\/172921\/","url":"https:\/\/www.webdo.tn\/fr\/actualite\/national\/le-nuage-radioactif-de-fukushima-devrait-passer-par-la-tunisie\/172921\/","name":"Le nuage Radioactif de Fukushima devrait passer par la Tunisie","isPartOf":{"@id":"https:\/\/www.webdo.tn\/fr\/#website"},"primaryImageOfPage":{"@id":"https:\/\/www.webdo.tn\/fr\/actualite\/national\/le-nuage-radioactif-de-fukushima-devrait-passer-par-la-tunisie\/172921\/#primaryimage"},"image":{"@id":"https:\/\/www.webdo.tn\/fr\/actualite\/national\/le-nuage-radioactif-de-fukushima-devrait-passer-par-la-tunisie\/172921\/#primaryimage"},"thumbnailUrl":"https:\/\/www.webdo.tn\/fr\/wp-content\/uploads\/2011\/03\/centrale-300x150-1.jpg","datePublished":"2011-03-22T13:41:00+00:00","description":"Le nuage Radioactif de Fukushima devrait passer par la Tunisie","breadcrumb":{"@id":"https:\/\/www.webdo.tn\/fr\/actualite\/national\/le-nuage-radioactif-de-fukushima-devrait-passer-par-la-tunisie\/172921\/#breadcrumb"},"inLanguage":"fr-FR","potentialAction":[{"@type":"ReadAction","target":["https:\/\/www.webdo.tn\/fr\/actualite\/national\/le-nuage-radioactif-de-fukushima-devrait-passer-par-la-tunisie\/172921\/"]}]},{"@type":"ImageObject","inLanguage":"fr-FR","@id":"https:\/\/www.webdo.tn\/fr\/actualite\/national\/le-nuage-radioactif-de-fukushima-devrait-passer-par-la-tunisie\/172921\/#primaryimage","url":"https:\/\/www.webdo.tn\/fr\/wp-content\/uploads\/2011\/03\/centrale-300x150-1.jpg","contentUrl":"https:\/\/www.webdo.tn\/fr\/wp-content\/uploads\/2011\/03\/centrale-300x150-1.jpg","width":300,"height":150,"caption":"Le nuage Radioactif de Fukushima devrait passer par la Tunisie"},{"@type":"BreadcrumbList","@id":"https:\/\/www.webdo.tn\/fr\/actualite\/national\/le-nuage-radioactif-de-fukushima-devrait-passer-par-la-tunisie\/172921\/#breadcrumb","itemListElement":[{"@type":"ListItem","position":1,"name":"Accueil","item":"https:\/\/www.webdo.tn\/fr\/"},{"@type":"ListItem","position":2,"name":"Le nuage Radioactif de Fukushima devrait passer par la Tunisie"}]},{"@type":"WebSite","@id":"https:\/\/www.webdo.tn\/fr\/#website","url":"https:\/\/www.webdo.tn\/fr\/","name":"webdo","description":"Tunisie - News en Tunisie et \u00e0 l&#039;international sur Webdo.tn","publisher":{"@id":"https:\/\/www.webdo.tn\/fr\/#organization"},"potentialAction":[{"@type":"SearchAction","target":{"@type":"EntryPoint","urlTemplate":"https:\/\/www.webdo.tn\/fr\/?s={search_term_string}"},"query-input":{"@type":"PropertyValueSpecification","valueRequired":true,"valueName":"search_term_string"}}],"inLanguage":"fr-FR"},{"@type":"Organization","@id":"https:\/\/www.webdo.tn\/fr\/#organization","name":"Webdo","alternateName":"Webdo.tn","url":"https:\/\/www.webdo.tn\/fr\/","logo":{"@type":"ImageObject","inLanguage":"fr-FR","@id":"https:\/\/www.webdo.tn\/fr\/#\/schema\/logo\/image\/","url":"https:\/\/www.webdo.tn\/fr\/wp-content\/uploads\/2025\/06\/Webdo-Tunisie_168377.jpg","contentUrl":"https:\/\/www.webdo.tn\/fr\/wp-content\/uploads\/2025\/06\/Webdo-Tunisie_168377.jpg","width":301,"height":301,"caption":"Webdo"},"image":{"@id":"https:\/\/www.webdo.tn\/fr\/#\/schema\/logo\/image\/"},"sameAs":["https:\/\/www.facebook.com\/webdotn","https:\/\/x.com\/webdo_tn"],"description":"Webdo est un m\u00e9dia num\u00e9rique tunisien fond\u00e9 en 2010, sp\u00e9cialis\u00e9 dans l\u2019actualit\u00e9 nationale et internationale, l\u2019\u00e9conomie, la soci\u00e9t\u00e9 et les analyses politiques. Le site s\u2019adresse \u00e0 un large public francophone et couvre l\u2019information tunisienne en temps r\u00e9el.","email":"redac@webdo.tn","legalName":"YNJ SARL","foundingDate":"2010-09-06","numberOfEmployees":{"@type":"QuantitativeValue","minValue":"11","maxValue":"50"}},{"@type":"Person","@id":"https:\/\/www.webdo.tn\/fr\/#\/schema\/person\/9a9c6118d687c117df8ef3cc36a4d175","name":"webdo.tn","image":{"@type":"ImageObject","inLanguage":"fr-FR","@id":"https:\/\/secure.gravatar.com\/avatar\/7ce1f28c0c3bbac99ff550b85ef8e44a6950c6ee24514fb6a5489e51d06f0298?s=96&d=mm&r=g","url":"https:\/\/secure.gravatar.com\/avatar\/7ce1f28c0c3bbac99ff550b85ef8e44a6950c6ee24514fb6a5489e51d06f0298?s=96&d=mm&r=g","contentUrl":"https:\/\/secure.gravatar.com\/avatar\/7ce1f28c0c3bbac99ff550b85ef8e44a6950c6ee24514fb6a5489e51d06f0298?s=96&d=mm&r=g","caption":"webdo.tn"},"url":"https:\/\/www.webdo.tn\/fr\/actualite\/author\/webdotn\/"}]}},"_links":{"self":[{"href":"https:\/\/www.webdo.tn\/fr\/wp-json\/wp\/v2\/posts\/172921","targetHints":{"allow":["GET"]}}],"collection":[{"href":"https:\/\/www.webdo.tn\/fr\/wp-json\/wp\/v2\/posts"}],"about":[{"href":"https:\/\/www.webdo.tn\/fr\/wp-json\/wp\/v2\/types\/post"}],"author":[{"embeddable":true,"href":"https:\/\/www.webdo.tn\/fr\/wp-json\/wp\/v2\/users\/3222"}],"replies":[{"embeddable":true,"href":"https:\/\/www.webdo.tn\/fr\/wp-json\/wp\/v2\/comments?post=172921"}],"version-history":[{"count":0,"href":"https:\/\/www.webdo.tn\/fr\/wp-json\/wp\/v2\/posts\/172921\/revisions"}],"wp:featuredmedia":[{"embeddable":true,"href":"https:\/\/www.webdo.tn\/fr\/wp-json\/wp\/v2\/media\/365533"}],"wp:attachment":[{"href":"https:\/\/www.webdo.tn\/fr\/wp-json\/wp\/v2\/media?parent=172921"}],"wp:term":[{"taxonomy":"category","embeddable":true,"href":"https:\/\/www.webdo.tn\/fr\/wp-json\/wp\/v2\/categories?post=172921"},{"taxonomy":"post_tag","embeddable":true,"href":"https:\/\/www.webdo.tn\/fr\/wp-json\/wp\/v2\/tags?post=172921"}],"curies":[{"name":"wp","href":"https:\/\/api.w.org\/{rel}","templated":true}]}}