{"id":172905,"date":"2011-03-30T13:51:00","date_gmt":"2011-03-30T13:51:00","guid":{"rendered":"https:\/\/www.webdo.tn\/fr\/actualite\/blog\/berlusconi-attendu-a-lampedusa-pour-evacuer-les-clandestins\/172905\/"},"modified":"2011-03-30T13:51:00","modified_gmt":"2011-03-30T13:51:00","slug":"berlusconi-attendu-a-lampedusa-pour-evacuer-les-clandestins","status":"publish","type":"post","link":"https:\/\/www.webdo.tn\/fr\/actualite\/national\/berlusconi-attendu-a-lampedusa-pour-evacuer-les-clandestins\/172905\/","title":{"rendered":"Berlusconi attendu \u00e0 Lampedusa pour \u00e9vacuer les clandestins !"},"content":{"rendered":"<p>Berlusconi est attendu \u00e0 Lampedusa, o\u00f9 6000 immigr\u00e9s vivent dans des conditions atroces, rapporte l&rsquo;AFP. Le chef du Conseil italien pourrait bien mettre un terme \u00e0 leurs souffrances en \u00e9vacuant d&rsquo;urgence vers d\u2019autres centres d&rsquo;accueil !<\/p>\n<p>Tout d\u2019abord deux chiffres. Deux chiffres qui expriment parfaitement ce qui se passe actuellement \u00e0 Lampedusa. Cette \u00eele italienne compte au jour d\u2019aujourd\u2019hui 5000 habitants et 6000 immigr\u00e9s venant tout juste de d\u00e9barquer sur ses c\u00f4tes. Inutile de parler des conditions d\u2019hygi\u00e8nes effroyables dans lesquelles sont gard\u00e9s ces immigr\u00e9s, en grande majorit\u00e9 tunisiens. Imaginez trois WC chimiques (seulement) et aucune douche pour des milliers de personnes !<\/p>\n<p>Fin janvier, l&rsquo;Italie avait d\u00e9j\u00e0 d\u00e9plor\u00e9 l&rsquo;arriv\u00e9e massive de Tunisiens clandestinement sur ses terres. On se rappelle que le gouvernement italien avait m\u00eame eu le culot de proposer \u00e0 notre gouvernement de transition d&rsquo;envoyer ses propres policiers pour garder nos fronti\u00e8res !<\/p>\n<p>Ces 6000 immigr\u00e9s \u00e0 Lampedusa devraient \u00eatre \u00e9vacu\u00e9s tr\u00e8s bient\u00f4t. Le chef du gouvernement italien, Silvio Berlusconi, est m\u00eame attendu, ce mercredi, sur l\u2019\u00eele pour annoncer les mesures qui vont \u00eatre prises.<\/p>\n<p>Cinq navires vont rallier Lampedusa pour ramener ces clandestins vers des centres d\u2019accueil du sud de l\u2019Italie. Pour sa part, le ministre de l\u2019Int\u00e9rieur, R. Maroni, assure m\u00eame que la situation sur Lampedusa sera bient\u00f4t r\u00e9gl\u00e9e, exprimant toutefois son inqui\u00e9tude pour cette \u00eele qui vit essentiellement du tourisme.<\/p>\n<p>Se pose n\u00e9anmoins la question de la destination vers laquelle seront transf\u00e9r\u00e9s ces clandestins ?<\/p>\n","protected":false},"excerpt":{"rendered":"<p>Berlusconi attendu \u00e0 Lampedusa pour \u00e9vacuer les clandestins !<\/p>\n","protected":false},"author":3222,"featured_media":365507,"comment_status":"open","ping_status":"closed","sticky":false,"template":"","format":"standard","meta":{"footnotes":""},"categories":[44],"tags":[],"class_list":["post-172905","post","type-post","status-publish","format-standard","has-post-thumbnail","hentry","category-national"],"yoast_head":"<!-- This site is optimized with the Yoast SEO Premium plugin v27.4 (Yoast SEO v27.4) - https:\/\/yoast.com\/product\/yoast-seo-premium-wordpress\/ -->\n<title>Berlusconi attendu \u00e0 Lampedusa pour \u00e9vacuer les clandestins !<\/title>\n<meta name=\"description\" content=\"Berlusconi attendu \u00e0 Lampedusa pour \u00e9vacuer les clandestins !\" \/>\n<link rel=\"canonical\" href=\"https:\/\/www.webdo.tn\/fr\/actualite\/national\/berlusconi-attendu-a-lampedusa-pour-evacuer-les-clandestins\/172905\/\" \/>\n<meta property=\"og:locale\" content=\"fr_FR\" \/>\n<meta property=\"og:type\" content=\"article\" \/>\n<meta property=\"og:title\" content=\"Berlusconi attendu \u00e0 Lampedusa pour \u00e9vacuer les clandestins !\" \/>\n<meta property=\"og:description\" content=\"Berlusconi attendu \u00e0 Lampedusa pour \u00e9vacuer les clandestins !\" \/>\n<meta property=\"og:url\" content=\"https:\/\/www.webdo.tn\/fr\/actualite\/national\/berlusconi-attendu-a-lampedusa-pour-evacuer-les-clandestins\/172905\/\" \/>\n<meta property=\"og:site_name\" content=\"webdo\" \/>\n<meta property=\"article:publisher\" content=\"https:\/\/www.facebook.com\/webdotn\" \/>\n<meta property=\"article:published_time\" content=\"2011-03-30T13:51:00+00:00\" \/>\n<meta property=\"og:image\" content=\"https:\/\/www.webdo.tn\/fr\/wp-content\/uploads\/2011\/03\/lampedusa-150x150-1.jpg\" \/>\n\t<meta property=\"og:image:width\" content=\"150\" \/>\n\t<meta property=\"og:image:height\" content=\"150\" \/>\n\t<meta property=\"og:image:type\" content=\"image\/jpeg\" \/>\n<meta name=\"author\" content=\"webdo.tn\" \/>\n<meta name=\"twitter:card\" content=\"summary_large_image\" \/>\n<meta name=\"twitter:creator\" content=\"@webdo_tn\" \/>\n<meta name=\"twitter:site\" content=\"@webdo_tn\" \/>\n<meta name=\"twitter:label1\" content=\"\u00c9crit par\" \/>\n\t<meta name=\"twitter:data1\" content=\"webdo.tn\" \/>\n\t<meta name=\"twitter:label2\" content=\"Dur\u00e9e de lecture estim\u00e9e\" \/>\n\t<meta name=\"twitter:data2\" content=\"1 minute\" \/>\n<script type=\"application\/ld+json\" class=\"yoast-schema-graph\">{\"@context\":\"https:\\\/\\\/schema.org\",\"@graph\":[{\"@type\":\"NewsArticle\",\"@id\":\"https:\\\/\\\/www.webdo.tn\\\/fr\\\/actualite\\\/national\\\/berlusconi-attendu-a-lampedusa-pour-evacuer-les-clandestins\\\/172905\\\/#article\",\"isPartOf\":{\"@id\":\"https:\\\/\\\/www.webdo.tn\\\/fr\\\/actualite\\\/national\\\/berlusconi-attendu-a-lampedusa-pour-evacuer-les-clandestins\\\/172905\\\/\"},\"author\":{\"name\":\"webdo.tn\",\"@id\":\"https:\\\/\\\/www.webdo.tn\\\/fr\\\/#\\\/schema\\\/person\\\/9a9c6118d687c117df8ef3cc36a4d175\"},\"headline\":\"Berlusconi attendu \u00e0 Lampedusa pour \u00e9vacuer les clandestins !\",\"datePublished\":\"2011-03-30T13:51:00+00:00\",\"mainEntityOfPage\":{\"@id\":\"https:\\\/\\\/www.webdo.tn\\\/fr\\\/actualite\\\/national\\\/berlusconi-attendu-a-lampedusa-pour-evacuer-les-clandestins\\\/172905\\\/\"},\"wordCount\":275,\"commentCount\":0,\"publisher\":{\"@id\":\"https:\\\/\\\/www.webdo.tn\\\/fr\\\/#organization\"},\"image\":{\"@id\":\"https:\\\/\\\/www.webdo.tn\\\/fr\\\/actualite\\\/national\\\/berlusconi-attendu-a-lampedusa-pour-evacuer-les-clandestins\\\/172905\\\/#primaryimage\"},\"thumbnailUrl\":\"https:\\\/\\\/www.webdo.tn\\\/fr\\\/wp-content\\\/uploads\\\/2011\\\/03\\\/lampedusa-150x150-1.jpg\",\"articleSection\":[\"National\"],\"inLanguage\":\"fr-FR\"},{\"@type\":\"WebPage\",\"@id\":\"https:\\\/\\\/www.webdo.tn\\\/fr\\\/actualite\\\/national\\\/berlusconi-attendu-a-lampedusa-pour-evacuer-les-clandestins\\\/172905\\\/\",\"url\":\"https:\\\/\\\/www.webdo.tn\\\/fr\\\/actualite\\\/national\\\/berlusconi-attendu-a-lampedusa-pour-evacuer-les-clandestins\\\/172905\\\/\",\"name\":\"Berlusconi attendu \u00e0 Lampedusa pour \u00e9vacuer les clandestins !\",\"isPartOf\":{\"@id\":\"https:\\\/\\\/www.webdo.tn\\\/fr\\\/#website\"},\"primaryImageOfPage\":{\"@id\":\"https:\\\/\\\/www.webdo.tn\\\/fr\\\/actualite\\\/national\\\/berlusconi-attendu-a-lampedusa-pour-evacuer-les-clandestins\\\/172905\\\/#primaryimage\"},\"image\":{\"@id\":\"https:\\\/\\\/www.webdo.tn\\\/fr\\\/actualite\\\/national\\\/berlusconi-attendu-a-lampedusa-pour-evacuer-les-clandestins\\\/172905\\\/#primaryimage\"},\"thumbnailUrl\":\"https:\\\/\\\/www.webdo.tn\\\/fr\\\/wp-content\\\/uploads\\\/2011\\\/03\\\/lampedusa-150x150-1.jpg\",\"datePublished\":\"2011-03-30T13:51:00+00:00\",\"description\":\"Berlusconi attendu \u00e0 Lampedusa pour \u00e9vacuer les clandestins !\",\"breadcrumb\":{\"@id\":\"https:\\\/\\\/www.webdo.tn\\\/fr\\\/actualite\\\/national\\\/berlusconi-attendu-a-lampedusa-pour-evacuer-les-clandestins\\\/172905\\\/#breadcrumb\"},\"inLanguage\":\"fr-FR\",\"potentialAction\":[{\"@type\":\"ReadAction\",\"target\":[\"https:\\\/\\\/www.webdo.tn\\\/fr\\\/actualite\\\/national\\\/berlusconi-attendu-a-lampedusa-pour-evacuer-les-clandestins\\\/172905\\\/\"]}]},{\"@type\":\"ImageObject\",\"inLanguage\":\"fr-FR\",\"@id\":\"https:\\\/\\\/www.webdo.tn\\\/fr\\\/actualite\\\/national\\\/berlusconi-attendu-a-lampedusa-pour-evacuer-les-clandestins\\\/172905\\\/#primaryimage\",\"url\":\"https:\\\/\\\/www.webdo.tn\\\/fr\\\/wp-content\\\/uploads\\\/2011\\\/03\\\/lampedusa-150x150-1.jpg\",\"contentUrl\":\"https:\\\/\\\/www.webdo.tn\\\/fr\\\/wp-content\\\/uploads\\\/2011\\\/03\\\/lampedusa-150x150-1.jpg\",\"width\":150,\"height\":150,\"caption\":\"Berlusconi attendu \u00e0 Lampedusa pour \u00e9vacuer les clandestins !\"},{\"@type\":\"BreadcrumbList\",\"@id\":\"https:\\\/\\\/www.webdo.tn\\\/fr\\\/actualite\\\/national\\\/berlusconi-attendu-a-lampedusa-pour-evacuer-les-clandestins\\\/172905\\\/#breadcrumb\",\"itemListElement\":[{\"@type\":\"ListItem\",\"position\":1,\"name\":\"Accueil\",\"item\":\"https:\\\/\\\/www.webdo.tn\\\/fr\\\/\"},{\"@type\":\"ListItem\",\"position\":2,\"name\":\"Berlusconi attendu \u00e0 Lampedusa pour \u00e9vacuer les clandestins !\"}]},{\"@type\":\"WebSite\",\"@id\":\"https:\\\/\\\/www.webdo.tn\\\/fr\\\/#website\",\"url\":\"https:\\\/\\\/www.webdo.tn\\\/fr\\\/\",\"name\":\"webdo\",\"description\":\"Tunisie - News en Tunisie et \u00e0 l&#039;international sur Webdo.tn\",\"publisher\":{\"@id\":\"https:\\\/\\\/www.webdo.tn\\\/fr\\\/#organization\"},\"potentialAction\":[{\"@type\":\"SearchAction\",\"target\":{\"@type\":\"EntryPoint\",\"urlTemplate\":\"https:\\\/\\\/www.webdo.tn\\\/fr\\\/?s={search_term_string}\"},\"query-input\":{\"@type\":\"PropertyValueSpecification\",\"valueRequired\":true,\"valueName\":\"search_term_string\"}}],\"inLanguage\":\"fr-FR\"},{\"@type\":\"Organization\",\"@id\":\"https:\\\/\\\/www.webdo.tn\\\/fr\\\/#organization\",\"name\":\"Webdo\",\"alternateName\":\"Webdo.tn\",\"url\":\"https:\\\/\\\/www.webdo.tn\\\/fr\\\/\",\"logo\":{\"@type\":\"ImageObject\",\"inLanguage\":\"fr-FR\",\"@id\":\"https:\\\/\\\/www.webdo.tn\\\/fr\\\/#\\\/schema\\\/logo\\\/image\\\/\",\"url\":\"https:\\\/\\\/www.webdo.tn\\\/fr\\\/wp-content\\\/uploads\\\/2025\\\/06\\\/Webdo-Tunisie_168377.jpg\",\"contentUrl\":\"https:\\\/\\\/www.webdo.tn\\\/fr\\\/wp-content\\\/uploads\\\/2025\\\/06\\\/Webdo-Tunisie_168377.jpg\",\"width\":301,\"height\":301,\"caption\":\"Webdo\"},\"image\":{\"@id\":\"https:\\\/\\\/www.webdo.tn\\\/fr\\\/#\\\/schema\\\/logo\\\/image\\\/\"},\"sameAs\":[\"https:\\\/\\\/www.facebook.com\\\/webdotn\",\"https:\\\/\\\/x.com\\\/webdo_tn\"],\"description\":\"Webdo est un m\u00e9dia num\u00e9rique tunisien fond\u00e9 en 2010, sp\u00e9cialis\u00e9 dans l\u2019actualit\u00e9 nationale et internationale, l\u2019\u00e9conomie, la soci\u00e9t\u00e9 et les analyses politiques. Le site s\u2019adresse \u00e0 un large public francophone et couvre l\u2019information tunisienne en temps r\u00e9el.\",\"email\":\"redac@webdo.tn\",\"legalName\":\"YNJ SARL\",\"foundingDate\":\"2010-09-06\",\"numberOfEmployees\":{\"@type\":\"QuantitativeValue\",\"minValue\":\"11\",\"maxValue\":\"50\"}},{\"@type\":\"Person\",\"@id\":\"https:\\\/\\\/www.webdo.tn\\\/fr\\\/#\\\/schema\\\/person\\\/9a9c6118d687c117df8ef3cc36a4d175\",\"name\":\"webdo.tn\",\"image\":{\"@type\":\"ImageObject\",\"inLanguage\":\"fr-FR\",\"@id\":\"https:\\\/\\\/secure.gravatar.com\\\/avatar\\\/7ce1f28c0c3bbac99ff550b85ef8e44a6950c6ee24514fb6a5489e51d06f0298?s=96&d=mm&r=g\",\"url\":\"https:\\\/\\\/secure.gravatar.com\\\/avatar\\\/7ce1f28c0c3bbac99ff550b85ef8e44a6950c6ee24514fb6a5489e51d06f0298?s=96&d=mm&r=g\",\"contentUrl\":\"https:\\\/\\\/secure.gravatar.com\\\/avatar\\\/7ce1f28c0c3bbac99ff550b85ef8e44a6950c6ee24514fb6a5489e51d06f0298?s=96&d=mm&r=g\",\"caption\":\"webdo.tn\"},\"url\":\"https:\\\/\\\/www.webdo.tn\\\/fr\\\/actualite\\\/author\\\/webdotn\\\/\"}]}<\/script>\n<!-- \/ Yoast SEO Premium plugin. -->","yoast_head_json":{"title":"Berlusconi attendu \u00e0 Lampedusa pour \u00e9vacuer les clandestins !","description":"Berlusconi attendu \u00e0 Lampedusa pour \u00e9vacuer les clandestins !","canonical":"https:\/\/www.webdo.tn\/fr\/actualite\/national\/berlusconi-attendu-a-lampedusa-pour-evacuer-les-clandestins\/172905\/","og_locale":"fr_FR","og_type":"article","og_title":"Berlusconi attendu \u00e0 Lampedusa pour \u00e9vacuer les clandestins !","og_description":"Berlusconi attendu \u00e0 Lampedusa pour \u00e9vacuer les clandestins !","og_url":"https:\/\/www.webdo.tn\/fr\/actualite\/national\/berlusconi-attendu-a-lampedusa-pour-evacuer-les-clandestins\/172905\/","og_site_name":"webdo","article_publisher":"https:\/\/www.facebook.com\/webdotn","article_published_time":"2011-03-30T13:51:00+00:00","og_image":[{"width":150,"height":150,"url":"https:\/\/www.webdo.tn\/fr\/wp-content\/uploads\/2011\/03\/lampedusa-150x150-1.jpg","type":"image\/jpeg"}],"author":"webdo.tn","twitter_card":"summary_large_image","twitter_creator":"@webdo_tn","twitter_site":"@webdo_tn","twitter_misc":{"\u00c9crit par":"webdo.tn","Dur\u00e9e de lecture estim\u00e9e":"1 minute"},"schema":{"@context":"https:\/\/schema.org","@graph":[{"@type":"NewsArticle","@id":"https:\/\/www.webdo.tn\/fr\/actualite\/national\/berlusconi-attendu-a-lampedusa-pour-evacuer-les-clandestins\/172905\/#article","isPartOf":{"@id":"https:\/\/www.webdo.tn\/fr\/actualite\/national\/berlusconi-attendu-a-lampedusa-pour-evacuer-les-clandestins\/172905\/"},"author":{"name":"webdo.tn","@id":"https:\/\/www.webdo.tn\/fr\/#\/schema\/person\/9a9c6118d687c117df8ef3cc36a4d175"},"headline":"Berlusconi attendu \u00e0 Lampedusa pour \u00e9vacuer les clandestins !","datePublished":"2011-03-30T13:51:00+00:00","mainEntityOfPage":{"@id":"https:\/\/www.webdo.tn\/fr\/actualite\/national\/berlusconi-attendu-a-lampedusa-pour-evacuer-les-clandestins\/172905\/"},"wordCount":275,"commentCount":0,"publisher":{"@id":"https:\/\/www.webdo.tn\/fr\/#organization"},"image":{"@id":"https:\/\/www.webdo.tn\/fr\/actualite\/national\/berlusconi-attendu-a-lampedusa-pour-evacuer-les-clandestins\/172905\/#primaryimage"},"thumbnailUrl":"https:\/\/www.webdo.tn\/fr\/wp-content\/uploads\/2011\/03\/lampedusa-150x150-1.jpg","articleSection":["National"],"inLanguage":"fr-FR"},{"@type":"WebPage","@id":"https:\/\/www.webdo.tn\/fr\/actualite\/national\/berlusconi-attendu-a-lampedusa-pour-evacuer-les-clandestins\/172905\/","url":"https:\/\/www.webdo.tn\/fr\/actualite\/national\/berlusconi-attendu-a-lampedusa-pour-evacuer-les-clandestins\/172905\/","name":"Berlusconi attendu \u00e0 Lampedusa pour \u00e9vacuer les clandestins !","isPartOf":{"@id":"https:\/\/www.webdo.tn\/fr\/#website"},"primaryImageOfPage":{"@id":"https:\/\/www.webdo.tn\/fr\/actualite\/national\/berlusconi-attendu-a-lampedusa-pour-evacuer-les-clandestins\/172905\/#primaryimage"},"image":{"@id":"https:\/\/www.webdo.tn\/fr\/actualite\/national\/berlusconi-attendu-a-lampedusa-pour-evacuer-les-clandestins\/172905\/#primaryimage"},"thumbnailUrl":"https:\/\/www.webdo.tn\/fr\/wp-content\/uploads\/2011\/03\/lampedusa-150x150-1.jpg","datePublished":"2011-03-30T13:51:00+00:00","description":"Berlusconi attendu \u00e0 Lampedusa pour \u00e9vacuer les clandestins !","breadcrumb":{"@id":"https:\/\/www.webdo.tn\/fr\/actualite\/national\/berlusconi-attendu-a-lampedusa-pour-evacuer-les-clandestins\/172905\/#breadcrumb"},"inLanguage":"fr-FR","potentialAction":[{"@type":"ReadAction","target":["https:\/\/www.webdo.tn\/fr\/actualite\/national\/berlusconi-attendu-a-lampedusa-pour-evacuer-les-clandestins\/172905\/"]}]},{"@type":"ImageObject","inLanguage":"fr-FR","@id":"https:\/\/www.webdo.tn\/fr\/actualite\/national\/berlusconi-attendu-a-lampedusa-pour-evacuer-les-clandestins\/172905\/#primaryimage","url":"https:\/\/www.webdo.tn\/fr\/wp-content\/uploads\/2011\/03\/lampedusa-150x150-1.jpg","contentUrl":"https:\/\/www.webdo.tn\/fr\/wp-content\/uploads\/2011\/03\/lampedusa-150x150-1.jpg","width":150,"height":150,"caption":"Berlusconi attendu \u00e0 Lampedusa pour \u00e9vacuer les clandestins !"},{"@type":"BreadcrumbList","@id":"https:\/\/www.webdo.tn\/fr\/actualite\/national\/berlusconi-attendu-a-lampedusa-pour-evacuer-les-clandestins\/172905\/#breadcrumb","itemListElement":[{"@type":"ListItem","position":1,"name":"Accueil","item":"https:\/\/www.webdo.tn\/fr\/"},{"@type":"ListItem","position":2,"name":"Berlusconi attendu \u00e0 Lampedusa pour \u00e9vacuer les clandestins !"}]},{"@type":"WebSite","@id":"https:\/\/www.webdo.tn\/fr\/#website","url":"https:\/\/www.webdo.tn\/fr\/","name":"webdo","description":"Tunisie - News en Tunisie et \u00e0 l&#039;international sur Webdo.tn","publisher":{"@id":"https:\/\/www.webdo.tn\/fr\/#organization"},"potentialAction":[{"@type":"SearchAction","target":{"@type":"EntryPoint","urlTemplate":"https:\/\/www.webdo.tn\/fr\/?s={search_term_string}"},"query-input":{"@type":"PropertyValueSpecification","valueRequired":true,"valueName":"search_term_string"}}],"inLanguage":"fr-FR"},{"@type":"Organization","@id":"https:\/\/www.webdo.tn\/fr\/#organization","name":"Webdo","alternateName":"Webdo.tn","url":"https:\/\/www.webdo.tn\/fr\/","logo":{"@type":"ImageObject","inLanguage":"fr-FR","@id":"https:\/\/www.webdo.tn\/fr\/#\/schema\/logo\/image\/","url":"https:\/\/www.webdo.tn\/fr\/wp-content\/uploads\/2025\/06\/Webdo-Tunisie_168377.jpg","contentUrl":"https:\/\/www.webdo.tn\/fr\/wp-content\/uploads\/2025\/06\/Webdo-Tunisie_168377.jpg","width":301,"height":301,"caption":"Webdo"},"image":{"@id":"https:\/\/www.webdo.tn\/fr\/#\/schema\/logo\/image\/"},"sameAs":["https:\/\/www.facebook.com\/webdotn","https:\/\/x.com\/webdo_tn"],"description":"Webdo est un m\u00e9dia num\u00e9rique tunisien fond\u00e9 en 2010, sp\u00e9cialis\u00e9 dans l\u2019actualit\u00e9 nationale et internationale, l\u2019\u00e9conomie, la soci\u00e9t\u00e9 et les analyses politiques. Le site s\u2019adresse \u00e0 un large public francophone et couvre l\u2019information tunisienne en temps r\u00e9el.","email":"redac@webdo.tn","legalName":"YNJ SARL","foundingDate":"2010-09-06","numberOfEmployees":{"@type":"QuantitativeValue","minValue":"11","maxValue":"50"}},{"@type":"Person","@id":"https:\/\/www.webdo.tn\/fr\/#\/schema\/person\/9a9c6118d687c117df8ef3cc36a4d175","name":"webdo.tn","image":{"@type":"ImageObject","inLanguage":"fr-FR","@id":"https:\/\/secure.gravatar.com\/avatar\/7ce1f28c0c3bbac99ff550b85ef8e44a6950c6ee24514fb6a5489e51d06f0298?s=96&d=mm&r=g","url":"https:\/\/secure.gravatar.com\/avatar\/7ce1f28c0c3bbac99ff550b85ef8e44a6950c6ee24514fb6a5489e51d06f0298?s=96&d=mm&r=g","contentUrl":"https:\/\/secure.gravatar.com\/avatar\/7ce1f28c0c3bbac99ff550b85ef8e44a6950c6ee24514fb6a5489e51d06f0298?s=96&d=mm&r=g","caption":"webdo.tn"},"url":"https:\/\/www.webdo.tn\/fr\/actualite\/author\/webdotn\/"}]}},"_links":{"self":[{"href":"https:\/\/www.webdo.tn\/fr\/wp-json\/wp\/v2\/posts\/172905","targetHints":{"allow":["GET"]}}],"collection":[{"href":"https:\/\/www.webdo.tn\/fr\/wp-json\/wp\/v2\/posts"}],"about":[{"href":"https:\/\/www.webdo.tn\/fr\/wp-json\/wp\/v2\/types\/post"}],"author":[{"embeddable":true,"href":"https:\/\/www.webdo.tn\/fr\/wp-json\/wp\/v2\/users\/3222"}],"replies":[{"embeddable":true,"href":"https:\/\/www.webdo.tn\/fr\/wp-json\/wp\/v2\/comments?post=172905"}],"version-history":[{"count":0,"href":"https:\/\/www.webdo.tn\/fr\/wp-json\/wp\/v2\/posts\/172905\/revisions"}],"wp:featuredmedia":[{"embeddable":true,"href":"https:\/\/www.webdo.tn\/fr\/wp-json\/wp\/v2\/media\/365507"}],"wp:attachment":[{"href":"https:\/\/www.webdo.tn\/fr\/wp-json\/wp\/v2\/media?parent=172905"}],"wp:term":[{"taxonomy":"category","embeddable":true,"href":"https:\/\/www.webdo.tn\/fr\/wp-json\/wp\/v2\/categories?post=172905"},{"taxonomy":"post_tag","embeddable":true,"href":"https:\/\/www.webdo.tn\/fr\/wp-json\/wp\/v2\/tags?post=172905"}],"curies":[{"name":"wp","href":"https:\/\/api.w.org\/{rel}","templated":true}]}}