{"id":172903,"date":"2011-03-30T16:25:00","date_gmt":"2011-03-30T16:25:00","guid":{"rendered":"https:\/\/www.webdo.tn\/fr\/actualite\/blog\/dejeuner-de-caid-essebsi-avec-les-medias-je-ne-suis-pas-paye-37-mille-dinars\/172903\/"},"modified":"2011-03-30T16:25:00","modified_gmt":"2011-03-30T16:25:00","slug":"dejeuner-de-caid-essebsi-avec-les-medias-je-ne-suis-pas-paye-37-mille-dinars","status":"publish","type":"post","link":"https:\/\/www.webdo.tn\/fr\/actualite\/national\/dejeuner-de-caid-essebsi-avec-les-medias-je-ne-suis-pas-paye-37-mille-dinars\/172903\/","title":{"rendered":"D\u00e9jeuner de Ca\u00efd Essebsi avec les m\u00e9dias\u00a0:\u00a0\u00ab je ne suis pas pay\u00e9 37 mille dinars \u00bb"},"content":{"rendered":"<p>Le Premier ministre de transition, B\u00e9ji Caid Essebsi, a rencontr\u00e9 les directeurs et responsables des diff\u00e9rents m\u00e9dias tunisiens lors d&rsquo;un d\u00e9jeuner dans un restaurant connu \u00e0 El Kasbah.<\/p>\n<p>Ca\u00efd Essebsi a r\u00e9it\u00e9r\u00e9 son soutien \u00e0 une presse libre et ind\u00e9pendante. Il a aussi insist\u00e9 sur les r\u00e8gles de d\u00e9ontologie qu&rsquo;exige une presse libre et responsable. <\/p>\n<p>Le Premier ministre provisoire a pris l&rsquo;exemple d&rsquo;un quotidien de la place qui a publi\u00e9 des informations selon lesquelles Mohamed Ghannouchi touchait, lorsqu&rsquo;il \u00e9tait Chef  du Gouvernement, 30 mille dinars, \u00ab alors que, moi,\u00a0je gagne actuellement 7 mille dinars de plus que lui\u00a0\u00bb, ironise Ca\u00efd Essebsi.<\/p>\n<p>Il rappelle toutefois que les ministres sont pay\u00e9s entre 3 et 6 mille dinars par mois et que ces salaires sont les plus bas au monde pour\u00a0des hauts commis de l\u2019\u00c9tat !<\/p>\n","protected":false},"excerpt":{"rendered":"<p>D\u00e9jeuner de Ca\u00efd Essebsi avec les m\u00e9dias\u00a0:\u00a0\u00ab je ne suis pas pay\u00e9 37 mille dinars \u00bb<\/p>\n","protected":false},"author":3222,"featured_media":376290,"comment_status":"open","ping_status":"closed","sticky":false,"template":"","format":"standard","meta":{"footnotes":""},"categories":[44],"tags":[],"class_list":["post-172903","post","type-post","status-publish","format-standard","has-post-thumbnail","hentry","category-national"],"yoast_head":"<!-- This site is optimized with the Yoast SEO Premium plugin v27.4 (Yoast SEO v27.4) - https:\/\/yoast.com\/product\/yoast-seo-premium-wordpress\/ -->\n<title>D\u00e9jeuner de Ca\u00efd Essebsi avec les m\u00e9dias\u00a0:\u00a0\u00ab je ne suis pas pay\u00e9 37 mille dinars \u00bb<\/title>\n<meta name=\"description\" content=\"D\u00e9jeuner de Ca\u00efd Essebsi avec les m\u00e9dias\u00a0:\u00a0\u00ab je ne suis pas pay\u00e9 37 mille dinars \u00bb\" \/>\n<link rel=\"canonical\" href=\"https:\/\/www.webdo.tn\/fr\/actualite\/national\/dejeuner-de-caid-essebsi-avec-les-medias-je-ne-suis-pas-paye-37-mille-dinars\/172903\/\" \/>\n<meta property=\"og:locale\" content=\"fr_FR\" \/>\n<meta property=\"og:type\" content=\"article\" \/>\n<meta property=\"og:title\" content=\"D\u00e9jeuner de Ca\u00efd Essebsi avec les m\u00e9dias\u00a0:\u00a0\u00ab je ne suis pas pay\u00e9 37 mille dinars \u00bb\" \/>\n<meta property=\"og:description\" content=\"D\u00e9jeuner de Ca\u00efd Essebsi avec les m\u00e9dias\u00a0:\u00a0\u00ab je ne suis pas pay\u00e9 37 mille dinars \u00bb\" \/>\n<meta property=\"og:url\" content=\"https:\/\/www.webdo.tn\/fr\/actualite\/national\/dejeuner-de-caid-essebsi-avec-les-medias-je-ne-suis-pas-paye-37-mille-dinars\/172903\/\" \/>\n<meta property=\"og:site_name\" content=\"webdo\" \/>\n<meta property=\"article:publisher\" content=\"https:\/\/www.facebook.com\/webdotn\" \/>\n<meta property=\"article:published_time\" content=\"2011-03-30T16:25:00+00:00\" \/>\n<meta name=\"author\" content=\"webdo.tn\" \/>\n<meta name=\"twitter:card\" content=\"summary_large_image\" \/>\n<meta name=\"twitter:creator\" content=\"@webdo_tn\" \/>\n<meta name=\"twitter:site\" content=\"@webdo_tn\" \/>\n<meta name=\"twitter:label1\" content=\"\u00c9crit par\" \/>\n\t<meta name=\"twitter:data1\" content=\"webdo.tn\" \/>\n\t<meta name=\"twitter:label2\" content=\"Dur\u00e9e de lecture estim\u00e9e\" \/>\n\t<meta name=\"twitter:data2\" content=\"1 minute\" \/>\n<script type=\"application\/ld+json\" class=\"yoast-schema-graph\">{\"@context\":\"https:\\\/\\\/schema.org\",\"@graph\":[{\"@type\":\"NewsArticle\",\"@id\":\"https:\\\/\\\/www.webdo.tn\\\/fr\\\/actualite\\\/national\\\/dejeuner-de-caid-essebsi-avec-les-medias-je-ne-suis-pas-paye-37-mille-dinars\\\/172903\\\/#article\",\"isPartOf\":{\"@id\":\"https:\\\/\\\/www.webdo.tn\\\/fr\\\/actualite\\\/national\\\/dejeuner-de-caid-essebsi-avec-les-medias-je-ne-suis-pas-paye-37-mille-dinars\\\/172903\\\/\"},\"author\":{\"name\":\"webdo.tn\",\"@id\":\"https:\\\/\\\/www.webdo.tn\\\/fr\\\/#\\\/schema\\\/person\\\/9a9c6118d687c117df8ef3cc36a4d175\"},\"headline\":\"D\u00e9jeuner de Ca\u00efd Essebsi avec les m\u00e9dias\u00a0:\u00a0\u00ab je ne suis pas pay\u00e9 37 mille dinars \u00bb\",\"datePublished\":\"2011-03-30T16:25:00+00:00\",\"mainEntityOfPage\":{\"@id\":\"https:\\\/\\\/www.webdo.tn\\\/fr\\\/actualite\\\/national\\\/dejeuner-de-caid-essebsi-avec-les-medias-je-ne-suis-pas-paye-37-mille-dinars\\\/172903\\\/\"},\"wordCount\":162,\"commentCount\":0,\"publisher\":{\"@id\":\"https:\\\/\\\/www.webdo.tn\\\/fr\\\/#organization\"},\"image\":{\"@id\":\"https:\\\/\\\/www.webdo.tn\\\/fr\\\/actualite\\\/national\\\/dejeuner-de-caid-essebsi-avec-les-medias-je-ne-suis-pas-paye-37-mille-dinars\\\/172903\\\/#primaryimage\"},\"thumbnailUrl\":\"https:\\\/\\\/www.webdo.tn\\\/fr\\\/wp-content\\\/uploads\\\/2025\\\/06\\\/FireShot-Capture-1063-webdo_default-53-750x375.jpg-750\u00d7375-www.webdo_.tn_.png\",\"articleSection\":[\"National\"],\"inLanguage\":\"fr-FR\"},{\"@type\":\"WebPage\",\"@id\":\"https:\\\/\\\/www.webdo.tn\\\/fr\\\/actualite\\\/national\\\/dejeuner-de-caid-essebsi-avec-les-medias-je-ne-suis-pas-paye-37-mille-dinars\\\/172903\\\/\",\"url\":\"https:\\\/\\\/www.webdo.tn\\\/fr\\\/actualite\\\/national\\\/dejeuner-de-caid-essebsi-avec-les-medias-je-ne-suis-pas-paye-37-mille-dinars\\\/172903\\\/\",\"name\":\"D\u00e9jeuner de Ca\u00efd Essebsi avec les m\u00e9dias\u00a0:\u00a0\u00ab je ne suis pas pay\u00e9 37 mille dinars \u00bb\",\"isPartOf\":{\"@id\":\"https:\\\/\\\/www.webdo.tn\\\/fr\\\/#website\"},\"primaryImageOfPage\":{\"@id\":\"https:\\\/\\\/www.webdo.tn\\\/fr\\\/actualite\\\/national\\\/dejeuner-de-caid-essebsi-avec-les-medias-je-ne-suis-pas-paye-37-mille-dinars\\\/172903\\\/#primaryimage\"},\"image\":{\"@id\":\"https:\\\/\\\/www.webdo.tn\\\/fr\\\/actualite\\\/national\\\/dejeuner-de-caid-essebsi-avec-les-medias-je-ne-suis-pas-paye-37-mille-dinars\\\/172903\\\/#primaryimage\"},\"thumbnailUrl\":\"https:\\\/\\\/www.webdo.tn\\\/fr\\\/wp-content\\\/uploads\\\/2025\\\/06\\\/FireShot-Capture-1063-webdo_default-53-750x375.jpg-750\u00d7375-www.webdo_.tn_.png\",\"datePublished\":\"2011-03-30T16:25:00+00:00\",\"description\":\"D\u00e9jeuner de Ca\u00efd Essebsi avec les m\u00e9dias\u00a0:\u00a0\u00ab je ne suis pas pay\u00e9 37 mille dinars \u00bb\",\"breadcrumb\":{\"@id\":\"https:\\\/\\\/www.webdo.tn\\\/fr\\\/actualite\\\/national\\\/dejeuner-de-caid-essebsi-avec-les-medias-je-ne-suis-pas-paye-37-mille-dinars\\\/172903\\\/#breadcrumb\"},\"inLanguage\":\"fr-FR\",\"potentialAction\":[{\"@type\":\"ReadAction\",\"target\":[\"https:\\\/\\\/www.webdo.tn\\\/fr\\\/actualite\\\/national\\\/dejeuner-de-caid-essebsi-avec-les-medias-je-ne-suis-pas-paye-37-mille-dinars\\\/172903\\\/\"]}]},{\"@type\":\"ImageObject\",\"inLanguage\":\"fr-FR\",\"@id\":\"https:\\\/\\\/www.webdo.tn\\\/fr\\\/actualite\\\/national\\\/dejeuner-de-caid-essebsi-avec-les-medias-je-ne-suis-pas-paye-37-mille-dinars\\\/172903\\\/#primaryimage\",\"url\":\"https:\\\/\\\/www.webdo.tn\\\/fr\\\/wp-content\\\/uploads\\\/2025\\\/06\\\/FireShot-Capture-1063-webdo_default-53-750x375.jpg-750\u00d7375-www.webdo_.tn_.png\",\"contentUrl\":\"https:\\\/\\\/www.webdo.tn\\\/fr\\\/wp-content\\\/uploads\\\/2025\\\/06\\\/FireShot-Capture-1063-webdo_default-53-750x375.jpg-750\u00d7375-www.webdo_.tn_.png\",\"width\":746,\"height\":371},{\"@type\":\"BreadcrumbList\",\"@id\":\"https:\\\/\\\/www.webdo.tn\\\/fr\\\/actualite\\\/national\\\/dejeuner-de-caid-essebsi-avec-les-medias-je-ne-suis-pas-paye-37-mille-dinars\\\/172903\\\/#breadcrumb\",\"itemListElement\":[{\"@type\":\"ListItem\",\"position\":1,\"name\":\"Accueil\",\"item\":\"https:\\\/\\\/www.webdo.tn\\\/fr\\\/\"},{\"@type\":\"ListItem\",\"position\":2,\"name\":\"D\u00e9jeuner de Ca\u00efd Essebsi avec les m\u00e9dias\u00a0:\u00a0\u00ab je ne suis pas pay\u00e9 37 mille dinars \u00bb\"}]},{\"@type\":\"WebSite\",\"@id\":\"https:\\\/\\\/www.webdo.tn\\\/fr\\\/#website\",\"url\":\"https:\\\/\\\/www.webdo.tn\\\/fr\\\/\",\"name\":\"webdo\",\"description\":\"Tunisie - News en Tunisie et \u00e0 l&#039;international sur Webdo.tn\",\"publisher\":{\"@id\":\"https:\\\/\\\/www.webdo.tn\\\/fr\\\/#organization\"},\"potentialAction\":[{\"@type\":\"SearchAction\",\"target\":{\"@type\":\"EntryPoint\",\"urlTemplate\":\"https:\\\/\\\/www.webdo.tn\\\/fr\\\/?s={search_term_string}\"},\"query-input\":{\"@type\":\"PropertyValueSpecification\",\"valueRequired\":true,\"valueName\":\"search_term_string\"}}],\"inLanguage\":\"fr-FR\"},{\"@type\":\"Organization\",\"@id\":\"https:\\\/\\\/www.webdo.tn\\\/fr\\\/#organization\",\"name\":\"Webdo\",\"alternateName\":\"Webdo.tn\",\"url\":\"https:\\\/\\\/www.webdo.tn\\\/fr\\\/\",\"logo\":{\"@type\":\"ImageObject\",\"inLanguage\":\"fr-FR\",\"@id\":\"https:\\\/\\\/www.webdo.tn\\\/fr\\\/#\\\/schema\\\/logo\\\/image\\\/\",\"url\":\"https:\\\/\\\/www.webdo.tn\\\/fr\\\/wp-content\\\/uploads\\\/2025\\\/06\\\/Webdo-Tunisie_168377.jpg\",\"contentUrl\":\"https:\\\/\\\/www.webdo.tn\\\/fr\\\/wp-content\\\/uploads\\\/2025\\\/06\\\/Webdo-Tunisie_168377.jpg\",\"width\":301,\"height\":301,\"caption\":\"Webdo\"},\"image\":{\"@id\":\"https:\\\/\\\/www.webdo.tn\\\/fr\\\/#\\\/schema\\\/logo\\\/image\\\/\"},\"sameAs\":[\"https:\\\/\\\/www.facebook.com\\\/webdotn\",\"https:\\\/\\\/x.com\\\/webdo_tn\"],\"description\":\"Webdo est un m\u00e9dia num\u00e9rique tunisien fond\u00e9 en 2010, sp\u00e9cialis\u00e9 dans l\u2019actualit\u00e9 nationale et internationale, l\u2019\u00e9conomie, la soci\u00e9t\u00e9 et les analyses politiques. Le site s\u2019adresse \u00e0 un large public francophone et couvre l\u2019information tunisienne en temps r\u00e9el.\",\"email\":\"redac@webdo.tn\",\"legalName\":\"YNJ SARL\",\"foundingDate\":\"2010-09-06\",\"numberOfEmployees\":{\"@type\":\"QuantitativeValue\",\"minValue\":\"11\",\"maxValue\":\"50\"}},{\"@type\":\"Person\",\"@id\":\"https:\\\/\\\/www.webdo.tn\\\/fr\\\/#\\\/schema\\\/person\\\/9a9c6118d687c117df8ef3cc36a4d175\",\"name\":\"webdo.tn\",\"image\":{\"@type\":\"ImageObject\",\"inLanguage\":\"fr-FR\",\"@id\":\"https:\\\/\\\/secure.gravatar.com\\\/avatar\\\/7ce1f28c0c3bbac99ff550b85ef8e44a6950c6ee24514fb6a5489e51d06f0298?s=96&d=mm&r=g\",\"url\":\"https:\\\/\\\/secure.gravatar.com\\\/avatar\\\/7ce1f28c0c3bbac99ff550b85ef8e44a6950c6ee24514fb6a5489e51d06f0298?s=96&d=mm&r=g\",\"contentUrl\":\"https:\\\/\\\/secure.gravatar.com\\\/avatar\\\/7ce1f28c0c3bbac99ff550b85ef8e44a6950c6ee24514fb6a5489e51d06f0298?s=96&d=mm&r=g\",\"caption\":\"webdo.tn\"},\"url\":\"https:\\\/\\\/www.webdo.tn\\\/fr\\\/actualite\\\/author\\\/webdotn\\\/\"}]}<\/script>\n<!-- \/ Yoast SEO Premium plugin. -->","yoast_head_json":{"title":"D\u00e9jeuner de Ca\u00efd Essebsi avec les m\u00e9dias\u00a0:\u00a0\u00ab je ne suis pas pay\u00e9 37 mille dinars \u00bb","description":"D\u00e9jeuner de Ca\u00efd Essebsi avec les m\u00e9dias\u00a0:\u00a0\u00ab je ne suis pas pay\u00e9 37 mille dinars \u00bb","canonical":"https:\/\/www.webdo.tn\/fr\/actualite\/national\/dejeuner-de-caid-essebsi-avec-les-medias-je-ne-suis-pas-paye-37-mille-dinars\/172903\/","og_locale":"fr_FR","og_type":"article","og_title":"D\u00e9jeuner de Ca\u00efd Essebsi avec les m\u00e9dias\u00a0:\u00a0\u00ab je ne suis pas pay\u00e9 37 mille dinars \u00bb","og_description":"D\u00e9jeuner de Ca\u00efd Essebsi avec les m\u00e9dias\u00a0:\u00a0\u00ab je ne suis pas pay\u00e9 37 mille dinars \u00bb","og_url":"https:\/\/www.webdo.tn\/fr\/actualite\/national\/dejeuner-de-caid-essebsi-avec-les-medias-je-ne-suis-pas-paye-37-mille-dinars\/172903\/","og_site_name":"webdo","article_publisher":"https:\/\/www.facebook.com\/webdotn","article_published_time":"2011-03-30T16:25:00+00:00","author":"webdo.tn","twitter_card":"summary_large_image","twitter_creator":"@webdo_tn","twitter_site":"@webdo_tn","twitter_misc":{"\u00c9crit par":"webdo.tn","Dur\u00e9e de lecture estim\u00e9e":"1 minute"},"schema":{"@context":"https:\/\/schema.org","@graph":[{"@type":"NewsArticle","@id":"https:\/\/www.webdo.tn\/fr\/actualite\/national\/dejeuner-de-caid-essebsi-avec-les-medias-je-ne-suis-pas-paye-37-mille-dinars\/172903\/#article","isPartOf":{"@id":"https:\/\/www.webdo.tn\/fr\/actualite\/national\/dejeuner-de-caid-essebsi-avec-les-medias-je-ne-suis-pas-paye-37-mille-dinars\/172903\/"},"author":{"name":"webdo.tn","@id":"https:\/\/www.webdo.tn\/fr\/#\/schema\/person\/9a9c6118d687c117df8ef3cc36a4d175"},"headline":"D\u00e9jeuner de Ca\u00efd Essebsi avec les m\u00e9dias\u00a0:\u00a0\u00ab je ne suis pas pay\u00e9 37 mille dinars \u00bb","datePublished":"2011-03-30T16:25:00+00:00","mainEntityOfPage":{"@id":"https:\/\/www.webdo.tn\/fr\/actualite\/national\/dejeuner-de-caid-essebsi-avec-les-medias-je-ne-suis-pas-paye-37-mille-dinars\/172903\/"},"wordCount":162,"commentCount":0,"publisher":{"@id":"https:\/\/www.webdo.tn\/fr\/#organization"},"image":{"@id":"https:\/\/www.webdo.tn\/fr\/actualite\/national\/dejeuner-de-caid-essebsi-avec-les-medias-je-ne-suis-pas-paye-37-mille-dinars\/172903\/#primaryimage"},"thumbnailUrl":"https:\/\/www.webdo.tn\/fr\/wp-content\/uploads\/2025\/06\/FireShot-Capture-1063-webdo_default-53-750x375.jpg-750\u00d7375-www.webdo_.tn_.png","articleSection":["National"],"inLanguage":"fr-FR"},{"@type":"WebPage","@id":"https:\/\/www.webdo.tn\/fr\/actualite\/national\/dejeuner-de-caid-essebsi-avec-les-medias-je-ne-suis-pas-paye-37-mille-dinars\/172903\/","url":"https:\/\/www.webdo.tn\/fr\/actualite\/national\/dejeuner-de-caid-essebsi-avec-les-medias-je-ne-suis-pas-paye-37-mille-dinars\/172903\/","name":"D\u00e9jeuner de Ca\u00efd Essebsi avec les m\u00e9dias\u00a0:\u00a0\u00ab je ne suis pas pay\u00e9 37 mille dinars \u00bb","isPartOf":{"@id":"https:\/\/www.webdo.tn\/fr\/#website"},"primaryImageOfPage":{"@id":"https:\/\/www.webdo.tn\/fr\/actualite\/national\/dejeuner-de-caid-essebsi-avec-les-medias-je-ne-suis-pas-paye-37-mille-dinars\/172903\/#primaryimage"},"image":{"@id":"https:\/\/www.webdo.tn\/fr\/actualite\/national\/dejeuner-de-caid-essebsi-avec-les-medias-je-ne-suis-pas-paye-37-mille-dinars\/172903\/#primaryimage"},"thumbnailUrl":"https:\/\/www.webdo.tn\/fr\/wp-content\/uploads\/2025\/06\/FireShot-Capture-1063-webdo_default-53-750x375.jpg-750\u00d7375-www.webdo_.tn_.png","datePublished":"2011-03-30T16:25:00+00:00","description":"D\u00e9jeuner de Ca\u00efd Essebsi avec les m\u00e9dias\u00a0:\u00a0\u00ab je ne suis pas pay\u00e9 37 mille dinars \u00bb","breadcrumb":{"@id":"https:\/\/www.webdo.tn\/fr\/actualite\/national\/dejeuner-de-caid-essebsi-avec-les-medias-je-ne-suis-pas-paye-37-mille-dinars\/172903\/#breadcrumb"},"inLanguage":"fr-FR","potentialAction":[{"@type":"ReadAction","target":["https:\/\/www.webdo.tn\/fr\/actualite\/national\/dejeuner-de-caid-essebsi-avec-les-medias-je-ne-suis-pas-paye-37-mille-dinars\/172903\/"]}]},{"@type":"ImageObject","inLanguage":"fr-FR","@id":"https:\/\/www.webdo.tn\/fr\/actualite\/national\/dejeuner-de-caid-essebsi-avec-les-medias-je-ne-suis-pas-paye-37-mille-dinars\/172903\/#primaryimage","url":"https:\/\/www.webdo.tn\/fr\/wp-content\/uploads\/2025\/06\/FireShot-Capture-1063-webdo_default-53-750x375.jpg-750\u00d7375-www.webdo_.tn_.png","contentUrl":"https:\/\/www.webdo.tn\/fr\/wp-content\/uploads\/2025\/06\/FireShot-Capture-1063-webdo_default-53-750x375.jpg-750\u00d7375-www.webdo_.tn_.png","width":746,"height":371},{"@type":"BreadcrumbList","@id":"https:\/\/www.webdo.tn\/fr\/actualite\/national\/dejeuner-de-caid-essebsi-avec-les-medias-je-ne-suis-pas-paye-37-mille-dinars\/172903\/#breadcrumb","itemListElement":[{"@type":"ListItem","position":1,"name":"Accueil","item":"https:\/\/www.webdo.tn\/fr\/"},{"@type":"ListItem","position":2,"name":"D\u00e9jeuner de Ca\u00efd Essebsi avec les m\u00e9dias\u00a0:\u00a0\u00ab je ne suis pas pay\u00e9 37 mille dinars \u00bb"}]},{"@type":"WebSite","@id":"https:\/\/www.webdo.tn\/fr\/#website","url":"https:\/\/www.webdo.tn\/fr\/","name":"webdo","description":"Tunisie - News en Tunisie et \u00e0 l&#039;international sur Webdo.tn","publisher":{"@id":"https:\/\/www.webdo.tn\/fr\/#organization"},"potentialAction":[{"@type":"SearchAction","target":{"@type":"EntryPoint","urlTemplate":"https:\/\/www.webdo.tn\/fr\/?s={search_term_string}"},"query-input":{"@type":"PropertyValueSpecification","valueRequired":true,"valueName":"search_term_string"}}],"inLanguage":"fr-FR"},{"@type":"Organization","@id":"https:\/\/www.webdo.tn\/fr\/#organization","name":"Webdo","alternateName":"Webdo.tn","url":"https:\/\/www.webdo.tn\/fr\/","logo":{"@type":"ImageObject","inLanguage":"fr-FR","@id":"https:\/\/www.webdo.tn\/fr\/#\/schema\/logo\/image\/","url":"https:\/\/www.webdo.tn\/fr\/wp-content\/uploads\/2025\/06\/Webdo-Tunisie_168377.jpg","contentUrl":"https:\/\/www.webdo.tn\/fr\/wp-content\/uploads\/2025\/06\/Webdo-Tunisie_168377.jpg","width":301,"height":301,"caption":"Webdo"},"image":{"@id":"https:\/\/www.webdo.tn\/fr\/#\/schema\/logo\/image\/"},"sameAs":["https:\/\/www.facebook.com\/webdotn","https:\/\/x.com\/webdo_tn"],"description":"Webdo est un m\u00e9dia num\u00e9rique tunisien fond\u00e9 en 2010, sp\u00e9cialis\u00e9 dans l\u2019actualit\u00e9 nationale et internationale, l\u2019\u00e9conomie, la soci\u00e9t\u00e9 et les analyses politiques. Le site s\u2019adresse \u00e0 un large public francophone et couvre l\u2019information tunisienne en temps r\u00e9el.","email":"redac@webdo.tn","legalName":"YNJ SARL","foundingDate":"2010-09-06","numberOfEmployees":{"@type":"QuantitativeValue","minValue":"11","maxValue":"50"}},{"@type":"Person","@id":"https:\/\/www.webdo.tn\/fr\/#\/schema\/person\/9a9c6118d687c117df8ef3cc36a4d175","name":"webdo.tn","image":{"@type":"ImageObject","inLanguage":"fr-FR","@id":"https:\/\/secure.gravatar.com\/avatar\/7ce1f28c0c3bbac99ff550b85ef8e44a6950c6ee24514fb6a5489e51d06f0298?s=96&d=mm&r=g","url":"https:\/\/secure.gravatar.com\/avatar\/7ce1f28c0c3bbac99ff550b85ef8e44a6950c6ee24514fb6a5489e51d06f0298?s=96&d=mm&r=g","contentUrl":"https:\/\/secure.gravatar.com\/avatar\/7ce1f28c0c3bbac99ff550b85ef8e44a6950c6ee24514fb6a5489e51d06f0298?s=96&d=mm&r=g","caption":"webdo.tn"},"url":"https:\/\/www.webdo.tn\/fr\/actualite\/author\/webdotn\/"}]}},"_links":{"self":[{"href":"https:\/\/www.webdo.tn\/fr\/wp-json\/wp\/v2\/posts\/172903","targetHints":{"allow":["GET"]}}],"collection":[{"href":"https:\/\/www.webdo.tn\/fr\/wp-json\/wp\/v2\/posts"}],"about":[{"href":"https:\/\/www.webdo.tn\/fr\/wp-json\/wp\/v2\/types\/post"}],"author":[{"embeddable":true,"href":"https:\/\/www.webdo.tn\/fr\/wp-json\/wp\/v2\/users\/3222"}],"replies":[{"embeddable":true,"href":"https:\/\/www.webdo.tn\/fr\/wp-json\/wp\/v2\/comments?post=172903"}],"version-history":[{"count":0,"href":"https:\/\/www.webdo.tn\/fr\/wp-json\/wp\/v2\/posts\/172903\/revisions"}],"wp:featuredmedia":[{"embeddable":true,"href":"https:\/\/www.webdo.tn\/fr\/wp-json\/wp\/v2\/media\/376290"}],"wp:attachment":[{"href":"https:\/\/www.webdo.tn\/fr\/wp-json\/wp\/v2\/media?parent=172903"}],"wp:term":[{"taxonomy":"category","embeddable":true,"href":"https:\/\/www.webdo.tn\/fr\/wp-json\/wp\/v2\/categories?post=172903"},{"taxonomy":"post_tag","embeddable":true,"href":"https:\/\/www.webdo.tn\/fr\/wp-json\/wp\/v2\/tags?post=172903"}],"curies":[{"name":"wp","href":"https:\/\/api.w.org\/{rel}","templated":true}]}}