{"id":172878,"date":"2011-04-13T09:44:00","date_gmt":"2011-04-13T09:44:00","guid":{"rendered":"https:\/\/www.webdo.tn\/fr\/actualite\/blog\/moubarak-en-detention-et-ben-ali-aux-oubliettes\/172878\/"},"modified":"2011-04-13T09:44:00","modified_gmt":"2011-04-13T09:44:00","slug":"moubarak-en-detention-et-ben-ali-aux-oubliettes","status":"publish","type":"post","link":"https:\/\/www.webdo.tn\/fr\/actualite\/national\/moubarak-en-detention-et-ben-ali-aux-oubliettes\/172878\/","title":{"rendered":"Moubarak en d\u00e9tention et Ben Ali aux oubliettes !"},"content":{"rendered":"<p>Les g\u00e9n\u00e9raux \u00e9gyptiens aux commandes du pays depuis la r\u00e9volution du Nil, sous pression de la rue, ont finalement confront\u00e9 l&rsquo;ex-chef d&rsquo;Etat \u00e9gyptien Moubarak \u00e0 la justice.<\/p>\n<p>Aujourd&rsquo;hui, le porte-parole du procureur g\u00e9n\u00e9ral, dans un communiqu\u00e9 mis en ligne sur la page Facebook du parquet, a annonc\u00e9 que Hosni Moubarak ainsi que ses deux fils Alaa et Gamal, ont \u00e9t\u00e9 plac\u00e9s en d\u00e9tention provisoire pour 15 jours dans le cadre de l&rsquo;enqu\u00eate sur l&rsquo;usage de la violence contre des manifestants.<\/p>\n<p>M\u00eame si Moubarak doit \u00eatre interrog\u00e9 \u00e0 l&rsquo;h\u00f4pital de Charm el-Cheikh o\u00f9 il a \u00e9t\u00e9 intern\u00e9 la veille suite \u00e0 une alerte cardiaque, le peuple \u00e9gyptien aura droit \u00e0 une vraie phase judiciaire.<\/p>\n<p>Pendant ce temps, en Tunisie et malgr\u00e9 la pression de la rue, nos dirigeants de transition font toujours la sourde oreille alors que notre ex-pr\u00e9sident fuyard et meurtrier se fait chouchouter dans un palais en Arabie Saoudite. Pour nous faire taire, tout ce qu\u2019ils ont trouv\u00e9 est d\u2019envoyer une demande d&rsquo;extradition, qui est d\u2019ailleurs toujours sans r\u00e9ponse.<\/p>\n<p>Et \u00e0 chaque nouveau soul\u00e8vement de nos rues, nos supers dirigeants de transition nous \u00ab livrent en p\u00e2ture \u00bb un fr\u00e8re ou un membre de la famille de Ben Ali.<\/p>\n<p>R\u00e9veillez-vous Messieurs les dirigeants! Car, hier, le pr\u00e9sident de la commission nationale d\u2019investigation sur les violations et les abus commis au cours des derniers \u00e9v\u00e8nements, Taoufik Bouderbala, a r\u00e9v\u00e9l\u00e9 que Ben Ali avait donn\u00e9 l&rsquo;ordre, lors des protestations qui avaient \u00e9clat\u00e9 \u00e0 Kasserine, de l\u00e2cher des bombes sur la ville!<\/p>\n","protected":false},"excerpt":{"rendered":"<p>Moubarak en d\u00e9tention et Ben Ali aux oubliettes ! <\/p>\n","protected":false},"author":3222,"featured_media":365463,"comment_status":"open","ping_status":"closed","sticky":false,"template":"","format":"standard","meta":{"footnotes":""},"categories":[44],"tags":[],"class_list":["post-172878","post","type-post","status-publish","format-standard","has-post-thumbnail","hentry","category-national"],"yoast_head":"<!-- This site is optimized with the Yoast SEO Premium plugin v27.4 (Yoast SEO v27.4) - https:\/\/yoast.com\/product\/yoast-seo-premium-wordpress\/ -->\n<title>Moubarak en d\u00e9tention et Ben Ali aux oubliettes !<\/title>\n<meta name=\"description\" content=\"Moubarak en d\u00e9tention et Ben Ali aux oubliettes !\" \/>\n<link rel=\"canonical\" href=\"https:\/\/www.webdo.tn\/fr\/actualite\/national\/moubarak-en-detention-et-ben-ali-aux-oubliettes\/172878\/\" \/>\n<meta property=\"og:locale\" content=\"fr_FR\" \/>\n<meta property=\"og:type\" content=\"article\" \/>\n<meta property=\"og:title\" content=\"Moubarak en d\u00e9tention et Ben Ali aux oubliettes !\" \/>\n<meta property=\"og:description\" content=\"Moubarak en d\u00e9tention et Ben Ali aux oubliettes !\" \/>\n<meta property=\"og:url\" content=\"https:\/\/www.webdo.tn\/fr\/actualite\/national\/moubarak-en-detention-et-ben-ali-aux-oubliettes\/172878\/\" \/>\n<meta property=\"og:site_name\" content=\"webdo\" \/>\n<meta property=\"article:publisher\" content=\"https:\/\/www.facebook.com\/webdotn\" \/>\n<meta property=\"article:published_time\" content=\"2011-04-13T09:44:00+00:00\" \/>\n<meta property=\"og:image\" content=\"https:\/\/www.webdo.tn\/fr\/wp-content\/uploads\/2011\/04\/Moubarak-et-Ben-Ali.jpg\" \/>\n\t<meta property=\"og:image:width\" content=\"509\" \/>\n\t<meta property=\"og:image:height\" content=\"276\" \/>\n\t<meta property=\"og:image:type\" content=\"image\/jpeg\" \/>\n<meta name=\"author\" content=\"webdo.tn\" \/>\n<meta name=\"twitter:card\" content=\"summary_large_image\" \/>\n<meta name=\"twitter:creator\" content=\"@webdo_tn\" \/>\n<meta name=\"twitter:site\" content=\"@webdo_tn\" \/>\n<meta name=\"twitter:label1\" content=\"\u00c9crit par\" \/>\n\t<meta name=\"twitter:data1\" content=\"webdo.tn\" \/>\n\t<meta name=\"twitter:label2\" content=\"Dur\u00e9e de lecture estim\u00e9e\" \/>\n\t<meta name=\"twitter:data2\" content=\"1 minute\" \/>\n<script type=\"application\/ld+json\" class=\"yoast-schema-graph\">{\"@context\":\"https:\\\/\\\/schema.org\",\"@graph\":[{\"@type\":\"NewsArticle\",\"@id\":\"https:\\\/\\\/www.webdo.tn\\\/fr\\\/actualite\\\/national\\\/moubarak-en-detention-et-ben-ali-aux-oubliettes\\\/172878\\\/#article\",\"isPartOf\":{\"@id\":\"https:\\\/\\\/www.webdo.tn\\\/fr\\\/actualite\\\/national\\\/moubarak-en-detention-et-ben-ali-aux-oubliettes\\\/172878\\\/\"},\"author\":{\"name\":\"webdo.tn\",\"@id\":\"https:\\\/\\\/www.webdo.tn\\\/fr\\\/#\\\/schema\\\/person\\\/9a9c6118d687c117df8ef3cc36a4d175\"},\"headline\":\"Moubarak en d\u00e9tention et Ben Ali aux oubliettes !\",\"datePublished\":\"2011-04-13T09:44:00+00:00\",\"mainEntityOfPage\":{\"@id\":\"https:\\\/\\\/www.webdo.tn\\\/fr\\\/actualite\\\/national\\\/moubarak-en-detention-et-ben-ali-aux-oubliettes\\\/172878\\\/\"},\"wordCount\":283,\"commentCount\":0,\"publisher\":{\"@id\":\"https:\\\/\\\/www.webdo.tn\\\/fr\\\/#organization\"},\"image\":{\"@id\":\"https:\\\/\\\/www.webdo.tn\\\/fr\\\/actualite\\\/national\\\/moubarak-en-detention-et-ben-ali-aux-oubliettes\\\/172878\\\/#primaryimage\"},\"thumbnailUrl\":\"https:\\\/\\\/www.webdo.tn\\\/fr\\\/wp-content\\\/uploads\\\/2011\\\/04\\\/Moubarak-et-Ben-Ali.jpg\",\"articleSection\":[\"National\"],\"inLanguage\":\"fr-FR\"},{\"@type\":\"WebPage\",\"@id\":\"https:\\\/\\\/www.webdo.tn\\\/fr\\\/actualite\\\/national\\\/moubarak-en-detention-et-ben-ali-aux-oubliettes\\\/172878\\\/\",\"url\":\"https:\\\/\\\/www.webdo.tn\\\/fr\\\/actualite\\\/national\\\/moubarak-en-detention-et-ben-ali-aux-oubliettes\\\/172878\\\/\",\"name\":\"Moubarak en d\u00e9tention et Ben Ali aux oubliettes !\",\"isPartOf\":{\"@id\":\"https:\\\/\\\/www.webdo.tn\\\/fr\\\/#website\"},\"primaryImageOfPage\":{\"@id\":\"https:\\\/\\\/www.webdo.tn\\\/fr\\\/actualite\\\/national\\\/moubarak-en-detention-et-ben-ali-aux-oubliettes\\\/172878\\\/#primaryimage\"},\"image\":{\"@id\":\"https:\\\/\\\/www.webdo.tn\\\/fr\\\/actualite\\\/national\\\/moubarak-en-detention-et-ben-ali-aux-oubliettes\\\/172878\\\/#primaryimage\"},\"thumbnailUrl\":\"https:\\\/\\\/www.webdo.tn\\\/fr\\\/wp-content\\\/uploads\\\/2011\\\/04\\\/Moubarak-et-Ben-Ali.jpg\",\"datePublished\":\"2011-04-13T09:44:00+00:00\",\"description\":\"Moubarak en d\u00e9tention et Ben Ali aux oubliettes !\",\"breadcrumb\":{\"@id\":\"https:\\\/\\\/www.webdo.tn\\\/fr\\\/actualite\\\/national\\\/moubarak-en-detention-et-ben-ali-aux-oubliettes\\\/172878\\\/#breadcrumb\"},\"inLanguage\":\"fr-FR\",\"potentialAction\":[{\"@type\":\"ReadAction\",\"target\":[\"https:\\\/\\\/www.webdo.tn\\\/fr\\\/actualite\\\/national\\\/moubarak-en-detention-et-ben-ali-aux-oubliettes\\\/172878\\\/\"]}]},{\"@type\":\"ImageObject\",\"inLanguage\":\"fr-FR\",\"@id\":\"https:\\\/\\\/www.webdo.tn\\\/fr\\\/actualite\\\/national\\\/moubarak-en-detention-et-ben-ali-aux-oubliettes\\\/172878\\\/#primaryimage\",\"url\":\"https:\\\/\\\/www.webdo.tn\\\/fr\\\/wp-content\\\/uploads\\\/2011\\\/04\\\/Moubarak-et-Ben-Ali.jpg\",\"contentUrl\":\"https:\\\/\\\/www.webdo.tn\\\/fr\\\/wp-content\\\/uploads\\\/2011\\\/04\\\/Moubarak-et-Ben-Ali.jpg\",\"width\":509,\"height\":276,\"caption\":\"Moubarak en d\u00e9tention et Ben Ali aux oubliettes !\"},{\"@type\":\"BreadcrumbList\",\"@id\":\"https:\\\/\\\/www.webdo.tn\\\/fr\\\/actualite\\\/national\\\/moubarak-en-detention-et-ben-ali-aux-oubliettes\\\/172878\\\/#breadcrumb\",\"itemListElement\":[{\"@type\":\"ListItem\",\"position\":1,\"name\":\"Accueil\",\"item\":\"https:\\\/\\\/www.webdo.tn\\\/fr\\\/\"},{\"@type\":\"ListItem\",\"position\":2,\"name\":\"Moubarak en d\u00e9tention et Ben Ali aux oubliettes !\"}]},{\"@type\":\"WebSite\",\"@id\":\"https:\\\/\\\/www.webdo.tn\\\/fr\\\/#website\",\"url\":\"https:\\\/\\\/www.webdo.tn\\\/fr\\\/\",\"name\":\"webdo\",\"description\":\"Tunisie - News en Tunisie et \u00e0 l&#039;international sur Webdo.tn\",\"publisher\":{\"@id\":\"https:\\\/\\\/www.webdo.tn\\\/fr\\\/#organization\"},\"potentialAction\":[{\"@type\":\"SearchAction\",\"target\":{\"@type\":\"EntryPoint\",\"urlTemplate\":\"https:\\\/\\\/www.webdo.tn\\\/fr\\\/?s={search_term_string}\"},\"query-input\":{\"@type\":\"PropertyValueSpecification\",\"valueRequired\":true,\"valueName\":\"search_term_string\"}}],\"inLanguage\":\"fr-FR\"},{\"@type\":\"Organization\",\"@id\":\"https:\\\/\\\/www.webdo.tn\\\/fr\\\/#organization\",\"name\":\"Webdo\",\"alternateName\":\"Webdo.tn\",\"url\":\"https:\\\/\\\/www.webdo.tn\\\/fr\\\/\",\"logo\":{\"@type\":\"ImageObject\",\"inLanguage\":\"fr-FR\",\"@id\":\"https:\\\/\\\/www.webdo.tn\\\/fr\\\/#\\\/schema\\\/logo\\\/image\\\/\",\"url\":\"https:\\\/\\\/www.webdo.tn\\\/fr\\\/wp-content\\\/uploads\\\/2025\\\/06\\\/Webdo-Tunisie_168377.jpg\",\"contentUrl\":\"https:\\\/\\\/www.webdo.tn\\\/fr\\\/wp-content\\\/uploads\\\/2025\\\/06\\\/Webdo-Tunisie_168377.jpg\",\"width\":301,\"height\":301,\"caption\":\"Webdo\"},\"image\":{\"@id\":\"https:\\\/\\\/www.webdo.tn\\\/fr\\\/#\\\/schema\\\/logo\\\/image\\\/\"},\"sameAs\":[\"https:\\\/\\\/www.facebook.com\\\/webdotn\",\"https:\\\/\\\/x.com\\\/webdo_tn\"],\"description\":\"Webdo est un m\u00e9dia num\u00e9rique tunisien fond\u00e9 en 2010, sp\u00e9cialis\u00e9 dans l\u2019actualit\u00e9 nationale et internationale, l\u2019\u00e9conomie, la soci\u00e9t\u00e9 et les analyses politiques. Le site s\u2019adresse \u00e0 un large public francophone et couvre l\u2019information tunisienne en temps r\u00e9el.\",\"email\":\"redac@webdo.tn\",\"legalName\":\"YNJ SARL\",\"foundingDate\":\"2010-09-06\",\"numberOfEmployees\":{\"@type\":\"QuantitativeValue\",\"minValue\":\"11\",\"maxValue\":\"50\"}},{\"@type\":\"Person\",\"@id\":\"https:\\\/\\\/www.webdo.tn\\\/fr\\\/#\\\/schema\\\/person\\\/9a9c6118d687c117df8ef3cc36a4d175\",\"name\":\"webdo.tn\",\"image\":{\"@type\":\"ImageObject\",\"inLanguage\":\"fr-FR\",\"@id\":\"https:\\\/\\\/secure.gravatar.com\\\/avatar\\\/7ce1f28c0c3bbac99ff550b85ef8e44a6950c6ee24514fb6a5489e51d06f0298?s=96&d=mm&r=g\",\"url\":\"https:\\\/\\\/secure.gravatar.com\\\/avatar\\\/7ce1f28c0c3bbac99ff550b85ef8e44a6950c6ee24514fb6a5489e51d06f0298?s=96&d=mm&r=g\",\"contentUrl\":\"https:\\\/\\\/secure.gravatar.com\\\/avatar\\\/7ce1f28c0c3bbac99ff550b85ef8e44a6950c6ee24514fb6a5489e51d06f0298?s=96&d=mm&r=g\",\"caption\":\"webdo.tn\"},\"url\":\"https:\\\/\\\/www.webdo.tn\\\/fr\\\/actualite\\\/author\\\/webdotn\\\/\"}]}<\/script>\n<!-- \/ Yoast SEO Premium plugin. -->","yoast_head_json":{"title":"Moubarak en d\u00e9tention et Ben Ali aux oubliettes !","description":"Moubarak en d\u00e9tention et Ben Ali aux oubliettes !","canonical":"https:\/\/www.webdo.tn\/fr\/actualite\/national\/moubarak-en-detention-et-ben-ali-aux-oubliettes\/172878\/","og_locale":"fr_FR","og_type":"article","og_title":"Moubarak en d\u00e9tention et Ben Ali aux oubliettes !","og_description":"Moubarak en d\u00e9tention et Ben Ali aux oubliettes !","og_url":"https:\/\/www.webdo.tn\/fr\/actualite\/national\/moubarak-en-detention-et-ben-ali-aux-oubliettes\/172878\/","og_site_name":"webdo","article_publisher":"https:\/\/www.facebook.com\/webdotn","article_published_time":"2011-04-13T09:44:00+00:00","og_image":[{"width":509,"height":276,"url":"https:\/\/www.webdo.tn\/fr\/wp-content\/uploads\/2011\/04\/Moubarak-et-Ben-Ali.jpg","type":"image\/jpeg"}],"author":"webdo.tn","twitter_card":"summary_large_image","twitter_creator":"@webdo_tn","twitter_site":"@webdo_tn","twitter_misc":{"\u00c9crit par":"webdo.tn","Dur\u00e9e de lecture estim\u00e9e":"1 minute"},"schema":{"@context":"https:\/\/schema.org","@graph":[{"@type":"NewsArticle","@id":"https:\/\/www.webdo.tn\/fr\/actualite\/national\/moubarak-en-detention-et-ben-ali-aux-oubliettes\/172878\/#article","isPartOf":{"@id":"https:\/\/www.webdo.tn\/fr\/actualite\/national\/moubarak-en-detention-et-ben-ali-aux-oubliettes\/172878\/"},"author":{"name":"webdo.tn","@id":"https:\/\/www.webdo.tn\/fr\/#\/schema\/person\/9a9c6118d687c117df8ef3cc36a4d175"},"headline":"Moubarak en d\u00e9tention et Ben Ali aux oubliettes !","datePublished":"2011-04-13T09:44:00+00:00","mainEntityOfPage":{"@id":"https:\/\/www.webdo.tn\/fr\/actualite\/national\/moubarak-en-detention-et-ben-ali-aux-oubliettes\/172878\/"},"wordCount":283,"commentCount":0,"publisher":{"@id":"https:\/\/www.webdo.tn\/fr\/#organization"},"image":{"@id":"https:\/\/www.webdo.tn\/fr\/actualite\/national\/moubarak-en-detention-et-ben-ali-aux-oubliettes\/172878\/#primaryimage"},"thumbnailUrl":"https:\/\/www.webdo.tn\/fr\/wp-content\/uploads\/2011\/04\/Moubarak-et-Ben-Ali.jpg","articleSection":["National"],"inLanguage":"fr-FR"},{"@type":"WebPage","@id":"https:\/\/www.webdo.tn\/fr\/actualite\/national\/moubarak-en-detention-et-ben-ali-aux-oubliettes\/172878\/","url":"https:\/\/www.webdo.tn\/fr\/actualite\/national\/moubarak-en-detention-et-ben-ali-aux-oubliettes\/172878\/","name":"Moubarak en d\u00e9tention et Ben Ali aux oubliettes !","isPartOf":{"@id":"https:\/\/www.webdo.tn\/fr\/#website"},"primaryImageOfPage":{"@id":"https:\/\/www.webdo.tn\/fr\/actualite\/national\/moubarak-en-detention-et-ben-ali-aux-oubliettes\/172878\/#primaryimage"},"image":{"@id":"https:\/\/www.webdo.tn\/fr\/actualite\/national\/moubarak-en-detention-et-ben-ali-aux-oubliettes\/172878\/#primaryimage"},"thumbnailUrl":"https:\/\/www.webdo.tn\/fr\/wp-content\/uploads\/2011\/04\/Moubarak-et-Ben-Ali.jpg","datePublished":"2011-04-13T09:44:00+00:00","description":"Moubarak en d\u00e9tention et Ben Ali aux oubliettes !","breadcrumb":{"@id":"https:\/\/www.webdo.tn\/fr\/actualite\/national\/moubarak-en-detention-et-ben-ali-aux-oubliettes\/172878\/#breadcrumb"},"inLanguage":"fr-FR","potentialAction":[{"@type":"ReadAction","target":["https:\/\/www.webdo.tn\/fr\/actualite\/national\/moubarak-en-detention-et-ben-ali-aux-oubliettes\/172878\/"]}]},{"@type":"ImageObject","inLanguage":"fr-FR","@id":"https:\/\/www.webdo.tn\/fr\/actualite\/national\/moubarak-en-detention-et-ben-ali-aux-oubliettes\/172878\/#primaryimage","url":"https:\/\/www.webdo.tn\/fr\/wp-content\/uploads\/2011\/04\/Moubarak-et-Ben-Ali.jpg","contentUrl":"https:\/\/www.webdo.tn\/fr\/wp-content\/uploads\/2011\/04\/Moubarak-et-Ben-Ali.jpg","width":509,"height":276,"caption":"Moubarak en d\u00e9tention et Ben Ali aux oubliettes !"},{"@type":"BreadcrumbList","@id":"https:\/\/www.webdo.tn\/fr\/actualite\/national\/moubarak-en-detention-et-ben-ali-aux-oubliettes\/172878\/#breadcrumb","itemListElement":[{"@type":"ListItem","position":1,"name":"Accueil","item":"https:\/\/www.webdo.tn\/fr\/"},{"@type":"ListItem","position":2,"name":"Moubarak en d\u00e9tention et Ben Ali aux oubliettes !"}]},{"@type":"WebSite","@id":"https:\/\/www.webdo.tn\/fr\/#website","url":"https:\/\/www.webdo.tn\/fr\/","name":"webdo","description":"Tunisie - News en Tunisie et \u00e0 l&#039;international sur Webdo.tn","publisher":{"@id":"https:\/\/www.webdo.tn\/fr\/#organization"},"potentialAction":[{"@type":"SearchAction","target":{"@type":"EntryPoint","urlTemplate":"https:\/\/www.webdo.tn\/fr\/?s={search_term_string}"},"query-input":{"@type":"PropertyValueSpecification","valueRequired":true,"valueName":"search_term_string"}}],"inLanguage":"fr-FR"},{"@type":"Organization","@id":"https:\/\/www.webdo.tn\/fr\/#organization","name":"Webdo","alternateName":"Webdo.tn","url":"https:\/\/www.webdo.tn\/fr\/","logo":{"@type":"ImageObject","inLanguage":"fr-FR","@id":"https:\/\/www.webdo.tn\/fr\/#\/schema\/logo\/image\/","url":"https:\/\/www.webdo.tn\/fr\/wp-content\/uploads\/2025\/06\/Webdo-Tunisie_168377.jpg","contentUrl":"https:\/\/www.webdo.tn\/fr\/wp-content\/uploads\/2025\/06\/Webdo-Tunisie_168377.jpg","width":301,"height":301,"caption":"Webdo"},"image":{"@id":"https:\/\/www.webdo.tn\/fr\/#\/schema\/logo\/image\/"},"sameAs":["https:\/\/www.facebook.com\/webdotn","https:\/\/x.com\/webdo_tn"],"description":"Webdo est un m\u00e9dia num\u00e9rique tunisien fond\u00e9 en 2010, sp\u00e9cialis\u00e9 dans l\u2019actualit\u00e9 nationale et internationale, l\u2019\u00e9conomie, la soci\u00e9t\u00e9 et les analyses politiques. Le site s\u2019adresse \u00e0 un large public francophone et couvre l\u2019information tunisienne en temps r\u00e9el.","email":"redac@webdo.tn","legalName":"YNJ SARL","foundingDate":"2010-09-06","numberOfEmployees":{"@type":"QuantitativeValue","minValue":"11","maxValue":"50"}},{"@type":"Person","@id":"https:\/\/www.webdo.tn\/fr\/#\/schema\/person\/9a9c6118d687c117df8ef3cc36a4d175","name":"webdo.tn","image":{"@type":"ImageObject","inLanguage":"fr-FR","@id":"https:\/\/secure.gravatar.com\/avatar\/7ce1f28c0c3bbac99ff550b85ef8e44a6950c6ee24514fb6a5489e51d06f0298?s=96&d=mm&r=g","url":"https:\/\/secure.gravatar.com\/avatar\/7ce1f28c0c3bbac99ff550b85ef8e44a6950c6ee24514fb6a5489e51d06f0298?s=96&d=mm&r=g","contentUrl":"https:\/\/secure.gravatar.com\/avatar\/7ce1f28c0c3bbac99ff550b85ef8e44a6950c6ee24514fb6a5489e51d06f0298?s=96&d=mm&r=g","caption":"webdo.tn"},"url":"https:\/\/www.webdo.tn\/fr\/actualite\/author\/webdotn\/"}]}},"_links":{"self":[{"href":"https:\/\/www.webdo.tn\/fr\/wp-json\/wp\/v2\/posts\/172878","targetHints":{"allow":["GET"]}}],"collection":[{"href":"https:\/\/www.webdo.tn\/fr\/wp-json\/wp\/v2\/posts"}],"about":[{"href":"https:\/\/www.webdo.tn\/fr\/wp-json\/wp\/v2\/types\/post"}],"author":[{"embeddable":true,"href":"https:\/\/www.webdo.tn\/fr\/wp-json\/wp\/v2\/users\/3222"}],"replies":[{"embeddable":true,"href":"https:\/\/www.webdo.tn\/fr\/wp-json\/wp\/v2\/comments?post=172878"}],"version-history":[{"count":0,"href":"https:\/\/www.webdo.tn\/fr\/wp-json\/wp\/v2\/posts\/172878\/revisions"}],"wp:featuredmedia":[{"embeddable":true,"href":"https:\/\/www.webdo.tn\/fr\/wp-json\/wp\/v2\/media\/365463"}],"wp:attachment":[{"href":"https:\/\/www.webdo.tn\/fr\/wp-json\/wp\/v2\/media?parent=172878"}],"wp:term":[{"taxonomy":"category","embeddable":true,"href":"https:\/\/www.webdo.tn\/fr\/wp-json\/wp\/v2\/categories?post=172878"},{"taxonomy":"post_tag","embeddable":true,"href":"https:\/\/www.webdo.tn\/fr\/wp-json\/wp\/v2\/tags?post=172878"}],"curies":[{"name":"wp","href":"https:\/\/api.w.org\/{rel}","templated":true}]}}