{"id":172870,"date":"2011-04-17T09:12:00","date_gmt":"2011-04-17T09:12:00","guid":{"rendered":"https:\/\/www.webdo.tn\/fr\/actualite\/blog\/restitution-de-largent-de-ben-ali-en-suisse-la-demande-de-tunis-est-jugee-insuffisante\/172870\/"},"modified":"2011-04-17T09:12:00","modified_gmt":"2011-04-17T09:12:00","slug":"restitution-de-largent-de-ben-ali-en-suisse-la-demande-de-tunis-est-jugee-insuffisante","status":"publish","type":"post","link":"https:\/\/www.webdo.tn\/fr\/actualite\/national\/restitution-de-largent-de-ben-ali-en-suisse-la-demande-de-tunis-est-jugee-insuffisante\/172870\/","title":{"rendered":"Restitution de l&rsquo;argent de Ben Ali en Suisse\u00a0: \u00ab\u00a0la demande de Tunis est jug\u00e9e insuffisante\u00a0\u00bb"},"content":{"rendered":"<p>C&rsquo;est ce qu&rsquo;a d\u00e9clar\u00e9 Folco Galli, porte-parole de l&rsquo;Office F\u00e9d\u00e9ral de la Justice Suisse, au journal \u00ab\u00a0NZZ am Sonntag\u00a0\u00bb\u00a0vendredi dernier. La m\u00eame source pr\u00e9cise que le gouvernement tunisien en avait \u00e9t\u00e9 notifi\u00e9 par le gouvernement f\u00e9d\u00e9ral depuis le 30 mars dernier.<\/p>\n<p>En effet, Folco Galli explique que les demandes d&rsquo;entraide judiciaire, entre la Tunisie et la Suisse, sont souvent trop sommaires et ne sont pas suffisamment d\u00e9taill\u00e9es.<\/p>\n<p>Ces complications judiciaires ne touchent pas que la Tunisie. Le dossier de l&rsquo;ancien pr\u00e9sident \u00e9gyptien Moubarak est semblable \u00e0 celui de Ben Ali.<\/p>\n<p>La demande de restitution de l&rsquo;argent de Ben Ali ne va cependant pas rester lettre morte. La Suisse compte envoyer deux experts judiciaires pour aider leurs homologues tunisiens afin de renforcer la demande.<\/p>\n","protected":false},"excerpt":{"rendered":"<p>Restitution de l&rsquo;argent de Ben Ali en Suisse\u00a0:  la demande de Tunis est jug\u00e9e insuffisante   <\/p>\n","protected":false},"author":3222,"featured_media":365875,"comment_status":"open","ping_status":"closed","sticky":false,"template":"","format":"standard","meta":{"footnotes":""},"categories":[44],"tags":[],"class_list":["post-172870","post","type-post","status-publish","format-standard","has-post-thumbnail","hentry","category-national"],"yoast_head":"<!-- This site is optimized with the Yoast SEO Premium plugin v27.4 (Yoast SEO v27.4) - https:\/\/yoast.com\/product\/yoast-seo-premium-wordpress\/ -->\n<title>Restitution de l&#039;argent de Ben Ali en Suisse\u00a0: la demande de Tunis est jug\u00e9e insuffisante<\/title>\n<meta name=\"description\" content=\"Restitution de l&#039;argent de Ben Ali en Suisse\u00a0: la demande de Tunis est jug\u00e9e insuffisante\" \/>\n<link rel=\"canonical\" href=\"https:\/\/www.webdo.tn\/fr\/actualite\/national\/restitution-de-largent-de-ben-ali-en-suisse-la-demande-de-tunis-est-jugee-insuffisante\/172870\/\" \/>\n<meta property=\"og:locale\" content=\"fr_FR\" \/>\n<meta property=\"og:type\" content=\"article\" \/>\n<meta property=\"og:title\" content=\"Restitution de l&#039;argent de Ben Ali en Suisse\u00a0: &quot;la demande de Tunis est jug\u00e9e insuffisante&quot;\" \/>\n<meta property=\"og:description\" content=\"Restitution de l&#039;argent de Ben Ali en Suisse\u00a0: la demande de Tunis est jug\u00e9e insuffisante\" \/>\n<meta property=\"og:url\" content=\"https:\/\/www.webdo.tn\/fr\/actualite\/national\/restitution-de-largent-de-ben-ali-en-suisse-la-demande-de-tunis-est-jugee-insuffisante\/172870\/\" \/>\n<meta property=\"og:site_name\" content=\"webdo\" \/>\n<meta property=\"article:publisher\" content=\"https:\/\/www.facebook.com\/webdotn\" \/>\n<meta property=\"article:published_time\" content=\"2011-04-17T09:12:00+00:00\" \/>\n<meta property=\"og:image\" content=\"https:\/\/www.webdo.tn\/fr\/wp-content\/uploads\/2011\/04\/Argent-de-Ben-Ali-300x200-1.jpg\" \/>\n\t<meta property=\"og:image:width\" content=\"300\" \/>\n\t<meta property=\"og:image:height\" content=\"200\" \/>\n\t<meta property=\"og:image:type\" content=\"image\/jpeg\" \/>\n<meta name=\"author\" content=\"webdo.tn\" \/>\n<meta name=\"twitter:card\" content=\"summary_large_image\" \/>\n<meta name=\"twitter:creator\" content=\"@webdo_tn\" \/>\n<meta name=\"twitter:site\" content=\"@webdo_tn\" \/>\n<meta name=\"twitter:label1\" content=\"\u00c9crit par\" \/>\n\t<meta name=\"twitter:data1\" content=\"webdo.tn\" \/>\n\t<meta name=\"twitter:label2\" content=\"Dur\u00e9e de lecture estim\u00e9e\" \/>\n\t<meta name=\"twitter:data2\" content=\"1 minute\" \/>\n<script type=\"application\/ld+json\" class=\"yoast-schema-graph\">{\"@context\":\"https:\\\/\\\/schema.org\",\"@graph\":[{\"@type\":\"NewsArticle\",\"@id\":\"https:\\\/\\\/www.webdo.tn\\\/fr\\\/actualite\\\/national\\\/restitution-de-largent-de-ben-ali-en-suisse-la-demande-de-tunis-est-jugee-insuffisante\\\/172870\\\/#article\",\"isPartOf\":{\"@id\":\"https:\\\/\\\/www.webdo.tn\\\/fr\\\/actualite\\\/national\\\/restitution-de-largent-de-ben-ali-en-suisse-la-demande-de-tunis-est-jugee-insuffisante\\\/172870\\\/\"},\"author\":{\"name\":\"webdo.tn\",\"@id\":\"https:\\\/\\\/www.webdo.tn\\\/fr\\\/#\\\/schema\\\/person\\\/9a9c6118d687c117df8ef3cc36a4d175\"},\"headline\":\"Restitution de l&rsquo;argent de Ben Ali en Suisse\u00a0: \u00ab\u00a0la demande de Tunis est jug\u00e9e insuffisante\u00a0\u00bb\",\"datePublished\":\"2011-04-17T09:12:00+00:00\",\"mainEntityOfPage\":{\"@id\":\"https:\\\/\\\/www.webdo.tn\\\/fr\\\/actualite\\\/national\\\/restitution-de-largent-de-ben-ali-en-suisse-la-demande-de-tunis-est-jugee-insuffisante\\\/172870\\\/\"},\"wordCount\":155,\"commentCount\":0,\"publisher\":{\"@id\":\"https:\\\/\\\/www.webdo.tn\\\/fr\\\/#organization\"},\"image\":{\"@id\":\"https:\\\/\\\/www.webdo.tn\\\/fr\\\/actualite\\\/national\\\/restitution-de-largent-de-ben-ali-en-suisse-la-demande-de-tunis-est-jugee-insuffisante\\\/172870\\\/#primaryimage\"},\"thumbnailUrl\":\"https:\\\/\\\/www.webdo.tn\\\/fr\\\/wp-content\\\/uploads\\\/2011\\\/04\\\/Argent-de-Ben-Ali-300x200-1.jpg\",\"articleSection\":[\"National\"],\"inLanguage\":\"fr-FR\"},{\"@type\":\"WebPage\",\"@id\":\"https:\\\/\\\/www.webdo.tn\\\/fr\\\/actualite\\\/national\\\/restitution-de-largent-de-ben-ali-en-suisse-la-demande-de-tunis-est-jugee-insuffisante\\\/172870\\\/\",\"url\":\"https:\\\/\\\/www.webdo.tn\\\/fr\\\/actualite\\\/national\\\/restitution-de-largent-de-ben-ali-en-suisse-la-demande-de-tunis-est-jugee-insuffisante\\\/172870\\\/\",\"name\":\"Restitution de l'argent de Ben Ali en Suisse\u00a0: la demande de Tunis est jug\u00e9e insuffisante\",\"isPartOf\":{\"@id\":\"https:\\\/\\\/www.webdo.tn\\\/fr\\\/#website\"},\"primaryImageOfPage\":{\"@id\":\"https:\\\/\\\/www.webdo.tn\\\/fr\\\/actualite\\\/national\\\/restitution-de-largent-de-ben-ali-en-suisse-la-demande-de-tunis-est-jugee-insuffisante\\\/172870\\\/#primaryimage\"},\"image\":{\"@id\":\"https:\\\/\\\/www.webdo.tn\\\/fr\\\/actualite\\\/national\\\/restitution-de-largent-de-ben-ali-en-suisse-la-demande-de-tunis-est-jugee-insuffisante\\\/172870\\\/#primaryimage\"},\"thumbnailUrl\":\"https:\\\/\\\/www.webdo.tn\\\/fr\\\/wp-content\\\/uploads\\\/2011\\\/04\\\/Argent-de-Ben-Ali-300x200-1.jpg\",\"datePublished\":\"2011-04-17T09:12:00+00:00\",\"description\":\"Restitution de l'argent de Ben Ali en Suisse\u00a0: la demande de Tunis est jug\u00e9e insuffisante\",\"breadcrumb\":{\"@id\":\"https:\\\/\\\/www.webdo.tn\\\/fr\\\/actualite\\\/national\\\/restitution-de-largent-de-ben-ali-en-suisse-la-demande-de-tunis-est-jugee-insuffisante\\\/172870\\\/#breadcrumb\"},\"inLanguage\":\"fr-FR\",\"potentialAction\":[{\"@type\":\"ReadAction\",\"target\":[\"https:\\\/\\\/www.webdo.tn\\\/fr\\\/actualite\\\/national\\\/restitution-de-largent-de-ben-ali-en-suisse-la-demande-de-tunis-est-jugee-insuffisante\\\/172870\\\/\"]}]},{\"@type\":\"ImageObject\",\"inLanguage\":\"fr-FR\",\"@id\":\"https:\\\/\\\/www.webdo.tn\\\/fr\\\/actualite\\\/national\\\/restitution-de-largent-de-ben-ali-en-suisse-la-demande-de-tunis-est-jugee-insuffisante\\\/172870\\\/#primaryimage\",\"url\":\"https:\\\/\\\/www.webdo.tn\\\/fr\\\/wp-content\\\/uploads\\\/2011\\\/04\\\/Argent-de-Ben-Ali-300x200-1.jpg\",\"contentUrl\":\"https:\\\/\\\/www.webdo.tn\\\/fr\\\/wp-content\\\/uploads\\\/2011\\\/04\\\/Argent-de-Ben-Ali-300x200-1.jpg\",\"width\":300,\"height\":200,\"caption\":\"Restitution de l'argent de Ben Ali en Suisse\u00a0: \\\"la demande de Tunis est jug\u00e9e insuffisante\\\"\"},{\"@type\":\"BreadcrumbList\",\"@id\":\"https:\\\/\\\/www.webdo.tn\\\/fr\\\/actualite\\\/national\\\/restitution-de-largent-de-ben-ali-en-suisse-la-demande-de-tunis-est-jugee-insuffisante\\\/172870\\\/#breadcrumb\",\"itemListElement\":[{\"@type\":\"ListItem\",\"position\":1,\"name\":\"Accueil\",\"item\":\"https:\\\/\\\/www.webdo.tn\\\/fr\\\/\"},{\"@type\":\"ListItem\",\"position\":2,\"name\":\"Restitution de l&rsquo;argent de Ben Ali en Suisse\u00a0: \u00ab\u00a0la demande de Tunis est jug\u00e9e insuffisante\u00a0\u00bb\"}]},{\"@type\":\"WebSite\",\"@id\":\"https:\\\/\\\/www.webdo.tn\\\/fr\\\/#website\",\"url\":\"https:\\\/\\\/www.webdo.tn\\\/fr\\\/\",\"name\":\"webdo\",\"description\":\"Tunisie - News en Tunisie et \u00e0 l&#039;international sur Webdo.tn\",\"publisher\":{\"@id\":\"https:\\\/\\\/www.webdo.tn\\\/fr\\\/#organization\"},\"potentialAction\":[{\"@type\":\"SearchAction\",\"target\":{\"@type\":\"EntryPoint\",\"urlTemplate\":\"https:\\\/\\\/www.webdo.tn\\\/fr\\\/?s={search_term_string}\"},\"query-input\":{\"@type\":\"PropertyValueSpecification\",\"valueRequired\":true,\"valueName\":\"search_term_string\"}}],\"inLanguage\":\"fr-FR\"},{\"@type\":\"Organization\",\"@id\":\"https:\\\/\\\/www.webdo.tn\\\/fr\\\/#organization\",\"name\":\"Webdo\",\"alternateName\":\"Webdo.tn\",\"url\":\"https:\\\/\\\/www.webdo.tn\\\/fr\\\/\",\"logo\":{\"@type\":\"ImageObject\",\"inLanguage\":\"fr-FR\",\"@id\":\"https:\\\/\\\/www.webdo.tn\\\/fr\\\/#\\\/schema\\\/logo\\\/image\\\/\",\"url\":\"https:\\\/\\\/www.webdo.tn\\\/fr\\\/wp-content\\\/uploads\\\/2025\\\/06\\\/Webdo-Tunisie_168377.jpg\",\"contentUrl\":\"https:\\\/\\\/www.webdo.tn\\\/fr\\\/wp-content\\\/uploads\\\/2025\\\/06\\\/Webdo-Tunisie_168377.jpg\",\"width\":301,\"height\":301,\"caption\":\"Webdo\"},\"image\":{\"@id\":\"https:\\\/\\\/www.webdo.tn\\\/fr\\\/#\\\/schema\\\/logo\\\/image\\\/\"},\"sameAs\":[\"https:\\\/\\\/www.facebook.com\\\/webdotn\",\"https:\\\/\\\/x.com\\\/webdo_tn\"],\"description\":\"Webdo est un m\u00e9dia num\u00e9rique tunisien fond\u00e9 en 2010, sp\u00e9cialis\u00e9 dans l\u2019actualit\u00e9 nationale et internationale, l\u2019\u00e9conomie, la soci\u00e9t\u00e9 et les analyses politiques. Le site s\u2019adresse \u00e0 un large public francophone et couvre l\u2019information tunisienne en temps r\u00e9el.\",\"email\":\"redac@webdo.tn\",\"legalName\":\"YNJ SARL\",\"foundingDate\":\"2010-09-06\",\"numberOfEmployees\":{\"@type\":\"QuantitativeValue\",\"minValue\":\"11\",\"maxValue\":\"50\"}},{\"@type\":\"Person\",\"@id\":\"https:\\\/\\\/www.webdo.tn\\\/fr\\\/#\\\/schema\\\/person\\\/9a9c6118d687c117df8ef3cc36a4d175\",\"name\":\"webdo.tn\",\"image\":{\"@type\":\"ImageObject\",\"inLanguage\":\"fr-FR\",\"@id\":\"https:\\\/\\\/secure.gravatar.com\\\/avatar\\\/7ce1f28c0c3bbac99ff550b85ef8e44a6950c6ee24514fb6a5489e51d06f0298?s=96&d=mm&r=g\",\"url\":\"https:\\\/\\\/secure.gravatar.com\\\/avatar\\\/7ce1f28c0c3bbac99ff550b85ef8e44a6950c6ee24514fb6a5489e51d06f0298?s=96&d=mm&r=g\",\"contentUrl\":\"https:\\\/\\\/secure.gravatar.com\\\/avatar\\\/7ce1f28c0c3bbac99ff550b85ef8e44a6950c6ee24514fb6a5489e51d06f0298?s=96&d=mm&r=g\",\"caption\":\"webdo.tn\"},\"url\":\"https:\\\/\\\/www.webdo.tn\\\/fr\\\/actualite\\\/author\\\/webdotn\\\/\"}]}<\/script>\n<!-- \/ Yoast SEO Premium plugin. -->","yoast_head_json":{"title":"Restitution de l'argent de Ben Ali en Suisse\u00a0: la demande de Tunis est jug\u00e9e insuffisante","description":"Restitution de l'argent de Ben Ali en Suisse\u00a0: la demande de Tunis est jug\u00e9e insuffisante","canonical":"https:\/\/www.webdo.tn\/fr\/actualite\/national\/restitution-de-largent-de-ben-ali-en-suisse-la-demande-de-tunis-est-jugee-insuffisante\/172870\/","og_locale":"fr_FR","og_type":"article","og_title":"Restitution de l'argent de Ben Ali en Suisse\u00a0: \"la demande de Tunis est jug\u00e9e insuffisante\"","og_description":"Restitution de l'argent de Ben Ali en Suisse\u00a0: la demande de Tunis est jug\u00e9e insuffisante","og_url":"https:\/\/www.webdo.tn\/fr\/actualite\/national\/restitution-de-largent-de-ben-ali-en-suisse-la-demande-de-tunis-est-jugee-insuffisante\/172870\/","og_site_name":"webdo","article_publisher":"https:\/\/www.facebook.com\/webdotn","article_published_time":"2011-04-17T09:12:00+00:00","og_image":[{"width":300,"height":200,"url":"https:\/\/www.webdo.tn\/fr\/wp-content\/uploads\/2011\/04\/Argent-de-Ben-Ali-300x200-1.jpg","type":"image\/jpeg"}],"author":"webdo.tn","twitter_card":"summary_large_image","twitter_creator":"@webdo_tn","twitter_site":"@webdo_tn","twitter_misc":{"\u00c9crit par":"webdo.tn","Dur\u00e9e de lecture estim\u00e9e":"1 minute"},"schema":{"@context":"https:\/\/schema.org","@graph":[{"@type":"NewsArticle","@id":"https:\/\/www.webdo.tn\/fr\/actualite\/national\/restitution-de-largent-de-ben-ali-en-suisse-la-demande-de-tunis-est-jugee-insuffisante\/172870\/#article","isPartOf":{"@id":"https:\/\/www.webdo.tn\/fr\/actualite\/national\/restitution-de-largent-de-ben-ali-en-suisse-la-demande-de-tunis-est-jugee-insuffisante\/172870\/"},"author":{"name":"webdo.tn","@id":"https:\/\/www.webdo.tn\/fr\/#\/schema\/person\/9a9c6118d687c117df8ef3cc36a4d175"},"headline":"Restitution de l&rsquo;argent de Ben Ali en Suisse\u00a0: \u00ab\u00a0la demande de Tunis est jug\u00e9e insuffisante\u00a0\u00bb","datePublished":"2011-04-17T09:12:00+00:00","mainEntityOfPage":{"@id":"https:\/\/www.webdo.tn\/fr\/actualite\/national\/restitution-de-largent-de-ben-ali-en-suisse-la-demande-de-tunis-est-jugee-insuffisante\/172870\/"},"wordCount":155,"commentCount":0,"publisher":{"@id":"https:\/\/www.webdo.tn\/fr\/#organization"},"image":{"@id":"https:\/\/www.webdo.tn\/fr\/actualite\/national\/restitution-de-largent-de-ben-ali-en-suisse-la-demande-de-tunis-est-jugee-insuffisante\/172870\/#primaryimage"},"thumbnailUrl":"https:\/\/www.webdo.tn\/fr\/wp-content\/uploads\/2011\/04\/Argent-de-Ben-Ali-300x200-1.jpg","articleSection":["National"],"inLanguage":"fr-FR"},{"@type":"WebPage","@id":"https:\/\/www.webdo.tn\/fr\/actualite\/national\/restitution-de-largent-de-ben-ali-en-suisse-la-demande-de-tunis-est-jugee-insuffisante\/172870\/","url":"https:\/\/www.webdo.tn\/fr\/actualite\/national\/restitution-de-largent-de-ben-ali-en-suisse-la-demande-de-tunis-est-jugee-insuffisante\/172870\/","name":"Restitution de l'argent de Ben Ali en Suisse\u00a0: la demande de Tunis est jug\u00e9e insuffisante","isPartOf":{"@id":"https:\/\/www.webdo.tn\/fr\/#website"},"primaryImageOfPage":{"@id":"https:\/\/www.webdo.tn\/fr\/actualite\/national\/restitution-de-largent-de-ben-ali-en-suisse-la-demande-de-tunis-est-jugee-insuffisante\/172870\/#primaryimage"},"image":{"@id":"https:\/\/www.webdo.tn\/fr\/actualite\/national\/restitution-de-largent-de-ben-ali-en-suisse-la-demande-de-tunis-est-jugee-insuffisante\/172870\/#primaryimage"},"thumbnailUrl":"https:\/\/www.webdo.tn\/fr\/wp-content\/uploads\/2011\/04\/Argent-de-Ben-Ali-300x200-1.jpg","datePublished":"2011-04-17T09:12:00+00:00","description":"Restitution de l'argent de Ben Ali en Suisse\u00a0: la demande de Tunis est jug\u00e9e insuffisante","breadcrumb":{"@id":"https:\/\/www.webdo.tn\/fr\/actualite\/national\/restitution-de-largent-de-ben-ali-en-suisse-la-demande-de-tunis-est-jugee-insuffisante\/172870\/#breadcrumb"},"inLanguage":"fr-FR","potentialAction":[{"@type":"ReadAction","target":["https:\/\/www.webdo.tn\/fr\/actualite\/national\/restitution-de-largent-de-ben-ali-en-suisse-la-demande-de-tunis-est-jugee-insuffisante\/172870\/"]}]},{"@type":"ImageObject","inLanguage":"fr-FR","@id":"https:\/\/www.webdo.tn\/fr\/actualite\/national\/restitution-de-largent-de-ben-ali-en-suisse-la-demande-de-tunis-est-jugee-insuffisante\/172870\/#primaryimage","url":"https:\/\/www.webdo.tn\/fr\/wp-content\/uploads\/2011\/04\/Argent-de-Ben-Ali-300x200-1.jpg","contentUrl":"https:\/\/www.webdo.tn\/fr\/wp-content\/uploads\/2011\/04\/Argent-de-Ben-Ali-300x200-1.jpg","width":300,"height":200,"caption":"Restitution de l'argent de Ben Ali en Suisse\u00a0: \"la demande de Tunis est jug\u00e9e insuffisante\""},{"@type":"BreadcrumbList","@id":"https:\/\/www.webdo.tn\/fr\/actualite\/national\/restitution-de-largent-de-ben-ali-en-suisse-la-demande-de-tunis-est-jugee-insuffisante\/172870\/#breadcrumb","itemListElement":[{"@type":"ListItem","position":1,"name":"Accueil","item":"https:\/\/www.webdo.tn\/fr\/"},{"@type":"ListItem","position":2,"name":"Restitution de l&rsquo;argent de Ben Ali en Suisse\u00a0: \u00ab\u00a0la demande de Tunis est jug\u00e9e insuffisante\u00a0\u00bb"}]},{"@type":"WebSite","@id":"https:\/\/www.webdo.tn\/fr\/#website","url":"https:\/\/www.webdo.tn\/fr\/","name":"webdo","description":"Tunisie - News en Tunisie et \u00e0 l&#039;international sur Webdo.tn","publisher":{"@id":"https:\/\/www.webdo.tn\/fr\/#organization"},"potentialAction":[{"@type":"SearchAction","target":{"@type":"EntryPoint","urlTemplate":"https:\/\/www.webdo.tn\/fr\/?s={search_term_string}"},"query-input":{"@type":"PropertyValueSpecification","valueRequired":true,"valueName":"search_term_string"}}],"inLanguage":"fr-FR"},{"@type":"Organization","@id":"https:\/\/www.webdo.tn\/fr\/#organization","name":"Webdo","alternateName":"Webdo.tn","url":"https:\/\/www.webdo.tn\/fr\/","logo":{"@type":"ImageObject","inLanguage":"fr-FR","@id":"https:\/\/www.webdo.tn\/fr\/#\/schema\/logo\/image\/","url":"https:\/\/www.webdo.tn\/fr\/wp-content\/uploads\/2025\/06\/Webdo-Tunisie_168377.jpg","contentUrl":"https:\/\/www.webdo.tn\/fr\/wp-content\/uploads\/2025\/06\/Webdo-Tunisie_168377.jpg","width":301,"height":301,"caption":"Webdo"},"image":{"@id":"https:\/\/www.webdo.tn\/fr\/#\/schema\/logo\/image\/"},"sameAs":["https:\/\/www.facebook.com\/webdotn","https:\/\/x.com\/webdo_tn"],"description":"Webdo est un m\u00e9dia num\u00e9rique tunisien fond\u00e9 en 2010, sp\u00e9cialis\u00e9 dans l\u2019actualit\u00e9 nationale et internationale, l\u2019\u00e9conomie, la soci\u00e9t\u00e9 et les analyses politiques. Le site s\u2019adresse \u00e0 un large public francophone et couvre l\u2019information tunisienne en temps r\u00e9el.","email":"redac@webdo.tn","legalName":"YNJ SARL","foundingDate":"2010-09-06","numberOfEmployees":{"@type":"QuantitativeValue","minValue":"11","maxValue":"50"}},{"@type":"Person","@id":"https:\/\/www.webdo.tn\/fr\/#\/schema\/person\/9a9c6118d687c117df8ef3cc36a4d175","name":"webdo.tn","image":{"@type":"ImageObject","inLanguage":"fr-FR","@id":"https:\/\/secure.gravatar.com\/avatar\/7ce1f28c0c3bbac99ff550b85ef8e44a6950c6ee24514fb6a5489e51d06f0298?s=96&d=mm&r=g","url":"https:\/\/secure.gravatar.com\/avatar\/7ce1f28c0c3bbac99ff550b85ef8e44a6950c6ee24514fb6a5489e51d06f0298?s=96&d=mm&r=g","contentUrl":"https:\/\/secure.gravatar.com\/avatar\/7ce1f28c0c3bbac99ff550b85ef8e44a6950c6ee24514fb6a5489e51d06f0298?s=96&d=mm&r=g","caption":"webdo.tn"},"url":"https:\/\/www.webdo.tn\/fr\/actualite\/author\/webdotn\/"}]}},"_links":{"self":[{"href":"https:\/\/www.webdo.tn\/fr\/wp-json\/wp\/v2\/posts\/172870","targetHints":{"allow":["GET"]}}],"collection":[{"href":"https:\/\/www.webdo.tn\/fr\/wp-json\/wp\/v2\/posts"}],"about":[{"href":"https:\/\/www.webdo.tn\/fr\/wp-json\/wp\/v2\/types\/post"}],"author":[{"embeddable":true,"href":"https:\/\/www.webdo.tn\/fr\/wp-json\/wp\/v2\/users\/3222"}],"replies":[{"embeddable":true,"href":"https:\/\/www.webdo.tn\/fr\/wp-json\/wp\/v2\/comments?post=172870"}],"version-history":[{"count":0,"href":"https:\/\/www.webdo.tn\/fr\/wp-json\/wp\/v2\/posts\/172870\/revisions"}],"wp:featuredmedia":[{"embeddable":true,"href":"https:\/\/www.webdo.tn\/fr\/wp-json\/wp\/v2\/media\/365875"}],"wp:attachment":[{"href":"https:\/\/www.webdo.tn\/fr\/wp-json\/wp\/v2\/media?parent=172870"}],"wp:term":[{"taxonomy":"category","embeddable":true,"href":"https:\/\/www.webdo.tn\/fr\/wp-json\/wp\/v2\/categories?post=172870"},{"taxonomy":"post_tag","embeddable":true,"href":"https:\/\/www.webdo.tn\/fr\/wp-json\/wp\/v2\/tags?post=172870"}],"curies":[{"name":"wp","href":"https:\/\/api.w.org\/{rel}","templated":true}]}}