{"id":172866,"date":"2011-04-19T09:18:00","date_gmt":"2011-04-19T09:18:00","guid":{"rendered":"https:\/\/www.webdo.tn\/fr\/actualite\/blog\/le-csa-propose-la-couverture-mediatique-des-elections-en-tunisie\/172866\/"},"modified":"2011-04-19T09:18:00","modified_gmt":"2011-04-19T09:18:00","slug":"le-csa-propose-la-couverture-mediatique-des-elections-en-tunisie","status":"publish","type":"post","link":"https:\/\/www.webdo.tn\/fr\/actualite\/national\/le-csa-propose-la-couverture-mediatique-des-elections-en-tunisie\/172866\/","title":{"rendered":"Le CSA propose la couverture m\u00e9diatique des \u00e9lections en Tunisie"},"content":{"rendered":"<p>Dans trois mois, la Tunisie vivra un \u00e9v\u00e8nement de taille : les premi\u00e8res \u00e9lections \u00e0 l&rsquo;Assembl\u00e9e Constituante qui se d\u00e9rouleront (du moins on l\u2019esp\u00e8re) en toute impartialit\u00e9 et d\u00e9mocratie. A l\u2019occasion, la France vient d\u2019annoncer, selon la TAP, qu\u2019elle proposait son savoir-faire \u00e0 la Tunisie via le puissant Conseil Sup\u00e9rieur de l\u2019Audiovisuel (CSA) qui est sollicit\u00e9 pour assurer la couverture m\u00e9diatique de ces \u00e9lections qui risquent d\u2019\u00eatre sous haute tension.<\/p>\n<p>Sans r\u00e9elle surprise, c\u2019est Rachid Arhab, un Fran\u00e7ais d\u2019origine alg\u00e9rienne, qui a propos\u00e9 cette aide. Cet ancien animateur de France 2, \u00e9galement premi\u00e8re personnalit\u00e9 nord-africaine \u00e0 avoir fait son entr\u00e9e au CSA, propose une sorte de formatage \u00e0 l\u2019audiovisuel tunisien, qui il faut le reconna\u00eetre, est tr\u00e8s loin d\u2019\u00eatre expert en la mati\u00e8re. Ce formatage portera notamment sur le respect des r\u00e8gles de d\u00e9ontologie et la r\u00e9gulation de la couverture m\u00e9diatique.<\/p>\n<p>Par ailleurs, l\u2019objectif de Rachid Arhab veille \u00e0 garantir la libert\u00e9 de communication et d\u2019opinion mais surtout \u00e0 instaurer un syst\u00e8me de temps de parole des diff\u00e9rents partis politiques \u00e0 la t\u00e9l\u00e9vision comme c\u2019est le cas en France lors des \u00e9lections pr\u00e9sidentielles.<\/p>\n<p>Un vent nouveau souffle sur la Tunisie qui avait pris la mauvaise habitude de n\u2019avoir qu\u2019un seul et unique<br \/>\ncandidat \u00e0 sa propre succession ; les r\u00e8gles d\u00e9ontologiques et la libert\u00e9 de parole \u00e9tant compl\u00e8tement bafou\u00e9es d\u2019\u00e9lection en \u00e9lection.<\/p>\n<p>Cette fois, le CSA veillera bien \u00e0 ce que cette campagne audiovisuelle se passe dans les r\u00e8gles de l\u2019art en assurant aussi bien l\u2019organisation des \u00e9lections que la programmation et la diffusion des \u00e9missions relatives aux compagnes \u00e9lectorales. Des d\u00e9bats politiques en Tunisie, on n\u2019attend que \u00e7a !<\/p>\n","protected":false},"excerpt":{"rendered":"<p>Le CSA propose la couverture m\u00e9diatique des \u00e9lections en Tunisie<\/p>\n","protected":false},"author":3222,"featured_media":365461,"comment_status":"open","ping_status":"closed","sticky":false,"template":"","format":"standard","meta":{"footnotes":""},"categories":[44],"tags":[],"class_list":["post-172866","post","type-post","status-publish","format-standard","has-post-thumbnail","hentry","category-national"],"yoast_head":"<!-- This site is optimized with the Yoast SEO Premium plugin v27.4 (Yoast SEO v27.4) - https:\/\/yoast.com\/product\/yoast-seo-premium-wordpress\/ -->\n<title>Le CSA propose la couverture m\u00e9diatique des \u00e9lections en Tunisie<\/title>\n<meta name=\"description\" content=\"Le CSA propose la couverture m\u00e9diatique des \u00e9lections en Tunisie\" \/>\n<link rel=\"canonical\" href=\"https:\/\/www.webdo.tn\/fr\/actualite\/national\/le-csa-propose-la-couverture-mediatique-des-elections-en-tunisie\/172866\/\" \/>\n<meta property=\"og:locale\" content=\"fr_FR\" \/>\n<meta property=\"og:type\" content=\"article\" \/>\n<meta property=\"og:title\" content=\"Le CSA propose la couverture m\u00e9diatique des \u00e9lections en Tunisie\" \/>\n<meta property=\"og:description\" content=\"Le CSA propose la couverture m\u00e9diatique des \u00e9lections en Tunisie\" \/>\n<meta property=\"og:url\" content=\"https:\/\/www.webdo.tn\/fr\/actualite\/national\/le-csa-propose-la-couverture-mediatique-des-elections-en-tunisie\/172866\/\" \/>\n<meta property=\"og:site_name\" content=\"webdo\" \/>\n<meta property=\"article:publisher\" content=\"https:\/\/www.facebook.com\/webdotn\" \/>\n<meta property=\"article:published_time\" content=\"2011-04-19T09:18:00+00:00\" \/>\n<meta property=\"og:image\" content=\"https:\/\/www.webdo.tn\/fr\/wp-content\/uploads\/2011\/04\/Rachid-Arhab-150x150-1.jpg\" \/>\n\t<meta property=\"og:image:width\" content=\"150\" \/>\n\t<meta property=\"og:image:height\" content=\"150\" \/>\n\t<meta property=\"og:image:type\" content=\"image\/jpeg\" \/>\n<meta name=\"author\" content=\"webdo.tn\" \/>\n<meta name=\"twitter:card\" content=\"summary_large_image\" \/>\n<meta name=\"twitter:creator\" content=\"@webdo_tn\" \/>\n<meta name=\"twitter:site\" content=\"@webdo_tn\" \/>\n<meta name=\"twitter:label1\" content=\"\u00c9crit par\" \/>\n\t<meta name=\"twitter:data1\" content=\"webdo.tn\" \/>\n\t<meta name=\"twitter:label2\" content=\"Dur\u00e9e de lecture estim\u00e9e\" \/>\n\t<meta name=\"twitter:data2\" content=\"2 minutes\" \/>\n<script type=\"application\/ld+json\" class=\"yoast-schema-graph\">{\"@context\":\"https:\\\/\\\/schema.org\",\"@graph\":[{\"@type\":\"NewsArticle\",\"@id\":\"https:\\\/\\\/www.webdo.tn\\\/fr\\\/actualite\\\/national\\\/le-csa-propose-la-couverture-mediatique-des-elections-en-tunisie\\\/172866\\\/#article\",\"isPartOf\":{\"@id\":\"https:\\\/\\\/www.webdo.tn\\\/fr\\\/actualite\\\/national\\\/le-csa-propose-la-couverture-mediatique-des-elections-en-tunisie\\\/172866\\\/\"},\"author\":{\"name\":\"webdo.tn\",\"@id\":\"https:\\\/\\\/www.webdo.tn\\\/fr\\\/#\\\/schema\\\/person\\\/9a9c6118d687c117df8ef3cc36a4d175\"},\"headline\":\"Le CSA propose la couverture m\u00e9diatique des \u00e9lections en Tunisie\",\"datePublished\":\"2011-04-19T09:18:00+00:00\",\"mainEntityOfPage\":{\"@id\":\"https:\\\/\\\/www.webdo.tn\\\/fr\\\/actualite\\\/national\\\/le-csa-propose-la-couverture-mediatique-des-elections-en-tunisie\\\/172866\\\/\"},\"wordCount\":319,\"commentCount\":0,\"publisher\":{\"@id\":\"https:\\\/\\\/www.webdo.tn\\\/fr\\\/#organization\"},\"image\":{\"@id\":\"https:\\\/\\\/www.webdo.tn\\\/fr\\\/actualite\\\/national\\\/le-csa-propose-la-couverture-mediatique-des-elections-en-tunisie\\\/172866\\\/#primaryimage\"},\"thumbnailUrl\":\"https:\\\/\\\/www.webdo.tn\\\/fr\\\/wp-content\\\/uploads\\\/2011\\\/04\\\/Rachid-Arhab-150x150-1.jpg\",\"articleSection\":[\"National\"],\"inLanguage\":\"fr-FR\"},{\"@type\":\"WebPage\",\"@id\":\"https:\\\/\\\/www.webdo.tn\\\/fr\\\/actualite\\\/national\\\/le-csa-propose-la-couverture-mediatique-des-elections-en-tunisie\\\/172866\\\/\",\"url\":\"https:\\\/\\\/www.webdo.tn\\\/fr\\\/actualite\\\/national\\\/le-csa-propose-la-couverture-mediatique-des-elections-en-tunisie\\\/172866\\\/\",\"name\":\"Le CSA propose la couverture m\u00e9diatique des \u00e9lections en Tunisie\",\"isPartOf\":{\"@id\":\"https:\\\/\\\/www.webdo.tn\\\/fr\\\/#website\"},\"primaryImageOfPage\":{\"@id\":\"https:\\\/\\\/www.webdo.tn\\\/fr\\\/actualite\\\/national\\\/le-csa-propose-la-couverture-mediatique-des-elections-en-tunisie\\\/172866\\\/#primaryimage\"},\"image\":{\"@id\":\"https:\\\/\\\/www.webdo.tn\\\/fr\\\/actualite\\\/national\\\/le-csa-propose-la-couverture-mediatique-des-elections-en-tunisie\\\/172866\\\/#primaryimage\"},\"thumbnailUrl\":\"https:\\\/\\\/www.webdo.tn\\\/fr\\\/wp-content\\\/uploads\\\/2011\\\/04\\\/Rachid-Arhab-150x150-1.jpg\",\"datePublished\":\"2011-04-19T09:18:00+00:00\",\"description\":\"Le CSA propose la couverture m\u00e9diatique des \u00e9lections en Tunisie\",\"breadcrumb\":{\"@id\":\"https:\\\/\\\/www.webdo.tn\\\/fr\\\/actualite\\\/national\\\/le-csa-propose-la-couverture-mediatique-des-elections-en-tunisie\\\/172866\\\/#breadcrumb\"},\"inLanguage\":\"fr-FR\",\"potentialAction\":[{\"@type\":\"ReadAction\",\"target\":[\"https:\\\/\\\/www.webdo.tn\\\/fr\\\/actualite\\\/national\\\/le-csa-propose-la-couverture-mediatique-des-elections-en-tunisie\\\/172866\\\/\"]}]},{\"@type\":\"ImageObject\",\"inLanguage\":\"fr-FR\",\"@id\":\"https:\\\/\\\/www.webdo.tn\\\/fr\\\/actualite\\\/national\\\/le-csa-propose-la-couverture-mediatique-des-elections-en-tunisie\\\/172866\\\/#primaryimage\",\"url\":\"https:\\\/\\\/www.webdo.tn\\\/fr\\\/wp-content\\\/uploads\\\/2011\\\/04\\\/Rachid-Arhab-150x150-1.jpg\",\"contentUrl\":\"https:\\\/\\\/www.webdo.tn\\\/fr\\\/wp-content\\\/uploads\\\/2011\\\/04\\\/Rachid-Arhab-150x150-1.jpg\",\"width\":150,\"height\":150,\"caption\":\"Le CSA propose la couverture m\u00e9diatique des \u00e9lections en Tunisie\"},{\"@type\":\"BreadcrumbList\",\"@id\":\"https:\\\/\\\/www.webdo.tn\\\/fr\\\/actualite\\\/national\\\/le-csa-propose-la-couverture-mediatique-des-elections-en-tunisie\\\/172866\\\/#breadcrumb\",\"itemListElement\":[{\"@type\":\"ListItem\",\"position\":1,\"name\":\"Accueil\",\"item\":\"https:\\\/\\\/www.webdo.tn\\\/fr\\\/\"},{\"@type\":\"ListItem\",\"position\":2,\"name\":\"Le CSA propose la couverture m\u00e9diatique des \u00e9lections en Tunisie\"}]},{\"@type\":\"WebSite\",\"@id\":\"https:\\\/\\\/www.webdo.tn\\\/fr\\\/#website\",\"url\":\"https:\\\/\\\/www.webdo.tn\\\/fr\\\/\",\"name\":\"webdo\",\"description\":\"Tunisie - News en Tunisie et \u00e0 l&#039;international sur Webdo.tn\",\"publisher\":{\"@id\":\"https:\\\/\\\/www.webdo.tn\\\/fr\\\/#organization\"},\"potentialAction\":[{\"@type\":\"SearchAction\",\"target\":{\"@type\":\"EntryPoint\",\"urlTemplate\":\"https:\\\/\\\/www.webdo.tn\\\/fr\\\/?s={search_term_string}\"},\"query-input\":{\"@type\":\"PropertyValueSpecification\",\"valueRequired\":true,\"valueName\":\"search_term_string\"}}],\"inLanguage\":\"fr-FR\"},{\"@type\":\"Organization\",\"@id\":\"https:\\\/\\\/www.webdo.tn\\\/fr\\\/#organization\",\"name\":\"Webdo\",\"alternateName\":\"Webdo.tn\",\"url\":\"https:\\\/\\\/www.webdo.tn\\\/fr\\\/\",\"logo\":{\"@type\":\"ImageObject\",\"inLanguage\":\"fr-FR\",\"@id\":\"https:\\\/\\\/www.webdo.tn\\\/fr\\\/#\\\/schema\\\/logo\\\/image\\\/\",\"url\":\"https:\\\/\\\/www.webdo.tn\\\/fr\\\/wp-content\\\/uploads\\\/2025\\\/06\\\/Webdo-Tunisie_168377.jpg\",\"contentUrl\":\"https:\\\/\\\/www.webdo.tn\\\/fr\\\/wp-content\\\/uploads\\\/2025\\\/06\\\/Webdo-Tunisie_168377.jpg\",\"width\":301,\"height\":301,\"caption\":\"Webdo\"},\"image\":{\"@id\":\"https:\\\/\\\/www.webdo.tn\\\/fr\\\/#\\\/schema\\\/logo\\\/image\\\/\"},\"sameAs\":[\"https:\\\/\\\/www.facebook.com\\\/webdotn\",\"https:\\\/\\\/x.com\\\/webdo_tn\"],\"description\":\"Webdo est un m\u00e9dia num\u00e9rique tunisien fond\u00e9 en 2010, sp\u00e9cialis\u00e9 dans l\u2019actualit\u00e9 nationale et internationale, l\u2019\u00e9conomie, la soci\u00e9t\u00e9 et les analyses politiques. Le site s\u2019adresse \u00e0 un large public francophone et couvre l\u2019information tunisienne en temps r\u00e9el.\",\"email\":\"redac@webdo.tn\",\"legalName\":\"YNJ SARL\",\"foundingDate\":\"2010-09-06\",\"numberOfEmployees\":{\"@type\":\"QuantitativeValue\",\"minValue\":\"11\",\"maxValue\":\"50\"}},{\"@type\":\"Person\",\"@id\":\"https:\\\/\\\/www.webdo.tn\\\/fr\\\/#\\\/schema\\\/person\\\/9a9c6118d687c117df8ef3cc36a4d175\",\"name\":\"webdo.tn\",\"image\":{\"@type\":\"ImageObject\",\"inLanguage\":\"fr-FR\",\"@id\":\"https:\\\/\\\/secure.gravatar.com\\\/avatar\\\/7ce1f28c0c3bbac99ff550b85ef8e44a6950c6ee24514fb6a5489e51d06f0298?s=96&d=mm&r=g\",\"url\":\"https:\\\/\\\/secure.gravatar.com\\\/avatar\\\/7ce1f28c0c3bbac99ff550b85ef8e44a6950c6ee24514fb6a5489e51d06f0298?s=96&d=mm&r=g\",\"contentUrl\":\"https:\\\/\\\/secure.gravatar.com\\\/avatar\\\/7ce1f28c0c3bbac99ff550b85ef8e44a6950c6ee24514fb6a5489e51d06f0298?s=96&d=mm&r=g\",\"caption\":\"webdo.tn\"},\"url\":\"https:\\\/\\\/www.webdo.tn\\\/fr\\\/actualite\\\/author\\\/webdotn\\\/\"}]}<\/script>\n<!-- \/ Yoast SEO Premium plugin. -->","yoast_head_json":{"title":"Le CSA propose la couverture m\u00e9diatique des \u00e9lections en Tunisie","description":"Le CSA propose la couverture m\u00e9diatique des \u00e9lections en Tunisie","canonical":"https:\/\/www.webdo.tn\/fr\/actualite\/national\/le-csa-propose-la-couverture-mediatique-des-elections-en-tunisie\/172866\/","og_locale":"fr_FR","og_type":"article","og_title":"Le CSA propose la couverture m\u00e9diatique des \u00e9lections en Tunisie","og_description":"Le CSA propose la couverture m\u00e9diatique des \u00e9lections en Tunisie","og_url":"https:\/\/www.webdo.tn\/fr\/actualite\/national\/le-csa-propose-la-couverture-mediatique-des-elections-en-tunisie\/172866\/","og_site_name":"webdo","article_publisher":"https:\/\/www.facebook.com\/webdotn","article_published_time":"2011-04-19T09:18:00+00:00","og_image":[{"width":150,"height":150,"url":"https:\/\/www.webdo.tn\/fr\/wp-content\/uploads\/2011\/04\/Rachid-Arhab-150x150-1.jpg","type":"image\/jpeg"}],"author":"webdo.tn","twitter_card":"summary_large_image","twitter_creator":"@webdo_tn","twitter_site":"@webdo_tn","twitter_misc":{"\u00c9crit par":"webdo.tn","Dur\u00e9e de lecture estim\u00e9e":"2 minutes"},"schema":{"@context":"https:\/\/schema.org","@graph":[{"@type":"NewsArticle","@id":"https:\/\/www.webdo.tn\/fr\/actualite\/national\/le-csa-propose-la-couverture-mediatique-des-elections-en-tunisie\/172866\/#article","isPartOf":{"@id":"https:\/\/www.webdo.tn\/fr\/actualite\/national\/le-csa-propose-la-couverture-mediatique-des-elections-en-tunisie\/172866\/"},"author":{"name":"webdo.tn","@id":"https:\/\/www.webdo.tn\/fr\/#\/schema\/person\/9a9c6118d687c117df8ef3cc36a4d175"},"headline":"Le CSA propose la couverture m\u00e9diatique des \u00e9lections en Tunisie","datePublished":"2011-04-19T09:18:00+00:00","mainEntityOfPage":{"@id":"https:\/\/www.webdo.tn\/fr\/actualite\/national\/le-csa-propose-la-couverture-mediatique-des-elections-en-tunisie\/172866\/"},"wordCount":319,"commentCount":0,"publisher":{"@id":"https:\/\/www.webdo.tn\/fr\/#organization"},"image":{"@id":"https:\/\/www.webdo.tn\/fr\/actualite\/national\/le-csa-propose-la-couverture-mediatique-des-elections-en-tunisie\/172866\/#primaryimage"},"thumbnailUrl":"https:\/\/www.webdo.tn\/fr\/wp-content\/uploads\/2011\/04\/Rachid-Arhab-150x150-1.jpg","articleSection":["National"],"inLanguage":"fr-FR"},{"@type":"WebPage","@id":"https:\/\/www.webdo.tn\/fr\/actualite\/national\/le-csa-propose-la-couverture-mediatique-des-elections-en-tunisie\/172866\/","url":"https:\/\/www.webdo.tn\/fr\/actualite\/national\/le-csa-propose-la-couverture-mediatique-des-elections-en-tunisie\/172866\/","name":"Le CSA propose la couverture m\u00e9diatique des \u00e9lections en Tunisie","isPartOf":{"@id":"https:\/\/www.webdo.tn\/fr\/#website"},"primaryImageOfPage":{"@id":"https:\/\/www.webdo.tn\/fr\/actualite\/national\/le-csa-propose-la-couverture-mediatique-des-elections-en-tunisie\/172866\/#primaryimage"},"image":{"@id":"https:\/\/www.webdo.tn\/fr\/actualite\/national\/le-csa-propose-la-couverture-mediatique-des-elections-en-tunisie\/172866\/#primaryimage"},"thumbnailUrl":"https:\/\/www.webdo.tn\/fr\/wp-content\/uploads\/2011\/04\/Rachid-Arhab-150x150-1.jpg","datePublished":"2011-04-19T09:18:00+00:00","description":"Le CSA propose la couverture m\u00e9diatique des \u00e9lections en Tunisie","breadcrumb":{"@id":"https:\/\/www.webdo.tn\/fr\/actualite\/national\/le-csa-propose-la-couverture-mediatique-des-elections-en-tunisie\/172866\/#breadcrumb"},"inLanguage":"fr-FR","potentialAction":[{"@type":"ReadAction","target":["https:\/\/www.webdo.tn\/fr\/actualite\/national\/le-csa-propose-la-couverture-mediatique-des-elections-en-tunisie\/172866\/"]}]},{"@type":"ImageObject","inLanguage":"fr-FR","@id":"https:\/\/www.webdo.tn\/fr\/actualite\/national\/le-csa-propose-la-couverture-mediatique-des-elections-en-tunisie\/172866\/#primaryimage","url":"https:\/\/www.webdo.tn\/fr\/wp-content\/uploads\/2011\/04\/Rachid-Arhab-150x150-1.jpg","contentUrl":"https:\/\/www.webdo.tn\/fr\/wp-content\/uploads\/2011\/04\/Rachid-Arhab-150x150-1.jpg","width":150,"height":150,"caption":"Le CSA propose la couverture m\u00e9diatique des \u00e9lections en Tunisie"},{"@type":"BreadcrumbList","@id":"https:\/\/www.webdo.tn\/fr\/actualite\/national\/le-csa-propose-la-couverture-mediatique-des-elections-en-tunisie\/172866\/#breadcrumb","itemListElement":[{"@type":"ListItem","position":1,"name":"Accueil","item":"https:\/\/www.webdo.tn\/fr\/"},{"@type":"ListItem","position":2,"name":"Le CSA propose la couverture m\u00e9diatique des \u00e9lections en Tunisie"}]},{"@type":"WebSite","@id":"https:\/\/www.webdo.tn\/fr\/#website","url":"https:\/\/www.webdo.tn\/fr\/","name":"webdo","description":"Tunisie - News en Tunisie et \u00e0 l&#039;international sur Webdo.tn","publisher":{"@id":"https:\/\/www.webdo.tn\/fr\/#organization"},"potentialAction":[{"@type":"SearchAction","target":{"@type":"EntryPoint","urlTemplate":"https:\/\/www.webdo.tn\/fr\/?s={search_term_string}"},"query-input":{"@type":"PropertyValueSpecification","valueRequired":true,"valueName":"search_term_string"}}],"inLanguage":"fr-FR"},{"@type":"Organization","@id":"https:\/\/www.webdo.tn\/fr\/#organization","name":"Webdo","alternateName":"Webdo.tn","url":"https:\/\/www.webdo.tn\/fr\/","logo":{"@type":"ImageObject","inLanguage":"fr-FR","@id":"https:\/\/www.webdo.tn\/fr\/#\/schema\/logo\/image\/","url":"https:\/\/www.webdo.tn\/fr\/wp-content\/uploads\/2025\/06\/Webdo-Tunisie_168377.jpg","contentUrl":"https:\/\/www.webdo.tn\/fr\/wp-content\/uploads\/2025\/06\/Webdo-Tunisie_168377.jpg","width":301,"height":301,"caption":"Webdo"},"image":{"@id":"https:\/\/www.webdo.tn\/fr\/#\/schema\/logo\/image\/"},"sameAs":["https:\/\/www.facebook.com\/webdotn","https:\/\/x.com\/webdo_tn"],"description":"Webdo est un m\u00e9dia num\u00e9rique tunisien fond\u00e9 en 2010, sp\u00e9cialis\u00e9 dans l\u2019actualit\u00e9 nationale et internationale, l\u2019\u00e9conomie, la soci\u00e9t\u00e9 et les analyses politiques. Le site s\u2019adresse \u00e0 un large public francophone et couvre l\u2019information tunisienne en temps r\u00e9el.","email":"redac@webdo.tn","legalName":"YNJ SARL","foundingDate":"2010-09-06","numberOfEmployees":{"@type":"QuantitativeValue","minValue":"11","maxValue":"50"}},{"@type":"Person","@id":"https:\/\/www.webdo.tn\/fr\/#\/schema\/person\/9a9c6118d687c117df8ef3cc36a4d175","name":"webdo.tn","image":{"@type":"ImageObject","inLanguage":"fr-FR","@id":"https:\/\/secure.gravatar.com\/avatar\/7ce1f28c0c3bbac99ff550b85ef8e44a6950c6ee24514fb6a5489e51d06f0298?s=96&d=mm&r=g","url":"https:\/\/secure.gravatar.com\/avatar\/7ce1f28c0c3bbac99ff550b85ef8e44a6950c6ee24514fb6a5489e51d06f0298?s=96&d=mm&r=g","contentUrl":"https:\/\/secure.gravatar.com\/avatar\/7ce1f28c0c3bbac99ff550b85ef8e44a6950c6ee24514fb6a5489e51d06f0298?s=96&d=mm&r=g","caption":"webdo.tn"},"url":"https:\/\/www.webdo.tn\/fr\/actualite\/author\/webdotn\/"}]}},"_links":{"self":[{"href":"https:\/\/www.webdo.tn\/fr\/wp-json\/wp\/v2\/posts\/172866","targetHints":{"allow":["GET"]}}],"collection":[{"href":"https:\/\/www.webdo.tn\/fr\/wp-json\/wp\/v2\/posts"}],"about":[{"href":"https:\/\/www.webdo.tn\/fr\/wp-json\/wp\/v2\/types\/post"}],"author":[{"embeddable":true,"href":"https:\/\/www.webdo.tn\/fr\/wp-json\/wp\/v2\/users\/3222"}],"replies":[{"embeddable":true,"href":"https:\/\/www.webdo.tn\/fr\/wp-json\/wp\/v2\/comments?post=172866"}],"version-history":[{"count":0,"href":"https:\/\/www.webdo.tn\/fr\/wp-json\/wp\/v2\/posts\/172866\/revisions"}],"wp:featuredmedia":[{"embeddable":true,"href":"https:\/\/www.webdo.tn\/fr\/wp-json\/wp\/v2\/media\/365461"}],"wp:attachment":[{"href":"https:\/\/www.webdo.tn\/fr\/wp-json\/wp\/v2\/media?parent=172866"}],"wp:term":[{"taxonomy":"category","embeddable":true,"href":"https:\/\/www.webdo.tn\/fr\/wp-json\/wp\/v2\/categories?post=172866"},{"taxonomy":"post_tag","embeddable":true,"href":"https:\/\/www.webdo.tn\/fr\/wp-json\/wp\/v2\/tags?post=172866"}],"curies":[{"name":"wp","href":"https:\/\/api.w.org\/{rel}","templated":true}]}}