{"id":172863,"date":"2011-04-20T18:39:00","date_gmt":"2011-04-20T18:39:00","guid":{"rendered":"https:\/\/www.webdo.tn\/fr\/actualite\/blog\/visite-dalain-juppe-les-immigres-rapportent-350-millions-d-euros-a-la-tunisie\/172863\/"},"modified":"2011-04-20T18:39:00","modified_gmt":"2011-04-20T18:39:00","slug":"visite-dalain-juppe-les-immigres-rapportent-350-millions-d-euros-a-la-tunisie","status":"publish","type":"post","link":"https:\/\/www.webdo.tn\/fr\/actualite\/national\/visite-dalain-juppe-les-immigres-rapportent-350-millions-d-euros-a-la-tunisie\/172863\/","title":{"rendered":"Visite d&rsquo;Alain Jupp\u00e9 : les immigr\u00e9s \u00ab\u00a0rapportent\u00a0\u00bb 350 millions d\u2019euros \u00e0 la Tunisie"},"content":{"rendered":"<p>Depuis le d\u00e9but de la r\u00e9volution tunisienne, la France ne nous a pas \u00e9t\u00e9 d\u2019un grand soutien. Les relations se sont m\u00eame d\u00e9grad\u00e9es avec la r\u00e9v\u00e9lation des relations \u00ab personnelles \u00bb entre l\u2019ex-ministre des affaires \u00e9trang\u00e8res MAM et le clan Ben Ali. Et c\u2019est en ce sens que le ministre des Affaires \u00c9trang\u00e8res Alain Jupp\u00e9 nous a rendu visite cette semaine.<\/p>\n<p>D\u2019autant plus, que la France a d\u00e9clar\u00e9, la semaine derni\u00e8re, que les immigrants tunisiens se trouvant \u00e0 Lampedusa, et \u00e0 qui le gouvernement italien avait accord\u00e9 un libre d\u00e9placement dans l\u2019espace Schengen les trois prochains mois, n\u2019\u00e9taient pas les bienvenus en Hexagone. Le gouvernement fran\u00e7ais a m\u00eame r\u00e9tabli la v\u00e9rification des identit\u00e9s \u00e0 ses fronti\u00e8res.<\/p>\n<p>Avec, donc pour objectif de raccommoder les relations bilat\u00e9rales entre la France et la Tunisie, Alain Jupp\u00e9 a salu\u00e9 \u00ab le grand mouvement d\u00e9clench\u00e9 \u00e0 partir de Tunis et qui touche le monde arabe \u00bb et a exprim\u00e9 \u00ab le soutien de la France sur tous les plans, politique et \u00e9conomique \u00bb.<\/p>\n<p>En outre, Alain Jupp\u00e9 a annonc\u00e9 une aide d\u2019environ 350 millions d\u2019euros sur la p\u00e9riode 2011-2012. Cette enveloppe sera vers\u00e9e \u00ab rapidement aux projets correspondants aux priorit\u00e9s du gouvernement tunisien, notamment dans les domaines de la formation, du ch\u00f4mage, et tout ce qui concerne la gouvernance \u00bb. <\/p>\n<p>Toujours dans son op\u00e9ration s\u00e9duction, Alain Jupp\u00e9 a rappel\u00e9 que \u00ab La France n&rsquo;est pas un pays ferm\u00e9. Nous accueillons chaque ann\u00e9e 200.000 \u00e9trangers, la communaut\u00e9 tunisienne compte 500.000 personnes, dont 13.000 \u00e9tudiants et le taux de refus de visas est de 10%. \u00bb<\/p>\n<p>Le ministre fran\u00e7ais a \u00e9galement transmis une invitation \u00e0 Mr. Beji Ca\u00efd Essebsi du pr\u00e9sident fran\u00e7ais Nicolas Sarkozy pour assister au sommet du G8 les 26 et 27 mai prochains.<\/p>\n","protected":false},"excerpt":{"rendered":"<p>Visite d&rsquo;Alain Jupp\u00e9 : les immigr\u00e9s  rapportent  350 millions d\u2019euros \u00e0 la Tunisie <\/p>\n","protected":false},"author":3222,"featured_media":365442,"comment_status":"open","ping_status":"closed","sticky":false,"template":"","format":"standard","meta":{"footnotes":""},"categories":[44],"tags":[],"class_list":["post-172863","post","type-post","status-publish","format-standard","has-post-thumbnail","hentry","category-national"],"yoast_head":"<!-- This site is optimized with the Yoast SEO Premium plugin v27.4 (Yoast SEO v27.4) - https:\/\/yoast.com\/product\/yoast-seo-premium-wordpress\/ -->\n<title>Visite d&#039;Alain Jupp\u00e9 : les immigr\u00e9s rapportent 350 millions d\u2019euros \u00e0 la Tunisie<\/title>\n<meta name=\"description\" content=\"Visite d&#039;Alain Jupp\u00e9 : les immigr\u00e9s rapportent 350 millions d\u2019euros \u00e0 la Tunisie\" \/>\n<link rel=\"canonical\" href=\"https:\/\/www.webdo.tn\/fr\/actualite\/national\/visite-dalain-juppe-les-immigres-rapportent-350-millions-d-euros-a-la-tunisie\/172863\/\" \/>\n<meta property=\"og:locale\" content=\"fr_FR\" \/>\n<meta property=\"og:type\" content=\"article\" \/>\n<meta property=\"og:title\" content=\"Visite d&#039;Alain Jupp\u00e9 : les immigr\u00e9s &quot;rapportent&quot; 350 millions d\u2019euros \u00e0 la Tunisie\" \/>\n<meta property=\"og:description\" content=\"Visite d&#039;Alain Jupp\u00e9 : les immigr\u00e9s rapportent 350 millions d\u2019euros \u00e0 la Tunisie\" \/>\n<meta property=\"og:url\" content=\"https:\/\/www.webdo.tn\/fr\/actualite\/national\/visite-dalain-juppe-les-immigres-rapportent-350-millions-d-euros-a-la-tunisie\/172863\/\" \/>\n<meta property=\"og:site_name\" content=\"webdo\" \/>\n<meta property=\"article:publisher\" content=\"https:\/\/www.facebook.com\/webdotn\" \/>\n<meta property=\"article:published_time\" content=\"2011-04-20T18:39:00+00:00\" \/>\n<meta property=\"og:image\" content=\"https:\/\/www.webdo.tn\/fr\/wp-content\/uploads\/2011\/04\/juppe1-150x150-1.jpg\" \/>\n\t<meta property=\"og:image:width\" content=\"150\" \/>\n\t<meta property=\"og:image:height\" content=\"150\" \/>\n\t<meta property=\"og:image:type\" content=\"image\/jpeg\" \/>\n<meta name=\"author\" content=\"webdo.tn\" \/>\n<meta name=\"twitter:card\" content=\"summary_large_image\" \/>\n<meta name=\"twitter:creator\" content=\"@webdo_tn\" \/>\n<meta name=\"twitter:site\" content=\"@webdo_tn\" \/>\n<meta name=\"twitter:label1\" content=\"\u00c9crit par\" \/>\n\t<meta name=\"twitter:data1\" content=\"webdo.tn\" \/>\n\t<meta name=\"twitter:label2\" content=\"Dur\u00e9e de lecture estim\u00e9e\" \/>\n\t<meta name=\"twitter:data2\" content=\"2 minutes\" \/>\n<script type=\"application\/ld+json\" class=\"yoast-schema-graph\">{\"@context\":\"https:\\\/\\\/schema.org\",\"@graph\":[{\"@type\":\"NewsArticle\",\"@id\":\"https:\\\/\\\/www.webdo.tn\\\/fr\\\/actualite\\\/national\\\/visite-dalain-juppe-les-immigres-rapportent-350-millions-d-euros-a-la-tunisie\\\/172863\\\/#article\",\"isPartOf\":{\"@id\":\"https:\\\/\\\/www.webdo.tn\\\/fr\\\/actualite\\\/national\\\/visite-dalain-juppe-les-immigres-rapportent-350-millions-d-euros-a-la-tunisie\\\/172863\\\/\"},\"author\":{\"name\":\"webdo.tn\",\"@id\":\"https:\\\/\\\/www.webdo.tn\\\/fr\\\/#\\\/schema\\\/person\\\/9a9c6118d687c117df8ef3cc36a4d175\"},\"headline\":\"Visite d&rsquo;Alain Jupp\u00e9 : les immigr\u00e9s \u00ab\u00a0rapportent\u00a0\u00bb 350 millions d\u2019euros \u00e0 la Tunisie\",\"datePublished\":\"2011-04-20T18:39:00+00:00\",\"mainEntityOfPage\":{\"@id\":\"https:\\\/\\\/www.webdo.tn\\\/fr\\\/actualite\\\/national\\\/visite-dalain-juppe-les-immigres-rapportent-350-millions-d-euros-a-la-tunisie\\\/172863\\\/\"},\"wordCount\":320,\"commentCount\":0,\"publisher\":{\"@id\":\"https:\\\/\\\/www.webdo.tn\\\/fr\\\/#organization\"},\"image\":{\"@id\":\"https:\\\/\\\/www.webdo.tn\\\/fr\\\/actualite\\\/national\\\/visite-dalain-juppe-les-immigres-rapportent-350-millions-d-euros-a-la-tunisie\\\/172863\\\/#primaryimage\"},\"thumbnailUrl\":\"https:\\\/\\\/www.webdo.tn\\\/fr\\\/wp-content\\\/uploads\\\/2011\\\/04\\\/juppe1-150x150-1.jpg\",\"articleSection\":[\"National\"],\"inLanguage\":\"fr-FR\"},{\"@type\":\"WebPage\",\"@id\":\"https:\\\/\\\/www.webdo.tn\\\/fr\\\/actualite\\\/national\\\/visite-dalain-juppe-les-immigres-rapportent-350-millions-d-euros-a-la-tunisie\\\/172863\\\/\",\"url\":\"https:\\\/\\\/www.webdo.tn\\\/fr\\\/actualite\\\/national\\\/visite-dalain-juppe-les-immigres-rapportent-350-millions-d-euros-a-la-tunisie\\\/172863\\\/\",\"name\":\"Visite d'Alain Jupp\u00e9 : les immigr\u00e9s rapportent 350 millions d\u2019euros \u00e0 la Tunisie\",\"isPartOf\":{\"@id\":\"https:\\\/\\\/www.webdo.tn\\\/fr\\\/#website\"},\"primaryImageOfPage\":{\"@id\":\"https:\\\/\\\/www.webdo.tn\\\/fr\\\/actualite\\\/national\\\/visite-dalain-juppe-les-immigres-rapportent-350-millions-d-euros-a-la-tunisie\\\/172863\\\/#primaryimage\"},\"image\":{\"@id\":\"https:\\\/\\\/www.webdo.tn\\\/fr\\\/actualite\\\/national\\\/visite-dalain-juppe-les-immigres-rapportent-350-millions-d-euros-a-la-tunisie\\\/172863\\\/#primaryimage\"},\"thumbnailUrl\":\"https:\\\/\\\/www.webdo.tn\\\/fr\\\/wp-content\\\/uploads\\\/2011\\\/04\\\/juppe1-150x150-1.jpg\",\"datePublished\":\"2011-04-20T18:39:00+00:00\",\"description\":\"Visite d'Alain Jupp\u00e9 : les immigr\u00e9s rapportent 350 millions d\u2019euros \u00e0 la Tunisie\",\"breadcrumb\":{\"@id\":\"https:\\\/\\\/www.webdo.tn\\\/fr\\\/actualite\\\/national\\\/visite-dalain-juppe-les-immigres-rapportent-350-millions-d-euros-a-la-tunisie\\\/172863\\\/#breadcrumb\"},\"inLanguage\":\"fr-FR\",\"potentialAction\":[{\"@type\":\"ReadAction\",\"target\":[\"https:\\\/\\\/www.webdo.tn\\\/fr\\\/actualite\\\/national\\\/visite-dalain-juppe-les-immigres-rapportent-350-millions-d-euros-a-la-tunisie\\\/172863\\\/\"]}]},{\"@type\":\"ImageObject\",\"inLanguage\":\"fr-FR\",\"@id\":\"https:\\\/\\\/www.webdo.tn\\\/fr\\\/actualite\\\/national\\\/visite-dalain-juppe-les-immigres-rapportent-350-millions-d-euros-a-la-tunisie\\\/172863\\\/#primaryimage\",\"url\":\"https:\\\/\\\/www.webdo.tn\\\/fr\\\/wp-content\\\/uploads\\\/2011\\\/04\\\/juppe1-150x150-1.jpg\",\"contentUrl\":\"https:\\\/\\\/www.webdo.tn\\\/fr\\\/wp-content\\\/uploads\\\/2011\\\/04\\\/juppe1-150x150-1.jpg\",\"width\":150,\"height\":150,\"caption\":\"Visite d'Alain Jupp\u00e9 : les immigr\u00e9s \\\"rapportent\\\" 350 millions d\u2019euros \u00e0 la Tunisie\"},{\"@type\":\"BreadcrumbList\",\"@id\":\"https:\\\/\\\/www.webdo.tn\\\/fr\\\/actualite\\\/national\\\/visite-dalain-juppe-les-immigres-rapportent-350-millions-d-euros-a-la-tunisie\\\/172863\\\/#breadcrumb\",\"itemListElement\":[{\"@type\":\"ListItem\",\"position\":1,\"name\":\"Accueil\",\"item\":\"https:\\\/\\\/www.webdo.tn\\\/fr\\\/\"},{\"@type\":\"ListItem\",\"position\":2,\"name\":\"Visite d&rsquo;Alain Jupp\u00e9 : les immigr\u00e9s \u00ab\u00a0rapportent\u00a0\u00bb 350 millions d\u2019euros \u00e0 la Tunisie\"}]},{\"@type\":\"WebSite\",\"@id\":\"https:\\\/\\\/www.webdo.tn\\\/fr\\\/#website\",\"url\":\"https:\\\/\\\/www.webdo.tn\\\/fr\\\/\",\"name\":\"webdo\",\"description\":\"Tunisie - News en Tunisie et \u00e0 l&#039;international sur Webdo.tn\",\"publisher\":{\"@id\":\"https:\\\/\\\/www.webdo.tn\\\/fr\\\/#organization\"},\"potentialAction\":[{\"@type\":\"SearchAction\",\"target\":{\"@type\":\"EntryPoint\",\"urlTemplate\":\"https:\\\/\\\/www.webdo.tn\\\/fr\\\/?s={search_term_string}\"},\"query-input\":{\"@type\":\"PropertyValueSpecification\",\"valueRequired\":true,\"valueName\":\"search_term_string\"}}],\"inLanguage\":\"fr-FR\"},{\"@type\":\"Organization\",\"@id\":\"https:\\\/\\\/www.webdo.tn\\\/fr\\\/#organization\",\"name\":\"Webdo\",\"alternateName\":\"Webdo.tn\",\"url\":\"https:\\\/\\\/www.webdo.tn\\\/fr\\\/\",\"logo\":{\"@type\":\"ImageObject\",\"inLanguage\":\"fr-FR\",\"@id\":\"https:\\\/\\\/www.webdo.tn\\\/fr\\\/#\\\/schema\\\/logo\\\/image\\\/\",\"url\":\"https:\\\/\\\/www.webdo.tn\\\/fr\\\/wp-content\\\/uploads\\\/2025\\\/06\\\/Webdo-Tunisie_168377.jpg\",\"contentUrl\":\"https:\\\/\\\/www.webdo.tn\\\/fr\\\/wp-content\\\/uploads\\\/2025\\\/06\\\/Webdo-Tunisie_168377.jpg\",\"width\":301,\"height\":301,\"caption\":\"Webdo\"},\"image\":{\"@id\":\"https:\\\/\\\/www.webdo.tn\\\/fr\\\/#\\\/schema\\\/logo\\\/image\\\/\"},\"sameAs\":[\"https:\\\/\\\/www.facebook.com\\\/webdotn\",\"https:\\\/\\\/x.com\\\/webdo_tn\"],\"description\":\"Webdo est un m\u00e9dia num\u00e9rique tunisien fond\u00e9 en 2010, sp\u00e9cialis\u00e9 dans l\u2019actualit\u00e9 nationale et internationale, l\u2019\u00e9conomie, la soci\u00e9t\u00e9 et les analyses politiques. Le site s\u2019adresse \u00e0 un large public francophone et couvre l\u2019information tunisienne en temps r\u00e9el.\",\"email\":\"redac@webdo.tn\",\"legalName\":\"YNJ SARL\",\"foundingDate\":\"2010-09-06\",\"numberOfEmployees\":{\"@type\":\"QuantitativeValue\",\"minValue\":\"11\",\"maxValue\":\"50\"}},{\"@type\":\"Person\",\"@id\":\"https:\\\/\\\/www.webdo.tn\\\/fr\\\/#\\\/schema\\\/person\\\/9a9c6118d687c117df8ef3cc36a4d175\",\"name\":\"webdo.tn\",\"image\":{\"@type\":\"ImageObject\",\"inLanguage\":\"fr-FR\",\"@id\":\"https:\\\/\\\/secure.gravatar.com\\\/avatar\\\/7ce1f28c0c3bbac99ff550b85ef8e44a6950c6ee24514fb6a5489e51d06f0298?s=96&d=mm&r=g\",\"url\":\"https:\\\/\\\/secure.gravatar.com\\\/avatar\\\/7ce1f28c0c3bbac99ff550b85ef8e44a6950c6ee24514fb6a5489e51d06f0298?s=96&d=mm&r=g\",\"contentUrl\":\"https:\\\/\\\/secure.gravatar.com\\\/avatar\\\/7ce1f28c0c3bbac99ff550b85ef8e44a6950c6ee24514fb6a5489e51d06f0298?s=96&d=mm&r=g\",\"caption\":\"webdo.tn\"},\"url\":\"https:\\\/\\\/www.webdo.tn\\\/fr\\\/actualite\\\/author\\\/webdotn\\\/\"}]}<\/script>\n<!-- \/ Yoast SEO Premium plugin. -->","yoast_head_json":{"title":"Visite d'Alain Jupp\u00e9 : les immigr\u00e9s rapportent 350 millions d\u2019euros \u00e0 la Tunisie","description":"Visite d'Alain Jupp\u00e9 : les immigr\u00e9s rapportent 350 millions d\u2019euros \u00e0 la Tunisie","canonical":"https:\/\/www.webdo.tn\/fr\/actualite\/national\/visite-dalain-juppe-les-immigres-rapportent-350-millions-d-euros-a-la-tunisie\/172863\/","og_locale":"fr_FR","og_type":"article","og_title":"Visite d'Alain Jupp\u00e9 : les immigr\u00e9s \"rapportent\" 350 millions d\u2019euros \u00e0 la Tunisie","og_description":"Visite d'Alain Jupp\u00e9 : les immigr\u00e9s rapportent 350 millions d\u2019euros \u00e0 la Tunisie","og_url":"https:\/\/www.webdo.tn\/fr\/actualite\/national\/visite-dalain-juppe-les-immigres-rapportent-350-millions-d-euros-a-la-tunisie\/172863\/","og_site_name":"webdo","article_publisher":"https:\/\/www.facebook.com\/webdotn","article_published_time":"2011-04-20T18:39:00+00:00","og_image":[{"width":150,"height":150,"url":"https:\/\/www.webdo.tn\/fr\/wp-content\/uploads\/2011\/04\/juppe1-150x150-1.jpg","type":"image\/jpeg"}],"author":"webdo.tn","twitter_card":"summary_large_image","twitter_creator":"@webdo_tn","twitter_site":"@webdo_tn","twitter_misc":{"\u00c9crit par":"webdo.tn","Dur\u00e9e de lecture estim\u00e9e":"2 minutes"},"schema":{"@context":"https:\/\/schema.org","@graph":[{"@type":"NewsArticle","@id":"https:\/\/www.webdo.tn\/fr\/actualite\/national\/visite-dalain-juppe-les-immigres-rapportent-350-millions-d-euros-a-la-tunisie\/172863\/#article","isPartOf":{"@id":"https:\/\/www.webdo.tn\/fr\/actualite\/national\/visite-dalain-juppe-les-immigres-rapportent-350-millions-d-euros-a-la-tunisie\/172863\/"},"author":{"name":"webdo.tn","@id":"https:\/\/www.webdo.tn\/fr\/#\/schema\/person\/9a9c6118d687c117df8ef3cc36a4d175"},"headline":"Visite d&rsquo;Alain Jupp\u00e9 : les immigr\u00e9s \u00ab\u00a0rapportent\u00a0\u00bb 350 millions d\u2019euros \u00e0 la Tunisie","datePublished":"2011-04-20T18:39:00+00:00","mainEntityOfPage":{"@id":"https:\/\/www.webdo.tn\/fr\/actualite\/national\/visite-dalain-juppe-les-immigres-rapportent-350-millions-d-euros-a-la-tunisie\/172863\/"},"wordCount":320,"commentCount":0,"publisher":{"@id":"https:\/\/www.webdo.tn\/fr\/#organization"},"image":{"@id":"https:\/\/www.webdo.tn\/fr\/actualite\/national\/visite-dalain-juppe-les-immigres-rapportent-350-millions-d-euros-a-la-tunisie\/172863\/#primaryimage"},"thumbnailUrl":"https:\/\/www.webdo.tn\/fr\/wp-content\/uploads\/2011\/04\/juppe1-150x150-1.jpg","articleSection":["National"],"inLanguage":"fr-FR"},{"@type":"WebPage","@id":"https:\/\/www.webdo.tn\/fr\/actualite\/national\/visite-dalain-juppe-les-immigres-rapportent-350-millions-d-euros-a-la-tunisie\/172863\/","url":"https:\/\/www.webdo.tn\/fr\/actualite\/national\/visite-dalain-juppe-les-immigres-rapportent-350-millions-d-euros-a-la-tunisie\/172863\/","name":"Visite d'Alain Jupp\u00e9 : les immigr\u00e9s rapportent 350 millions d\u2019euros \u00e0 la Tunisie","isPartOf":{"@id":"https:\/\/www.webdo.tn\/fr\/#website"},"primaryImageOfPage":{"@id":"https:\/\/www.webdo.tn\/fr\/actualite\/national\/visite-dalain-juppe-les-immigres-rapportent-350-millions-d-euros-a-la-tunisie\/172863\/#primaryimage"},"image":{"@id":"https:\/\/www.webdo.tn\/fr\/actualite\/national\/visite-dalain-juppe-les-immigres-rapportent-350-millions-d-euros-a-la-tunisie\/172863\/#primaryimage"},"thumbnailUrl":"https:\/\/www.webdo.tn\/fr\/wp-content\/uploads\/2011\/04\/juppe1-150x150-1.jpg","datePublished":"2011-04-20T18:39:00+00:00","description":"Visite d'Alain Jupp\u00e9 : les immigr\u00e9s rapportent 350 millions d\u2019euros \u00e0 la Tunisie","breadcrumb":{"@id":"https:\/\/www.webdo.tn\/fr\/actualite\/national\/visite-dalain-juppe-les-immigres-rapportent-350-millions-d-euros-a-la-tunisie\/172863\/#breadcrumb"},"inLanguage":"fr-FR","potentialAction":[{"@type":"ReadAction","target":["https:\/\/www.webdo.tn\/fr\/actualite\/national\/visite-dalain-juppe-les-immigres-rapportent-350-millions-d-euros-a-la-tunisie\/172863\/"]}]},{"@type":"ImageObject","inLanguage":"fr-FR","@id":"https:\/\/www.webdo.tn\/fr\/actualite\/national\/visite-dalain-juppe-les-immigres-rapportent-350-millions-d-euros-a-la-tunisie\/172863\/#primaryimage","url":"https:\/\/www.webdo.tn\/fr\/wp-content\/uploads\/2011\/04\/juppe1-150x150-1.jpg","contentUrl":"https:\/\/www.webdo.tn\/fr\/wp-content\/uploads\/2011\/04\/juppe1-150x150-1.jpg","width":150,"height":150,"caption":"Visite d'Alain Jupp\u00e9 : les immigr\u00e9s \"rapportent\" 350 millions d\u2019euros \u00e0 la Tunisie"},{"@type":"BreadcrumbList","@id":"https:\/\/www.webdo.tn\/fr\/actualite\/national\/visite-dalain-juppe-les-immigres-rapportent-350-millions-d-euros-a-la-tunisie\/172863\/#breadcrumb","itemListElement":[{"@type":"ListItem","position":1,"name":"Accueil","item":"https:\/\/www.webdo.tn\/fr\/"},{"@type":"ListItem","position":2,"name":"Visite d&rsquo;Alain Jupp\u00e9 : les immigr\u00e9s \u00ab\u00a0rapportent\u00a0\u00bb 350 millions d\u2019euros \u00e0 la Tunisie"}]},{"@type":"WebSite","@id":"https:\/\/www.webdo.tn\/fr\/#website","url":"https:\/\/www.webdo.tn\/fr\/","name":"webdo","description":"Tunisie - News en Tunisie et \u00e0 l&#039;international sur Webdo.tn","publisher":{"@id":"https:\/\/www.webdo.tn\/fr\/#organization"},"potentialAction":[{"@type":"SearchAction","target":{"@type":"EntryPoint","urlTemplate":"https:\/\/www.webdo.tn\/fr\/?s={search_term_string}"},"query-input":{"@type":"PropertyValueSpecification","valueRequired":true,"valueName":"search_term_string"}}],"inLanguage":"fr-FR"},{"@type":"Organization","@id":"https:\/\/www.webdo.tn\/fr\/#organization","name":"Webdo","alternateName":"Webdo.tn","url":"https:\/\/www.webdo.tn\/fr\/","logo":{"@type":"ImageObject","inLanguage":"fr-FR","@id":"https:\/\/www.webdo.tn\/fr\/#\/schema\/logo\/image\/","url":"https:\/\/www.webdo.tn\/fr\/wp-content\/uploads\/2025\/06\/Webdo-Tunisie_168377.jpg","contentUrl":"https:\/\/www.webdo.tn\/fr\/wp-content\/uploads\/2025\/06\/Webdo-Tunisie_168377.jpg","width":301,"height":301,"caption":"Webdo"},"image":{"@id":"https:\/\/www.webdo.tn\/fr\/#\/schema\/logo\/image\/"},"sameAs":["https:\/\/www.facebook.com\/webdotn","https:\/\/x.com\/webdo_tn"],"description":"Webdo est un m\u00e9dia num\u00e9rique tunisien fond\u00e9 en 2010, sp\u00e9cialis\u00e9 dans l\u2019actualit\u00e9 nationale et internationale, l\u2019\u00e9conomie, la soci\u00e9t\u00e9 et les analyses politiques. Le site s\u2019adresse \u00e0 un large public francophone et couvre l\u2019information tunisienne en temps r\u00e9el.","email":"redac@webdo.tn","legalName":"YNJ SARL","foundingDate":"2010-09-06","numberOfEmployees":{"@type":"QuantitativeValue","minValue":"11","maxValue":"50"}},{"@type":"Person","@id":"https:\/\/www.webdo.tn\/fr\/#\/schema\/person\/9a9c6118d687c117df8ef3cc36a4d175","name":"webdo.tn","image":{"@type":"ImageObject","inLanguage":"fr-FR","@id":"https:\/\/secure.gravatar.com\/avatar\/7ce1f28c0c3bbac99ff550b85ef8e44a6950c6ee24514fb6a5489e51d06f0298?s=96&d=mm&r=g","url":"https:\/\/secure.gravatar.com\/avatar\/7ce1f28c0c3bbac99ff550b85ef8e44a6950c6ee24514fb6a5489e51d06f0298?s=96&d=mm&r=g","contentUrl":"https:\/\/secure.gravatar.com\/avatar\/7ce1f28c0c3bbac99ff550b85ef8e44a6950c6ee24514fb6a5489e51d06f0298?s=96&d=mm&r=g","caption":"webdo.tn"},"url":"https:\/\/www.webdo.tn\/fr\/actualite\/author\/webdotn\/"}]}},"_links":{"self":[{"href":"https:\/\/www.webdo.tn\/fr\/wp-json\/wp\/v2\/posts\/172863","targetHints":{"allow":["GET"]}}],"collection":[{"href":"https:\/\/www.webdo.tn\/fr\/wp-json\/wp\/v2\/posts"}],"about":[{"href":"https:\/\/www.webdo.tn\/fr\/wp-json\/wp\/v2\/types\/post"}],"author":[{"embeddable":true,"href":"https:\/\/www.webdo.tn\/fr\/wp-json\/wp\/v2\/users\/3222"}],"replies":[{"embeddable":true,"href":"https:\/\/www.webdo.tn\/fr\/wp-json\/wp\/v2\/comments?post=172863"}],"version-history":[{"count":0,"href":"https:\/\/www.webdo.tn\/fr\/wp-json\/wp\/v2\/posts\/172863\/revisions"}],"wp:featuredmedia":[{"embeddable":true,"href":"https:\/\/www.webdo.tn\/fr\/wp-json\/wp\/v2\/media\/365442"}],"wp:attachment":[{"href":"https:\/\/www.webdo.tn\/fr\/wp-json\/wp\/v2\/media?parent=172863"}],"wp:term":[{"taxonomy":"category","embeddable":true,"href":"https:\/\/www.webdo.tn\/fr\/wp-json\/wp\/v2\/categories?post=172863"},{"taxonomy":"post_tag","embeddable":true,"href":"https:\/\/www.webdo.tn\/fr\/wp-json\/wp\/v2\/tags?post=172863"}],"curies":[{"name":"wp","href":"https:\/\/api.w.org\/{rel}","templated":true}]}}