{"id":172850,"date":"2011-04-29T22:37:00","date_gmt":"2011-04-29T22:37:00","guid":{"rendered":"https:\/\/www.webdo.tn\/fr\/actualite\/blog\/5-penitenciers-se-vident-le-meme-jour-coincidence-dites-vous\/172850\/"},"modified":"2011-04-29T22:37:00","modified_gmt":"2011-04-29T22:37:00","slug":"5-penitenciers-se-vident-le-meme-jour-coincidence-dites-vous","status":"publish","type":"post","link":"https:\/\/www.webdo.tn\/fr\/actualite\/national\/5-penitenciers-se-vident-le-meme-jour-coincidence-dites-vous\/172850\/","title":{"rendered":"5 p\u00e9nitenciers le m\u00eame jour\u00a0: co\u00efncidence, dites-vous\u00a0?!"},"content":{"rendered":"<p>S\u2019agit-il en effet d\u2019une simple co\u00efncidence\u00a0? Si c\u2019est le cas, eh bien, elle est des plus troublantes. Et pour cause\u00a0! Cinq prisons connaissent des troubles le m\u00eame jour, comme par enchantement, \u00e0 quelques heures d\u2019intervalle. Et selon un m\u00eame proc\u00e9d\u00e9, un sc\u00e9nario identique, qui ne fait qu\u2019augmenter les suspicions.    <\/p>\n<p>\u00c7a a commenc\u00e9 \u00e0 Kasserine o\u00f9 pas moins de cinq cents d\u00e9tenus ont pris la tangente, apr\u00e8s avoir mis le feu aux matelas dans l\u2019une des chambrettes du p\u00e9nitencier de la ville. A Gafsa, \u00e9galement, les prisonniers auraient incendi\u00e9 leurs matelas, provoquant un mouvement de panique parmi les autres pensionnaires, mais ravis pourtant de l\u2019aubaine. Trois cents bonshommes ont pu ainsi prendre la fuite, mais rapidement trente-cinq ont \u00e9t\u00e9 appr\u00e9hend\u00e9s par les auxiliaires de la justice pour retrouver leur cellule.<\/p>\n<p>Et ce n\u2019est pas termin\u00e9, puisque le mouvement allait toucher deux autres lieux, d\u2019abord \u00e0 Mahdia, ensuite \u00e0 quelques encablures de la cit\u00e9 des Fatimides, puisque la petite bourgade de Messaadine subira le m\u00eame sort.<br \/>\nLe dernier n\u2019est autre que le p\u00e9nitencier de Sfax, la capitale du Sud, dont la prison a \u00e9t\u00e9 \u00ab\u00a0contamin\u00e9e\u00a0\u00bb pour voir un bon nombre de ses pensionnaires quitter les lieux sans \u00eatre inqui\u00e9t\u00e9s outre-mesure\u00a0! Une s\u00e9rie qui ne fait que nous pousser \u00e0 (re)poser \u00ab\u00a0innocemment\u00a0\u00bb la question. Est-ce une co\u00efncidence\u00a0?<\/p>\n<p>On vous laisse le soin de faire travailler vos m\u00e9ninges et essayer de trouver une r\u00e9ponse, auquel cas ne vous privez surtout pas de gribouiller quelques lignes, en guise de commentaire\u2026<\/p>\n","protected":false},"excerpt":{"rendered":"<p>5 p\u00e9nitenciers le m\u00eame jour\u00a0: co\u00efncidence, dites-vous\u00a0?! <\/p>\n","protected":false},"author":3222,"featured_media":365420,"comment_status":"open","ping_status":"closed","sticky":false,"template":"","format":"standard","meta":{"footnotes":""},"categories":[44],"tags":[],"class_list":["post-172850","post","type-post","status-publish","format-standard","has-post-thumbnail","hentry","category-national"],"yoast_head":"<!-- This site is optimized with the Yoast SEO Premium plugin v27.4 (Yoast SEO v27.4) - https:\/\/yoast.com\/product\/yoast-seo-premium-wordpress\/ -->\n<title>5 p\u00e9nitenciers le m\u00eame jour\u00a0: co\u00efncidence, dites-vous\u00a0?!<\/title>\n<meta name=\"description\" content=\"5 p\u00e9nitenciers le m\u00eame jour\u00a0: co\u00efncidence, dites-vous\u00a0?!\" \/>\n<link rel=\"canonical\" href=\"https:\/\/www.webdo.tn\/fr\/actualite\/national\/5-penitenciers-se-vident-le-meme-jour-coincidence-dites-vous\/172850\/\" \/>\n<meta property=\"og:locale\" content=\"fr_FR\" \/>\n<meta property=\"og:type\" content=\"article\" \/>\n<meta property=\"og:title\" content=\"5 p\u00e9nitenciers le m\u00eame jour\u00a0: co\u00efncidence, dites-vous\u00a0?!\" \/>\n<meta property=\"og:description\" content=\"5 p\u00e9nitenciers le m\u00eame jour\u00a0: co\u00efncidence, dites-vous\u00a0?!\" \/>\n<meta property=\"og:url\" content=\"https:\/\/www.webdo.tn\/fr\/actualite\/national\/5-penitenciers-se-vident-le-meme-jour-coincidence-dites-vous\/172850\/\" \/>\n<meta property=\"og:site_name\" content=\"webdo\" \/>\n<meta property=\"article:publisher\" content=\"https:\/\/www.facebook.com\/webdotn\" \/>\n<meta property=\"article:published_time\" content=\"2011-04-29T22:37:00+00:00\" \/>\n<meta property=\"og:image\" content=\"https:\/\/www.webdo.tn\/fr\/wp-content\/uploads\/2011\/04\/Prison-en-feu-300x2211-1.jpg\" \/>\n\t<meta property=\"og:image:width\" content=\"300\" \/>\n\t<meta property=\"og:image:height\" content=\"221\" \/>\n\t<meta property=\"og:image:type\" content=\"image\/jpeg\" \/>\n<meta name=\"author\" content=\"webdo.tn\" \/>\n<meta name=\"twitter:card\" content=\"summary_large_image\" \/>\n<meta name=\"twitter:creator\" content=\"@webdo_tn\" \/>\n<meta name=\"twitter:site\" content=\"@webdo_tn\" \/>\n<meta name=\"twitter:label1\" content=\"\u00c9crit par\" \/>\n\t<meta name=\"twitter:data1\" content=\"webdo.tn\" \/>\n\t<meta name=\"twitter:label2\" content=\"Dur\u00e9e de lecture estim\u00e9e\" \/>\n\t<meta name=\"twitter:data2\" content=\"1 minute\" \/>\n<script type=\"application\/ld+json\" class=\"yoast-schema-graph\">{\"@context\":\"https:\\\/\\\/schema.org\",\"@graph\":[{\"@type\":\"NewsArticle\",\"@id\":\"https:\\\/\\\/www.webdo.tn\\\/fr\\\/actualite\\\/national\\\/5-penitenciers-se-vident-le-meme-jour-coincidence-dites-vous\\\/172850\\\/#article\",\"isPartOf\":{\"@id\":\"https:\\\/\\\/www.webdo.tn\\\/fr\\\/actualite\\\/national\\\/5-penitenciers-se-vident-le-meme-jour-coincidence-dites-vous\\\/172850\\\/\"},\"author\":{\"name\":\"webdo.tn\",\"@id\":\"https:\\\/\\\/www.webdo.tn\\\/fr\\\/#\\\/schema\\\/person\\\/9a9c6118d687c117df8ef3cc36a4d175\"},\"headline\":\"5 p\u00e9nitenciers le m\u00eame jour\u00a0: co\u00efncidence, dites-vous\u00a0?!\",\"datePublished\":\"2011-04-29T22:37:00+00:00\",\"mainEntityOfPage\":{\"@id\":\"https:\\\/\\\/www.webdo.tn\\\/fr\\\/actualite\\\/national\\\/5-penitenciers-se-vident-le-meme-jour-coincidence-dites-vous\\\/172850\\\/\"},\"wordCount\":279,\"commentCount\":0,\"publisher\":{\"@id\":\"https:\\\/\\\/www.webdo.tn\\\/fr\\\/#organization\"},\"image\":{\"@id\":\"https:\\\/\\\/www.webdo.tn\\\/fr\\\/actualite\\\/national\\\/5-penitenciers-se-vident-le-meme-jour-coincidence-dites-vous\\\/172850\\\/#primaryimage\"},\"thumbnailUrl\":\"https:\\\/\\\/www.webdo.tn\\\/fr\\\/wp-content\\\/uploads\\\/2011\\\/04\\\/Prison-en-feu-300x2211-1.jpg\",\"articleSection\":[\"National\"],\"inLanguage\":\"fr-FR\"},{\"@type\":\"WebPage\",\"@id\":\"https:\\\/\\\/www.webdo.tn\\\/fr\\\/actualite\\\/national\\\/5-penitenciers-se-vident-le-meme-jour-coincidence-dites-vous\\\/172850\\\/\",\"url\":\"https:\\\/\\\/www.webdo.tn\\\/fr\\\/actualite\\\/national\\\/5-penitenciers-se-vident-le-meme-jour-coincidence-dites-vous\\\/172850\\\/\",\"name\":\"5 p\u00e9nitenciers le m\u00eame jour\u00a0: co\u00efncidence, dites-vous\u00a0?!\",\"isPartOf\":{\"@id\":\"https:\\\/\\\/www.webdo.tn\\\/fr\\\/#website\"},\"primaryImageOfPage\":{\"@id\":\"https:\\\/\\\/www.webdo.tn\\\/fr\\\/actualite\\\/national\\\/5-penitenciers-se-vident-le-meme-jour-coincidence-dites-vous\\\/172850\\\/#primaryimage\"},\"image\":{\"@id\":\"https:\\\/\\\/www.webdo.tn\\\/fr\\\/actualite\\\/national\\\/5-penitenciers-se-vident-le-meme-jour-coincidence-dites-vous\\\/172850\\\/#primaryimage\"},\"thumbnailUrl\":\"https:\\\/\\\/www.webdo.tn\\\/fr\\\/wp-content\\\/uploads\\\/2011\\\/04\\\/Prison-en-feu-300x2211-1.jpg\",\"datePublished\":\"2011-04-29T22:37:00+00:00\",\"description\":\"5 p\u00e9nitenciers le m\u00eame jour\u00a0: co\u00efncidence, dites-vous\u00a0?!\",\"breadcrumb\":{\"@id\":\"https:\\\/\\\/www.webdo.tn\\\/fr\\\/actualite\\\/national\\\/5-penitenciers-se-vident-le-meme-jour-coincidence-dites-vous\\\/172850\\\/#breadcrumb\"},\"inLanguage\":\"fr-FR\",\"potentialAction\":[{\"@type\":\"ReadAction\",\"target\":[\"https:\\\/\\\/www.webdo.tn\\\/fr\\\/actualite\\\/national\\\/5-penitenciers-se-vident-le-meme-jour-coincidence-dites-vous\\\/172850\\\/\"]}]},{\"@type\":\"ImageObject\",\"inLanguage\":\"fr-FR\",\"@id\":\"https:\\\/\\\/www.webdo.tn\\\/fr\\\/actualite\\\/national\\\/5-penitenciers-se-vident-le-meme-jour-coincidence-dites-vous\\\/172850\\\/#primaryimage\",\"url\":\"https:\\\/\\\/www.webdo.tn\\\/fr\\\/wp-content\\\/uploads\\\/2011\\\/04\\\/Prison-en-feu-300x2211-1.jpg\",\"contentUrl\":\"https:\\\/\\\/www.webdo.tn\\\/fr\\\/wp-content\\\/uploads\\\/2011\\\/04\\\/Prison-en-feu-300x2211-1.jpg\",\"width\":300,\"height\":221,\"caption\":\"5 p\u00e9nitenciers le m\u00eame jour\u00a0: co\u00efncidence, dites-vous\u00a0?!\"},{\"@type\":\"BreadcrumbList\",\"@id\":\"https:\\\/\\\/www.webdo.tn\\\/fr\\\/actualite\\\/national\\\/5-penitenciers-se-vident-le-meme-jour-coincidence-dites-vous\\\/172850\\\/#breadcrumb\",\"itemListElement\":[{\"@type\":\"ListItem\",\"position\":1,\"name\":\"Accueil\",\"item\":\"https:\\\/\\\/www.webdo.tn\\\/fr\\\/\"},{\"@type\":\"ListItem\",\"position\":2,\"name\":\"5 p\u00e9nitenciers le m\u00eame jour\u00a0: co\u00efncidence, dites-vous\u00a0?!\"}]},{\"@type\":\"WebSite\",\"@id\":\"https:\\\/\\\/www.webdo.tn\\\/fr\\\/#website\",\"url\":\"https:\\\/\\\/www.webdo.tn\\\/fr\\\/\",\"name\":\"webdo\",\"description\":\"Tunisie - News en Tunisie et \u00e0 l&#039;international sur Webdo.tn\",\"publisher\":{\"@id\":\"https:\\\/\\\/www.webdo.tn\\\/fr\\\/#organization\"},\"potentialAction\":[{\"@type\":\"SearchAction\",\"target\":{\"@type\":\"EntryPoint\",\"urlTemplate\":\"https:\\\/\\\/www.webdo.tn\\\/fr\\\/?s={search_term_string}\"},\"query-input\":{\"@type\":\"PropertyValueSpecification\",\"valueRequired\":true,\"valueName\":\"search_term_string\"}}],\"inLanguage\":\"fr-FR\"},{\"@type\":\"Organization\",\"@id\":\"https:\\\/\\\/www.webdo.tn\\\/fr\\\/#organization\",\"name\":\"Webdo\",\"alternateName\":\"Webdo.tn\",\"url\":\"https:\\\/\\\/www.webdo.tn\\\/fr\\\/\",\"logo\":{\"@type\":\"ImageObject\",\"inLanguage\":\"fr-FR\",\"@id\":\"https:\\\/\\\/www.webdo.tn\\\/fr\\\/#\\\/schema\\\/logo\\\/image\\\/\",\"url\":\"https:\\\/\\\/www.webdo.tn\\\/fr\\\/wp-content\\\/uploads\\\/2025\\\/06\\\/Webdo-Tunisie_168377.jpg\",\"contentUrl\":\"https:\\\/\\\/www.webdo.tn\\\/fr\\\/wp-content\\\/uploads\\\/2025\\\/06\\\/Webdo-Tunisie_168377.jpg\",\"width\":301,\"height\":301,\"caption\":\"Webdo\"},\"image\":{\"@id\":\"https:\\\/\\\/www.webdo.tn\\\/fr\\\/#\\\/schema\\\/logo\\\/image\\\/\"},\"sameAs\":[\"https:\\\/\\\/www.facebook.com\\\/webdotn\",\"https:\\\/\\\/x.com\\\/webdo_tn\"],\"description\":\"Webdo est un m\u00e9dia num\u00e9rique tunisien fond\u00e9 en 2010, sp\u00e9cialis\u00e9 dans l\u2019actualit\u00e9 nationale et internationale, l\u2019\u00e9conomie, la soci\u00e9t\u00e9 et les analyses politiques. Le site s\u2019adresse \u00e0 un large public francophone et couvre l\u2019information tunisienne en temps r\u00e9el.\",\"email\":\"redac@webdo.tn\",\"legalName\":\"YNJ SARL\",\"foundingDate\":\"2010-09-06\",\"numberOfEmployees\":{\"@type\":\"QuantitativeValue\",\"minValue\":\"11\",\"maxValue\":\"50\"}},{\"@type\":\"Person\",\"@id\":\"https:\\\/\\\/www.webdo.tn\\\/fr\\\/#\\\/schema\\\/person\\\/9a9c6118d687c117df8ef3cc36a4d175\",\"name\":\"webdo.tn\",\"image\":{\"@type\":\"ImageObject\",\"inLanguage\":\"fr-FR\",\"@id\":\"https:\\\/\\\/secure.gravatar.com\\\/avatar\\\/7ce1f28c0c3bbac99ff550b85ef8e44a6950c6ee24514fb6a5489e51d06f0298?s=96&d=mm&r=g\",\"url\":\"https:\\\/\\\/secure.gravatar.com\\\/avatar\\\/7ce1f28c0c3bbac99ff550b85ef8e44a6950c6ee24514fb6a5489e51d06f0298?s=96&d=mm&r=g\",\"contentUrl\":\"https:\\\/\\\/secure.gravatar.com\\\/avatar\\\/7ce1f28c0c3bbac99ff550b85ef8e44a6950c6ee24514fb6a5489e51d06f0298?s=96&d=mm&r=g\",\"caption\":\"webdo.tn\"},\"url\":\"https:\\\/\\\/www.webdo.tn\\\/fr\\\/actualite\\\/author\\\/webdotn\\\/\"}]}<\/script>\n<!-- \/ Yoast SEO Premium plugin. -->","yoast_head_json":{"title":"5 p\u00e9nitenciers le m\u00eame jour\u00a0: co\u00efncidence, dites-vous\u00a0?!","description":"5 p\u00e9nitenciers le m\u00eame jour\u00a0: co\u00efncidence, dites-vous\u00a0?!","canonical":"https:\/\/www.webdo.tn\/fr\/actualite\/national\/5-penitenciers-se-vident-le-meme-jour-coincidence-dites-vous\/172850\/","og_locale":"fr_FR","og_type":"article","og_title":"5 p\u00e9nitenciers le m\u00eame jour\u00a0: co\u00efncidence, dites-vous\u00a0?!","og_description":"5 p\u00e9nitenciers le m\u00eame jour\u00a0: co\u00efncidence, dites-vous\u00a0?!","og_url":"https:\/\/www.webdo.tn\/fr\/actualite\/national\/5-penitenciers-se-vident-le-meme-jour-coincidence-dites-vous\/172850\/","og_site_name":"webdo","article_publisher":"https:\/\/www.facebook.com\/webdotn","article_published_time":"2011-04-29T22:37:00+00:00","og_image":[{"width":300,"height":221,"url":"https:\/\/www.webdo.tn\/fr\/wp-content\/uploads\/2011\/04\/Prison-en-feu-300x2211-1.jpg","type":"image\/jpeg"}],"author":"webdo.tn","twitter_card":"summary_large_image","twitter_creator":"@webdo_tn","twitter_site":"@webdo_tn","twitter_misc":{"\u00c9crit par":"webdo.tn","Dur\u00e9e de lecture estim\u00e9e":"1 minute"},"schema":{"@context":"https:\/\/schema.org","@graph":[{"@type":"NewsArticle","@id":"https:\/\/www.webdo.tn\/fr\/actualite\/national\/5-penitenciers-se-vident-le-meme-jour-coincidence-dites-vous\/172850\/#article","isPartOf":{"@id":"https:\/\/www.webdo.tn\/fr\/actualite\/national\/5-penitenciers-se-vident-le-meme-jour-coincidence-dites-vous\/172850\/"},"author":{"name":"webdo.tn","@id":"https:\/\/www.webdo.tn\/fr\/#\/schema\/person\/9a9c6118d687c117df8ef3cc36a4d175"},"headline":"5 p\u00e9nitenciers le m\u00eame jour\u00a0: co\u00efncidence, dites-vous\u00a0?!","datePublished":"2011-04-29T22:37:00+00:00","mainEntityOfPage":{"@id":"https:\/\/www.webdo.tn\/fr\/actualite\/national\/5-penitenciers-se-vident-le-meme-jour-coincidence-dites-vous\/172850\/"},"wordCount":279,"commentCount":0,"publisher":{"@id":"https:\/\/www.webdo.tn\/fr\/#organization"},"image":{"@id":"https:\/\/www.webdo.tn\/fr\/actualite\/national\/5-penitenciers-se-vident-le-meme-jour-coincidence-dites-vous\/172850\/#primaryimage"},"thumbnailUrl":"https:\/\/www.webdo.tn\/fr\/wp-content\/uploads\/2011\/04\/Prison-en-feu-300x2211-1.jpg","articleSection":["National"],"inLanguage":"fr-FR"},{"@type":"WebPage","@id":"https:\/\/www.webdo.tn\/fr\/actualite\/national\/5-penitenciers-se-vident-le-meme-jour-coincidence-dites-vous\/172850\/","url":"https:\/\/www.webdo.tn\/fr\/actualite\/national\/5-penitenciers-se-vident-le-meme-jour-coincidence-dites-vous\/172850\/","name":"5 p\u00e9nitenciers le m\u00eame jour\u00a0: co\u00efncidence, dites-vous\u00a0?!","isPartOf":{"@id":"https:\/\/www.webdo.tn\/fr\/#website"},"primaryImageOfPage":{"@id":"https:\/\/www.webdo.tn\/fr\/actualite\/national\/5-penitenciers-se-vident-le-meme-jour-coincidence-dites-vous\/172850\/#primaryimage"},"image":{"@id":"https:\/\/www.webdo.tn\/fr\/actualite\/national\/5-penitenciers-se-vident-le-meme-jour-coincidence-dites-vous\/172850\/#primaryimage"},"thumbnailUrl":"https:\/\/www.webdo.tn\/fr\/wp-content\/uploads\/2011\/04\/Prison-en-feu-300x2211-1.jpg","datePublished":"2011-04-29T22:37:00+00:00","description":"5 p\u00e9nitenciers le m\u00eame jour\u00a0: co\u00efncidence, dites-vous\u00a0?!","breadcrumb":{"@id":"https:\/\/www.webdo.tn\/fr\/actualite\/national\/5-penitenciers-se-vident-le-meme-jour-coincidence-dites-vous\/172850\/#breadcrumb"},"inLanguage":"fr-FR","potentialAction":[{"@type":"ReadAction","target":["https:\/\/www.webdo.tn\/fr\/actualite\/national\/5-penitenciers-se-vident-le-meme-jour-coincidence-dites-vous\/172850\/"]}]},{"@type":"ImageObject","inLanguage":"fr-FR","@id":"https:\/\/www.webdo.tn\/fr\/actualite\/national\/5-penitenciers-se-vident-le-meme-jour-coincidence-dites-vous\/172850\/#primaryimage","url":"https:\/\/www.webdo.tn\/fr\/wp-content\/uploads\/2011\/04\/Prison-en-feu-300x2211-1.jpg","contentUrl":"https:\/\/www.webdo.tn\/fr\/wp-content\/uploads\/2011\/04\/Prison-en-feu-300x2211-1.jpg","width":300,"height":221,"caption":"5 p\u00e9nitenciers le m\u00eame jour\u00a0: co\u00efncidence, dites-vous\u00a0?!"},{"@type":"BreadcrumbList","@id":"https:\/\/www.webdo.tn\/fr\/actualite\/national\/5-penitenciers-se-vident-le-meme-jour-coincidence-dites-vous\/172850\/#breadcrumb","itemListElement":[{"@type":"ListItem","position":1,"name":"Accueil","item":"https:\/\/www.webdo.tn\/fr\/"},{"@type":"ListItem","position":2,"name":"5 p\u00e9nitenciers le m\u00eame jour\u00a0: co\u00efncidence, dites-vous\u00a0?!"}]},{"@type":"WebSite","@id":"https:\/\/www.webdo.tn\/fr\/#website","url":"https:\/\/www.webdo.tn\/fr\/","name":"webdo","description":"Tunisie - News en Tunisie et \u00e0 l&#039;international sur Webdo.tn","publisher":{"@id":"https:\/\/www.webdo.tn\/fr\/#organization"},"potentialAction":[{"@type":"SearchAction","target":{"@type":"EntryPoint","urlTemplate":"https:\/\/www.webdo.tn\/fr\/?s={search_term_string}"},"query-input":{"@type":"PropertyValueSpecification","valueRequired":true,"valueName":"search_term_string"}}],"inLanguage":"fr-FR"},{"@type":"Organization","@id":"https:\/\/www.webdo.tn\/fr\/#organization","name":"Webdo","alternateName":"Webdo.tn","url":"https:\/\/www.webdo.tn\/fr\/","logo":{"@type":"ImageObject","inLanguage":"fr-FR","@id":"https:\/\/www.webdo.tn\/fr\/#\/schema\/logo\/image\/","url":"https:\/\/www.webdo.tn\/fr\/wp-content\/uploads\/2025\/06\/Webdo-Tunisie_168377.jpg","contentUrl":"https:\/\/www.webdo.tn\/fr\/wp-content\/uploads\/2025\/06\/Webdo-Tunisie_168377.jpg","width":301,"height":301,"caption":"Webdo"},"image":{"@id":"https:\/\/www.webdo.tn\/fr\/#\/schema\/logo\/image\/"},"sameAs":["https:\/\/www.facebook.com\/webdotn","https:\/\/x.com\/webdo_tn"],"description":"Webdo est un m\u00e9dia num\u00e9rique tunisien fond\u00e9 en 2010, sp\u00e9cialis\u00e9 dans l\u2019actualit\u00e9 nationale et internationale, l\u2019\u00e9conomie, la soci\u00e9t\u00e9 et les analyses politiques. Le site s\u2019adresse \u00e0 un large public francophone et couvre l\u2019information tunisienne en temps r\u00e9el.","email":"redac@webdo.tn","legalName":"YNJ SARL","foundingDate":"2010-09-06","numberOfEmployees":{"@type":"QuantitativeValue","minValue":"11","maxValue":"50"}},{"@type":"Person","@id":"https:\/\/www.webdo.tn\/fr\/#\/schema\/person\/9a9c6118d687c117df8ef3cc36a4d175","name":"webdo.tn","image":{"@type":"ImageObject","inLanguage":"fr-FR","@id":"https:\/\/secure.gravatar.com\/avatar\/7ce1f28c0c3bbac99ff550b85ef8e44a6950c6ee24514fb6a5489e51d06f0298?s=96&d=mm&r=g","url":"https:\/\/secure.gravatar.com\/avatar\/7ce1f28c0c3bbac99ff550b85ef8e44a6950c6ee24514fb6a5489e51d06f0298?s=96&d=mm&r=g","contentUrl":"https:\/\/secure.gravatar.com\/avatar\/7ce1f28c0c3bbac99ff550b85ef8e44a6950c6ee24514fb6a5489e51d06f0298?s=96&d=mm&r=g","caption":"webdo.tn"},"url":"https:\/\/www.webdo.tn\/fr\/actualite\/author\/webdotn\/"}]}},"_links":{"self":[{"href":"https:\/\/www.webdo.tn\/fr\/wp-json\/wp\/v2\/posts\/172850","targetHints":{"allow":["GET"]}}],"collection":[{"href":"https:\/\/www.webdo.tn\/fr\/wp-json\/wp\/v2\/posts"}],"about":[{"href":"https:\/\/www.webdo.tn\/fr\/wp-json\/wp\/v2\/types\/post"}],"author":[{"embeddable":true,"href":"https:\/\/www.webdo.tn\/fr\/wp-json\/wp\/v2\/users\/3222"}],"replies":[{"embeddable":true,"href":"https:\/\/www.webdo.tn\/fr\/wp-json\/wp\/v2\/comments?post=172850"}],"version-history":[{"count":0,"href":"https:\/\/www.webdo.tn\/fr\/wp-json\/wp\/v2\/posts\/172850\/revisions"}],"wp:featuredmedia":[{"embeddable":true,"href":"https:\/\/www.webdo.tn\/fr\/wp-json\/wp\/v2\/media\/365420"}],"wp:attachment":[{"href":"https:\/\/www.webdo.tn\/fr\/wp-json\/wp\/v2\/media?parent=172850"}],"wp:term":[{"taxonomy":"category","embeddable":true,"href":"https:\/\/www.webdo.tn\/fr\/wp-json\/wp\/v2\/categories?post=172850"},{"taxonomy":"post_tag","embeddable":true,"href":"https:\/\/www.webdo.tn\/fr\/wp-json\/wp\/v2\/tags?post=172850"}],"curies":[{"name":"wp","href":"https:\/\/api.w.org\/{rel}","templated":true}]}}