{"id":172840,"date":"2011-05-05T16:30:00","date_gmt":"2011-05-05T16:30:00","guid":{"rendered":"https:\/\/www.webdo.tn\/fr\/actualite\/blog\/video-farhat-rajhi-la-journaliste-licenciee-et-le-site-lemployant-recompense\/172840\/"},"modified":"2011-05-05T16:30:00","modified_gmt":"2011-05-05T16:30:00","slug":"video-farhat-rajhi-la-journaliste-licenciee-et-le-site-lemployant-recompense","status":"publish","type":"post","link":"https:\/\/www.webdo.tn\/fr\/actualite\/national\/video-farhat-rajhi-la-journaliste-licenciee-et-le-site-lemployant-recompense\/172840\/","title":{"rendered":"Vid\u00e9o Farhat Rajhi : la journaliste licenci\u00e9e et le site l&#8217;employant r\u00e9compens\u00e9 !?"},"content":{"rendered":"<p>Le site nourpress.com de la soci\u00e9t\u00e9 \u00ab\u00a0International Web Com\u00a0\u00bb a annonc\u00e9 dans un communiqu\u00e9 qu&rsquo;elle \u00e9tait d\u00e9tentrice de la fameuse vid\u00e9o interview de Farhat Rajhi et que suite \u00e0 un \u00ab piratage informatique \u00bb (comme il est sp\u00e9cifi\u00e9 dans le communiqu\u00e9), la vid\u00e9o en question a \u00e9t\u00e9 diffus\u00e9e sur Internet et les r\u00e9seaux \u00e0 l&rsquo;insu son insu.<br \/>\nLe communiqu\u00e9, qui laisse entendre qu&rsquo;il y a eu vol de la vid\u00e9o et diffusion de son contenu sans l&rsquo;aval de Nourpress, ajoute que ce \u00ab piratage informatique \u00bb s&rsquo;est fait avec la complicit\u00e9 de leur journaliste stagiaire ayant conduit l&rsquo;interview, Najwa Hammami.<\/p>\n<p>Donc, suite \u00e0 cette \u00ab fuite \u00bb, la soci\u00e9t\u00e9 de Nourpress a mis un terme au stage de la journaliste, la rendant responsable de la vid\u00e9o et vont la passer en conseil de discipline.<\/p>\n<p>Ainsi, apr\u00e8s que la vid\u00e9o a fait le tour du Net tunisien, Nourpress peut s&rsquo;attribuer la part du lion sans se faire taper sur les doigts. Si le site avait diffus\u00e9 la vid\u00e9o en premier, Farhat Rajhi aurait pu l&rsquo;attaquer en justice vu que lors de l&rsquo;interview il a sp\u00e9cifi\u00e9 \u00ab\u00a0ce qui suit n&rsquo;est pas \u00e0 \u00e9crire\u00a0\u00bb et donc \u00e0 ne pas publier.<\/p>\n<p>\u00a0<\/p>\n<p>Mise \u00e0 jour : Nourpress, le site propri\u00e9taire de la vid\u00e9o, affichant en fanfare des banni\u00e8res sur l&rsquo;interview de Farhat, semble \u00eatre hors service ou d\u00e9sactiv\u00e9 !<\/p>\n","protected":false},"excerpt":{"rendered":"<p>Vid\u00e9o Farhat Rajhi : la journaliste licenci\u00e9e et le site l&#8217;employant r\u00e9compens\u00e9 !? <\/p>\n","protected":false},"author":3222,"featured_media":365892,"comment_status":"open","ping_status":"closed","sticky":false,"template":"","format":"standard","meta":{"footnotes":""},"categories":[44],"tags":[],"class_list":["post-172840","post","type-post","status-publish","format-standard","has-post-thumbnail","hentry","category-national"],"yoast_head":"<!-- This site is optimized with the Yoast SEO Premium plugin v27.4 (Yoast SEO v27.4) - https:\/\/yoast.com\/product\/yoast-seo-premium-wordpress\/ -->\n<title>Vid\u00e9o Farhat Rajhi : la journaliste licenci\u00e9e et le site l&#039;employant r\u00e9compens\u00e9 !?<\/title>\n<meta name=\"description\" content=\"Vid\u00e9o Farhat Rajhi : la journaliste licenci\u00e9e et le site l&#039;employant r\u00e9compens\u00e9 !?\" \/>\n<link rel=\"canonical\" href=\"https:\/\/www.webdo.tn\/fr\/actualite\/national\/video-farhat-rajhi-la-journaliste-licenciee-et-le-site-lemployant-recompense\/172840\/\" \/>\n<meta property=\"og:locale\" content=\"fr_FR\" \/>\n<meta property=\"og:type\" content=\"article\" \/>\n<meta property=\"og:title\" content=\"Vid\u00e9o Farhat Rajhi : la journaliste licenci\u00e9e et le site l&#039;employant r\u00e9compens\u00e9 !?\" \/>\n<meta property=\"og:description\" content=\"Vid\u00e9o Farhat Rajhi : la journaliste licenci\u00e9e et le site l&#039;employant r\u00e9compens\u00e9 !?\" \/>\n<meta property=\"og:url\" content=\"https:\/\/www.webdo.tn\/fr\/actualite\/national\/video-farhat-rajhi-la-journaliste-licenciee-et-le-site-lemployant-recompense\/172840\/\" \/>\n<meta property=\"og:site_name\" content=\"webdo\" \/>\n<meta property=\"article:publisher\" content=\"https:\/\/www.facebook.com\/webdotn\" \/>\n<meta property=\"article:published_time\" content=\"2011-05-05T16:30:00+00:00\" \/>\n<meta property=\"og:image\" content=\"https:\/\/www.webdo.tn\/fr\/wp-content\/uploads\/2011\/05\/Farhat-Rajhi1.jpg\" \/>\n\t<meta property=\"og:image:width\" content=\"356\" \/>\n\t<meta property=\"og:image:height\" content=\"242\" \/>\n\t<meta property=\"og:image:type\" content=\"image\/jpeg\" \/>\n<meta name=\"author\" content=\"webdo.tn\" \/>\n<meta name=\"twitter:card\" content=\"summary_large_image\" \/>\n<meta name=\"twitter:creator\" content=\"@webdo_tn\" \/>\n<meta name=\"twitter:site\" content=\"@webdo_tn\" \/>\n<meta name=\"twitter:label1\" content=\"\u00c9crit par\" \/>\n\t<meta name=\"twitter:data1\" content=\"webdo.tn\" \/>\n\t<meta name=\"twitter:label2\" content=\"Dur\u00e9e de lecture estim\u00e9e\" \/>\n\t<meta name=\"twitter:data2\" content=\"1 minute\" \/>\n<script type=\"application\/ld+json\" class=\"yoast-schema-graph\">{\"@context\":\"https:\\\/\\\/schema.org\",\"@graph\":[{\"@type\":\"NewsArticle\",\"@id\":\"https:\\\/\\\/www.webdo.tn\\\/fr\\\/actualite\\\/national\\\/video-farhat-rajhi-la-journaliste-licenciee-et-le-site-lemployant-recompense\\\/172840\\\/#article\",\"isPartOf\":{\"@id\":\"https:\\\/\\\/www.webdo.tn\\\/fr\\\/actualite\\\/national\\\/video-farhat-rajhi-la-journaliste-licenciee-et-le-site-lemployant-recompense\\\/172840\\\/\"},\"author\":{\"name\":\"webdo.tn\",\"@id\":\"https:\\\/\\\/www.webdo.tn\\\/fr\\\/#\\\/schema\\\/person\\\/9a9c6118d687c117df8ef3cc36a4d175\"},\"headline\":\"Vid\u00e9o Farhat Rajhi : la journaliste licenci\u00e9e et le site l&#8217;employant r\u00e9compens\u00e9 !?\",\"datePublished\":\"2011-05-05T16:30:00+00:00\",\"mainEntityOfPage\":{\"@id\":\"https:\\\/\\\/www.webdo.tn\\\/fr\\\/actualite\\\/national\\\/video-farhat-rajhi-la-journaliste-licenciee-et-le-site-lemployant-recompense\\\/172840\\\/\"},\"wordCount\":255,\"commentCount\":0,\"publisher\":{\"@id\":\"https:\\\/\\\/www.webdo.tn\\\/fr\\\/#organization\"},\"image\":{\"@id\":\"https:\\\/\\\/www.webdo.tn\\\/fr\\\/actualite\\\/national\\\/video-farhat-rajhi-la-journaliste-licenciee-et-le-site-lemployant-recompense\\\/172840\\\/#primaryimage\"},\"thumbnailUrl\":\"https:\\\/\\\/www.webdo.tn\\\/fr\\\/wp-content\\\/uploads\\\/2011\\\/05\\\/Farhat-Rajhi1.jpg\",\"articleSection\":[\"National\"],\"inLanguage\":\"fr-FR\"},{\"@type\":\"WebPage\",\"@id\":\"https:\\\/\\\/www.webdo.tn\\\/fr\\\/actualite\\\/national\\\/video-farhat-rajhi-la-journaliste-licenciee-et-le-site-lemployant-recompense\\\/172840\\\/\",\"url\":\"https:\\\/\\\/www.webdo.tn\\\/fr\\\/actualite\\\/national\\\/video-farhat-rajhi-la-journaliste-licenciee-et-le-site-lemployant-recompense\\\/172840\\\/\",\"name\":\"Vid\u00e9o Farhat Rajhi : la journaliste licenci\u00e9e et le site l'employant r\u00e9compens\u00e9 !?\",\"isPartOf\":{\"@id\":\"https:\\\/\\\/www.webdo.tn\\\/fr\\\/#website\"},\"primaryImageOfPage\":{\"@id\":\"https:\\\/\\\/www.webdo.tn\\\/fr\\\/actualite\\\/national\\\/video-farhat-rajhi-la-journaliste-licenciee-et-le-site-lemployant-recompense\\\/172840\\\/#primaryimage\"},\"image\":{\"@id\":\"https:\\\/\\\/www.webdo.tn\\\/fr\\\/actualite\\\/national\\\/video-farhat-rajhi-la-journaliste-licenciee-et-le-site-lemployant-recompense\\\/172840\\\/#primaryimage\"},\"thumbnailUrl\":\"https:\\\/\\\/www.webdo.tn\\\/fr\\\/wp-content\\\/uploads\\\/2011\\\/05\\\/Farhat-Rajhi1.jpg\",\"datePublished\":\"2011-05-05T16:30:00+00:00\",\"description\":\"Vid\u00e9o Farhat Rajhi : la journaliste licenci\u00e9e et le site l'employant r\u00e9compens\u00e9 !?\",\"breadcrumb\":{\"@id\":\"https:\\\/\\\/www.webdo.tn\\\/fr\\\/actualite\\\/national\\\/video-farhat-rajhi-la-journaliste-licenciee-et-le-site-lemployant-recompense\\\/172840\\\/#breadcrumb\"},\"inLanguage\":\"fr-FR\",\"potentialAction\":[{\"@type\":\"ReadAction\",\"target\":[\"https:\\\/\\\/www.webdo.tn\\\/fr\\\/actualite\\\/national\\\/video-farhat-rajhi-la-journaliste-licenciee-et-le-site-lemployant-recompense\\\/172840\\\/\"]}]},{\"@type\":\"ImageObject\",\"inLanguage\":\"fr-FR\",\"@id\":\"https:\\\/\\\/www.webdo.tn\\\/fr\\\/actualite\\\/national\\\/video-farhat-rajhi-la-journaliste-licenciee-et-le-site-lemployant-recompense\\\/172840\\\/#primaryimage\",\"url\":\"https:\\\/\\\/www.webdo.tn\\\/fr\\\/wp-content\\\/uploads\\\/2011\\\/05\\\/Farhat-Rajhi1.jpg\",\"contentUrl\":\"https:\\\/\\\/www.webdo.tn\\\/fr\\\/wp-content\\\/uploads\\\/2011\\\/05\\\/Farhat-Rajhi1.jpg\",\"width\":356,\"height\":242,\"caption\":\"Vid\u00e9o Farhat Rajhi : la journaliste licenci\u00e9e et le site l'employant r\u00e9compens\u00e9 !?\"},{\"@type\":\"BreadcrumbList\",\"@id\":\"https:\\\/\\\/www.webdo.tn\\\/fr\\\/actualite\\\/national\\\/video-farhat-rajhi-la-journaliste-licenciee-et-le-site-lemployant-recompense\\\/172840\\\/#breadcrumb\",\"itemListElement\":[{\"@type\":\"ListItem\",\"position\":1,\"name\":\"Accueil\",\"item\":\"https:\\\/\\\/www.webdo.tn\\\/fr\\\/\"},{\"@type\":\"ListItem\",\"position\":2,\"name\":\"Vid\u00e9o Farhat Rajhi : la journaliste licenci\u00e9e et le site l&#8217;employant r\u00e9compens\u00e9 !?\"}]},{\"@type\":\"WebSite\",\"@id\":\"https:\\\/\\\/www.webdo.tn\\\/fr\\\/#website\",\"url\":\"https:\\\/\\\/www.webdo.tn\\\/fr\\\/\",\"name\":\"webdo\",\"description\":\"Tunisie - News en Tunisie et \u00e0 l&#039;international sur Webdo.tn\",\"publisher\":{\"@id\":\"https:\\\/\\\/www.webdo.tn\\\/fr\\\/#organization\"},\"potentialAction\":[{\"@type\":\"SearchAction\",\"target\":{\"@type\":\"EntryPoint\",\"urlTemplate\":\"https:\\\/\\\/www.webdo.tn\\\/fr\\\/?s={search_term_string}\"},\"query-input\":{\"@type\":\"PropertyValueSpecification\",\"valueRequired\":true,\"valueName\":\"search_term_string\"}}],\"inLanguage\":\"fr-FR\"},{\"@type\":\"Organization\",\"@id\":\"https:\\\/\\\/www.webdo.tn\\\/fr\\\/#organization\",\"name\":\"Webdo\",\"alternateName\":\"Webdo.tn\",\"url\":\"https:\\\/\\\/www.webdo.tn\\\/fr\\\/\",\"logo\":{\"@type\":\"ImageObject\",\"inLanguage\":\"fr-FR\",\"@id\":\"https:\\\/\\\/www.webdo.tn\\\/fr\\\/#\\\/schema\\\/logo\\\/image\\\/\",\"url\":\"https:\\\/\\\/www.webdo.tn\\\/fr\\\/wp-content\\\/uploads\\\/2025\\\/06\\\/Webdo-Tunisie_168377.jpg\",\"contentUrl\":\"https:\\\/\\\/www.webdo.tn\\\/fr\\\/wp-content\\\/uploads\\\/2025\\\/06\\\/Webdo-Tunisie_168377.jpg\",\"width\":301,\"height\":301,\"caption\":\"Webdo\"},\"image\":{\"@id\":\"https:\\\/\\\/www.webdo.tn\\\/fr\\\/#\\\/schema\\\/logo\\\/image\\\/\"},\"sameAs\":[\"https:\\\/\\\/www.facebook.com\\\/webdotn\",\"https:\\\/\\\/x.com\\\/webdo_tn\"],\"description\":\"Webdo est un m\u00e9dia num\u00e9rique tunisien fond\u00e9 en 2010, sp\u00e9cialis\u00e9 dans l\u2019actualit\u00e9 nationale et internationale, l\u2019\u00e9conomie, la soci\u00e9t\u00e9 et les analyses politiques. Le site s\u2019adresse \u00e0 un large public francophone et couvre l\u2019information tunisienne en temps r\u00e9el.\",\"email\":\"redac@webdo.tn\",\"legalName\":\"YNJ SARL\",\"foundingDate\":\"2010-09-06\",\"numberOfEmployees\":{\"@type\":\"QuantitativeValue\",\"minValue\":\"11\",\"maxValue\":\"50\"}},{\"@type\":\"Person\",\"@id\":\"https:\\\/\\\/www.webdo.tn\\\/fr\\\/#\\\/schema\\\/person\\\/9a9c6118d687c117df8ef3cc36a4d175\",\"name\":\"webdo.tn\",\"image\":{\"@type\":\"ImageObject\",\"inLanguage\":\"fr-FR\",\"@id\":\"https:\\\/\\\/secure.gravatar.com\\\/avatar\\\/7ce1f28c0c3bbac99ff550b85ef8e44a6950c6ee24514fb6a5489e51d06f0298?s=96&d=mm&r=g\",\"url\":\"https:\\\/\\\/secure.gravatar.com\\\/avatar\\\/7ce1f28c0c3bbac99ff550b85ef8e44a6950c6ee24514fb6a5489e51d06f0298?s=96&d=mm&r=g\",\"contentUrl\":\"https:\\\/\\\/secure.gravatar.com\\\/avatar\\\/7ce1f28c0c3bbac99ff550b85ef8e44a6950c6ee24514fb6a5489e51d06f0298?s=96&d=mm&r=g\",\"caption\":\"webdo.tn\"},\"url\":\"https:\\\/\\\/www.webdo.tn\\\/fr\\\/actualite\\\/author\\\/webdotn\\\/\"}]}<\/script>\n<!-- \/ Yoast SEO Premium plugin. -->","yoast_head_json":{"title":"Vid\u00e9o Farhat Rajhi : la journaliste licenci\u00e9e et le site l'employant r\u00e9compens\u00e9 !?","description":"Vid\u00e9o Farhat Rajhi : la journaliste licenci\u00e9e et le site l'employant r\u00e9compens\u00e9 !?","canonical":"https:\/\/www.webdo.tn\/fr\/actualite\/national\/video-farhat-rajhi-la-journaliste-licenciee-et-le-site-lemployant-recompense\/172840\/","og_locale":"fr_FR","og_type":"article","og_title":"Vid\u00e9o Farhat Rajhi : la journaliste licenci\u00e9e et le site l'employant r\u00e9compens\u00e9 !?","og_description":"Vid\u00e9o Farhat Rajhi : la journaliste licenci\u00e9e et le site l'employant r\u00e9compens\u00e9 !?","og_url":"https:\/\/www.webdo.tn\/fr\/actualite\/national\/video-farhat-rajhi-la-journaliste-licenciee-et-le-site-lemployant-recompense\/172840\/","og_site_name":"webdo","article_publisher":"https:\/\/www.facebook.com\/webdotn","article_published_time":"2011-05-05T16:30:00+00:00","og_image":[{"width":356,"height":242,"url":"https:\/\/www.webdo.tn\/fr\/wp-content\/uploads\/2011\/05\/Farhat-Rajhi1.jpg","type":"image\/jpeg"}],"author":"webdo.tn","twitter_card":"summary_large_image","twitter_creator":"@webdo_tn","twitter_site":"@webdo_tn","twitter_misc":{"\u00c9crit par":"webdo.tn","Dur\u00e9e de lecture estim\u00e9e":"1 minute"},"schema":{"@context":"https:\/\/schema.org","@graph":[{"@type":"NewsArticle","@id":"https:\/\/www.webdo.tn\/fr\/actualite\/national\/video-farhat-rajhi-la-journaliste-licenciee-et-le-site-lemployant-recompense\/172840\/#article","isPartOf":{"@id":"https:\/\/www.webdo.tn\/fr\/actualite\/national\/video-farhat-rajhi-la-journaliste-licenciee-et-le-site-lemployant-recompense\/172840\/"},"author":{"name":"webdo.tn","@id":"https:\/\/www.webdo.tn\/fr\/#\/schema\/person\/9a9c6118d687c117df8ef3cc36a4d175"},"headline":"Vid\u00e9o Farhat Rajhi : la journaliste licenci\u00e9e et le site l&#8217;employant r\u00e9compens\u00e9 !?","datePublished":"2011-05-05T16:30:00+00:00","mainEntityOfPage":{"@id":"https:\/\/www.webdo.tn\/fr\/actualite\/national\/video-farhat-rajhi-la-journaliste-licenciee-et-le-site-lemployant-recompense\/172840\/"},"wordCount":255,"commentCount":0,"publisher":{"@id":"https:\/\/www.webdo.tn\/fr\/#organization"},"image":{"@id":"https:\/\/www.webdo.tn\/fr\/actualite\/national\/video-farhat-rajhi-la-journaliste-licenciee-et-le-site-lemployant-recompense\/172840\/#primaryimage"},"thumbnailUrl":"https:\/\/www.webdo.tn\/fr\/wp-content\/uploads\/2011\/05\/Farhat-Rajhi1.jpg","articleSection":["National"],"inLanguage":"fr-FR"},{"@type":"WebPage","@id":"https:\/\/www.webdo.tn\/fr\/actualite\/national\/video-farhat-rajhi-la-journaliste-licenciee-et-le-site-lemployant-recompense\/172840\/","url":"https:\/\/www.webdo.tn\/fr\/actualite\/national\/video-farhat-rajhi-la-journaliste-licenciee-et-le-site-lemployant-recompense\/172840\/","name":"Vid\u00e9o Farhat Rajhi : la journaliste licenci\u00e9e et le site l'employant r\u00e9compens\u00e9 !?","isPartOf":{"@id":"https:\/\/www.webdo.tn\/fr\/#website"},"primaryImageOfPage":{"@id":"https:\/\/www.webdo.tn\/fr\/actualite\/national\/video-farhat-rajhi-la-journaliste-licenciee-et-le-site-lemployant-recompense\/172840\/#primaryimage"},"image":{"@id":"https:\/\/www.webdo.tn\/fr\/actualite\/national\/video-farhat-rajhi-la-journaliste-licenciee-et-le-site-lemployant-recompense\/172840\/#primaryimage"},"thumbnailUrl":"https:\/\/www.webdo.tn\/fr\/wp-content\/uploads\/2011\/05\/Farhat-Rajhi1.jpg","datePublished":"2011-05-05T16:30:00+00:00","description":"Vid\u00e9o Farhat Rajhi : la journaliste licenci\u00e9e et le site l'employant r\u00e9compens\u00e9 !?","breadcrumb":{"@id":"https:\/\/www.webdo.tn\/fr\/actualite\/national\/video-farhat-rajhi-la-journaliste-licenciee-et-le-site-lemployant-recompense\/172840\/#breadcrumb"},"inLanguage":"fr-FR","potentialAction":[{"@type":"ReadAction","target":["https:\/\/www.webdo.tn\/fr\/actualite\/national\/video-farhat-rajhi-la-journaliste-licenciee-et-le-site-lemployant-recompense\/172840\/"]}]},{"@type":"ImageObject","inLanguage":"fr-FR","@id":"https:\/\/www.webdo.tn\/fr\/actualite\/national\/video-farhat-rajhi-la-journaliste-licenciee-et-le-site-lemployant-recompense\/172840\/#primaryimage","url":"https:\/\/www.webdo.tn\/fr\/wp-content\/uploads\/2011\/05\/Farhat-Rajhi1.jpg","contentUrl":"https:\/\/www.webdo.tn\/fr\/wp-content\/uploads\/2011\/05\/Farhat-Rajhi1.jpg","width":356,"height":242,"caption":"Vid\u00e9o Farhat Rajhi : la journaliste licenci\u00e9e et le site l'employant r\u00e9compens\u00e9 !?"},{"@type":"BreadcrumbList","@id":"https:\/\/www.webdo.tn\/fr\/actualite\/national\/video-farhat-rajhi-la-journaliste-licenciee-et-le-site-lemployant-recompense\/172840\/#breadcrumb","itemListElement":[{"@type":"ListItem","position":1,"name":"Accueil","item":"https:\/\/www.webdo.tn\/fr\/"},{"@type":"ListItem","position":2,"name":"Vid\u00e9o Farhat Rajhi : la journaliste licenci\u00e9e et le site l&#8217;employant r\u00e9compens\u00e9 !?"}]},{"@type":"WebSite","@id":"https:\/\/www.webdo.tn\/fr\/#website","url":"https:\/\/www.webdo.tn\/fr\/","name":"webdo","description":"Tunisie - News en Tunisie et \u00e0 l&#039;international sur Webdo.tn","publisher":{"@id":"https:\/\/www.webdo.tn\/fr\/#organization"},"potentialAction":[{"@type":"SearchAction","target":{"@type":"EntryPoint","urlTemplate":"https:\/\/www.webdo.tn\/fr\/?s={search_term_string}"},"query-input":{"@type":"PropertyValueSpecification","valueRequired":true,"valueName":"search_term_string"}}],"inLanguage":"fr-FR"},{"@type":"Organization","@id":"https:\/\/www.webdo.tn\/fr\/#organization","name":"Webdo","alternateName":"Webdo.tn","url":"https:\/\/www.webdo.tn\/fr\/","logo":{"@type":"ImageObject","inLanguage":"fr-FR","@id":"https:\/\/www.webdo.tn\/fr\/#\/schema\/logo\/image\/","url":"https:\/\/www.webdo.tn\/fr\/wp-content\/uploads\/2025\/06\/Webdo-Tunisie_168377.jpg","contentUrl":"https:\/\/www.webdo.tn\/fr\/wp-content\/uploads\/2025\/06\/Webdo-Tunisie_168377.jpg","width":301,"height":301,"caption":"Webdo"},"image":{"@id":"https:\/\/www.webdo.tn\/fr\/#\/schema\/logo\/image\/"},"sameAs":["https:\/\/www.facebook.com\/webdotn","https:\/\/x.com\/webdo_tn"],"description":"Webdo est un m\u00e9dia num\u00e9rique tunisien fond\u00e9 en 2010, sp\u00e9cialis\u00e9 dans l\u2019actualit\u00e9 nationale et internationale, l\u2019\u00e9conomie, la soci\u00e9t\u00e9 et les analyses politiques. Le site s\u2019adresse \u00e0 un large public francophone et couvre l\u2019information tunisienne en temps r\u00e9el.","email":"redac@webdo.tn","legalName":"YNJ SARL","foundingDate":"2010-09-06","numberOfEmployees":{"@type":"QuantitativeValue","minValue":"11","maxValue":"50"}},{"@type":"Person","@id":"https:\/\/www.webdo.tn\/fr\/#\/schema\/person\/9a9c6118d687c117df8ef3cc36a4d175","name":"webdo.tn","image":{"@type":"ImageObject","inLanguage":"fr-FR","@id":"https:\/\/secure.gravatar.com\/avatar\/7ce1f28c0c3bbac99ff550b85ef8e44a6950c6ee24514fb6a5489e51d06f0298?s=96&d=mm&r=g","url":"https:\/\/secure.gravatar.com\/avatar\/7ce1f28c0c3bbac99ff550b85ef8e44a6950c6ee24514fb6a5489e51d06f0298?s=96&d=mm&r=g","contentUrl":"https:\/\/secure.gravatar.com\/avatar\/7ce1f28c0c3bbac99ff550b85ef8e44a6950c6ee24514fb6a5489e51d06f0298?s=96&d=mm&r=g","caption":"webdo.tn"},"url":"https:\/\/www.webdo.tn\/fr\/actualite\/author\/webdotn\/"}]}},"_links":{"self":[{"href":"https:\/\/www.webdo.tn\/fr\/wp-json\/wp\/v2\/posts\/172840","targetHints":{"allow":["GET"]}}],"collection":[{"href":"https:\/\/www.webdo.tn\/fr\/wp-json\/wp\/v2\/posts"}],"about":[{"href":"https:\/\/www.webdo.tn\/fr\/wp-json\/wp\/v2\/types\/post"}],"author":[{"embeddable":true,"href":"https:\/\/www.webdo.tn\/fr\/wp-json\/wp\/v2\/users\/3222"}],"replies":[{"embeddable":true,"href":"https:\/\/www.webdo.tn\/fr\/wp-json\/wp\/v2\/comments?post=172840"}],"version-history":[{"count":0,"href":"https:\/\/www.webdo.tn\/fr\/wp-json\/wp\/v2\/posts\/172840\/revisions"}],"wp:featuredmedia":[{"embeddable":true,"href":"https:\/\/www.webdo.tn\/fr\/wp-json\/wp\/v2\/media\/365892"}],"wp:attachment":[{"href":"https:\/\/www.webdo.tn\/fr\/wp-json\/wp\/v2\/media?parent=172840"}],"wp:term":[{"taxonomy":"category","embeddable":true,"href":"https:\/\/www.webdo.tn\/fr\/wp-json\/wp\/v2\/categories?post=172840"},{"taxonomy":"post_tag","embeddable":true,"href":"https:\/\/www.webdo.tn\/fr\/wp-json\/wp\/v2\/tags?post=172840"}],"curies":[{"name":"wp","href":"https:\/\/api.w.org\/{rel}","templated":true}]}}