{"id":172806,"date":"2011-05-22T09:14:00","date_gmt":"2011-05-22T09:14:00","guid":{"rendered":"https:\/\/www.webdo.tn\/fr\/actualite\/blog\/tunisiens-et-francais-se-disputent-le-parti-pirate-tunisien\/172806\/"},"modified":"2011-05-22T09:14:00","modified_gmt":"2011-05-22T09:14:00","slug":"tunisiens-et-francais-se-disputent-le-parti-pirate-tunisien","status":"publish","type":"post","link":"https:\/\/www.webdo.tn\/fr\/actualite\/national\/tunisiens-et-francais-se-disputent-le-parti-pirate-tunisien\/172806\/","title":{"rendered":"Tunisiens et Fran\u00e7ais se disputent le parti pirate tunisien"},"content":{"rendered":"<p>Sleheddine Kchouk, surnomm\u00e9 \u00ab le loup \u00bb, a d\u00e9pos\u00e9 r\u00e9cemment une demande de l\u00e9galisation du parti pirate tunisien. Le plus int\u00e9ressant n&rsquo;est pas le parti lui m\u00eame mais ses coulisses. Ce n&rsquo;est pas la premi\u00e8re tentative de cr\u00e9ation de ce parti en Tunisie.<\/p>\n<p>Chemseddine Ben Jemaa, un parfait inconnu en Tunisie jusqu&rsquo;\u00e0 septembre dernier avait d\u00e9pos\u00e9 une premi\u00e8re demande qui lui avait \u00e9t\u00e9 refus\u00e9e \u00e0 cause de sa double nationalit\u00e9. Il poss\u00e8de en fait un passeport fran\u00e7ais et est membre du parti pirate fran\u00e7ais.<\/p>\n<p>Sur son mur Facebook, Ben Jemaa se r\u00e9volte contre \u00ab une discrimination \u00e0 la naissance qui est contraire aux droits de l&rsquo;Homme \u00bb.<\/p>\n<p>D\u00e8s sont arriv\u00e9e en Tunisie, Ben Jemaa s&rsquo;\u00e9tait rapproch\u00e9 de Slim Amamou. Il a \u00e9t\u00e9, lui aussi, arr\u00eat\u00e9 en janvier avec Kchouk et Amamou. Il fr\u00e9quente \u00e9galement les communaut\u00e9s Twitter et Open Source, avec le pseudonyme \u00ab KanGouLya \u00bb.<\/p>\n<p>Le franco-tunisien est \u00e9troitement aid\u00e9, depuis son retour en Tunisie par le parti pirate fran\u00e7ais, notamment son (ex) pr\u00e9sident Paul Da Silva. Ce dernier \u00e9tait m\u00eame intervenu aupr\u00e8s du bureau de Mich\u00e8le Alliot-Marie pour lib\u00e9rer Ben Jemaa.<\/p>\n<p>Il y a deux partis pirates distincts, form\u00e9s par deux clans distincts. Kchouk, sa femme et ses coll\u00e8gues semblent avoir pris l&rsquo;avantage en publiant leurs actions et b\u00e9n\u00e9ficient des attaques sur Amamou pour se faire conna\u00eetre. Les actions de Ben Jemaa et ses camarades, elles, sont rest\u00e9es secr\u00e8tes.<\/p>\n<p>Ben Jemaa tente de r\u00e9cup\u00e9rer le parti, il n&rsquo;a pas d&rsquo;autres moyens que l&rsquo;utilisation de pr\u00eate-noms dans un processus digne d&rsquo;un coup d&rsquo;\u00e9tat, bien que \u201cd\u00e9mocratique\u201d. Il explique, toujours sur Facebook, que \u00ab\u00a0Le PP tn doit \u00eatre g\u00e9r\u00e9 d\u00e9mocratiquement avec de la transparence, donc ils [ndlr : kchouk et coll\u00e8gues] doivent maintenant organiser au plus vite des \u00e9lections du parti pour que les membres fondateurs passent le relais \u00e0 des membres dirigeants qui seront nomm\u00e9s d\u00e9mocratiquement.\u00a0\u00bb.<\/p>\n<p>Entre ces deux p\u00f4les, il y a le groupe Takriz qui revendique que le Parti Pirate Tunisien est un de ses produits. Takriz est actuellement poursuivi par le juge d&rsquo;instruction du tribunal militaire permanent de Tunis. Sa page facebook est censur\u00e9e.<\/p>\n<p>Bien que Kchouk ait confirm\u00e9 son ind\u00e9pendance par rapport \u00e0 Takriz, il affiche l&rsquo;adresse de leur site web sur son profil Twitter. Si une relation est \u00e9tablie entre le parti et le groupe, la l\u00e9galisation risquerait d&rsquo;\u00eatre difficile \u00e0 obtenir.<\/p>\n","protected":false},"excerpt":{"rendered":"<p>Tunisiens et Fran\u00e7ais se disputent le parti pirate tunisien<\/p>\n","protected":false},"author":3222,"featured_media":365913,"comment_status":"open","ping_status":"closed","sticky":false,"template":"","format":"standard","meta":{"footnotes":""},"categories":[44],"tags":[],"class_list":["post-172806","post","type-post","status-publish","format-standard","has-post-thumbnail","hentry","category-national"],"yoast_head":"<!-- This site is optimized with the Yoast SEO Premium plugin v27.4 (Yoast SEO v27.5) - https:\/\/yoast.com\/product\/yoast-seo-premium-wordpress\/ -->\n<title>Tunisiens et Fran\u00e7ais se disputent le parti pirate tunisien<\/title>\n<meta name=\"description\" content=\"Tunisiens et Fran\u00e7ais se disputent le parti pirate tunisien\" \/>\n<link rel=\"canonical\" href=\"https:\/\/www.webdo.tn\/fr\/actualite\/national\/tunisiens-et-francais-se-disputent-le-parti-pirate-tunisien\/172806\/\" \/>\n<meta property=\"og:locale\" content=\"fr_FR\" \/>\n<meta property=\"og:type\" content=\"article\" \/>\n<meta property=\"og:title\" content=\"Tunisiens et Fran\u00e7ais se disputent le parti pirate tunisien\" \/>\n<meta property=\"og:description\" content=\"Tunisiens et Fran\u00e7ais se disputent le parti pirate tunisien\" \/>\n<meta property=\"og:url\" content=\"https:\/\/www.webdo.tn\/fr\/actualite\/national\/tunisiens-et-francais-se-disputent-le-parti-pirate-tunisien\/172806\/\" \/>\n<meta property=\"og:site_name\" content=\"webdo\" \/>\n<meta property=\"article:publisher\" content=\"https:\/\/www.facebook.com\/webdotn\" \/>\n<meta property=\"article:published_time\" content=\"2011-05-22T09:14:00+00:00\" \/>\n<meta property=\"og:image\" content=\"https:\/\/www.webdo.tn\/fr\/wp-content\/uploads\/2011\/05\/pp-tn4.png\" \/>\n\t<meta property=\"og:image:width\" content=\"200\" \/>\n\t<meta property=\"og:image:height\" content=\"200\" \/>\n\t<meta property=\"og:image:type\" content=\"image\/png\" \/>\n<meta name=\"author\" content=\"webdo.tn\" \/>\n<meta name=\"twitter:card\" content=\"summary_large_image\" \/>\n<meta name=\"twitter:creator\" content=\"@webdo_tn\" \/>\n<meta name=\"twitter:site\" content=\"@webdo_tn\" \/>\n<meta name=\"twitter:label1\" content=\"\u00c9crit par\" \/>\n\t<meta name=\"twitter:data1\" content=\"webdo.tn\" \/>\n\t<meta name=\"twitter:label2\" content=\"Dur\u00e9e de lecture estim\u00e9e\" \/>\n\t<meta name=\"twitter:data2\" content=\"2 minutes\" \/>\n<script type=\"application\/ld+json\" class=\"yoast-schema-graph\">{\"@context\":\"https:\\\/\\\/schema.org\",\"@graph\":[{\"@type\":\"NewsArticle\",\"@id\":\"https:\\\/\\\/www.webdo.tn\\\/fr\\\/actualite\\\/national\\\/tunisiens-et-francais-se-disputent-le-parti-pirate-tunisien\\\/172806\\\/#article\",\"isPartOf\":{\"@id\":\"https:\\\/\\\/www.webdo.tn\\\/fr\\\/actualite\\\/national\\\/tunisiens-et-francais-se-disputent-le-parti-pirate-tunisien\\\/172806\\\/\"},\"author\":{\"name\":\"webdo.tn\",\"@id\":\"https:\\\/\\\/www.webdo.tn\\\/fr\\\/#\\\/schema\\\/person\\\/9a9c6118d687c117df8ef3cc36a4d175\"},\"headline\":\"Tunisiens et Fran\u00e7ais se disputent le parti pirate tunisien\",\"datePublished\":\"2011-05-22T09:14:00+00:00\",\"mainEntityOfPage\":{\"@id\":\"https:\\\/\\\/www.webdo.tn\\\/fr\\\/actualite\\\/national\\\/tunisiens-et-francais-se-disputent-le-parti-pirate-tunisien\\\/172806\\\/\"},\"wordCount\":444,\"commentCount\":0,\"publisher\":{\"@id\":\"https:\\\/\\\/www.webdo.tn\\\/fr\\\/#organization\"},\"image\":{\"@id\":\"https:\\\/\\\/www.webdo.tn\\\/fr\\\/actualite\\\/national\\\/tunisiens-et-francais-se-disputent-le-parti-pirate-tunisien\\\/172806\\\/#primaryimage\"},\"thumbnailUrl\":\"https:\\\/\\\/www.webdo.tn\\\/fr\\\/wp-content\\\/uploads\\\/2011\\\/05\\\/pp-tn4.png\",\"articleSection\":[\"National\"],\"inLanguage\":\"fr-FR\"},{\"@type\":\"WebPage\",\"@id\":\"https:\\\/\\\/www.webdo.tn\\\/fr\\\/actualite\\\/national\\\/tunisiens-et-francais-se-disputent-le-parti-pirate-tunisien\\\/172806\\\/\",\"url\":\"https:\\\/\\\/www.webdo.tn\\\/fr\\\/actualite\\\/national\\\/tunisiens-et-francais-se-disputent-le-parti-pirate-tunisien\\\/172806\\\/\",\"name\":\"Tunisiens et Fran\u00e7ais se disputent le parti pirate tunisien\",\"isPartOf\":{\"@id\":\"https:\\\/\\\/www.webdo.tn\\\/fr\\\/#website\"},\"primaryImageOfPage\":{\"@id\":\"https:\\\/\\\/www.webdo.tn\\\/fr\\\/actualite\\\/national\\\/tunisiens-et-francais-se-disputent-le-parti-pirate-tunisien\\\/172806\\\/#primaryimage\"},\"image\":{\"@id\":\"https:\\\/\\\/www.webdo.tn\\\/fr\\\/actualite\\\/national\\\/tunisiens-et-francais-se-disputent-le-parti-pirate-tunisien\\\/172806\\\/#primaryimage\"},\"thumbnailUrl\":\"https:\\\/\\\/www.webdo.tn\\\/fr\\\/wp-content\\\/uploads\\\/2011\\\/05\\\/pp-tn4.png\",\"datePublished\":\"2011-05-22T09:14:00+00:00\",\"description\":\"Tunisiens et Fran\u00e7ais se disputent le parti pirate tunisien\",\"breadcrumb\":{\"@id\":\"https:\\\/\\\/www.webdo.tn\\\/fr\\\/actualite\\\/national\\\/tunisiens-et-francais-se-disputent-le-parti-pirate-tunisien\\\/172806\\\/#breadcrumb\"},\"inLanguage\":\"fr-FR\",\"potentialAction\":[{\"@type\":\"ReadAction\",\"target\":[\"https:\\\/\\\/www.webdo.tn\\\/fr\\\/actualite\\\/national\\\/tunisiens-et-francais-se-disputent-le-parti-pirate-tunisien\\\/172806\\\/\"]}]},{\"@type\":\"ImageObject\",\"inLanguage\":\"fr-FR\",\"@id\":\"https:\\\/\\\/www.webdo.tn\\\/fr\\\/actualite\\\/national\\\/tunisiens-et-francais-se-disputent-le-parti-pirate-tunisien\\\/172806\\\/#primaryimage\",\"url\":\"https:\\\/\\\/www.webdo.tn\\\/fr\\\/wp-content\\\/uploads\\\/2011\\\/05\\\/pp-tn4.png\",\"contentUrl\":\"https:\\\/\\\/www.webdo.tn\\\/fr\\\/wp-content\\\/uploads\\\/2011\\\/05\\\/pp-tn4.png\",\"width\":200,\"height\":200,\"caption\":\"Tunisiens et Fran\u00e7ais se disputent le parti pirate tunisien\"},{\"@type\":\"BreadcrumbList\",\"@id\":\"https:\\\/\\\/www.webdo.tn\\\/fr\\\/actualite\\\/national\\\/tunisiens-et-francais-se-disputent-le-parti-pirate-tunisien\\\/172806\\\/#breadcrumb\",\"itemListElement\":[{\"@type\":\"ListItem\",\"position\":1,\"name\":\"Accueil\",\"item\":\"https:\\\/\\\/www.webdo.tn\\\/fr\\\/\"},{\"@type\":\"ListItem\",\"position\":2,\"name\":\"Tunisiens et Fran\u00e7ais se disputent le parti pirate tunisien\"}]},{\"@type\":\"WebSite\",\"@id\":\"https:\\\/\\\/www.webdo.tn\\\/fr\\\/#website\",\"url\":\"https:\\\/\\\/www.webdo.tn\\\/fr\\\/\",\"name\":\"webdo\",\"description\":\"Tunisie - News en Tunisie et \u00e0 l&#039;international sur Webdo.tn\",\"publisher\":{\"@id\":\"https:\\\/\\\/www.webdo.tn\\\/fr\\\/#organization\"},\"potentialAction\":[{\"@type\":\"SearchAction\",\"target\":{\"@type\":\"EntryPoint\",\"urlTemplate\":\"https:\\\/\\\/www.webdo.tn\\\/fr\\\/?s={search_term_string}\"},\"query-input\":{\"@type\":\"PropertyValueSpecification\",\"valueRequired\":true,\"valueName\":\"search_term_string\"}}],\"inLanguage\":\"fr-FR\"},{\"@type\":\"Organization\",\"@id\":\"https:\\\/\\\/www.webdo.tn\\\/fr\\\/#organization\",\"name\":\"Webdo\",\"alternateName\":\"Webdo.tn\",\"url\":\"https:\\\/\\\/www.webdo.tn\\\/fr\\\/\",\"logo\":{\"@type\":\"ImageObject\",\"inLanguage\":\"fr-FR\",\"@id\":\"https:\\\/\\\/www.webdo.tn\\\/fr\\\/#\\\/schema\\\/logo\\\/image\\\/\",\"url\":\"https:\\\/\\\/www.webdo.tn\\\/fr\\\/wp-content\\\/uploads\\\/2025\\\/06\\\/Webdo-Tunisie_168377.jpg\",\"contentUrl\":\"https:\\\/\\\/www.webdo.tn\\\/fr\\\/wp-content\\\/uploads\\\/2025\\\/06\\\/Webdo-Tunisie_168377.jpg\",\"width\":301,\"height\":301,\"caption\":\"Webdo\"},\"image\":{\"@id\":\"https:\\\/\\\/www.webdo.tn\\\/fr\\\/#\\\/schema\\\/logo\\\/image\\\/\"},\"sameAs\":[\"https:\\\/\\\/www.facebook.com\\\/webdotn\",\"https:\\\/\\\/x.com\\\/webdo_tn\"],\"description\":\"Webdo est un m\u00e9dia num\u00e9rique tunisien fond\u00e9 en 2010, sp\u00e9cialis\u00e9 dans l\u2019actualit\u00e9 nationale et internationale, l\u2019\u00e9conomie, la soci\u00e9t\u00e9 et les analyses politiques. Le site s\u2019adresse \u00e0 un large public francophone et couvre l\u2019information tunisienne en temps r\u00e9el.\",\"email\":\"redac@webdo.tn\",\"legalName\":\"YNJ SARL\",\"foundingDate\":\"2010-09-06\",\"numberOfEmployees\":{\"@type\":\"QuantitativeValue\",\"minValue\":\"11\",\"maxValue\":\"50\"}},{\"@type\":\"Person\",\"@id\":\"https:\\\/\\\/www.webdo.tn\\\/fr\\\/#\\\/schema\\\/person\\\/9a9c6118d687c117df8ef3cc36a4d175\",\"name\":\"webdo.tn\",\"image\":{\"@type\":\"ImageObject\",\"inLanguage\":\"fr-FR\",\"@id\":\"https:\\\/\\\/secure.gravatar.com\\\/avatar\\\/7ce1f28c0c3bbac99ff550b85ef8e44a6950c6ee24514fb6a5489e51d06f0298?s=96&d=mm&r=g\",\"url\":\"https:\\\/\\\/secure.gravatar.com\\\/avatar\\\/7ce1f28c0c3bbac99ff550b85ef8e44a6950c6ee24514fb6a5489e51d06f0298?s=96&d=mm&r=g\",\"contentUrl\":\"https:\\\/\\\/secure.gravatar.com\\\/avatar\\\/7ce1f28c0c3bbac99ff550b85ef8e44a6950c6ee24514fb6a5489e51d06f0298?s=96&d=mm&r=g\",\"caption\":\"webdo.tn\"},\"url\":\"https:\\\/\\\/www.webdo.tn\\\/fr\\\/actualite\\\/author\\\/webdotn\\\/\"}]}<\/script>\n<!-- \/ Yoast SEO Premium plugin. -->","yoast_head_json":{"title":"Tunisiens et Fran\u00e7ais se disputent le parti pirate tunisien","description":"Tunisiens et Fran\u00e7ais se disputent le parti pirate tunisien","canonical":"https:\/\/www.webdo.tn\/fr\/actualite\/national\/tunisiens-et-francais-se-disputent-le-parti-pirate-tunisien\/172806\/","og_locale":"fr_FR","og_type":"article","og_title":"Tunisiens et Fran\u00e7ais se disputent le parti pirate tunisien","og_description":"Tunisiens et Fran\u00e7ais se disputent le parti pirate tunisien","og_url":"https:\/\/www.webdo.tn\/fr\/actualite\/national\/tunisiens-et-francais-se-disputent-le-parti-pirate-tunisien\/172806\/","og_site_name":"webdo","article_publisher":"https:\/\/www.facebook.com\/webdotn","article_published_time":"2011-05-22T09:14:00+00:00","og_image":[{"width":200,"height":200,"url":"https:\/\/www.webdo.tn\/fr\/wp-content\/uploads\/2011\/05\/pp-tn4.png","type":"image\/png"}],"author":"webdo.tn","twitter_card":"summary_large_image","twitter_creator":"@webdo_tn","twitter_site":"@webdo_tn","twitter_misc":{"\u00c9crit par":"webdo.tn","Dur\u00e9e de lecture estim\u00e9e":"2 minutes"},"schema":{"@context":"https:\/\/schema.org","@graph":[{"@type":"NewsArticle","@id":"https:\/\/www.webdo.tn\/fr\/actualite\/national\/tunisiens-et-francais-se-disputent-le-parti-pirate-tunisien\/172806\/#article","isPartOf":{"@id":"https:\/\/www.webdo.tn\/fr\/actualite\/national\/tunisiens-et-francais-se-disputent-le-parti-pirate-tunisien\/172806\/"},"author":{"name":"webdo.tn","@id":"https:\/\/www.webdo.tn\/fr\/#\/schema\/person\/9a9c6118d687c117df8ef3cc36a4d175"},"headline":"Tunisiens et Fran\u00e7ais se disputent le parti pirate tunisien","datePublished":"2011-05-22T09:14:00+00:00","mainEntityOfPage":{"@id":"https:\/\/www.webdo.tn\/fr\/actualite\/national\/tunisiens-et-francais-se-disputent-le-parti-pirate-tunisien\/172806\/"},"wordCount":444,"commentCount":0,"publisher":{"@id":"https:\/\/www.webdo.tn\/fr\/#organization"},"image":{"@id":"https:\/\/www.webdo.tn\/fr\/actualite\/national\/tunisiens-et-francais-se-disputent-le-parti-pirate-tunisien\/172806\/#primaryimage"},"thumbnailUrl":"https:\/\/www.webdo.tn\/fr\/wp-content\/uploads\/2011\/05\/pp-tn4.png","articleSection":["National"],"inLanguage":"fr-FR"},{"@type":"WebPage","@id":"https:\/\/www.webdo.tn\/fr\/actualite\/national\/tunisiens-et-francais-se-disputent-le-parti-pirate-tunisien\/172806\/","url":"https:\/\/www.webdo.tn\/fr\/actualite\/national\/tunisiens-et-francais-se-disputent-le-parti-pirate-tunisien\/172806\/","name":"Tunisiens et Fran\u00e7ais se disputent le parti pirate tunisien","isPartOf":{"@id":"https:\/\/www.webdo.tn\/fr\/#website"},"primaryImageOfPage":{"@id":"https:\/\/www.webdo.tn\/fr\/actualite\/national\/tunisiens-et-francais-se-disputent-le-parti-pirate-tunisien\/172806\/#primaryimage"},"image":{"@id":"https:\/\/www.webdo.tn\/fr\/actualite\/national\/tunisiens-et-francais-se-disputent-le-parti-pirate-tunisien\/172806\/#primaryimage"},"thumbnailUrl":"https:\/\/www.webdo.tn\/fr\/wp-content\/uploads\/2011\/05\/pp-tn4.png","datePublished":"2011-05-22T09:14:00+00:00","description":"Tunisiens et Fran\u00e7ais se disputent le parti pirate tunisien","breadcrumb":{"@id":"https:\/\/www.webdo.tn\/fr\/actualite\/national\/tunisiens-et-francais-se-disputent-le-parti-pirate-tunisien\/172806\/#breadcrumb"},"inLanguage":"fr-FR","potentialAction":[{"@type":"ReadAction","target":["https:\/\/www.webdo.tn\/fr\/actualite\/national\/tunisiens-et-francais-se-disputent-le-parti-pirate-tunisien\/172806\/"]}]},{"@type":"ImageObject","inLanguage":"fr-FR","@id":"https:\/\/www.webdo.tn\/fr\/actualite\/national\/tunisiens-et-francais-se-disputent-le-parti-pirate-tunisien\/172806\/#primaryimage","url":"https:\/\/www.webdo.tn\/fr\/wp-content\/uploads\/2011\/05\/pp-tn4.png","contentUrl":"https:\/\/www.webdo.tn\/fr\/wp-content\/uploads\/2011\/05\/pp-tn4.png","width":200,"height":200,"caption":"Tunisiens et Fran\u00e7ais se disputent le parti pirate tunisien"},{"@type":"BreadcrumbList","@id":"https:\/\/www.webdo.tn\/fr\/actualite\/national\/tunisiens-et-francais-se-disputent-le-parti-pirate-tunisien\/172806\/#breadcrumb","itemListElement":[{"@type":"ListItem","position":1,"name":"Accueil","item":"https:\/\/www.webdo.tn\/fr\/"},{"@type":"ListItem","position":2,"name":"Tunisiens et Fran\u00e7ais se disputent le parti pirate tunisien"}]},{"@type":"WebSite","@id":"https:\/\/www.webdo.tn\/fr\/#website","url":"https:\/\/www.webdo.tn\/fr\/","name":"webdo","description":"Tunisie - News en Tunisie et \u00e0 l&#039;international sur Webdo.tn","publisher":{"@id":"https:\/\/www.webdo.tn\/fr\/#organization"},"potentialAction":[{"@type":"SearchAction","target":{"@type":"EntryPoint","urlTemplate":"https:\/\/www.webdo.tn\/fr\/?s={search_term_string}"},"query-input":{"@type":"PropertyValueSpecification","valueRequired":true,"valueName":"search_term_string"}}],"inLanguage":"fr-FR"},{"@type":"Organization","@id":"https:\/\/www.webdo.tn\/fr\/#organization","name":"Webdo","alternateName":"Webdo.tn","url":"https:\/\/www.webdo.tn\/fr\/","logo":{"@type":"ImageObject","inLanguage":"fr-FR","@id":"https:\/\/www.webdo.tn\/fr\/#\/schema\/logo\/image\/","url":"https:\/\/www.webdo.tn\/fr\/wp-content\/uploads\/2025\/06\/Webdo-Tunisie_168377.jpg","contentUrl":"https:\/\/www.webdo.tn\/fr\/wp-content\/uploads\/2025\/06\/Webdo-Tunisie_168377.jpg","width":301,"height":301,"caption":"Webdo"},"image":{"@id":"https:\/\/www.webdo.tn\/fr\/#\/schema\/logo\/image\/"},"sameAs":["https:\/\/www.facebook.com\/webdotn","https:\/\/x.com\/webdo_tn"],"description":"Webdo est un m\u00e9dia num\u00e9rique tunisien fond\u00e9 en 2010, sp\u00e9cialis\u00e9 dans l\u2019actualit\u00e9 nationale et internationale, l\u2019\u00e9conomie, la soci\u00e9t\u00e9 et les analyses politiques. Le site s\u2019adresse \u00e0 un large public francophone et couvre l\u2019information tunisienne en temps r\u00e9el.","email":"redac@webdo.tn","legalName":"YNJ SARL","foundingDate":"2010-09-06","numberOfEmployees":{"@type":"QuantitativeValue","minValue":"11","maxValue":"50"}},{"@type":"Person","@id":"https:\/\/www.webdo.tn\/fr\/#\/schema\/person\/9a9c6118d687c117df8ef3cc36a4d175","name":"webdo.tn","image":{"@type":"ImageObject","inLanguage":"fr-FR","@id":"https:\/\/secure.gravatar.com\/avatar\/7ce1f28c0c3bbac99ff550b85ef8e44a6950c6ee24514fb6a5489e51d06f0298?s=96&d=mm&r=g","url":"https:\/\/secure.gravatar.com\/avatar\/7ce1f28c0c3bbac99ff550b85ef8e44a6950c6ee24514fb6a5489e51d06f0298?s=96&d=mm&r=g","contentUrl":"https:\/\/secure.gravatar.com\/avatar\/7ce1f28c0c3bbac99ff550b85ef8e44a6950c6ee24514fb6a5489e51d06f0298?s=96&d=mm&r=g","caption":"webdo.tn"},"url":"https:\/\/www.webdo.tn\/fr\/actualite\/author\/webdotn\/"}]}},"_links":{"self":[{"href":"https:\/\/www.webdo.tn\/fr\/wp-json\/wp\/v2\/posts\/172806","targetHints":{"allow":["GET"]}}],"collection":[{"href":"https:\/\/www.webdo.tn\/fr\/wp-json\/wp\/v2\/posts"}],"about":[{"href":"https:\/\/www.webdo.tn\/fr\/wp-json\/wp\/v2\/types\/post"}],"author":[{"embeddable":true,"href":"https:\/\/www.webdo.tn\/fr\/wp-json\/wp\/v2\/users\/3222"}],"replies":[{"embeddable":true,"href":"https:\/\/www.webdo.tn\/fr\/wp-json\/wp\/v2\/comments?post=172806"}],"version-history":[{"count":0,"href":"https:\/\/www.webdo.tn\/fr\/wp-json\/wp\/v2\/posts\/172806\/revisions"}],"wp:featuredmedia":[{"embeddable":true,"href":"https:\/\/www.webdo.tn\/fr\/wp-json\/wp\/v2\/media\/365913"}],"wp:attachment":[{"href":"https:\/\/www.webdo.tn\/fr\/wp-json\/wp\/v2\/media?parent=172806"}],"wp:term":[{"taxonomy":"category","embeddable":true,"href":"https:\/\/www.webdo.tn\/fr\/wp-json\/wp\/v2\/categories?post=172806"},{"taxonomy":"post_tag","embeddable":true,"href":"https:\/\/www.webdo.tn\/fr\/wp-json\/wp\/v2\/tags?post=172806"}],"curies":[{"name":"wp","href":"https:\/\/api.w.org\/{rel}","templated":true}]}}