{"id":172802,"date":"2011-05-23T17:03:00","date_gmt":"2011-05-23T17:03:00","guid":{"rendered":"https:\/\/www.webdo.tn\/fr\/actualite\/blog\/suite-aux-declarations-de-slim-amamou-nest-pas-rajhi-qui-veut\/178918\/"},"modified":"2025-06-04T20:33:14","modified_gmt":"2025-06-04T20:33:14","slug":"suite-aux-declarations-de-slim-amamou-nest-pas-rajhi-qui-veut","status":"publish","type":"post","link":"https:\/\/www.webdo.tn\/fr\/actualite\/national\/suite-aux-declarations-de-slim-amamou-nest-pas-rajhi-qui-veut\/172802\/","title":{"rendered":"Suite aux d\u00e9clarations de Slim Amamou: n&rsquo;est pas Rajhi qui veut !"},"content":{"rendered":"<p>Ce matin, le secr\u00e9taire d&rsquo;\u00c9tat \u00e0 la Jeunesse et au Sport, Slim Amamou, invit\u00e9 de l&rsquo;\u00e9mission Expresso sur Express FM, a d\u00e9clar\u00e9 \u00e0 l&rsquo;animateur Elyes Gharbi qu&rsquo;il y avait deux gouvernements. Ces d\u00e9clarations embo\u00eetent le pas \u00e0 celles de Farhat Rajhi, faisant, ainsi de Slim Amamou le deuxi\u00e8me responsable gouvernemental (en service) \u00e0 tenir de tels propos.<\/p>\n<p>Alors que les r\u00e9actions commen\u00e7aient \u00e0 gagner la toile, le directeur de la radio, Naoufel Ben Rayana, contact\u00e9 sur ce sujet, nous a confirm\u00e9 les propos de Slim Amamou. M\u00eame Olfa Riahi, animatrice sur Express FM, en a fait part sur son mur Facebook, ce qui atteste encore plus de l&rsquo;existence de ces d\u00e9clarations. Cependant, quelques minutes apr\u00e8s, la mention a \u00e9t\u00e9 supprim\u00e9e de son mur !<\/p>\n<p>Un peu plus tard sur la page Facebook de la radio, ceux qui passaient par l\u00e0 ont eu le droit \u00e0 l&rsquo;enregistrement de l&rsquo;interview ainsi qu&rsquo;\u00e0 un article l\u2019accompagnant. Pendant que l&rsquo;article mentionne clairement l&rsquo;histoire des deux gouvernements, la vid\u00e9o de l&rsquo;interview, elle non, \u00a0alors pressions r\u00e9ussies pour le retrait des propos du secr\u00e9taire d&rsquo;Etat \u00e0 la jeunesse et au Sport ?<\/p>\n<p>En tout cas, Slim Amamou, lui-m\u00eame, a fait des rappels \u00e0 l&rsquo;ordre \u00e0 la radio via Twitter pour contester ce qui a \u00e9t\u00e9 mentionn\u00e9 dans l&rsquo;article, comme s&rsquo;il s&rsquo;\u00e9tait r\u00e9tract\u00e9 \u00e0 la derni\u00e8re minute. Etrange car nous n&rsquo;avons eu de cesse de contacter des responsables au sein d&rsquo;Express FM, dont notamment Karim Ben Amor, qui confirment on ne peut plus clairement que Slim Amamou avait bien parl\u00e9 de deux gouvernements. Des milliers d&rsquo;auditeurs peuvent en\u00a0t\u00e9moigner !<\/p>\n<p>Alors, que s&rsquo;est-il pass\u00e9 ? \u00c0 l\u2019\u00e9vidence, le passage audio o\u00f9 le secr\u00e9taire d&rsquo;\u00c9tat incrimine le gouvernement aurait \u00e9t\u00e9 purement et simplement retir\u00e9 avant sa diffusion sur Facebook alors que la partie qui correspond \u00e0 ces propos dans l&rsquo;article n&rsquo;a \u00e9t\u00e9 sucr\u00e9e que plus tard (voir en bas de cette page), s\u00fbrement \u00e0 la demande de Slim Amamou.<\/p>\n<p>Les cons\u00e9quences f\u00e2cheuses des d\u00e9clarations de Rajhi sur la s\u00e9curit\u00e9 du pays ont s\u00fbrement install\u00e9 une phobie qui a fait que toute d\u00e9claration concernant le gouvernement \u00e9manant d&rsquo;un officiel et sujette \u00e0&#8230; censure. On peut se demander pourquoi, finalement, Slim Amamou d\u00e9missionne&#8230;<\/p>\n","protected":false},"excerpt":{"rendered":"<p>Suite aux d\u00e9clarations de Slim Amamou: n&rsquo;est pas Rajhi qui veut !<\/p>\n","protected":false},"author":3222,"featured_media":365369,"comment_status":"open","ping_status":"closed","sticky":false,"template":"","format":"standard","meta":{"footnotes":""},"categories":[44],"tags":[],"class_list":["post-172802","post","type-post","status-publish","format-standard","has-post-thumbnail","hentry","category-national"],"yoast_head":"<!-- This site is optimized with the Yoast SEO Premium plugin v27.4 (Yoast SEO v27.5) - https:\/\/yoast.com\/product\/yoast-seo-premium-wordpress\/ -->\n<title>Suite aux d\u00e9clarations de Slim Amamou: n&#039;est pas Rajhi qui veut !<\/title>\n<meta name=\"description\" content=\"Suite aux d\u00e9clarations de Slim Amamou: n&#039;est pas Rajhi qui veut !\" \/>\n<link rel=\"canonical\" href=\"https:\/\/www.webdo.tn\/fr\/actualite\/hot\/suite-aux-declarations-de-slim-amamou-nest-pas-rajhi-qui-veut\/172802\/\" \/>\n<meta property=\"og:locale\" content=\"fr_FR\" \/>\n<meta property=\"og:type\" content=\"article\" \/>\n<meta property=\"og:title\" content=\"Suite aux d\u00e9clarations de Slim Amamou: n&#039;est pas Rajhi qui veut !\" \/>\n<meta property=\"og:description\" content=\"Suite aux d\u00e9clarations de Slim Amamou: n&#039;est pas Rajhi qui veut !\" \/>\n<meta property=\"og:url\" content=\"https:\/\/www.webdo.tn\/fr\/actualite\/hot\/suite-aux-declarations-de-slim-amamou-nest-pas-rajhi-qui-veut\/172802\/\" \/>\n<meta property=\"og:site_name\" content=\"webdo\" \/>\n<meta property=\"article:publisher\" content=\"https:\/\/www.facebook.com\/webdotn\" \/>\n<meta property=\"article:published_time\" content=\"2011-05-23T17:03:00+00:00\" \/>\n<meta property=\"article:modified_time\" content=\"2025-06-04T20:33:14+00:00\" \/>\n<meta property=\"og:image\" content=\"https:\/\/www.webdo.tn\/fr\/wp-content\/uploads\/2011\/05\/Slim-Amamou3.jpg\" \/>\n\t<meta property=\"og:image:width\" content=\"250\" \/>\n\t<meta property=\"og:image:height\" content=\"213\" \/>\n\t<meta property=\"og:image:type\" content=\"image\/jpeg\" \/>\n<meta name=\"author\" content=\"webdo.tn\" \/>\n<meta name=\"twitter:card\" content=\"summary_large_image\" \/>\n<meta name=\"twitter:creator\" content=\"@webdo_tn\" \/>\n<meta name=\"twitter:site\" content=\"@webdo_tn\" \/>\n<meta name=\"twitter:label1\" content=\"\u00c9crit par\" \/>\n\t<meta name=\"twitter:data1\" content=\"webdo.tn\" \/>\n\t<meta name=\"twitter:label2\" content=\"Dur\u00e9e de lecture estim\u00e9e\" \/>\n\t<meta name=\"twitter:data2\" content=\"2 minutes\" \/>\n<script type=\"application\/ld+json\" class=\"yoast-schema-graph\">{\"@context\":\"https:\\\/\\\/schema.org\",\"@graph\":[{\"@type\":\"NewsArticle\",\"@id\":\"https:\\\/\\\/www.webdo.tn\\\/fr\\\/actualite\\\/hot\\\/suite-aux-declarations-de-slim-amamou-nest-pas-rajhi-qui-veut\\\/172802\\\/#article\",\"isPartOf\":{\"@id\":\"https:\\\/\\\/www.webdo.tn\\\/fr\\\/actualite\\\/hot\\\/suite-aux-declarations-de-slim-amamou-nest-pas-rajhi-qui-veut\\\/172802\\\/\"},\"author\":{\"name\":\"webdo.tn\",\"@id\":\"https:\\\/\\\/www.webdo.tn\\\/fr\\\/#\\\/schema\\\/person\\\/9a9c6118d687c117df8ef3cc36a4d175\"},\"headline\":\"Suite aux d\u00e9clarations de Slim Amamou: n&rsquo;est pas Rajhi qui veut !\",\"datePublished\":\"2011-05-23T17:03:00+00:00\",\"dateModified\":\"2025-06-04T20:33:14+00:00\",\"mainEntityOfPage\":{\"@id\":\"https:\\\/\\\/www.webdo.tn\\\/fr\\\/actualite\\\/hot\\\/suite-aux-declarations-de-slim-amamou-nest-pas-rajhi-qui-veut\\\/172802\\\/\"},\"wordCount\":411,\"commentCount\":0,\"publisher\":{\"@id\":\"https:\\\/\\\/www.webdo.tn\\\/fr\\\/#organization\"},\"image\":{\"@id\":\"https:\\\/\\\/www.webdo.tn\\\/fr\\\/actualite\\\/hot\\\/suite-aux-declarations-de-slim-amamou-nest-pas-rajhi-qui-veut\\\/172802\\\/#primaryimage\"},\"thumbnailUrl\":\"https:\\\/\\\/www.webdo.tn\\\/fr\\\/wp-content\\\/uploads\\\/2011\\\/05\\\/Slim-Amamou3.jpg\",\"articleSection\":[\"National\"],\"inLanguage\":\"fr-FR\"},{\"@type\":\"WebPage\",\"@id\":\"https:\\\/\\\/www.webdo.tn\\\/fr\\\/actualite\\\/hot\\\/suite-aux-declarations-de-slim-amamou-nest-pas-rajhi-qui-veut\\\/172802\\\/\",\"url\":\"https:\\\/\\\/www.webdo.tn\\\/fr\\\/actualite\\\/hot\\\/suite-aux-declarations-de-slim-amamou-nest-pas-rajhi-qui-veut\\\/172802\\\/\",\"name\":\"Suite aux d\u00e9clarations de Slim Amamou: n'est pas Rajhi qui veut !\",\"isPartOf\":{\"@id\":\"https:\\\/\\\/www.webdo.tn\\\/fr\\\/#website\"},\"primaryImageOfPage\":{\"@id\":\"https:\\\/\\\/www.webdo.tn\\\/fr\\\/actualite\\\/hot\\\/suite-aux-declarations-de-slim-amamou-nest-pas-rajhi-qui-veut\\\/172802\\\/#primaryimage\"},\"image\":{\"@id\":\"https:\\\/\\\/www.webdo.tn\\\/fr\\\/actualite\\\/hot\\\/suite-aux-declarations-de-slim-amamou-nest-pas-rajhi-qui-veut\\\/172802\\\/#primaryimage\"},\"thumbnailUrl\":\"https:\\\/\\\/www.webdo.tn\\\/fr\\\/wp-content\\\/uploads\\\/2011\\\/05\\\/Slim-Amamou3.jpg\",\"datePublished\":\"2011-05-23T17:03:00+00:00\",\"dateModified\":\"2025-06-04T20:33:14+00:00\",\"description\":\"Suite aux d\u00e9clarations de Slim Amamou: n'est pas Rajhi qui veut !\",\"breadcrumb\":{\"@id\":\"https:\\\/\\\/www.webdo.tn\\\/fr\\\/actualite\\\/hot\\\/suite-aux-declarations-de-slim-amamou-nest-pas-rajhi-qui-veut\\\/172802\\\/#breadcrumb\"},\"inLanguage\":\"fr-FR\",\"potentialAction\":[{\"@type\":\"ReadAction\",\"target\":[\"https:\\\/\\\/www.webdo.tn\\\/fr\\\/actualite\\\/hot\\\/suite-aux-declarations-de-slim-amamou-nest-pas-rajhi-qui-veut\\\/172802\\\/\"]}]},{\"@type\":\"ImageObject\",\"inLanguage\":\"fr-FR\",\"@id\":\"https:\\\/\\\/www.webdo.tn\\\/fr\\\/actualite\\\/hot\\\/suite-aux-declarations-de-slim-amamou-nest-pas-rajhi-qui-veut\\\/172802\\\/#primaryimage\",\"url\":\"https:\\\/\\\/www.webdo.tn\\\/fr\\\/wp-content\\\/uploads\\\/2011\\\/05\\\/Slim-Amamou3.jpg\",\"contentUrl\":\"https:\\\/\\\/www.webdo.tn\\\/fr\\\/wp-content\\\/uploads\\\/2011\\\/05\\\/Slim-Amamou3.jpg\",\"width\":250,\"height\":213,\"caption\":\"Suite aux d\u00e9clarations de Slim Amamou: n'est pas Rajhi qui veut !\"},{\"@type\":\"BreadcrumbList\",\"@id\":\"https:\\\/\\\/www.webdo.tn\\\/fr\\\/actualite\\\/hot\\\/suite-aux-declarations-de-slim-amamou-nest-pas-rajhi-qui-veut\\\/172802\\\/#breadcrumb\",\"itemListElement\":[{\"@type\":\"ListItem\",\"position\":1,\"name\":\"Accueil\",\"item\":\"https:\\\/\\\/www.webdo.tn\\\/fr\\\/\"},{\"@type\":\"ListItem\",\"position\":2,\"name\":\"Suite aux d\u00e9clarations de Slim Amamou: n&rsquo;est pas Rajhi qui veut !\"}]},{\"@type\":\"WebSite\",\"@id\":\"https:\\\/\\\/www.webdo.tn\\\/fr\\\/#website\",\"url\":\"https:\\\/\\\/www.webdo.tn\\\/fr\\\/\",\"name\":\"webdo\",\"description\":\"Tunisie - News en Tunisie et \u00e0 l&#039;international sur Webdo.tn\",\"publisher\":{\"@id\":\"https:\\\/\\\/www.webdo.tn\\\/fr\\\/#organization\"},\"potentialAction\":[{\"@type\":\"SearchAction\",\"target\":{\"@type\":\"EntryPoint\",\"urlTemplate\":\"https:\\\/\\\/www.webdo.tn\\\/fr\\\/?s={search_term_string}\"},\"query-input\":{\"@type\":\"PropertyValueSpecification\",\"valueRequired\":true,\"valueName\":\"search_term_string\"}}],\"inLanguage\":\"fr-FR\"},{\"@type\":\"Organization\",\"@id\":\"https:\\\/\\\/www.webdo.tn\\\/fr\\\/#organization\",\"name\":\"Webdo\",\"alternateName\":\"Webdo.tn\",\"url\":\"https:\\\/\\\/www.webdo.tn\\\/fr\\\/\",\"logo\":{\"@type\":\"ImageObject\",\"inLanguage\":\"fr-FR\",\"@id\":\"https:\\\/\\\/www.webdo.tn\\\/fr\\\/#\\\/schema\\\/logo\\\/image\\\/\",\"url\":\"https:\\\/\\\/www.webdo.tn\\\/fr\\\/wp-content\\\/uploads\\\/2025\\\/06\\\/Webdo-Tunisie_168377.jpg\",\"contentUrl\":\"https:\\\/\\\/www.webdo.tn\\\/fr\\\/wp-content\\\/uploads\\\/2025\\\/06\\\/Webdo-Tunisie_168377.jpg\",\"width\":301,\"height\":301,\"caption\":\"Webdo\"},\"image\":{\"@id\":\"https:\\\/\\\/www.webdo.tn\\\/fr\\\/#\\\/schema\\\/logo\\\/image\\\/\"},\"sameAs\":[\"https:\\\/\\\/www.facebook.com\\\/webdotn\",\"https:\\\/\\\/x.com\\\/webdo_tn\"],\"description\":\"Webdo est un m\u00e9dia num\u00e9rique tunisien fond\u00e9 en 2010, sp\u00e9cialis\u00e9 dans l\u2019actualit\u00e9 nationale et internationale, l\u2019\u00e9conomie, la soci\u00e9t\u00e9 et les analyses politiques. Le site s\u2019adresse \u00e0 un large public francophone et couvre l\u2019information tunisienne en temps r\u00e9el.\",\"email\":\"redac@webdo.tn\",\"legalName\":\"YNJ SARL\",\"foundingDate\":\"2010-09-06\",\"numberOfEmployees\":{\"@type\":\"QuantitativeValue\",\"minValue\":\"11\",\"maxValue\":\"50\"}},{\"@type\":\"Person\",\"@id\":\"https:\\\/\\\/www.webdo.tn\\\/fr\\\/#\\\/schema\\\/person\\\/9a9c6118d687c117df8ef3cc36a4d175\",\"name\":\"webdo.tn\",\"image\":{\"@type\":\"ImageObject\",\"inLanguage\":\"fr-FR\",\"@id\":\"https:\\\/\\\/secure.gravatar.com\\\/avatar\\\/7ce1f28c0c3bbac99ff550b85ef8e44a6950c6ee24514fb6a5489e51d06f0298?s=96&d=mm&r=g\",\"url\":\"https:\\\/\\\/secure.gravatar.com\\\/avatar\\\/7ce1f28c0c3bbac99ff550b85ef8e44a6950c6ee24514fb6a5489e51d06f0298?s=96&d=mm&r=g\",\"contentUrl\":\"https:\\\/\\\/secure.gravatar.com\\\/avatar\\\/7ce1f28c0c3bbac99ff550b85ef8e44a6950c6ee24514fb6a5489e51d06f0298?s=96&d=mm&r=g\",\"caption\":\"webdo.tn\"},\"url\":\"https:\\\/\\\/www.webdo.tn\\\/fr\\\/actualite\\\/author\\\/webdotn\\\/\"}]}<\/script>\n<!-- \/ Yoast SEO Premium plugin. -->","yoast_head_json":{"title":"Suite aux d\u00e9clarations de Slim Amamou: n'est pas Rajhi qui veut !","description":"Suite aux d\u00e9clarations de Slim Amamou: n'est pas Rajhi qui veut !","canonical":"https:\/\/www.webdo.tn\/fr\/actualite\/hot\/suite-aux-declarations-de-slim-amamou-nest-pas-rajhi-qui-veut\/172802\/","og_locale":"fr_FR","og_type":"article","og_title":"Suite aux d\u00e9clarations de Slim Amamou: n'est pas Rajhi qui veut !","og_description":"Suite aux d\u00e9clarations de Slim Amamou: n'est pas Rajhi qui veut !","og_url":"https:\/\/www.webdo.tn\/fr\/actualite\/hot\/suite-aux-declarations-de-slim-amamou-nest-pas-rajhi-qui-veut\/172802\/","og_site_name":"webdo","article_publisher":"https:\/\/www.facebook.com\/webdotn","article_published_time":"2011-05-23T17:03:00+00:00","article_modified_time":"2025-06-04T20:33:14+00:00","og_image":[{"width":250,"height":213,"url":"https:\/\/www.webdo.tn\/fr\/wp-content\/uploads\/2011\/05\/Slim-Amamou3.jpg","type":"image\/jpeg"}],"author":"webdo.tn","twitter_card":"summary_large_image","twitter_creator":"@webdo_tn","twitter_site":"@webdo_tn","twitter_misc":{"\u00c9crit par":"webdo.tn","Dur\u00e9e de lecture estim\u00e9e":"2 minutes"},"schema":{"@context":"https:\/\/schema.org","@graph":[{"@type":"NewsArticle","@id":"https:\/\/www.webdo.tn\/fr\/actualite\/hot\/suite-aux-declarations-de-slim-amamou-nest-pas-rajhi-qui-veut\/172802\/#article","isPartOf":{"@id":"https:\/\/www.webdo.tn\/fr\/actualite\/hot\/suite-aux-declarations-de-slim-amamou-nest-pas-rajhi-qui-veut\/172802\/"},"author":{"name":"webdo.tn","@id":"https:\/\/www.webdo.tn\/fr\/#\/schema\/person\/9a9c6118d687c117df8ef3cc36a4d175"},"headline":"Suite aux d\u00e9clarations de Slim Amamou: n&rsquo;est pas Rajhi qui veut !","datePublished":"2011-05-23T17:03:00+00:00","dateModified":"2025-06-04T20:33:14+00:00","mainEntityOfPage":{"@id":"https:\/\/www.webdo.tn\/fr\/actualite\/hot\/suite-aux-declarations-de-slim-amamou-nest-pas-rajhi-qui-veut\/172802\/"},"wordCount":411,"commentCount":0,"publisher":{"@id":"https:\/\/www.webdo.tn\/fr\/#organization"},"image":{"@id":"https:\/\/www.webdo.tn\/fr\/actualite\/hot\/suite-aux-declarations-de-slim-amamou-nest-pas-rajhi-qui-veut\/172802\/#primaryimage"},"thumbnailUrl":"https:\/\/www.webdo.tn\/fr\/wp-content\/uploads\/2011\/05\/Slim-Amamou3.jpg","articleSection":["National"],"inLanguage":"fr-FR"},{"@type":"WebPage","@id":"https:\/\/www.webdo.tn\/fr\/actualite\/hot\/suite-aux-declarations-de-slim-amamou-nest-pas-rajhi-qui-veut\/172802\/","url":"https:\/\/www.webdo.tn\/fr\/actualite\/hot\/suite-aux-declarations-de-slim-amamou-nest-pas-rajhi-qui-veut\/172802\/","name":"Suite aux d\u00e9clarations de Slim Amamou: n'est pas Rajhi qui veut !","isPartOf":{"@id":"https:\/\/www.webdo.tn\/fr\/#website"},"primaryImageOfPage":{"@id":"https:\/\/www.webdo.tn\/fr\/actualite\/hot\/suite-aux-declarations-de-slim-amamou-nest-pas-rajhi-qui-veut\/172802\/#primaryimage"},"image":{"@id":"https:\/\/www.webdo.tn\/fr\/actualite\/hot\/suite-aux-declarations-de-slim-amamou-nest-pas-rajhi-qui-veut\/172802\/#primaryimage"},"thumbnailUrl":"https:\/\/www.webdo.tn\/fr\/wp-content\/uploads\/2011\/05\/Slim-Amamou3.jpg","datePublished":"2011-05-23T17:03:00+00:00","dateModified":"2025-06-04T20:33:14+00:00","description":"Suite aux d\u00e9clarations de Slim Amamou: n'est pas Rajhi qui veut !","breadcrumb":{"@id":"https:\/\/www.webdo.tn\/fr\/actualite\/hot\/suite-aux-declarations-de-slim-amamou-nest-pas-rajhi-qui-veut\/172802\/#breadcrumb"},"inLanguage":"fr-FR","potentialAction":[{"@type":"ReadAction","target":["https:\/\/www.webdo.tn\/fr\/actualite\/hot\/suite-aux-declarations-de-slim-amamou-nest-pas-rajhi-qui-veut\/172802\/"]}]},{"@type":"ImageObject","inLanguage":"fr-FR","@id":"https:\/\/www.webdo.tn\/fr\/actualite\/hot\/suite-aux-declarations-de-slim-amamou-nest-pas-rajhi-qui-veut\/172802\/#primaryimage","url":"https:\/\/www.webdo.tn\/fr\/wp-content\/uploads\/2011\/05\/Slim-Amamou3.jpg","contentUrl":"https:\/\/www.webdo.tn\/fr\/wp-content\/uploads\/2011\/05\/Slim-Amamou3.jpg","width":250,"height":213,"caption":"Suite aux d\u00e9clarations de Slim Amamou: n'est pas Rajhi qui veut !"},{"@type":"BreadcrumbList","@id":"https:\/\/www.webdo.tn\/fr\/actualite\/hot\/suite-aux-declarations-de-slim-amamou-nest-pas-rajhi-qui-veut\/172802\/#breadcrumb","itemListElement":[{"@type":"ListItem","position":1,"name":"Accueil","item":"https:\/\/www.webdo.tn\/fr\/"},{"@type":"ListItem","position":2,"name":"Suite aux d\u00e9clarations de Slim Amamou: n&rsquo;est pas Rajhi qui veut !"}]},{"@type":"WebSite","@id":"https:\/\/www.webdo.tn\/fr\/#website","url":"https:\/\/www.webdo.tn\/fr\/","name":"webdo","description":"Tunisie - News en Tunisie et \u00e0 l&#039;international sur Webdo.tn","publisher":{"@id":"https:\/\/www.webdo.tn\/fr\/#organization"},"potentialAction":[{"@type":"SearchAction","target":{"@type":"EntryPoint","urlTemplate":"https:\/\/www.webdo.tn\/fr\/?s={search_term_string}"},"query-input":{"@type":"PropertyValueSpecification","valueRequired":true,"valueName":"search_term_string"}}],"inLanguage":"fr-FR"},{"@type":"Organization","@id":"https:\/\/www.webdo.tn\/fr\/#organization","name":"Webdo","alternateName":"Webdo.tn","url":"https:\/\/www.webdo.tn\/fr\/","logo":{"@type":"ImageObject","inLanguage":"fr-FR","@id":"https:\/\/www.webdo.tn\/fr\/#\/schema\/logo\/image\/","url":"https:\/\/www.webdo.tn\/fr\/wp-content\/uploads\/2025\/06\/Webdo-Tunisie_168377.jpg","contentUrl":"https:\/\/www.webdo.tn\/fr\/wp-content\/uploads\/2025\/06\/Webdo-Tunisie_168377.jpg","width":301,"height":301,"caption":"Webdo"},"image":{"@id":"https:\/\/www.webdo.tn\/fr\/#\/schema\/logo\/image\/"},"sameAs":["https:\/\/www.facebook.com\/webdotn","https:\/\/x.com\/webdo_tn"],"description":"Webdo est un m\u00e9dia num\u00e9rique tunisien fond\u00e9 en 2010, sp\u00e9cialis\u00e9 dans l\u2019actualit\u00e9 nationale et internationale, l\u2019\u00e9conomie, la soci\u00e9t\u00e9 et les analyses politiques. Le site s\u2019adresse \u00e0 un large public francophone et couvre l\u2019information tunisienne en temps r\u00e9el.","email":"redac@webdo.tn","legalName":"YNJ SARL","foundingDate":"2010-09-06","numberOfEmployees":{"@type":"QuantitativeValue","minValue":"11","maxValue":"50"}},{"@type":"Person","@id":"https:\/\/www.webdo.tn\/fr\/#\/schema\/person\/9a9c6118d687c117df8ef3cc36a4d175","name":"webdo.tn","image":{"@type":"ImageObject","inLanguage":"fr-FR","@id":"https:\/\/secure.gravatar.com\/avatar\/7ce1f28c0c3bbac99ff550b85ef8e44a6950c6ee24514fb6a5489e51d06f0298?s=96&d=mm&r=g","url":"https:\/\/secure.gravatar.com\/avatar\/7ce1f28c0c3bbac99ff550b85ef8e44a6950c6ee24514fb6a5489e51d06f0298?s=96&d=mm&r=g","contentUrl":"https:\/\/secure.gravatar.com\/avatar\/7ce1f28c0c3bbac99ff550b85ef8e44a6950c6ee24514fb6a5489e51d06f0298?s=96&d=mm&r=g","caption":"webdo.tn"},"url":"https:\/\/www.webdo.tn\/fr\/actualite\/author\/webdotn\/"}]}},"_links":{"self":[{"href":"https:\/\/www.webdo.tn\/fr\/wp-json\/wp\/v2\/posts\/172802","targetHints":{"allow":["GET"]}}],"collection":[{"href":"https:\/\/www.webdo.tn\/fr\/wp-json\/wp\/v2\/posts"}],"about":[{"href":"https:\/\/www.webdo.tn\/fr\/wp-json\/wp\/v2\/types\/post"}],"author":[{"embeddable":true,"href":"https:\/\/www.webdo.tn\/fr\/wp-json\/wp\/v2\/users\/3222"}],"replies":[{"embeddable":true,"href":"https:\/\/www.webdo.tn\/fr\/wp-json\/wp\/v2\/comments?post=172802"}],"version-history":[{"count":0,"href":"https:\/\/www.webdo.tn\/fr\/wp-json\/wp\/v2\/posts\/172802\/revisions"}],"wp:featuredmedia":[{"embeddable":true,"href":"https:\/\/www.webdo.tn\/fr\/wp-json\/wp\/v2\/media\/365369"}],"wp:attachment":[{"href":"https:\/\/www.webdo.tn\/fr\/wp-json\/wp\/v2\/media?parent=172802"}],"wp:term":[{"taxonomy":"category","embeddable":true,"href":"https:\/\/www.webdo.tn\/fr\/wp-json\/wp\/v2\/categories?post=172802"},{"taxonomy":"post_tag","embeddable":true,"href":"https:\/\/www.webdo.tn\/fr\/wp-json\/wp\/v2\/tags?post=172802"}],"curies":[{"name":"wp","href":"https:\/\/api.w.org\/{rel}","templated":true}]}}